{"id":99814,"date":"2024-11-06T09:50:55","date_gmt":"2024-11-06T08:50:55","guid":{"rendered":"https:\/\/www.pcb.ub.edu\/?p=99814"},"modified":"2024-11-07T10:22:42","modified_gmt":"2024-11-07T09:22:42","slug":"el-mar-nos-avisa-escuchemoslo","status":"publish","type":"post","link":"https:\/\/www.pcb.ub.edu\/es\/el-mar-nos-avisa-escuchemoslo\/","title":{"rendered":"El mar nos avisa&#8230;\u00a1escuch\u00e9moslo!"},"content":{"rendered":"<p>La Organizaci\u00f3n Meteorol\u00f3gica Mundial (<a href=\"https:\/\/wmo.int\/es\" target=\"_blank\" rel=\"noopener\">OMM<\/a>) estima que el cambio clim\u00e1tico hace que fen\u00f3menos meteorol\u00f3gicos extremos como una gota fr\u00eda o tornados marinos sean m\u00e1s intensos y frecuentes debido al calentamiento del agua del mar y al aumento de la humedad en la atm\u00f3sfera (<a href=\"https:\/\/www.medecc.org\/wp-content\/uploads\/2021\/05\/MedECC_MAR1_SPM_SPA.pdf\" target=\"_blank\" rel=\"noopener\">Cambio clim\u00e1tico ambiental en la cuenca mediterr\u00e1nea. Situaci\u00f3n actual y riesgos para el futuro, MedECC<\/a>).<\/p>\n<p>El Mediterr\u00e1neo es un mar semicerrado y poco profundo que se calienta m\u00e1s r\u00e1pidamente que el global de los oc\u00e9anos (+0,3\u00b0C +0,4\u00b0C por d\u00e9cada vs. aprox. +0,2\u00b0C globalmente).<\/p>\n<p>El calor acumulado inyecta gran cantidad de energ\u00eda que provoca un aumento de la frecuencia de fen\u00f3menos extremos como la gota fr\u00eda y los tornados mar\u00edtimos y tambi\u00e9n se intensifica su poder destructivo. Lluvias torrenciales, temporales de viento, sequ\u00edas largas y extremas, incendios en bosques abandonados y muy secos, r\u00edos desbordados provocando extensas inundaciones son algunos de los fen\u00f3menos que ha sufrido la zona mediterr\u00e1nea de la pen\u00ednsula en los \u00faltimos 5 a\u00f1os.<\/p>\n<p>La costa espa\u00f1ola es especialmente vulnerable a estos fen\u00f3menos debido a su geograf\u00eda, al urbanismo masivo que ha impermeabilizado a las zonas que de forma natural deber\u00edan absorber el agua de lluvia, la p\u00e9rdida de vegetaci\u00f3n natural. La superpoblaci\u00f3n costera, la sobrepesca, el comercio mar\u00edtimo y la contaminaci\u00f3n aceleran el cambio clim\u00e1tico.<\/p>\n<p>El desastre vivido en la costa valenciana la \u00faltima semana debe hacernos reflexionar a todos los niveles. Seguir avanzando y mejorando en sistemas de predicci\u00f3n y alertas y formar en actuaciones frente a emergencias son algunas acciones que se pueden aplicar de inmediato.<\/p>\n<p>Los expertos coinciden en la necesidad de aumentar la resiliencia de las zonas costeras, estudiando las infraestructuras necesarias, creaci\u00f3n de zonas verdes urbanas, identificando zonas m\u00e1s vulnerables y controlar los usos con el objetivo de elaborar planes estrat\u00e9gicos a medio y largo plazo (<a href=\"https:\/\/www.miteco.gob.es\/es\/cambio-climatico\/temas\/impactos-vulnerabilidad-y-adaptacion\/plan-nacional-adaptacion-cambio-climatico.html\" target=\"_blank\" rel=\"noopener\">Plan Nacional de Adaptaci\u00f3n al Cambio Clim\u00e1tico 2021-2030, Ministerio para la transici\u00f3n ecol\u00f3gica y el reto demogr\u00e1fico<\/a>).<\/p>\n<p>La salud del mar repercute directamente en la salud y seguridad de las personas. En los pa\u00edses mediterr\u00e1neos, directa o indirectamente, los cambios ambientales tienen influencia sobre el desarrollo econ\u00f3mico, la disponibilidad de los alimentos, la movilidad, el ocio y el ocio y una larga lista de factores que, en definitiva, marcan la calidad de vida de sus habitantes.<\/p>\n<p><img loading=\"lazy\" decoding=\"async\" class=\"wp-image-98513 size-full alignright\" src=\"https:\/\/www.pcb.ub.edu\/wp-content\/uploads\/2024\/09\/images-2.png\" alt=\"\" width=\"225\" height=\"225\" srcset=\"https:\/\/www.pcb.ub.edu\/wp-content\/uploads\/2024\/09\/images-2.png 225w, https:\/\/www.pcb.ub.edu\/wp-content\/uploads\/2024\/09\/images-2-150x150.png 150w, https:\/\/www.pcb.ub.edu\/wp-content\/uploads\/2024\/09\/images-2-140x140.png 140w, https:\/\/www.pcb.ub.edu\/wp-content\/uploads\/2024\/09\/images-2-100x100.png 100w\" sizes=\"auto, (max-width: 225px) 100vw, 225px\" \/><\/p>\n","protected":false},"excerpt":{"rendered":"<p>La Organizaci\u00f3n Meteorol\u00f3gica Mundial (OMM) estima que el cambio clim\u00e1tico hace que fen\u00f3menos meteorol\u00f3gicos extremos como una gota fr\u00eda o tornados marinos sean m\u00e1s intensos y frecuentes debido al calentamiento&#8230;<\/p>\n","protected":false},"author":11,"featured_media":99809,"comment_status":"closed","ping_status":"closed","sticky":false,"template":"","format":"standard","meta":{"_acf_changed":false,"inline_featured_image":false,"footnotes":""},"categories":[196,210],"tags":[],"class_list":["post-99814","post","type-post","status-publish","format-standard","has-post-thumbnail","category-accion-por-el-clima","category-ods-es"],"acf":[],"yoast_head":"<!-- This site is optimized with the Yoast SEO plugin v27.3 - https:\/\/yoast.com\/product\/yoast-seo-wordpress\/ -->\n<title>El mar nos avisa...\u00a1escuch\u00e9moslo! - Parc Cient\u00edfic de Barcelona<\/title>\n<meta name=\"robots\" content=\"index, follow, max-snippet:-1, max-image-preview:large, max-video-preview:-1\" \/>\n<link rel=\"canonical\" href=\"https:\/\/www.pcb.ub.edu\/es\/el-mar-nos-avisa-escuchemoslo\/\" \/>\n<meta property=\"og:locale\" content=\"es_ES\" \/>\n<meta property=\"og:type\" content=\"article\" \/>\n<meta property=\"og:title\" content=\"El mar nos avisa...\u00a1escuch\u00e9moslo! - Parc Cient\u00edfic de Barcelona\" \/>\n<meta property=\"og:description\" content=\"La Organizaci\u00f3n Meteorol\u00f3gica Mundial (OMM) estima que el cambio clim\u00e1tico hace que fen\u00f3menos meteorol\u00f3gicos extremos como una gota fr\u00eda o tornados marinos sean m\u00e1s intensos y frecuentes debido al calentamiento...\" \/>\n<meta property=\"og:url\" content=\"https:\/\/www.pcb.ub.edu\/es\/el-mar-nos-avisa-escuchemoslo\/\" \/>\n<meta property=\"og:site_name\" content=\"Parc Cient\u00edfic de Barcelona\" \/>\n<meta property=\"article:published_time\" content=\"2024-11-06T08:50:55+00:00\" \/>\n<meta property=\"article:modified_time\" content=\"2024-11-07T09:22:42+00:00\" \/>\n<meta property=\"og:image\" content=\"https:\/\/www.pcb.ub.edu\/wp-content\/uploads\/2024\/11\/Disseny-sense-titol-12.png\" \/>\n\t<meta property=\"og:image:width\" content=\"900\" \/>\n\t<meta property=\"og:image:height\" content=\"330\" \/>\n\t<meta property=\"og:image:type\" content=\"image\/png\" \/>\n<meta name=\"author\" content=\"Iuris\" \/>\n<meta name=\"twitter:card\" content=\"summary_large_image\" \/>\n<meta name=\"twitter:label1\" content=\"Escrito por\" \/>\n\t<meta name=\"twitter:data1\" content=\"Iuris\" \/>\n\t<meta name=\"twitter:label2\" content=\"Tiempo de lectura\" \/>\n\t<meta name=\"twitter:data2\" content=\"3 minutos\" \/>\n<script type=\"application\/ld+json\" class=\"yoast-schema-graph\">{\"@context\":\"https:\\\/\\\/schema.org\",\"@graph\":[{\"@type\":\"Article\",\"@id\":\"https:\\\/\\\/www.pcb.ub.edu\\\/es\\\/el-mar-nos-avisa-escuchemoslo\\\/#article\",\"isPartOf\":{\"@id\":\"https:\\\/\\\/www.pcb.ub.edu\\\/es\\\/el-mar-nos-avisa-escuchemoslo\\\/\"},\"author\":{\"name\":\"Iuris\",\"@id\":\"https:\\\/\\\/www.pcb.ub.edu\\\/es\\\/#\\\/schema\\\/person\\\/2cac99ef7339e3499496b54bb2e12e7d\"},\"headline\":\"El mar nos avisa&#8230;\u00a1escuch\u00e9moslo!\",\"datePublished\":\"2024-11-06T08:50:55+00:00\",\"dateModified\":\"2024-11-07T09:22:42+00:00\",\"mainEntityOfPage\":{\"@id\":\"https:\\\/\\\/www.pcb.ub.edu\\\/es\\\/el-mar-nos-avisa-escuchemoslo\\\/\"},\"wordCount\":427,\"image\":{\"@id\":\"https:\\\/\\\/www.pcb.ub.edu\\\/es\\\/el-mar-nos-avisa-escuchemoslo\\\/#primaryimage\"},\"thumbnailUrl\":\"https:\\\/\\\/www.pcb.ub.edu\\\/wp-content\\\/uploads\\\/2024\\\/11\\\/Disseny-sense-titol-12.png\",\"articleSection\":[\"ACCI\u00d3N POR EL CLIMA\",\"ODS\"],\"inLanguage\":\"es\"},{\"@type\":\"WebPage\",\"@id\":\"https:\\\/\\\/www.pcb.ub.edu\\\/es\\\/el-mar-nos-avisa-escuchemoslo\\\/\",\"url\":\"https:\\\/\\\/www.pcb.ub.edu\\\/es\\\/el-mar-nos-avisa-escuchemoslo\\\/\",\"name\":\"El mar nos avisa...\u00a1escuch\u00e9moslo! - Parc Cient\u00edfic de Barcelona\",\"isPartOf\":{\"@id\":\"https:\\\/\\\/www.pcb.ub.edu\\\/es\\\/#website\"},\"primaryImageOfPage\":{\"@id\":\"https:\\\/\\\/www.pcb.ub.edu\\\/es\\\/el-mar-nos-avisa-escuchemoslo\\\/#primaryimage\"},\"image\":{\"@id\":\"https:\\\/\\\/www.pcb.ub.edu\\\/es\\\/el-mar-nos-avisa-escuchemoslo\\\/#primaryimage\"},\"thumbnailUrl\":\"https:\\\/\\\/www.pcb.ub.edu\\\/wp-content\\\/uploads\\\/2024\\\/11\\\/Disseny-sense-titol-12.png\",\"datePublished\":\"2024-11-06T08:50:55+00:00\",\"dateModified\":\"2024-11-07T09:22:42+00:00\",\"author\":{\"@id\":\"https:\\\/\\\/www.pcb.ub.edu\\\/es\\\/#\\\/schema\\\/person\\\/2cac99ef7339e3499496b54bb2e12e7d\"},\"breadcrumb\":{\"@id\":\"https:\\\/\\\/www.pcb.ub.edu\\\/es\\\/el-mar-nos-avisa-escuchemoslo\\\/#breadcrumb\"},\"inLanguage\":\"es\",\"potentialAction\":[{\"@type\":\"ReadAction\",\"target\":[\"https:\\\/\\\/www.pcb.ub.edu\\\/es\\\/el-mar-nos-avisa-escuchemoslo\\\/\"]}]},{\"@type\":\"ImageObject\",\"inLanguage\":\"es\",\"@id\":\"https:\\\/\\\/www.pcb.ub.edu\\\/es\\\/el-mar-nos-avisa-escuchemoslo\\\/#primaryimage\",\"url\":\"https:\\\/\\\/www.pcb.ub.edu\\\/wp-content\\\/uploads\\\/2024\\\/11\\\/Disseny-sense-titol-12.png\",\"contentUrl\":\"https:\\\/\\\/www.pcb.ub.edu\\\/wp-content\\\/uploads\\\/2024\\\/11\\\/Disseny-sense-titol-12.png\",\"width\":900,\"height\":330},{\"@type\":\"BreadcrumbList\",\"@id\":\"https:\\\/\\\/www.pcb.ub.edu\\\/es\\\/el-mar-nos-avisa-escuchemoslo\\\/#breadcrumb\",\"itemListElement\":[{\"@type\":\"ListItem\",\"position\":1,\"name\":\"Home\",\"item\":\"https:\\\/\\\/www.pcb.ub.edu\\\/es\\\/\"},{\"@type\":\"ListItem\",\"position\":2,\"name\":\"El mar nos avisa&#8230;\u00a1escuch\u00e9moslo!\"}]},{\"@type\":\"WebSite\",\"@id\":\"https:\\\/\\\/www.pcb.ub.edu\\\/es\\\/#website\",\"url\":\"https:\\\/\\\/www.pcb.ub.edu\\\/es\\\/\",\"name\":\"Parc Cient\u00edfic de Barcelona\",\"description\":\"Universitat de Barcelona\",\"potentialAction\":[{\"@type\":\"SearchAction\",\"target\":{\"@type\":\"EntryPoint\",\"urlTemplate\":\"https:\\\/\\\/www.pcb.ub.edu\\\/es\\\/?s={search_term_string}\"},\"query-input\":{\"@type\":\"PropertyValueSpecification\",\"valueRequired\":true,\"valueName\":\"search_term_string\"}}],\"inLanguage\":\"es\"},{\"@type\":\"Person\",\"@id\":\"https:\\\/\\\/www.pcb.ub.edu\\\/es\\\/#\\\/schema\\\/person\\\/2cac99ef7339e3499496b54bb2e12e7d\",\"name\":\"Iuris\",\"image\":{\"@type\":\"ImageObject\",\"inLanguage\":\"es\",\"@id\":\"https:\\\/\\\/secure.gravatar.com\\\/avatar\\\/a9d1bfedf501cbd8ae27b11de9986604bf4cdcea73b507457dfd4ff5dc770b75?s=96&d=mm&r=g\",\"url\":\"https:\\\/\\\/secure.gravatar.com\\\/avatar\\\/a9d1bfedf501cbd8ae27b11de9986604bf4cdcea73b507457dfd4ff5dc770b75?s=96&d=mm&r=g\",\"contentUrl\":\"https:\\\/\\\/secure.gravatar.com\\\/avatar\\\/a9d1bfedf501cbd8ae27b11de9986604bf4cdcea73b507457dfd4ff5dc770b75?s=96&d=mm&r=g\",\"caption\":\"Iuris\"},\"url\":\"https:\\\/\\\/www.pcb.ub.edu\\\/es\\\/author\\\/adminiuris\\\/\"}]}<\/script>\n<!-- \/ Yoast SEO plugin. -->","yoast_head_json":{"title":"El mar nos avisa...\u00a1escuch\u00e9moslo! - Parc Cient\u00edfic de Barcelona","robots":{"index":"index","follow":"follow","max-snippet":"max-snippet:-1","max-image-preview":"max-image-preview:large","max-video-preview":"max-video-preview:-1"},"canonical":"https:\/\/www.pcb.ub.edu\/es\/el-mar-nos-avisa-escuchemoslo\/","og_locale":"es_ES","og_type":"article","og_title":"El mar nos avisa...\u00a1escuch\u00e9moslo! - Parc Cient\u00edfic de Barcelona","og_description":"La Organizaci\u00f3n Meteorol\u00f3gica Mundial (OMM) estima que el cambio clim\u00e1tico hace que fen\u00f3menos meteorol\u00f3gicos extremos como una gota fr\u00eda o tornados marinos sean m\u00e1s intensos y frecuentes debido al calentamiento...","og_url":"https:\/\/www.pcb.ub.edu\/es\/el-mar-nos-avisa-escuchemoslo\/","og_site_name":"Parc Cient\u00edfic de Barcelona","article_published_time":"2024-11-06T08:50:55+00:00","article_modified_time":"2024-11-07T09:22:42+00:00","og_image":[{"width":900,"height":330,"url":"https:\/\/www.pcb.ub.edu\/wp-content\/uploads\/2024\/11\/Disseny-sense-titol-12.png","type":"image\/png"}],"author":"Iuris","twitter_card":"summary_large_image","twitter_misc":{"Escrito por":"Iuris","Tiempo de lectura":"3 minutos"},"schema":{"@context":"https:\/\/schema.org","@graph":[{"@type":"Article","@id":"https:\/\/www.pcb.ub.edu\/es\/el-mar-nos-avisa-escuchemoslo\/#article","isPartOf":{"@id":"https:\/\/www.pcb.ub.edu\/es\/el-mar-nos-avisa-escuchemoslo\/"},"author":{"name":"Iuris","@id":"https:\/\/www.pcb.ub.edu\/es\/#\/schema\/person\/2cac99ef7339e3499496b54bb2e12e7d"},"headline":"El mar nos avisa&#8230;\u00a1escuch\u00e9moslo!","datePublished":"2024-11-06T08:50:55+00:00","dateModified":"2024-11-07T09:22:42+00:00","mainEntityOfPage":{"@id":"https:\/\/www.pcb.ub.edu\/es\/el-mar-nos-avisa-escuchemoslo\/"},"wordCount":427,"image":{"@id":"https:\/\/www.pcb.ub.edu\/es\/el-mar-nos-avisa-escuchemoslo\/#primaryimage"},"thumbnailUrl":"https:\/\/www.pcb.ub.edu\/wp-content\/uploads\/2024\/11\/Disseny-sense-titol-12.png","articleSection":["ACCI\u00d3N POR EL CLIMA","ODS"],"inLanguage":"es"},{"@type":"WebPage","@id":"https:\/\/www.pcb.ub.edu\/es\/el-mar-nos-avisa-escuchemoslo\/","url":"https:\/\/www.pcb.ub.edu\/es\/el-mar-nos-avisa-escuchemoslo\/","name":"El mar nos avisa...\u00a1escuch\u00e9moslo! - Parc Cient\u00edfic de Barcelona","isPartOf":{"@id":"https:\/\/www.pcb.ub.edu\/es\/#website"},"primaryImageOfPage":{"@id":"https:\/\/www.pcb.ub.edu\/es\/el-mar-nos-avisa-escuchemoslo\/#primaryimage"},"image":{"@id":"https:\/\/www.pcb.ub.edu\/es\/el-mar-nos-avisa-escuchemoslo\/#primaryimage"},"thumbnailUrl":"https:\/\/www.pcb.ub.edu\/wp-content\/uploads\/2024\/11\/Disseny-sense-titol-12.png","datePublished":"2024-11-06T08:50:55+00:00","dateModified":"2024-11-07T09:22:42+00:00","author":{"@id":"https:\/\/www.pcb.ub.edu\/es\/#\/schema\/person\/2cac99ef7339e3499496b54bb2e12e7d"},"breadcrumb":{"@id":"https:\/\/www.pcb.ub.edu\/es\/el-mar-nos-avisa-escuchemoslo\/#breadcrumb"},"inLanguage":"es","potentialAction":[{"@type":"ReadAction","target":["https:\/\/www.pcb.ub.edu\/es\/el-mar-nos-avisa-escuchemoslo\/"]}]},{"@type":"ImageObject","inLanguage":"es","@id":"https:\/\/www.pcb.ub.edu\/es\/el-mar-nos-avisa-escuchemoslo\/#primaryimage","url":"https:\/\/www.pcb.ub.edu\/wp-content\/uploads\/2024\/11\/Disseny-sense-titol-12.png","contentUrl":"https:\/\/www.pcb.ub.edu\/wp-content\/uploads\/2024\/11\/Disseny-sense-titol-12.png","width":900,"height":330},{"@type":"BreadcrumbList","@id":"https:\/\/www.pcb.ub.edu\/es\/el-mar-nos-avisa-escuchemoslo\/#breadcrumb","itemListElement":[{"@type":"ListItem","position":1,"name":"Home","item":"https:\/\/www.pcb.ub.edu\/es\/"},{"@type":"ListItem","position":2,"name":"El mar nos avisa&#8230;\u00a1escuch\u00e9moslo!"}]},{"@type":"WebSite","@id":"https:\/\/www.pcb.ub.edu\/es\/#website","url":"https:\/\/www.pcb.ub.edu\/es\/","name":"Parc Cient\u00edfic de Barcelona","description":"Universitat de Barcelona","potentialAction":[{"@type":"SearchAction","target":{"@type":"EntryPoint","urlTemplate":"https:\/\/www.pcb.ub.edu\/es\/?s={search_term_string}"},"query-input":{"@type":"PropertyValueSpecification","valueRequired":true,"valueName":"search_term_string"}}],"inLanguage":"es"},{"@type":"Person","@id":"https:\/\/www.pcb.ub.edu\/es\/#\/schema\/person\/2cac99ef7339e3499496b54bb2e12e7d","name":"Iuris","image":{"@type":"ImageObject","inLanguage":"es","@id":"https:\/\/secure.gravatar.com\/avatar\/a9d1bfedf501cbd8ae27b11de9986604bf4cdcea73b507457dfd4ff5dc770b75?s=96&d=mm&r=g","url":"https:\/\/secure.gravatar.com\/avatar\/a9d1bfedf501cbd8ae27b11de9986604bf4cdcea73b507457dfd4ff5dc770b75?s=96&d=mm&r=g","contentUrl":"https:\/\/secure.gravatar.com\/avatar\/a9d1bfedf501cbd8ae27b11de9986604bf4cdcea73b507457dfd4ff5dc770b75?s=96&d=mm&r=g","caption":"Iuris"},"url":"https:\/\/www.pcb.ub.edu\/es\/author\/adminiuris\/"}]}},"_links":{"self":[{"href":"https:\/\/www.pcb.ub.edu\/es\/wp-json\/wp\/v2\/posts\/99814","targetHints":{"allow":["GET"]}}],"collection":[{"href":"https:\/\/www.pcb.ub.edu\/es\/wp-json\/wp\/v2\/posts"}],"about":[{"href":"https:\/\/www.pcb.ub.edu\/es\/wp-json\/wp\/v2\/types\/post"}],"author":[{"embeddable":true,"href":"https:\/\/www.pcb.ub.edu\/es\/wp-json\/wp\/v2\/users\/11"}],"replies":[{"embeddable":true,"href":"https:\/\/www.pcb.ub.edu\/es\/wp-json\/wp\/v2\/comments?post=99814"}],"version-history":[{"count":1,"href":"https:\/\/www.pcb.ub.edu\/es\/wp-json\/wp\/v2\/posts\/99814\/revisions"}],"predecessor-version":[{"id":99816,"href":"https:\/\/www.pcb.ub.edu\/es\/wp-json\/wp\/v2\/posts\/99814\/revisions\/99816"}],"wp:featuredmedia":[{"embeddable":true,"href":"https:\/\/www.pcb.ub.edu\/es\/wp-json\/wp\/v2\/media\/99809"}],"wp:attachment":[{"href":"https:\/\/www.pcb.ub.edu\/es\/wp-json\/wp\/v2\/media?parent=99814"}],"wp:term":[{"taxonomy":"category","embeddable":true,"href":"https:\/\/www.pcb.ub.edu\/es\/wp-json\/wp\/v2\/categories?post=99814"},{"taxonomy":"post_tag","embeddable":true,"href":"https:\/\/www.pcb.ub.edu\/es\/wp-json\/wp\/v2\/tags?post=99814"}],"curies":[{"name":"wp","href":"https:\/\/api.w.org\/{rel}","templated":true}]}}