{"id":90536,"date":"2023-11-20T10:46:28","date_gmt":"2023-11-20T09:46:28","guid":{"rendered":"https:\/\/www.pcb.ub.edu\/el-irb-barcelona-recibe-2-me-de-la-asociacion-espanola-contra-el-cancer\/"},"modified":"2025-10-13T15:03:31","modified_gmt":"2025-10-13T13:03:31","slug":"el-irb-barcelona-recibe-2-me-de-la-asociacion-espanola-contra-el-cancer","status":"publish","type":"post","link":"https:\/\/www.pcb.ub.edu\/es\/el-irb-barcelona-recibe-2-me-de-la-asociacion-espanola-contra-el-cancer\/","title":{"rendered":"El IRB Barcelona recibe 2 M\u20ac de la Asociaci\u00f3n Espa\u00f1ola Contra el C\u00e1ncer"},"content":{"rendered":"<p><strong>El Instituto de Investigaci\u00f3n Biom\u00e9dica (<a href=\"https:\/\/www.pcb.ub.edu\/es\/empresa\/institut-de-recerca-biomedica-irb-barcelona\/\" target=\"_blank\" rel=\"noopener\">IRB\u00a0Barcelona<\/a>), con sede en el Parque Cient\u00edfico de Barcelona, ha sido seleccionado por la Asociaci\u00f3n Espa\u00f1ola Contra el C\u00e1ncer (<a href=\"https:\/\/www.contraelcancer.es\/ca\" target=\"_blank\" rel=\"noopener\">AECC<\/a>) para poner en marcha un proyecto contra la met\u00e1stasis, en el marco del <a href=\"https:\/\/www.contraelcancer.es\/es\/area-investigador\/programa-centros\" target=\"_blank\" rel=\"noopener\">Programa de Excelencia AECC<\/a>,\u00a0que estar\u00e1 dotado con dos millones de euros y tendr\u00e1 una duraci\u00f3n de cuatro a\u00f1os.<\/strong><\/p>\n<p>Esta colaboraci\u00f3n pionera entre la AECC y el IRB Barcelona se ha presentado hoy en el Parque Cient\u00edfico de Barcelona, en un acto en el que han participado el <strong>Dr. Francesc Posas<\/strong>, director del IRB Barcelona; <strong>Isabel Orbe<\/strong>, directora general de la AECC y de su Fundaci\u00f3n Cient\u00edfica; el <strong>Dr. Laureano Molins<\/strong>, presidente de la Asociaci\u00f3n Contra el C\u00e1ncer Barcelona, y el <strong>Dr. Eduard Batlle<\/strong>, coordinador del Programa de C\u00e1ncer del IRB Barcelona.<\/p>\n<div id=\"attachment_90352\" style=\"width: 610px\" class=\"wp-caption alignnone\"><img loading=\"lazy\" decoding=\"async\" aria-describedby=\"caption-attachment-90352\" class=\"wp-image-90352\" src=\"https:\/\/www.pcb.ub.edu\/wp-content\/uploads\/2023\/11\/IMG_20231120_114220_368.jpg\" alt=\"\" width=\"600\" height=\"400\" srcset=\"https:\/\/www.pcb.ub.edu\/wp-content\/uploads\/2023\/11\/IMG_20231120_114220_368.jpg 1280w, https:\/\/www.pcb.ub.edu\/wp-content\/uploads\/2023\/11\/IMG_20231120_114220_368-300x200.jpg 300w, https:\/\/www.pcb.ub.edu\/wp-content\/uploads\/2023\/11\/IMG_20231120_114220_368-1024x683.jpg 1024w, https:\/\/www.pcb.ub.edu\/wp-content\/uploads\/2023\/11\/IMG_20231120_114220_368-768x512.jpg 768w, https:\/\/www.pcb.ub.edu\/wp-content\/uploads\/2023\/11\/IMG_20231120_114220_368-900x600.jpg 900w\" sizes=\"auto, (max-width: 600px) 100vw, 600px\" \/><p id=\"caption-attachment-90352\" class=\"wp-caption-text\">De izquierda a derecha: Eduard Batlle, Francesc Posas, Isabel Orbe y Laureano Molins. Foto \/ IRB Barcelona.<\/p><\/div>\n<p>La propagaci\u00f3n de c\u00e9lulas cancerosas desde el tumor primario a otros \u00f3rganos, denominada met\u00e1stasis, es responsable de m\u00e1s del 90% de las muertes por c\u00e1ncer. A pesar de los grandes avances en la investigaci\u00f3n en las \u00faltimas d\u00e9cadas, la comprensi\u00f3n de los mecanismos que operan en las etapas tard\u00edas del c\u00e1ncer sigue siendo limitada. Esto ha llevado a un d\u00e9ficit en las terapias efectivas para tratar la met\u00e1stasis.El Programa de Excelencia AECC con el que la Asociaci\u00f3n Espa\u00f1ola Contra el C\u00e1ncer apoya al IRB Barcelona est\u00e1 dotado de 2 millones de euros, y tiene una duraci\u00f3n prevista de 4 a\u00f1os. Su objetivo es es desarrollar herramientas terap\u00e9uticas que permitan diagnosticar y tratar la met\u00e1stasis de manera dirigida, mediante un enfoque multidisciplinario que cuenta con herramientas computacionales avanzadas, muestras de pacientes, organoides y modelos espec\u00edficos de los principales tipos de c\u00e1ncer: c\u00e1ncer colorrectal, c\u00e1ncer de mama, adenocarcinoma ductal pancre\u00e1tico y carcinoma de c\u00e9lulas escamosas de cabeza y cuello.<\/p>\n<p>Diez laboratorios del IRB Barcelona estar\u00e1n involucrados en distintas etapas del proyecto, incluidos los liderados por el\u00a0<strong>Dr. Eduard Batlle<\/strong>, la\u00a0<strong>Dra. N\u00faria L\u00f3pez-Bigas<\/strong>, el\u00a0<strong>Dr. Fran Supek<\/strong>,\u00a0 el\u00a0<strong>Dr. Salvador Aznar Benitah<\/strong>, el\u00a0<strong>Dr. Roger Gomis<\/strong>, la\u00a0<strong>Dra. Direna Alonso-Curbelo<\/strong>, el\u00a0<strong>Dr. Alejo Rodr\u00edguez Fraticelli<\/strong>, el\u00a0<strong>Dr. \u00c1ngel Nebreda<\/strong>, la\u00a0<strong>Dra. Cristina Mayor-Ruiz<\/strong>\u00a0y el\u00a0<strong>Dr. Antoni Riera<\/strong>.<\/p>\n<p>\u00abEs un honor recibir el apoyo de la Asociaci\u00f3n Espa\u00f1ola Contra el C\u00e1ncer para llevar a cabo esta investigaci\u00f3n de vanguardia en el campo de la met\u00e1stasis. Comprender mejor los mecanismos que subyacen a la propagaci\u00f3n del c\u00e1ncer a otros \u00f3rganos es esencial para desarrollar estrategias de tratamiento m\u00e1s efectivas y, en \u00faltima instancia, ayudar a salvar vidas\u00bb, declara el <strong>Dr. Francesc Posas.<\/strong><\/p>\n<p>\u00abNuestra meta es expandir el conocimiento cient\u00edfico en las \u00e1reas clave de la enfermedad residual, la resistencia a la terapia y la evasi\u00f3n inmunol\u00f3gica, y convertir ese conocimiento en innovadoras estrategias terap\u00e9uticas. Estamos comprometidos a avanzar hacia un futuro donde la met\u00e1stasis sea comprendida y combatida con una precisi\u00f3n sin precedentes\u00bb, explica el\u00a0<strong>Dr. Eduard Batlle.<\/strong><\/p>\n<p>\u00abEsta colaboraci\u00f3n entre la Asociaci\u00f3n y el IRB Barcelona evidencia el compromiso conjunto para impulsar la investigaci\u00f3n de excelencia en la lucha contra el c\u00e1ncer. La met\u00e1stasis es un desaf\u00edo, pero estamos decididos a avanzar en su comprensi\u00f3n y tratamiento. Desde la Asociaci\u00f3n nos marcamos un objetivo, continuar aumentando la aportaci\u00f3n en investigaci\u00f3n a\u00f1o tras a\u00f1o, adem\u00e1s de impulsar la excelencia y fomentar un ecosistema de ciencia en Espa\u00f1a para as\u00ed, continuar trabajando para alcanzar el 70% de supervivencia en c\u00e1ncer para el 2030\u00bb, afirma <strong>Isabel Orbe<\/strong>.<\/p>\n<p>La Asociaci\u00f3n Espa\u00f1ola Contra el C\u00e1ncer solo ha concedido tres Proyectos de Excelencia de estas caracter\u00edsticas en todo el Estado.<\/p>\n<p><strong>\u00bb M\u00e1s informaci\u00f3n:<\/strong>\u00a0<a href=\"https:\/\/www.irbbarcelona.org\/es\/news\/institucionales\/ciencia-de-excelencia-contra-la-metastasis-del-cancer\" target=\"_blank\" rel=\"noopener\">web del IRB Barcelona [+]<\/a><\/p>\n","protected":false},"excerpt":{"rendered":"<p>El Instituto de Investigaci\u00f3n Biom\u00e9dica (IRB\u00a0Barcelona), con sede en el Parque Cient\u00edfico de Barcelona, ha sido seleccionado por la Asociaci\u00f3n Espa\u00f1ola Contra el C\u00e1ncer (AECC) para poner en marcha un&#8230;<\/p>\n","protected":false},"author":4,"featured_media":90349,"comment_status":"closed","ping_status":"closed","sticky":false,"template":"","format":"standard","meta":{"_acf_changed":false,"inline_featured_image":false,"footnotes":""},"categories":[345],"tags":[],"class_list":["post-90536","post","type-post","status-publish","format-standard","has-post-thumbnail","category-financiacion"],"acf":[],"yoast_head":"<!-- This site is optimized with the Yoast SEO plugin v27.3 - https:\/\/yoast.com\/product\/yoast-seo-wordpress\/ -->\n<title>El IRB Barcelona recibe 2 M\u20ac de la Asociaci\u00f3n Espa\u00f1ola Contra el C\u00e1ncer - Parc Cient\u00edfic de Barcelona<\/title>\n<meta name=\"robots\" content=\"index, follow, max-snippet:-1, max-image-preview:large, max-video-preview:-1\" \/>\n<link rel=\"canonical\" href=\"https:\/\/www.pcb.ub.edu\/es\/el-irb-barcelona-recibe-2-me-de-la-asociacion-espanola-contra-el-cancer\/\" \/>\n<meta property=\"og:locale\" content=\"es_ES\" \/>\n<meta property=\"og:type\" content=\"article\" \/>\n<meta property=\"og:title\" content=\"El IRB Barcelona recibe 2 M\u20ac de la Asociaci\u00f3n Espa\u00f1ola Contra el C\u00e1ncer - Parc Cient\u00edfic de Barcelona\" \/>\n<meta property=\"og:description\" content=\"El Instituto de Investigaci\u00f3n Biom\u00e9dica (IRB\u00a0Barcelona), con sede en el Parque Cient\u00edfico de Barcelona, ha sido seleccionado por la Asociaci\u00f3n Espa\u00f1ola Contra el C\u00e1ncer (AECC) para poner en marcha un...\" \/>\n<meta property=\"og:url\" content=\"https:\/\/www.pcb.ub.edu\/es\/el-irb-barcelona-recibe-2-me-de-la-asociacion-espanola-contra-el-cancer\/\" \/>\n<meta property=\"og:site_name\" content=\"Parc Cient\u00edfic de Barcelona\" \/>\n<meta property=\"article:published_time\" content=\"2023-11-20T09:46:28+00:00\" \/>\n<meta property=\"article:modified_time\" content=\"2025-10-13T13:03:31+00:00\" \/>\n<meta property=\"og:image\" content=\"https:\/\/www.pcb.ub.edu\/wp-content\/uploads\/2023\/11\/aecc_irbbarcelona.png\" \/>\n\t<meta property=\"og:image:width\" content=\"1182\" \/>\n\t<meta property=\"og:image:height\" content=\"475\" \/>\n\t<meta property=\"og:image:type\" content=\"image\/png\" \/>\n<meta name=\"author\" content=\"Azucena Berea\" \/>\n<meta name=\"twitter:card\" content=\"summary_large_image\" \/>\n<meta name=\"twitter:label1\" content=\"Escrito por\" \/>\n\t<meta name=\"twitter:data1\" content=\"Azucena Berea\" \/>\n\t<meta name=\"twitter:label2\" content=\"Tiempo de lectura\" \/>\n\t<meta name=\"twitter:data2\" content=\"4 minutos\" \/>\n<script type=\"application\/ld+json\" class=\"yoast-schema-graph\">{\"@context\":\"https:\\\/\\\/schema.org\",\"@graph\":[{\"@type\":\"Article\",\"@id\":\"https:\\\/\\\/www.pcb.ub.edu\\\/es\\\/el-irb-barcelona-recibe-2-me-de-la-asociacion-espanola-contra-el-cancer\\\/#article\",\"isPartOf\":{\"@id\":\"https:\\\/\\\/www.pcb.ub.edu\\\/es\\\/el-irb-barcelona-recibe-2-me-de-la-asociacion-espanola-contra-el-cancer\\\/\"},\"author\":{\"name\":\"Azucena Berea\",\"@id\":\"https:\\\/\\\/www.pcb.ub.edu\\\/es\\\/#\\\/schema\\\/person\\\/810a86a39effe6bf90f9ab918ca43239\"},\"headline\":\"El IRB Barcelona recibe 2 M\u20ac de la Asociaci\u00f3n Espa\u00f1ola Contra el C\u00e1ncer\",\"datePublished\":\"2023-11-20T09:46:28+00:00\",\"dateModified\":\"2025-10-13T13:03:31+00:00\",\"mainEntityOfPage\":{\"@id\":\"https:\\\/\\\/www.pcb.ub.edu\\\/es\\\/el-irb-barcelona-recibe-2-me-de-la-asociacion-espanola-contra-el-cancer\\\/\"},\"wordCount\":693,\"image\":{\"@id\":\"https:\\\/\\\/www.pcb.ub.edu\\\/es\\\/el-irb-barcelona-recibe-2-me-de-la-asociacion-espanola-contra-el-cancer\\\/#primaryimage\"},\"thumbnailUrl\":\"https:\\\/\\\/www.pcb.ub.edu\\\/wp-content\\\/uploads\\\/2023\\\/11\\\/aecc_irbbarcelona.png\",\"articleSection\":[\"FINANCIACION\"],\"inLanguage\":\"es\"},{\"@type\":\"WebPage\",\"@id\":\"https:\\\/\\\/www.pcb.ub.edu\\\/es\\\/el-irb-barcelona-recibe-2-me-de-la-asociacion-espanola-contra-el-cancer\\\/\",\"url\":\"https:\\\/\\\/www.pcb.ub.edu\\\/es\\\/el-irb-barcelona-recibe-2-me-de-la-asociacion-espanola-contra-el-cancer\\\/\",\"name\":\"El IRB Barcelona recibe 2 M\u20ac de la Asociaci\u00f3n Espa\u00f1ola Contra el C\u00e1ncer - Parc Cient\u00edfic de Barcelona\",\"isPartOf\":{\"@id\":\"https:\\\/\\\/www.pcb.ub.edu\\\/es\\\/#website\"},\"primaryImageOfPage\":{\"@id\":\"https:\\\/\\\/www.pcb.ub.edu\\\/es\\\/el-irb-barcelona-recibe-2-me-de-la-asociacion-espanola-contra-el-cancer\\\/#primaryimage\"},\"image\":{\"@id\":\"https:\\\/\\\/www.pcb.ub.edu\\\/es\\\/el-irb-barcelona-recibe-2-me-de-la-asociacion-espanola-contra-el-cancer\\\/#primaryimage\"},\"thumbnailUrl\":\"https:\\\/\\\/www.pcb.ub.edu\\\/wp-content\\\/uploads\\\/2023\\\/11\\\/aecc_irbbarcelona.png\",\"datePublished\":\"2023-11-20T09:46:28+00:00\",\"dateModified\":\"2025-10-13T13:03:31+00:00\",\"author\":{\"@id\":\"https:\\\/\\\/www.pcb.ub.edu\\\/es\\\/#\\\/schema\\\/person\\\/810a86a39effe6bf90f9ab918ca43239\"},\"breadcrumb\":{\"@id\":\"https:\\\/\\\/www.pcb.ub.edu\\\/es\\\/el-irb-barcelona-recibe-2-me-de-la-asociacion-espanola-contra-el-cancer\\\/#breadcrumb\"},\"inLanguage\":\"es\",\"potentialAction\":[{\"@type\":\"ReadAction\",\"target\":[\"https:\\\/\\\/www.pcb.ub.edu\\\/es\\\/el-irb-barcelona-recibe-2-me-de-la-asociacion-espanola-contra-el-cancer\\\/\"]}]},{\"@type\":\"ImageObject\",\"inLanguage\":\"es\",\"@id\":\"https:\\\/\\\/www.pcb.ub.edu\\\/es\\\/el-irb-barcelona-recibe-2-me-de-la-asociacion-espanola-contra-el-cancer\\\/#primaryimage\",\"url\":\"https:\\\/\\\/www.pcb.ub.edu\\\/wp-content\\\/uploads\\\/2023\\\/11\\\/aecc_irbbarcelona.png\",\"contentUrl\":\"https:\\\/\\\/www.pcb.ub.edu\\\/wp-content\\\/uploads\\\/2023\\\/11\\\/aecc_irbbarcelona.png\",\"width\":1182,\"height\":475},{\"@type\":\"BreadcrumbList\",\"@id\":\"https:\\\/\\\/www.pcb.ub.edu\\\/es\\\/el-irb-barcelona-recibe-2-me-de-la-asociacion-espanola-contra-el-cancer\\\/#breadcrumb\",\"itemListElement\":[{\"@type\":\"ListItem\",\"position\":1,\"name\":\"Home\",\"item\":\"https:\\\/\\\/www.pcb.ub.edu\\\/es\\\/\"},{\"@type\":\"ListItem\",\"position\":2,\"name\":\"El IRB Barcelona recibe 2 M\u20ac de la Asociaci\u00f3n Espa\u00f1ola Contra el C\u00e1ncer\"}]},{\"@type\":\"WebSite\",\"@id\":\"https:\\\/\\\/www.pcb.ub.edu\\\/es\\\/#website\",\"url\":\"https:\\\/\\\/www.pcb.ub.edu\\\/es\\\/\",\"name\":\"Parc Cient\u00edfic de Barcelona\",\"description\":\"Universitat de Barcelona\",\"potentialAction\":[{\"@type\":\"SearchAction\",\"target\":{\"@type\":\"EntryPoint\",\"urlTemplate\":\"https:\\\/\\\/www.pcb.ub.edu\\\/es\\\/?s={search_term_string}\"},\"query-input\":{\"@type\":\"PropertyValueSpecification\",\"valueRequired\":true,\"valueName\":\"search_term_string\"}}],\"inLanguage\":\"es\"},{\"@type\":\"Person\",\"@id\":\"https:\\\/\\\/www.pcb.ub.edu\\\/es\\\/#\\\/schema\\\/person\\\/810a86a39effe6bf90f9ab918ca43239\",\"name\":\"Azucena Berea\",\"image\":{\"@type\":\"ImageObject\",\"inLanguage\":\"es\",\"@id\":\"https:\\\/\\\/secure.gravatar.com\\\/avatar\\\/32577545a82a87a5c7e06fb02f02362edb2f379afdb4c8b5783d81635141181f?s=96&d=mm&r=g\",\"url\":\"https:\\\/\\\/secure.gravatar.com\\\/avatar\\\/32577545a82a87a5c7e06fb02f02362edb2f379afdb4c8b5783d81635141181f?s=96&d=mm&r=g\",\"contentUrl\":\"https:\\\/\\\/secure.gravatar.com\\\/avatar\\\/32577545a82a87a5c7e06fb02f02362edb2f379afdb4c8b5783d81635141181f?s=96&d=mm&r=g\",\"caption\":\"Azucena Berea\"},\"sameAs\":[\"https:\\\/\\\/www.pcb.ub.edu\"],\"url\":\"https:\\\/\\\/www.pcb.ub.edu\\\/es\\\/author\\\/aberea\\\/\"}]}<\/script>\n<!-- \/ Yoast SEO plugin. -->","yoast_head_json":{"title":"El IRB Barcelona recibe 2 M\u20ac de la Asociaci\u00f3n Espa\u00f1ola Contra el C\u00e1ncer - Parc Cient\u00edfic de Barcelona","robots":{"index":"index","follow":"follow","max-snippet":"max-snippet:-1","max-image-preview":"max-image-preview:large","max-video-preview":"max-video-preview:-1"},"canonical":"https:\/\/www.pcb.ub.edu\/es\/el-irb-barcelona-recibe-2-me-de-la-asociacion-espanola-contra-el-cancer\/","og_locale":"es_ES","og_type":"article","og_title":"El IRB Barcelona recibe 2 M\u20ac de la Asociaci\u00f3n Espa\u00f1ola Contra el C\u00e1ncer - Parc Cient\u00edfic de Barcelona","og_description":"El Instituto de Investigaci\u00f3n Biom\u00e9dica (IRB\u00a0Barcelona), con sede en el Parque Cient\u00edfico de Barcelona, ha sido seleccionado por la Asociaci\u00f3n Espa\u00f1ola Contra el C\u00e1ncer (AECC) para poner en marcha un...","og_url":"https:\/\/www.pcb.ub.edu\/es\/el-irb-barcelona-recibe-2-me-de-la-asociacion-espanola-contra-el-cancer\/","og_site_name":"Parc Cient\u00edfic de Barcelona","article_published_time":"2023-11-20T09:46:28+00:00","article_modified_time":"2025-10-13T13:03:31+00:00","og_image":[{"width":1182,"height":475,"url":"https:\/\/www.pcb.ub.edu\/wp-content\/uploads\/2023\/11\/aecc_irbbarcelona.png","type":"image\/png"}],"author":"Azucena Berea","twitter_card":"summary_large_image","twitter_misc":{"Escrito por":"Azucena Berea","Tiempo de lectura":"4 minutos"},"schema":{"@context":"https:\/\/schema.org","@graph":[{"@type":"Article","@id":"https:\/\/www.pcb.ub.edu\/es\/el-irb-barcelona-recibe-2-me-de-la-asociacion-espanola-contra-el-cancer\/#article","isPartOf":{"@id":"https:\/\/www.pcb.ub.edu\/es\/el-irb-barcelona-recibe-2-me-de-la-asociacion-espanola-contra-el-cancer\/"},"author":{"name":"Azucena Berea","@id":"https:\/\/www.pcb.ub.edu\/es\/#\/schema\/person\/810a86a39effe6bf90f9ab918ca43239"},"headline":"El IRB Barcelona recibe 2 M\u20ac de la Asociaci\u00f3n Espa\u00f1ola Contra el C\u00e1ncer","datePublished":"2023-11-20T09:46:28+00:00","dateModified":"2025-10-13T13:03:31+00:00","mainEntityOfPage":{"@id":"https:\/\/www.pcb.ub.edu\/es\/el-irb-barcelona-recibe-2-me-de-la-asociacion-espanola-contra-el-cancer\/"},"wordCount":693,"image":{"@id":"https:\/\/www.pcb.ub.edu\/es\/el-irb-barcelona-recibe-2-me-de-la-asociacion-espanola-contra-el-cancer\/#primaryimage"},"thumbnailUrl":"https:\/\/www.pcb.ub.edu\/wp-content\/uploads\/2023\/11\/aecc_irbbarcelona.png","articleSection":["FINANCIACION"],"inLanguage":"es"},{"@type":"WebPage","@id":"https:\/\/www.pcb.ub.edu\/es\/el-irb-barcelona-recibe-2-me-de-la-asociacion-espanola-contra-el-cancer\/","url":"https:\/\/www.pcb.ub.edu\/es\/el-irb-barcelona-recibe-2-me-de-la-asociacion-espanola-contra-el-cancer\/","name":"El IRB Barcelona recibe 2 M\u20ac de la Asociaci\u00f3n Espa\u00f1ola Contra el C\u00e1ncer - Parc Cient\u00edfic de Barcelona","isPartOf":{"@id":"https:\/\/www.pcb.ub.edu\/es\/#website"},"primaryImageOfPage":{"@id":"https:\/\/www.pcb.ub.edu\/es\/el-irb-barcelona-recibe-2-me-de-la-asociacion-espanola-contra-el-cancer\/#primaryimage"},"image":{"@id":"https:\/\/www.pcb.ub.edu\/es\/el-irb-barcelona-recibe-2-me-de-la-asociacion-espanola-contra-el-cancer\/#primaryimage"},"thumbnailUrl":"https:\/\/www.pcb.ub.edu\/wp-content\/uploads\/2023\/11\/aecc_irbbarcelona.png","datePublished":"2023-11-20T09:46:28+00:00","dateModified":"2025-10-13T13:03:31+00:00","author":{"@id":"https:\/\/www.pcb.ub.edu\/es\/#\/schema\/person\/810a86a39effe6bf90f9ab918ca43239"},"breadcrumb":{"@id":"https:\/\/www.pcb.ub.edu\/es\/el-irb-barcelona-recibe-2-me-de-la-asociacion-espanola-contra-el-cancer\/#breadcrumb"},"inLanguage":"es","potentialAction":[{"@type":"ReadAction","target":["https:\/\/www.pcb.ub.edu\/es\/el-irb-barcelona-recibe-2-me-de-la-asociacion-espanola-contra-el-cancer\/"]}]},{"@type":"ImageObject","inLanguage":"es","@id":"https:\/\/www.pcb.ub.edu\/es\/el-irb-barcelona-recibe-2-me-de-la-asociacion-espanola-contra-el-cancer\/#primaryimage","url":"https:\/\/www.pcb.ub.edu\/wp-content\/uploads\/2023\/11\/aecc_irbbarcelona.png","contentUrl":"https:\/\/www.pcb.ub.edu\/wp-content\/uploads\/2023\/11\/aecc_irbbarcelona.png","width":1182,"height":475},{"@type":"BreadcrumbList","@id":"https:\/\/www.pcb.ub.edu\/es\/el-irb-barcelona-recibe-2-me-de-la-asociacion-espanola-contra-el-cancer\/#breadcrumb","itemListElement":[{"@type":"ListItem","position":1,"name":"Home","item":"https:\/\/www.pcb.ub.edu\/es\/"},{"@type":"ListItem","position":2,"name":"El IRB Barcelona recibe 2 M\u20ac de la Asociaci\u00f3n Espa\u00f1ola Contra el C\u00e1ncer"}]},{"@type":"WebSite","@id":"https:\/\/www.pcb.ub.edu\/es\/#website","url":"https:\/\/www.pcb.ub.edu\/es\/","name":"Parc Cient\u00edfic de Barcelona","description":"Universitat de Barcelona","potentialAction":[{"@type":"SearchAction","target":{"@type":"EntryPoint","urlTemplate":"https:\/\/www.pcb.ub.edu\/es\/?s={search_term_string}"},"query-input":{"@type":"PropertyValueSpecification","valueRequired":true,"valueName":"search_term_string"}}],"inLanguage":"es"},{"@type":"Person","@id":"https:\/\/www.pcb.ub.edu\/es\/#\/schema\/person\/810a86a39effe6bf90f9ab918ca43239","name":"Azucena Berea","image":{"@type":"ImageObject","inLanguage":"es","@id":"https:\/\/secure.gravatar.com\/avatar\/32577545a82a87a5c7e06fb02f02362edb2f379afdb4c8b5783d81635141181f?s=96&d=mm&r=g","url":"https:\/\/secure.gravatar.com\/avatar\/32577545a82a87a5c7e06fb02f02362edb2f379afdb4c8b5783d81635141181f?s=96&d=mm&r=g","contentUrl":"https:\/\/secure.gravatar.com\/avatar\/32577545a82a87a5c7e06fb02f02362edb2f379afdb4c8b5783d81635141181f?s=96&d=mm&r=g","caption":"Azucena Berea"},"sameAs":["https:\/\/www.pcb.ub.edu"],"url":"https:\/\/www.pcb.ub.edu\/es\/author\/aberea\/"}]}},"_links":{"self":[{"href":"https:\/\/www.pcb.ub.edu\/es\/wp-json\/wp\/v2\/posts\/90536","targetHints":{"allow":["GET"]}}],"collection":[{"href":"https:\/\/www.pcb.ub.edu\/es\/wp-json\/wp\/v2\/posts"}],"about":[{"href":"https:\/\/www.pcb.ub.edu\/es\/wp-json\/wp\/v2\/types\/post"}],"author":[{"embeddable":true,"href":"https:\/\/www.pcb.ub.edu\/es\/wp-json\/wp\/v2\/users\/4"}],"replies":[{"embeddable":true,"href":"https:\/\/www.pcb.ub.edu\/es\/wp-json\/wp\/v2\/comments?post=90536"}],"version-history":[{"count":2,"href":"https:\/\/www.pcb.ub.edu\/es\/wp-json\/wp\/v2\/posts\/90536\/revisions"}],"predecessor-version":[{"id":90885,"href":"https:\/\/www.pcb.ub.edu\/es\/wp-json\/wp\/v2\/posts\/90536\/revisions\/90885"}],"wp:featuredmedia":[{"embeddable":true,"href":"https:\/\/www.pcb.ub.edu\/es\/wp-json\/wp\/v2\/media\/90349"}],"wp:attachment":[{"href":"https:\/\/www.pcb.ub.edu\/es\/wp-json\/wp\/v2\/media?parent=90536"}],"wp:term":[{"taxonomy":"category","embeddable":true,"href":"https:\/\/www.pcb.ub.edu\/es\/wp-json\/wp\/v2\/categories?post=90536"},{"taxonomy":"post_tag","embeddable":true,"href":"https:\/\/www.pcb.ub.edu\/es\/wp-json\/wp\/v2\/tags?post=90536"}],"curies":[{"name":"wp","href":"https:\/\/api.w.org\/{rel}","templated":true}]}}