{"id":89770,"date":"2023-11-07T15:54:23","date_gmt":"2023-11-07T14:54:23","guid":{"rendered":"https:\/\/www.pcb.ub.edu\/samuel-sanchezy-eduard-batlle-galardonados-en-los-premios-constantes-y-vitales-2023\/"},"modified":"2024-02-21T11:37:27","modified_gmt":"2024-02-21T10:37:27","slug":"samuel-sanchezy-eduard-batlle-galardonados-en-los-premios-constantes-y-vitales-2023","status":"publish","type":"post","link":"https:\/\/www.pcb.ub.edu\/es\/samuel-sanchezy-eduard-batlle-galardonados-en-los-premios-constantes-y-vitales-2023\/","title":{"rendered":"Samuel S\u00e1nchez y Eduard Batlle, galardonados en los Premios Constantes y Vitales 2023"},"content":{"rendered":"<p><strong>Dos investigadores ICREA de la comunidad del Parque Cient\u00edfico de Barcelona, Samuel S\u00e1nchez del <a href=\"https:\/\/www.pcb.ub.edu\/es\/empresa\/institut-de-bioenginyeria-de-catalunya-ibec\/\" target=\"_blank\" rel=\"noopener\">IBEC<\/a> y Eduard Batlle del <a href=\"https:\/\/www.pcb.ub.edu\/es\/empresa\/institut-de-recerca-biomedica-irb-barcelona\/\" target=\"_blank\" rel=\"noopener\">IRB Barcelona<\/a>, recibieron el \u00a0<a href=\"https:\/\/www.lasexta.com\/constantes-vitales\/premios\/2023\/lasexta-reconoce-labor-investigadora-cientificos-espanoles-premios-constantes-vitales_2023110365438209b276150001917c3f.html\" target=\"_blank\" rel=\"noopener\">Premio Constantes y Vitales 2023<\/a> en las categor\u00edas \u201cJoven talento en investigaci\u00f3n biom\u00e9dica\u201d y \u00abMejor publicaci\u00f3n cient\u00edfica del a\u00f1o\u00bb, respectivamente. Con estos galardones, laSexta y Fundaci\u00f3n AXA quieren poner en valor y apoyar la labor investigadora de la comunidad cient\u00edfica espa\u00f1ola en el \u00e1mbito de la salud. Las personas e iniciativas distinguidas en esta 9\u00aa edici\u00f3n se dieron a conocer el pasado viernes 3 de noviembre en el Palacio Neptuno de Madrid en una ceremonia presidida por la ministra de Ciencia e innovaci\u00f3n, Diana Morant.<\/strong><\/p>\n<p><strong>Samuel S\u00e1nchez<\/strong>, l\u00edder del grupo de Nanobiodispositivos inteligentes\u00a0del IBEC y miembro de la Academia Joven de Espa\u00f1a. S\u00e1nchez obtuvo el Premio Constantes y Vitales en la categor\u00eda de Joven talento en investigaci\u00f3n biom\u00e9dica, que cuenta con una dotaci\u00f3n de 100.000 euros para garantizar la continuidad de las investigaciones que la persona galardonada est\u00e9 liderando en estos momentos.<\/p>\n<p>\u201cGracias al Premio Constantes y Vitales por darnos esta visibilidad y permitirnos llegar a la gente. La gente que est\u00e1 viendo la televisi\u00f3n hoy, que cree que la ciencia es importante y ve c\u00f3mo vosotros la apoy\u00e1is\u00bb, destac\u00f3 <strong>S\u00e1nchez<\/strong> tras recoger el premio de manos de <strong>Silvio Gonz\u00e1lez<\/strong>, vicepresidente ejecutivo de Atresmedia. Adem\u00e1s, hizo hincapi\u00e9 en la importancia de invertir en ciencia y apoyar a las y los j\u00f3venes investigadores en Espa\u00f1a.<\/p>\n<div style=\"width: 845px\" class=\"wp-caption alignnone\"><img loading=\"lazy\" decoding=\"async\" src=\"https:\/\/www.pcb.ub.edu\/wp-content\/uploads\/2023\/11\/Silvio_Gonzalez-izda.-Samuel_Sanchezwebjpg.png\" alt=\"\" width=\"835\" height=\"673\" \/><p class=\"wp-caption-text\">Samuel S\u00e1nchez (derecha) recogi\u00f3 el Premio Constantes y Vitales de la mano de Silvio Gonz\u00e1lez, vicepresidente ejecutivo de Atresmedia \/ Cr\u00e9dito: Atresmedia.<\/p><\/div>\n<p>La investigaci\u00f3n del <strong>Dr. S\u00e1nchez<\/strong> se centra en el dise\u00f1o de nanorrobots autopropulsados que navegan dentro del cuerpo humano transportando en su interior la dosificaci\u00f3n precisa de f\u00e1rmacos y, por ejemplo, llev\u00e1ndola hasta el coraz\u00f3n de un tumor para combatir el c\u00e1ncer. Los nanorobots (nanopart\u00edculas autopropulsadas) se basan en una tecnolog\u00eda disruptiva muy novedosa, siendo el grupo de <strong>Samuel S\u00e1nchez<\/strong> un referente a nivel mundial en aplicaciones en biomedicina. En particular, en oncolog\u00eda sus investigaciones son de alt\u00edsimo valor y los resultados hasta la fecha son muy prometedores. El \u00e9xito de los resultados <em>in vivo<\/em> consolida la tecnolog\u00eda de los nanobots como una nueva modalidad de transporte de f\u00e1rmacos con un gran potencial en nanomedicina, reduciendo los efectos secundarios y los costes de hospitalizaci\u00f3n. <strong>M\u00e1s informaci\u00f3n: <a href=\"https:\/\/ibecbarcelona.eu\/es\/samuel-sanchez-recibe-el-premio-constantes-y-vitales\" target=\"_blank\" rel=\"noopener\">web del IBEC [+]<\/a><\/strong><\/p>\n<p>El\u00a0<strong>Dr. Batlle <\/strong>-jefe del programa de C\u00e1ncer del IRB Barcelona y jefe de grupo tambi\u00e9n en el CIBER de C\u00e1ncer (CIBERONC)-\u00a0 y su equipo han sido premiados por su art\u00edculo titulado \u00ab<em>Metastatic recurrence in colorectal cancer arises from residual EMP1+ cells <\/em>(DOI:\u00a0<a href=\"https:\/\/doi.org\/10.1038\/s41586-022-05402-9\" target=\"_blank\" rel=\"noopener\">https:\/\/doi.org\/10.1038\/s41586-022-05402-9<\/a>) publicado en Nature en 2022. Este estudio identifica las c\u00e9lulas responsables de la reca\u00edda en el c\u00e1ncer de colon, un avance significativo en la lucha contra esta enfermedad.<\/p>\n<div style=\"width: 1108px\" class=\"wp-caption alignnone\"><img loading=\"lazy\" decoding=\"async\" src=\"https:\/\/www.pcb.ub.edu\/wp-content\/uploads\/2023\/11\/ConstantesYVitales_Batlle_IRBBarcelona_web.png\" alt=\"\" width=\"1098\" height=\"1102\" \/><p class=\"wp-caption-text\">El Dr. Batlle recibi\u00f3 el galard\u00f3n de manos de Mar\u00eda Sanz, directora de Ciencia, Estrategia y Responsabilidad Social Corporativa de la Fundaci\u00f3n General CSIC \/ Cr\u00e9dito: Atresmedia.<\/p><\/div>\n<p>El Dr. Batlle recibi\u00f3 el galard\u00f3n de manos de la\u00a0<strong>Dra. Mar\u00eda Sanz Vicente<\/strong>, directora de Ciencia, Estrategia y Responsabilidad Social Corporativa de la Fundaci\u00f3n General del CSIC. En su discurso de aceptaci\u00f3n, el<strong> Dr. Batlle<\/strong>\u00a0destac\u00f3 el excepcional equipo con el que tiene el placer de trabajar en su laboratorio, haciendo especial hincapi\u00e9 en la contribuci\u00f3n esencial de los dos primeros autores de este trabajo, el\u00a0<strong>Dr. Adri\u00e0 Ca\u00f1ellas-Socias<\/strong>\u00a0y la\u00a0<strong>Dra. Carme Cortina<\/strong>. Adem\u00e1s, subray\u00f3 que el \u00e9xito en la ciencia se sustenta en tres pilares: \u201cen primer lugar, el talento, que afortunadamente abunda en Espa\u00f1a; en segundo lugar, los recursos, que lamentablemente son insuficientes, coloc\u00e1ndonos en la cola de Europa en inversi\u00f3n; y por \u00faltimo, en un marco legislativo y administrativo que facilite la labor investigadora, un \u00e1rea en la que hay margen de mejora\u00bb, concluy\u00f3.<\/p>\n<p>La investigaci\u00f3n liderada por el equipo del\u00a0<strong>Dr. Batlle\u00a0<\/strong>ha permitido identificar las c\u00e9lulas tumorales residuales ocultas en el h\u00edgado y pulm\u00f3n, y ha caracterizado c\u00f3mo evolucionan hasta dar lugar a la aparici\u00f3n de met\u00e1stasis en estos \u00f3rganos. Uno de los aspectos m\u00e1s destacados de este estudio es la evidencia de que la inmunoterapia temprana, realizada antes de la cirug\u00eda, puede eliminar estas c\u00e9lulas antes de que inicien el desarrollo de una met\u00e1stasis, lo que podr\u00eda prevenir las reca\u00eddas en el c\u00e1ncer de colon. <strong>M\u00e1s informaci\u00f3n: <a href=\"https:\/\/www.irbbarcelona.org\/es\/news\/institucionales\/el-dr-eduard-batlle-recibe-el-premio-constantes-y-vitales-la-mejor-publicacion\" target=\"_blank\" rel=\"noopener\">web del IRB Barcelona [+]<\/a><\/strong><\/p>\n<p>&nbsp;<\/p>\n","protected":false},"excerpt":{"rendered":"<p>Dos investigadores ICREA de la comunidad del Parque Cient\u00edfico de Barcelona, Samuel S\u00e1nchez del IBEC y Eduard Batlle del IRB Barcelona, recibieron el \u00a0Premio Constantes y Vitales 2023 en las&#8230;<\/p>\n","protected":false},"author":4,"featured_media":89716,"comment_status":"closed","ping_status":"closed","sticky":false,"template":"","format":"standard","meta":{"_acf_changed":false,"inline_featured_image":false,"footnotes":""},"categories":[24],"tags":[],"class_list":["post-89770","post","type-post","status-publish","format-standard","has-post-thumbnail","category-ciencia"],"acf":[],"yoast_head":"<!-- This site is optimized with the Yoast SEO plugin v27.3 - https:\/\/yoast.com\/product\/yoast-seo-wordpress\/ -->\n<title>Samuel S\u00e1nchez y Eduard Batlle, galardonados en los Premios Constantes y Vitales 2023 - Parc Cient\u00edfic de Barcelona<\/title>\n<meta name=\"robots\" content=\"index, follow, max-snippet:-1, max-image-preview:large, max-video-preview:-1\" \/>\n<link rel=\"canonical\" href=\"https:\/\/www.pcb.ub.edu\/es\/samuel-sanchezy-eduard-batlle-galardonados-en-los-premios-constantes-y-vitales-2023\/\" \/>\n<meta property=\"og:locale\" content=\"es_ES\" \/>\n<meta property=\"og:type\" content=\"article\" \/>\n<meta property=\"og:title\" content=\"Samuel S\u00e1nchez y Eduard Batlle, galardonados en los Premios Constantes y Vitales 2023 - Parc Cient\u00edfic de Barcelona\" \/>\n<meta property=\"og:description\" content=\"Dos investigadores ICREA de la comunidad del Parque Cient\u00edfico de Barcelona, Samuel S\u00e1nchez del IBEC y Eduard Batlle del IRB Barcelona, recibieron el \u00a0Premio Constantes y Vitales 2023 en las...\" \/>\n<meta property=\"og:url\" content=\"https:\/\/www.pcb.ub.edu\/es\/samuel-sanchezy-eduard-batlle-galardonados-en-los-premios-constantes-y-vitales-2023\/\" \/>\n<meta property=\"og:site_name\" content=\"Parc Cient\u00edfic de Barcelona\" \/>\n<meta property=\"article:published_time\" content=\"2023-11-07T14:54:23+00:00\" \/>\n<meta property=\"article:modified_time\" content=\"2024-02-21T10:37:27+00:00\" \/>\n<meta property=\"og:image\" content=\"https:\/\/www.pcb.ub.edu\/wp-content\/uploads\/2023\/11\/lasexta-reconoce-labor-investigadora-cientificos-espanoles-premios-constantes-vitales_58.jpg\" \/>\n\t<meta property=\"og:image:width\" content=\"1238\" \/>\n\t<meta property=\"og:image:height\" content=\"454\" \/>\n\t<meta property=\"og:image:type\" content=\"image\/jpeg\" \/>\n<meta name=\"author\" content=\"Azucena Berea\" \/>\n<meta name=\"twitter:card\" content=\"summary_large_image\" \/>\n<meta name=\"twitter:label1\" content=\"Escrito por\" \/>\n\t<meta name=\"twitter:data1\" content=\"Azucena Berea\" \/>\n\t<meta name=\"twitter:label2\" content=\"Tiempo de lectura\" \/>\n\t<meta name=\"twitter:data2\" content=\"4 minutos\" \/>\n<script type=\"application\/ld+json\" class=\"yoast-schema-graph\">{\"@context\":\"https:\\\/\\\/schema.org\",\"@graph\":[{\"@type\":\"Article\",\"@id\":\"https:\\\/\\\/www.pcb.ub.edu\\\/es\\\/samuel-sanchezy-eduard-batlle-galardonados-en-los-premios-constantes-y-vitales-2023\\\/#article\",\"isPartOf\":{\"@id\":\"https:\\\/\\\/www.pcb.ub.edu\\\/es\\\/samuel-sanchezy-eduard-batlle-galardonados-en-los-premios-constantes-y-vitales-2023\\\/\"},\"author\":{\"name\":\"Azucena Berea\",\"@id\":\"https:\\\/\\\/www.pcb.ub.edu\\\/es\\\/#\\\/schema\\\/person\\\/810a86a39effe6bf90f9ab918ca43239\"},\"headline\":\"Samuel S\u00e1nchez y Eduard Batlle, galardonados en los Premios Constantes y Vitales 2023\",\"datePublished\":\"2023-11-07T14:54:23+00:00\",\"dateModified\":\"2024-02-21T10:37:27+00:00\",\"mainEntityOfPage\":{\"@id\":\"https:\\\/\\\/www.pcb.ub.edu\\\/es\\\/samuel-sanchezy-eduard-batlle-galardonados-en-los-premios-constantes-y-vitales-2023\\\/\"},\"wordCount\":830,\"image\":{\"@id\":\"https:\\\/\\\/www.pcb.ub.edu\\\/es\\\/samuel-sanchezy-eduard-batlle-galardonados-en-los-premios-constantes-y-vitales-2023\\\/#primaryimage\"},\"thumbnailUrl\":\"https:\\\/\\\/www.pcb.ub.edu\\\/wp-content\\\/uploads\\\/2023\\\/11\\\/lasexta-reconoce-labor-investigadora-cientificos-espanoles-premios-constantes-vitales_58.jpg\",\"articleSection\":[\"CIENCIA\"],\"inLanguage\":\"es\"},{\"@type\":\"WebPage\",\"@id\":\"https:\\\/\\\/www.pcb.ub.edu\\\/es\\\/samuel-sanchezy-eduard-batlle-galardonados-en-los-premios-constantes-y-vitales-2023\\\/\",\"url\":\"https:\\\/\\\/www.pcb.ub.edu\\\/es\\\/samuel-sanchezy-eduard-batlle-galardonados-en-los-premios-constantes-y-vitales-2023\\\/\",\"name\":\"Samuel S\u00e1nchez y Eduard Batlle, galardonados en los Premios Constantes y Vitales 2023 - Parc Cient\u00edfic de Barcelona\",\"isPartOf\":{\"@id\":\"https:\\\/\\\/www.pcb.ub.edu\\\/es\\\/#website\"},\"primaryImageOfPage\":{\"@id\":\"https:\\\/\\\/www.pcb.ub.edu\\\/es\\\/samuel-sanchezy-eduard-batlle-galardonados-en-los-premios-constantes-y-vitales-2023\\\/#primaryimage\"},\"image\":{\"@id\":\"https:\\\/\\\/www.pcb.ub.edu\\\/es\\\/samuel-sanchezy-eduard-batlle-galardonados-en-los-premios-constantes-y-vitales-2023\\\/#primaryimage\"},\"thumbnailUrl\":\"https:\\\/\\\/www.pcb.ub.edu\\\/wp-content\\\/uploads\\\/2023\\\/11\\\/lasexta-reconoce-labor-investigadora-cientificos-espanoles-premios-constantes-vitales_58.jpg\",\"datePublished\":\"2023-11-07T14:54:23+00:00\",\"dateModified\":\"2024-02-21T10:37:27+00:00\",\"author\":{\"@id\":\"https:\\\/\\\/www.pcb.ub.edu\\\/es\\\/#\\\/schema\\\/person\\\/810a86a39effe6bf90f9ab918ca43239\"},\"breadcrumb\":{\"@id\":\"https:\\\/\\\/www.pcb.ub.edu\\\/es\\\/samuel-sanchezy-eduard-batlle-galardonados-en-los-premios-constantes-y-vitales-2023\\\/#breadcrumb\"},\"inLanguage\":\"es\",\"potentialAction\":[{\"@type\":\"ReadAction\",\"target\":[\"https:\\\/\\\/www.pcb.ub.edu\\\/es\\\/samuel-sanchezy-eduard-batlle-galardonados-en-los-premios-constantes-y-vitales-2023\\\/\"]}]},{\"@type\":\"ImageObject\",\"inLanguage\":\"es\",\"@id\":\"https:\\\/\\\/www.pcb.ub.edu\\\/es\\\/samuel-sanchezy-eduard-batlle-galardonados-en-los-premios-constantes-y-vitales-2023\\\/#primaryimage\",\"url\":\"https:\\\/\\\/www.pcb.ub.edu\\\/wp-content\\\/uploads\\\/2023\\\/11\\\/lasexta-reconoce-labor-investigadora-cientificos-espanoles-premios-constantes-vitales_58.jpg\",\"contentUrl\":\"https:\\\/\\\/www.pcb.ub.edu\\\/wp-content\\\/uploads\\\/2023\\\/11\\\/lasexta-reconoce-labor-investigadora-cientificos-espanoles-premios-constantes-vitales_58.jpg\",\"width\":1238,\"height\":454},{\"@type\":\"BreadcrumbList\",\"@id\":\"https:\\\/\\\/www.pcb.ub.edu\\\/es\\\/samuel-sanchezy-eduard-batlle-galardonados-en-los-premios-constantes-y-vitales-2023\\\/#breadcrumb\",\"itemListElement\":[{\"@type\":\"ListItem\",\"position\":1,\"name\":\"Home\",\"item\":\"https:\\\/\\\/www.pcb.ub.edu\\\/es\\\/\"},{\"@type\":\"ListItem\",\"position\":2,\"name\":\"Samuel S\u00e1nchez y Eduard Batlle, galardonados en los Premios Constantes y Vitales 2023\"}]},{\"@type\":\"WebSite\",\"@id\":\"https:\\\/\\\/www.pcb.ub.edu\\\/es\\\/#website\",\"url\":\"https:\\\/\\\/www.pcb.ub.edu\\\/es\\\/\",\"name\":\"Parc Cient\u00edfic de Barcelona\",\"description\":\"Universitat de Barcelona\",\"potentialAction\":[{\"@type\":\"SearchAction\",\"target\":{\"@type\":\"EntryPoint\",\"urlTemplate\":\"https:\\\/\\\/www.pcb.ub.edu\\\/es\\\/?s={search_term_string}\"},\"query-input\":{\"@type\":\"PropertyValueSpecification\",\"valueRequired\":true,\"valueName\":\"search_term_string\"}}],\"inLanguage\":\"es\"},{\"@type\":\"Person\",\"@id\":\"https:\\\/\\\/www.pcb.ub.edu\\\/es\\\/#\\\/schema\\\/person\\\/810a86a39effe6bf90f9ab918ca43239\",\"name\":\"Azucena Berea\",\"image\":{\"@type\":\"ImageObject\",\"inLanguage\":\"es\",\"@id\":\"https:\\\/\\\/secure.gravatar.com\\\/avatar\\\/32577545a82a87a5c7e06fb02f02362edb2f379afdb4c8b5783d81635141181f?s=96&d=mm&r=g\",\"url\":\"https:\\\/\\\/secure.gravatar.com\\\/avatar\\\/32577545a82a87a5c7e06fb02f02362edb2f379afdb4c8b5783d81635141181f?s=96&d=mm&r=g\",\"contentUrl\":\"https:\\\/\\\/secure.gravatar.com\\\/avatar\\\/32577545a82a87a5c7e06fb02f02362edb2f379afdb4c8b5783d81635141181f?s=96&d=mm&r=g\",\"caption\":\"Azucena Berea\"},\"sameAs\":[\"https:\\\/\\\/www.pcb.ub.edu\"],\"url\":\"https:\\\/\\\/www.pcb.ub.edu\\\/es\\\/author\\\/aberea\\\/\"}]}<\/script>\n<!-- \/ Yoast SEO plugin. -->","yoast_head_json":{"title":"Samuel S\u00e1nchez y Eduard Batlle, galardonados en los Premios Constantes y Vitales 2023 - Parc Cient\u00edfic de Barcelona","robots":{"index":"index","follow":"follow","max-snippet":"max-snippet:-1","max-image-preview":"max-image-preview:large","max-video-preview":"max-video-preview:-1"},"canonical":"https:\/\/www.pcb.ub.edu\/es\/samuel-sanchezy-eduard-batlle-galardonados-en-los-premios-constantes-y-vitales-2023\/","og_locale":"es_ES","og_type":"article","og_title":"Samuel S\u00e1nchez y Eduard Batlle, galardonados en los Premios Constantes y Vitales 2023 - Parc Cient\u00edfic de Barcelona","og_description":"Dos investigadores ICREA de la comunidad del Parque Cient\u00edfico de Barcelona, Samuel S\u00e1nchez del IBEC y Eduard Batlle del IRB Barcelona, recibieron el \u00a0Premio Constantes y Vitales 2023 en las...","og_url":"https:\/\/www.pcb.ub.edu\/es\/samuel-sanchezy-eduard-batlle-galardonados-en-los-premios-constantes-y-vitales-2023\/","og_site_name":"Parc Cient\u00edfic de Barcelona","article_published_time":"2023-11-07T14:54:23+00:00","article_modified_time":"2024-02-21T10:37:27+00:00","og_image":[{"width":1238,"height":454,"url":"https:\/\/www.pcb.ub.edu\/wp-content\/uploads\/2023\/11\/lasexta-reconoce-labor-investigadora-cientificos-espanoles-premios-constantes-vitales_58.jpg","type":"image\/jpeg"}],"author":"Azucena Berea","twitter_card":"summary_large_image","twitter_misc":{"Escrito por":"Azucena Berea","Tiempo de lectura":"4 minutos"},"schema":{"@context":"https:\/\/schema.org","@graph":[{"@type":"Article","@id":"https:\/\/www.pcb.ub.edu\/es\/samuel-sanchezy-eduard-batlle-galardonados-en-los-premios-constantes-y-vitales-2023\/#article","isPartOf":{"@id":"https:\/\/www.pcb.ub.edu\/es\/samuel-sanchezy-eduard-batlle-galardonados-en-los-premios-constantes-y-vitales-2023\/"},"author":{"name":"Azucena Berea","@id":"https:\/\/www.pcb.ub.edu\/es\/#\/schema\/person\/810a86a39effe6bf90f9ab918ca43239"},"headline":"Samuel S\u00e1nchez y Eduard Batlle, galardonados en los Premios Constantes y Vitales 2023","datePublished":"2023-11-07T14:54:23+00:00","dateModified":"2024-02-21T10:37:27+00:00","mainEntityOfPage":{"@id":"https:\/\/www.pcb.ub.edu\/es\/samuel-sanchezy-eduard-batlle-galardonados-en-los-premios-constantes-y-vitales-2023\/"},"wordCount":830,"image":{"@id":"https:\/\/www.pcb.ub.edu\/es\/samuel-sanchezy-eduard-batlle-galardonados-en-los-premios-constantes-y-vitales-2023\/#primaryimage"},"thumbnailUrl":"https:\/\/www.pcb.ub.edu\/wp-content\/uploads\/2023\/11\/lasexta-reconoce-labor-investigadora-cientificos-espanoles-premios-constantes-vitales_58.jpg","articleSection":["CIENCIA"],"inLanguage":"es"},{"@type":"WebPage","@id":"https:\/\/www.pcb.ub.edu\/es\/samuel-sanchezy-eduard-batlle-galardonados-en-los-premios-constantes-y-vitales-2023\/","url":"https:\/\/www.pcb.ub.edu\/es\/samuel-sanchezy-eduard-batlle-galardonados-en-los-premios-constantes-y-vitales-2023\/","name":"Samuel S\u00e1nchez y Eduard Batlle, galardonados en los Premios Constantes y Vitales 2023 - Parc Cient\u00edfic de Barcelona","isPartOf":{"@id":"https:\/\/www.pcb.ub.edu\/es\/#website"},"primaryImageOfPage":{"@id":"https:\/\/www.pcb.ub.edu\/es\/samuel-sanchezy-eduard-batlle-galardonados-en-los-premios-constantes-y-vitales-2023\/#primaryimage"},"image":{"@id":"https:\/\/www.pcb.ub.edu\/es\/samuel-sanchezy-eduard-batlle-galardonados-en-los-premios-constantes-y-vitales-2023\/#primaryimage"},"thumbnailUrl":"https:\/\/www.pcb.ub.edu\/wp-content\/uploads\/2023\/11\/lasexta-reconoce-labor-investigadora-cientificos-espanoles-premios-constantes-vitales_58.jpg","datePublished":"2023-11-07T14:54:23+00:00","dateModified":"2024-02-21T10:37:27+00:00","author":{"@id":"https:\/\/www.pcb.ub.edu\/es\/#\/schema\/person\/810a86a39effe6bf90f9ab918ca43239"},"breadcrumb":{"@id":"https:\/\/www.pcb.ub.edu\/es\/samuel-sanchezy-eduard-batlle-galardonados-en-los-premios-constantes-y-vitales-2023\/#breadcrumb"},"inLanguage":"es","potentialAction":[{"@type":"ReadAction","target":["https:\/\/www.pcb.ub.edu\/es\/samuel-sanchezy-eduard-batlle-galardonados-en-los-premios-constantes-y-vitales-2023\/"]}]},{"@type":"ImageObject","inLanguage":"es","@id":"https:\/\/www.pcb.ub.edu\/es\/samuel-sanchezy-eduard-batlle-galardonados-en-los-premios-constantes-y-vitales-2023\/#primaryimage","url":"https:\/\/www.pcb.ub.edu\/wp-content\/uploads\/2023\/11\/lasexta-reconoce-labor-investigadora-cientificos-espanoles-premios-constantes-vitales_58.jpg","contentUrl":"https:\/\/www.pcb.ub.edu\/wp-content\/uploads\/2023\/11\/lasexta-reconoce-labor-investigadora-cientificos-espanoles-premios-constantes-vitales_58.jpg","width":1238,"height":454},{"@type":"BreadcrumbList","@id":"https:\/\/www.pcb.ub.edu\/es\/samuel-sanchezy-eduard-batlle-galardonados-en-los-premios-constantes-y-vitales-2023\/#breadcrumb","itemListElement":[{"@type":"ListItem","position":1,"name":"Home","item":"https:\/\/www.pcb.ub.edu\/es\/"},{"@type":"ListItem","position":2,"name":"Samuel S\u00e1nchez y Eduard Batlle, galardonados en los Premios Constantes y Vitales 2023"}]},{"@type":"WebSite","@id":"https:\/\/www.pcb.ub.edu\/es\/#website","url":"https:\/\/www.pcb.ub.edu\/es\/","name":"Parc Cient\u00edfic de Barcelona","description":"Universitat de Barcelona","potentialAction":[{"@type":"SearchAction","target":{"@type":"EntryPoint","urlTemplate":"https:\/\/www.pcb.ub.edu\/es\/?s={search_term_string}"},"query-input":{"@type":"PropertyValueSpecification","valueRequired":true,"valueName":"search_term_string"}}],"inLanguage":"es"},{"@type":"Person","@id":"https:\/\/www.pcb.ub.edu\/es\/#\/schema\/person\/810a86a39effe6bf90f9ab918ca43239","name":"Azucena Berea","image":{"@type":"ImageObject","inLanguage":"es","@id":"https:\/\/secure.gravatar.com\/avatar\/32577545a82a87a5c7e06fb02f02362edb2f379afdb4c8b5783d81635141181f?s=96&d=mm&r=g","url":"https:\/\/secure.gravatar.com\/avatar\/32577545a82a87a5c7e06fb02f02362edb2f379afdb4c8b5783d81635141181f?s=96&d=mm&r=g","contentUrl":"https:\/\/secure.gravatar.com\/avatar\/32577545a82a87a5c7e06fb02f02362edb2f379afdb4c8b5783d81635141181f?s=96&d=mm&r=g","caption":"Azucena Berea"},"sameAs":["https:\/\/www.pcb.ub.edu"],"url":"https:\/\/www.pcb.ub.edu\/es\/author\/aberea\/"}]}},"_links":{"self":[{"href":"https:\/\/www.pcb.ub.edu\/es\/wp-json\/wp\/v2\/posts\/89770","targetHints":{"allow":["GET"]}}],"collection":[{"href":"https:\/\/www.pcb.ub.edu\/es\/wp-json\/wp\/v2\/posts"}],"about":[{"href":"https:\/\/www.pcb.ub.edu\/es\/wp-json\/wp\/v2\/types\/post"}],"author":[{"embeddable":true,"href":"https:\/\/www.pcb.ub.edu\/es\/wp-json\/wp\/v2\/users\/4"}],"replies":[{"embeddable":true,"href":"https:\/\/www.pcb.ub.edu\/es\/wp-json\/wp\/v2\/comments?post=89770"}],"version-history":[{"count":4,"href":"https:\/\/www.pcb.ub.edu\/es\/wp-json\/wp\/v2\/posts\/89770\/revisions"}],"predecessor-version":[{"id":89785,"href":"https:\/\/www.pcb.ub.edu\/es\/wp-json\/wp\/v2\/posts\/89770\/revisions\/89785"}],"wp:featuredmedia":[{"embeddable":true,"href":"https:\/\/www.pcb.ub.edu\/es\/wp-json\/wp\/v2\/media\/89716"}],"wp:attachment":[{"href":"https:\/\/www.pcb.ub.edu\/es\/wp-json\/wp\/v2\/media?parent=89770"}],"wp:term":[{"taxonomy":"category","embeddable":true,"href":"https:\/\/www.pcb.ub.edu\/es\/wp-json\/wp\/v2\/categories?post=89770"},{"taxonomy":"post_tag","embeddable":true,"href":"https:\/\/www.pcb.ub.edu\/es\/wp-json\/wp\/v2\/tags?post=89770"}],"curies":[{"name":"wp","href":"https:\/\/api.w.org\/{rel}","templated":true}]}}