{"id":87391,"date":"2023-07-18T10:05:56","date_gmt":"2023-07-18T08:05:56","guid":{"rendered":"https:\/\/www.pcb.ub.edu\/la-union-astronomica-internacional-bautiza-un-asteroide-con-el-nombre-del-investigador-jordi-portell\/"},"modified":"2023-07-28T11:05:48","modified_gmt":"2023-07-28T09:05:48","slug":"la-union-astronomica-internacional-bautiza-un-asteroide-con-el-nombre-del-investigador-jordi-portell","status":"publish","type":"post","link":"https:\/\/www.pcb.ub.edu\/es\/la-union-astronomica-internacional-bautiza-un-asteroide-con-el-nombre-del-investigador-jordi-portell\/","title":{"rendered":"La Uni\u00f3n Astron\u00f3mica Internacional bautiza un asteroide con el nombre del investigador Jordi Portell"},"content":{"rendered":"<p><strong>La Uni\u00f3n Astron\u00f3mica Internacional (<a href=\"https:\/\/www.iau.org\/\" target=\"_blank\" rel=\"noopener\">IAU<\/a>, por sus siglas en ingl\u00e9s) ha bautizado el asteroide 2001 QH220 con el nombre del investigador Jordi Portell, director adjunto de la <a href=\"https:\/\/www.pcb.ub.edu\/es\/empresa\/institut-de-ciencies-del-cosmos-universitat-de-barcelona-unitat-tecnologica\/\" target=\"_blank\" rel=\"noopener\">Unidad Tecnol\u00f3gica<\/a> del Instituto de Ciencias del Cosmos de la Universidad de Barcelona (<a href=\"https:\/\/icc.ub.edu\/\" target=\"_blank\" rel=\"noopener\">ICCUB<\/a>), ubicada en el Parque Cient\u00edfico de Barcelona, y miembro del Instituto de Estudios Espaciales de Catalu\u00f1a (<a href=\"https:\/\/www.ieec.cat\/es\/\" target=\"_blank\" rel=\"noopener\">IEEC<\/a>). Esta iniciativa es un reconocimiento a su destacada tarea en el procesamiento de datos de asteroides en la misi\u00f3n <a href=\"https:\/\/www.esa.int\/Science_Exploration\/Space_Science\/Gaia\" target=\"_blank\" rel=\"noopener\">Gaia<\/a>\u00a0de la Agencia Espacial Europea (<a href=\"https:\/\/www.esa.int\/Space_in_Member_States\/Spain\/La_Agencia_Espacial_Europea\" target=\"_blank\" rel=\"noopener\">ESA<\/a>), donde coordina varios aspectos de las operaciones diarias, incluida la detecci\u00f3n de asteroides.<\/strong><\/p>\n<p>El asteroide 001 QH220 fue descubierto en agosto de 2001 en el cintur\u00f3n de asteroides situado entre Marte y J\u00fapiter por el <a href=\"https:\/\/asteroid.lowell.edu\/asteroid\/loneos\/loneos.html\" target=\"_blank\" rel=\"noopener\">Lowell Observatory Near-Earth-Object Search<\/a>\u00a0(LONEOS). El organismo responsable de dar nombre a los cometas, asteroides y planetas menores es el\u00a0<a href=\"https:\/\/www.wgsbn-iau.org\/\" target=\"_blank\" rel=\"noopener\">Grupo de Trabajo de Nomenclatura de Cuerpos Peque\u00f1os<\/a>\u00a0(WGSBN, por sus siglas en ingl\u00e9s) de la UAI, que publica los nuevos nombres en boletines peri\u00f3dicos. El asteroide Portell se incluy\u00f3 en el\u00a0<a href=\"https:\/\/www.wgsbn-iau.org\/files\/Bulletins\/V003\/WGSBNBull_V003_009.pdf\" target=\"_blank\" rel=\"noopener\">Bolet\u00edn n\u00ba 9<\/a>, publicado el 21 de junio.<\/p>\n<p>\u00abEsta noticia me ha sorprendido mucho. Me siento realmente honrado y agradecido de que un cuerpo del Sistema Solar lleve mi nombre\u00bb, afirma <strong>Jordi Portell<\/strong>. \u00abAprecio especialmente que tal reconocimiento est\u00e9 relacionado con mi trabajo en el sistema de procesamiento diario de datos de Gaia, donde nos enfrentamos a bastantes retos, pero tambi\u00e9n nos divertimos, especialmente con el equipo de Objetos del Sistema Solar en Niza. Este sistema, que procesa millones de mediciones de Gaia cada d\u00eda, incluyendo asteroides conocidos y a\u00fan desconocidos, solo es posible gracias al duro trabajo de nuestro equipo. Gaia es realmente un proyecto asombroso\u00bb.<\/p>\n<div id=\"attachment_87337\" style=\"width: 610px\" class=\"wp-caption alignnone\"><img loading=\"lazy\" decoding=\"async\" aria-describedby=\"caption-attachment-87337\" class=\"wp-image-87337 size-full\" src=\"https:\/\/www.pcb.ub.edu\/wp-content\/uploads\/2023\/07\/Gaia_s_first_asteroid_discoveries-1-1.png\" alt=\"\" width=\"600\" height=\"400\" srcset=\"https:\/\/www.pcb.ub.edu\/wp-content\/uploads\/2023\/07\/Gaia_s_first_asteroid_discoveries-1-1.png 600w, https:\/\/www.pcb.ub.edu\/wp-content\/uploads\/2023\/07\/Gaia_s_first_asteroid_discoveries-1-1-300x200.png 300w\" sizes=\"auto, (max-width: 600px) 100vw, 600px\" \/><p id=\"caption-attachment-87337\" class=\"wp-caption-text\">Cr\u00e9ditos: ESA\/Nesga\/DPAC. La imagen muestra las \u00f3rbitas de m\u00e1s de 14.000 asteroides conocidos (con el Sol en el centro de la imagen) a partir de datos de Gaia.<\/p><\/div>\n<p><strong>Jordi Portell<\/strong> es ingeniero electr\u00f3nico y doctor en F\u00edsica Aplicada y Simulaci\u00f3n Cient\u00edfica por la Universidad Polit\u00e9cnica de Catalu\u00f1a (UPC). Trabaja en la misi\u00f3n Gaia, coordinando actividades de procesamiento de datos. Es especialista en algoritmos de compresi\u00f3n y se encargaba de aspectos de sus operaciones, incluida la detecci\u00f3n de asteroides en el plan focal.<\/p>\n<p>Actualmente, es director adjunto de la Unidad Tecnol\u00f3gica para la divisi\u00f3n de software y datos masivos, ingeniero de operaciones e interfaces de la Oficina de Proyectos de la misi\u00f3n Gaia, y apoya varios proyectos, como las misiones PLATO o NewSpace. Ha publicado m\u00e1s de cincuenta art\u00edculos en revistas cient\u00edficas, es co-inventor de una patente y ha dirigido tres tesis doctorales.<\/p>\n<p>Portell es tambi\u00e9n el director tecnol\u00f3gico de DAPCOM Data Services, empresa derivada de la UB y la UPC, que comercializa su propia tecnolog\u00eda de compresi\u00f3n de datos.<\/p>\n<p><strong>\u00bb M\u00e1s informaci\u00f3n: <a href=\"https:\/\/icc.ub.edu\/news\/international-astronomical-union-names-asteroid-2001-qh220-after-researcher-jordi-portell\" target=\"_blank\" rel=\"noopener\">web del ICCUB [+]<\/a><\/strong><\/p>\n","protected":false},"excerpt":{"rendered":"<p>La Uni\u00f3n Astron\u00f3mica Internacional (IAU, por sus siglas en ingl\u00e9s) ha bautizado el asteroide 2001 QH220 con el nombre del investigador Jordi Portell, director adjunto de la Unidad Tecnol\u00f3gica del&#8230;<\/p>\n","protected":false},"author":4,"featured_media":87322,"comment_status":"closed","ping_status":"closed","sticky":false,"template":"","format":"standard","meta":{"_acf_changed":false,"inline_featured_image":false,"footnotes":""},"categories":[24],"tags":[],"class_list":["post-87391","post","type-post","status-publish","format-standard","has-post-thumbnail","category-ciencia"],"acf":[],"yoast_head":"<!-- This site is optimized with the Yoast SEO plugin v27.3 - https:\/\/yoast.com\/product\/yoast-seo-wordpress\/ -->\n<title>La Uni\u00f3n Astron\u00f3mica Internacional bautiza un asteroide con el nombre del investigador Jordi Portell - Parc Cient\u00edfic de Barcelona<\/title>\n<meta name=\"robots\" content=\"index, follow, max-snippet:-1, max-image-preview:large, max-video-preview:-1\" \/>\n<link rel=\"canonical\" href=\"https:\/\/www.pcb.ub.edu\/es\/la-union-astronomica-internacional-bautiza-un-asteroide-con-el-nombre-del-investigador-jordi-portell\/\" \/>\n<meta property=\"og:locale\" content=\"es_ES\" \/>\n<meta property=\"og:type\" content=\"article\" \/>\n<meta property=\"og:title\" content=\"La Uni\u00f3n Astron\u00f3mica Internacional bautiza un asteroide con el nombre del investigador Jordi Portell - Parc Cient\u00edfic de Barcelona\" \/>\n<meta property=\"og:description\" content=\"La Uni\u00f3n Astron\u00f3mica Internacional (IAU, por sus siglas en ingl\u00e9s) ha bautizado el asteroide 2001 QH220 con el nombre del investigador Jordi Portell, director adjunto de la Unidad Tecnol\u00f3gica del...\" \/>\n<meta property=\"og:url\" content=\"https:\/\/www.pcb.ub.edu\/es\/la-union-astronomica-internacional-bautiza-un-asteroide-con-el-nombre-del-investigador-jordi-portell\/\" \/>\n<meta property=\"og:site_name\" content=\"Parc Cient\u00edfic de Barcelona\" \/>\n<meta property=\"article:published_time\" content=\"2023-07-18T08:05:56+00:00\" \/>\n<meta property=\"article:modified_time\" content=\"2023-07-28T09:05:48+00:00\" \/>\n<meta property=\"og:image\" content=\"https:\/\/www.pcb.ub.edu\/wp-content\/uploads\/2023\/07\/jordiportell.jpg\" \/>\n\t<meta property=\"og:image:width\" content=\"900\" \/>\n\t<meta property=\"og:image:height\" content=\"330\" \/>\n\t<meta property=\"og:image:type\" content=\"image\/jpeg\" \/>\n<meta name=\"author\" content=\"Azucena Berea\" \/>\n<meta name=\"twitter:card\" content=\"summary_large_image\" \/>\n<meta name=\"twitter:label1\" content=\"Escrito por\" \/>\n\t<meta name=\"twitter:data1\" content=\"Azucena Berea\" \/>\n\t<meta name=\"twitter:label2\" content=\"Tiempo de lectura\" \/>\n\t<meta name=\"twitter:data2\" content=\"3 minutos\" \/>\n<script type=\"application\/ld+json\" class=\"yoast-schema-graph\">{\"@context\":\"https:\\\/\\\/schema.org\",\"@graph\":[{\"@type\":\"Article\",\"@id\":\"https:\\\/\\\/www.pcb.ub.edu\\\/es\\\/la-union-astronomica-internacional-bautiza-un-asteroide-con-el-nombre-del-investigador-jordi-portell\\\/#article\",\"isPartOf\":{\"@id\":\"https:\\\/\\\/www.pcb.ub.edu\\\/es\\\/la-union-astronomica-internacional-bautiza-un-asteroide-con-el-nombre-del-investigador-jordi-portell\\\/\"},\"author\":{\"name\":\"Azucena Berea\",\"@id\":\"https:\\\/\\\/www.pcb.ub.edu\\\/es\\\/#\\\/schema\\\/person\\\/810a86a39effe6bf90f9ab918ca43239\"},\"headline\":\"La Uni\u00f3n Astron\u00f3mica Internacional bautiza un asteroide con el nombre del investigador Jordi Portell\",\"datePublished\":\"2023-07-18T08:05:56+00:00\",\"dateModified\":\"2023-07-28T09:05:48+00:00\",\"mainEntityOfPage\":{\"@id\":\"https:\\\/\\\/www.pcb.ub.edu\\\/es\\\/la-union-astronomica-internacional-bautiza-un-asteroide-con-el-nombre-del-investigador-jordi-portell\\\/\"},\"wordCount\":511,\"image\":{\"@id\":\"https:\\\/\\\/www.pcb.ub.edu\\\/es\\\/la-union-astronomica-internacional-bautiza-un-asteroide-con-el-nombre-del-investigador-jordi-portell\\\/#primaryimage\"},\"thumbnailUrl\":\"https:\\\/\\\/www.pcb.ub.edu\\\/wp-content\\\/uploads\\\/2023\\\/07\\\/jordiportell.jpg\",\"articleSection\":[\"CIENCIA\"],\"inLanguage\":\"es\"},{\"@type\":\"WebPage\",\"@id\":\"https:\\\/\\\/www.pcb.ub.edu\\\/es\\\/la-union-astronomica-internacional-bautiza-un-asteroide-con-el-nombre-del-investigador-jordi-portell\\\/\",\"url\":\"https:\\\/\\\/www.pcb.ub.edu\\\/es\\\/la-union-astronomica-internacional-bautiza-un-asteroide-con-el-nombre-del-investigador-jordi-portell\\\/\",\"name\":\"La Uni\u00f3n Astron\u00f3mica Internacional bautiza un asteroide con el nombre del investigador Jordi Portell - Parc Cient\u00edfic de Barcelona\",\"isPartOf\":{\"@id\":\"https:\\\/\\\/www.pcb.ub.edu\\\/es\\\/#website\"},\"primaryImageOfPage\":{\"@id\":\"https:\\\/\\\/www.pcb.ub.edu\\\/es\\\/la-union-astronomica-internacional-bautiza-un-asteroide-con-el-nombre-del-investigador-jordi-portell\\\/#primaryimage\"},\"image\":{\"@id\":\"https:\\\/\\\/www.pcb.ub.edu\\\/es\\\/la-union-astronomica-internacional-bautiza-un-asteroide-con-el-nombre-del-investigador-jordi-portell\\\/#primaryimage\"},\"thumbnailUrl\":\"https:\\\/\\\/www.pcb.ub.edu\\\/wp-content\\\/uploads\\\/2023\\\/07\\\/jordiportell.jpg\",\"datePublished\":\"2023-07-18T08:05:56+00:00\",\"dateModified\":\"2023-07-28T09:05:48+00:00\",\"author\":{\"@id\":\"https:\\\/\\\/www.pcb.ub.edu\\\/es\\\/#\\\/schema\\\/person\\\/810a86a39effe6bf90f9ab918ca43239\"},\"breadcrumb\":{\"@id\":\"https:\\\/\\\/www.pcb.ub.edu\\\/es\\\/la-union-astronomica-internacional-bautiza-un-asteroide-con-el-nombre-del-investigador-jordi-portell\\\/#breadcrumb\"},\"inLanguage\":\"es\",\"potentialAction\":[{\"@type\":\"ReadAction\",\"target\":[\"https:\\\/\\\/www.pcb.ub.edu\\\/es\\\/la-union-astronomica-internacional-bautiza-un-asteroide-con-el-nombre-del-investigador-jordi-portell\\\/\"]}]},{\"@type\":\"ImageObject\",\"inLanguage\":\"es\",\"@id\":\"https:\\\/\\\/www.pcb.ub.edu\\\/es\\\/la-union-astronomica-internacional-bautiza-un-asteroide-con-el-nombre-del-investigador-jordi-portell\\\/#primaryimage\",\"url\":\"https:\\\/\\\/www.pcb.ub.edu\\\/wp-content\\\/uploads\\\/2023\\\/07\\\/jordiportell.jpg\",\"contentUrl\":\"https:\\\/\\\/www.pcb.ub.edu\\\/wp-content\\\/uploads\\\/2023\\\/07\\\/jordiportell.jpg\",\"width\":900,\"height\":330},{\"@type\":\"BreadcrumbList\",\"@id\":\"https:\\\/\\\/www.pcb.ub.edu\\\/es\\\/la-union-astronomica-internacional-bautiza-un-asteroide-con-el-nombre-del-investigador-jordi-portell\\\/#breadcrumb\",\"itemListElement\":[{\"@type\":\"ListItem\",\"position\":1,\"name\":\"Home\",\"item\":\"https:\\\/\\\/www.pcb.ub.edu\\\/es\\\/\"},{\"@type\":\"ListItem\",\"position\":2,\"name\":\"La Uni\u00f3n Astron\u00f3mica Internacional bautiza un asteroide con el nombre del investigador Jordi Portell\"}]},{\"@type\":\"WebSite\",\"@id\":\"https:\\\/\\\/www.pcb.ub.edu\\\/es\\\/#website\",\"url\":\"https:\\\/\\\/www.pcb.ub.edu\\\/es\\\/\",\"name\":\"Parc Cient\u00edfic de Barcelona\",\"description\":\"Universitat de Barcelona\",\"potentialAction\":[{\"@type\":\"SearchAction\",\"target\":{\"@type\":\"EntryPoint\",\"urlTemplate\":\"https:\\\/\\\/www.pcb.ub.edu\\\/es\\\/?s={search_term_string}\"},\"query-input\":{\"@type\":\"PropertyValueSpecification\",\"valueRequired\":true,\"valueName\":\"search_term_string\"}}],\"inLanguage\":\"es\"},{\"@type\":\"Person\",\"@id\":\"https:\\\/\\\/www.pcb.ub.edu\\\/es\\\/#\\\/schema\\\/person\\\/810a86a39effe6bf90f9ab918ca43239\",\"name\":\"Azucena Berea\",\"image\":{\"@type\":\"ImageObject\",\"inLanguage\":\"es\",\"@id\":\"https:\\\/\\\/secure.gravatar.com\\\/avatar\\\/32577545a82a87a5c7e06fb02f02362edb2f379afdb4c8b5783d81635141181f?s=96&d=mm&r=g\",\"url\":\"https:\\\/\\\/secure.gravatar.com\\\/avatar\\\/32577545a82a87a5c7e06fb02f02362edb2f379afdb4c8b5783d81635141181f?s=96&d=mm&r=g\",\"contentUrl\":\"https:\\\/\\\/secure.gravatar.com\\\/avatar\\\/32577545a82a87a5c7e06fb02f02362edb2f379afdb4c8b5783d81635141181f?s=96&d=mm&r=g\",\"caption\":\"Azucena Berea\"},\"sameAs\":[\"https:\\\/\\\/www.pcb.ub.edu\"],\"url\":\"https:\\\/\\\/www.pcb.ub.edu\\\/es\\\/author\\\/aberea\\\/\"}]}<\/script>\n<!-- \/ Yoast SEO plugin. -->","yoast_head_json":{"title":"La Uni\u00f3n Astron\u00f3mica Internacional bautiza un asteroide con el nombre del investigador Jordi Portell - Parc Cient\u00edfic de Barcelona","robots":{"index":"index","follow":"follow","max-snippet":"max-snippet:-1","max-image-preview":"max-image-preview:large","max-video-preview":"max-video-preview:-1"},"canonical":"https:\/\/www.pcb.ub.edu\/es\/la-union-astronomica-internacional-bautiza-un-asteroide-con-el-nombre-del-investigador-jordi-portell\/","og_locale":"es_ES","og_type":"article","og_title":"La Uni\u00f3n Astron\u00f3mica Internacional bautiza un asteroide con el nombre del investigador Jordi Portell - Parc Cient\u00edfic de Barcelona","og_description":"La Uni\u00f3n Astron\u00f3mica Internacional (IAU, por sus siglas en ingl\u00e9s) ha bautizado el asteroide 2001 QH220 con el nombre del investigador Jordi Portell, director adjunto de la Unidad Tecnol\u00f3gica del...","og_url":"https:\/\/www.pcb.ub.edu\/es\/la-union-astronomica-internacional-bautiza-un-asteroide-con-el-nombre-del-investigador-jordi-portell\/","og_site_name":"Parc Cient\u00edfic de Barcelona","article_published_time":"2023-07-18T08:05:56+00:00","article_modified_time":"2023-07-28T09:05:48+00:00","og_image":[{"width":900,"height":330,"url":"https:\/\/www.pcb.ub.edu\/wp-content\/uploads\/2023\/07\/jordiportell.jpg","type":"image\/jpeg"}],"author":"Azucena Berea","twitter_card":"summary_large_image","twitter_misc":{"Escrito por":"Azucena Berea","Tiempo de lectura":"3 minutos"},"schema":{"@context":"https:\/\/schema.org","@graph":[{"@type":"Article","@id":"https:\/\/www.pcb.ub.edu\/es\/la-union-astronomica-internacional-bautiza-un-asteroide-con-el-nombre-del-investigador-jordi-portell\/#article","isPartOf":{"@id":"https:\/\/www.pcb.ub.edu\/es\/la-union-astronomica-internacional-bautiza-un-asteroide-con-el-nombre-del-investigador-jordi-portell\/"},"author":{"name":"Azucena Berea","@id":"https:\/\/www.pcb.ub.edu\/es\/#\/schema\/person\/810a86a39effe6bf90f9ab918ca43239"},"headline":"La Uni\u00f3n Astron\u00f3mica Internacional bautiza un asteroide con el nombre del investigador Jordi Portell","datePublished":"2023-07-18T08:05:56+00:00","dateModified":"2023-07-28T09:05:48+00:00","mainEntityOfPage":{"@id":"https:\/\/www.pcb.ub.edu\/es\/la-union-astronomica-internacional-bautiza-un-asteroide-con-el-nombre-del-investigador-jordi-portell\/"},"wordCount":511,"image":{"@id":"https:\/\/www.pcb.ub.edu\/es\/la-union-astronomica-internacional-bautiza-un-asteroide-con-el-nombre-del-investigador-jordi-portell\/#primaryimage"},"thumbnailUrl":"https:\/\/www.pcb.ub.edu\/wp-content\/uploads\/2023\/07\/jordiportell.jpg","articleSection":["CIENCIA"],"inLanguage":"es"},{"@type":"WebPage","@id":"https:\/\/www.pcb.ub.edu\/es\/la-union-astronomica-internacional-bautiza-un-asteroide-con-el-nombre-del-investigador-jordi-portell\/","url":"https:\/\/www.pcb.ub.edu\/es\/la-union-astronomica-internacional-bautiza-un-asteroide-con-el-nombre-del-investigador-jordi-portell\/","name":"La Uni\u00f3n Astron\u00f3mica Internacional bautiza un asteroide con el nombre del investigador Jordi Portell - Parc Cient\u00edfic de Barcelona","isPartOf":{"@id":"https:\/\/www.pcb.ub.edu\/es\/#website"},"primaryImageOfPage":{"@id":"https:\/\/www.pcb.ub.edu\/es\/la-union-astronomica-internacional-bautiza-un-asteroide-con-el-nombre-del-investigador-jordi-portell\/#primaryimage"},"image":{"@id":"https:\/\/www.pcb.ub.edu\/es\/la-union-astronomica-internacional-bautiza-un-asteroide-con-el-nombre-del-investigador-jordi-portell\/#primaryimage"},"thumbnailUrl":"https:\/\/www.pcb.ub.edu\/wp-content\/uploads\/2023\/07\/jordiportell.jpg","datePublished":"2023-07-18T08:05:56+00:00","dateModified":"2023-07-28T09:05:48+00:00","author":{"@id":"https:\/\/www.pcb.ub.edu\/es\/#\/schema\/person\/810a86a39effe6bf90f9ab918ca43239"},"breadcrumb":{"@id":"https:\/\/www.pcb.ub.edu\/es\/la-union-astronomica-internacional-bautiza-un-asteroide-con-el-nombre-del-investigador-jordi-portell\/#breadcrumb"},"inLanguage":"es","potentialAction":[{"@type":"ReadAction","target":["https:\/\/www.pcb.ub.edu\/es\/la-union-astronomica-internacional-bautiza-un-asteroide-con-el-nombre-del-investigador-jordi-portell\/"]}]},{"@type":"ImageObject","inLanguage":"es","@id":"https:\/\/www.pcb.ub.edu\/es\/la-union-astronomica-internacional-bautiza-un-asteroide-con-el-nombre-del-investigador-jordi-portell\/#primaryimage","url":"https:\/\/www.pcb.ub.edu\/wp-content\/uploads\/2023\/07\/jordiportell.jpg","contentUrl":"https:\/\/www.pcb.ub.edu\/wp-content\/uploads\/2023\/07\/jordiportell.jpg","width":900,"height":330},{"@type":"BreadcrumbList","@id":"https:\/\/www.pcb.ub.edu\/es\/la-union-astronomica-internacional-bautiza-un-asteroide-con-el-nombre-del-investigador-jordi-portell\/#breadcrumb","itemListElement":[{"@type":"ListItem","position":1,"name":"Home","item":"https:\/\/www.pcb.ub.edu\/es\/"},{"@type":"ListItem","position":2,"name":"La Uni\u00f3n Astron\u00f3mica Internacional bautiza un asteroide con el nombre del investigador Jordi Portell"}]},{"@type":"WebSite","@id":"https:\/\/www.pcb.ub.edu\/es\/#website","url":"https:\/\/www.pcb.ub.edu\/es\/","name":"Parc Cient\u00edfic de Barcelona","description":"Universitat de Barcelona","potentialAction":[{"@type":"SearchAction","target":{"@type":"EntryPoint","urlTemplate":"https:\/\/www.pcb.ub.edu\/es\/?s={search_term_string}"},"query-input":{"@type":"PropertyValueSpecification","valueRequired":true,"valueName":"search_term_string"}}],"inLanguage":"es"},{"@type":"Person","@id":"https:\/\/www.pcb.ub.edu\/es\/#\/schema\/person\/810a86a39effe6bf90f9ab918ca43239","name":"Azucena Berea","image":{"@type":"ImageObject","inLanguage":"es","@id":"https:\/\/secure.gravatar.com\/avatar\/32577545a82a87a5c7e06fb02f02362edb2f379afdb4c8b5783d81635141181f?s=96&d=mm&r=g","url":"https:\/\/secure.gravatar.com\/avatar\/32577545a82a87a5c7e06fb02f02362edb2f379afdb4c8b5783d81635141181f?s=96&d=mm&r=g","contentUrl":"https:\/\/secure.gravatar.com\/avatar\/32577545a82a87a5c7e06fb02f02362edb2f379afdb4c8b5783d81635141181f?s=96&d=mm&r=g","caption":"Azucena Berea"},"sameAs":["https:\/\/www.pcb.ub.edu"],"url":"https:\/\/www.pcb.ub.edu\/es\/author\/aberea\/"}]}},"_links":{"self":[{"href":"https:\/\/www.pcb.ub.edu\/es\/wp-json\/wp\/v2\/posts\/87391","targetHints":{"allow":["GET"]}}],"collection":[{"href":"https:\/\/www.pcb.ub.edu\/es\/wp-json\/wp\/v2\/posts"}],"about":[{"href":"https:\/\/www.pcb.ub.edu\/es\/wp-json\/wp\/v2\/types\/post"}],"author":[{"embeddable":true,"href":"https:\/\/www.pcb.ub.edu\/es\/wp-json\/wp\/v2\/users\/4"}],"replies":[{"embeddable":true,"href":"https:\/\/www.pcb.ub.edu\/es\/wp-json\/wp\/v2\/comments?post=87391"}],"version-history":[{"count":11,"href":"https:\/\/www.pcb.ub.edu\/es\/wp-json\/wp\/v2\/posts\/87391\/revisions"}],"predecessor-version":[{"id":87411,"href":"https:\/\/www.pcb.ub.edu\/es\/wp-json\/wp\/v2\/posts\/87391\/revisions\/87411"}],"wp:featuredmedia":[{"embeddable":true,"href":"https:\/\/www.pcb.ub.edu\/es\/wp-json\/wp\/v2\/media\/87322"}],"wp:attachment":[{"href":"https:\/\/www.pcb.ub.edu\/es\/wp-json\/wp\/v2\/media?parent=87391"}],"wp:term":[{"taxonomy":"category","embeddable":true,"href":"https:\/\/www.pcb.ub.edu\/es\/wp-json\/wp\/v2\/categories?post=87391"},{"taxonomy":"post_tag","embeddable":true,"href":"https:\/\/www.pcb.ub.edu\/es\/wp-json\/wp\/v2\/tags?post=87391"}],"curies":[{"name":"wp","href":"https:\/\/api.w.org\/{rel}","templated":true}]}}