{"id":86709,"date":"2023-01-30T10:24:25","date_gmt":"2023-01-30T09:24:25","guid":{"rendered":"https:\/\/www.pcb.ub.edu\/?p=86709"},"modified":"2023-07-18T15:28:49","modified_gmt":"2023-07-18T13:28:49","slug":"ya-tenemos-el-resultado-de-la-votacion-popular-y-los-proyectos-que-estaran-presentes-en-la-feria-investigacion-en-directo-de-este-ano","status":"publish","type":"post","link":"https:\/\/www.pcb.ub.edu\/es\/ya-tenemos-el-resultado-de-la-votacion-popular-y-los-proyectos-que-estaran-presentes-en-la-feria-investigacion-en-directo-de-este-ano\/","title":{"rendered":"\u00a1Ya tenemos el resultado de la votaci\u00f3n popular y los proyectos que estar\u00e1n presentes en la Feria Investigaci\u00f3n en Directo de este a\u00f1o!"},"content":{"rendered":"<p><span data-contrast=\"auto\">La investigaci\u00f3n del grupo de Neurobiolog\u00eda de la enfermedad de Alzheimer del Instituto de Neurociencias de la Universidad Aut\u00f3noma de Barcelona (UAB) en el \u00e1mbito de las neurociencias para avanzar en el conocimiento de las enfermedades neurodegenerativas como el Alzheimer, ha sido el proyecto que ha logrado m\u00e1s votos (52,6%) en la encuesta p\u00fablica de la Feria Investigaci\u00f3n en Directo 2023 en la que ha participado 886 personas.<\/span><span data-ccp-props=\"{&quot;201341983&quot;:0,&quot;335559739&quot;:160,&quot;335559740&quot;:259}\">\u00a0<\/span><\/p>\n<p><span data-contrast=\"auto\">El viernes 27 de enero tuvo lugar la reuni\u00f3n del comit\u00e9 evaluador para seleccionar a los otros 10 grupos de investigaci\u00f3n y entidades que trasladar\u00e1n parte de su laboratorio del 18 al 22 de abril a <\/span><span data-contrast=\"none\">\u202f<\/span><a href=\"https:\/\/cosmocaixa.es\/es\/cosmocaixa-barcelona%22%20\/t%20%22_blank\" target=\"_blank\" rel=\"noopener\"><span data-contrast=\"none\">CosmoCaixa\u202f<\/span><\/a><span data-contrast=\"auto\">en esta 19\u00aa edici\u00f3n, a fin de interactuar con los asistentes y ofrecerles la oportunidad de realizar experimentos y resolver enigmas siguiendo la metodolog\u00eda cient\u00edfica.<\/span><span data-ccp-props=\"{&quot;201341983&quot;:0,&quot;335559739&quot;:160,&quot;335559740&quot;:259}\">\u00a0<\/span><\/p>\n<p><span data-contrast=\"auto\">Consulta todos los proyectos que participar\u00e1n en este <\/span><a href=\"https:\/\/recercaensocietat.cat\/fira\/\" target=\"_blank\" rel=\"noopener\"><span data-contrast=\"none\">enla\u00e7e [+]<\/span><\/a><span data-ccp-props=\"{&quot;201341983&quot;:0,&quot;335559739&quot;:160,&quot;335559740&quot;:259}\">\u00a0<\/span><\/p>\n<p><span data-contrast=\"auto\">El objetivo de la Feria Investigaci\u00f3n en Directo \u2013que organiza la Unidad de Cultura Cient\u00edfica del Parque Cient\u00edfico de Barcelona, en colaboraci\u00f3n con la <\/span><a href=\"https:\/\/fundacionlacaixa.org\/ca\/\" target=\"_blank\" rel=\"noopener\"><span data-contrast=\"none\">Fundaci\u00f3 \u201cLa Caixa<\/span><\/a> <span data-contrast=\"auto\">es mostrar los proyectos de investigaci\u00f3n actuales que se est\u00e1n llevando a cabo Catalu\u00f1a en los diversos campos de investigaci\u00f3n, para acercar la ciencia a todos los ciudadanos y fomentar vocaciones cient\u00edficas entre los j\u00f3venes.<\/span><span data-ccp-props=\"{&quot;201341983&quot;:0,&quot;335559739&quot;:160,&quot;335559740&quot;:259}\">\u00a0<\/span><\/p>\n<p><span data-contrast=\"auto\">La Feria Investigaci\u00f3n en Directo se enmarca dentro del programa de divulgaci\u00f3n de la ciencia <\/span><a href=\"https:\/\/recercaensocietat.cat\/\" target=\"_blank\" rel=\"noopener\"><span data-contrast=\"none\">Investigaci\u00f3n en Sociedad<\/span><\/a><span data-contrast=\"none\">\u202f<\/span><span data-contrast=\"auto\"> del PCB, que ofrece m\u00e1s de 100 actividades en las que participan cerca de 5.000 personas cada a\u00f1o. En la \u00faltima edici\u00f3n m\u00e1s de 1.600 visitantes tuvieron la oportunidad de realizar experimentos cient\u00edficos de la mano de 80 investigadores.<\/span><span data-ccp-props=\"{&quot;201341983&quot;:0,&quot;335559739&quot;:160,&quot;335559740&quot;:259}\">\u00a0<\/span><\/p>\n<p><span data-contrast=\"auto\">El programa ha sido reconocido con el <\/span><a href=\"http:\/\/www.pcb.ub.edu\/portal\/ca\/noticies\/-\/noticia\/not_el-programa-recerca-en-societat-del-pcb-reconegut-amb-el-segell-de-qualitat-educativa?inheritRedirect=false&amp;redirect=%2Fportal%2Fca%2Fcerca%3Fp_p_id%3Dcercador_WAR_empleatsempresesportlet%26p_p_lifecycle%3D0%26p_p_state%3Dnormal%26p_p_mode%3Dview%26p_p_col_id%3Dcolumn-1%26p_p_col_count%3D1%26_cercador_WAR_empleatsempresesportlet_keywords%3Dsocietat%26_cercador_WAR_empleatsempresesportlet_tab%3D3&amp;backURL=%2Fportal%2Fca%2Fcerca%3Fp_p_id%3Dcercador_WAR_empleatsempresesportlet%26p_p_lifecycle%3D0%26p_p_state%3Dnormal%26p_p_mode%3Dview%26p_p_col_id%3Dcolumn-1%26p_p_col_count%3D1%26_cercador_WAR_empleatsempresesportlet_keywords%3Dsocietat%26_cercador_WAR_empleatsempresesportlet_tab%3D3\" target=\"_blank\" rel=\"noopener\"><span data-contrast=\"none\">Sello de Calidad Educativa<\/span><\/a> <span data-contrast=\"auto\">del Consejo de Coordinaci\u00f3n Pedag\u00f3gica de Barcelona (<\/span><a href=\"http:\/\/w13.bcn.cat\/APPS\/wprpae\/general\/Presentacion.do?method=consellCoordinacio\" target=\"_blank\" rel=\"noopener\"><span data-contrast=\"none\">CIP<\/span><\/a><span data-contrast=\"auto\">) impulsado por el Instituto Municipal de Educaci\u00f3n de Barcelona (<\/span><a href=\"http:\/\/ajuntament.barcelona.cat\/educacio\/ca\/qui-som-i-que-fem\" target=\"_blank\" rel=\"noopener\"><span data-contrast=\"none\">IMEB<\/span><\/a><span data-contrast=\"auto\">) y cuenta con el apoyo de la Fundaci\u00f3n Espa\u00f1ola para la Ciencia y la Tecnolog\u00eda (<\/span><a href=\"http:\/\/www.fecyt.es\/\" target=\"_blank\" rel=\"noopener\"><span data-contrast=\"none\">FECYT<\/span><\/a><span data-contrast=\"auto\">) del Ministerio de Ciencia e Innovaci\u00f3n; y del Instituto de Cultura de Barcelona (<\/span><a href=\"http:\/\/lameva.barcelona.cat\/barcelonacultura\/es\" target=\"_blank\" rel=\"noopener\"><span data-contrast=\"none\">ICUB<\/span><\/a><span data-contrast=\"none\">)<\/span><span data-contrast=\"auto\">\u00a0del Ayuntamiento de Barcelona.<\/span><span data-ccp-props=\"{&quot;201341983&quot;:0,&quot;335559739&quot;:160,&quot;335559740&quot;:259}\">\u00a0<\/span><\/p>\n","protected":false},"excerpt":{"rendered":"<p>La investigaci\u00f3n del grupo de Neurobiolog\u00eda de la enfermedad de Alzheimer del Instituto de Neurociencias de la Universidad Aut\u00f3noma de Barcelona (UAB) en el \u00e1mbito de las neurociencias para avanzar&#8230;<\/p>\n","protected":false},"author":11,"featured_media":86705,"comment_status":"closed","ping_status":"closed","sticky":false,"template":"","format":"standard","meta":{"_acf_changed":false,"inline_featured_image":false,"footnotes":""},"categories":[37],"tags":[],"class_list":["post-86709","post","type-post","status-publish","format-standard","has-post-thumbnail","category-pcb"],"acf":[],"yoast_head":"<!-- This site is optimized with the Yoast SEO plugin v27.3 - https:\/\/yoast.com\/product\/yoast-seo-wordpress\/ -->\n<title>\u00a1Ya tenemos el resultado de la votaci\u00f3n popular y los proyectos que estar\u00e1n presentes en la Feria Investigaci\u00f3n en Directo de este a\u00f1o! - Parc Cient\u00edfic de Barcelona<\/title>\n<meta name=\"description\" content=\"La investigaci\u00f3n del grupo de Neurobiolog\u00eda de la enfermedad de Alzheimer del Instituto de Neurociencias de la Universidad Aut\u00f3noma de Barcelona (UAB) en el \u00e1mbito de las neurociencias para avanzar en el conocimiento de las enfermedades neurodegenerativas como el Alzheimer, ha sido el proyecto que ha logrado m\u00e1s votos (52,6%) en la encuesta p\u00fablica de la Feria Investigaci\u00f3n en Directo 2023 en la que ha participado 886 personas.\u00a0\" \/>\n<meta name=\"robots\" content=\"index, follow, max-snippet:-1, max-image-preview:large, max-video-preview:-1\" \/>\n<link rel=\"canonical\" href=\"https:\/\/www.pcb.ub.edu\/es\/ya-tenemos-el-resultado-de-la-votacion-popular-y-los-proyectos-que-estaran-presentes-en-la-feria-investigacion-en-directo-de-este-ano\/\" \/>\n<meta property=\"og:locale\" content=\"es_ES\" \/>\n<meta property=\"og:type\" content=\"article\" \/>\n<meta property=\"og:title\" content=\"\u00a1Ya tenemos el resultado de la votaci\u00f3n popular y los proyectos que estar\u00e1n presentes en la Feria Investigaci\u00f3n en Directo de este a\u00f1o! - Parc Cient\u00edfic de Barcelona\" \/>\n<meta property=\"og:description\" content=\"La investigaci\u00f3n del grupo de Neurobiolog\u00eda de la enfermedad de Alzheimer del Instituto de Neurociencias de la Universidad Aut\u00f3noma de Barcelona (UAB) en el \u00e1mbito de las neurociencias para avanzar en el conocimiento de las enfermedades neurodegenerativas como el Alzheimer, ha sido el proyecto que ha logrado m\u00e1s votos (52,6%) en la encuesta p\u00fablica de la Feria Investigaci\u00f3n en Directo 2023 en la que ha participado 886 personas.\u00a0\" \/>\n<meta property=\"og:url\" content=\"https:\/\/www.pcb.ub.edu\/es\/ya-tenemos-el-resultado-de-la-votacion-popular-y-los-proyectos-que-estaran-presentes-en-la-feria-investigacion-en-directo-de-este-ano\/\" \/>\n<meta property=\"og:site_name\" content=\"Parc Cient\u00edfic de Barcelona\" \/>\n<meta property=\"article:published_time\" content=\"2023-01-30T09:24:25+00:00\" \/>\n<meta property=\"article:modified_time\" content=\"2023-07-18T13:28:49+00:00\" \/>\n<meta property=\"og:image\" content=\"https:\/\/www.pcb.ub.edu\/wp-content\/uploads\/2023\/07\/fira.png\" \/>\n\t<meta property=\"og:image:width\" content=\"948\" \/>\n\t<meta property=\"og:image:height\" content=\"347\" \/>\n\t<meta property=\"og:image:type\" content=\"image\/png\" \/>\n<meta name=\"author\" content=\"Iuris\" \/>\n<meta name=\"twitter:card\" content=\"summary_large_image\" \/>\n<meta name=\"twitter:label1\" content=\"Escrito por\" \/>\n\t<meta name=\"twitter:data1\" content=\"Iuris\" \/>\n\t<meta name=\"twitter:label2\" content=\"Tiempo de lectura\" \/>\n\t<meta name=\"twitter:data2\" content=\"2 minutos\" \/>\n<script type=\"application\/ld+json\" class=\"yoast-schema-graph\">{\"@context\":\"https:\\\/\\\/schema.org\",\"@graph\":[{\"@type\":\"Article\",\"@id\":\"https:\\\/\\\/www.pcb.ub.edu\\\/es\\\/ya-tenemos-el-resultado-de-la-votacion-popular-y-los-proyectos-que-estaran-presentes-en-la-feria-investigacion-en-directo-de-este-ano\\\/#article\",\"isPartOf\":{\"@id\":\"https:\\\/\\\/www.pcb.ub.edu\\\/es\\\/ya-tenemos-el-resultado-de-la-votacion-popular-y-los-proyectos-que-estaran-presentes-en-la-feria-investigacion-en-directo-de-este-ano\\\/\"},\"author\":{\"name\":\"Iuris\",\"@id\":\"https:\\\/\\\/www.pcb.ub.edu\\\/es\\\/#\\\/schema\\\/person\\\/2cac99ef7339e3499496b54bb2e12e7d\"},\"headline\":\"\u00a1Ya tenemos el resultado de la votaci\u00f3n popular y los proyectos que estar\u00e1n presentes en la Feria Investigaci\u00f3n en Directo de este a\u00f1o!\",\"datePublished\":\"2023-01-30T09:24:25+00:00\",\"dateModified\":\"2023-07-18T13:28:49+00:00\",\"mainEntityOfPage\":{\"@id\":\"https:\\\/\\\/www.pcb.ub.edu\\\/es\\\/ya-tenemos-el-resultado-de-la-votacion-popular-y-los-proyectos-que-estaran-presentes-en-la-feria-investigacion-en-directo-de-este-ano\\\/\"},\"wordCount\":375,\"image\":{\"@id\":\"https:\\\/\\\/www.pcb.ub.edu\\\/es\\\/ya-tenemos-el-resultado-de-la-votacion-popular-y-los-proyectos-que-estaran-presentes-en-la-feria-investigacion-en-directo-de-este-ano\\\/#primaryimage\"},\"thumbnailUrl\":\"https:\\\/\\\/www.pcb.ub.edu\\\/wp-content\\\/uploads\\\/2023\\\/07\\\/fira.png\",\"articleSection\":[\"PCB\"],\"inLanguage\":\"es\"},{\"@type\":\"WebPage\",\"@id\":\"https:\\\/\\\/www.pcb.ub.edu\\\/es\\\/ya-tenemos-el-resultado-de-la-votacion-popular-y-los-proyectos-que-estaran-presentes-en-la-feria-investigacion-en-directo-de-este-ano\\\/\",\"url\":\"https:\\\/\\\/www.pcb.ub.edu\\\/es\\\/ya-tenemos-el-resultado-de-la-votacion-popular-y-los-proyectos-que-estaran-presentes-en-la-feria-investigacion-en-directo-de-este-ano\\\/\",\"name\":\"\u00a1Ya tenemos el resultado de la votaci\u00f3n popular y los proyectos que estar\u00e1n presentes en la Feria Investigaci\u00f3n en Directo de este a\u00f1o! - Parc Cient\u00edfic de Barcelona\",\"isPartOf\":{\"@id\":\"https:\\\/\\\/www.pcb.ub.edu\\\/es\\\/#website\"},\"primaryImageOfPage\":{\"@id\":\"https:\\\/\\\/www.pcb.ub.edu\\\/es\\\/ya-tenemos-el-resultado-de-la-votacion-popular-y-los-proyectos-que-estaran-presentes-en-la-feria-investigacion-en-directo-de-este-ano\\\/#primaryimage\"},\"image\":{\"@id\":\"https:\\\/\\\/www.pcb.ub.edu\\\/es\\\/ya-tenemos-el-resultado-de-la-votacion-popular-y-los-proyectos-que-estaran-presentes-en-la-feria-investigacion-en-directo-de-este-ano\\\/#primaryimage\"},\"thumbnailUrl\":\"https:\\\/\\\/www.pcb.ub.edu\\\/wp-content\\\/uploads\\\/2023\\\/07\\\/fira.png\",\"datePublished\":\"2023-01-30T09:24:25+00:00\",\"dateModified\":\"2023-07-18T13:28:49+00:00\",\"author\":{\"@id\":\"https:\\\/\\\/www.pcb.ub.edu\\\/es\\\/#\\\/schema\\\/person\\\/2cac99ef7339e3499496b54bb2e12e7d\"},\"description\":\"La investigaci\u00f3n del grupo de Neurobiolog\u00eda de la enfermedad de Alzheimer del Instituto de Neurociencias de la Universidad Aut\u00f3noma de Barcelona (UAB) en el \u00e1mbito de las neurociencias para avanzar en el conocimiento de las enfermedades neurodegenerativas como el Alzheimer, ha sido el proyecto que ha logrado m\u00e1s votos (52,6%) en la encuesta p\u00fablica de la Feria Investigaci\u00f3n en Directo 2023 en la que ha participado 886 personas.\u00a0\",\"breadcrumb\":{\"@id\":\"https:\\\/\\\/www.pcb.ub.edu\\\/es\\\/ya-tenemos-el-resultado-de-la-votacion-popular-y-los-proyectos-que-estaran-presentes-en-la-feria-investigacion-en-directo-de-este-ano\\\/#breadcrumb\"},\"inLanguage\":\"es\",\"potentialAction\":[{\"@type\":\"ReadAction\",\"target\":[\"https:\\\/\\\/www.pcb.ub.edu\\\/es\\\/ya-tenemos-el-resultado-de-la-votacion-popular-y-los-proyectos-que-estaran-presentes-en-la-feria-investigacion-en-directo-de-este-ano\\\/\"]}]},{\"@type\":\"ImageObject\",\"inLanguage\":\"es\",\"@id\":\"https:\\\/\\\/www.pcb.ub.edu\\\/es\\\/ya-tenemos-el-resultado-de-la-votacion-popular-y-los-proyectos-que-estaran-presentes-en-la-feria-investigacion-en-directo-de-este-ano\\\/#primaryimage\",\"url\":\"https:\\\/\\\/www.pcb.ub.edu\\\/wp-content\\\/uploads\\\/2023\\\/07\\\/fira.png\",\"contentUrl\":\"https:\\\/\\\/www.pcb.ub.edu\\\/wp-content\\\/uploads\\\/2023\\\/07\\\/fira.png\",\"width\":948,\"height\":347},{\"@type\":\"BreadcrumbList\",\"@id\":\"https:\\\/\\\/www.pcb.ub.edu\\\/es\\\/ya-tenemos-el-resultado-de-la-votacion-popular-y-los-proyectos-que-estaran-presentes-en-la-feria-investigacion-en-directo-de-este-ano\\\/#breadcrumb\",\"itemListElement\":[{\"@type\":\"ListItem\",\"position\":1,\"name\":\"Home\",\"item\":\"https:\\\/\\\/www.pcb.ub.edu\\\/es\\\/\"},{\"@type\":\"ListItem\",\"position\":2,\"name\":\"\u00a1Ya tenemos el resultado de la votaci\u00f3n popular y los proyectos que estar\u00e1n presentes en la Feria Investigaci\u00f3n en Directo de este a\u00f1o!\"}]},{\"@type\":\"WebSite\",\"@id\":\"https:\\\/\\\/www.pcb.ub.edu\\\/es\\\/#website\",\"url\":\"https:\\\/\\\/www.pcb.ub.edu\\\/es\\\/\",\"name\":\"Parc Cient\u00edfic de Barcelona\",\"description\":\"Universitat de Barcelona\",\"potentialAction\":[{\"@type\":\"SearchAction\",\"target\":{\"@type\":\"EntryPoint\",\"urlTemplate\":\"https:\\\/\\\/www.pcb.ub.edu\\\/es\\\/?s={search_term_string}\"},\"query-input\":{\"@type\":\"PropertyValueSpecification\",\"valueRequired\":true,\"valueName\":\"search_term_string\"}}],\"inLanguage\":\"es\"},{\"@type\":\"Person\",\"@id\":\"https:\\\/\\\/www.pcb.ub.edu\\\/es\\\/#\\\/schema\\\/person\\\/2cac99ef7339e3499496b54bb2e12e7d\",\"name\":\"Iuris\",\"image\":{\"@type\":\"ImageObject\",\"inLanguage\":\"es\",\"@id\":\"https:\\\/\\\/secure.gravatar.com\\\/avatar\\\/a9d1bfedf501cbd8ae27b11de9986604bf4cdcea73b507457dfd4ff5dc770b75?s=96&d=mm&r=g\",\"url\":\"https:\\\/\\\/secure.gravatar.com\\\/avatar\\\/a9d1bfedf501cbd8ae27b11de9986604bf4cdcea73b507457dfd4ff5dc770b75?s=96&d=mm&r=g\",\"contentUrl\":\"https:\\\/\\\/secure.gravatar.com\\\/avatar\\\/a9d1bfedf501cbd8ae27b11de9986604bf4cdcea73b507457dfd4ff5dc770b75?s=96&d=mm&r=g\",\"caption\":\"Iuris\"},\"url\":\"https:\\\/\\\/www.pcb.ub.edu\\\/es\\\/author\\\/adminiuris\\\/\"}]}<\/script>\n<!-- \/ Yoast SEO plugin. -->","yoast_head_json":{"title":"\u00a1Ya tenemos el resultado de la votaci\u00f3n popular y los proyectos que estar\u00e1n presentes en la Feria Investigaci\u00f3n en Directo de este a\u00f1o! - Parc Cient\u00edfic de Barcelona","description":"La investigaci\u00f3n del grupo de Neurobiolog\u00eda de la enfermedad de Alzheimer del Instituto de Neurociencias de la Universidad Aut\u00f3noma de Barcelona (UAB) en el \u00e1mbito de las neurociencias para avanzar en el conocimiento de las enfermedades neurodegenerativas como el Alzheimer, ha sido el proyecto que ha logrado m\u00e1s votos (52,6%) en la encuesta p\u00fablica de la Feria Investigaci\u00f3n en Directo 2023 en la que ha participado 886 personas.\u00a0","robots":{"index":"index","follow":"follow","max-snippet":"max-snippet:-1","max-image-preview":"max-image-preview:large","max-video-preview":"max-video-preview:-1"},"canonical":"https:\/\/www.pcb.ub.edu\/es\/ya-tenemos-el-resultado-de-la-votacion-popular-y-los-proyectos-que-estaran-presentes-en-la-feria-investigacion-en-directo-de-este-ano\/","og_locale":"es_ES","og_type":"article","og_title":"\u00a1Ya tenemos el resultado de la votaci\u00f3n popular y los proyectos que estar\u00e1n presentes en la Feria Investigaci\u00f3n en Directo de este a\u00f1o! - Parc Cient\u00edfic de Barcelona","og_description":"La investigaci\u00f3n del grupo de Neurobiolog\u00eda de la enfermedad de Alzheimer del Instituto de Neurociencias de la Universidad Aut\u00f3noma de Barcelona (UAB) en el \u00e1mbito de las neurociencias para avanzar en el conocimiento de las enfermedades neurodegenerativas como el Alzheimer, ha sido el proyecto que ha logrado m\u00e1s votos (52,6%) en la encuesta p\u00fablica de la Feria Investigaci\u00f3n en Directo 2023 en la que ha participado 886 personas.\u00a0","og_url":"https:\/\/www.pcb.ub.edu\/es\/ya-tenemos-el-resultado-de-la-votacion-popular-y-los-proyectos-que-estaran-presentes-en-la-feria-investigacion-en-directo-de-este-ano\/","og_site_name":"Parc Cient\u00edfic de Barcelona","article_published_time":"2023-01-30T09:24:25+00:00","article_modified_time":"2023-07-18T13:28:49+00:00","og_image":[{"width":948,"height":347,"url":"https:\/\/www.pcb.ub.edu\/wp-content\/uploads\/2023\/07\/fira.png","type":"image\/png"}],"author":"Iuris","twitter_card":"summary_large_image","twitter_misc":{"Escrito por":"Iuris","Tiempo de lectura":"2 minutos"},"schema":{"@context":"https:\/\/schema.org","@graph":[{"@type":"Article","@id":"https:\/\/www.pcb.ub.edu\/es\/ya-tenemos-el-resultado-de-la-votacion-popular-y-los-proyectos-que-estaran-presentes-en-la-feria-investigacion-en-directo-de-este-ano\/#article","isPartOf":{"@id":"https:\/\/www.pcb.ub.edu\/es\/ya-tenemos-el-resultado-de-la-votacion-popular-y-los-proyectos-que-estaran-presentes-en-la-feria-investigacion-en-directo-de-este-ano\/"},"author":{"name":"Iuris","@id":"https:\/\/www.pcb.ub.edu\/es\/#\/schema\/person\/2cac99ef7339e3499496b54bb2e12e7d"},"headline":"\u00a1Ya tenemos el resultado de la votaci\u00f3n popular y los proyectos que estar\u00e1n presentes en la Feria Investigaci\u00f3n en Directo de este a\u00f1o!","datePublished":"2023-01-30T09:24:25+00:00","dateModified":"2023-07-18T13:28:49+00:00","mainEntityOfPage":{"@id":"https:\/\/www.pcb.ub.edu\/es\/ya-tenemos-el-resultado-de-la-votacion-popular-y-los-proyectos-que-estaran-presentes-en-la-feria-investigacion-en-directo-de-este-ano\/"},"wordCount":375,"image":{"@id":"https:\/\/www.pcb.ub.edu\/es\/ya-tenemos-el-resultado-de-la-votacion-popular-y-los-proyectos-que-estaran-presentes-en-la-feria-investigacion-en-directo-de-este-ano\/#primaryimage"},"thumbnailUrl":"https:\/\/www.pcb.ub.edu\/wp-content\/uploads\/2023\/07\/fira.png","articleSection":["PCB"],"inLanguage":"es"},{"@type":"WebPage","@id":"https:\/\/www.pcb.ub.edu\/es\/ya-tenemos-el-resultado-de-la-votacion-popular-y-los-proyectos-que-estaran-presentes-en-la-feria-investigacion-en-directo-de-este-ano\/","url":"https:\/\/www.pcb.ub.edu\/es\/ya-tenemos-el-resultado-de-la-votacion-popular-y-los-proyectos-que-estaran-presentes-en-la-feria-investigacion-en-directo-de-este-ano\/","name":"\u00a1Ya tenemos el resultado de la votaci\u00f3n popular y los proyectos que estar\u00e1n presentes en la Feria Investigaci\u00f3n en Directo de este a\u00f1o! - Parc Cient\u00edfic de Barcelona","isPartOf":{"@id":"https:\/\/www.pcb.ub.edu\/es\/#website"},"primaryImageOfPage":{"@id":"https:\/\/www.pcb.ub.edu\/es\/ya-tenemos-el-resultado-de-la-votacion-popular-y-los-proyectos-que-estaran-presentes-en-la-feria-investigacion-en-directo-de-este-ano\/#primaryimage"},"image":{"@id":"https:\/\/www.pcb.ub.edu\/es\/ya-tenemos-el-resultado-de-la-votacion-popular-y-los-proyectos-que-estaran-presentes-en-la-feria-investigacion-en-directo-de-este-ano\/#primaryimage"},"thumbnailUrl":"https:\/\/www.pcb.ub.edu\/wp-content\/uploads\/2023\/07\/fira.png","datePublished":"2023-01-30T09:24:25+00:00","dateModified":"2023-07-18T13:28:49+00:00","author":{"@id":"https:\/\/www.pcb.ub.edu\/es\/#\/schema\/person\/2cac99ef7339e3499496b54bb2e12e7d"},"description":"La investigaci\u00f3n del grupo de Neurobiolog\u00eda de la enfermedad de Alzheimer del Instituto de Neurociencias de la Universidad Aut\u00f3noma de Barcelona (UAB) en el \u00e1mbito de las neurociencias para avanzar en el conocimiento de las enfermedades neurodegenerativas como el Alzheimer, ha sido el proyecto que ha logrado m\u00e1s votos (52,6%) en la encuesta p\u00fablica de la Feria Investigaci\u00f3n en Directo 2023 en la que ha participado 886 personas.\u00a0","breadcrumb":{"@id":"https:\/\/www.pcb.ub.edu\/es\/ya-tenemos-el-resultado-de-la-votacion-popular-y-los-proyectos-que-estaran-presentes-en-la-feria-investigacion-en-directo-de-este-ano\/#breadcrumb"},"inLanguage":"es","potentialAction":[{"@type":"ReadAction","target":["https:\/\/www.pcb.ub.edu\/es\/ya-tenemos-el-resultado-de-la-votacion-popular-y-los-proyectos-que-estaran-presentes-en-la-feria-investigacion-en-directo-de-este-ano\/"]}]},{"@type":"ImageObject","inLanguage":"es","@id":"https:\/\/www.pcb.ub.edu\/es\/ya-tenemos-el-resultado-de-la-votacion-popular-y-los-proyectos-que-estaran-presentes-en-la-feria-investigacion-en-directo-de-este-ano\/#primaryimage","url":"https:\/\/www.pcb.ub.edu\/wp-content\/uploads\/2023\/07\/fira.png","contentUrl":"https:\/\/www.pcb.ub.edu\/wp-content\/uploads\/2023\/07\/fira.png","width":948,"height":347},{"@type":"BreadcrumbList","@id":"https:\/\/www.pcb.ub.edu\/es\/ya-tenemos-el-resultado-de-la-votacion-popular-y-los-proyectos-que-estaran-presentes-en-la-feria-investigacion-en-directo-de-este-ano\/#breadcrumb","itemListElement":[{"@type":"ListItem","position":1,"name":"Home","item":"https:\/\/www.pcb.ub.edu\/es\/"},{"@type":"ListItem","position":2,"name":"\u00a1Ya tenemos el resultado de la votaci\u00f3n popular y los proyectos que estar\u00e1n presentes en la Feria Investigaci\u00f3n en Directo de este a\u00f1o!"}]},{"@type":"WebSite","@id":"https:\/\/www.pcb.ub.edu\/es\/#website","url":"https:\/\/www.pcb.ub.edu\/es\/","name":"Parc Cient\u00edfic de Barcelona","description":"Universitat de Barcelona","potentialAction":[{"@type":"SearchAction","target":{"@type":"EntryPoint","urlTemplate":"https:\/\/www.pcb.ub.edu\/es\/?s={search_term_string}"},"query-input":{"@type":"PropertyValueSpecification","valueRequired":true,"valueName":"search_term_string"}}],"inLanguage":"es"},{"@type":"Person","@id":"https:\/\/www.pcb.ub.edu\/es\/#\/schema\/person\/2cac99ef7339e3499496b54bb2e12e7d","name":"Iuris","image":{"@type":"ImageObject","inLanguage":"es","@id":"https:\/\/secure.gravatar.com\/avatar\/a9d1bfedf501cbd8ae27b11de9986604bf4cdcea73b507457dfd4ff5dc770b75?s=96&d=mm&r=g","url":"https:\/\/secure.gravatar.com\/avatar\/a9d1bfedf501cbd8ae27b11de9986604bf4cdcea73b507457dfd4ff5dc770b75?s=96&d=mm&r=g","contentUrl":"https:\/\/secure.gravatar.com\/avatar\/a9d1bfedf501cbd8ae27b11de9986604bf4cdcea73b507457dfd4ff5dc770b75?s=96&d=mm&r=g","caption":"Iuris"},"url":"https:\/\/www.pcb.ub.edu\/es\/author\/adminiuris\/"}]}},"_links":{"self":[{"href":"https:\/\/www.pcb.ub.edu\/es\/wp-json\/wp\/v2\/posts\/86709","targetHints":{"allow":["GET"]}}],"collection":[{"href":"https:\/\/www.pcb.ub.edu\/es\/wp-json\/wp\/v2\/posts"}],"about":[{"href":"https:\/\/www.pcb.ub.edu\/es\/wp-json\/wp\/v2\/types\/post"}],"author":[{"embeddable":true,"href":"https:\/\/www.pcb.ub.edu\/es\/wp-json\/wp\/v2\/users\/11"}],"replies":[{"embeddable":true,"href":"https:\/\/www.pcb.ub.edu\/es\/wp-json\/wp\/v2\/comments?post=86709"}],"version-history":[{"count":1,"href":"https:\/\/www.pcb.ub.edu\/es\/wp-json\/wp\/v2\/posts\/86709\/revisions"}],"predecessor-version":[{"id":86710,"href":"https:\/\/www.pcb.ub.edu\/es\/wp-json\/wp\/v2\/posts\/86709\/revisions\/86710"}],"wp:featuredmedia":[{"embeddable":true,"href":"https:\/\/www.pcb.ub.edu\/es\/wp-json\/wp\/v2\/media\/86705"}],"wp:attachment":[{"href":"https:\/\/www.pcb.ub.edu\/es\/wp-json\/wp\/v2\/media?parent=86709"}],"wp:term":[{"taxonomy":"category","embeddable":true,"href":"https:\/\/www.pcb.ub.edu\/es\/wp-json\/wp\/v2\/categories?post=86709"},{"taxonomy":"post_tag","embeddable":true,"href":"https:\/\/www.pcb.ub.edu\/es\/wp-json\/wp\/v2\/tags?post=86709"}],"curies":[{"name":"wp","href":"https:\/\/api.w.org\/{rel}","templated":true}]}}