{"id":86697,"date":"2023-04-03T10:04:49","date_gmt":"2023-04-03T08:04:49","guid":{"rendered":"https:\/\/www.pcb.ub.edu\/?p=86697"},"modified":"2023-07-18T15:18:37","modified_gmt":"2023-07-18T13:18:37","slug":"la-fecyt-renueva-su-apoyo-a-la-ucci-del-parc-cientific-de-barcelona","status":"publish","type":"post","link":"https:\/\/www.pcb.ub.edu\/es\/la-fecyt-renueva-su-apoyo-a-la-ucci-del-parc-cientific-de-barcelona\/","title":{"rendered":"La FECYT renueva su apoyo a la UCC+I del Parc Cient\u00edfic de Barcelona"},"content":{"rendered":"<p><span data-contrast=\"auto\">El Parque Cient\u00edfico de Barcelona se acredita de nuevo como miembro de la Red de Unidades de Cultura Cient\u00edfica y de la Innovaci\u00f3n (<a href=\"https:\/\/www.fecyt.es\/es\/info\/que-son\" target=\"_blank\" rel=\"noopener\">UCC+I<\/a>) a trav\u00e9s de la Fundaci\u00f3n Espa\u00f1ola de Ciencia y Tecnolog\u00eda <\/span><a href=\"https:\/\/www.fecyt.es\/\" target=\"_blank\" rel=\"noopener\"><span data-contrast=\"none\">(FECYT<\/span><\/a><span data-contrast=\"auto\">) del Ministerio de Ciencia e Innovaci\u00f3n. La UCC+I del PCB realiza divulgaci\u00f3n cient\u00edfica general del conocimiento cient\u00edfico y tecnol\u00f3gico y asesoramiento y formaci\u00f3n del personal investigador en difusi\u00f3n de la ciencia y la tecnolog\u00eda.<\/span><span data-ccp-props=\"{&quot;201341983&quot;:0,&quot;335559739&quot;:160,&quot;335559740&quot;:259}\">\u00a0<\/span><\/p>\n<p><span data-contrast=\"auto\">La red UCC+I tiene como objetivo fomentar el intercambio de experiencias y la b\u00fasqueda de sinergias entre entidades, lo que mejora la calidad de los productos y servicios de las UCC+I y promueve la optimizaci\u00f3n de recursos y act\u00faan de intermediarias entre las instituciones que las acogen y los ciudadanos con el objetivo principal de promocionar la cultura cient\u00edfica, tecnol\u00f3gica y de la innovaci\u00f3n, a trav\u00e9s de las actividades de diversa tipolog\u00eda: comunicaci\u00f3n cient\u00edfica, divulgaci\u00f3n, formaci\u00f3n, etc.<\/span><span data-ccp-props=\"{&quot;201341983&quot;:0,&quot;335559739&quot;:160,&quot;335559740&quot;:259}\">\u00a0<\/span><\/p>\n<p><span data-contrast=\"auto\">Esta ayuda de la FECYT est\u00e1 destinada a las actividades que lleva a cabo el PCB en el marco de su programa Investigaci\u00f3n en Sociedad, que re\u00fane m\u00e1s de 100 propuestas de divulgaci\u00f3n cient\u00edfica dirigidas a diferentes p\u00fablicos de todas las edades, y en las que participan cerca de 6.000 personas anualmente. Entre estas iniciativas destacan:<\/span><span data-ccp-props=\"{&quot;201341983&quot;:0,&quot;335559739&quot;:160,&quot;335559740&quot;:259}\">\u00a0<\/span><\/p>\n<p><span data-contrast=\"auto\">\u2013 La Feria Investigaci\u00f3n en Directo que propone a la ciudadan\u00eda adentrarse en algunos de los proyectos cient\u00edficos m\u00e1s punteros en un formato innovador: de la mano del propio personal investigador que los desarrolla, que traslada a la exposici\u00f3n parte de su laboratorio e instrumentaci\u00f3n cient\u00edfica para interactuar con el p\u00fablico asistente.<\/span><span data-ccp-props=\"{&quot;201341983&quot;:0,&quot;335559739&quot;:160,&quot;335559740&quot;:259}\">\u00a0<\/span><\/p>\n<p><span data-contrast=\"auto\">\u2013 Talleres vivenciales que ofrecen a estudiantes de primaria, secundaria y ciclos formativos la oportunidad de participar en las etapas experimentales de un proyecto real de investigaci\u00f3n con los cient\u00edficos y cient\u00edficas que lo llevan a cabo.<\/span><span data-ccp-props=\"{&quot;201341983&quot;:0,&quot;335559739&quot;:160,&quot;335559740&quot;:259}\">\u00a0<\/span><\/p>\n<p><span data-contrast=\"auto\">\u2013 Bach2Lab que permite a alumnos de bachillerato realizar la parte experimental del trabajo de investigaci\u00f3n (TR) en los laboratorios del Parque tutorizados por un investigador, que les asesora tambi\u00e9n en su elaboraci\u00f3n. El programa concluye con la entrega de 3 premios a los mejores TR.<\/span><span data-ccp-props=\"{&quot;201341983&quot;:0,&quot;335559739&quot;:160,&quot;335559740&quot;:259}\">\u00a0<\/span><\/p>\n<p><span data-contrast=\"auto\">El Parque Cient\u00edfico de Barcelona establece en sus estatutos la importancia de dise\u00f1ar un proyecto de promoci\u00f3n de la cultura cient\u00edfica para transferir a la sociedad todo el conocimiento que se desarrolla en su entorno. En este contexto nace en 2003 Investigaci\u00f3n en Sociedad, un proyecto pionero en el Estado espa\u00f1ol para comunicar &#8216;ciencia viva&#8217;, fomentar vocaciones entre la juventud y favorecer el di\u00e1logo entre el personal investigador y la ciudadan\u00eda.<\/span><span data-ccp-props=\"{&quot;201341983&quot;:0,&quot;335559739&quot;:160,&quot;335559740&quot;:259}\">\u00a0<\/span><\/p>\n<p><span data-contrast=\"auto\">Gracias a la labor del programa Investigaci\u00f3n en Sociedad, el Parque Cient\u00edfico de Barcelona forma parte de la Red de Unidades de Cultura Cient\u00edfica y de la Innovaci\u00f3n (Red UCC+I) de la Fundaci\u00f3n Espa\u00f1ola de Ciencia y Tecnolog\u00eda (FECYT) del Ministerio de Ciencia e Innovaci\u00f3n. Las UCC+I son uno de los principales agentes en la difusi\u00f3n y divulgaci\u00f3n de la ciencia y la innovaci\u00f3n en Espa\u00f1a y constituyen un servicio clave para mejorar e incrementar la formaci\u00f3n, la cultura y los conocimientos cient\u00edficos de la ciudadan\u00eda.<\/span><span data-ccp-props=\"{&quot;201341983&quot;:0,&quot;335559739&quot;:160,&quot;335559740&quot;:259}\">\u00a0<\/span><\/p>\n","protected":false},"excerpt":{"rendered":"<p>El Parque Cient\u00edfico de Barcelona se acredita de nuevo como miembro de la Red de Unidades de Cultura Cient\u00edfica y de la Innovaci\u00f3n (UCC+I) a trav\u00e9s de la Fundaci\u00f3n Espa\u00f1ola&#8230;<\/p>\n","protected":false},"author":11,"featured_media":86692,"comment_status":"closed","ping_status":"closed","sticky":false,"template":"","format":"standard","meta":{"_acf_changed":false,"inline_featured_image":false,"footnotes":""},"categories":[37],"tags":[],"class_list":["post-86697","post","type-post","status-publish","format-standard","has-post-thumbnail","category-pcb"],"acf":[],"yoast_head":"<!-- This site is optimized with the Yoast SEO plugin v27.3 - https:\/\/yoast.com\/product\/yoast-seo-wordpress\/ -->\n<title>La FECYT renueva su apoyo a la UCC+I del Parc Cient\u00edfic de Barcelona - Parc Cient\u00edfic de Barcelona<\/title>\n<meta name=\"description\" content=\"El Parque Cient\u00edfico de Barcelona se acredita de nuevo como miembro de la Red de Unidades de Cultura Cient\u00edfica y de la Innovaci\u00f3n (UCC+I) a trav\u00e9s de la Fundaci\u00f3n Espa\u00f1ola de Ciencia y Tecnolog\u00eda (FECYT) del Ministerio de Ciencia e Innovaci\u00f3n. La UCC+I del PCB realiza divulgaci\u00f3n cient\u00edfica general del conocimiento cient\u00edfico y tecnol\u00f3gico y asesoramiento y formaci\u00f3n del personal investigador en difusi\u00f3n de la ciencia y la tecnolog\u00eda.\u00a0\" \/>\n<meta name=\"robots\" content=\"index, follow, max-snippet:-1, max-image-preview:large, max-video-preview:-1\" \/>\n<link rel=\"canonical\" href=\"https:\/\/www.pcb.ub.edu\/es\/la-fecyt-renueva-su-apoyo-a-la-ucci-del-parc-cientific-de-barcelona\/\" \/>\n<meta property=\"og:locale\" content=\"es_ES\" \/>\n<meta property=\"og:type\" content=\"article\" \/>\n<meta property=\"og:title\" content=\"La FECYT renueva su apoyo a la UCC+I del Parc Cient\u00edfic de Barcelona - Parc Cient\u00edfic de Barcelona\" \/>\n<meta property=\"og:description\" content=\"El Parque Cient\u00edfico de Barcelona se acredita de nuevo como miembro de la Red de Unidades de Cultura Cient\u00edfica y de la Innovaci\u00f3n (UCC+I) a trav\u00e9s de la Fundaci\u00f3n Espa\u00f1ola de Ciencia y Tecnolog\u00eda (FECYT) del Ministerio de Ciencia e Innovaci\u00f3n. La UCC+I del PCB realiza divulgaci\u00f3n cient\u00edfica general del conocimiento cient\u00edfico y tecnol\u00f3gico y asesoramiento y formaci\u00f3n del personal investigador en difusi\u00f3n de la ciencia y la tecnolog\u00eda.\u00a0\" \/>\n<meta property=\"og:url\" content=\"https:\/\/www.pcb.ub.edu\/es\/la-fecyt-renueva-su-apoyo-a-la-ucci-del-parc-cientific-de-barcelona\/\" \/>\n<meta property=\"og:site_name\" content=\"Parc Cient\u00edfic de Barcelona\" \/>\n<meta property=\"article:published_time\" content=\"2023-04-03T08:04:49+00:00\" \/>\n<meta property=\"article:modified_time\" content=\"2023-07-18T13:18:37+00:00\" \/>\n<meta property=\"og:image\" content=\"https:\/\/www.pcb.ub.edu\/wp-content\/uploads\/2023\/07\/FECYT.png\" \/>\n\t<meta property=\"og:image:width\" content=\"948\" \/>\n\t<meta property=\"og:image:height\" content=\"347\" \/>\n\t<meta property=\"og:image:type\" content=\"image\/png\" \/>\n<meta name=\"author\" content=\"Iuris\" \/>\n<meta name=\"twitter:card\" content=\"summary_large_image\" \/>\n<meta name=\"twitter:label1\" content=\"Escrito por\" \/>\n\t<meta name=\"twitter:data1\" content=\"Iuris\" \/>\n\t<meta name=\"twitter:label2\" content=\"Tiempo de lectura\" \/>\n\t<meta name=\"twitter:data2\" content=\"3 minutos\" \/>\n<script type=\"application\/ld+json\" class=\"yoast-schema-graph\">{\"@context\":\"https:\\\/\\\/schema.org\",\"@graph\":[{\"@type\":\"Article\",\"@id\":\"https:\\\/\\\/www.pcb.ub.edu\\\/es\\\/la-fecyt-renueva-su-apoyo-a-la-ucci-del-parc-cientific-de-barcelona\\\/#article\",\"isPartOf\":{\"@id\":\"https:\\\/\\\/www.pcb.ub.edu\\\/es\\\/la-fecyt-renueva-su-apoyo-a-la-ucci-del-parc-cientific-de-barcelona\\\/\"},\"author\":{\"name\":\"Iuris\",\"@id\":\"https:\\\/\\\/www.pcb.ub.edu\\\/es\\\/#\\\/schema\\\/person\\\/2cac99ef7339e3499496b54bb2e12e7d\"},\"headline\":\"La FECYT renueva su apoyo a la UCC+I del Parc Cient\u00edfic de Barcelona\",\"datePublished\":\"2023-04-03T08:04:49+00:00\",\"dateModified\":\"2023-07-18T13:18:37+00:00\",\"mainEntityOfPage\":{\"@id\":\"https:\\\/\\\/www.pcb.ub.edu\\\/es\\\/la-fecyt-renueva-su-apoyo-a-la-ucci-del-parc-cientific-de-barcelona\\\/\"},\"wordCount\":579,\"image\":{\"@id\":\"https:\\\/\\\/www.pcb.ub.edu\\\/es\\\/la-fecyt-renueva-su-apoyo-a-la-ucci-del-parc-cientific-de-barcelona\\\/#primaryimage\"},\"thumbnailUrl\":\"https:\\\/\\\/www.pcb.ub.edu\\\/wp-content\\\/uploads\\\/2023\\\/07\\\/FECYT.png\",\"articleSection\":[\"PCB\"],\"inLanguage\":\"es\"},{\"@type\":\"WebPage\",\"@id\":\"https:\\\/\\\/www.pcb.ub.edu\\\/es\\\/la-fecyt-renueva-su-apoyo-a-la-ucci-del-parc-cientific-de-barcelona\\\/\",\"url\":\"https:\\\/\\\/www.pcb.ub.edu\\\/es\\\/la-fecyt-renueva-su-apoyo-a-la-ucci-del-parc-cientific-de-barcelona\\\/\",\"name\":\"La FECYT renueva su apoyo a la UCC+I del Parc Cient\u00edfic de Barcelona - Parc Cient\u00edfic de Barcelona\",\"isPartOf\":{\"@id\":\"https:\\\/\\\/www.pcb.ub.edu\\\/es\\\/#website\"},\"primaryImageOfPage\":{\"@id\":\"https:\\\/\\\/www.pcb.ub.edu\\\/es\\\/la-fecyt-renueva-su-apoyo-a-la-ucci-del-parc-cientific-de-barcelona\\\/#primaryimage\"},\"image\":{\"@id\":\"https:\\\/\\\/www.pcb.ub.edu\\\/es\\\/la-fecyt-renueva-su-apoyo-a-la-ucci-del-parc-cientific-de-barcelona\\\/#primaryimage\"},\"thumbnailUrl\":\"https:\\\/\\\/www.pcb.ub.edu\\\/wp-content\\\/uploads\\\/2023\\\/07\\\/FECYT.png\",\"datePublished\":\"2023-04-03T08:04:49+00:00\",\"dateModified\":\"2023-07-18T13:18:37+00:00\",\"author\":{\"@id\":\"https:\\\/\\\/www.pcb.ub.edu\\\/es\\\/#\\\/schema\\\/person\\\/2cac99ef7339e3499496b54bb2e12e7d\"},\"description\":\"El Parque Cient\u00edfico de Barcelona se acredita de nuevo como miembro de la Red de Unidades de Cultura Cient\u00edfica y de la Innovaci\u00f3n (UCC+I) a trav\u00e9s de la Fundaci\u00f3n Espa\u00f1ola de Ciencia y Tecnolog\u00eda (FECYT) del Ministerio de Ciencia e Innovaci\u00f3n. La UCC+I del PCB realiza divulgaci\u00f3n cient\u00edfica general del conocimiento cient\u00edfico y tecnol\u00f3gico y asesoramiento y formaci\u00f3n del personal investigador en difusi\u00f3n de la ciencia y la tecnolog\u00eda.\u00a0\",\"breadcrumb\":{\"@id\":\"https:\\\/\\\/www.pcb.ub.edu\\\/es\\\/la-fecyt-renueva-su-apoyo-a-la-ucci-del-parc-cientific-de-barcelona\\\/#breadcrumb\"},\"inLanguage\":\"es\",\"potentialAction\":[{\"@type\":\"ReadAction\",\"target\":[\"https:\\\/\\\/www.pcb.ub.edu\\\/es\\\/la-fecyt-renueva-su-apoyo-a-la-ucci-del-parc-cientific-de-barcelona\\\/\"]}]},{\"@type\":\"ImageObject\",\"inLanguage\":\"es\",\"@id\":\"https:\\\/\\\/www.pcb.ub.edu\\\/es\\\/la-fecyt-renueva-su-apoyo-a-la-ucci-del-parc-cientific-de-barcelona\\\/#primaryimage\",\"url\":\"https:\\\/\\\/www.pcb.ub.edu\\\/wp-content\\\/uploads\\\/2023\\\/07\\\/FECYT.png\",\"contentUrl\":\"https:\\\/\\\/www.pcb.ub.edu\\\/wp-content\\\/uploads\\\/2023\\\/07\\\/FECYT.png\",\"width\":948,\"height\":347},{\"@type\":\"BreadcrumbList\",\"@id\":\"https:\\\/\\\/www.pcb.ub.edu\\\/es\\\/la-fecyt-renueva-su-apoyo-a-la-ucci-del-parc-cientific-de-barcelona\\\/#breadcrumb\",\"itemListElement\":[{\"@type\":\"ListItem\",\"position\":1,\"name\":\"Home\",\"item\":\"https:\\\/\\\/www.pcb.ub.edu\\\/es\\\/\"},{\"@type\":\"ListItem\",\"position\":2,\"name\":\"La FECYT renueva su apoyo a la UCC+I del Parc Cient\u00edfic de Barcelona\"}]},{\"@type\":\"WebSite\",\"@id\":\"https:\\\/\\\/www.pcb.ub.edu\\\/es\\\/#website\",\"url\":\"https:\\\/\\\/www.pcb.ub.edu\\\/es\\\/\",\"name\":\"Parc Cient\u00edfic de Barcelona\",\"description\":\"Universitat de Barcelona\",\"potentialAction\":[{\"@type\":\"SearchAction\",\"target\":{\"@type\":\"EntryPoint\",\"urlTemplate\":\"https:\\\/\\\/www.pcb.ub.edu\\\/es\\\/?s={search_term_string}\"},\"query-input\":{\"@type\":\"PropertyValueSpecification\",\"valueRequired\":true,\"valueName\":\"search_term_string\"}}],\"inLanguage\":\"es\"},{\"@type\":\"Person\",\"@id\":\"https:\\\/\\\/www.pcb.ub.edu\\\/es\\\/#\\\/schema\\\/person\\\/2cac99ef7339e3499496b54bb2e12e7d\",\"name\":\"Iuris\",\"image\":{\"@type\":\"ImageObject\",\"inLanguage\":\"es\",\"@id\":\"https:\\\/\\\/secure.gravatar.com\\\/avatar\\\/a9d1bfedf501cbd8ae27b11de9986604bf4cdcea73b507457dfd4ff5dc770b75?s=96&d=mm&r=g\",\"url\":\"https:\\\/\\\/secure.gravatar.com\\\/avatar\\\/a9d1bfedf501cbd8ae27b11de9986604bf4cdcea73b507457dfd4ff5dc770b75?s=96&d=mm&r=g\",\"contentUrl\":\"https:\\\/\\\/secure.gravatar.com\\\/avatar\\\/a9d1bfedf501cbd8ae27b11de9986604bf4cdcea73b507457dfd4ff5dc770b75?s=96&d=mm&r=g\",\"caption\":\"Iuris\"},\"url\":\"https:\\\/\\\/www.pcb.ub.edu\\\/es\\\/author\\\/adminiuris\\\/\"}]}<\/script>\n<!-- \/ Yoast SEO plugin. -->","yoast_head_json":{"title":"La FECYT renueva su apoyo a la UCC+I del Parc Cient\u00edfic de Barcelona - Parc Cient\u00edfic de Barcelona","description":"El Parque Cient\u00edfico de Barcelona se acredita de nuevo como miembro de la Red de Unidades de Cultura Cient\u00edfica y de la Innovaci\u00f3n (UCC+I) a trav\u00e9s de la Fundaci\u00f3n Espa\u00f1ola de Ciencia y Tecnolog\u00eda (FECYT) del Ministerio de Ciencia e Innovaci\u00f3n. La UCC+I del PCB realiza divulgaci\u00f3n cient\u00edfica general del conocimiento cient\u00edfico y tecnol\u00f3gico y asesoramiento y formaci\u00f3n del personal investigador en difusi\u00f3n de la ciencia y la tecnolog\u00eda.\u00a0","robots":{"index":"index","follow":"follow","max-snippet":"max-snippet:-1","max-image-preview":"max-image-preview:large","max-video-preview":"max-video-preview:-1"},"canonical":"https:\/\/www.pcb.ub.edu\/es\/la-fecyt-renueva-su-apoyo-a-la-ucci-del-parc-cientific-de-barcelona\/","og_locale":"es_ES","og_type":"article","og_title":"La FECYT renueva su apoyo a la UCC+I del Parc Cient\u00edfic de Barcelona - Parc Cient\u00edfic de Barcelona","og_description":"El Parque Cient\u00edfico de Barcelona se acredita de nuevo como miembro de la Red de Unidades de Cultura Cient\u00edfica y de la Innovaci\u00f3n (UCC+I) a trav\u00e9s de la Fundaci\u00f3n Espa\u00f1ola de Ciencia y Tecnolog\u00eda (FECYT) del Ministerio de Ciencia e Innovaci\u00f3n. La UCC+I del PCB realiza divulgaci\u00f3n cient\u00edfica general del conocimiento cient\u00edfico y tecnol\u00f3gico y asesoramiento y formaci\u00f3n del personal investigador en difusi\u00f3n de la ciencia y la tecnolog\u00eda.\u00a0","og_url":"https:\/\/www.pcb.ub.edu\/es\/la-fecyt-renueva-su-apoyo-a-la-ucci-del-parc-cientific-de-barcelona\/","og_site_name":"Parc Cient\u00edfic de Barcelona","article_published_time":"2023-04-03T08:04:49+00:00","article_modified_time":"2023-07-18T13:18:37+00:00","og_image":[{"width":948,"height":347,"url":"https:\/\/www.pcb.ub.edu\/wp-content\/uploads\/2023\/07\/FECYT.png","type":"image\/png"}],"author":"Iuris","twitter_card":"summary_large_image","twitter_misc":{"Escrito por":"Iuris","Tiempo de lectura":"3 minutos"},"schema":{"@context":"https:\/\/schema.org","@graph":[{"@type":"Article","@id":"https:\/\/www.pcb.ub.edu\/es\/la-fecyt-renueva-su-apoyo-a-la-ucci-del-parc-cientific-de-barcelona\/#article","isPartOf":{"@id":"https:\/\/www.pcb.ub.edu\/es\/la-fecyt-renueva-su-apoyo-a-la-ucci-del-parc-cientific-de-barcelona\/"},"author":{"name":"Iuris","@id":"https:\/\/www.pcb.ub.edu\/es\/#\/schema\/person\/2cac99ef7339e3499496b54bb2e12e7d"},"headline":"La FECYT renueva su apoyo a la UCC+I del Parc Cient\u00edfic de Barcelona","datePublished":"2023-04-03T08:04:49+00:00","dateModified":"2023-07-18T13:18:37+00:00","mainEntityOfPage":{"@id":"https:\/\/www.pcb.ub.edu\/es\/la-fecyt-renueva-su-apoyo-a-la-ucci-del-parc-cientific-de-barcelona\/"},"wordCount":579,"image":{"@id":"https:\/\/www.pcb.ub.edu\/es\/la-fecyt-renueva-su-apoyo-a-la-ucci-del-parc-cientific-de-barcelona\/#primaryimage"},"thumbnailUrl":"https:\/\/www.pcb.ub.edu\/wp-content\/uploads\/2023\/07\/FECYT.png","articleSection":["PCB"],"inLanguage":"es"},{"@type":"WebPage","@id":"https:\/\/www.pcb.ub.edu\/es\/la-fecyt-renueva-su-apoyo-a-la-ucci-del-parc-cientific-de-barcelona\/","url":"https:\/\/www.pcb.ub.edu\/es\/la-fecyt-renueva-su-apoyo-a-la-ucci-del-parc-cientific-de-barcelona\/","name":"La FECYT renueva su apoyo a la UCC+I del Parc Cient\u00edfic de Barcelona - Parc Cient\u00edfic de Barcelona","isPartOf":{"@id":"https:\/\/www.pcb.ub.edu\/es\/#website"},"primaryImageOfPage":{"@id":"https:\/\/www.pcb.ub.edu\/es\/la-fecyt-renueva-su-apoyo-a-la-ucci-del-parc-cientific-de-barcelona\/#primaryimage"},"image":{"@id":"https:\/\/www.pcb.ub.edu\/es\/la-fecyt-renueva-su-apoyo-a-la-ucci-del-parc-cientific-de-barcelona\/#primaryimage"},"thumbnailUrl":"https:\/\/www.pcb.ub.edu\/wp-content\/uploads\/2023\/07\/FECYT.png","datePublished":"2023-04-03T08:04:49+00:00","dateModified":"2023-07-18T13:18:37+00:00","author":{"@id":"https:\/\/www.pcb.ub.edu\/es\/#\/schema\/person\/2cac99ef7339e3499496b54bb2e12e7d"},"description":"El Parque Cient\u00edfico de Barcelona se acredita de nuevo como miembro de la Red de Unidades de Cultura Cient\u00edfica y de la Innovaci\u00f3n (UCC+I) a trav\u00e9s de la Fundaci\u00f3n Espa\u00f1ola de Ciencia y Tecnolog\u00eda (FECYT) del Ministerio de Ciencia e Innovaci\u00f3n. La UCC+I del PCB realiza divulgaci\u00f3n cient\u00edfica general del conocimiento cient\u00edfico y tecnol\u00f3gico y asesoramiento y formaci\u00f3n del personal investigador en difusi\u00f3n de la ciencia y la tecnolog\u00eda.\u00a0","breadcrumb":{"@id":"https:\/\/www.pcb.ub.edu\/es\/la-fecyt-renueva-su-apoyo-a-la-ucci-del-parc-cientific-de-barcelona\/#breadcrumb"},"inLanguage":"es","potentialAction":[{"@type":"ReadAction","target":["https:\/\/www.pcb.ub.edu\/es\/la-fecyt-renueva-su-apoyo-a-la-ucci-del-parc-cientific-de-barcelona\/"]}]},{"@type":"ImageObject","inLanguage":"es","@id":"https:\/\/www.pcb.ub.edu\/es\/la-fecyt-renueva-su-apoyo-a-la-ucci-del-parc-cientific-de-barcelona\/#primaryimage","url":"https:\/\/www.pcb.ub.edu\/wp-content\/uploads\/2023\/07\/FECYT.png","contentUrl":"https:\/\/www.pcb.ub.edu\/wp-content\/uploads\/2023\/07\/FECYT.png","width":948,"height":347},{"@type":"BreadcrumbList","@id":"https:\/\/www.pcb.ub.edu\/es\/la-fecyt-renueva-su-apoyo-a-la-ucci-del-parc-cientific-de-barcelona\/#breadcrumb","itemListElement":[{"@type":"ListItem","position":1,"name":"Home","item":"https:\/\/www.pcb.ub.edu\/es\/"},{"@type":"ListItem","position":2,"name":"La FECYT renueva su apoyo a la UCC+I del Parc Cient\u00edfic de Barcelona"}]},{"@type":"WebSite","@id":"https:\/\/www.pcb.ub.edu\/es\/#website","url":"https:\/\/www.pcb.ub.edu\/es\/","name":"Parc Cient\u00edfic de Barcelona","description":"Universitat de Barcelona","potentialAction":[{"@type":"SearchAction","target":{"@type":"EntryPoint","urlTemplate":"https:\/\/www.pcb.ub.edu\/es\/?s={search_term_string}"},"query-input":{"@type":"PropertyValueSpecification","valueRequired":true,"valueName":"search_term_string"}}],"inLanguage":"es"},{"@type":"Person","@id":"https:\/\/www.pcb.ub.edu\/es\/#\/schema\/person\/2cac99ef7339e3499496b54bb2e12e7d","name":"Iuris","image":{"@type":"ImageObject","inLanguage":"es","@id":"https:\/\/secure.gravatar.com\/avatar\/a9d1bfedf501cbd8ae27b11de9986604bf4cdcea73b507457dfd4ff5dc770b75?s=96&d=mm&r=g","url":"https:\/\/secure.gravatar.com\/avatar\/a9d1bfedf501cbd8ae27b11de9986604bf4cdcea73b507457dfd4ff5dc770b75?s=96&d=mm&r=g","contentUrl":"https:\/\/secure.gravatar.com\/avatar\/a9d1bfedf501cbd8ae27b11de9986604bf4cdcea73b507457dfd4ff5dc770b75?s=96&d=mm&r=g","caption":"Iuris"},"url":"https:\/\/www.pcb.ub.edu\/es\/author\/adminiuris\/"}]}},"_links":{"self":[{"href":"https:\/\/www.pcb.ub.edu\/es\/wp-json\/wp\/v2\/posts\/86697","targetHints":{"allow":["GET"]}}],"collection":[{"href":"https:\/\/www.pcb.ub.edu\/es\/wp-json\/wp\/v2\/posts"}],"about":[{"href":"https:\/\/www.pcb.ub.edu\/es\/wp-json\/wp\/v2\/types\/post"}],"author":[{"embeddable":true,"href":"https:\/\/www.pcb.ub.edu\/es\/wp-json\/wp\/v2\/users\/11"}],"replies":[{"embeddable":true,"href":"https:\/\/www.pcb.ub.edu\/es\/wp-json\/wp\/v2\/comments?post=86697"}],"version-history":[{"count":3,"href":"https:\/\/www.pcb.ub.edu\/es\/wp-json\/wp\/v2\/posts\/86697\/revisions"}],"predecessor-version":[{"id":86700,"href":"https:\/\/www.pcb.ub.edu\/es\/wp-json\/wp\/v2\/posts\/86697\/revisions\/86700"}],"wp:featuredmedia":[{"embeddable":true,"href":"https:\/\/www.pcb.ub.edu\/es\/wp-json\/wp\/v2\/media\/86692"}],"wp:attachment":[{"href":"https:\/\/www.pcb.ub.edu\/es\/wp-json\/wp\/v2\/media?parent=86697"}],"wp:term":[{"taxonomy":"category","embeddable":true,"href":"https:\/\/www.pcb.ub.edu\/es\/wp-json\/wp\/v2\/categories?post=86697"},{"taxonomy":"post_tag","embeddable":true,"href":"https:\/\/www.pcb.ub.edu\/es\/wp-json\/wp\/v2\/tags?post=86697"}],"curies":[{"name":"wp","href":"https:\/\/api.w.org\/{rel}","templated":true}]}}