{"id":86178,"date":"2023-07-05T08:54:08","date_gmt":"2023-07-05T06:54:08","guid":{"rendered":"https:\/\/www.pcb.ub.edu\/?p=86178"},"modified":"2023-07-05T08:58:40","modified_gmt":"2023-07-05T06:58:40","slug":"el-reloj-interno-de-nuestras-celulas-se-ve-afectado-por-las-fuerzas-mecanicas","status":"publish","type":"post","link":"https:\/\/www.pcb.ub.edu\/es\/el-reloj-interno-de-nuestras-celulas-se-ve-afectado-por-las-fuerzas-mecanicas\/","title":{"rendered":"El reloj interno de nuestras c\u00e9lulas se ve afectado por las fuerzas mec\u00e1nicas"},"content":{"rendered":"<p><strong>Entender c\u00f3mo funciona el envejecimiento y ciertas enfermedades asociadas como algunos tipos de c\u00e1ncer es uno de los grandes retos actuales de la ciencia. Ahora, investigadores del IBEC, con sede en el Parc Cient\u00edfic de Barcelona, han dado un paso m\u00e1s en este conocimiento demostrando c\u00f3mo las fuerzas f\u00edsicas desregulan el reloj circadiario de las c\u00e9lulas, el mecanismo que controla los cambios fisiol\u00f3gicos cada 24 h. El hallazgo puede ayudar a entender mejor esta interacci\u00f3n, puesto que el reloj circadiario deja de funcionar correctamente con el envejecimiento y ciertas enfermedades.<\/strong><\/p>\n<p>Los seres vivos poseen un ciclo biol\u00f3gico interno, conocido como reloj circadiano, que regula actividades fisiol\u00f3gicas fundamentales como el metabolismo, las variaciones hormonales, de temperatura corporal y de tensi\u00f3n arterial.<\/p>\n<p>El correcto funcionamiento del reloj es fundamental para que los seres vivos puedan anticiparse a los cambios entre el d\u00eda y la noche, y adaptar su fisiolog\u00eda para hacerle frente. El ejemplo paradigm\u00e1tico de un desajuste de este reloj con evidentes efectos fisiol\u00f3gicos es el famoso jet lag que se produce cuando atravesamos distintos husos horarios en avi\u00f3n.<\/p>\n<p>Un grupo de investigadores liderados por el profesor de investigaci\u00f3n ICREA y l\u00edder del grupo\u00a0<a href=\"https:\/\/ibecbarcelona.eu\/integrative\" target=\"_blank\" rel=\"noopener\">Din\u00e1mica Integrativa de c\u00e9lulas y tejidos<\/a>\u00a0del IBEC, Xavier Trepat, han dado un paso m\u00e1s para descifrar su funcionamiento describiendo el mecanismo por el que el reloj circadiario de las c\u00e9lulas se desregula en respuesta a fuerzas f\u00edsicas externas. <strong>La investigaci\u00f3n, publicada recientemente en el<\/strong> <em>Journal of Cell Biology<\/em> es producto de una colaboraci\u00f3n entre el IBEC y la Universidad Pompeu Fabra en Barcelona.<\/p>\n<p><strong>La prote\u00edna YAP es fundamental en la desregulaci\u00f3n del reloj interno en respuesta a fuerzas f\u00edsicas<\/strong><\/p>\n<p>En los mam\u00edferos, el reloj circadiario central se localiza en el cerebro y se regula principalmente por la luz. Sin embargo, cada c\u00e9lula tiene su peque\u00f1o reloj interno que percibe y se adapta al microambiente que le rodea.<\/p>\n<p>A trav\u00e9s de experimentos <em>in vitro<\/em> utilizando fibroblastos de rat\u00f3n, c\u00e9lulas del tejido conectivo encargadas entre otras cosas de mantener su estructura, los investigadores han visto que la prote\u00edna YAP (del ingl\u00e9s <em>Yes-Associated Protein<\/em>), es la clave en la desregulaci\u00f3n del reloj circadiario. Esta misma prote\u00edna tambi\u00e9n controla la proliferaci\u00f3n celular y est\u00e1 relacionada con el desarrollo de met\u00e1stasis en distintos tipos de c\u00e1ncer.<\/p>\n<p>La prote\u00edna YAP es el punto hacia el que confluyen las se\u00f1ales mec\u00e1nicas externas y que hace que las c\u00e9lulas sean capaces de percibir la rigidez de su entorno. YAP se encuentra en forma inactiva en el citoplasma de las c\u00e9lulas, y en respuesta a est\u00edmulos mec\u00e1nicos, se activa y entra en el n\u00facleo, donde act\u00faa concretamente sobre algunos genes \u201cdiana\u201d iniciando una respuesta al est\u00edmulo inicial.<\/p>\n<p>Los investigadores han utilizado t\u00e9cnicas avanzadas de microscop\u00eda confocal, microfabricaci\u00f3n y an\u00e1lisis customizados por ordenador para estudiar el funcionamiento del reloj circadiario en c\u00e9lulas individuales. Han aplicado perturbaciones mec\u00e1nicas, bioqu\u00edmicas y gen\u00e9ticas de manera controlada sobre las c\u00e9lulas y han visto que uno de esos genes \u201cdiana\u201d de YAP es <em>Rev-erb\u03b1<\/em>, un gen clave en el control del reloj circadiario.<\/p>\n<p>La observaci\u00f3n de que YAP altera el ritmo de las c\u00e9lulas a\u00f1ade una nueva dimensi\u00f3n a la regulaci\u00f3n del reloj circadiario y aporta elementos que pueden contribuir a explicar por qu\u00e9 deja de funcionar correctamente en c\u00e9lulas cancerosas y en proceso de envejecimiento.<\/p>\n<p><strong>\u00bb M\u00e1s informaci\u00f3n en la web del IBEC: <\/strong><a href=\"https:\/\/ibecbarcelona.eu\/ca\/el-rellotge-intern-de-les-nostres-cellules-es-veu-afectat-per-les-forces-mecaniques\" target=\"_blank\" rel=\"noopener\">https:\/\/ibecbarcelona.eu\/ca\/el-rellotge-intern-de-les-nostres-cellules-es-veu-afectat-per-les-forces-mecaniques<\/a><\/p>\n","protected":false},"excerpt":{"rendered":"<p>Entender c\u00f3mo funciona el envejecimiento y ciertas enfermedades asociadas como algunos tipos de c\u00e1ncer es uno de los grandes retos actuales de la ciencia. Ahora, investigadores del IBEC, con sede&#8230;<\/p>\n","protected":false},"author":11,"featured_media":86176,"comment_status":"closed","ping_status":"closed","sticky":false,"template":"","format":"standard","meta":{"_acf_changed":false,"inline_featured_image":false,"footnotes":""},"categories":[24],"tags":[],"class_list":["post-86178","post","type-post","status-publish","format-standard","has-post-thumbnail","category-ciencia"],"acf":[],"yoast_head":"<!-- This site is optimized with the Yoast SEO plugin v27.3 - https:\/\/yoast.com\/product\/yoast-seo-wordpress\/ -->\n<title>El reloj interno de nuestras c\u00e9lulas se ve afectado por las fuerzas mec\u00e1nicas - Parc Cient\u00edfic de Barcelona<\/title>\n<meta name=\"robots\" content=\"index, follow, max-snippet:-1, max-image-preview:large, max-video-preview:-1\" \/>\n<link rel=\"canonical\" href=\"https:\/\/www.pcb.ub.edu\/es\/el-reloj-interno-de-nuestras-celulas-se-ve-afectado-por-las-fuerzas-mecanicas\/\" \/>\n<meta property=\"og:locale\" content=\"es_ES\" \/>\n<meta property=\"og:type\" content=\"article\" \/>\n<meta property=\"og:title\" content=\"El reloj interno de nuestras c\u00e9lulas se ve afectado por las fuerzas mec\u00e1nicas - Parc Cient\u00edfic de Barcelona\" \/>\n<meta property=\"og:description\" content=\"Entender c\u00f3mo funciona el envejecimiento y ciertas enfermedades asociadas como algunos tipos de c\u00e1ncer es uno de los grandes retos actuales de la ciencia. Ahora, investigadores del IBEC, con sede...\" \/>\n<meta property=\"og:url\" content=\"https:\/\/www.pcb.ub.edu\/es\/el-reloj-interno-de-nuestras-celulas-se-ve-afectado-por-las-fuerzas-mecanicas\/\" \/>\n<meta property=\"og:site_name\" content=\"Parc Cient\u00edfic de Barcelona\" \/>\n<meta property=\"article:published_time\" content=\"2023-07-05T06:54:08+00:00\" \/>\n<meta property=\"article:modified_time\" content=\"2023-07-05T06:58:40+00:00\" \/>\n<meta property=\"og:image\" content=\"https:\/\/www.pcb.ub.edu\/wp-content\/uploads\/2023\/07\/rellotge.jpg\" \/>\n\t<meta property=\"og:image:width\" content=\"948\" \/>\n\t<meta property=\"og:image:height\" content=\"347\" \/>\n\t<meta property=\"og:image:type\" content=\"image\/jpeg\" \/>\n<meta name=\"author\" content=\"Iuris\" \/>\n<meta name=\"twitter:card\" content=\"summary_large_image\" \/>\n<meta name=\"twitter:label1\" content=\"Escrito por\" \/>\n\t<meta name=\"twitter:data1\" content=\"Iuris\" \/>\n\t<meta name=\"twitter:label2\" content=\"Tiempo de lectura\" \/>\n\t<meta name=\"twitter:data2\" content=\"4 minutos\" \/>\n<script type=\"application\/ld+json\" class=\"yoast-schema-graph\">{\"@context\":\"https:\\\/\\\/schema.org\",\"@graph\":[{\"@type\":\"Article\",\"@id\":\"https:\\\/\\\/www.pcb.ub.edu\\\/es\\\/el-reloj-interno-de-nuestras-celulas-se-ve-afectado-por-las-fuerzas-mecanicas\\\/#article\",\"isPartOf\":{\"@id\":\"https:\\\/\\\/www.pcb.ub.edu\\\/es\\\/el-reloj-interno-de-nuestras-celulas-se-ve-afectado-por-las-fuerzas-mecanicas\\\/\"},\"author\":{\"name\":\"Iuris\",\"@id\":\"https:\\\/\\\/www.pcb.ub.edu\\\/es\\\/#\\\/schema\\\/person\\\/2cac99ef7339e3499496b54bb2e12e7d\"},\"headline\":\"El reloj interno de nuestras c\u00e9lulas se ve afectado por las fuerzas mec\u00e1nicas\",\"datePublished\":\"2023-07-05T06:54:08+00:00\",\"dateModified\":\"2023-07-05T06:58:40+00:00\",\"mainEntityOfPage\":{\"@id\":\"https:\\\/\\\/www.pcb.ub.edu\\\/es\\\/el-reloj-interno-de-nuestras-celulas-se-ve-afectado-por-las-fuerzas-mecanicas\\\/\"},\"wordCount\":641,\"image\":{\"@id\":\"https:\\\/\\\/www.pcb.ub.edu\\\/es\\\/el-reloj-interno-de-nuestras-celulas-se-ve-afectado-por-las-fuerzas-mecanicas\\\/#primaryimage\"},\"thumbnailUrl\":\"https:\\\/\\\/www.pcb.ub.edu\\\/wp-content\\\/uploads\\\/2023\\\/07\\\/rellotge.jpg\",\"articleSection\":[\"CIENCIA\"],\"inLanguage\":\"es\"},{\"@type\":\"WebPage\",\"@id\":\"https:\\\/\\\/www.pcb.ub.edu\\\/es\\\/el-reloj-interno-de-nuestras-celulas-se-ve-afectado-por-las-fuerzas-mecanicas\\\/\",\"url\":\"https:\\\/\\\/www.pcb.ub.edu\\\/es\\\/el-reloj-interno-de-nuestras-celulas-se-ve-afectado-por-las-fuerzas-mecanicas\\\/\",\"name\":\"El reloj interno de nuestras c\u00e9lulas se ve afectado por las fuerzas mec\u00e1nicas - Parc Cient\u00edfic de Barcelona\",\"isPartOf\":{\"@id\":\"https:\\\/\\\/www.pcb.ub.edu\\\/es\\\/#website\"},\"primaryImageOfPage\":{\"@id\":\"https:\\\/\\\/www.pcb.ub.edu\\\/es\\\/el-reloj-interno-de-nuestras-celulas-se-ve-afectado-por-las-fuerzas-mecanicas\\\/#primaryimage\"},\"image\":{\"@id\":\"https:\\\/\\\/www.pcb.ub.edu\\\/es\\\/el-reloj-interno-de-nuestras-celulas-se-ve-afectado-por-las-fuerzas-mecanicas\\\/#primaryimage\"},\"thumbnailUrl\":\"https:\\\/\\\/www.pcb.ub.edu\\\/wp-content\\\/uploads\\\/2023\\\/07\\\/rellotge.jpg\",\"datePublished\":\"2023-07-05T06:54:08+00:00\",\"dateModified\":\"2023-07-05T06:58:40+00:00\",\"author\":{\"@id\":\"https:\\\/\\\/www.pcb.ub.edu\\\/es\\\/#\\\/schema\\\/person\\\/2cac99ef7339e3499496b54bb2e12e7d\"},\"breadcrumb\":{\"@id\":\"https:\\\/\\\/www.pcb.ub.edu\\\/es\\\/el-reloj-interno-de-nuestras-celulas-se-ve-afectado-por-las-fuerzas-mecanicas\\\/#breadcrumb\"},\"inLanguage\":\"es\",\"potentialAction\":[{\"@type\":\"ReadAction\",\"target\":[\"https:\\\/\\\/www.pcb.ub.edu\\\/es\\\/el-reloj-interno-de-nuestras-celulas-se-ve-afectado-por-las-fuerzas-mecanicas\\\/\"]}]},{\"@type\":\"ImageObject\",\"inLanguage\":\"es\",\"@id\":\"https:\\\/\\\/www.pcb.ub.edu\\\/es\\\/el-reloj-interno-de-nuestras-celulas-se-ve-afectado-por-las-fuerzas-mecanicas\\\/#primaryimage\",\"url\":\"https:\\\/\\\/www.pcb.ub.edu\\\/wp-content\\\/uploads\\\/2023\\\/07\\\/rellotge.jpg\",\"contentUrl\":\"https:\\\/\\\/www.pcb.ub.edu\\\/wp-content\\\/uploads\\\/2023\\\/07\\\/rellotge.jpg\",\"width\":948,\"height\":347},{\"@type\":\"BreadcrumbList\",\"@id\":\"https:\\\/\\\/www.pcb.ub.edu\\\/es\\\/el-reloj-interno-de-nuestras-celulas-se-ve-afectado-por-las-fuerzas-mecanicas\\\/#breadcrumb\",\"itemListElement\":[{\"@type\":\"ListItem\",\"position\":1,\"name\":\"Home\",\"item\":\"https:\\\/\\\/www.pcb.ub.edu\\\/es\\\/\"},{\"@type\":\"ListItem\",\"position\":2,\"name\":\"El reloj interno de nuestras c\u00e9lulas se ve afectado por las fuerzas mec\u00e1nicas\"}]},{\"@type\":\"WebSite\",\"@id\":\"https:\\\/\\\/www.pcb.ub.edu\\\/es\\\/#website\",\"url\":\"https:\\\/\\\/www.pcb.ub.edu\\\/es\\\/\",\"name\":\"Parc Cient\u00edfic de Barcelona\",\"description\":\"Universitat de Barcelona\",\"potentialAction\":[{\"@type\":\"SearchAction\",\"target\":{\"@type\":\"EntryPoint\",\"urlTemplate\":\"https:\\\/\\\/www.pcb.ub.edu\\\/es\\\/?s={search_term_string}\"},\"query-input\":{\"@type\":\"PropertyValueSpecification\",\"valueRequired\":true,\"valueName\":\"search_term_string\"}}],\"inLanguage\":\"es\"},{\"@type\":\"Person\",\"@id\":\"https:\\\/\\\/www.pcb.ub.edu\\\/es\\\/#\\\/schema\\\/person\\\/2cac99ef7339e3499496b54bb2e12e7d\",\"name\":\"Iuris\",\"image\":{\"@type\":\"ImageObject\",\"inLanguage\":\"es\",\"@id\":\"https:\\\/\\\/secure.gravatar.com\\\/avatar\\\/a9d1bfedf501cbd8ae27b11de9986604bf4cdcea73b507457dfd4ff5dc770b75?s=96&d=mm&r=g\",\"url\":\"https:\\\/\\\/secure.gravatar.com\\\/avatar\\\/a9d1bfedf501cbd8ae27b11de9986604bf4cdcea73b507457dfd4ff5dc770b75?s=96&d=mm&r=g\",\"contentUrl\":\"https:\\\/\\\/secure.gravatar.com\\\/avatar\\\/a9d1bfedf501cbd8ae27b11de9986604bf4cdcea73b507457dfd4ff5dc770b75?s=96&d=mm&r=g\",\"caption\":\"Iuris\"},\"url\":\"https:\\\/\\\/www.pcb.ub.edu\\\/es\\\/author\\\/adminiuris\\\/\"}]}<\/script>\n<!-- \/ Yoast SEO plugin. -->","yoast_head_json":{"title":"El reloj interno de nuestras c\u00e9lulas se ve afectado por las fuerzas mec\u00e1nicas - Parc Cient\u00edfic de Barcelona","robots":{"index":"index","follow":"follow","max-snippet":"max-snippet:-1","max-image-preview":"max-image-preview:large","max-video-preview":"max-video-preview:-1"},"canonical":"https:\/\/www.pcb.ub.edu\/es\/el-reloj-interno-de-nuestras-celulas-se-ve-afectado-por-las-fuerzas-mecanicas\/","og_locale":"es_ES","og_type":"article","og_title":"El reloj interno de nuestras c\u00e9lulas se ve afectado por las fuerzas mec\u00e1nicas - Parc Cient\u00edfic de Barcelona","og_description":"Entender c\u00f3mo funciona el envejecimiento y ciertas enfermedades asociadas como algunos tipos de c\u00e1ncer es uno de los grandes retos actuales de la ciencia. Ahora, investigadores del IBEC, con sede...","og_url":"https:\/\/www.pcb.ub.edu\/es\/el-reloj-interno-de-nuestras-celulas-se-ve-afectado-por-las-fuerzas-mecanicas\/","og_site_name":"Parc Cient\u00edfic de Barcelona","article_published_time":"2023-07-05T06:54:08+00:00","article_modified_time":"2023-07-05T06:58:40+00:00","og_image":[{"width":948,"height":347,"url":"https:\/\/www.pcb.ub.edu\/wp-content\/uploads\/2023\/07\/rellotge.jpg","type":"image\/jpeg"}],"author":"Iuris","twitter_card":"summary_large_image","twitter_misc":{"Escrito por":"Iuris","Tiempo de lectura":"4 minutos"},"schema":{"@context":"https:\/\/schema.org","@graph":[{"@type":"Article","@id":"https:\/\/www.pcb.ub.edu\/es\/el-reloj-interno-de-nuestras-celulas-se-ve-afectado-por-las-fuerzas-mecanicas\/#article","isPartOf":{"@id":"https:\/\/www.pcb.ub.edu\/es\/el-reloj-interno-de-nuestras-celulas-se-ve-afectado-por-las-fuerzas-mecanicas\/"},"author":{"name":"Iuris","@id":"https:\/\/www.pcb.ub.edu\/es\/#\/schema\/person\/2cac99ef7339e3499496b54bb2e12e7d"},"headline":"El reloj interno de nuestras c\u00e9lulas se ve afectado por las fuerzas mec\u00e1nicas","datePublished":"2023-07-05T06:54:08+00:00","dateModified":"2023-07-05T06:58:40+00:00","mainEntityOfPage":{"@id":"https:\/\/www.pcb.ub.edu\/es\/el-reloj-interno-de-nuestras-celulas-se-ve-afectado-por-las-fuerzas-mecanicas\/"},"wordCount":641,"image":{"@id":"https:\/\/www.pcb.ub.edu\/es\/el-reloj-interno-de-nuestras-celulas-se-ve-afectado-por-las-fuerzas-mecanicas\/#primaryimage"},"thumbnailUrl":"https:\/\/www.pcb.ub.edu\/wp-content\/uploads\/2023\/07\/rellotge.jpg","articleSection":["CIENCIA"],"inLanguage":"es"},{"@type":"WebPage","@id":"https:\/\/www.pcb.ub.edu\/es\/el-reloj-interno-de-nuestras-celulas-se-ve-afectado-por-las-fuerzas-mecanicas\/","url":"https:\/\/www.pcb.ub.edu\/es\/el-reloj-interno-de-nuestras-celulas-se-ve-afectado-por-las-fuerzas-mecanicas\/","name":"El reloj interno de nuestras c\u00e9lulas se ve afectado por las fuerzas mec\u00e1nicas - Parc Cient\u00edfic de Barcelona","isPartOf":{"@id":"https:\/\/www.pcb.ub.edu\/es\/#website"},"primaryImageOfPage":{"@id":"https:\/\/www.pcb.ub.edu\/es\/el-reloj-interno-de-nuestras-celulas-se-ve-afectado-por-las-fuerzas-mecanicas\/#primaryimage"},"image":{"@id":"https:\/\/www.pcb.ub.edu\/es\/el-reloj-interno-de-nuestras-celulas-se-ve-afectado-por-las-fuerzas-mecanicas\/#primaryimage"},"thumbnailUrl":"https:\/\/www.pcb.ub.edu\/wp-content\/uploads\/2023\/07\/rellotge.jpg","datePublished":"2023-07-05T06:54:08+00:00","dateModified":"2023-07-05T06:58:40+00:00","author":{"@id":"https:\/\/www.pcb.ub.edu\/es\/#\/schema\/person\/2cac99ef7339e3499496b54bb2e12e7d"},"breadcrumb":{"@id":"https:\/\/www.pcb.ub.edu\/es\/el-reloj-interno-de-nuestras-celulas-se-ve-afectado-por-las-fuerzas-mecanicas\/#breadcrumb"},"inLanguage":"es","potentialAction":[{"@type":"ReadAction","target":["https:\/\/www.pcb.ub.edu\/es\/el-reloj-interno-de-nuestras-celulas-se-ve-afectado-por-las-fuerzas-mecanicas\/"]}]},{"@type":"ImageObject","inLanguage":"es","@id":"https:\/\/www.pcb.ub.edu\/es\/el-reloj-interno-de-nuestras-celulas-se-ve-afectado-por-las-fuerzas-mecanicas\/#primaryimage","url":"https:\/\/www.pcb.ub.edu\/wp-content\/uploads\/2023\/07\/rellotge.jpg","contentUrl":"https:\/\/www.pcb.ub.edu\/wp-content\/uploads\/2023\/07\/rellotge.jpg","width":948,"height":347},{"@type":"BreadcrumbList","@id":"https:\/\/www.pcb.ub.edu\/es\/el-reloj-interno-de-nuestras-celulas-se-ve-afectado-por-las-fuerzas-mecanicas\/#breadcrumb","itemListElement":[{"@type":"ListItem","position":1,"name":"Home","item":"https:\/\/www.pcb.ub.edu\/es\/"},{"@type":"ListItem","position":2,"name":"El reloj interno de nuestras c\u00e9lulas se ve afectado por las fuerzas mec\u00e1nicas"}]},{"@type":"WebSite","@id":"https:\/\/www.pcb.ub.edu\/es\/#website","url":"https:\/\/www.pcb.ub.edu\/es\/","name":"Parc Cient\u00edfic de Barcelona","description":"Universitat de Barcelona","potentialAction":[{"@type":"SearchAction","target":{"@type":"EntryPoint","urlTemplate":"https:\/\/www.pcb.ub.edu\/es\/?s={search_term_string}"},"query-input":{"@type":"PropertyValueSpecification","valueRequired":true,"valueName":"search_term_string"}}],"inLanguage":"es"},{"@type":"Person","@id":"https:\/\/www.pcb.ub.edu\/es\/#\/schema\/person\/2cac99ef7339e3499496b54bb2e12e7d","name":"Iuris","image":{"@type":"ImageObject","inLanguage":"es","@id":"https:\/\/secure.gravatar.com\/avatar\/a9d1bfedf501cbd8ae27b11de9986604bf4cdcea73b507457dfd4ff5dc770b75?s=96&d=mm&r=g","url":"https:\/\/secure.gravatar.com\/avatar\/a9d1bfedf501cbd8ae27b11de9986604bf4cdcea73b507457dfd4ff5dc770b75?s=96&d=mm&r=g","contentUrl":"https:\/\/secure.gravatar.com\/avatar\/a9d1bfedf501cbd8ae27b11de9986604bf4cdcea73b507457dfd4ff5dc770b75?s=96&d=mm&r=g","caption":"Iuris"},"url":"https:\/\/www.pcb.ub.edu\/es\/author\/adminiuris\/"}]}},"_links":{"self":[{"href":"https:\/\/www.pcb.ub.edu\/es\/wp-json\/wp\/v2\/posts\/86178","targetHints":{"allow":["GET"]}}],"collection":[{"href":"https:\/\/www.pcb.ub.edu\/es\/wp-json\/wp\/v2\/posts"}],"about":[{"href":"https:\/\/www.pcb.ub.edu\/es\/wp-json\/wp\/v2\/types\/post"}],"author":[{"embeddable":true,"href":"https:\/\/www.pcb.ub.edu\/es\/wp-json\/wp\/v2\/users\/11"}],"replies":[{"embeddable":true,"href":"https:\/\/www.pcb.ub.edu\/es\/wp-json\/wp\/v2\/comments?post=86178"}],"version-history":[{"count":1,"href":"https:\/\/www.pcb.ub.edu\/es\/wp-json\/wp\/v2\/posts\/86178\/revisions"}],"predecessor-version":[{"id":86179,"href":"https:\/\/www.pcb.ub.edu\/es\/wp-json\/wp\/v2\/posts\/86178\/revisions\/86179"}],"wp:featuredmedia":[{"embeddable":true,"href":"https:\/\/www.pcb.ub.edu\/es\/wp-json\/wp\/v2\/media\/86176"}],"wp:attachment":[{"href":"https:\/\/www.pcb.ub.edu\/es\/wp-json\/wp\/v2\/media?parent=86178"}],"wp:term":[{"taxonomy":"category","embeddable":true,"href":"https:\/\/www.pcb.ub.edu\/es\/wp-json\/wp\/v2\/categories?post=86178"},{"taxonomy":"post_tag","embeddable":true,"href":"https:\/\/www.pcb.ub.edu\/es\/wp-json\/wp\/v2\/tags?post=86178"}],"curies":[{"name":"wp","href":"https:\/\/api.w.org\/{rel}","templated":true}]}}