{"id":85956,"date":"2023-06-28T11:43:34","date_gmt":"2023-06-28T09:43:34","guid":{"rendered":"https:\/\/www.pcb.ub.edu\/?p=85956"},"modified":"2025-10-13T15:25:01","modified_gmt":"2025-10-13T13:25:01","slug":"welab-barcelona-y-fundacion-medina-colaboraran-para-avanzar-en-la-id-de-nuevos-farmacos","status":"publish","type":"post","link":"https:\/\/www.pcb.ub.edu\/es\/welab-barcelona-y-fundacion-medina-colaboraran-para-avanzar-en-la-id-de-nuevos-farmacos\/","title":{"rendered":"Welab Barcelona y Fundaci\u00f3n MEDINA colaborar\u00e1n para avanzar en la I+D de nuevos f\u00e1rmacos"},"content":{"rendered":"<p><strong><a href=\"https:\/\/www.pcb.ub.edu\/es\/empresa\/welab-barcelona\/\" target=\"_blank\" rel=\"noopener\">Welab Barcelona<\/a>, centro de investigaci\u00f3n integral para el descubrimiento de f\u00e1rmacos y el desarrollo precl\u00ednico impulsado por <a href=\"https:\/\/www.leitat.org\/\" target=\"_blank\" rel=\"noopener\">Leitat<\/a> e instalado en el <a href=\"https:\/\/www.pcb.ub.edu\/es\/\" target=\"_blank\" rel=\"noopener\">Parque Cient\u00edfico de Barcelona<\/a>, y <a href=\"https:\/\/www.medinadiscovery.com\/es\/\" target=\"_blank\" rel=\"noopener\">Fundaci\u00f3n MEDINA<\/a>, centro de excelencia en investigaci\u00f3n de medicamentos innovadores, anuncian su colaboraci\u00f3n para proporcionar servicios enfocados en nuevos agentes terap\u00e9uticos, con el fin de acelerar la identificaci\u00f3n y el desarrollo de terapias innovadoras a partir de la investigaci\u00f3n de peque\u00f1as mol\u00e9culas y productos naturales.<\/strong><\/p>\n<p>Acelerar el camino hacia el desarrollo cl\u00ednico de proyectos de descubrimiento de f\u00e1rmacos provenientes de iniciativas acad\u00e9micas, biotecnol\u00f3gicas o farmac\u00e9uticas es esencial para el descubrimiento de nuevas estrategias terap\u00e9uticas.<\/p>\n<p>Esta colaboraci\u00f3n permitir\u00e1 combinar la experiencia y los recursos de ambas organizaciones para el descubrimiento y desarrollo de nuevas terapias. Welab Barcelona, plataforma puntera de descubrimiento y desarrollo de f\u00e1rmacos integrada en el Centro Tecnol\u00f3gico Leitat, proporcionar\u00e1 acceso a sus capacidades, experiencia y conocimiento para apoyar la investigaci\u00f3n y el desarrollo farmac\u00e9utico. MEDINA, un centro de referencia internacional en el descubrimiento de nuevos productos naturales, proporcionar\u00e1 acceso a sus avanzadas plataformas tecnol\u00f3gicas de HTS y su experiencia en qu\u00edmica de productos naturales para apoyar programas innovadores en nuevos f\u00e1rmacos.<\/p>\n<p>La colaboraci\u00f3n aprovecha la amplia experiencia de Welab y MEDINA en el descubrimiento de f\u00e1rmacos y sus extensas carteras de tecnolog\u00edas de vanguardia, para facilitar la identificaci\u00f3n de nuevos compuestos y \/ o acelerar el camino hacia el desarrollo cl\u00ednico de proyectos de descubrimiento de f\u00e1rmacos de la academia, la industria biotecnol\u00f3gica o las compa\u00f1\u00edas farmac\u00e9uticas.<\/p>\n<p>En palabras de <strong>Jos\u00e9 Miguel Vela<\/strong>, director cient\u00edfico de Welab: \u00abLa innovaci\u00f3n tiene muchos ingredientes, pero una sola f\u00f3rmula: colaboraci\u00f3n. Welab Barcelona est\u00e1 colaborando activamente con socios estrat\u00e9gicos para fortalecer la cartera de servicios de investigaci\u00f3n y desarrollo y proporcionar soluciones de investigaci\u00f3n y desarrollo mejores y m\u00e1s r\u00e1pidas. Esta colaboraci\u00f3n permitir\u00e1 que ambas organizaciones privadas sin \u00e1nimo de lucro unan fuerzas agregando capacidades de investigaci\u00f3n, experiencia y conocimiento complementarios. Estamos firmemente convencidos de que la colaboraci\u00f3n es el camino para hacer frente a los desaf\u00edos actuales en el campo de la salud, en particular el descubrimiento de nuevos medicamentos que aborden las necesidades m\u00e9dicas no cubiertas\u00bb.<\/p>\n<p>En la misma l\u00ednea, <strong>Olga Genilloud<\/strong>, directora cient\u00edfica de MEDINA, opina: \u00abCreemos que esta colaboraci\u00f3n entre dos Centros de descubrimiento de f\u00e1rmacos complementarios y el enfoque multidisciplinario combinado que representa es una oportunidad \u00fanica para fortalecer las capacidades de descubrimiento y desarrollo de f\u00e1rmacos en Espa\u00f1a y para apoyar al sector acad\u00e9mico, as\u00ed como a las empresas biotecnol\u00f3gicas y farmac\u00e9uticas, en su avance durante las primeras etapas de investigaci\u00f3n y desarrollo precl\u00ednico\u00bb.<\/p>\n<p>Los dos centros combinar\u00e1n su experiencia en investigaci\u00f3n y su conocimiento en los campos de la biolog\u00eda, la qu\u00edmica y la farmacolog\u00eda para permitir el avance de la I+D de nuevos f\u00e1rmacos en Espa\u00f1a.<\/p>\n","protected":false},"excerpt":{"rendered":"<p>Welab Barcelona, centro de investigaci\u00f3n integral para el descubrimiento de f\u00e1rmacos y el desarrollo precl\u00ednico impulsado por Leitat e instalado en el Parque Cient\u00edfico de Barcelona, y Fundaci\u00f3n MEDINA, centro&#8230;<\/p>\n","protected":false},"author":11,"featured_media":86000,"comment_status":"closed","ping_status":"closed","sticky":false,"template":"","format":"standard","meta":{"_acf_changed":false,"inline_featured_image":false,"footnotes":""},"categories":[356],"tags":[],"class_list":["post-85956","post","type-post","status-publish","format-standard","has-post-thumbnail","category-empresas"],"acf":[],"yoast_head":"<!-- This site is optimized with the Yoast SEO plugin v27.3 - https:\/\/yoast.com\/product\/yoast-seo-wordpress\/ -->\n<title>Welab Barcelona y Fundaci\u00f3n MEDINA colaborar\u00e1n para avanzar en la I+D de nuevos f\u00e1rmacos - Parc Cient\u00edfic de Barcelona<\/title>\n<meta name=\"robots\" content=\"index, follow, max-snippet:-1, max-image-preview:large, max-video-preview:-1\" \/>\n<link rel=\"canonical\" href=\"https:\/\/www.pcb.ub.edu\/es\/welab-barcelona-y-fundacion-medina-colaboraran-para-avanzar-en-la-id-de-nuevos-farmacos\/\" \/>\n<meta property=\"og:locale\" content=\"es_ES\" \/>\n<meta property=\"og:type\" content=\"article\" \/>\n<meta property=\"og:title\" content=\"Welab Barcelona y Fundaci\u00f3n MEDINA colaborar\u00e1n para avanzar en la I+D de nuevos f\u00e1rmacos - Parc Cient\u00edfic de Barcelona\" \/>\n<meta property=\"og:description\" content=\"Welab Barcelona, centro de investigaci\u00f3n integral para el descubrimiento de f\u00e1rmacos y el desarrollo precl\u00ednico impulsado por Leitat e instalado en el Parque Cient\u00edfico de Barcelona, y Fundaci\u00f3n MEDINA, centro...\" \/>\n<meta property=\"og:url\" content=\"https:\/\/www.pcb.ub.edu\/es\/welab-barcelona-y-fundacion-medina-colaboraran-para-avanzar-en-la-id-de-nuevos-farmacos\/\" \/>\n<meta property=\"og:site_name\" content=\"Parc Cient\u00edfic de Barcelona\" \/>\n<meta property=\"article:published_time\" content=\"2023-06-28T09:43:34+00:00\" \/>\n<meta property=\"article:modified_time\" content=\"2025-10-13T13:25:01+00:00\" \/>\n<meta property=\"og:image\" content=\"https:\/\/www.pcb.ub.edu\/wp-content\/uploads\/2023\/06\/welab.jpg\" \/>\n\t<meta property=\"og:image:width\" content=\"948\" \/>\n\t<meta property=\"og:image:height\" content=\"347\" \/>\n\t<meta property=\"og:image:type\" content=\"image\/jpeg\" \/>\n<meta name=\"author\" content=\"Iuris\" \/>\n<meta name=\"twitter:card\" content=\"summary_large_image\" \/>\n<meta name=\"twitter:label1\" content=\"Escrito por\" \/>\n\t<meta name=\"twitter:data1\" content=\"Iuris\" \/>\n\t<meta name=\"twitter:label2\" content=\"Tiempo de lectura\" \/>\n\t<meta name=\"twitter:data2\" content=\"3 minutos\" \/>\n<script type=\"application\/ld+json\" class=\"yoast-schema-graph\">{\"@context\":\"https:\\\/\\\/schema.org\",\"@graph\":[{\"@type\":\"Article\",\"@id\":\"https:\\\/\\\/www.pcb.ub.edu\\\/es\\\/welab-barcelona-y-fundacion-medina-colaboraran-para-avanzar-en-la-id-de-nuevos-farmacos\\\/#article\",\"isPartOf\":{\"@id\":\"https:\\\/\\\/www.pcb.ub.edu\\\/es\\\/welab-barcelona-y-fundacion-medina-colaboraran-para-avanzar-en-la-id-de-nuevos-farmacos\\\/\"},\"author\":{\"name\":\"Iuris\",\"@id\":\"https:\\\/\\\/www.pcb.ub.edu\\\/es\\\/#\\\/schema\\\/person\\\/2cac99ef7339e3499496b54bb2e12e7d\"},\"headline\":\"Welab Barcelona y Fundaci\u00f3n MEDINA colaborar\u00e1n para avanzar en la I+D de nuevos f\u00e1rmacos\",\"datePublished\":\"2023-06-28T09:43:34+00:00\",\"dateModified\":\"2025-10-13T13:25:01+00:00\",\"mainEntityOfPage\":{\"@id\":\"https:\\\/\\\/www.pcb.ub.edu\\\/es\\\/welab-barcelona-y-fundacion-medina-colaboraran-para-avanzar-en-la-id-de-nuevos-farmacos\\\/\"},\"wordCount\":544,\"image\":{\"@id\":\"https:\\\/\\\/www.pcb.ub.edu\\\/es\\\/welab-barcelona-y-fundacion-medina-colaboraran-para-avanzar-en-la-id-de-nuevos-farmacos\\\/#primaryimage\"},\"thumbnailUrl\":\"https:\\\/\\\/www.pcb.ub.edu\\\/wp-content\\\/uploads\\\/2023\\\/06\\\/welab.jpg\",\"articleSection\":[\"EMPRESAS\"],\"inLanguage\":\"es\"},{\"@type\":\"WebPage\",\"@id\":\"https:\\\/\\\/www.pcb.ub.edu\\\/es\\\/welab-barcelona-y-fundacion-medina-colaboraran-para-avanzar-en-la-id-de-nuevos-farmacos\\\/\",\"url\":\"https:\\\/\\\/www.pcb.ub.edu\\\/es\\\/welab-barcelona-y-fundacion-medina-colaboraran-para-avanzar-en-la-id-de-nuevos-farmacos\\\/\",\"name\":\"Welab Barcelona y Fundaci\u00f3n MEDINA colaborar\u00e1n para avanzar en la I+D de nuevos f\u00e1rmacos - Parc Cient\u00edfic de Barcelona\",\"isPartOf\":{\"@id\":\"https:\\\/\\\/www.pcb.ub.edu\\\/es\\\/#website\"},\"primaryImageOfPage\":{\"@id\":\"https:\\\/\\\/www.pcb.ub.edu\\\/es\\\/welab-barcelona-y-fundacion-medina-colaboraran-para-avanzar-en-la-id-de-nuevos-farmacos\\\/#primaryimage\"},\"image\":{\"@id\":\"https:\\\/\\\/www.pcb.ub.edu\\\/es\\\/welab-barcelona-y-fundacion-medina-colaboraran-para-avanzar-en-la-id-de-nuevos-farmacos\\\/#primaryimage\"},\"thumbnailUrl\":\"https:\\\/\\\/www.pcb.ub.edu\\\/wp-content\\\/uploads\\\/2023\\\/06\\\/welab.jpg\",\"datePublished\":\"2023-06-28T09:43:34+00:00\",\"dateModified\":\"2025-10-13T13:25:01+00:00\",\"author\":{\"@id\":\"https:\\\/\\\/www.pcb.ub.edu\\\/es\\\/#\\\/schema\\\/person\\\/2cac99ef7339e3499496b54bb2e12e7d\"},\"breadcrumb\":{\"@id\":\"https:\\\/\\\/www.pcb.ub.edu\\\/es\\\/welab-barcelona-y-fundacion-medina-colaboraran-para-avanzar-en-la-id-de-nuevos-farmacos\\\/#breadcrumb\"},\"inLanguage\":\"es\",\"potentialAction\":[{\"@type\":\"ReadAction\",\"target\":[\"https:\\\/\\\/www.pcb.ub.edu\\\/es\\\/welab-barcelona-y-fundacion-medina-colaboraran-para-avanzar-en-la-id-de-nuevos-farmacos\\\/\"]}]},{\"@type\":\"ImageObject\",\"inLanguage\":\"es\",\"@id\":\"https:\\\/\\\/www.pcb.ub.edu\\\/es\\\/welab-barcelona-y-fundacion-medina-colaboraran-para-avanzar-en-la-id-de-nuevos-farmacos\\\/#primaryimage\",\"url\":\"https:\\\/\\\/www.pcb.ub.edu\\\/wp-content\\\/uploads\\\/2023\\\/06\\\/welab.jpg\",\"contentUrl\":\"https:\\\/\\\/www.pcb.ub.edu\\\/wp-content\\\/uploads\\\/2023\\\/06\\\/welab.jpg\",\"width\":948,\"height\":347},{\"@type\":\"BreadcrumbList\",\"@id\":\"https:\\\/\\\/www.pcb.ub.edu\\\/es\\\/welab-barcelona-y-fundacion-medina-colaboraran-para-avanzar-en-la-id-de-nuevos-farmacos\\\/#breadcrumb\",\"itemListElement\":[{\"@type\":\"ListItem\",\"position\":1,\"name\":\"Home\",\"item\":\"https:\\\/\\\/www.pcb.ub.edu\\\/es\\\/\"},{\"@type\":\"ListItem\",\"position\":2,\"name\":\"Welab Barcelona y Fundaci\u00f3n MEDINA colaborar\u00e1n para avanzar en la I+D de nuevos f\u00e1rmacos\"}]},{\"@type\":\"WebSite\",\"@id\":\"https:\\\/\\\/www.pcb.ub.edu\\\/es\\\/#website\",\"url\":\"https:\\\/\\\/www.pcb.ub.edu\\\/es\\\/\",\"name\":\"Parc Cient\u00edfic de Barcelona\",\"description\":\"Universitat de Barcelona\",\"potentialAction\":[{\"@type\":\"SearchAction\",\"target\":{\"@type\":\"EntryPoint\",\"urlTemplate\":\"https:\\\/\\\/www.pcb.ub.edu\\\/es\\\/?s={search_term_string}\"},\"query-input\":{\"@type\":\"PropertyValueSpecification\",\"valueRequired\":true,\"valueName\":\"search_term_string\"}}],\"inLanguage\":\"es\"},{\"@type\":\"Person\",\"@id\":\"https:\\\/\\\/www.pcb.ub.edu\\\/es\\\/#\\\/schema\\\/person\\\/2cac99ef7339e3499496b54bb2e12e7d\",\"name\":\"Iuris\",\"image\":{\"@type\":\"ImageObject\",\"inLanguage\":\"es\",\"@id\":\"https:\\\/\\\/secure.gravatar.com\\\/avatar\\\/a9d1bfedf501cbd8ae27b11de9986604bf4cdcea73b507457dfd4ff5dc770b75?s=96&d=mm&r=g\",\"url\":\"https:\\\/\\\/secure.gravatar.com\\\/avatar\\\/a9d1bfedf501cbd8ae27b11de9986604bf4cdcea73b507457dfd4ff5dc770b75?s=96&d=mm&r=g\",\"contentUrl\":\"https:\\\/\\\/secure.gravatar.com\\\/avatar\\\/a9d1bfedf501cbd8ae27b11de9986604bf4cdcea73b507457dfd4ff5dc770b75?s=96&d=mm&r=g\",\"caption\":\"Iuris\"},\"url\":\"https:\\\/\\\/www.pcb.ub.edu\\\/es\\\/author\\\/adminiuris\\\/\"}]}<\/script>\n<!-- \/ Yoast SEO plugin. -->","yoast_head_json":{"title":"Welab Barcelona y Fundaci\u00f3n MEDINA colaborar\u00e1n para avanzar en la I+D de nuevos f\u00e1rmacos - Parc Cient\u00edfic de Barcelona","robots":{"index":"index","follow":"follow","max-snippet":"max-snippet:-1","max-image-preview":"max-image-preview:large","max-video-preview":"max-video-preview:-1"},"canonical":"https:\/\/www.pcb.ub.edu\/es\/welab-barcelona-y-fundacion-medina-colaboraran-para-avanzar-en-la-id-de-nuevos-farmacos\/","og_locale":"es_ES","og_type":"article","og_title":"Welab Barcelona y Fundaci\u00f3n MEDINA colaborar\u00e1n para avanzar en la I+D de nuevos f\u00e1rmacos - Parc Cient\u00edfic de Barcelona","og_description":"Welab Barcelona, centro de investigaci\u00f3n integral para el descubrimiento de f\u00e1rmacos y el desarrollo precl\u00ednico impulsado por Leitat e instalado en el Parque Cient\u00edfico de Barcelona, y Fundaci\u00f3n MEDINA, centro...","og_url":"https:\/\/www.pcb.ub.edu\/es\/welab-barcelona-y-fundacion-medina-colaboraran-para-avanzar-en-la-id-de-nuevos-farmacos\/","og_site_name":"Parc Cient\u00edfic de Barcelona","article_published_time":"2023-06-28T09:43:34+00:00","article_modified_time":"2025-10-13T13:25:01+00:00","og_image":[{"width":948,"height":347,"url":"https:\/\/www.pcb.ub.edu\/wp-content\/uploads\/2023\/06\/welab.jpg","type":"image\/jpeg"}],"author":"Iuris","twitter_card":"summary_large_image","twitter_misc":{"Escrito por":"Iuris","Tiempo de lectura":"3 minutos"},"schema":{"@context":"https:\/\/schema.org","@graph":[{"@type":"Article","@id":"https:\/\/www.pcb.ub.edu\/es\/welab-barcelona-y-fundacion-medina-colaboraran-para-avanzar-en-la-id-de-nuevos-farmacos\/#article","isPartOf":{"@id":"https:\/\/www.pcb.ub.edu\/es\/welab-barcelona-y-fundacion-medina-colaboraran-para-avanzar-en-la-id-de-nuevos-farmacos\/"},"author":{"name":"Iuris","@id":"https:\/\/www.pcb.ub.edu\/es\/#\/schema\/person\/2cac99ef7339e3499496b54bb2e12e7d"},"headline":"Welab Barcelona y Fundaci\u00f3n MEDINA colaborar\u00e1n para avanzar en la I+D de nuevos f\u00e1rmacos","datePublished":"2023-06-28T09:43:34+00:00","dateModified":"2025-10-13T13:25:01+00:00","mainEntityOfPage":{"@id":"https:\/\/www.pcb.ub.edu\/es\/welab-barcelona-y-fundacion-medina-colaboraran-para-avanzar-en-la-id-de-nuevos-farmacos\/"},"wordCount":544,"image":{"@id":"https:\/\/www.pcb.ub.edu\/es\/welab-barcelona-y-fundacion-medina-colaboraran-para-avanzar-en-la-id-de-nuevos-farmacos\/#primaryimage"},"thumbnailUrl":"https:\/\/www.pcb.ub.edu\/wp-content\/uploads\/2023\/06\/welab.jpg","articleSection":["EMPRESAS"],"inLanguage":"es"},{"@type":"WebPage","@id":"https:\/\/www.pcb.ub.edu\/es\/welab-barcelona-y-fundacion-medina-colaboraran-para-avanzar-en-la-id-de-nuevos-farmacos\/","url":"https:\/\/www.pcb.ub.edu\/es\/welab-barcelona-y-fundacion-medina-colaboraran-para-avanzar-en-la-id-de-nuevos-farmacos\/","name":"Welab Barcelona y Fundaci\u00f3n MEDINA colaborar\u00e1n para avanzar en la I+D de nuevos f\u00e1rmacos - Parc Cient\u00edfic de Barcelona","isPartOf":{"@id":"https:\/\/www.pcb.ub.edu\/es\/#website"},"primaryImageOfPage":{"@id":"https:\/\/www.pcb.ub.edu\/es\/welab-barcelona-y-fundacion-medina-colaboraran-para-avanzar-en-la-id-de-nuevos-farmacos\/#primaryimage"},"image":{"@id":"https:\/\/www.pcb.ub.edu\/es\/welab-barcelona-y-fundacion-medina-colaboraran-para-avanzar-en-la-id-de-nuevos-farmacos\/#primaryimage"},"thumbnailUrl":"https:\/\/www.pcb.ub.edu\/wp-content\/uploads\/2023\/06\/welab.jpg","datePublished":"2023-06-28T09:43:34+00:00","dateModified":"2025-10-13T13:25:01+00:00","author":{"@id":"https:\/\/www.pcb.ub.edu\/es\/#\/schema\/person\/2cac99ef7339e3499496b54bb2e12e7d"},"breadcrumb":{"@id":"https:\/\/www.pcb.ub.edu\/es\/welab-barcelona-y-fundacion-medina-colaboraran-para-avanzar-en-la-id-de-nuevos-farmacos\/#breadcrumb"},"inLanguage":"es","potentialAction":[{"@type":"ReadAction","target":["https:\/\/www.pcb.ub.edu\/es\/welab-barcelona-y-fundacion-medina-colaboraran-para-avanzar-en-la-id-de-nuevos-farmacos\/"]}]},{"@type":"ImageObject","inLanguage":"es","@id":"https:\/\/www.pcb.ub.edu\/es\/welab-barcelona-y-fundacion-medina-colaboraran-para-avanzar-en-la-id-de-nuevos-farmacos\/#primaryimage","url":"https:\/\/www.pcb.ub.edu\/wp-content\/uploads\/2023\/06\/welab.jpg","contentUrl":"https:\/\/www.pcb.ub.edu\/wp-content\/uploads\/2023\/06\/welab.jpg","width":948,"height":347},{"@type":"BreadcrumbList","@id":"https:\/\/www.pcb.ub.edu\/es\/welab-barcelona-y-fundacion-medina-colaboraran-para-avanzar-en-la-id-de-nuevos-farmacos\/#breadcrumb","itemListElement":[{"@type":"ListItem","position":1,"name":"Home","item":"https:\/\/www.pcb.ub.edu\/es\/"},{"@type":"ListItem","position":2,"name":"Welab Barcelona y Fundaci\u00f3n MEDINA colaborar\u00e1n para avanzar en la I+D de nuevos f\u00e1rmacos"}]},{"@type":"WebSite","@id":"https:\/\/www.pcb.ub.edu\/es\/#website","url":"https:\/\/www.pcb.ub.edu\/es\/","name":"Parc Cient\u00edfic de Barcelona","description":"Universitat de Barcelona","potentialAction":[{"@type":"SearchAction","target":{"@type":"EntryPoint","urlTemplate":"https:\/\/www.pcb.ub.edu\/es\/?s={search_term_string}"},"query-input":{"@type":"PropertyValueSpecification","valueRequired":true,"valueName":"search_term_string"}}],"inLanguage":"es"},{"@type":"Person","@id":"https:\/\/www.pcb.ub.edu\/es\/#\/schema\/person\/2cac99ef7339e3499496b54bb2e12e7d","name":"Iuris","image":{"@type":"ImageObject","inLanguage":"es","@id":"https:\/\/secure.gravatar.com\/avatar\/a9d1bfedf501cbd8ae27b11de9986604bf4cdcea73b507457dfd4ff5dc770b75?s=96&d=mm&r=g","url":"https:\/\/secure.gravatar.com\/avatar\/a9d1bfedf501cbd8ae27b11de9986604bf4cdcea73b507457dfd4ff5dc770b75?s=96&d=mm&r=g","contentUrl":"https:\/\/secure.gravatar.com\/avatar\/a9d1bfedf501cbd8ae27b11de9986604bf4cdcea73b507457dfd4ff5dc770b75?s=96&d=mm&r=g","caption":"Iuris"},"url":"https:\/\/www.pcb.ub.edu\/es\/author\/adminiuris\/"}]}},"_links":{"self":[{"href":"https:\/\/www.pcb.ub.edu\/es\/wp-json\/wp\/v2\/posts\/85956","targetHints":{"allow":["GET"]}}],"collection":[{"href":"https:\/\/www.pcb.ub.edu\/es\/wp-json\/wp\/v2\/posts"}],"about":[{"href":"https:\/\/www.pcb.ub.edu\/es\/wp-json\/wp\/v2\/types\/post"}],"author":[{"embeddable":true,"href":"https:\/\/www.pcb.ub.edu\/es\/wp-json\/wp\/v2\/users\/11"}],"replies":[{"embeddable":true,"href":"https:\/\/www.pcb.ub.edu\/es\/wp-json\/wp\/v2\/comments?post=85956"}],"version-history":[{"count":9,"href":"https:\/\/www.pcb.ub.edu\/es\/wp-json\/wp\/v2\/posts\/85956\/revisions"}],"predecessor-version":[{"id":87810,"href":"https:\/\/www.pcb.ub.edu\/es\/wp-json\/wp\/v2\/posts\/85956\/revisions\/87810"}],"wp:featuredmedia":[{"embeddable":true,"href":"https:\/\/www.pcb.ub.edu\/es\/wp-json\/wp\/v2\/media\/86000"}],"wp:attachment":[{"href":"https:\/\/www.pcb.ub.edu\/es\/wp-json\/wp\/v2\/media?parent=85956"}],"wp:term":[{"taxonomy":"category","embeddable":true,"href":"https:\/\/www.pcb.ub.edu\/es\/wp-json\/wp\/v2\/categories?post=85956"},{"taxonomy":"post_tag","embeddable":true,"href":"https:\/\/www.pcb.ub.edu\/es\/wp-json\/wp\/v2\/tags?post=85956"}],"curies":[{"name":"wp","href":"https:\/\/api.w.org\/{rel}","templated":true}]}}