{"id":85535,"date":"2023-06-14T08:52:57","date_gmt":"2023-06-14T06:52:57","guid":{"rendered":"https:\/\/www.pcb.ub.edu\/?p=85535"},"modified":"2025-05-02T10:44:30","modified_gmt":"2025-05-02T08:44:30","slug":"las-empresas-del-parque-cientifico-de-barcelona-captan-142me-en-2022-y-baten-un-record-historico","status":"publish","type":"post","link":"https:\/\/www.pcb.ub.edu\/es\/las-empresas-del-parque-cientifico-de-barcelona-captan-142me-en-2022-y-baten-un-record-historico\/","title":{"rendered":"Las empresas del Parque Cient\u00edfico de Barcelona captan 142 M\u20ac en 2022 y baten un r\u00e9cord hist\u00f3rico"},"content":{"rendered":"<p><strong>2022 ha sido un a\u00f1o hist\u00f3rico en indicadores econ\u00f3micos y de innovaci\u00f3n para el <a href=\"https:\/\/www.pcb.ub.edu\/es\/comunidad\/\" target=\"_blank\" rel=\"noopener\">ecosistema emprendedor<\/a> del <\/strong><strong>Parque Cient\u00edfico de Barcelona (PCB)<\/strong><strong>. La financiaci\u00f3n levantada por las empresas que forman parte de la Comunidad PCB, en operaciones identificadas en el ejercicio 2022, alcanz\u00f3 los 142 M\u20ac, un r\u00e9cord absoluto, de los que 83 M\u20ac (un 58%) provinieron de capital privado. Estas cifras, que reflejan la consolidaci\u00f3n del sector de ciencias de la vida en Catalu\u00f1a, llegan en el 25 aniversario de la fundaci\u00f3n del PCB por parte de la Universidad de Barcelona.<\/strong><\/p>\n<p>Estos datos suponen un crecimiento que multiplica por 4 la financiaci\u00f3n conseguida en las operaciones identificadas en el ejercicio 2021, a\u00f1o en el que las empresas instaladas en el Parque protagonizaron operaciones por valor de 39 M\u20ac. S\u00f3lo un a\u00f1o m\u00e1s tarde se han cerrado operaciones individuales que ya superan esta cifra acumulada de 2021. Es el caso de <strong>SpliceBio<\/strong>, empresa biotecnol\u00f3gica de terapia g\u00e9nica basada en tecnolog\u00eda desarrollada en la Universidad de Princeton, que encabeza el ranking del Parque en importe levantado en rondas.<\/p>\n<h3><strong>Atracci\u00f3n de capital privado<\/strong><\/h3>\n<p>La &#8216;deep tech&#8217; <strong>SpliceBio<\/strong> capt\u00f3 <a href=\"https:\/\/www.pcb.ub.edu\/es\/la-biotecnologica-splicebio-cierra-una-ronda-series-a-de-50-millones-de-euros\/\" target=\"_blank\" rel=\"noopener\">50 M\u20ac<\/a>, la tercera ronda m\u00e1s alta de 2022 registrada en la BioRegi\u00f3n, la Serie A mayor levantada por una biotecnol\u00f3gica en Espa\u00f1a y la ronda m\u00e1s alta firmada nunca por una empresa ubicada en el Parque Cient\u00edfico. Fue reconocida \u201cSerie A del a\u00f1o\u201d en los <a href=\"https:\/\/www.pcb.ub.edu\/es\/splicebio-recibe-el-premio-a-la-ronda-de-inversion-serie-a-del-ano-en-los-european-lifestars-awards\/\" target=\"_blank\" rel=\"noopener\">European Lifestars Awards<\/a>. La operaci\u00f3n fue coliderada por UCB Ventures (B\u00e9lgica) y Ysios Capital (Espa\u00f1a) y cont\u00f3 con la participaci\u00f3n de New Enterprise Associates (NEA, Estados Unidos), Gilde Healthcare (Pa\u00edses Bajos), Novartis Venture Fund (Suiza) y Asabys Partners (Espa\u00f1a).<\/p>\n<p>La segunda ronda en importe fue cerrada por <strong>DeepUll,<\/strong> que contin\u00faa su progresivo crecimiento combinando financiaci\u00f3n privada y p\u00fablica. La empresa, especializada en el desarrollo de soluciones diagn\u00f3sticas sin cultivo y asequibles para la identificaci\u00f3n temprana de la sepsis y otras infecciones agudas, levant\u00f3 <a href=\"https:\/\/www.pcb.ub.edu\/es\/deepull-levanta-13-me-en-una-ronda-serie-b-para-avanzar-en-la-plataforma-de-deteccion-precoz-de-la-sepsis\/\" target=\"_blank\" rel=\"noopener\">13 M\u20ac<\/a> en una ronda Serie B para avanzar en la plataforma de detecci\u00f3n precoz de la sepsis. La operaci\u00f3n fue liderada por Innvierte (Ministerio de Ciencia e Innovaci\u00f3n de Espa\u00f1a \u2013 CDTI), y un inversor estrat\u00e9gico que no se ha hecho p\u00fablico, y cont\u00f3 tambi\u00e9n con la participaci\u00f3n de los preexistentes Kurma Partners, Alta Life Sciences, UI Investissement (asesorado por M\u00e9rieux Equity Partners) y Axis Participaciones Empresariales. En 2022 DeepUll tambi\u00e9n recibi\u00f3 un pr\u00e9stamo de <a href=\"https:\/\/www.pcb.ub.edu\/es\/deepull-recibe-un-prestamo-de-20me-del-bei-que-agilizara-la-deteccion-y-el-diagnostico-precoz-de-la-sepsis\/\" target=\"_blank\" rel=\"noopener\">20 M\u20ac<\/a> del Banco Europeo de Inversiones (BEI).<\/p>\n<p>En 2022 <strong>Pangaea Oncology<\/strong>, vinculada al Parque Cient\u00edfico de Barcelona como empresa asociada, protagoniz\u00f3 una de las operaciones m\u00e1s relevantes del a\u00f1o en el mercado burs\u00e1til espa\u00f1ol BME Growth. La compa\u00f1\u00eda, l\u00edder de servicios m\u00e9dicos de oncolog\u00eda de precisi\u00f3n, capt\u00f3 <a href=\"https:\/\/www.pcb.ub.edu\/es\/pangaea-oncology-capta-12-me-para-acelerar-su-crecimiento\/\" target=\"_blank\" rel=\"noopener\">12 M\u20ac<\/a> a trav\u00e9s de dos ampliaciones de capital. Los nuevos accionistas fueron liderados por relevantes inversores institucionales.<\/p>\n<p>Dentro del grupo de empresas que levantaron entre 1 y 3 M\u20ac de financiaci\u00f3n privada destacan: <strong>Newborn Solutions <\/strong>(2,7 M\u20ac); <strong>CIRCE Scientific<\/strong> (1,71 M\u20ac), <strong>GAT Biosciences<\/strong> (1,33 M\u20ac) y <strong>GAT Therapeutics<\/strong> (1,5 M\u20ac). Otras compa\u00f1\u00edas del Parque que consiguieron una inversi\u00f3n de menos de 1M\u20ac son <strong>Bioliquid<\/strong> e <strong>IDP Pharma<\/strong>.<\/p>\n<p>\u201cEl Parque se sigue posicionando, con la actividad que genera, como pieza fundamental del Eix Salut Diagonal. Las cifras de fuerte crecimiento en financiaci\u00f3n e inversi\u00f3n protagonizadas por nuestras entidades son un s\u00edntoma de la confianza y de la apuesta por estos proyectos, la mayor\u00eda de los cuales auguran un futuro muy esperanzador para todo el ecosistema de salud, empezando por la industria y finalizando en el paciente. Quiero destacar tambi\u00e9n el \u00e9xito de SpliceBio, una empresa con fuerte arraigo en el Parque que ha logrado cerrar la tercera ronda m\u00e1s alta de un territorio tan competitivo a escala europea como la BioRegi\u00f3n\u201d, explica <strong>Maria Terrades<\/strong>, directora del Parque Cient\u00edfico de Barcelona.<\/p>\n<h3><strong>Captaci\u00f3n de fondos p\u00fablicos<\/strong><\/h3>\n<p>En 2022 un gran n\u00famero de empresas del Parque recurrieron en 2022 a la financiaci\u00f3n p\u00fablica, vehiculada a trav\u00e9s de convocatorias competitivas regionales, nacionales y europeas, para ampliar considerablemente su capacidad de financiaci\u00f3n. Es el caso de <strong>INBRAIN Neuroelectronics<\/strong>, una spin-off del Instituto Catal\u00e1n de Nanociencia y Nanotecnolog\u00eda (ICN2) e ICREA, que fue seleccionada para recibir financiaci\u00f3n del programa EIC Accelerator por valor de <a href=\"https:\/\/www.pcb.ub.edu\/es\/inbrain-neuroelectronics-recibe-175-me-de-la-comision-europea-a-traves-del-eic-accelerator\/\" target=\"_blank\" rel=\"noopener\">17,5 M\u20ac<\/a> por su papel como compa\u00f1\u00eda estrat\u00e9gica para la innovaci\u00f3n sanitaria europea. La inversi\u00f3n apoya el desarrollo y comercializaci\u00f3n de su interfaz neuronal de grafeno.<\/p>\n<p><strong>Aptadel Therapeutics<\/strong>, una empresa precl\u00ednica cofundada por el IDIBELL que desarrolla la primera terapia basada en nanopart\u00edculas de ARN contra el c\u00e1ncer infantil Sarcoma de Ewing, capt\u00f3 <strong>3,65 M\u20ac<\/strong> de fondos p\u00fablicos en 2022: <a href=\"https:\/\/aptadeltx.com\/aptadel-therapeutics-awarded-eurostars-grant\/\" target=\"_blank\" rel=\"noopener\">1,87 M \u20ac<\/a> de una beca Eurostarts (programa EUREKA y Horizon 2020 de la CE) y una ayuda de 1,78 M\u20ac del Ministerio de Ciencia e Innovaci\u00f3n a trav\u00e9s del Programa Estatal de I+D+i Orientado a los Retos de la Sociedad de la Agencia Estatal de Investigaci\u00f3n (AEI).<\/p>\n<p>Por su parte, <strong>Gate2Brain<\/strong>, una spin-off de la UB, el IRB Barcelona y el Instituto de Investigaci\u00f3n Sant Joan de D\u00e9u (IRSJD)-Hospital Sant Joan de D\u00e9u (SJD)\u2013 recibi\u00f3 un total de <strong>3,12 M\u20ac<\/strong> de financiaci\u00f3n p\u00fablica en 2022 para impulsar la fase precl\u00ednica reguladora de su f\u00e1rmaco G2B-002, dirigido a los tumores cerebrales de barrera intacta: <a href=\"https:\/\/www.pcb.ub.edu\/es\/gate2brain-recibe-25me-de-la-comision-europea-a-traves-del-programa-eic-accelerator\/\" target=\"_blank\" rel=\"noopener\">2,5 M\u20ac<\/a> del programa EIC Accelerator; y otras ayudas de la convocatoria CaixaResearch Consolidate de Fundaci\u00f3n \u201cla Caixa\u201d y del programa Neotec del CDTI.<\/p>\n<p>Otras operaciones destacables de empresas instaladas en el PCB las protagonizaron <strong>Newborn Solutions<\/strong> -centrada en el desarrollo de un dispositivo first-in-class para la detecci\u00f3n y monitorizaci\u00f3n no invasiva de la meningitis infantil y otras infecciones en l\u00edquidos serosos- que obtuvo <strong>3,48 M\u20ac:<\/strong> <a href=\"https:\/\/newborn.solutions\/newborn-solution-selected-by-eic-accelerator-program\/\" target=\"_blank\" rel=\"noopener\">2,5 M\u20ac<\/a> del programa EIC Accelerator, y otras aportaciones de Bill &amp; Melinda Gates Foundation, y del proyecto Listen2Future, una KDT JU (Key Digital Technologies Joint Undertaking) dentro del programa Horizon Europe .<\/p>\n<p>Entre las empresas que levantaron entre 1 y 3M\u20ac se encuentran: <strong>OneChain<\/strong> (3 M\u20ac); <strong>Oxolife<\/strong>, (2,4 M\u20ac), <strong>MiMARK<\/strong> (1,2 M\u20ac), <strong>IDP Pharma<\/strong> (1,2 M\u20ac), <strong>GAT Therapeutics<\/strong> (0,8 \u20ac), <strong>Roka Furadada<\/strong> (0,8 M\u20ac) y <strong>Dan\u00b7na<\/strong> (0, 4 M\u20ac). Tres de estas empresas: OneChain, MiMARK y Dan\u00b7na forman parte de la aceleradora BCN Health Booster, puesta en marcha por el Parque en 2021 con la colaboraci\u00f3n del Ayuntamiento de Barcelona, \u200b\u200bBarcelona Activa y Biocat. Y entre las que ganaron convocatorias p\u00fablicas competitivas de menos de 1 M\u20ac cabe mencionar a <strong>CIRCE Scientific<\/strong> (0,6 M\u20ac), <strong>Bioliquid Innovative Genetics<\/strong> (0,5 M<strong>\u20ac), Nuage Therapeutics<\/strong> (0,2 M\u20ac), <strong>GAT Biosciences<\/strong> (0,2 M\u20ac) y <strong>Pharmacelera<\/strong> (0,2 M\u20ac).<\/p>\n<h3><strong>Consultoras y venture building<\/strong><\/h3>\n<p>Por su parte, la consultora <strong>GENESIS Biomed<\/strong> contribuy\u00f3 a la <strong>creaci\u00f3n de 2 nuevas startup y spin-off<\/strong> (Anais Medical y RetinaReadRisk) y ayud\u00f3 a cerrar dos rondas para otras dos ya constituidas (Mowoot y Thytech) por valor de <strong>1,6 M\u20ac<\/strong>. Tambi\u00e9n, con la idea de dar continuidad al fondo GENESIS Ventures, actualmente en fase de desinversi\u00f3n, la compa\u00f1\u00eda constituy\u00f3 en 2022 con FI Group y Crowd4Ventures su segundo veh\u00edculo, <a href=\"https:\/\/genesis-biomed.com\/es\/genesis-biomed-y-fi-group-crean-genesis-tech-transfer-boost\/\" target=\"_blank\" rel=\"noopener\">GENESIS Tech Transfer Boost<\/a>, dotado con <strong>1 M\u20ac<\/strong> para los pr\u00f3ximos 4 a\u00f1os y dirigido a proyectos early stage del \u00e1mbito de la investigaci\u00f3n sanitaria. En 2022 fue reconocida con el <a href=\"https:\/\/www.pcb.ub.edu\/es\/genesis-biomed-galardonada-en-la-xi-edicion-de-los-premios-nacionales-el-suplemento\/\" target=\"_blank\" rel=\"noopener\">Premio a la Mejor Consultora Biom\u00e9dica<\/a> en la XI Edici\u00f3n de los Premios Nacionales El Suplemento y cerr\u00f3 el ejercicio con un crecimiento de volumen de negocio de un <strong>28%<\/strong> respecto al a\u00f1o anterior.<\/p>\n<p>Por \u00faltimo, en 2022 <strong>Arian Internacional<\/strong>, consultora estrat\u00e9gica en <a href=\"https:\/\/arianinternational.eu\/\" target=\"_blank\" rel=\"noopener\">internacionalizaci\u00f3n y financiaci\u00f3n europea a la innovaci\u00f3n<\/a>, especializada en startups tecnol\u00f3gicas, <strong>asesor\u00f3 a 23 startups y pymes<\/strong>, el 75% de ellas lideradas por mujeres, trabajando en el desarrollo de su estrategia de crecimiento internacional y acceso a la financiaci\u00f3n europea (EIC Accelerator, EIT Health, Eurostars, Innowwide y WomenTech EU). Los resultados de las empresas asesoradas en el sector biotech, 11 en total, han sido muy positivos, consiguiendo m\u00e1s de <strong>5 M\u20ac<\/strong> en subvenciones p\u00fablicas y <strong>16 M\u20ac<\/strong> en venture capital.<\/p>\n<h3><b><span data-contrast=\"none\">Casos de \u00e9xito<\/span><\/b><span data-ccp-props=\"{&quot;201341983&quot;:0,&quot;335551550&quot;:6,&quot;335551620&quot;:6,&quot;335559739&quot;:0,&quot;335559740&quot;:240}\">\u00a0<\/span><\/h3>\n<p><span data-contrast=\"none\">La biotecnol\u00f3gica norteamericana <\/span><b><span data-contrast=\"none\">VeriSIM Life<\/span><\/b><span data-contrast=\"none\"> -un referente global en plataformas computacionales de \u00faltima generaci\u00f3n para el desarrollo de f\u00e1rmacos- <\/span><a href=\"https:\/\/www.pcb.ub.edu\/es\/la-biotecnologica-norteamericana-verisim-life-adquiere-la-startup-molomics-biotech\/\" target=\"_blank\" rel=\"noopener\"><span data-contrast=\"none\"><strong>adquiri\u00f3 la startup Molomics Biotech<\/strong><\/span><\/a><span data-contrast=\"none\">, propietaria de una tecnolog\u00eda &#8216;deep tech&#8217; patentada que combina la inteligencia colectiva humana con la inteligencia artificial para el dise\u00f1o de nuevas mol\u00e9culas terap\u00e9uticas. Creada en 2015 por Jascha Blobel (CEO), Giovanni Cincilla (CSO) y Simone Masoni (CTO), la mayor\u00eda de su capital estaba en manos del equipo fundador, lo que ha garantizado una ejecuci\u00f3n \u00e1gil de su plan de negocio y la maximizaci\u00f3n del beneficio para sus inversores.<\/span><span data-ccp-props=\"{&quot;201341983&quot;:0,&quot;335551550&quot;:6,&quot;335551620&quot;:6,&quot;335559739&quot;:0,&quot;335559740&quot;:240}\">\u00a0<\/span><\/p>\n<p><span data-contrast=\"none\">Por su parte, <\/span><b><span data-contrast=\"none\">Sch\u00fclke Group<\/span><\/b><span data-contrast=\"none\">, l\u00edder mundial en prevenci\u00f3n de infecciones desde hace m\u00e1s de 130 a\u00f1os<strong>, <\/strong><\/span>adquiri\u00f3 la empresa <strong><a href=\"https:\/\/www.pcb.ub.edu\/es\/el-grupo-aleman-schulke-mayr-adquiere-la-compania-vesismin-health\/\" target=\"_blank\" rel=\"noopener\">Vesismin Health<\/a><\/strong><span data-contrast=\"none\">. La compa\u00f1\u00eda naci\u00f3 en 2004 de la mano del emprendedor V\u00edctor Vall\u00e9s, como fruto de un proyecto incubado en el Instituto Qu\u00edmico de Sarri\u00e0 (IQS) y, desde entonces, su principal objetivo ha sido colaborar con los hospitales y centros de salud en la lucha contra las infecciones relacionadas con la asistencia sanitaria (IRAS).<\/span><span data-ccp-props=\"{&quot;201341983&quot;:0,&quot;335551550&quot;:6,&quot;335551620&quot;:6,&quot;335559739&quot;:0,&quot;335559740&quot;:240}\">\u00a0<\/span><\/p>\n<h3><b><span data-contrast=\"none\">Del laboratorio&#8230; al mercado<\/span><\/b><span data-ccp-props=\"{&quot;201341983&quot;:0,&quot;335551550&quot;:6,&quot;335551620&quot;:6,&quot;335559739&quot;:0,&quot;335559740&quot;:240}\">\u00a0<\/span><\/h3>\n<p><b><span data-contrast=\"none\">Endor Technologies<\/span><\/b><span data-contrast=\"none\">, una biotecnol\u00f3gica dedicada a la investigaci\u00f3n biom\u00e9dica en oncolog\u00eda y dermatolog\u00eda, ampli\u00f3 en 2022 su l\u00ednea para el cuidado de la piel -compuesta por m\u00e1s de 20 productos- con el lanzamiento de <\/span><a href=\"https:\/\/endortechnologies.com\/products\/lasergen\" target=\"_blank\" rel=\"noopener\"><span data-contrast=\"none\">Lasergen<\/span><\/a><span data-contrast=\"none\">, un tratamiento revolucionario formulado con la m\u00e1xima concentraci\u00f3n de su mol\u00e9cula &#8216;Active Hyaluronan&#8217;, un activo patentado de nanopart\u00edculas de oro con olig\u00f3meros de \u00e1cido hialur\u00f3nico (AH) que activan los receptores del gen CD44 (desencadenante de la producci\u00f3n de col\u00e1geno y elastina y AH). Lasergen ayuda a prevenir la hiperpigmentaci\u00f3n post inflamatoria en pacientes tratados con l\u00e1ser ablativo.<\/span><span data-ccp-props=\"{&quot;201341983&quot;:0,&quot;335551550&quot;:6,&quot;335551620&quot;:6,&quot;335559739&quot;:0,&quot;335559740&quot;:240}\">\u00a0<\/span><\/p>\n<p><span data-contrast=\"none\">En 2022 <\/span><b><span data-contrast=\"none\">Roka Furadada<\/span><\/b><span data-contrast=\"none\">, que se incorpor\u00f3 al Parque en 2022, lanz\u00f3 al mercado su primera mol\u00e9cula inteligente, <\/span><a href=\"https:\/\/www.pcb.ub.edu\/es\/la-startup-roka-furadada-abre-un-nuevo-laboratorio-en-el-parque-cientifico-de-barcelona\/\" target=\"_blank\" rel=\"noopener\"><span data-contrast=\"none\">ROKA Smart UV\u00ae PvB 360<\/span><\/a><span data-contrast=\"none\">, que ofrece una fotoprotecci\u00f3n a medida al adaptarse a la intensidad de la radiaci\u00f3n solar que recibe. Es el primer producto con tecnolog\u00eda ROKA Smart UV\u00ae, dise\u00f1ado para reforzar la protecci\u00f3n en el espectro de la radiaci\u00f3n UVA. Los compuestos desarrollados mediante esta tecnolog\u00eda tienen la capacidad de transformarse en nuevas estructuras que brindan una fotoprotecci\u00f3n elevada, duradera y adaptativa a las condiciones ambientales. Adem\u00e1s de su uso en formulaciones cosm\u00e9ticas y para la protecci\u00f3n solar, tambi\u00e9n se est\u00e1 explorando su uso en la fotoprotecci\u00f3n de materiales.<\/span><span data-ccp-props=\"{&quot;201341983&quot;:0,&quot;335551550&quot;:6,&quot;335551620&quot;:6,&quot;335559739&quot;:0,&quot;335559740&quot;:240}\">\u00a0<\/span><\/p>\n<p><span data-contrast=\"none\">En cuanto a licencias, <\/span><b><span data-contrast=\"none\">Syna Therapeutics<\/span><\/b><span data-contrast=\"none\">, una joint venture de Reig Jofre y <\/span><b><span data-contrast=\"none\">Leanbio<\/span><\/b><span data-contrast=\"none\"> firm\u00f3 un acuerdo de licencia global con Intas Pharmaceuticals <\/span><a href=\"https:\/\/www.pcb.ub.edu\/es\/syna-therapeutics-firma-un-acuerdo-de-licencia-exclusivo-con-intas-para-comercializar-lb-0702-en-el-mercado-global\/\" target=\"_blank\" rel=\"noopener\"><span data-contrast=\"none\">para comercializar su f\u00e1rmaco biosimilar LB-0702<\/span><\/a><span data-contrast=\"none\"> para el tratamiento de patolog\u00edas en el campo de la hematolog\u00eda. LB-0702 ha sido desarrollado con las plataformas tecnol\u00f3gicas de la CDMO <\/span><a href=\"https:\/\/www.pcb.ub.edu\/es\/empresa\/leanbiopro\/\" target=\"_blank\" rel=\"noopener\"><span data-contrast=\"none\">Leanbio<\/span><\/a><span data-contrast=\"none\">, ubicada en el Parque, uno de cuyos grandes avances durante 2022 fue la capacitaci\u00f3n para la producci\u00f3n de hasta cientos de gramos de productos bioterap\u00e9uticos.<\/span><span data-ccp-props=\"{&quot;201341983&quot;:0,&quot;335551550&quot;:6,&quot;335551620&quot;:6,&quot;335559739&quot;:0,&quot;335559740&quot;:240}\">\u00a0<\/span><\/p>\n<p><b><span data-contrast=\"none\">Accure Therapeutics<\/span><\/b><span data-contrast=\"none\">, empresa privada de I+D traslacional en neurociencia, y Oculis, compa\u00f1\u00eda global de oftalmolog\u00eda anunciaron un acuerdo de licencia que otorga a Oculis los derechos globales exclusivos para desarrollar y comercializar <\/span><a href=\"https:\/\/www.pcb.ub.edu\/es\/accure-therapeutics-otorga-la-licencia-de-su-farmaco-neuroprotector-a-la-empresa-oftalmologica-oculis\/\" target=\"_blank\" rel=\"noopener\"><span data-contrast=\"none\">ACT-01<\/span><\/a><span data-contrast=\"none\">, una terapia potencialmente modificadora del curso enfermedades para proteger y prevenir da\u00f1os en el nervio \u00f3ptico y la retina.<\/span><span data-ccp-props=\"{&quot;201341983&quot;:0,&quot;335551550&quot;:6,&quot;335551620&quot;:6,&quot;335559739&quot;:0,&quot;335559740&quot;:240}\">\u00a0<\/span><\/p>\n<p><b><span data-contrast=\"none\">IDP Pharma<\/span><\/b><span data-contrast=\"none\"> licenci\u00f3 a una biotec norteamericana el <\/span><a href=\"https:\/\/www.idp-pharma.com\/idp-pharma-signs-a-license-option-of-idp-602-with-an-specialized-biotech-in-ophthalmology\/\" target=\"_blank\" rel=\"noopener\"><span data-contrast=\"none\">IDP-602<\/span><\/a><span data-contrast=\"none\">, un f\u00e1rmaco first-in-class para enfermedades oftalmol\u00f3gicas. El compuesto se desarroll\u00f3 gracias a la plataforma INTRAMETICS, una tecnolog\u00eda \u00fanica que permite dise\u00f1ar por primera vez f\u00e1rmacos dirigidos a una nueva clase de diana terap\u00e9utica: las prote\u00ednas <\/span><a href=\"https:\/\/www.idp-pharma.com\/idp\/\" target=\"_blank\" rel=\"noopener\"><span data-contrast=\"none\">IDPs<\/span><\/a><span data-contrast=\"none\"> (Intrinsically Disordered Proteins).<\/span><span data-ccp-props=\"{&quot;201341983&quot;:0,&quot;335551550&quot;:6,&quot;335551620&quot;:6,&quot;335559739&quot;:0,&quot;335559740&quot;:240}\">\u00a0<\/span><\/p>\n<p><b><span data-contrast=\"none\">SOM Biotech<\/span><\/b><span data-contrast=\"none\"> firm\u00f3 en 2022 <\/span><a href=\"https:\/\/www.globenewswire.com\/news-release\/2022\/05\/16\/2443425\/0\/en\/SOM-Biotech-signs-licensing-agreement-with-the-University-of-Minnesota.html\" target=\"_blank\" rel=\"noopener\"><span data-contrast=\"none\">un acuerdo de licencia con la Universidad de Minnesota<\/span><\/a><span data-contrast=\"none\">, una vez finalizado el acuerdo de investigaci\u00f3n patrocinado (SRA) firmado en 2019, en el que la Universidad de Minnesota realiz\u00f3 una serie de estudios <\/span><i><span data-contrast=\"none\">in vitro<\/span><\/i><span data-contrast=\"none\"> sobre posibles candidatos de productos precl\u00ednicos para la distrofia muscular de Duchenne y Becker, identificados mediante su plataforma tecnol\u00f3gica exclusiva <\/span><a href=\"https:\/\/sombiotech.com\/our-approach-artificial-intelligence-based-technology\/\"><span data-contrast=\"none\">SOMAIPRO<\/span><\/a><span data-contrast=\"none\">.<\/span><span data-ccp-props=\"{&quot;201341983&quot;:0,&quot;335551550&quot;:6,&quot;335551620&quot;:6,&quot;335559739&quot;:0,&quot;335559740&quot;:240}\">\u00a0<\/span><\/p>\n<p><b><span data-contrast=\"none\">Pharmacelera<\/span><\/b><span data-contrast=\"none\">, especializada en el desarrollo y aplicaci\u00f3n de soluciones disruptivas de qu\u00edmica computacional para drug discovery -basadas en Mec\u00e1nica Cu\u00e1ntica (QM), Machine Learning (ML) y High-Performance Computing (HPC)- <\/span><a href=\"https:\/\/www.pcb.ub.edu\/es\/la-startup-deep-tech-pharmacelera-crece-en-europa-y-desembarca-en-estados-unidos\/\" target=\"_blank\" rel=\"noopener\"><span data-contrast=\"none\">firm\u00f3 un acuerdo con un inversor de Silicon Valley<\/span><\/a><span data-contrast=\"none\"> para el lanzamiento de su marca en Estados Unidos, como \u00e1rea estrat\u00e9gica para multiplicar por 5, en los pr\u00f3ximos tres a\u00f1os, su volumen de negocio, que en 2022 ya increment\u00f3 en un 70% respecto al a\u00f1o anterior.<\/span><span data-ccp-props=\"{&quot;201341983&quot;:0,&quot;335551550&quot;:6,&quot;335551620&quot;:6,&quot;335559739&quot;:0,&quot;335559740&quot;:240}\">\u00a0<\/span><\/p>\n<h3><b><span data-contrast=\"none\">Ensayos cl\u00ednicos<\/span><\/b><span data-ccp-props=\"{&quot;201341983&quot;:0,&quot;335551550&quot;:6,&quot;335551620&quot;:6,&quot;335559739&quot;:0,&quot;335559740&quot;:240}\">\u00a0<\/span><\/h3>\n<p><span data-contrast=\"none\">En el campo de nuevas terapias y dispositivos de diagn\u00f3stico, el pipeline de 2022 muestra los ensayos cl\u00ednicos en marcha de un gran n\u00famero de compa\u00f1\u00edas vinculadas al Parque.<\/span><span data-ccp-props=\"{&quot;201341983&quot;:0,&quot;335551550&quot;:6,&quot;335551620&quot;:6,&quot;335559739&quot;:0,&quot;335559740&quot;:240}\">\u00a0<\/span><\/p>\n<p><b><span data-contrast=\"none\">Aelix Therapeutics<\/span><\/b><span data-contrast=\"none\"> public\u00f3 en Nature resultados positivos del ensayo <\/span><a href=\"https:\/\/www.pcb.ub.edu\/es\/los-resultados-positivos-del-estudio-clinico-de-la-vacuna-terapeutica-contra-el-vih-de-aelix-en-nature-medicine\/\" target=\"_blank\" rel=\"noopener\"><span data-contrast=\"none\">AELIX-002<\/span><\/a><span data-contrast=\"none\">, un estudio cl\u00ednico fase I de su vacuna terap\u00e9utica para el VIH. Actualmente, est\u00e1 llevando a cabo un segundo estudio cl\u00ednico de fase II, <\/span><a href=\"https:\/\/clinicaltrials.gov\/ct2\/show\/NCT04364035\" target=\"_blank\" rel=\"noopener\"><span data-contrast=\"none\">AELIX-003<\/span><\/a><span data-contrast=\"none\">, en colaboraci\u00f3n con Gilead para evaluar la vacuna HTI en combinaci\u00f3n con el agonista del receptor Toll-Like 7 (TLR7) en investigaci\u00f3n de Gilead, vesatolimod, en personas con VIH que reciben terapia antirretroviral.<\/span><span data-ccp-props=\"{&quot;201341983&quot;:0,&quot;335551550&quot;:6,&quot;335551620&quot;:6,&quot;335559739&quot;:0,&quot;335559740&quot;:240}\">\u00a0<\/span><\/p>\n<p><span data-contrast=\"none\">Durante 2022, la farmac\u00e9utica <\/span><b><span data-contrast=\"none\">Hipra<\/span><\/b><span data-contrast=\"none\"> estuvo trabajando para la obtenci\u00f3n del registro de <\/span><a href=\"https:\/\/www.ema.europa.eu\/en\/medicines\/human\/EPAR\/bimervax\" target=\"_blank\" rel=\"noopener\"><span data-contrast=\"none\">Bimervax<\/span><\/a><span data-contrast=\"none\">, la primera vacuna espa\u00f1ola contra el SARS-CoV-2, y la primera desarrollada 100% en la Uni\u00f3n Europea mediante la tecnolog\u00eda de prote\u00edna recombinante. Por este proyecto, en el que ha participado el equipo de su <\/span><a href=\"https:\/\/www.pcb.ub.edu\/es\/empresa\/hipra-scientific\/\" target=\"_blank\" rel=\"noopener\"><span data-contrast=\"none\">centro de I+D en el Parc Cient\u00edfic de Barcelona<\/span><\/a><span data-contrast=\"none\">, <\/span><span data-contrast=\"none\">\u200b\u200b<\/span><span data-contrast=\"none\">su compromiso con la salud global y sus m\u00e1s de 50 a\u00f1os de trayectoria en la lucha contra las enfermedades transmisibles mediante el desarrollo de vacunas, la compa\u00f1\u00eda recibi\u00f3 en 2022 la <\/span><a href=\"https:\/\/www.pcb.ub.edu\/es\/la-farmaceutica-hipra-recibe-la-creu-de-sant-jordi\/\" target=\"_blank\" rel=\"noopener\"><span data-contrast=\"none\">Creu de Sant Jordi<\/span><\/a><span data-contrast=\"none\">. Bimervax, ya puede comercializarse en la Uni\u00f3n Europea desde el pasado m\u00e1s de abril, despu\u00e9s de haber recibido una opini\u00f3n favorable de la Agencia Europea de Medicamentos y haber obtenido la autorizaci\u00f3n de la Comisi\u00f3n Europea. Es la primera vacuna bivalente de prote\u00edna recombinante adyuvada que se autoriza en la UE contra el virus.<\/span><span data-ccp-props=\"{&quot;201341983&quot;:0,&quot;335551550&quot;:6,&quot;335551620&quot;:6,&quot;335559739&quot;:0,&quot;335559740&quot;:240}\">\u00a0<\/span><\/p>\n<p><b><span data-contrast=\"none\">Newborn Solutions<\/span><\/b><span data-contrast=\"none\"> complet\u00f3 en 2022 la Fase I (proof of concept) de <\/span><a href=\"https:\/\/newborn.solutions\/neosonics\/\" target=\"_blank\" rel=\"noopener\"><span data-contrast=\"none\">Neosonics,<\/span><\/a><span data-contrast=\"none\"> un dispositivo m\u00e9dico first-in-class para la detecci\u00f3n y monitorizaci\u00f3n no invasiva de la meningitis infantil y otras infecciones en l\u00edquidos serosos. Neosonics se valid\u00f3 en un ensayo cl\u00ednico internacional con la participaci\u00f3n de tres hospitales de Espa\u00f1a y dos centros en Mozambique. Los resultados presentaron un 100% de sensibilidad, 90% de especificidad y una precisi\u00f3n de 92% in vitro. En la <\/span><a href=\"https:\/\/www.pcb.ub.edu\/es\/newborn-solutions-extiende-a-marruecos-el-ensayo-clinico-internacional-de-su-dispositivo-neosonics\/\" target=\"_blank\" rel=\"noopener\"><span data-contrast=\"none\">fase II<\/span><\/a><span data-contrast=\"none\"> del ensayo, para evaluar su eficacia, se incorpor\u00f3 en 2023 el H\u00f4pital de Enfants de Rabat (HER), tras recibir la autorizaci\u00f3n del Ministerio de Salud marroqu\u00ed. En 2022 tambi\u00e9n vio grandes avances en el desarrollo de la aplicaci\u00f3n del dispositivo para <\/span>uve\u00edtis (fase cl\u00ednica)<span data-contrast=\"none\"> y di\u00e1lisis peritoneal (precl\u00ednica).<\/span><span data-ccp-props=\"{&quot;201341983&quot;:0,&quot;335551550&quot;:6,&quot;335551620&quot;:6,&quot;335559739&quot;:0,&quot;335559740&quot;:240}\">\u00a0<\/span><\/p>\n<p><span data-contrast=\"none\">La biofarmac\u00e9utica <\/span><b><span data-contrast=\"none\">SOM Biotech<\/span><\/b><span data-contrast=\"none\">, especializada en la identificaci\u00f3n, desarrollo \u2013en fase precl\u00ednica y cl\u00ednica\u2013 y comercializaci\u00f3n de f\u00e1rmacos para el tratamiento de enfermedades hu\u00e9rfanas, principalmente relacionadas con el sistema nervioso central, sigui\u00f3 avanzando en el desarrollo cl\u00ednico de los compuestos <\/span><a href=\"https:\/\/sombiotech.com\/pipeline\/#SOM3355\" target=\"_blank\" rel=\"noopener\"><span data-contrast=\"none\">SOM3355<\/span><\/a><span data-contrast=\"none\"> (enfermedad de Huntington), <\/span><a href=\"https:\/\/sombiotech.com\/pipeline\/#SOM1311\" target=\"_blank\" rel=\"noopener\"><span data-contrast=\"none\">SOM1311<\/span><\/a><span data-contrast=\"none\"> (Fenilcetonuria) y <\/span><a href=\"https:\/\/sombiotech.com\/pipeline\/#SOM0061\" target=\"_blank\" rel=\"noopener\"><span data-contrast=\"none\">SOM0061<\/span><\/a><span data-contrast=\"none\"> (COVID-19), en fase II, y del <\/span><a href=\"https:\/\/sombiotech.com\/pipeline\/#SOM3366\" target=\"_blank\" rel=\"noopener\"><span data-contrast=\"none\">SOM3366<\/span><\/a><span data-contrast=\"none\"> (Discinesia) y <\/span><a href=\"https:\/\/sombiotech.com\/pipeline\/#SOM0777\" target=\"_blank\" rel=\"noopener\"><span data-contrast=\"none\">SOM0777<\/span><\/a><span data-contrast=\"none\"> (Glioblastoma), en fase I.<\/span><span data-ccp-props=\"{&quot;201341983&quot;:0,&quot;335551550&quot;:6,&quot;335551620&quot;:6,&quot;335559739&quot;:0,&quot;335559740&quot;:240}\">\u00a0<\/span><\/p>\n<p><b><span data-contrast=\"none\">OneChain Immunotherapeutics (OCI)<\/span><\/b><span data-contrast=\"none\"> obtuvo la autorizaci\u00f3n de la Agencia Espa\u00f1ola de Medicamentos y Productos Sanitarios (AEMPS) para llevar a cabo el ensayo <\/span><a href=\"https:\/\/www.pcb.ub.edu\/es\/autorizado-un-ensayo-clinico-unico-en-el-mundo-con-tecnologia-car-t-para-pacientes-con-un-subtipo-de-leucemia-de-celulas-t\/\" target=\"_blank\" rel=\"noopener\"><span data-contrast=\"none\">CARxALL<\/span><\/a><span data-contrast=\"none\">, un estudio en fase cl\u00ednica, \u00fanico en el mundo, para evaluar una nueva terapia CAR-T en pacientes con un subtipo de leucemia de c\u00e9lulas T sin alternativas terap\u00e9uticas.<\/span><span data-ccp-props=\"{&quot;201341983&quot;:0,&quot;335551550&quot;:6,&quot;335551620&quot;:6,&quot;335559739&quot;:0,&quot;335559740&quot;:240}\">\u00a0<\/span><\/p>\n<p><span data-contrast=\"none\">Despu\u00e9s de un a\u00f1o desde el inicio de su ensayo cl\u00ednico internacional fase IIa, el <\/span><a href=\"https:\/\/oxolife.com\/es\/tecnologia\/\" target=\"_blank\" rel=\"noopener\"><span data-contrast=\"none\">OXOART-2<\/span><\/a><span data-contrast=\"none\">, para evaluar la eficacia del f\u00e1rmaco OXO-001 que act\u00faa sobre la implantaci\u00f3n del embri\u00f3n para aumentar la tasa de \u00e9xito del embarazo, <\/span><b><span data-contrast=\"none\">Oxolife<\/span><\/b><span data-contrast=\"none\"> logr\u00f3 en septiembre de 2022 <\/span><a href=\"https:\/\/oxolife.com\/es\/noticias\/en-oxolife-estamos-de-celebracion\/\" target=\"_blank\" rel=\"noopener\"><span data-contrast=\"none\">los primeros 9 nacimientos<\/span><\/a><span data-contrast=\"none\"> en los 3 pa\u00edses que participan en el estudio.<\/span><span data-ccp-props=\"{&quot;201341983&quot;:0,&quot;335551550&quot;:6,&quot;335551620&quot;:6,&quot;335559739&quot;:0,&quot;335559740&quot;:240}\">\u00a0<\/span><\/p>\n<h3><b><span data-contrast=\"none\">I+D+i de vanguardia<\/span><\/b><\/h3>\n<p><span data-contrast=\"none\">En etapas m\u00e1s tempranas de la I+D, las empresas de la comunidad del Parque Cient\u00edfico de Barcelona realizaron avances muy relevantes en fases precl\u00ednicas de productos y soluciones que se encuentran en fase de desarrollo, validaci\u00f3n, PoC o en proceso regulatorio, donde todav\u00eda no han empezado a probarse en humanos.<\/span><span data-ccp-props=\"{&quot;201341983&quot;:0,&quot;335551550&quot;:6,&quot;335551620&quot;:6,&quot;335559739&quot;:0,&quot;335559740&quot;:240}\">\u00a0<\/span><\/p>\n<p><strong>CIRCE Scientific<\/strong><span data-contrast=\"none\">, especializada en el uso de tecnolog\u00eda de cocristalizaci\u00f3n para desarrollar ingredientes nutric\u00e9uticos optimizados centrados en la longevidad y el envejecimiento saludable, comenz\u00f3 en 2022 el escalado industrial de <\/span><a href=\"https:\/\/www.circescientific.com\/es\/pterovita\/\" target=\"_blank\" rel=\"noopener\"><span data-contrast=\"none\">Pterovita<\/span><\/a><span data-contrast=\"none\">, un cocristal patentado de \u00e1cido picol\u00ednico y pterostilbeno, que combina dos o m\u00e1s mol\u00e9culas distintas para crear una estructura con propiedades f\u00edsico-qu\u00edmicas mejoradas en comparaci\u00f3n con los componentes individuales. Se trata tanto de un ingrediente como de una soluci\u00f3n con base cient\u00edfica para los sectores de suplementos diet\u00e9ticos, alimentos y bebidas, salud animal, cosm\u00e9tica y farmac\u00e9utica.<\/span><span data-ccp-props=\"{&quot;201341983&quot;:0,&quot;335551550&quot;:6,&quot;335551620&quot;:6,&quot;335559739&quot;:0,&quot;335559740&quot;:240}\">\u00a0<\/span><\/p>\n<p><strong>Gate2Brain<\/strong><span data-contrast=\"none\"> continu\u00f3 avanzando en el desarrollo precl\u00ednico -con la caracterizaci\u00f3n de farmacocin\u00e9tica intratumoral en modelos experimentales in vivo- de su f\u00e1rmaco <\/span><a href=\"https:\/\/gate2brain.com\/pipeline-proof-of-concept\/\" target=\"_blank\" rel=\"noopener\"><span data-contrast=\"none\">G2B-002<\/span><\/a><span data-contrast=\"none\">, dirigido a los tumores cerebrales pedi\u00e1tricos de barrera intacta, como el glioma punt\u00edn intr\u00ednseco difuso (DIPG). La compa\u00f1\u00eda, una spin-off del IRB Barcelona, <\/span><span data-contrast=\"none\">\u200b\u200b<\/span><span data-contrast=\"none\">la UB y el Hospital Sant Joan de D\u00e9u-, ha dise\u00f1ado una innovadora tecnolog\u00eda patentada basada en <\/span><a href=\"https:\/\/gate2brain.com\/technology\/\" target=\"_blank\" rel=\"noopener\"><span data-contrast=\"none\">p\u00e9ptidos con capacidad de atravesar la barrera hematoencef\u00e1lica<\/span><\/a><span data-contrast=\"none\"> para combatir esta devastadora afecci\u00f3n, el tumor pedi\u00e1trico del SNC m\u00e1s agresivo.<\/span><span data-ccp-props=\"{&quot;201341983&quot;:0,&quot;335551550&quot;:6,&quot;335551620&quot;:6,&quot;335559739&quot;:0,&quot;335559740&quot;:240}\">\u00a0<\/span><\/p>\n<p><strong>Endor Technologies<\/strong><span data-contrast=\"none\"> empez\u00f3 en 2022 la fase regulatoria previa al ensayo cl\u00ednico de Fase II de un revolucionario tratamiento inmunoter\u00e1pico para c\u00e1ncer de p\u00e1ncreas y colon. Su innovaci\u00f3n radical es que no act\u00faa sobre las cualidades biol\u00f3gicas de las c\u00e9lulas tumorales, sino sobre la forma mediante la cual el tumor crece, por lo que no es capaz de generar resistencia y entra en un estado de muerte celular.<\/span><span data-ccp-props=\"{&quot;201341983&quot;:0,&quot;335551550&quot;:6,&quot;335551620&quot;:6,&quot;335559739&quot;:0,&quot;335559740&quot;:240}\">\u00a0<\/span><\/p>\n<p><strong>IDP Pharma<\/strong><span data-contrast=\"none\"> se asoci\u00f3 con una farmac\u00e9utica europea para desarrollar conjuntamente el <a href=\"https:\/\/www.idp-pharma.com\/idp-pharma-partners-with-a-eu-pharma-to-exploit-idp-601-in-respiratory-diseases\/\" target=\"_blank\" rel=\"noopener\">IDP-601<\/a>, un f\u00e1rmaco first-in-class dirigido a las prote\u00ednas IDP (Intrinsically Disordered Proteins) que provocan enfermedades respiratorias. El socio es responsable de desarrollar IDP-601 en el trabajo precl\u00ednico y formulaci\u00f3n antes de celebrar un acuerdo con licencia. La compa\u00f1\u00eda tambi\u00e9n public\u00f3 un estudio, en colaboraci\u00f3n con el Instituto de Salud Carlos III (ISCIII) y el Hospital 12 de Octubre de Madrid, en la revista Neurotherapeutics, que revel\u00f3 que su nuevo f\u00e1rmaco experimental<a href=\"https:\/\/www.idp-pharma.com\/a-novel-therapeutic-peptide-that-alters-n-myc-stability-and-reduces-angiogenesis-and-tumor-progression-in-glioblastomas\/\" target=\"_blank\" rel=\"noopener\"> IDP-410<\/a> interact\u00faa directamente con la oncoprote\u00edna N-MYC y reduce el crecimiento de glioblastomas en modelos animales.<\/span><span data-ccp-props=\"{&quot;201341983&quot;:0,&quot;335551550&quot;:6,&quot;335551620&quot;:6,&quot;335559739&quot;:0,&quot;335559740&quot;:240}\">\u00a0<\/span><\/p>\n<p><span data-contrast=\"none\"><strong>MiMARK<\/strong><\/span><span data-contrast=\"none\">, una femtech que quiere revolucionar el diagn\u00f3stico del c\u00e1ncer de endometrio con una prueba de diagn\u00f3stico molecular in-vitro, m\u00ednimamente invasiva, <\/span><a href=\"https:\/\/www.mimark.es\/#solution\" target=\"_blank\" rel=\"noopener\"><span data-contrast=\"none\">WomEC<\/span><\/a><span data-contrast=\"none\">, ya lleg\u00f3 a la fase de desarrollo del prototipo, y espera iniciar en 2023 los estudios de validaci\u00f3n cl\u00ednica del producto. WomEC se est\u00e1 desarrollando como prueba de inmunoensayo para facilitar su implementaci\u00f3n en laboratorios cl\u00ednicos. Su principal avance en 2022 fue la transferencia de tecnolog\u00eda de espectometr\u00eda de masas a tecnolog\u00eda de inmunoensayo.<\/span><span data-ccp-props=\"{&quot;201341983&quot;:0,&quot;335551550&quot;:6,&quot;335551620&quot;:6,&quot;335559739&quot;:0,&quot;335559740&quot;:240}\">\u00a0<\/span><\/p>\n<p><span data-contrast=\"none\">La &#8216;deep-tech&#8217; <\/span><strong>NIVD<\/strong><span data-contrast=\"none\">, que centra su actividad en la nanotecnolog\u00eda aplicada al campo del diagn\u00f3stico, es una de las startups que apost\u00f3 en 2022 por el Parc Cient\u00edfic de Barcelona como punto estrat\u00e9gico para centralizar su actividad de I+D+i. La compa\u00f1\u00eda ha desarrollado y patentado una tecnolog\u00eda disruptiva que le permite dise\u00f1ar <\/span><a href=\"https:\/\/nivd.world\/#what-we-do\" target=\"_blank\" rel=\"noopener\"><span data-contrast=\"none\">nanosensores<\/span><\/a><span data-contrast=\"none\"> entrenados para detectar, en tiempo real, enfermedades antes de que aparezcan los primeros s\u00edntomas.<\/span><span data-ccp-props=\"{&quot;201341983&quot;:0,&quot;335551550&quot;:6,&quot;335551620&quot;:6,&quot;335559739&quot;:0,&quot;335559740&quot;:240}\">\u00a0<\/span><\/p>\n<p><span data-contrast=\"none\">Finalmente, <\/span><strong>Pharmacelera<\/strong><span data-contrast=\"none\">, una deep-tech especializada en el desarrollo y aplicaci\u00f3n de soluciones disruptivas de qu\u00edmica computacional -basadas en Mec\u00e1nica Cu\u00e1ntica (QM), Machine Learning (ML) y High-Performance Computing (HPC)- para drug discovery desarroll\u00f3 un nuevo producto <\/span><a href=\"https:\/\/pharmacelera.com\/exascreen\/\" target=\"_blank\" rel=\"noopener\"><span data-contrast=\"none\">exaScreen<\/span><\/a><span data-contrast=\"none\"> para explorar librer\u00edas de miles de millones de mol\u00e9culas. La herramienta tiene una precisi\u00f3n inigualable en la exploraci\u00f3n de bibliotecas qu\u00edmicas sintetizables ultragrandes con un innovador software de detecci\u00f3n virtual, que fusiona tecnolog\u00edas de IA y QM para descubrir nuevos y varios hits en espacios qu\u00edmicos desconocidos. La compa\u00f1\u00eda espera lanzar el software en el mercado en 2023.<\/span><span data-ccp-props=\"{&quot;201341983&quot;:0,&quot;335551550&quot;:6,&quot;335551620&quot;:6,&quot;335559739&quot;:0,&quot;335559740&quot;:240}\">\u00a0<\/span><\/p>\n","protected":false},"excerpt":{"rendered":"<p>2022 ha sido un a\u00f1o hist\u00f3rico en indicadores econ\u00f3micos y de innovaci\u00f3n para el ecosistema emprendedor del Parque Cient\u00edfico de Barcelona (PCB). La financiaci\u00f3n levantada por las empresas que forman&#8230;<\/p>\n","protected":false},"author":11,"featured_media":85522,"comment_status":"closed","ping_status":"closed","sticky":false,"template":"","format":"standard","meta":{"_acf_changed":false,"inline_featured_image":false,"footnotes":""},"categories":[37],"tags":[],"class_list":["post-85535","post","type-post","status-publish","format-standard","has-post-thumbnail","category-pcb"],"acf":[],"yoast_head":"<!-- This site is optimized with the Yoast SEO plugin v27.3 - https:\/\/yoast.com\/product\/yoast-seo-wordpress\/ -->\n<title>Las empresas del Parque Cient\u00edfico de Barcelona captan 142 M\u20ac en 2022 y baten un r\u00e9cord hist\u00f3rico - Parc Cient\u00edfic de Barcelona<\/title>\n<meta name=\"robots\" content=\"index, follow, max-snippet:-1, max-image-preview:large, max-video-preview:-1\" \/>\n<link rel=\"canonical\" href=\"https:\/\/www.pcb.ub.edu\/es\/las-empresas-del-parque-cientifico-de-barcelona-captan-142me-en-2022-y-baten-un-record-historico\/\" \/>\n<meta property=\"og:locale\" content=\"es_ES\" \/>\n<meta property=\"og:type\" content=\"article\" \/>\n<meta property=\"og:title\" content=\"Las empresas del Parque Cient\u00edfico de Barcelona captan 142 M\u20ac en 2022 y baten un r\u00e9cord hist\u00f3rico - Parc Cient\u00edfic de Barcelona\" \/>\n<meta property=\"og:description\" content=\"2022 ha sido un a\u00f1o hist\u00f3rico en indicadores econ\u00f3micos y de innovaci\u00f3n para el ecosistema emprendedor del Parque Cient\u00edfico de Barcelona (PCB). La financiaci\u00f3n levantada por las empresas que forman...\" \/>\n<meta property=\"og:url\" content=\"https:\/\/www.pcb.ub.edu\/es\/las-empresas-del-parque-cientifico-de-barcelona-captan-142me-en-2022-y-baten-un-record-historico\/\" \/>\n<meta property=\"og:site_name\" content=\"Parc Cient\u00edfic de Barcelona\" \/>\n<meta property=\"article:published_time\" content=\"2023-06-14T06:52:57+00:00\" \/>\n<meta property=\"article:modified_time\" content=\"2025-05-02T08:44:30+00:00\" \/>\n<meta property=\"og:image\" content=\"https:\/\/www.pcb.ub.edu\/wp-content\/uploads\/2023\/06\/parc_vista_aeria.jpg\" \/>\n\t<meta property=\"og:image:width\" content=\"900\" \/>\n\t<meta property=\"og:image:height\" content=\"300\" \/>\n\t<meta property=\"og:image:type\" content=\"image\/jpeg\" \/>\n<meta name=\"author\" content=\"Iuris\" \/>\n<meta name=\"twitter:card\" content=\"summary_large_image\" \/>\n<meta name=\"twitter:label1\" content=\"Escrito por\" \/>\n\t<meta name=\"twitter:data1\" content=\"Iuris\" \/>\n\t<meta name=\"twitter:label2\" content=\"Tiempo de lectura\" \/>\n\t<meta name=\"twitter:data2\" content=\"15 minutos\" \/>\n<script type=\"application\/ld+json\" class=\"yoast-schema-graph\">{\"@context\":\"https:\\\/\\\/schema.org\",\"@graph\":[{\"@type\":\"Article\",\"@id\":\"https:\\\/\\\/www.pcb.ub.edu\\\/es\\\/las-empresas-del-parque-cientifico-de-barcelona-captan-142me-en-2022-y-baten-un-record-historico\\\/#article\",\"isPartOf\":{\"@id\":\"https:\\\/\\\/www.pcb.ub.edu\\\/es\\\/las-empresas-del-parque-cientifico-de-barcelona-captan-142me-en-2022-y-baten-un-record-historico\\\/\"},\"author\":{\"name\":\"Iuris\",\"@id\":\"https:\\\/\\\/www.pcb.ub.edu\\\/es\\\/#\\\/schema\\\/person\\\/2cac99ef7339e3499496b54bb2e12e7d\"},\"headline\":\"Las empresas del Parque Cient\u00edfico de Barcelona captan 142 M\u20ac en 2022 y baten un r\u00e9cord hist\u00f3rico\",\"datePublished\":\"2023-06-14T06:52:57+00:00\",\"dateModified\":\"2025-05-02T08:44:30+00:00\",\"mainEntityOfPage\":{\"@id\":\"https:\\\/\\\/www.pcb.ub.edu\\\/es\\\/las-empresas-del-parque-cientifico-de-barcelona-captan-142me-en-2022-y-baten-un-record-historico\\\/\"},\"wordCount\":3426,\"image\":{\"@id\":\"https:\\\/\\\/www.pcb.ub.edu\\\/es\\\/las-empresas-del-parque-cientifico-de-barcelona-captan-142me-en-2022-y-baten-un-record-historico\\\/#primaryimage\"},\"thumbnailUrl\":\"https:\\\/\\\/www.pcb.ub.edu\\\/wp-content\\\/uploads\\\/2023\\\/06\\\/parc_vista_aeria.jpg\",\"articleSection\":[\"PCB\"],\"inLanguage\":\"es\"},{\"@type\":\"WebPage\",\"@id\":\"https:\\\/\\\/www.pcb.ub.edu\\\/es\\\/las-empresas-del-parque-cientifico-de-barcelona-captan-142me-en-2022-y-baten-un-record-historico\\\/\",\"url\":\"https:\\\/\\\/www.pcb.ub.edu\\\/es\\\/las-empresas-del-parque-cientifico-de-barcelona-captan-142me-en-2022-y-baten-un-record-historico\\\/\",\"name\":\"Las empresas del Parque Cient\u00edfico de Barcelona captan 142 M\u20ac en 2022 y baten un r\u00e9cord hist\u00f3rico - Parc Cient\u00edfic de Barcelona\",\"isPartOf\":{\"@id\":\"https:\\\/\\\/www.pcb.ub.edu\\\/es\\\/#website\"},\"primaryImageOfPage\":{\"@id\":\"https:\\\/\\\/www.pcb.ub.edu\\\/es\\\/las-empresas-del-parque-cientifico-de-barcelona-captan-142me-en-2022-y-baten-un-record-historico\\\/#primaryimage\"},\"image\":{\"@id\":\"https:\\\/\\\/www.pcb.ub.edu\\\/es\\\/las-empresas-del-parque-cientifico-de-barcelona-captan-142me-en-2022-y-baten-un-record-historico\\\/#primaryimage\"},\"thumbnailUrl\":\"https:\\\/\\\/www.pcb.ub.edu\\\/wp-content\\\/uploads\\\/2023\\\/06\\\/parc_vista_aeria.jpg\",\"datePublished\":\"2023-06-14T06:52:57+00:00\",\"dateModified\":\"2025-05-02T08:44:30+00:00\",\"author\":{\"@id\":\"https:\\\/\\\/www.pcb.ub.edu\\\/es\\\/#\\\/schema\\\/person\\\/2cac99ef7339e3499496b54bb2e12e7d\"},\"breadcrumb\":{\"@id\":\"https:\\\/\\\/www.pcb.ub.edu\\\/es\\\/las-empresas-del-parque-cientifico-de-barcelona-captan-142me-en-2022-y-baten-un-record-historico\\\/#breadcrumb\"},\"inLanguage\":\"es\",\"potentialAction\":[{\"@type\":\"ReadAction\",\"target\":[\"https:\\\/\\\/www.pcb.ub.edu\\\/es\\\/las-empresas-del-parque-cientifico-de-barcelona-captan-142me-en-2022-y-baten-un-record-historico\\\/\"]}]},{\"@type\":\"ImageObject\",\"inLanguage\":\"es\",\"@id\":\"https:\\\/\\\/www.pcb.ub.edu\\\/es\\\/las-empresas-del-parque-cientifico-de-barcelona-captan-142me-en-2022-y-baten-un-record-historico\\\/#primaryimage\",\"url\":\"https:\\\/\\\/www.pcb.ub.edu\\\/wp-content\\\/uploads\\\/2023\\\/06\\\/parc_vista_aeria.jpg\",\"contentUrl\":\"https:\\\/\\\/www.pcb.ub.edu\\\/wp-content\\\/uploads\\\/2023\\\/06\\\/parc_vista_aeria.jpg\",\"width\":900,\"height\":300},{\"@type\":\"BreadcrumbList\",\"@id\":\"https:\\\/\\\/www.pcb.ub.edu\\\/es\\\/las-empresas-del-parque-cientifico-de-barcelona-captan-142me-en-2022-y-baten-un-record-historico\\\/#breadcrumb\",\"itemListElement\":[{\"@type\":\"ListItem\",\"position\":1,\"name\":\"Home\",\"item\":\"https:\\\/\\\/www.pcb.ub.edu\\\/es\\\/\"},{\"@type\":\"ListItem\",\"position\":2,\"name\":\"Las empresas del Parque Cient\u00edfico de Barcelona captan 142 M\u20ac en 2022 y baten un r\u00e9cord hist\u00f3rico\"}]},{\"@type\":\"WebSite\",\"@id\":\"https:\\\/\\\/www.pcb.ub.edu\\\/es\\\/#website\",\"url\":\"https:\\\/\\\/www.pcb.ub.edu\\\/es\\\/\",\"name\":\"Parc Cient\u00edfic de Barcelona\",\"description\":\"Universitat de Barcelona\",\"potentialAction\":[{\"@type\":\"SearchAction\",\"target\":{\"@type\":\"EntryPoint\",\"urlTemplate\":\"https:\\\/\\\/www.pcb.ub.edu\\\/es\\\/?s={search_term_string}\"},\"query-input\":{\"@type\":\"PropertyValueSpecification\",\"valueRequired\":true,\"valueName\":\"search_term_string\"}}],\"inLanguage\":\"es\"},{\"@type\":\"Person\",\"@id\":\"https:\\\/\\\/www.pcb.ub.edu\\\/es\\\/#\\\/schema\\\/person\\\/2cac99ef7339e3499496b54bb2e12e7d\",\"name\":\"Iuris\",\"image\":{\"@type\":\"ImageObject\",\"inLanguage\":\"es\",\"@id\":\"https:\\\/\\\/secure.gravatar.com\\\/avatar\\\/a9d1bfedf501cbd8ae27b11de9986604bf4cdcea73b507457dfd4ff5dc770b75?s=96&d=mm&r=g\",\"url\":\"https:\\\/\\\/secure.gravatar.com\\\/avatar\\\/a9d1bfedf501cbd8ae27b11de9986604bf4cdcea73b507457dfd4ff5dc770b75?s=96&d=mm&r=g\",\"contentUrl\":\"https:\\\/\\\/secure.gravatar.com\\\/avatar\\\/a9d1bfedf501cbd8ae27b11de9986604bf4cdcea73b507457dfd4ff5dc770b75?s=96&d=mm&r=g\",\"caption\":\"Iuris\"},\"url\":\"https:\\\/\\\/www.pcb.ub.edu\\\/es\\\/author\\\/adminiuris\\\/\"}]}<\/script>\n<!-- \/ Yoast SEO plugin. -->","yoast_head_json":{"title":"Las empresas del Parque Cient\u00edfico de Barcelona captan 142 M\u20ac en 2022 y baten un r\u00e9cord hist\u00f3rico - Parc Cient\u00edfic de Barcelona","robots":{"index":"index","follow":"follow","max-snippet":"max-snippet:-1","max-image-preview":"max-image-preview:large","max-video-preview":"max-video-preview:-1"},"canonical":"https:\/\/www.pcb.ub.edu\/es\/las-empresas-del-parque-cientifico-de-barcelona-captan-142me-en-2022-y-baten-un-record-historico\/","og_locale":"es_ES","og_type":"article","og_title":"Las empresas del Parque Cient\u00edfico de Barcelona captan 142 M\u20ac en 2022 y baten un r\u00e9cord hist\u00f3rico - Parc Cient\u00edfic de Barcelona","og_description":"2022 ha sido un a\u00f1o hist\u00f3rico en indicadores econ\u00f3micos y de innovaci\u00f3n para el ecosistema emprendedor del Parque Cient\u00edfico de Barcelona (PCB). La financiaci\u00f3n levantada por las empresas que forman...","og_url":"https:\/\/www.pcb.ub.edu\/es\/las-empresas-del-parque-cientifico-de-barcelona-captan-142me-en-2022-y-baten-un-record-historico\/","og_site_name":"Parc Cient\u00edfic de Barcelona","article_published_time":"2023-06-14T06:52:57+00:00","article_modified_time":"2025-05-02T08:44:30+00:00","og_image":[{"width":900,"height":300,"url":"https:\/\/www.pcb.ub.edu\/wp-content\/uploads\/2023\/06\/parc_vista_aeria.jpg","type":"image\/jpeg"}],"author":"Iuris","twitter_card":"summary_large_image","twitter_misc":{"Escrito por":"Iuris","Tiempo de lectura":"15 minutos"},"schema":{"@context":"https:\/\/schema.org","@graph":[{"@type":"Article","@id":"https:\/\/www.pcb.ub.edu\/es\/las-empresas-del-parque-cientifico-de-barcelona-captan-142me-en-2022-y-baten-un-record-historico\/#article","isPartOf":{"@id":"https:\/\/www.pcb.ub.edu\/es\/las-empresas-del-parque-cientifico-de-barcelona-captan-142me-en-2022-y-baten-un-record-historico\/"},"author":{"name":"Iuris","@id":"https:\/\/www.pcb.ub.edu\/es\/#\/schema\/person\/2cac99ef7339e3499496b54bb2e12e7d"},"headline":"Las empresas del Parque Cient\u00edfico de Barcelona captan 142 M\u20ac en 2022 y baten un r\u00e9cord hist\u00f3rico","datePublished":"2023-06-14T06:52:57+00:00","dateModified":"2025-05-02T08:44:30+00:00","mainEntityOfPage":{"@id":"https:\/\/www.pcb.ub.edu\/es\/las-empresas-del-parque-cientifico-de-barcelona-captan-142me-en-2022-y-baten-un-record-historico\/"},"wordCount":3426,"image":{"@id":"https:\/\/www.pcb.ub.edu\/es\/las-empresas-del-parque-cientifico-de-barcelona-captan-142me-en-2022-y-baten-un-record-historico\/#primaryimage"},"thumbnailUrl":"https:\/\/www.pcb.ub.edu\/wp-content\/uploads\/2023\/06\/parc_vista_aeria.jpg","articleSection":["PCB"],"inLanguage":"es"},{"@type":"WebPage","@id":"https:\/\/www.pcb.ub.edu\/es\/las-empresas-del-parque-cientifico-de-barcelona-captan-142me-en-2022-y-baten-un-record-historico\/","url":"https:\/\/www.pcb.ub.edu\/es\/las-empresas-del-parque-cientifico-de-barcelona-captan-142me-en-2022-y-baten-un-record-historico\/","name":"Las empresas del Parque Cient\u00edfico de Barcelona captan 142 M\u20ac en 2022 y baten un r\u00e9cord hist\u00f3rico - Parc Cient\u00edfic de Barcelona","isPartOf":{"@id":"https:\/\/www.pcb.ub.edu\/es\/#website"},"primaryImageOfPage":{"@id":"https:\/\/www.pcb.ub.edu\/es\/las-empresas-del-parque-cientifico-de-barcelona-captan-142me-en-2022-y-baten-un-record-historico\/#primaryimage"},"image":{"@id":"https:\/\/www.pcb.ub.edu\/es\/las-empresas-del-parque-cientifico-de-barcelona-captan-142me-en-2022-y-baten-un-record-historico\/#primaryimage"},"thumbnailUrl":"https:\/\/www.pcb.ub.edu\/wp-content\/uploads\/2023\/06\/parc_vista_aeria.jpg","datePublished":"2023-06-14T06:52:57+00:00","dateModified":"2025-05-02T08:44:30+00:00","author":{"@id":"https:\/\/www.pcb.ub.edu\/es\/#\/schema\/person\/2cac99ef7339e3499496b54bb2e12e7d"},"breadcrumb":{"@id":"https:\/\/www.pcb.ub.edu\/es\/las-empresas-del-parque-cientifico-de-barcelona-captan-142me-en-2022-y-baten-un-record-historico\/#breadcrumb"},"inLanguage":"es","potentialAction":[{"@type":"ReadAction","target":["https:\/\/www.pcb.ub.edu\/es\/las-empresas-del-parque-cientifico-de-barcelona-captan-142me-en-2022-y-baten-un-record-historico\/"]}]},{"@type":"ImageObject","inLanguage":"es","@id":"https:\/\/www.pcb.ub.edu\/es\/las-empresas-del-parque-cientifico-de-barcelona-captan-142me-en-2022-y-baten-un-record-historico\/#primaryimage","url":"https:\/\/www.pcb.ub.edu\/wp-content\/uploads\/2023\/06\/parc_vista_aeria.jpg","contentUrl":"https:\/\/www.pcb.ub.edu\/wp-content\/uploads\/2023\/06\/parc_vista_aeria.jpg","width":900,"height":300},{"@type":"BreadcrumbList","@id":"https:\/\/www.pcb.ub.edu\/es\/las-empresas-del-parque-cientifico-de-barcelona-captan-142me-en-2022-y-baten-un-record-historico\/#breadcrumb","itemListElement":[{"@type":"ListItem","position":1,"name":"Home","item":"https:\/\/www.pcb.ub.edu\/es\/"},{"@type":"ListItem","position":2,"name":"Las empresas del Parque Cient\u00edfico de Barcelona captan 142 M\u20ac en 2022 y baten un r\u00e9cord hist\u00f3rico"}]},{"@type":"WebSite","@id":"https:\/\/www.pcb.ub.edu\/es\/#website","url":"https:\/\/www.pcb.ub.edu\/es\/","name":"Parc Cient\u00edfic de Barcelona","description":"Universitat de Barcelona","potentialAction":[{"@type":"SearchAction","target":{"@type":"EntryPoint","urlTemplate":"https:\/\/www.pcb.ub.edu\/es\/?s={search_term_string}"},"query-input":{"@type":"PropertyValueSpecification","valueRequired":true,"valueName":"search_term_string"}}],"inLanguage":"es"},{"@type":"Person","@id":"https:\/\/www.pcb.ub.edu\/es\/#\/schema\/person\/2cac99ef7339e3499496b54bb2e12e7d","name":"Iuris","image":{"@type":"ImageObject","inLanguage":"es","@id":"https:\/\/secure.gravatar.com\/avatar\/a9d1bfedf501cbd8ae27b11de9986604bf4cdcea73b507457dfd4ff5dc770b75?s=96&d=mm&r=g","url":"https:\/\/secure.gravatar.com\/avatar\/a9d1bfedf501cbd8ae27b11de9986604bf4cdcea73b507457dfd4ff5dc770b75?s=96&d=mm&r=g","contentUrl":"https:\/\/secure.gravatar.com\/avatar\/a9d1bfedf501cbd8ae27b11de9986604bf4cdcea73b507457dfd4ff5dc770b75?s=96&d=mm&r=g","caption":"Iuris"},"url":"https:\/\/www.pcb.ub.edu\/es\/author\/adminiuris\/"}]}},"_links":{"self":[{"href":"https:\/\/www.pcb.ub.edu\/es\/wp-json\/wp\/v2\/posts\/85535","targetHints":{"allow":["GET"]}}],"collection":[{"href":"https:\/\/www.pcb.ub.edu\/es\/wp-json\/wp\/v2\/posts"}],"about":[{"href":"https:\/\/www.pcb.ub.edu\/es\/wp-json\/wp\/v2\/types\/post"}],"author":[{"embeddable":true,"href":"https:\/\/www.pcb.ub.edu\/es\/wp-json\/wp\/v2\/users\/11"}],"replies":[{"embeddable":true,"href":"https:\/\/www.pcb.ub.edu\/es\/wp-json\/wp\/v2\/comments?post=85535"}],"version-history":[{"count":12,"href":"https:\/\/www.pcb.ub.edu\/es\/wp-json\/wp\/v2\/posts\/85535\/revisions"}],"predecessor-version":[{"id":103770,"href":"https:\/\/www.pcb.ub.edu\/es\/wp-json\/wp\/v2\/posts\/85535\/revisions\/103770"}],"wp:featuredmedia":[{"embeddable":true,"href":"https:\/\/www.pcb.ub.edu\/es\/wp-json\/wp\/v2\/media\/85522"}],"wp:attachment":[{"href":"https:\/\/www.pcb.ub.edu\/es\/wp-json\/wp\/v2\/media?parent=85535"}],"wp:term":[{"taxonomy":"category","embeddable":true,"href":"https:\/\/www.pcb.ub.edu\/es\/wp-json\/wp\/v2\/categories?post=85535"},{"taxonomy":"post_tag","embeddable":true,"href":"https:\/\/www.pcb.ub.edu\/es\/wp-json\/wp\/v2\/tags?post=85535"}],"curies":[{"name":"wp","href":"https:\/\/api.w.org\/{rel}","templated":true}]}}