{"id":82452,"date":"2023-02-22T13:36:20","date_gmt":"2023-02-22T12:36:20","guid":{"rendered":"https:\/\/www.pcb.ub.edu\/aelix-presenta-resultats-positius-de-laelix-presenta-resultados-positivos-del-ensayo-aelix-003-de-su-vacuna-terapeutica-contra-el-vih\/"},"modified":"2025-10-13T15:25:35","modified_gmt":"2025-10-13T13:25:35","slug":"aelix-presenta-resultados-positivos-del-ensayo-aelix-003-de-su-vacuna-terapeutica-contra-el-vih","status":"publish","type":"post","link":"https:\/\/www.pcb.ub.edu\/es\/aelix-presenta-resultados-positivos-del-ensayo-aelix-003-de-su-vacuna-terapeutica-contra-el-vih\/","title":{"rendered":"AELIX presenta resultados positivos del ensayo AELIX-003 de su vacuna terap\u00e9utica contra el VIH"},"content":{"rendered":"<p><strong>La biotecnol\u00f3gica en fase cl\u00ednica <a href=\"https:\/\/www.pcb.ub.edu\/es\/empresa\/aelix-therapeutics\/\" target=\"_blank\" rel=\"noopener\">AELIX Therapeutics<\/a> \u2013con sede en el Parque Cient\u00edfico de Barcelona y especializada en el descubrimiento y desarrollo de inmunoterapias para tratar la infecci\u00f3n por VIH\u2013 anunci\u00f3 ayer los resultados positivos del ensayo AELIX-003 en la Conference donde Retroviruses and Opportunistic Infections (<a href=\"https:\/\/www.croiconference.org\/\" target=\"_blank\" rel=\"noopener\">CROI<\/a>) en Ginebra. La vacuna HTI de la compa\u00f1\u00eda, en combinaci\u00f3n con el agonista del receptor TLR7 de Gilead, vesatolimod, permite permanecer un tiempo prolongado sin tratamiento antirretroviral est\u00e1ndar (TAR).<\/strong><\/p>\n<p>El ensayo cl\u00ednico AELIX-003 evalu\u00f3 la seguridad, tolerabilidad, inmunogenicidad y eficacia de la vacuna de c\u00e9lulas T HTI de AELIX, en combinaci\u00f3n con el agonista del Toll-Like Receptor 7 (TLR7) de Gilead en investigaci\u00f3n, vesatolimod (VES), en personas con VIH y en terapia antirretroviral iniciada de forma temprana. VES es un inmunomodulador en investigaci\u00f3n como parte de reg\u00edmenes en combinaci\u00f3n para conseguir la remisi\u00f3n viral.<\/p>\n<p>El estudio alcanz\u00f3 sus objetivos primarios y secundarios de seguridad, tolerabilidad e inmunogenicidad. El ensayo tambi\u00e9n evalu\u00f3 la eficacia de las vacunas HTI en combinaci\u00f3n con VES para evitar, retrasar o contener el rebote v\u00edrico en comparaci\u00f3n con un grupo placebo. Para esta evaluaci\u00f3n, los participantes se sometieron a una interrupci\u00f3n anal\u00edtica del tratamiento (IAT) en su terapia antirretroviral (TAR) durante un m\u00e1ximo de 24 semanas. Durante este tiempo, se monitoriz\u00f3 semanalmente la carga viral plasm\u00e1tica.<\/p>\n<p>Los datos muestran que una mayor proporci\u00f3n de participantes tratados con HTI+VES permanecieron sin TAR durante las 24 semanas completas. La combinaci\u00f3n de la vacuna HTI y VES como parte de una estrategia de curaci\u00f3n del VIH en personas con VIH tratadas precozmente fue segura y bien tolerada.<\/p>\n<p>Los datos inmunol\u00f3gicos preliminares sugieren que las vacunas HTI administradas en combinaci\u00f3n con VES inducen altos niveles de respuestas de c\u00e9lulas T espec\u00edficas de HTI; VES indujo de forma consistente una respuesta farmacodin\u00e1mica a lo largo de m\u00faltiples dosis en terapia combinada con la vacuna HTI. Un reservorio m\u00e1s bajo antes de la intervenci\u00f3n se asoci\u00f3 con mejores resultados virales durante la IAT, pero s\u00f3lo en el grupo placebo. La magnitud y la amplitud de la respuesta a la vacuna se correlacionaron con mejores resultados virales. Es importante destacar que las vacunas HTI fueron altamente inmun\u00f3genas en un r\u00e9gimen m\u00e1s sencillo que en el estudio previo <a href=\"https:\/\/www.nature.com\/articles\/s41591-022-02060-2\" target=\"_blank\" rel=\"noopener\">AELIX- 002<\/a>, y las respuestas inducidas por la vacuna se asociaron con un mayor tiempo sin TAR, lo que respalda la contribuci\u00f3n de las vacunas HTI a un mejor control viral.<\/p>\n<p>\u00abEstos alentadores datos de eficacia demuestran que la vacuna HTI en combinaci\u00f3n con VES puede ser capaz de modular la respuesta inmune espec\u00edfica del VIH de un individuo, de una manera que potencialmente puede contribuir a un mejor control del VIH en ausencia de TAR en curso. Los datos de AELIX-003 son apasionantes y confirman lo que hemos observado en el estudio AELIX-002, en el que la vacuna HTI por s\u00ed sola tambi\u00e9n prolong\u00f3 el tiempo sin TAR de los participantes vacunados\u00bb, explica el <strong>Dr. Christian Brander<\/strong>, director cient\u00edfico de AELIX. \u00abLa vacuna HTI tiene por objeto reenfocar la respuesta inmunitaria hacia sitios especialmente vulnerables del VIH. La vacuna contiene regiones antig\u00e9nicas del VIH a las que suelen dirigirse las personas que controlan el virus de forma natural. El mantenimiento de la remisi\u00f3n viral sin TAR representa la pr\u00f3xima frontera en el tratamiento de la infecci\u00f3n por VIH y un paso importante hacia la erradicaci\u00f3n del VIH.\u00bb<\/p>\n<p>\u00bb<strong> M\u00e1s informaci\u00f3n: <a href=\"https:\/\/www.aelixtherapeutics.com\/aelix-therapeutics-presents-positive-results-from-randomized-placebo-controlled-phase-iia-therapeutic-hiv-vaccine-and-immune-modulator-combination-clinical-trial\/\" target=\"_blank\" rel=\"noopener\">web de Aelix Therapeutics [+]<\/a><\/strong><\/p>\n<p>&nbsp;<\/p>\n","protected":false},"excerpt":{"rendered":"<p>La biotecnol\u00f3gica en fase cl\u00ednica AELIX Therapeutics \u2013con sede en el Parque Cient\u00edfico de Barcelona y especializada en el descubrimiento y desarrollo de inmunoterapias para tratar la infecci\u00f3n por VIH\u2013&#8230;<\/p>\n","protected":false},"author":4,"featured_media":82439,"comment_status":"closed","ping_status":"closed","sticky":false,"template":"","format":"standard","meta":{"_acf_changed":false,"inline_featured_image":false,"footnotes":""},"categories":[356],"tags":[],"class_list":["post-82452","post","type-post","status-publish","format-standard","has-post-thumbnail","category-empresas"],"acf":[],"yoast_head":"<!-- This site is optimized with the Yoast SEO plugin v27.3 - https:\/\/yoast.com\/product\/yoast-seo-wordpress\/ -->\n<title>AELIX presenta resultados positivos del ensayo AELIX-003 de su vacuna terap\u00e9utica contra el VIH - Parc Cient\u00edfic de Barcelona<\/title>\n<meta name=\"robots\" content=\"index, follow, max-snippet:-1, max-image-preview:large, max-video-preview:-1\" \/>\n<link rel=\"canonical\" href=\"https:\/\/www.pcb.ub.edu\/es\/aelix-presenta-resultados-positivos-del-ensayo-aelix-003-de-su-vacuna-terapeutica-contra-el-vih\/\" \/>\n<meta property=\"og:locale\" content=\"es_ES\" \/>\n<meta property=\"og:type\" content=\"article\" \/>\n<meta property=\"og:title\" content=\"AELIX presenta resultados positivos del ensayo AELIX-003 de su vacuna terap\u00e9utica contra el VIH - Parc Cient\u00edfic de Barcelona\" \/>\n<meta property=\"og:description\" content=\"La biotecnol\u00f3gica en fase cl\u00ednica AELIX Therapeutics \u2013con sede en el Parque Cient\u00edfico de Barcelona y especializada en el descubrimiento y desarrollo de inmunoterapias para tratar la infecci\u00f3n por VIH\u2013...\" \/>\n<meta property=\"og:url\" content=\"https:\/\/www.pcb.ub.edu\/es\/aelix-presenta-resultados-positivos-del-ensayo-aelix-003-de-su-vacuna-terapeutica-contra-el-vih\/\" \/>\n<meta property=\"og:site_name\" content=\"Parc Cient\u00edfic de Barcelona\" \/>\n<meta property=\"article:published_time\" content=\"2023-02-22T12:36:20+00:00\" \/>\n<meta property=\"article:modified_time\" content=\"2025-10-13T13:25:35+00:00\" \/>\n<meta property=\"og:image\" content=\"https:\/\/www.pcb.ub.edu\/wp-content\/uploads\/2023\/02\/Aelix.jpeg\" \/>\n\t<meta property=\"og:image:width\" content=\"900\" \/>\n\t<meta property=\"og:image:height\" content=\"330\" \/>\n\t<meta property=\"og:image:type\" content=\"image\/jpeg\" \/>\n<meta name=\"author\" content=\"Azucena Berea\" \/>\n<meta name=\"twitter:card\" content=\"summary_large_image\" \/>\n<meta name=\"twitter:label1\" content=\"Escrito por\" \/>\n\t<meta name=\"twitter:data1\" content=\"Azucena Berea\" \/>\n\t<meta name=\"twitter:label2\" content=\"Tiempo de lectura\" \/>\n\t<meta name=\"twitter:data2\" content=\"4 minutos\" \/>\n<script type=\"application\/ld+json\" class=\"yoast-schema-graph\">{\"@context\":\"https:\\\/\\\/schema.org\",\"@graph\":[{\"@type\":\"Article\",\"@id\":\"https:\\\/\\\/www.pcb.ub.edu\\\/es\\\/aelix-presenta-resultados-positivos-del-ensayo-aelix-003-de-su-vacuna-terapeutica-contra-el-vih\\\/#article\",\"isPartOf\":{\"@id\":\"https:\\\/\\\/www.pcb.ub.edu\\\/es\\\/aelix-presenta-resultados-positivos-del-ensayo-aelix-003-de-su-vacuna-terapeutica-contra-el-vih\\\/\"},\"author\":{\"name\":\"Azucena Berea\",\"@id\":\"https:\\\/\\\/www.pcb.ub.edu\\\/es\\\/#\\\/schema\\\/person\\\/810a86a39effe6bf90f9ab918ca43239\"},\"headline\":\"AELIX presenta resultados positivos del ensayo AELIX-003 de su vacuna terap\u00e9utica contra el VIH\",\"datePublished\":\"2023-02-22T12:36:20+00:00\",\"dateModified\":\"2025-10-13T13:25:35+00:00\",\"mainEntityOfPage\":{\"@id\":\"https:\\\/\\\/www.pcb.ub.edu\\\/es\\\/aelix-presenta-resultados-positivos-del-ensayo-aelix-003-de-su-vacuna-terapeutica-contra-el-vih\\\/\"},\"wordCount\":629,\"image\":{\"@id\":\"https:\\\/\\\/www.pcb.ub.edu\\\/es\\\/aelix-presenta-resultados-positivos-del-ensayo-aelix-003-de-su-vacuna-terapeutica-contra-el-vih\\\/#primaryimage\"},\"thumbnailUrl\":\"https:\\\/\\\/www.pcb.ub.edu\\\/wp-content\\\/uploads\\\/2023\\\/02\\\/Aelix.jpeg\",\"articleSection\":[\"EMPRESAS\"],\"inLanguage\":\"es\"},{\"@type\":\"WebPage\",\"@id\":\"https:\\\/\\\/www.pcb.ub.edu\\\/es\\\/aelix-presenta-resultados-positivos-del-ensayo-aelix-003-de-su-vacuna-terapeutica-contra-el-vih\\\/\",\"url\":\"https:\\\/\\\/www.pcb.ub.edu\\\/es\\\/aelix-presenta-resultados-positivos-del-ensayo-aelix-003-de-su-vacuna-terapeutica-contra-el-vih\\\/\",\"name\":\"AELIX presenta resultados positivos del ensayo AELIX-003 de su vacuna terap\u00e9utica contra el VIH - Parc Cient\u00edfic de Barcelona\",\"isPartOf\":{\"@id\":\"https:\\\/\\\/www.pcb.ub.edu\\\/es\\\/#website\"},\"primaryImageOfPage\":{\"@id\":\"https:\\\/\\\/www.pcb.ub.edu\\\/es\\\/aelix-presenta-resultados-positivos-del-ensayo-aelix-003-de-su-vacuna-terapeutica-contra-el-vih\\\/#primaryimage\"},\"image\":{\"@id\":\"https:\\\/\\\/www.pcb.ub.edu\\\/es\\\/aelix-presenta-resultados-positivos-del-ensayo-aelix-003-de-su-vacuna-terapeutica-contra-el-vih\\\/#primaryimage\"},\"thumbnailUrl\":\"https:\\\/\\\/www.pcb.ub.edu\\\/wp-content\\\/uploads\\\/2023\\\/02\\\/Aelix.jpeg\",\"datePublished\":\"2023-02-22T12:36:20+00:00\",\"dateModified\":\"2025-10-13T13:25:35+00:00\",\"author\":{\"@id\":\"https:\\\/\\\/www.pcb.ub.edu\\\/es\\\/#\\\/schema\\\/person\\\/810a86a39effe6bf90f9ab918ca43239\"},\"breadcrumb\":{\"@id\":\"https:\\\/\\\/www.pcb.ub.edu\\\/es\\\/aelix-presenta-resultados-positivos-del-ensayo-aelix-003-de-su-vacuna-terapeutica-contra-el-vih\\\/#breadcrumb\"},\"inLanguage\":\"es\",\"potentialAction\":[{\"@type\":\"ReadAction\",\"target\":[\"https:\\\/\\\/www.pcb.ub.edu\\\/es\\\/aelix-presenta-resultados-positivos-del-ensayo-aelix-003-de-su-vacuna-terapeutica-contra-el-vih\\\/\"]}]},{\"@type\":\"ImageObject\",\"inLanguage\":\"es\",\"@id\":\"https:\\\/\\\/www.pcb.ub.edu\\\/es\\\/aelix-presenta-resultados-positivos-del-ensayo-aelix-003-de-su-vacuna-terapeutica-contra-el-vih\\\/#primaryimage\",\"url\":\"https:\\\/\\\/www.pcb.ub.edu\\\/wp-content\\\/uploads\\\/2023\\\/02\\\/Aelix.jpeg\",\"contentUrl\":\"https:\\\/\\\/www.pcb.ub.edu\\\/wp-content\\\/uploads\\\/2023\\\/02\\\/Aelix.jpeg\",\"width\":900,\"height\":330},{\"@type\":\"BreadcrumbList\",\"@id\":\"https:\\\/\\\/www.pcb.ub.edu\\\/es\\\/aelix-presenta-resultados-positivos-del-ensayo-aelix-003-de-su-vacuna-terapeutica-contra-el-vih\\\/#breadcrumb\",\"itemListElement\":[{\"@type\":\"ListItem\",\"position\":1,\"name\":\"Home\",\"item\":\"https:\\\/\\\/www.pcb.ub.edu\\\/es\\\/\"},{\"@type\":\"ListItem\",\"position\":2,\"name\":\"AELIX presenta resultados positivos del ensayo AELIX-003 de su vacuna terap\u00e9utica contra el VIH\"}]},{\"@type\":\"WebSite\",\"@id\":\"https:\\\/\\\/www.pcb.ub.edu\\\/es\\\/#website\",\"url\":\"https:\\\/\\\/www.pcb.ub.edu\\\/es\\\/\",\"name\":\"Parc Cient\u00edfic de Barcelona\",\"description\":\"Universitat de Barcelona\",\"potentialAction\":[{\"@type\":\"SearchAction\",\"target\":{\"@type\":\"EntryPoint\",\"urlTemplate\":\"https:\\\/\\\/www.pcb.ub.edu\\\/es\\\/?s={search_term_string}\"},\"query-input\":{\"@type\":\"PropertyValueSpecification\",\"valueRequired\":true,\"valueName\":\"search_term_string\"}}],\"inLanguage\":\"es\"},{\"@type\":\"Person\",\"@id\":\"https:\\\/\\\/www.pcb.ub.edu\\\/es\\\/#\\\/schema\\\/person\\\/810a86a39effe6bf90f9ab918ca43239\",\"name\":\"Azucena Berea\",\"image\":{\"@type\":\"ImageObject\",\"inLanguage\":\"es\",\"@id\":\"https:\\\/\\\/secure.gravatar.com\\\/avatar\\\/32577545a82a87a5c7e06fb02f02362edb2f379afdb4c8b5783d81635141181f?s=96&d=mm&r=g\",\"url\":\"https:\\\/\\\/secure.gravatar.com\\\/avatar\\\/32577545a82a87a5c7e06fb02f02362edb2f379afdb4c8b5783d81635141181f?s=96&d=mm&r=g\",\"contentUrl\":\"https:\\\/\\\/secure.gravatar.com\\\/avatar\\\/32577545a82a87a5c7e06fb02f02362edb2f379afdb4c8b5783d81635141181f?s=96&d=mm&r=g\",\"caption\":\"Azucena Berea\"},\"sameAs\":[\"https:\\\/\\\/www.pcb.ub.edu\"],\"url\":\"https:\\\/\\\/www.pcb.ub.edu\\\/es\\\/author\\\/aberea\\\/\"}]}<\/script>\n<!-- \/ Yoast SEO plugin. -->","yoast_head_json":{"title":"AELIX presenta resultados positivos del ensayo AELIX-003 de su vacuna terap\u00e9utica contra el VIH - Parc Cient\u00edfic de Barcelona","robots":{"index":"index","follow":"follow","max-snippet":"max-snippet:-1","max-image-preview":"max-image-preview:large","max-video-preview":"max-video-preview:-1"},"canonical":"https:\/\/www.pcb.ub.edu\/es\/aelix-presenta-resultados-positivos-del-ensayo-aelix-003-de-su-vacuna-terapeutica-contra-el-vih\/","og_locale":"es_ES","og_type":"article","og_title":"AELIX presenta resultados positivos del ensayo AELIX-003 de su vacuna terap\u00e9utica contra el VIH - Parc Cient\u00edfic de Barcelona","og_description":"La biotecnol\u00f3gica en fase cl\u00ednica AELIX Therapeutics \u2013con sede en el Parque Cient\u00edfico de Barcelona y especializada en el descubrimiento y desarrollo de inmunoterapias para tratar la infecci\u00f3n por VIH\u2013...","og_url":"https:\/\/www.pcb.ub.edu\/es\/aelix-presenta-resultados-positivos-del-ensayo-aelix-003-de-su-vacuna-terapeutica-contra-el-vih\/","og_site_name":"Parc Cient\u00edfic de Barcelona","article_published_time":"2023-02-22T12:36:20+00:00","article_modified_time":"2025-10-13T13:25:35+00:00","og_image":[{"width":900,"height":330,"url":"https:\/\/www.pcb.ub.edu\/wp-content\/uploads\/2023\/02\/Aelix.jpeg","type":"image\/jpeg"}],"author":"Azucena Berea","twitter_card":"summary_large_image","twitter_misc":{"Escrito por":"Azucena Berea","Tiempo de lectura":"4 minutos"},"schema":{"@context":"https:\/\/schema.org","@graph":[{"@type":"Article","@id":"https:\/\/www.pcb.ub.edu\/es\/aelix-presenta-resultados-positivos-del-ensayo-aelix-003-de-su-vacuna-terapeutica-contra-el-vih\/#article","isPartOf":{"@id":"https:\/\/www.pcb.ub.edu\/es\/aelix-presenta-resultados-positivos-del-ensayo-aelix-003-de-su-vacuna-terapeutica-contra-el-vih\/"},"author":{"name":"Azucena Berea","@id":"https:\/\/www.pcb.ub.edu\/es\/#\/schema\/person\/810a86a39effe6bf90f9ab918ca43239"},"headline":"AELIX presenta resultados positivos del ensayo AELIX-003 de su vacuna terap\u00e9utica contra el VIH","datePublished":"2023-02-22T12:36:20+00:00","dateModified":"2025-10-13T13:25:35+00:00","mainEntityOfPage":{"@id":"https:\/\/www.pcb.ub.edu\/es\/aelix-presenta-resultados-positivos-del-ensayo-aelix-003-de-su-vacuna-terapeutica-contra-el-vih\/"},"wordCount":629,"image":{"@id":"https:\/\/www.pcb.ub.edu\/es\/aelix-presenta-resultados-positivos-del-ensayo-aelix-003-de-su-vacuna-terapeutica-contra-el-vih\/#primaryimage"},"thumbnailUrl":"https:\/\/www.pcb.ub.edu\/wp-content\/uploads\/2023\/02\/Aelix.jpeg","articleSection":["EMPRESAS"],"inLanguage":"es"},{"@type":"WebPage","@id":"https:\/\/www.pcb.ub.edu\/es\/aelix-presenta-resultados-positivos-del-ensayo-aelix-003-de-su-vacuna-terapeutica-contra-el-vih\/","url":"https:\/\/www.pcb.ub.edu\/es\/aelix-presenta-resultados-positivos-del-ensayo-aelix-003-de-su-vacuna-terapeutica-contra-el-vih\/","name":"AELIX presenta resultados positivos del ensayo AELIX-003 de su vacuna terap\u00e9utica contra el VIH - Parc Cient\u00edfic de Barcelona","isPartOf":{"@id":"https:\/\/www.pcb.ub.edu\/es\/#website"},"primaryImageOfPage":{"@id":"https:\/\/www.pcb.ub.edu\/es\/aelix-presenta-resultados-positivos-del-ensayo-aelix-003-de-su-vacuna-terapeutica-contra-el-vih\/#primaryimage"},"image":{"@id":"https:\/\/www.pcb.ub.edu\/es\/aelix-presenta-resultados-positivos-del-ensayo-aelix-003-de-su-vacuna-terapeutica-contra-el-vih\/#primaryimage"},"thumbnailUrl":"https:\/\/www.pcb.ub.edu\/wp-content\/uploads\/2023\/02\/Aelix.jpeg","datePublished":"2023-02-22T12:36:20+00:00","dateModified":"2025-10-13T13:25:35+00:00","author":{"@id":"https:\/\/www.pcb.ub.edu\/es\/#\/schema\/person\/810a86a39effe6bf90f9ab918ca43239"},"breadcrumb":{"@id":"https:\/\/www.pcb.ub.edu\/es\/aelix-presenta-resultados-positivos-del-ensayo-aelix-003-de-su-vacuna-terapeutica-contra-el-vih\/#breadcrumb"},"inLanguage":"es","potentialAction":[{"@type":"ReadAction","target":["https:\/\/www.pcb.ub.edu\/es\/aelix-presenta-resultados-positivos-del-ensayo-aelix-003-de-su-vacuna-terapeutica-contra-el-vih\/"]}]},{"@type":"ImageObject","inLanguage":"es","@id":"https:\/\/www.pcb.ub.edu\/es\/aelix-presenta-resultados-positivos-del-ensayo-aelix-003-de-su-vacuna-terapeutica-contra-el-vih\/#primaryimage","url":"https:\/\/www.pcb.ub.edu\/wp-content\/uploads\/2023\/02\/Aelix.jpeg","contentUrl":"https:\/\/www.pcb.ub.edu\/wp-content\/uploads\/2023\/02\/Aelix.jpeg","width":900,"height":330},{"@type":"BreadcrumbList","@id":"https:\/\/www.pcb.ub.edu\/es\/aelix-presenta-resultados-positivos-del-ensayo-aelix-003-de-su-vacuna-terapeutica-contra-el-vih\/#breadcrumb","itemListElement":[{"@type":"ListItem","position":1,"name":"Home","item":"https:\/\/www.pcb.ub.edu\/es\/"},{"@type":"ListItem","position":2,"name":"AELIX presenta resultados positivos del ensayo AELIX-003 de su vacuna terap\u00e9utica contra el VIH"}]},{"@type":"WebSite","@id":"https:\/\/www.pcb.ub.edu\/es\/#website","url":"https:\/\/www.pcb.ub.edu\/es\/","name":"Parc Cient\u00edfic de Barcelona","description":"Universitat de Barcelona","potentialAction":[{"@type":"SearchAction","target":{"@type":"EntryPoint","urlTemplate":"https:\/\/www.pcb.ub.edu\/es\/?s={search_term_string}"},"query-input":{"@type":"PropertyValueSpecification","valueRequired":true,"valueName":"search_term_string"}}],"inLanguage":"es"},{"@type":"Person","@id":"https:\/\/www.pcb.ub.edu\/es\/#\/schema\/person\/810a86a39effe6bf90f9ab918ca43239","name":"Azucena Berea","image":{"@type":"ImageObject","inLanguage":"es","@id":"https:\/\/secure.gravatar.com\/avatar\/32577545a82a87a5c7e06fb02f02362edb2f379afdb4c8b5783d81635141181f?s=96&d=mm&r=g","url":"https:\/\/secure.gravatar.com\/avatar\/32577545a82a87a5c7e06fb02f02362edb2f379afdb4c8b5783d81635141181f?s=96&d=mm&r=g","contentUrl":"https:\/\/secure.gravatar.com\/avatar\/32577545a82a87a5c7e06fb02f02362edb2f379afdb4c8b5783d81635141181f?s=96&d=mm&r=g","caption":"Azucena Berea"},"sameAs":["https:\/\/www.pcb.ub.edu"],"url":"https:\/\/www.pcb.ub.edu\/es\/author\/aberea\/"}]}},"_links":{"self":[{"href":"https:\/\/www.pcb.ub.edu\/es\/wp-json\/wp\/v2\/posts\/82452","targetHints":{"allow":["GET"]}}],"collection":[{"href":"https:\/\/www.pcb.ub.edu\/es\/wp-json\/wp\/v2\/posts"}],"about":[{"href":"https:\/\/www.pcb.ub.edu\/es\/wp-json\/wp\/v2\/types\/post"}],"author":[{"embeddable":true,"href":"https:\/\/www.pcb.ub.edu\/es\/wp-json\/wp\/v2\/users\/4"}],"replies":[{"embeddable":true,"href":"https:\/\/www.pcb.ub.edu\/es\/wp-json\/wp\/v2\/comments?post=82452"}],"version-history":[{"count":4,"href":"https:\/\/www.pcb.ub.edu\/es\/wp-json\/wp\/v2\/posts\/82452\/revisions"}],"predecessor-version":[{"id":82590,"href":"https:\/\/www.pcb.ub.edu\/es\/wp-json\/wp\/v2\/posts\/82452\/revisions\/82590"}],"wp:featuredmedia":[{"embeddable":true,"href":"https:\/\/www.pcb.ub.edu\/es\/wp-json\/wp\/v2\/media\/82439"}],"wp:attachment":[{"href":"https:\/\/www.pcb.ub.edu\/es\/wp-json\/wp\/v2\/media?parent=82452"}],"wp:term":[{"taxonomy":"category","embeddable":true,"href":"https:\/\/www.pcb.ub.edu\/es\/wp-json\/wp\/v2\/categories?post=82452"},{"taxonomy":"post_tag","embeddable":true,"href":"https:\/\/www.pcb.ub.edu\/es\/wp-json\/wp\/v2\/tags?post=82452"}],"curies":[{"name":"wp","href":"https:\/\/api.w.org\/{rel}","templated":true}]}}