{"id":81803,"date":"2023-01-31T13:09:57","date_gmt":"2023-01-31T12:09:57","guid":{"rendered":"https:\/\/www.pcb.ub.edu\/descubre-los-grupos-que-seran-presentes-a-la-feria-investigacion-en-directo-2023\/"},"modified":"2023-02-09T17:41:01","modified_gmt":"2023-02-09T16:41:01","slug":"descubre-los-grupos-que-participaran-en-la-feria-investigacion-en-directo-2023","status":"publish","type":"post","link":"https:\/\/www.pcb.ub.edu\/es\/descubre-los-grupos-que-participaran-en-la-feria-investigacion-en-directo-2023\/","title":{"rendered":"\u00a1Descubre los grupos que participar\u00e1n en la Feria Investigaci\u00f3n en Directo 2023!"},"content":{"rendered":"<p><strong>El proyecto \u00ab\u00bfQuieres descubrir como investigamos el cerebro en un laboratorio para conocer como se desarrollan las enfermedades neurodegenerativas?\u00bb, del grupo <a href=\"https:\/\/inc.uab.cat\/es\/investigacion\/investigacion-biomedica-en-la-enfermedad-de-alzheimer\" target=\"_blank\" rel=\"noopener\">Investigaci\u00f3n biom\u00e9dica en la enfermedad de Alzheimer<\/a>, del Instituto de Neurociencias (INc) de la Universitat Aut\u00f2noma de Barcelona (UAB), ha sido el m\u00e1s votado (52,6%) en la encuesta p\u00fablica, en la que han participado 886 personas, para elegir las 11 propuestas que participar\u00e1n este a\u00f1o en la Feria Investigaci\u00f3n en Directo.<\/strong><\/p>\n<p>El viernes 27 de enero tuvo lugar la reuni\u00f3n del comit\u00e9 evaluador para seleccionar los otros 10 grupos de investigaci\u00f3n y entidades que trasladar\u00e1n parte de su laboratorio del 18 al 22 de abril a <a href=\"https:\/\/cosmocaixa.org\/es\/\" target=\"_blank\" rel=\"noopener\">CosmoCaixa<\/a> en esta 19\u00aa edici\u00f3n, a fin de interactuar con el p\u00fablico asistente y darle la oportunidad de hacer experimentos y resolver enigmas siguiendo la metodolog\u00eda cient\u00edfica. Consulta todos los proyectos que participar\u00e1n en este <a href=\"https:\/\/recercaensocietat.cat\/fira\/\" target=\"_blank\" rel=\"noopener\">enlace [+]<\/a><\/p>\n<p>El objetivo de la<a href=\"https:\/\/recercaensocietat.cat\/fira\/\" target=\"_blank\" rel=\"noopener\"> Feria Investigaci\u00f3n en Directo<\/a> \u2013que organiza anualmente la Unidad de Cultura Cient\u00edfica del Parque Cient\u00edfico de Barcelona (PCB), en colaboraci\u00f3n con la Fundaci\u00f3n \u201cla Caixa\u201d\u2013 es mostrar los proyectos que se llevan a cabo en Catalu\u00f1a en varios campos de investigaci\u00f3n, para acercar la ciencia a la ciudadan\u00eda y fomentar vocaciones STEM entre la juventud.<\/p>\n<p>Este evento se enmarca dentro del programa<a href=\"https:\/\/www.pcb.ub.edu\/es\/investigacion-en-sociedad\/\" target=\"_blank\" rel=\"noopener\"> Investigaci\u00f3n en Sociedad<\/a> del PCB, que ofrece m\u00e1s de 100 actividades en las que participan cerca de 5.000 personas cada a\u00f1o. En la \u00faltima edici\u00f3n, m\u00e1s de 1.600 visitantes tuvieron la oportunidad de hacer experimentos cient\u00edficos de la mano de 80 investigadores e investigadoras.<\/p>\n<p>El programa ha sido reconocido con el <a href=\"https:\/\/www.pcb.ub.edu\/es\/el-programa-investigacion-en-sociedad-del-parc-cientific-de-barcelona-reconocido-con-el-sello-de-calidad-educativa\/\" target=\"_blank\" rel=\"noopener\">Sello de Calidad Educativa<\/a> del Consejo de Coordinaci\u00f3n Pedag\u00f3gica de Barcelona (<a href=\"https:\/\/ajuntament.barcelona.cat\/educacio\/es\/quienes-somos\/espacios-de-participacion\/consejo-de-innovacion-pedagogica\" target=\"_blank\" rel=\"noopener\">CIP<\/a>), impulsado por el Instituto Municipal de Educaci\u00f3n de Barcelona (<a href=\"https:\/\/ajuntament.barcelona.cat\/educacio\/es\/quienes-somos\/una-ciudad-educadora\/instituto-municipal-de-educacion-de-barcelona-imeb\" target=\"_blank\" rel=\"noopener\">IMEB<\/a>), y cuenta con el apoyo de la Fundaci\u00f3n Espa\u00f1ola para la Ciencia y la Tecnolog\u00eda (<a href=\"http:\/\/www.fecyt.es\/\" target=\"_blank\" rel=\"noreferrer noopener\">FECYT<\/a>) del Ministerio de Ciencia e innovaci\u00f3n, y del Instituto de Cultura de Barcelona (<a href=\"https:\/\/www.barcelona.cat\/barcelonacultura\/ca\/icub\" target=\"_blank\" rel=\"noopener\">ICUB<\/a>) del Ayuntamiento de Barcelona.<\/p>\n","protected":false},"excerpt":{"rendered":"<p>El proyecto \u00ab\u00bfQuieres descubrir como investigamos el cerebro en un laboratorio para conocer como se desarrollan las enfermedades neurodegenerativas?\u00bb, del grupo Investigaci\u00f3n biom\u00e9dica en la enfermedad de Alzheimer, del Instituto&#8230;<\/p>\n","protected":false},"author":4,"featured_media":81760,"comment_status":"closed","ping_status":"closed","sticky":false,"template":"","format":"standard","meta":{"_acf_changed":false,"inline_featured_image":false,"footnotes":""},"categories":[37],"tags":[],"class_list":["post-81803","post","type-post","status-publish","format-standard","has-post-thumbnail","category-pcb"],"acf":[],"yoast_head":"<!-- This site is optimized with the Yoast SEO plugin v27.3 - https:\/\/yoast.com\/product\/yoast-seo-wordpress\/ -->\n<title>\u00a1Descubre los grupos que participar\u00e1n en la Feria Investigaci\u00f3n en Directo 2023! - Parc Cient\u00edfic de Barcelona<\/title>\n<meta name=\"robots\" content=\"index, follow, max-snippet:-1, max-image-preview:large, max-video-preview:-1\" \/>\n<link rel=\"canonical\" href=\"https:\/\/www.pcb.ub.edu\/es\/descubre-los-grupos-que-participaran-en-la-feria-investigacion-en-directo-2023\/\" \/>\n<meta property=\"og:locale\" content=\"es_ES\" \/>\n<meta property=\"og:type\" content=\"article\" \/>\n<meta property=\"og:title\" content=\"\u00a1Descubre los grupos que participar\u00e1n en la Feria Investigaci\u00f3n en Directo 2023! - Parc Cient\u00edfic de Barcelona\" \/>\n<meta property=\"og:description\" content=\"El proyecto \u00ab\u00bfQuieres descubrir como investigamos el cerebro en un laboratorio para conocer como se desarrollan las enfermedades neurodegenerativas?\u00bb, del grupo Investigaci\u00f3n biom\u00e9dica en la enfermedad de Alzheimer, del Instituto...\" \/>\n<meta property=\"og:url\" content=\"https:\/\/www.pcb.ub.edu\/es\/descubre-los-grupos-que-participaran-en-la-feria-investigacion-en-directo-2023\/\" \/>\n<meta property=\"og:site_name\" content=\"Parc Cient\u00edfic de Barcelona\" \/>\n<meta property=\"article:published_time\" content=\"2023-01-31T12:09:57+00:00\" \/>\n<meta property=\"article:modified_time\" content=\"2023-02-09T16:41:01+00:00\" \/>\n<meta property=\"og:image\" content=\"https:\/\/www.pcb.ub.edu\/wp-content\/uploads\/2023\/02\/fira22_04-2022-77-1.jpg\" \/>\n\t<meta property=\"og:image:width\" content=\"900\" \/>\n\t<meta property=\"og:image:height\" content=\"330\" \/>\n\t<meta property=\"og:image:type\" content=\"image\/jpeg\" \/>\n<meta name=\"author\" content=\"Azucena Berea\" \/>\n<meta name=\"twitter:card\" content=\"summary_large_image\" \/>\n<meta name=\"twitter:label1\" content=\"Escrito por\" \/>\n\t<meta name=\"twitter:data1\" content=\"Azucena Berea\" \/>\n\t<meta name=\"twitter:label2\" content=\"Tiempo de lectura\" \/>\n\t<meta name=\"twitter:data2\" content=\"2 minutos\" \/>\n<script type=\"application\/ld+json\" class=\"yoast-schema-graph\">{\"@context\":\"https:\\\/\\\/schema.org\",\"@graph\":[{\"@type\":\"Article\",\"@id\":\"https:\\\/\\\/www.pcb.ub.edu\\\/es\\\/descubre-los-grupos-que-participaran-en-la-feria-investigacion-en-directo-2023\\\/#article\",\"isPartOf\":{\"@id\":\"https:\\\/\\\/www.pcb.ub.edu\\\/es\\\/descubre-los-grupos-que-participaran-en-la-feria-investigacion-en-directo-2023\\\/\"},\"author\":{\"name\":\"Azucena Berea\",\"@id\":\"https:\\\/\\\/www.pcb.ub.edu\\\/es\\\/#\\\/schema\\\/person\\\/810a86a39effe6bf90f9ab918ca43239\"},\"headline\":\"\u00a1Descubre los grupos que participar\u00e1n en la Feria Investigaci\u00f3n en Directo 2023!\",\"datePublished\":\"2023-01-31T12:09:57+00:00\",\"dateModified\":\"2023-02-09T16:41:01+00:00\",\"mainEntityOfPage\":{\"@id\":\"https:\\\/\\\/www.pcb.ub.edu\\\/es\\\/descubre-los-grupos-que-participaran-en-la-feria-investigacion-en-directo-2023\\\/\"},\"wordCount\":354,\"image\":{\"@id\":\"https:\\\/\\\/www.pcb.ub.edu\\\/es\\\/descubre-los-grupos-que-participaran-en-la-feria-investigacion-en-directo-2023\\\/#primaryimage\"},\"thumbnailUrl\":\"https:\\\/\\\/www.pcb.ub.edu\\\/wp-content\\\/uploads\\\/2023\\\/02\\\/fira22_04-2022-77-1.jpg\",\"articleSection\":[\"PCB\"],\"inLanguage\":\"es\"},{\"@type\":\"WebPage\",\"@id\":\"https:\\\/\\\/www.pcb.ub.edu\\\/es\\\/descubre-los-grupos-que-participaran-en-la-feria-investigacion-en-directo-2023\\\/\",\"url\":\"https:\\\/\\\/www.pcb.ub.edu\\\/es\\\/descubre-los-grupos-que-participaran-en-la-feria-investigacion-en-directo-2023\\\/\",\"name\":\"\u00a1Descubre los grupos que participar\u00e1n en la Feria Investigaci\u00f3n en Directo 2023! - Parc Cient\u00edfic de Barcelona\",\"isPartOf\":{\"@id\":\"https:\\\/\\\/www.pcb.ub.edu\\\/es\\\/#website\"},\"primaryImageOfPage\":{\"@id\":\"https:\\\/\\\/www.pcb.ub.edu\\\/es\\\/descubre-los-grupos-que-participaran-en-la-feria-investigacion-en-directo-2023\\\/#primaryimage\"},\"image\":{\"@id\":\"https:\\\/\\\/www.pcb.ub.edu\\\/es\\\/descubre-los-grupos-que-participaran-en-la-feria-investigacion-en-directo-2023\\\/#primaryimage\"},\"thumbnailUrl\":\"https:\\\/\\\/www.pcb.ub.edu\\\/wp-content\\\/uploads\\\/2023\\\/02\\\/fira22_04-2022-77-1.jpg\",\"datePublished\":\"2023-01-31T12:09:57+00:00\",\"dateModified\":\"2023-02-09T16:41:01+00:00\",\"author\":{\"@id\":\"https:\\\/\\\/www.pcb.ub.edu\\\/es\\\/#\\\/schema\\\/person\\\/810a86a39effe6bf90f9ab918ca43239\"},\"breadcrumb\":{\"@id\":\"https:\\\/\\\/www.pcb.ub.edu\\\/es\\\/descubre-los-grupos-que-participaran-en-la-feria-investigacion-en-directo-2023\\\/#breadcrumb\"},\"inLanguage\":\"es\",\"potentialAction\":[{\"@type\":\"ReadAction\",\"target\":[\"https:\\\/\\\/www.pcb.ub.edu\\\/es\\\/descubre-los-grupos-que-participaran-en-la-feria-investigacion-en-directo-2023\\\/\"]}]},{\"@type\":\"ImageObject\",\"inLanguage\":\"es\",\"@id\":\"https:\\\/\\\/www.pcb.ub.edu\\\/es\\\/descubre-los-grupos-que-participaran-en-la-feria-investigacion-en-directo-2023\\\/#primaryimage\",\"url\":\"https:\\\/\\\/www.pcb.ub.edu\\\/wp-content\\\/uploads\\\/2023\\\/02\\\/fira22_04-2022-77-1.jpg\",\"contentUrl\":\"https:\\\/\\\/www.pcb.ub.edu\\\/wp-content\\\/uploads\\\/2023\\\/02\\\/fira22_04-2022-77-1.jpg\",\"width\":900,\"height\":330},{\"@type\":\"BreadcrumbList\",\"@id\":\"https:\\\/\\\/www.pcb.ub.edu\\\/es\\\/descubre-los-grupos-que-participaran-en-la-feria-investigacion-en-directo-2023\\\/#breadcrumb\",\"itemListElement\":[{\"@type\":\"ListItem\",\"position\":1,\"name\":\"Home\",\"item\":\"https:\\\/\\\/www.pcb.ub.edu\\\/es\\\/\"},{\"@type\":\"ListItem\",\"position\":2,\"name\":\"\u00a1Descubre los grupos que participar\u00e1n en la Feria Investigaci\u00f3n en Directo 2023!\"}]},{\"@type\":\"WebSite\",\"@id\":\"https:\\\/\\\/www.pcb.ub.edu\\\/es\\\/#website\",\"url\":\"https:\\\/\\\/www.pcb.ub.edu\\\/es\\\/\",\"name\":\"Parc Cient\u00edfic de Barcelona\",\"description\":\"Universitat de Barcelona\",\"potentialAction\":[{\"@type\":\"SearchAction\",\"target\":{\"@type\":\"EntryPoint\",\"urlTemplate\":\"https:\\\/\\\/www.pcb.ub.edu\\\/es\\\/?s={search_term_string}\"},\"query-input\":{\"@type\":\"PropertyValueSpecification\",\"valueRequired\":true,\"valueName\":\"search_term_string\"}}],\"inLanguage\":\"es\"},{\"@type\":\"Person\",\"@id\":\"https:\\\/\\\/www.pcb.ub.edu\\\/es\\\/#\\\/schema\\\/person\\\/810a86a39effe6bf90f9ab918ca43239\",\"name\":\"Azucena Berea\",\"image\":{\"@type\":\"ImageObject\",\"inLanguage\":\"es\",\"@id\":\"https:\\\/\\\/secure.gravatar.com\\\/avatar\\\/32577545a82a87a5c7e06fb02f02362edb2f379afdb4c8b5783d81635141181f?s=96&d=mm&r=g\",\"url\":\"https:\\\/\\\/secure.gravatar.com\\\/avatar\\\/32577545a82a87a5c7e06fb02f02362edb2f379afdb4c8b5783d81635141181f?s=96&d=mm&r=g\",\"contentUrl\":\"https:\\\/\\\/secure.gravatar.com\\\/avatar\\\/32577545a82a87a5c7e06fb02f02362edb2f379afdb4c8b5783d81635141181f?s=96&d=mm&r=g\",\"caption\":\"Azucena Berea\"},\"sameAs\":[\"https:\\\/\\\/www.pcb.ub.edu\"],\"url\":\"https:\\\/\\\/www.pcb.ub.edu\\\/es\\\/author\\\/aberea\\\/\"}]}<\/script>\n<!-- \/ Yoast SEO plugin. -->","yoast_head_json":{"title":"\u00a1Descubre los grupos que participar\u00e1n en la Feria Investigaci\u00f3n en Directo 2023! - Parc Cient\u00edfic de Barcelona","robots":{"index":"index","follow":"follow","max-snippet":"max-snippet:-1","max-image-preview":"max-image-preview:large","max-video-preview":"max-video-preview:-1"},"canonical":"https:\/\/www.pcb.ub.edu\/es\/descubre-los-grupos-que-participaran-en-la-feria-investigacion-en-directo-2023\/","og_locale":"es_ES","og_type":"article","og_title":"\u00a1Descubre los grupos que participar\u00e1n en la Feria Investigaci\u00f3n en Directo 2023! - Parc Cient\u00edfic de Barcelona","og_description":"El proyecto \u00ab\u00bfQuieres descubrir como investigamos el cerebro en un laboratorio para conocer como se desarrollan las enfermedades neurodegenerativas?\u00bb, del grupo Investigaci\u00f3n biom\u00e9dica en la enfermedad de Alzheimer, del Instituto...","og_url":"https:\/\/www.pcb.ub.edu\/es\/descubre-los-grupos-que-participaran-en-la-feria-investigacion-en-directo-2023\/","og_site_name":"Parc Cient\u00edfic de Barcelona","article_published_time":"2023-01-31T12:09:57+00:00","article_modified_time":"2023-02-09T16:41:01+00:00","og_image":[{"width":900,"height":330,"url":"https:\/\/www.pcb.ub.edu\/wp-content\/uploads\/2023\/02\/fira22_04-2022-77-1.jpg","type":"image\/jpeg"}],"author":"Azucena Berea","twitter_card":"summary_large_image","twitter_misc":{"Escrito por":"Azucena Berea","Tiempo de lectura":"2 minutos"},"schema":{"@context":"https:\/\/schema.org","@graph":[{"@type":"Article","@id":"https:\/\/www.pcb.ub.edu\/es\/descubre-los-grupos-que-participaran-en-la-feria-investigacion-en-directo-2023\/#article","isPartOf":{"@id":"https:\/\/www.pcb.ub.edu\/es\/descubre-los-grupos-que-participaran-en-la-feria-investigacion-en-directo-2023\/"},"author":{"name":"Azucena Berea","@id":"https:\/\/www.pcb.ub.edu\/es\/#\/schema\/person\/810a86a39effe6bf90f9ab918ca43239"},"headline":"\u00a1Descubre los grupos que participar\u00e1n en la Feria Investigaci\u00f3n en Directo 2023!","datePublished":"2023-01-31T12:09:57+00:00","dateModified":"2023-02-09T16:41:01+00:00","mainEntityOfPage":{"@id":"https:\/\/www.pcb.ub.edu\/es\/descubre-los-grupos-que-participaran-en-la-feria-investigacion-en-directo-2023\/"},"wordCount":354,"image":{"@id":"https:\/\/www.pcb.ub.edu\/es\/descubre-los-grupos-que-participaran-en-la-feria-investigacion-en-directo-2023\/#primaryimage"},"thumbnailUrl":"https:\/\/www.pcb.ub.edu\/wp-content\/uploads\/2023\/02\/fira22_04-2022-77-1.jpg","articleSection":["PCB"],"inLanguage":"es"},{"@type":"WebPage","@id":"https:\/\/www.pcb.ub.edu\/es\/descubre-los-grupos-que-participaran-en-la-feria-investigacion-en-directo-2023\/","url":"https:\/\/www.pcb.ub.edu\/es\/descubre-los-grupos-que-participaran-en-la-feria-investigacion-en-directo-2023\/","name":"\u00a1Descubre los grupos que participar\u00e1n en la Feria Investigaci\u00f3n en Directo 2023! - Parc Cient\u00edfic de Barcelona","isPartOf":{"@id":"https:\/\/www.pcb.ub.edu\/es\/#website"},"primaryImageOfPage":{"@id":"https:\/\/www.pcb.ub.edu\/es\/descubre-los-grupos-que-participaran-en-la-feria-investigacion-en-directo-2023\/#primaryimage"},"image":{"@id":"https:\/\/www.pcb.ub.edu\/es\/descubre-los-grupos-que-participaran-en-la-feria-investigacion-en-directo-2023\/#primaryimage"},"thumbnailUrl":"https:\/\/www.pcb.ub.edu\/wp-content\/uploads\/2023\/02\/fira22_04-2022-77-1.jpg","datePublished":"2023-01-31T12:09:57+00:00","dateModified":"2023-02-09T16:41:01+00:00","author":{"@id":"https:\/\/www.pcb.ub.edu\/es\/#\/schema\/person\/810a86a39effe6bf90f9ab918ca43239"},"breadcrumb":{"@id":"https:\/\/www.pcb.ub.edu\/es\/descubre-los-grupos-que-participaran-en-la-feria-investigacion-en-directo-2023\/#breadcrumb"},"inLanguage":"es","potentialAction":[{"@type":"ReadAction","target":["https:\/\/www.pcb.ub.edu\/es\/descubre-los-grupos-que-participaran-en-la-feria-investigacion-en-directo-2023\/"]}]},{"@type":"ImageObject","inLanguage":"es","@id":"https:\/\/www.pcb.ub.edu\/es\/descubre-los-grupos-que-participaran-en-la-feria-investigacion-en-directo-2023\/#primaryimage","url":"https:\/\/www.pcb.ub.edu\/wp-content\/uploads\/2023\/02\/fira22_04-2022-77-1.jpg","contentUrl":"https:\/\/www.pcb.ub.edu\/wp-content\/uploads\/2023\/02\/fira22_04-2022-77-1.jpg","width":900,"height":330},{"@type":"BreadcrumbList","@id":"https:\/\/www.pcb.ub.edu\/es\/descubre-los-grupos-que-participaran-en-la-feria-investigacion-en-directo-2023\/#breadcrumb","itemListElement":[{"@type":"ListItem","position":1,"name":"Home","item":"https:\/\/www.pcb.ub.edu\/es\/"},{"@type":"ListItem","position":2,"name":"\u00a1Descubre los grupos que participar\u00e1n en la Feria Investigaci\u00f3n en Directo 2023!"}]},{"@type":"WebSite","@id":"https:\/\/www.pcb.ub.edu\/es\/#website","url":"https:\/\/www.pcb.ub.edu\/es\/","name":"Parc Cient\u00edfic de Barcelona","description":"Universitat de Barcelona","potentialAction":[{"@type":"SearchAction","target":{"@type":"EntryPoint","urlTemplate":"https:\/\/www.pcb.ub.edu\/es\/?s={search_term_string}"},"query-input":{"@type":"PropertyValueSpecification","valueRequired":true,"valueName":"search_term_string"}}],"inLanguage":"es"},{"@type":"Person","@id":"https:\/\/www.pcb.ub.edu\/es\/#\/schema\/person\/810a86a39effe6bf90f9ab918ca43239","name":"Azucena Berea","image":{"@type":"ImageObject","inLanguage":"es","@id":"https:\/\/secure.gravatar.com\/avatar\/32577545a82a87a5c7e06fb02f02362edb2f379afdb4c8b5783d81635141181f?s=96&d=mm&r=g","url":"https:\/\/secure.gravatar.com\/avatar\/32577545a82a87a5c7e06fb02f02362edb2f379afdb4c8b5783d81635141181f?s=96&d=mm&r=g","contentUrl":"https:\/\/secure.gravatar.com\/avatar\/32577545a82a87a5c7e06fb02f02362edb2f379afdb4c8b5783d81635141181f?s=96&d=mm&r=g","caption":"Azucena Berea"},"sameAs":["https:\/\/www.pcb.ub.edu"],"url":"https:\/\/www.pcb.ub.edu\/es\/author\/aberea\/"}]}},"_links":{"self":[{"href":"https:\/\/www.pcb.ub.edu\/es\/wp-json\/wp\/v2\/posts\/81803","targetHints":{"allow":["GET"]}}],"collection":[{"href":"https:\/\/www.pcb.ub.edu\/es\/wp-json\/wp\/v2\/posts"}],"about":[{"href":"https:\/\/www.pcb.ub.edu\/es\/wp-json\/wp\/v2\/types\/post"}],"author":[{"embeddable":true,"href":"https:\/\/www.pcb.ub.edu\/es\/wp-json\/wp\/v2\/users\/4"}],"replies":[{"embeddable":true,"href":"https:\/\/www.pcb.ub.edu\/es\/wp-json\/wp\/v2\/comments?post=81803"}],"version-history":[{"count":5,"href":"https:\/\/www.pcb.ub.edu\/es\/wp-json\/wp\/v2\/posts\/81803\/revisions"}],"predecessor-version":[{"id":81819,"href":"https:\/\/www.pcb.ub.edu\/es\/wp-json\/wp\/v2\/posts\/81803\/revisions\/81819"}],"wp:featuredmedia":[{"embeddable":true,"href":"https:\/\/www.pcb.ub.edu\/es\/wp-json\/wp\/v2\/media\/81760"}],"wp:attachment":[{"href":"https:\/\/www.pcb.ub.edu\/es\/wp-json\/wp\/v2\/media?parent=81803"}],"wp:term":[{"taxonomy":"category","embeddable":true,"href":"https:\/\/www.pcb.ub.edu\/es\/wp-json\/wp\/v2\/categories?post=81803"},{"taxonomy":"post_tag","embeddable":true,"href":"https:\/\/www.pcb.ub.edu\/es\/wp-json\/wp\/v2\/tags?post=81803"}],"curies":[{"name":"wp","href":"https:\/\/api.w.org\/{rel}","templated":true}]}}