{"id":79044,"date":"2022-11-09T13:20:54","date_gmt":"2022-11-09T12:20:54","guid":{"rendered":"https:\/\/www.pcb.ub.edu\/identificadas-las-celulas-responsables-de-la-recaida-en-el-cancer-de-colon\/"},"modified":"2022-11-15T12:47:10","modified_gmt":"2022-11-15T11:47:10","slug":"identificadas-las-celulas-responsables-de-la-recaida-en-el-cancer-de-colon","status":"publish","type":"post","link":"https:\/\/www.pcb.ub.edu\/es\/identificadas-las-celulas-responsables-de-la-recaida-en-el-cancer-de-colon\/","title":{"rendered":"Identificadas las c\u00e9lulas responsables de la reca\u00edda en el c\u00e1ncer de colon"},"content":{"rendered":"<p><strong>Investigadores del <a href=\"https:\/\/www.pcb.ub.edu\/es\/empresa\/institut-de-recerca-biomedica-irb-barcelona\/\" target=\"_blank\" rel=\"noopener\">IRB Barcelona<\/a>, con sede en el Parque Cient\u00edfico de Barcelona, publican en la revista <em>Nature<\/em> el hallazgo de la poblaci\u00f3n de c\u00e9lulas tumorales residuales que son responsables de la reaparici\u00f3n del c\u00e1ncer en otros \u00f3rganos, despu\u00e9s de la extirpaci\u00f3n del tumor primario. La investigaci\u00f3n demuestra que la inmunoterapia temprana, anterior a la cirug\u00eda, puede eliminar estas c\u00e9lulas antes de que hayan iniciado el desarrollo de una met\u00e1stasis y as\u00ed prevenir las reca\u00eddas en la enfermedad. El trabajo abre la v\u00eda a desarrollar nuevos enfoques terap\u00e9uticos y herramientas diagn\u00f3sticas para frenar la progresi\u00f3n de la enfermedad y mejorar su pron\u00f3stico.<\/strong><\/p>\n<p>El c\u00e1ncer de colon es el tercero m\u00e1s com\u00fan en el mundo, con cerca de 2 millones de nuevos casos cada a\u00f1o. La mayor\u00eda de los pacientes son diagnosticados cuando el tumor todav\u00eda est\u00e1 localizado en el colon o en el recto. Estos tumores se extirpan mediante cirug\u00eda, y en muchos casos, se tratan con quimioterapia con la intenci\u00f3n de evitar las reca\u00eddas en la enfermedad. Aun as\u00ed, en un porcentaje de pacientes comprendido entre un 20% y un 35%, el c\u00e1ncer reaparece en otros \u00f3rganos vitales en forma de met\u00e1stasis. Estas se originan por c\u00e9lulas tumorales residuales que permanecen ocultas en el momento de la cirug\u00eda, principalmente en el h\u00edgado o el pulm\u00f3n. Las met\u00e1stasis son la principal causa de muerte de casi todos los tipos de c\u00e1ncer, incluido el de colon.<\/p>\n<p>La mayor parte de la investigaci\u00f3n en c\u00e1ncer colorrectal se ha centrado en entender la enfermedad primaria. En los \u00faltimos a\u00f1os, tambi\u00e9n ha habido avances importantes en la caracterizaci\u00f3n de la enfermedad metast\u00e1sica una vez esta se manifiesta. Pero hasta el momento no se hab\u00eda podido abordar la investigaci\u00f3n de esta peque\u00f1a poblaci\u00f3n de c\u00e9lulas tumorales que se encuentra diseminada y que es invisible a las t\u00e9cnicas diagn\u00f3sticas utilizadas en la cl\u00ednica. Este desconocimiento se ha traducido en una falta de terapias efectivas para eliminar la enfermedad residual y evitar la recurrencia metast\u00e1sica que tienen un mal pron\u00f3stico. Cient\u00edficos del IRB Barcelona, liderados por el <strong>Dr. Eduard Batlle<\/strong>, investigador ICREA y jefe de grupo en el CIBER de C\u00e1ncer (CIBERONC), han identificado por primera vez c\u00e9lulas tumorales residuales ocultas en el h\u00edgado y pulm\u00f3n, y han caracterizado c\u00f3mo evolucionan hasta dar lugar a la aparici\u00f3n de met\u00e1stasis en estos \u00f3rganos.<\/p>\n<p>\u201cEntender y evitar el fen\u00f3meno de las reca\u00eddas despu\u00e9s de la cirug\u00eda es una necesidad m\u00e9dica no resuelta. Despu\u00e9s de muchos a\u00f1os investigando el c\u00e1ncer de colon, hemos dado un primer paso para prevenir las met\u00e1stasis en pacientes que debutan con una enfermedad localizada\u201d, explica el\u00a0<strong>Dr. Eduard Batlle<\/strong>, jefe del\u00a0<a href=\"https:\/\/www.irbbarcelona.org\/es\/research\/colorectal-cancer-laboratory\" target=\"_blank\" rel=\"noopener\">Laboratorio de C\u00e1ncer Colorrectal<\/a>\u00a0en el IRB Barcelona.<\/p>\n<h3><strong>\u00bfC\u00f3mo ocurre la reca\u00edda en el c\u00e1ncer de colon?<\/strong><\/h3>\n<p>Los cient\u00edficos han generado un nuevo modelo experimental en rat\u00f3n que recrea el proceso que siguen los pacientes que sufren reca\u00eddas, y que t\u00edpicamente pasa por las etapas de diagn\u00f3stico, cirug\u00eda curativa, y posterior reca\u00edda. En paralelo, han desarrollado una metodolog\u00eda que permite aislar una fracci\u00f3n min\u00fascula de c\u00e9lulas tumorales diseminadas ocultas en el organismo.<\/p>\n<p>\u201cNuestro modelo, muy similar al progreso de la enfermedad en pacientes, nos ha permitido caracterizar el tumor primario y la din\u00e1mica de la enfermedad residual. Hemos estudiado desde micro-met\u00e1stasis de 3 o 4 c\u00e9lulas, a met\u00e1stasis de tama\u00f1o medio, o incluso m\u00e1s grandes, caracterizando c\u00f3mo evoluciona cada una de ellas durante la progresi\u00f3n de la enfermedad\u201d, comenta el\u00a0<strong>Dr. Adri\u00e0 Ca\u00f1ellas-Socias<\/strong>, investigador del mismo laboratorio y primer autor del estudio.<\/p>\n<h3><strong>Caracterizando las C\u00e9lulas de Alta probabilidad de Reca\u00edda<\/strong><\/h3>\n<p>Desde hace a\u00f1os, los cient\u00edficos saben que el c\u00e1ncer de colon est\u00e1 compuesto por distintos tipos de c\u00e9lulas tumorales, que ejercen funciones diferentes durante la progresi\u00f3n de la enfermedad. Dentro de la amalgama de tipos celulares que forma los c\u00e1nceres de colon, los investigadores liderados por el\u00a0<strong>Dr. Batlle<\/strong>\u00a0han identificado una poblaci\u00f3n, a la que han llamado HRCs por sus siglas en ingl\u00e9s (<em>High Relapse Cells<\/em> o C\u00e9lulas de Alta probabilidad de Reca\u00edda). Estas c\u00e9lulas presentan poca actividad proliferativa y no contribuyen al crecimiento del tumor primario. Sin embargo, grupos de HRCs son capaces de desprenderse del c\u00e1ncer en el colon, migrar hasta alcanzar el torrente sangu\u00edneo, llegar al h\u00edgado y permanecer ocultas durante un tiempo tras la cirug\u00eda. En muestras procedentes de pacientes con c\u00e1ncer de colon, los investigadores han podido constatar la presencia de estas mismas c\u00e9lulas en los pacientes que tienen un mayor riesgo de recurrencia de la enfermedad despu\u00e9s del tratamiento.<\/p>\n<p>Los investigadores adem\u00e1s han confirmado que, eliminar estas c\u00e9lulas mediante t\u00e9cnicas gen\u00e9ticas es suficiente para prevenir la formaci\u00f3n de met\u00e1stasis; es decir, los ratones que desarrollan c\u00e1ncer de colon se mantienen libres de enfermedad tras la cirug\u00eda del tumor primario, sin sufrir posteriores reca\u00eddas. El equipo del\u00a0<strong>Dr. Batlle<\/strong>\u00a0tambi\u00e9n ha desarrollado una estrategia terap\u00e9utica para erradicar espec\u00edficamente la enfermedad residual y prevenir la recurrencia; demuestran que las met\u00e1stasis incipientes, cuando todav\u00eda no son visibles, pueden eliminarse mediante un tratamiento con inmunoterapia, previo a la cirug\u00eda.<\/p>\n<p>\u201cNuestro descubrimiento revela por primera vez c\u00f3mo se comporta el grupo de c\u00e9lulas tumorales responsable de las reca\u00eddas, y tambi\u00e9n los genes que las definen. Adem\u00e1s, representa una prueba de concepto que abre v\u00edas de desarrollo de nuevas terapias, dirigidas espec\u00edficamente a eliminar la enfermedad residual, as\u00ed como de nuevas herramientas diagn\u00f3sticas para identificar aquellos pacientes con mayor riesgo de reca\u00edda. Por \u00faltimo, nuestro estudio sugiere una revisi\u00f3n de las pautas cl\u00ednicas en el tratamiento de este tipo de c\u00e1ncer porque, en muchos casos, ser\u00eda recomendable aplicar la inmunoterapia antes de la cirug\u00eda\u201d, concluye el\u00a0<strong>Dr. Batlle<\/strong>.<\/p>\n<p>Estos hallazgos abren la posibilidad de desarrollar nuevas l\u00edneas de investigaci\u00f3n. El laboratorio del <strong>Dr. Batlle<\/strong>\u00a0se centra ahora en estudiar en qu\u00e9 momento las HRCs que han alcanzado el h\u00edgado se \u201cactivan\u201d para volver a generar un tumor, con la intenci\u00f3n de interferir en este proceso y evitar la formaci\u00f3n de met\u00e1stasis. Tambi\u00e9n investigan para entender qu\u00e9 factores influyen en la aparici\u00f3n de estas c\u00e9lulas y por qu\u00e9 el n\u00famero de estas c\u00e9lulas var\u00eda entre un paciente y otro.<\/p>\n<p>En este trabajo han participado cient\u00edficos de la plataforma de Bioestad\u00edstica y Bioinform\u00e1tica, liderados por la\u00a0<strong>Dra. Camile Stephan-Otto<\/strong>\u00a0y de la plataforma de Microscop\u00eda Digital Avanzada, que dirige\u00a0<strong>Julien Colombelli<\/strong>, ambas en el IRB Barcelona. Tambi\u00e9n han colaborado investigadores de los laboratorios del\u00a0<strong>Dr. Simon Leedham<\/strong>, en la Universidad de Oxford (Reino Unido); la\u00a0<strong>Dra. Sabine Tejpar<\/strong>, en la Katholieke Universiteit de Leuven (B\u00e9lgica), el\u00a0<strong>Dr. Holger Heyn<\/strong>, en el Centro Nacional de An\u00e1lisis Gen\u00f3mico (CNAG-CRG) y el\u00a0<strong>Dr. Xavier Trepat<\/strong>\u00a0en el Instituto de Bioingenier\u00eda de Catalu\u00f1a.<\/p>\n<p>El proyecto ha recibido financiaci\u00f3n de la Fundaci\u00f3n \u201cla Caixa\u201d, la Marat\u00f3 de TV3, la Asociaci\u00f3n Espa\u00f1ola Contra el C\u00e1ncer, Cancer Research UK, el Ministerio de Ciencia e Innovaci\u00f3n y el European Research Council.<\/p>\n<p><strong>\u00bb Art\u00edculo de referencia:<\/strong>\u00a0Ca\u00f1ellas-Socias, A., Cortina, C., Hernando-Momblona, X. et al. \u00abMetastatic recurrence in colorectal cancer arises from residual EMP1+ cells\u00bb. Nature (2022). DOI:\u00a0<a href=\"https:\/\/www.nature.com\/articles\/s41586-022-05402-9\" target=\"_blank\" rel=\"noopener\">https:\/\/doi.org\/10.1038\/s41586-022-05402-9<\/a><\/p>\n<p><strong>\u00bb Enlace a la noticia: <a href=\"https:\/\/www.irbbarcelona.org\/es\/news\/cientificas\/identificadas-las-celulas-responsables-de-la-recaida-en-el-cancer-de-colon\" target=\"_blank\" rel=\"noopener\">web del IRB Barcelona [+]<\/a><\/strong><\/p>\n","protected":false},"excerpt":{"rendered":"<p>Investigadores del IRB Barcelona, con sede en el Parque Cient\u00edfico de Barcelona, publican en la revista Nature el hallazgo de la poblaci\u00f3n de c\u00e9lulas tumorales residuales que son responsables de&#8230;<\/p>\n","protected":false},"author":4,"featured_media":79025,"comment_status":"closed","ping_status":"closed","sticky":false,"template":"","format":"standard","meta":{"_acf_changed":false,"inline_featured_image":false,"footnotes":""},"categories":[24],"tags":[],"class_list":["post-79044","post","type-post","status-publish","format-standard","has-post-thumbnail","category-ciencia"],"acf":[],"yoast_head":"<!-- This site is optimized with the Yoast SEO plugin v27.3 - https:\/\/yoast.com\/product\/yoast-seo-wordpress\/ -->\n<title>Identificadas las c\u00e9lulas responsables de la reca\u00edda en el c\u00e1ncer de colon - Parc Cient\u00edfic de Barcelona<\/title>\n<meta name=\"robots\" content=\"index, follow, max-snippet:-1, max-image-preview:large, max-video-preview:-1\" \/>\n<link rel=\"canonical\" href=\"https:\/\/www.pcb.ub.edu\/es\/identificadas-las-celulas-responsables-de-la-recaida-en-el-cancer-de-colon\/\" \/>\n<meta property=\"og:locale\" content=\"es_ES\" \/>\n<meta property=\"og:type\" content=\"article\" \/>\n<meta property=\"og:title\" content=\"Identificadas las c\u00e9lulas responsables de la reca\u00edda en el c\u00e1ncer de colon - Parc Cient\u00edfic de Barcelona\" \/>\n<meta property=\"og:description\" content=\"Investigadores del IRB Barcelona, con sede en el Parque Cient\u00edfico de Barcelona, publican en la revista Nature el hallazgo de la poblaci\u00f3n de c\u00e9lulas tumorales residuales que son responsables de...\" \/>\n<meta property=\"og:url\" content=\"https:\/\/www.pcb.ub.edu\/es\/identificadas-las-celulas-responsables-de-la-recaida-en-el-cancer-de-colon\/\" \/>\n<meta property=\"og:site_name\" content=\"Parc Cient\u00edfic de Barcelona\" \/>\n<meta property=\"article:published_time\" content=\"2022-11-09T12:20:54+00:00\" \/>\n<meta property=\"article:modified_time\" content=\"2022-11-15T11:47:10+00:00\" \/>\n<meta property=\"og:image\" content=\"https:\/\/www.pcb.ub.edu\/wp-content\/uploads\/2022\/11\/IRBBarcelona_Nature_Batlle_Img1-1.png\" \/>\n\t<meta property=\"og:image:width\" content=\"900\" \/>\n\t<meta property=\"og:image:height\" content=\"412\" \/>\n\t<meta property=\"og:image:type\" content=\"image\/png\" \/>\n<meta name=\"author\" content=\"Azucena Berea\" \/>\n<meta name=\"twitter:card\" content=\"summary_large_image\" \/>\n<meta name=\"twitter:label1\" content=\"Escrito por\" \/>\n\t<meta name=\"twitter:data1\" content=\"Azucena Berea\" \/>\n\t<meta name=\"twitter:label2\" content=\"Tiempo de lectura\" \/>\n\t<meta name=\"twitter:data2\" content=\"7 minutos\" \/>\n<script type=\"application\/ld+json\" class=\"yoast-schema-graph\">{\"@context\":\"https:\\\/\\\/schema.org\",\"@graph\":[{\"@type\":\"Article\",\"@id\":\"https:\\\/\\\/www.pcb.ub.edu\\\/es\\\/identificadas-las-celulas-responsables-de-la-recaida-en-el-cancer-de-colon\\\/#article\",\"isPartOf\":{\"@id\":\"https:\\\/\\\/www.pcb.ub.edu\\\/es\\\/identificadas-las-celulas-responsables-de-la-recaida-en-el-cancer-de-colon\\\/\"},\"author\":{\"name\":\"Azucena Berea\",\"@id\":\"https:\\\/\\\/www.pcb.ub.edu\\\/es\\\/#\\\/schema\\\/person\\\/810a86a39effe6bf90f9ab918ca43239\"},\"headline\":\"Identificadas las c\u00e9lulas responsables de la reca\u00edda en el c\u00e1ncer de colon\",\"datePublished\":\"2022-11-09T12:20:54+00:00\",\"dateModified\":\"2022-11-15T11:47:10+00:00\",\"mainEntityOfPage\":{\"@id\":\"https:\\\/\\\/www.pcb.ub.edu\\\/es\\\/identificadas-las-celulas-responsables-de-la-recaida-en-el-cancer-de-colon\\\/\"},\"wordCount\":1345,\"image\":{\"@id\":\"https:\\\/\\\/www.pcb.ub.edu\\\/es\\\/identificadas-las-celulas-responsables-de-la-recaida-en-el-cancer-de-colon\\\/#primaryimage\"},\"thumbnailUrl\":\"https:\\\/\\\/www.pcb.ub.edu\\\/wp-content\\\/uploads\\\/2022\\\/11\\\/IRBBarcelona_Nature_Batlle_Img1-1.png\",\"articleSection\":[\"CIENCIA\"],\"inLanguage\":\"es\"},{\"@type\":\"WebPage\",\"@id\":\"https:\\\/\\\/www.pcb.ub.edu\\\/es\\\/identificadas-las-celulas-responsables-de-la-recaida-en-el-cancer-de-colon\\\/\",\"url\":\"https:\\\/\\\/www.pcb.ub.edu\\\/es\\\/identificadas-las-celulas-responsables-de-la-recaida-en-el-cancer-de-colon\\\/\",\"name\":\"Identificadas las c\u00e9lulas responsables de la reca\u00edda en el c\u00e1ncer de colon - Parc Cient\u00edfic de Barcelona\",\"isPartOf\":{\"@id\":\"https:\\\/\\\/www.pcb.ub.edu\\\/es\\\/#website\"},\"primaryImageOfPage\":{\"@id\":\"https:\\\/\\\/www.pcb.ub.edu\\\/es\\\/identificadas-las-celulas-responsables-de-la-recaida-en-el-cancer-de-colon\\\/#primaryimage\"},\"image\":{\"@id\":\"https:\\\/\\\/www.pcb.ub.edu\\\/es\\\/identificadas-las-celulas-responsables-de-la-recaida-en-el-cancer-de-colon\\\/#primaryimage\"},\"thumbnailUrl\":\"https:\\\/\\\/www.pcb.ub.edu\\\/wp-content\\\/uploads\\\/2022\\\/11\\\/IRBBarcelona_Nature_Batlle_Img1-1.png\",\"datePublished\":\"2022-11-09T12:20:54+00:00\",\"dateModified\":\"2022-11-15T11:47:10+00:00\",\"author\":{\"@id\":\"https:\\\/\\\/www.pcb.ub.edu\\\/es\\\/#\\\/schema\\\/person\\\/810a86a39effe6bf90f9ab918ca43239\"},\"breadcrumb\":{\"@id\":\"https:\\\/\\\/www.pcb.ub.edu\\\/es\\\/identificadas-las-celulas-responsables-de-la-recaida-en-el-cancer-de-colon\\\/#breadcrumb\"},\"inLanguage\":\"es\",\"potentialAction\":[{\"@type\":\"ReadAction\",\"target\":[\"https:\\\/\\\/www.pcb.ub.edu\\\/es\\\/identificadas-las-celulas-responsables-de-la-recaida-en-el-cancer-de-colon\\\/\"]}]},{\"@type\":\"ImageObject\",\"inLanguage\":\"es\",\"@id\":\"https:\\\/\\\/www.pcb.ub.edu\\\/es\\\/identificadas-las-celulas-responsables-de-la-recaida-en-el-cancer-de-colon\\\/#primaryimage\",\"url\":\"https:\\\/\\\/www.pcb.ub.edu\\\/wp-content\\\/uploads\\\/2022\\\/11\\\/IRBBarcelona_Nature_Batlle_Img1-1.png\",\"contentUrl\":\"https:\\\/\\\/www.pcb.ub.edu\\\/wp-content\\\/uploads\\\/2022\\\/11\\\/IRBBarcelona_Nature_Batlle_Img1-1.png\",\"width\":900,\"height\":412},{\"@type\":\"BreadcrumbList\",\"@id\":\"https:\\\/\\\/www.pcb.ub.edu\\\/es\\\/identificadas-las-celulas-responsables-de-la-recaida-en-el-cancer-de-colon\\\/#breadcrumb\",\"itemListElement\":[{\"@type\":\"ListItem\",\"position\":1,\"name\":\"Home\",\"item\":\"https:\\\/\\\/www.pcb.ub.edu\\\/es\\\/\"},{\"@type\":\"ListItem\",\"position\":2,\"name\":\"Identificadas las c\u00e9lulas responsables de la reca\u00edda en el c\u00e1ncer de colon\"}]},{\"@type\":\"WebSite\",\"@id\":\"https:\\\/\\\/www.pcb.ub.edu\\\/es\\\/#website\",\"url\":\"https:\\\/\\\/www.pcb.ub.edu\\\/es\\\/\",\"name\":\"Parc Cient\u00edfic de Barcelona\",\"description\":\"Universitat de Barcelona\",\"potentialAction\":[{\"@type\":\"SearchAction\",\"target\":{\"@type\":\"EntryPoint\",\"urlTemplate\":\"https:\\\/\\\/www.pcb.ub.edu\\\/es\\\/?s={search_term_string}\"},\"query-input\":{\"@type\":\"PropertyValueSpecification\",\"valueRequired\":true,\"valueName\":\"search_term_string\"}}],\"inLanguage\":\"es\"},{\"@type\":\"Person\",\"@id\":\"https:\\\/\\\/www.pcb.ub.edu\\\/es\\\/#\\\/schema\\\/person\\\/810a86a39effe6bf90f9ab918ca43239\",\"name\":\"Azucena Berea\",\"image\":{\"@type\":\"ImageObject\",\"inLanguage\":\"es\",\"@id\":\"https:\\\/\\\/secure.gravatar.com\\\/avatar\\\/32577545a82a87a5c7e06fb02f02362edb2f379afdb4c8b5783d81635141181f?s=96&d=mm&r=g\",\"url\":\"https:\\\/\\\/secure.gravatar.com\\\/avatar\\\/32577545a82a87a5c7e06fb02f02362edb2f379afdb4c8b5783d81635141181f?s=96&d=mm&r=g\",\"contentUrl\":\"https:\\\/\\\/secure.gravatar.com\\\/avatar\\\/32577545a82a87a5c7e06fb02f02362edb2f379afdb4c8b5783d81635141181f?s=96&d=mm&r=g\",\"caption\":\"Azucena Berea\"},\"sameAs\":[\"https:\\\/\\\/www.pcb.ub.edu\"],\"url\":\"https:\\\/\\\/www.pcb.ub.edu\\\/es\\\/author\\\/aberea\\\/\"}]}<\/script>\n<!-- \/ Yoast SEO plugin. -->","yoast_head_json":{"title":"Identificadas las c\u00e9lulas responsables de la reca\u00edda en el c\u00e1ncer de colon - Parc Cient\u00edfic de Barcelona","robots":{"index":"index","follow":"follow","max-snippet":"max-snippet:-1","max-image-preview":"max-image-preview:large","max-video-preview":"max-video-preview:-1"},"canonical":"https:\/\/www.pcb.ub.edu\/es\/identificadas-las-celulas-responsables-de-la-recaida-en-el-cancer-de-colon\/","og_locale":"es_ES","og_type":"article","og_title":"Identificadas las c\u00e9lulas responsables de la reca\u00edda en el c\u00e1ncer de colon - Parc Cient\u00edfic de Barcelona","og_description":"Investigadores del IRB Barcelona, con sede en el Parque Cient\u00edfico de Barcelona, publican en la revista Nature el hallazgo de la poblaci\u00f3n de c\u00e9lulas tumorales residuales que son responsables de...","og_url":"https:\/\/www.pcb.ub.edu\/es\/identificadas-las-celulas-responsables-de-la-recaida-en-el-cancer-de-colon\/","og_site_name":"Parc Cient\u00edfic de Barcelona","article_published_time":"2022-11-09T12:20:54+00:00","article_modified_time":"2022-11-15T11:47:10+00:00","og_image":[{"width":900,"height":412,"url":"https:\/\/www.pcb.ub.edu\/wp-content\/uploads\/2022\/11\/IRBBarcelona_Nature_Batlle_Img1-1.png","type":"image\/png"}],"author":"Azucena Berea","twitter_card":"summary_large_image","twitter_misc":{"Escrito por":"Azucena Berea","Tiempo de lectura":"7 minutos"},"schema":{"@context":"https:\/\/schema.org","@graph":[{"@type":"Article","@id":"https:\/\/www.pcb.ub.edu\/es\/identificadas-las-celulas-responsables-de-la-recaida-en-el-cancer-de-colon\/#article","isPartOf":{"@id":"https:\/\/www.pcb.ub.edu\/es\/identificadas-las-celulas-responsables-de-la-recaida-en-el-cancer-de-colon\/"},"author":{"name":"Azucena Berea","@id":"https:\/\/www.pcb.ub.edu\/es\/#\/schema\/person\/810a86a39effe6bf90f9ab918ca43239"},"headline":"Identificadas las c\u00e9lulas responsables de la reca\u00edda en el c\u00e1ncer de colon","datePublished":"2022-11-09T12:20:54+00:00","dateModified":"2022-11-15T11:47:10+00:00","mainEntityOfPage":{"@id":"https:\/\/www.pcb.ub.edu\/es\/identificadas-las-celulas-responsables-de-la-recaida-en-el-cancer-de-colon\/"},"wordCount":1345,"image":{"@id":"https:\/\/www.pcb.ub.edu\/es\/identificadas-las-celulas-responsables-de-la-recaida-en-el-cancer-de-colon\/#primaryimage"},"thumbnailUrl":"https:\/\/www.pcb.ub.edu\/wp-content\/uploads\/2022\/11\/IRBBarcelona_Nature_Batlle_Img1-1.png","articleSection":["CIENCIA"],"inLanguage":"es"},{"@type":"WebPage","@id":"https:\/\/www.pcb.ub.edu\/es\/identificadas-las-celulas-responsables-de-la-recaida-en-el-cancer-de-colon\/","url":"https:\/\/www.pcb.ub.edu\/es\/identificadas-las-celulas-responsables-de-la-recaida-en-el-cancer-de-colon\/","name":"Identificadas las c\u00e9lulas responsables de la reca\u00edda en el c\u00e1ncer de colon - Parc Cient\u00edfic de Barcelona","isPartOf":{"@id":"https:\/\/www.pcb.ub.edu\/es\/#website"},"primaryImageOfPage":{"@id":"https:\/\/www.pcb.ub.edu\/es\/identificadas-las-celulas-responsables-de-la-recaida-en-el-cancer-de-colon\/#primaryimage"},"image":{"@id":"https:\/\/www.pcb.ub.edu\/es\/identificadas-las-celulas-responsables-de-la-recaida-en-el-cancer-de-colon\/#primaryimage"},"thumbnailUrl":"https:\/\/www.pcb.ub.edu\/wp-content\/uploads\/2022\/11\/IRBBarcelona_Nature_Batlle_Img1-1.png","datePublished":"2022-11-09T12:20:54+00:00","dateModified":"2022-11-15T11:47:10+00:00","author":{"@id":"https:\/\/www.pcb.ub.edu\/es\/#\/schema\/person\/810a86a39effe6bf90f9ab918ca43239"},"breadcrumb":{"@id":"https:\/\/www.pcb.ub.edu\/es\/identificadas-las-celulas-responsables-de-la-recaida-en-el-cancer-de-colon\/#breadcrumb"},"inLanguage":"es","potentialAction":[{"@type":"ReadAction","target":["https:\/\/www.pcb.ub.edu\/es\/identificadas-las-celulas-responsables-de-la-recaida-en-el-cancer-de-colon\/"]}]},{"@type":"ImageObject","inLanguage":"es","@id":"https:\/\/www.pcb.ub.edu\/es\/identificadas-las-celulas-responsables-de-la-recaida-en-el-cancer-de-colon\/#primaryimage","url":"https:\/\/www.pcb.ub.edu\/wp-content\/uploads\/2022\/11\/IRBBarcelona_Nature_Batlle_Img1-1.png","contentUrl":"https:\/\/www.pcb.ub.edu\/wp-content\/uploads\/2022\/11\/IRBBarcelona_Nature_Batlle_Img1-1.png","width":900,"height":412},{"@type":"BreadcrumbList","@id":"https:\/\/www.pcb.ub.edu\/es\/identificadas-las-celulas-responsables-de-la-recaida-en-el-cancer-de-colon\/#breadcrumb","itemListElement":[{"@type":"ListItem","position":1,"name":"Home","item":"https:\/\/www.pcb.ub.edu\/es\/"},{"@type":"ListItem","position":2,"name":"Identificadas las c\u00e9lulas responsables de la reca\u00edda en el c\u00e1ncer de colon"}]},{"@type":"WebSite","@id":"https:\/\/www.pcb.ub.edu\/es\/#website","url":"https:\/\/www.pcb.ub.edu\/es\/","name":"Parc Cient\u00edfic de Barcelona","description":"Universitat de Barcelona","potentialAction":[{"@type":"SearchAction","target":{"@type":"EntryPoint","urlTemplate":"https:\/\/www.pcb.ub.edu\/es\/?s={search_term_string}"},"query-input":{"@type":"PropertyValueSpecification","valueRequired":true,"valueName":"search_term_string"}}],"inLanguage":"es"},{"@type":"Person","@id":"https:\/\/www.pcb.ub.edu\/es\/#\/schema\/person\/810a86a39effe6bf90f9ab918ca43239","name":"Azucena Berea","image":{"@type":"ImageObject","inLanguage":"es","@id":"https:\/\/secure.gravatar.com\/avatar\/32577545a82a87a5c7e06fb02f02362edb2f379afdb4c8b5783d81635141181f?s=96&d=mm&r=g","url":"https:\/\/secure.gravatar.com\/avatar\/32577545a82a87a5c7e06fb02f02362edb2f379afdb4c8b5783d81635141181f?s=96&d=mm&r=g","contentUrl":"https:\/\/secure.gravatar.com\/avatar\/32577545a82a87a5c7e06fb02f02362edb2f379afdb4c8b5783d81635141181f?s=96&d=mm&r=g","caption":"Azucena Berea"},"sameAs":["https:\/\/www.pcb.ub.edu"],"url":"https:\/\/www.pcb.ub.edu\/es\/author\/aberea\/"}]}},"_links":{"self":[{"href":"https:\/\/www.pcb.ub.edu\/es\/wp-json\/wp\/v2\/posts\/79044","targetHints":{"allow":["GET"]}}],"collection":[{"href":"https:\/\/www.pcb.ub.edu\/es\/wp-json\/wp\/v2\/posts"}],"about":[{"href":"https:\/\/www.pcb.ub.edu\/es\/wp-json\/wp\/v2\/types\/post"}],"author":[{"embeddable":true,"href":"https:\/\/www.pcb.ub.edu\/es\/wp-json\/wp\/v2\/users\/4"}],"replies":[{"embeddable":true,"href":"https:\/\/www.pcb.ub.edu\/es\/wp-json\/wp\/v2\/comments?post=79044"}],"version-history":[{"count":1,"href":"https:\/\/www.pcb.ub.edu\/es\/wp-json\/wp\/v2\/posts\/79044\/revisions"}],"predecessor-version":[{"id":79174,"href":"https:\/\/www.pcb.ub.edu\/es\/wp-json\/wp\/v2\/posts\/79044\/revisions\/79174"}],"wp:featuredmedia":[{"embeddable":true,"href":"https:\/\/www.pcb.ub.edu\/es\/wp-json\/wp\/v2\/media\/79025"}],"wp:attachment":[{"href":"https:\/\/www.pcb.ub.edu\/es\/wp-json\/wp\/v2\/media?parent=79044"}],"wp:term":[{"taxonomy":"category","embeddable":true,"href":"https:\/\/www.pcb.ub.edu\/es\/wp-json\/wp\/v2\/categories?post=79044"},{"taxonomy":"post_tag","embeddable":true,"href":"https:\/\/www.pcb.ub.edu\/es\/wp-json\/wp\/v2\/tags?post=79044"}],"curies":[{"name":"wp","href":"https:\/\/api.w.org\/{rel}","templated":true}]}}