{"id":77895,"date":"2022-10-07T12:39:02","date_gmt":"2022-10-07T10:39:02","guid":{"rendered":"https:\/\/www.pcb.ub.edu\/el-parque-acoge-un-encuentro-con-el-grupo-de-politica-de-empresa-e-innovacion-de-la-leru\/"},"modified":"2022-10-11T16:44:46","modified_gmt":"2022-10-11T14:44:46","slug":"el-parque-acoge-un-encuentro-con-el-grupo-de-politica-de-empresa-e-innovacion-de-la-leru","status":"publish","type":"post","link":"https:\/\/www.pcb.ub.edu\/es\/el-parque-acoge-un-encuentro-con-el-grupo-de-politica-de-empresa-e-innovacion-de-la-leru\/","title":{"rendered":"El Parque acoge un encuentro con el grupo de pol\u00edtica de empresa e innovaci\u00f3n de la LERU"},"content":{"rendered":"<p><strong>El 5 y 6 de octubre tuvo lugar en la Universitat de Barcelona (<a href=\"https:\/\/www.ub.edu\/web\/portal\/es\/\" target=\"_blank\" rel=\"noopener\">UB<\/a>) la reuni\u00f3n peri\u00f3dica del grupo de pol\u00edtica de empresa e innovaci\u00f3n de la League of European Research Universities \u00a0(<a href=\"https:\/\/www.linkedin.com\/company\/league-of-european-research-universities-leru-\/\" target=\"_blank\" rel=\"noopener\" data-attribute-index=\"0\" data-entity-hovercard-id=\"urn:li:fs_miniCompany:6438972\" data-entity-type=\"MINI_COMPANY\">LERU<\/a>), que cont\u00f3 con la asistencia de los responsables de este \u00e1mbito de trece universidades de la red. En el Parque Cient\u00edfico de Barcelona se organiz\u00f3 una mesa redonda con empresas e instituciones, en las que particip\u00f3 su directora general, Maria Terrades.<\/strong><\/p>\n<p>La reuni\u00f3n de la LERU, celebrada esta semana en la Universitat de Barcelona, fue inaugurada por el rector Joan Gu\u00e0rdia, que dio la bienvenida a los asistentes junto con la vicerrectora de Emprendimiento, Innovaci\u00f3n y Transferencia, <strong>Merc\u00e8 Segarra<\/strong>, y la directora de la Fundaci\u00f3n Bosch i Gimpera, <strong>Carme Verdaguer<\/strong>, ambas representantes de la UB en este grupo de la LERU.<\/p>\n<div id=\"attachment_77770\" style=\"width: 610px\" class=\"wp-caption alignnone\"><img loading=\"lazy\" decoding=\"async\" aria-describedby=\"caption-attachment-77770\" class=\"wp-image-77770 size-full\" src=\"https:\/\/www.pcb.ub.edu\/wp-content\/uploads\/2022\/10\/fullsizeoutput_54d.jpeg\" alt=\"\" width=\"600\" height=\"400\" srcset=\"https:\/\/www.pcb.ub.edu\/wp-content\/uploads\/2022\/10\/fullsizeoutput_54d.jpeg 600w, https:\/\/www.pcb.ub.edu\/wp-content\/uploads\/2022\/10\/fullsizeoutput_54d-300x200.jpeg 300w\" sizes=\"auto, (max-width: 600px) 100vw, 600px\" \/><p id=\"caption-attachment-77770\" class=\"wp-caption-text\">Foto \/ Universitat de Barcelona.<\/p><\/div>\n<p>En el encuentro, <strong>Roman Arjona<\/strong>, economista jefe de la Direcci\u00f3n de Investigaci\u00f3n e Innovaci\u00f3n de la Uni\u00f3n Europea, imparti\u00f3 una ponencia sobre la necesidad de actualizar la estrategia industrial de la UE partiendo de la autonom\u00eda estrat\u00e9gica, es decir, reduciendo la dependencia de la UE de terceros pa\u00edses. El resto del programa consisti\u00f3 en intercambiar buenas pr\u00e1cticas en los \u00e1mbitos de la innovaci\u00f3n y el emprendimiento; trabajar en las publicaciones que se editar\u00e1n pr\u00f3ximamente, e intercambiar posiciones sobre las pol\u00edticas de innovaci\u00f3n de la Uni\u00f3n Europea.<\/p>\n<p><strong>\u00bb Enlace a la noticia: <a href=\"https:\/\/www.ub.edu\/web\/ub\/es\/menu_eines\/noticies\/2022\/10\/015.html?\" target=\"_blank\" rel=\"noopener\">web de la UB [+]<\/a><\/strong><\/p>\n","protected":false},"excerpt":{"rendered":"<p>El 5 y 6 de octubre tuvo lugar en la Universitat de Barcelona (UB) la reuni\u00f3n peri\u00f3dica del grupo de pol\u00edtica de empresa e innovaci\u00f3n de la League of European&#8230;<\/p>\n","protected":false},"author":4,"featured_media":77761,"comment_status":"closed","ping_status":"closed","sticky":false,"template":"","format":"standard","meta":{"_acf_changed":false,"inline_featured_image":false,"footnotes":""},"categories":[37],"tags":[],"class_list":["post-77895","post","type-post","status-publish","format-standard","has-post-thumbnail","category-pcb"],"acf":[],"yoast_head":"<!-- This site is optimized with the Yoast SEO plugin v27.3 - https:\/\/yoast.com\/product\/yoast-seo-wordpress\/ -->\n<title>El Parque acoge un encuentro con el grupo de pol\u00edtica de empresa e innovaci\u00f3n de la LERU - Parc Cient\u00edfic de Barcelona<\/title>\n<meta name=\"robots\" content=\"index, follow, max-snippet:-1, max-image-preview:large, max-video-preview:-1\" \/>\n<link rel=\"canonical\" href=\"https:\/\/www.pcb.ub.edu\/es\/el-parque-acoge-un-encuentro-con-el-grupo-de-politica-de-empresa-e-innovacion-de-la-leru\/\" \/>\n<meta property=\"og:locale\" content=\"es_ES\" \/>\n<meta property=\"og:type\" content=\"article\" \/>\n<meta property=\"og:title\" content=\"El Parque acoge un encuentro con el grupo de pol\u00edtica de empresa e innovaci\u00f3n de la LERU - Parc Cient\u00edfic de Barcelona\" \/>\n<meta property=\"og:description\" content=\"El 5 y 6 de octubre tuvo lugar en la Universitat de Barcelona (UB) la reuni\u00f3n peri\u00f3dica del grupo de pol\u00edtica de empresa e innovaci\u00f3n de la League of European...\" \/>\n<meta property=\"og:url\" content=\"https:\/\/www.pcb.ub.edu\/es\/el-parque-acoge-un-encuentro-con-el-grupo-de-politica-de-empresa-e-innovacion-de-la-leru\/\" \/>\n<meta property=\"og:site_name\" content=\"Parc Cient\u00edfic de Barcelona\" \/>\n<meta property=\"article:published_time\" content=\"2022-10-07T10:39:02+00:00\" \/>\n<meta property=\"article:modified_time\" content=\"2022-10-11T14:44:46+00:00\" \/>\n<meta property=\"og:image\" content=\"https:\/\/www.pcb.ub.edu\/wp-content\/uploads\/2022\/10\/Reunio-LERU-1.jpeg\" \/>\n\t<meta property=\"og:image:width\" content=\"999\" \/>\n\t<meta property=\"og:image:height\" content=\"360\" \/>\n\t<meta property=\"og:image:type\" content=\"image\/jpeg\" \/>\n<meta name=\"author\" content=\"Azucena Berea\" \/>\n<meta name=\"twitter:card\" content=\"summary_large_image\" \/>\n<meta name=\"twitter:label1\" content=\"Escrito por\" \/>\n\t<meta name=\"twitter:data1\" content=\"Azucena Berea\" \/>\n\t<meta name=\"twitter:label2\" content=\"Tiempo de lectura\" \/>\n\t<meta name=\"twitter:data2\" content=\"1 minuto\" \/>\n<script type=\"application\/ld+json\" class=\"yoast-schema-graph\">{\"@context\":\"https:\\\/\\\/schema.org\",\"@graph\":[{\"@type\":\"Article\",\"@id\":\"https:\\\/\\\/www.pcb.ub.edu\\\/es\\\/el-parque-acoge-un-encuentro-con-el-grupo-de-politica-de-empresa-e-innovacion-de-la-leru\\\/#article\",\"isPartOf\":{\"@id\":\"https:\\\/\\\/www.pcb.ub.edu\\\/es\\\/el-parque-acoge-un-encuentro-con-el-grupo-de-politica-de-empresa-e-innovacion-de-la-leru\\\/\"},\"author\":{\"name\":\"Azucena Berea\",\"@id\":\"https:\\\/\\\/www.pcb.ub.edu\\\/es\\\/#\\\/schema\\\/person\\\/810a86a39effe6bf90f9ab918ca43239\"},\"headline\":\"El Parque acoge un encuentro con el grupo de pol\u00edtica de empresa e innovaci\u00f3n de la LERU\",\"datePublished\":\"2022-10-07T10:39:02+00:00\",\"dateModified\":\"2022-10-11T14:44:46+00:00\",\"mainEntityOfPage\":{\"@id\":\"https:\\\/\\\/www.pcb.ub.edu\\\/es\\\/el-parque-acoge-un-encuentro-con-el-grupo-de-politica-de-empresa-e-innovacion-de-la-leru\\\/\"},\"wordCount\":279,\"image\":{\"@id\":\"https:\\\/\\\/www.pcb.ub.edu\\\/es\\\/el-parque-acoge-un-encuentro-con-el-grupo-de-politica-de-empresa-e-innovacion-de-la-leru\\\/#primaryimage\"},\"thumbnailUrl\":\"https:\\\/\\\/www.pcb.ub.edu\\\/wp-content\\\/uploads\\\/2022\\\/10\\\/Reunio-LERU-1.jpeg\",\"articleSection\":[\"PCB\"],\"inLanguage\":\"es\"},{\"@type\":\"WebPage\",\"@id\":\"https:\\\/\\\/www.pcb.ub.edu\\\/es\\\/el-parque-acoge-un-encuentro-con-el-grupo-de-politica-de-empresa-e-innovacion-de-la-leru\\\/\",\"url\":\"https:\\\/\\\/www.pcb.ub.edu\\\/es\\\/el-parque-acoge-un-encuentro-con-el-grupo-de-politica-de-empresa-e-innovacion-de-la-leru\\\/\",\"name\":\"El Parque acoge un encuentro con el grupo de pol\u00edtica de empresa e innovaci\u00f3n de la LERU - Parc Cient\u00edfic de Barcelona\",\"isPartOf\":{\"@id\":\"https:\\\/\\\/www.pcb.ub.edu\\\/es\\\/#website\"},\"primaryImageOfPage\":{\"@id\":\"https:\\\/\\\/www.pcb.ub.edu\\\/es\\\/el-parque-acoge-un-encuentro-con-el-grupo-de-politica-de-empresa-e-innovacion-de-la-leru\\\/#primaryimage\"},\"image\":{\"@id\":\"https:\\\/\\\/www.pcb.ub.edu\\\/es\\\/el-parque-acoge-un-encuentro-con-el-grupo-de-politica-de-empresa-e-innovacion-de-la-leru\\\/#primaryimage\"},\"thumbnailUrl\":\"https:\\\/\\\/www.pcb.ub.edu\\\/wp-content\\\/uploads\\\/2022\\\/10\\\/Reunio-LERU-1.jpeg\",\"datePublished\":\"2022-10-07T10:39:02+00:00\",\"dateModified\":\"2022-10-11T14:44:46+00:00\",\"author\":{\"@id\":\"https:\\\/\\\/www.pcb.ub.edu\\\/es\\\/#\\\/schema\\\/person\\\/810a86a39effe6bf90f9ab918ca43239\"},\"breadcrumb\":{\"@id\":\"https:\\\/\\\/www.pcb.ub.edu\\\/es\\\/el-parque-acoge-un-encuentro-con-el-grupo-de-politica-de-empresa-e-innovacion-de-la-leru\\\/#breadcrumb\"},\"inLanguage\":\"es\",\"potentialAction\":[{\"@type\":\"ReadAction\",\"target\":[\"https:\\\/\\\/www.pcb.ub.edu\\\/es\\\/el-parque-acoge-un-encuentro-con-el-grupo-de-politica-de-empresa-e-innovacion-de-la-leru\\\/\"]}]},{\"@type\":\"ImageObject\",\"inLanguage\":\"es\",\"@id\":\"https:\\\/\\\/www.pcb.ub.edu\\\/es\\\/el-parque-acoge-un-encuentro-con-el-grupo-de-politica-de-empresa-e-innovacion-de-la-leru\\\/#primaryimage\",\"url\":\"https:\\\/\\\/www.pcb.ub.edu\\\/wp-content\\\/uploads\\\/2022\\\/10\\\/Reunio-LERU-1.jpeg\",\"contentUrl\":\"https:\\\/\\\/www.pcb.ub.edu\\\/wp-content\\\/uploads\\\/2022\\\/10\\\/Reunio-LERU-1.jpeg\",\"width\":999,\"height\":360},{\"@type\":\"BreadcrumbList\",\"@id\":\"https:\\\/\\\/www.pcb.ub.edu\\\/es\\\/el-parque-acoge-un-encuentro-con-el-grupo-de-politica-de-empresa-e-innovacion-de-la-leru\\\/#breadcrumb\",\"itemListElement\":[{\"@type\":\"ListItem\",\"position\":1,\"name\":\"Home\",\"item\":\"https:\\\/\\\/www.pcb.ub.edu\\\/es\\\/\"},{\"@type\":\"ListItem\",\"position\":2,\"name\":\"El Parque acoge un encuentro con el grupo de pol\u00edtica de empresa e innovaci\u00f3n de la LERU\"}]},{\"@type\":\"WebSite\",\"@id\":\"https:\\\/\\\/www.pcb.ub.edu\\\/es\\\/#website\",\"url\":\"https:\\\/\\\/www.pcb.ub.edu\\\/es\\\/\",\"name\":\"Parc Cient\u00edfic de Barcelona\",\"description\":\"Universitat de Barcelona\",\"potentialAction\":[{\"@type\":\"SearchAction\",\"target\":{\"@type\":\"EntryPoint\",\"urlTemplate\":\"https:\\\/\\\/www.pcb.ub.edu\\\/es\\\/?s={search_term_string}\"},\"query-input\":{\"@type\":\"PropertyValueSpecification\",\"valueRequired\":true,\"valueName\":\"search_term_string\"}}],\"inLanguage\":\"es\"},{\"@type\":\"Person\",\"@id\":\"https:\\\/\\\/www.pcb.ub.edu\\\/es\\\/#\\\/schema\\\/person\\\/810a86a39effe6bf90f9ab918ca43239\",\"name\":\"Azucena Berea\",\"image\":{\"@type\":\"ImageObject\",\"inLanguage\":\"es\",\"@id\":\"https:\\\/\\\/secure.gravatar.com\\\/avatar\\\/32577545a82a87a5c7e06fb02f02362edb2f379afdb4c8b5783d81635141181f?s=96&d=mm&r=g\",\"url\":\"https:\\\/\\\/secure.gravatar.com\\\/avatar\\\/32577545a82a87a5c7e06fb02f02362edb2f379afdb4c8b5783d81635141181f?s=96&d=mm&r=g\",\"contentUrl\":\"https:\\\/\\\/secure.gravatar.com\\\/avatar\\\/32577545a82a87a5c7e06fb02f02362edb2f379afdb4c8b5783d81635141181f?s=96&d=mm&r=g\",\"caption\":\"Azucena Berea\"},\"sameAs\":[\"https:\\\/\\\/www.pcb.ub.edu\"],\"url\":\"https:\\\/\\\/www.pcb.ub.edu\\\/es\\\/author\\\/aberea\\\/\"}]}<\/script>\n<!-- \/ Yoast SEO plugin. -->","yoast_head_json":{"title":"El Parque acoge un encuentro con el grupo de pol\u00edtica de empresa e innovaci\u00f3n de la LERU - Parc Cient\u00edfic de Barcelona","robots":{"index":"index","follow":"follow","max-snippet":"max-snippet:-1","max-image-preview":"max-image-preview:large","max-video-preview":"max-video-preview:-1"},"canonical":"https:\/\/www.pcb.ub.edu\/es\/el-parque-acoge-un-encuentro-con-el-grupo-de-politica-de-empresa-e-innovacion-de-la-leru\/","og_locale":"es_ES","og_type":"article","og_title":"El Parque acoge un encuentro con el grupo de pol\u00edtica de empresa e innovaci\u00f3n de la LERU - Parc Cient\u00edfic de Barcelona","og_description":"El 5 y 6 de octubre tuvo lugar en la Universitat de Barcelona (UB) la reuni\u00f3n peri\u00f3dica del grupo de pol\u00edtica de empresa e innovaci\u00f3n de la League of European...","og_url":"https:\/\/www.pcb.ub.edu\/es\/el-parque-acoge-un-encuentro-con-el-grupo-de-politica-de-empresa-e-innovacion-de-la-leru\/","og_site_name":"Parc Cient\u00edfic de Barcelona","article_published_time":"2022-10-07T10:39:02+00:00","article_modified_time":"2022-10-11T14:44:46+00:00","og_image":[{"width":999,"height":360,"url":"https:\/\/www.pcb.ub.edu\/wp-content\/uploads\/2022\/10\/Reunio-LERU-1.jpeg","type":"image\/jpeg"}],"author":"Azucena Berea","twitter_card":"summary_large_image","twitter_misc":{"Escrito por":"Azucena Berea","Tiempo de lectura":"1 minuto"},"schema":{"@context":"https:\/\/schema.org","@graph":[{"@type":"Article","@id":"https:\/\/www.pcb.ub.edu\/es\/el-parque-acoge-un-encuentro-con-el-grupo-de-politica-de-empresa-e-innovacion-de-la-leru\/#article","isPartOf":{"@id":"https:\/\/www.pcb.ub.edu\/es\/el-parque-acoge-un-encuentro-con-el-grupo-de-politica-de-empresa-e-innovacion-de-la-leru\/"},"author":{"name":"Azucena Berea","@id":"https:\/\/www.pcb.ub.edu\/es\/#\/schema\/person\/810a86a39effe6bf90f9ab918ca43239"},"headline":"El Parque acoge un encuentro con el grupo de pol\u00edtica de empresa e innovaci\u00f3n de la LERU","datePublished":"2022-10-07T10:39:02+00:00","dateModified":"2022-10-11T14:44:46+00:00","mainEntityOfPage":{"@id":"https:\/\/www.pcb.ub.edu\/es\/el-parque-acoge-un-encuentro-con-el-grupo-de-politica-de-empresa-e-innovacion-de-la-leru\/"},"wordCount":279,"image":{"@id":"https:\/\/www.pcb.ub.edu\/es\/el-parque-acoge-un-encuentro-con-el-grupo-de-politica-de-empresa-e-innovacion-de-la-leru\/#primaryimage"},"thumbnailUrl":"https:\/\/www.pcb.ub.edu\/wp-content\/uploads\/2022\/10\/Reunio-LERU-1.jpeg","articleSection":["PCB"],"inLanguage":"es"},{"@type":"WebPage","@id":"https:\/\/www.pcb.ub.edu\/es\/el-parque-acoge-un-encuentro-con-el-grupo-de-politica-de-empresa-e-innovacion-de-la-leru\/","url":"https:\/\/www.pcb.ub.edu\/es\/el-parque-acoge-un-encuentro-con-el-grupo-de-politica-de-empresa-e-innovacion-de-la-leru\/","name":"El Parque acoge un encuentro con el grupo de pol\u00edtica de empresa e innovaci\u00f3n de la LERU - Parc Cient\u00edfic de Barcelona","isPartOf":{"@id":"https:\/\/www.pcb.ub.edu\/es\/#website"},"primaryImageOfPage":{"@id":"https:\/\/www.pcb.ub.edu\/es\/el-parque-acoge-un-encuentro-con-el-grupo-de-politica-de-empresa-e-innovacion-de-la-leru\/#primaryimage"},"image":{"@id":"https:\/\/www.pcb.ub.edu\/es\/el-parque-acoge-un-encuentro-con-el-grupo-de-politica-de-empresa-e-innovacion-de-la-leru\/#primaryimage"},"thumbnailUrl":"https:\/\/www.pcb.ub.edu\/wp-content\/uploads\/2022\/10\/Reunio-LERU-1.jpeg","datePublished":"2022-10-07T10:39:02+00:00","dateModified":"2022-10-11T14:44:46+00:00","author":{"@id":"https:\/\/www.pcb.ub.edu\/es\/#\/schema\/person\/810a86a39effe6bf90f9ab918ca43239"},"breadcrumb":{"@id":"https:\/\/www.pcb.ub.edu\/es\/el-parque-acoge-un-encuentro-con-el-grupo-de-politica-de-empresa-e-innovacion-de-la-leru\/#breadcrumb"},"inLanguage":"es","potentialAction":[{"@type":"ReadAction","target":["https:\/\/www.pcb.ub.edu\/es\/el-parque-acoge-un-encuentro-con-el-grupo-de-politica-de-empresa-e-innovacion-de-la-leru\/"]}]},{"@type":"ImageObject","inLanguage":"es","@id":"https:\/\/www.pcb.ub.edu\/es\/el-parque-acoge-un-encuentro-con-el-grupo-de-politica-de-empresa-e-innovacion-de-la-leru\/#primaryimage","url":"https:\/\/www.pcb.ub.edu\/wp-content\/uploads\/2022\/10\/Reunio-LERU-1.jpeg","contentUrl":"https:\/\/www.pcb.ub.edu\/wp-content\/uploads\/2022\/10\/Reunio-LERU-1.jpeg","width":999,"height":360},{"@type":"BreadcrumbList","@id":"https:\/\/www.pcb.ub.edu\/es\/el-parque-acoge-un-encuentro-con-el-grupo-de-politica-de-empresa-e-innovacion-de-la-leru\/#breadcrumb","itemListElement":[{"@type":"ListItem","position":1,"name":"Home","item":"https:\/\/www.pcb.ub.edu\/es\/"},{"@type":"ListItem","position":2,"name":"El Parque acoge un encuentro con el grupo de pol\u00edtica de empresa e innovaci\u00f3n de la LERU"}]},{"@type":"WebSite","@id":"https:\/\/www.pcb.ub.edu\/es\/#website","url":"https:\/\/www.pcb.ub.edu\/es\/","name":"Parc Cient\u00edfic de Barcelona","description":"Universitat de Barcelona","potentialAction":[{"@type":"SearchAction","target":{"@type":"EntryPoint","urlTemplate":"https:\/\/www.pcb.ub.edu\/es\/?s={search_term_string}"},"query-input":{"@type":"PropertyValueSpecification","valueRequired":true,"valueName":"search_term_string"}}],"inLanguage":"es"},{"@type":"Person","@id":"https:\/\/www.pcb.ub.edu\/es\/#\/schema\/person\/810a86a39effe6bf90f9ab918ca43239","name":"Azucena Berea","image":{"@type":"ImageObject","inLanguage":"es","@id":"https:\/\/secure.gravatar.com\/avatar\/32577545a82a87a5c7e06fb02f02362edb2f379afdb4c8b5783d81635141181f?s=96&d=mm&r=g","url":"https:\/\/secure.gravatar.com\/avatar\/32577545a82a87a5c7e06fb02f02362edb2f379afdb4c8b5783d81635141181f?s=96&d=mm&r=g","contentUrl":"https:\/\/secure.gravatar.com\/avatar\/32577545a82a87a5c7e06fb02f02362edb2f379afdb4c8b5783d81635141181f?s=96&d=mm&r=g","caption":"Azucena Berea"},"sameAs":["https:\/\/www.pcb.ub.edu"],"url":"https:\/\/www.pcb.ub.edu\/es\/author\/aberea\/"}]}},"_links":{"self":[{"href":"https:\/\/www.pcb.ub.edu\/es\/wp-json\/wp\/v2\/posts\/77895","targetHints":{"allow":["GET"]}}],"collection":[{"href":"https:\/\/www.pcb.ub.edu\/es\/wp-json\/wp\/v2\/posts"}],"about":[{"href":"https:\/\/www.pcb.ub.edu\/es\/wp-json\/wp\/v2\/types\/post"}],"author":[{"embeddable":true,"href":"https:\/\/www.pcb.ub.edu\/es\/wp-json\/wp\/v2\/users\/4"}],"replies":[{"embeddable":true,"href":"https:\/\/www.pcb.ub.edu\/es\/wp-json\/wp\/v2\/comments?post=77895"}],"version-history":[{"count":3,"href":"https:\/\/www.pcb.ub.edu\/es\/wp-json\/wp\/v2\/posts\/77895\/revisions"}],"predecessor-version":[{"id":77899,"href":"https:\/\/www.pcb.ub.edu\/es\/wp-json\/wp\/v2\/posts\/77895\/revisions\/77899"}],"wp:featuredmedia":[{"embeddable":true,"href":"https:\/\/www.pcb.ub.edu\/es\/wp-json\/wp\/v2\/media\/77761"}],"wp:attachment":[{"href":"https:\/\/www.pcb.ub.edu\/es\/wp-json\/wp\/v2\/media?parent=77895"}],"wp:term":[{"taxonomy":"category","embeddable":true,"href":"https:\/\/www.pcb.ub.edu\/es\/wp-json\/wp\/v2\/categories?post=77895"},{"taxonomy":"post_tag","embeddable":true,"href":"https:\/\/www.pcb.ub.edu\/es\/wp-json\/wp\/v2\/tags?post=77895"}],"curies":[{"name":"wp","href":"https:\/\/api.w.org\/{rel}","templated":true}]}}