{"id":76871,"date":"2022-09-12T12:45:00","date_gmt":"2022-09-12T10:45:00","guid":{"rendered":"https:\/\/www.pcb.ub.edu\/el-grupo-aleman-schulke-mayr-adquiere-la-compania-vesismin-health\/"},"modified":"2025-10-13T15:27:39","modified_gmt":"2025-10-13T13:27:39","slug":"el-grupo-aleman-schulke-mayr-adquiere-la-compania-vesismin-health","status":"publish","type":"post","link":"https:\/\/www.pcb.ub.edu\/es\/el-grupo-aleman-schulke-mayr-adquiere-la-compania-vesismin-health\/","title":{"rendered":"El grupo alem\u00e1n Sch\u00fclke &#038; Mayr adquiere la compa\u00f1\u00eda Vesismin Health"},"content":{"rendered":"<p><strong><a href=\"http:\/\/www.schuelke.de\" target=\"_blank\" rel=\"noopener\">Sch\u00fclke Group<\/a>, l\u00edder mundial en prevenci\u00f3n de infecciones desde hace m\u00e1s de 130 a\u00f1os, ha adquirido la compa\u00f1\u00eda <a href=\"https:\/\/www.pcb.ub.edu\/es\/empresa\/vesismin\/\" target=\"_blank\" rel=\"noopener\">Vesismin Health<\/a>, con sede en el Parque Cient\u00edfico de Barcelona. La empresa naci\u00f3 en 2004 de la mano del emprendedor V\u00edctor Vall\u00e9s, como fruto de un proyecto incubado en el <a href=\"https:\/\/www.iqs.edu\/es\" target=\"_blank\" rel=\"noopener\">Instituto Qu\u00edmico de Sarri\u00e0 (IQS)<\/a> y, desde entonces, su principal objetivo ha sido colaborar con los hospitales y centros de salud en la lucha contra las infecciones relacionadas con la asistencia sanitaria (IRAS).<\/strong><\/p>\n<p>La misi\u00f3n de <a href=\"https:\/\/vesismin.com\/\" target=\"_blank\" rel=\"noopener\">Vesismin Health<\/a>, totalmente alineada con la de Sch\u00fclke, es ayudar a prevenir infecciones y mejorar la calidad de vida de las personas, mediante el desarrollo y comercializaci\u00f3n de soluciones innovadoras. La compa\u00f1\u00eda lleva creciendo a doble d\u00edgito en los \u00faltimos 5 a\u00f1os, con una media anual (CAGR) de un 27%. Su facturaci\u00f3n en 2021 alcanz\u00f3 los 12 M\u20ac, de los cuales m\u00e1s del 30% corresponde a exportaciones a 45 pa\u00edses, como Francia, Polonia, Estados Unidos, Reino Unido, China, Ruman\u00eda y Rep\u00fablica Dominicana, entre otros. Tambi\u00e9n puso en marcha un plan de captaci\u00f3n de talento que le llev\u00f3 a ampliar su equipo humano un 29%.<\/p>\n<p><a href=\"http:\/\/www.schuelke.de\" target=\"_blank\" rel=\"noopener\">Sch\u00fclke &amp; Mayr GmbH<\/a> es l\u00edder mundial en prevenci\u00f3n de infecciones y control de la higiene desde hace m\u00e1s de 130 a\u00f1os. Cuenta con m\u00e1s de 20 filiales y tres centros de producci\u00f3n, en Alemania (Sch\u00fclke), Francia (Bioxal) y Brasil (Vic Pharma), donde trabajan m\u00e1s de 1.100 profesionales. Sus soluciones de higiene y prevenci\u00f3n de infecciones est\u00e1n presentes en 80 pa\u00edses de todo el mundo. Con esta adquisici\u00f3n estrat\u00e9gica, ampl\u00eda su presencia y cartera de productos en el sur de Europa -principalmente en Espa\u00f1a, Francia y Portugal- y crea sinergias entre su \u00e1rea de I+D y Suministros.<\/p>\n<div id=\"attachment_76813\" style=\"width: 910px\" class=\"wp-caption alignnone\"><img loading=\"lazy\" decoding=\"async\" aria-describedby=\"caption-attachment-76813\" class=\"wp-image-76813 size-full\" src=\"https:\/\/www.pcb.ub.edu\/wp-content\/uploads\/2022\/09\/Stefan-Kukacka-1-2.jpeg\" alt=\"\" width=\"900\" height=\"300\" srcset=\"https:\/\/www.pcb.ub.edu\/wp-content\/uploads\/2022\/09\/Stefan-Kukacka-1-2.jpeg 900w, https:\/\/www.pcb.ub.edu\/wp-content\/uploads\/2022\/09\/Stefan-Kukacka-1-2-300x100.jpeg 300w, https:\/\/www.pcb.ub.edu\/wp-content\/uploads\/2022\/09\/Stefan-Kukacka-1-2-768x256.jpeg 768w\" sizes=\"auto, (max-width: 900px) 100vw, 900px\" \/><p id=\"caption-attachment-76813\" class=\"wp-caption-text\">Stefan Kukacka, director general de Sch\u00fclke. Foto: Sch\u00fclke.<\/p><\/div>\n<p><strong>Stefan Kukacka<\/strong>, director general de Sch\u00fclke, explica: \u00abEsta adquisici\u00f3n subraya, una vez m\u00e1s, nuestra ambiciosa estrategia de crecimiento y nuestra misi\u00f3n de proteger vidas en todo el mundo. Con Vesismin Health, estamos ampliando el Grupo Sch\u00fclke con una empresa de alto perfil para la prevenci\u00f3n de infecciones y soluciones de higiene en el \u00e1mbito sanitario. Bas\u00e1ndonos en la experiencia de Vesismin Health en formulaciones con activo clorhexidina, crearemos juntos un centro de excelencia para productos basados en este ingrediente activo. Estamos deseando trabajar juntos y compartir nuestras experiencias e innovaciones conjuntas\u00bb.<\/p>\n<p><strong>V\u00edctor Vall\u00e9s<\/strong>, fundador y director general de Vesismin Health, comenta: \u00abEstamos muy contentos de formar parte del Grupo Sch\u00fclke, que posee una dilatada experiencia como proveedor mundial en el campo de la prevenci\u00f3n de infecciones y soluciones de higiene. Esta uni\u00f3n refuerza nuestra posici\u00f3n, ampliando nuestra gama actual de productos, y nos convierte en el proveedor con la gama m\u00e1s completa para la prevenci\u00f3n de infecciones. El acuerdo nos permitir\u00e1 desarrollar a\u00fan m\u00e1s nuestra \u2018expertise\u2019 en productos basados en clorhexidina, as\u00ed como seguir manteniendo nuestro perfil de empresa innovadora. Vesismin Health continuar\u00e1 como empresa independiente dentro del grupo y mantendr\u00e1 todo su actual equipo de profesionales. Esta colaboraci\u00f3n nos permitir\u00e1 crecer tanto en el mercado espa\u00f1ol como en otros mercados, y dar un paso m\u00e1s en nuestro compromiso y nuestra raz\u00f3n de ser: la lucha diaria contra las infecciones hospitalarias\u00bb.<\/p>\n<p>Vesismin Health naci\u00f3 en 2004 en Barcelona de la mano del emprendedor V\u00edctor Vall\u00e9s, como fruto de un proyecto llevado a cabo con el apoyo del Instituto Qu\u00edmico de Sarri\u00e0 (IQS). Desde entonces, el principal objetivo de la empresa ha sido colaborar con los hospitales y centros de salud en la lucha diaria contra las infecciones, aportando soluciones eficaces e innovadoras.<\/p>\n<p>Vesismin fue el primer proveedor en Espa\u00f1a en formular y lanzar la clorhexidina naranja como alternativa a la povidona yodada para facilitar la antisepsia al \u00e1mbito quir\u00fargico y reducir las infecciones. Actualmente, ofrece soluciones l\u00edderes en el mercado: antis\u00e9pticos basados en clorhexidina, desinfectantes de superficies, desinfectantes de alto nivel y equipamiento basado en la m\u00e1s alta tecnolog\u00eda, como <a href=\"https:\/\/vesismin.com\/es\/article\/vesismin-uv\" target=\"_blank\" rel=\"noopener\">Vesismin UV<\/a>, que proporciona una desinfecci\u00f3n avanzada con luz ultravioleta, dise\u00f1ada para conseguir una alta eficiencia en el entorno hospitalario. En la actualidad, la empresa est\u00e1 presente en m\u00e1s de 400 hospitales en Espa\u00f1a y se est\u00e1 expandiendo a otros mercados, como el farmac\u00e9utico y el veterinario.<\/p>\n<div id=\"attachment_76818\" style=\"width: 856px\" class=\"wp-caption alignnone\"><img loading=\"lazy\" decoding=\"async\" aria-describedby=\"caption-attachment-76818\" class=\"wp-image-76818 \" src=\"https:\/\/www.pcb.ub.edu\/wp-content\/uploads\/2022\/09\/Vesismin-UV-1.jpg\" alt=\"\" width=\"846\" height=\"404\" srcset=\"https:\/\/www.pcb.ub.edu\/wp-content\/uploads\/2022\/09\/Vesismin-UV-1.jpg 900w, https:\/\/www.pcb.ub.edu\/wp-content\/uploads\/2022\/09\/Vesismin-UV-1-300x143.jpg 300w, https:\/\/www.pcb.ub.edu\/wp-content\/uploads\/2022\/09\/Vesismin-UV-1-768x367.jpg 768w\" sizes=\"auto, (max-width: 846px) 100vw, 846px\" \/><p id=\"caption-attachment-76818\" class=\"wp-caption-text\">Vesismin UV es un sistema dise\u00f1ado para la desinfecci\u00f3n de superficies mediante la emisi\u00f3n de radiaci\u00f3n ultravioleta germicida en la banda UV-C (Foto: Vesismin Health).<\/p><\/div>\n<p><strong>\u00a0<\/strong><\/p>\n","protected":false},"excerpt":{"rendered":"<p>Sch\u00fclke Group, l\u00edder mundial en prevenci\u00f3n de infecciones desde hace m\u00e1s de 130 a\u00f1os, ha adquirido la compa\u00f1\u00eda Vesismin Health, con sede en el Parque Cient\u00edfico de Barcelona. La empresa&#8230;<\/p>\n","protected":false},"author":4,"featured_media":76796,"comment_status":"closed","ping_status":"closed","sticky":false,"template":"","format":"standard","meta":{"_acf_changed":false,"inline_featured_image":false,"footnotes":""},"categories":[356],"tags":[],"class_list":["post-76871","post","type-post","status-publish","format-standard","has-post-thumbnail","category-empresas"],"acf":[],"yoast_head":"<!-- This site is optimized with the Yoast SEO plugin v27.3 - https:\/\/yoast.com\/product\/yoast-seo-wordpress\/ -->\n<title>El grupo alem\u00e1n Sch\u00fclke &amp; Mayr adquiere la compa\u00f1\u00eda Vesismin Health - Parc Cient\u00edfic de Barcelona<\/title>\n<meta name=\"robots\" content=\"index, follow, max-snippet:-1, max-image-preview:large, max-video-preview:-1\" \/>\n<link rel=\"canonical\" href=\"https:\/\/www.pcb.ub.edu\/es\/el-grupo-aleman-schulke-mayr-adquiere-la-compania-vesismin-health\/\" \/>\n<meta property=\"og:locale\" content=\"es_ES\" \/>\n<meta property=\"og:type\" content=\"article\" \/>\n<meta property=\"og:title\" content=\"El grupo alem\u00e1n Sch\u00fclke &amp; Mayr adquiere la compa\u00f1\u00eda Vesismin Health - Parc Cient\u00edfic de Barcelona\" \/>\n<meta property=\"og:description\" content=\"Sch\u00fclke Group, l\u00edder mundial en prevenci\u00f3n de infecciones desde hace m\u00e1s de 130 a\u00f1os, ha adquirido la compa\u00f1\u00eda Vesismin Health, con sede en el Parque Cient\u00edfico de Barcelona. La empresa...\" \/>\n<meta property=\"og:url\" content=\"https:\/\/www.pcb.ub.edu\/es\/el-grupo-aleman-schulke-mayr-adquiere-la-compania-vesismin-health\/\" \/>\n<meta property=\"og:site_name\" content=\"Parc Cient\u00edfic de Barcelona\" \/>\n<meta property=\"article:published_time\" content=\"2022-09-12T10:45:00+00:00\" \/>\n<meta property=\"article:modified_time\" content=\"2025-10-13T13:27:39+00:00\" \/>\n<meta property=\"og:image\" content=\"https:\/\/www.pcb.ub.edu\/wp-content\/uploads\/2022\/09\/fullsizeoutput_52b.jpeg\" \/>\n\t<meta property=\"og:image:width\" content=\"846\" \/>\n\t<meta property=\"og:image:height\" content=\"313\" \/>\n\t<meta property=\"og:image:type\" content=\"image\/jpeg\" \/>\n<meta name=\"author\" content=\"Azucena Berea\" \/>\n<meta name=\"twitter:card\" content=\"summary_large_image\" \/>\n<meta name=\"twitter:label1\" content=\"Escrito por\" \/>\n\t<meta name=\"twitter:data1\" content=\"Azucena Berea\" \/>\n\t<meta name=\"twitter:label2\" content=\"Tiempo de lectura\" \/>\n\t<meta name=\"twitter:data2\" content=\"4 minutos\" \/>\n<script type=\"application\/ld+json\" class=\"yoast-schema-graph\">{\"@context\":\"https:\\\/\\\/schema.org\",\"@graph\":[{\"@type\":\"Article\",\"@id\":\"https:\\\/\\\/www.pcb.ub.edu\\\/es\\\/el-grupo-aleman-schulke-mayr-adquiere-la-compania-vesismin-health\\\/#article\",\"isPartOf\":{\"@id\":\"https:\\\/\\\/www.pcb.ub.edu\\\/es\\\/el-grupo-aleman-schulke-mayr-adquiere-la-compania-vesismin-health\\\/\"},\"author\":{\"name\":\"Azucena Berea\",\"@id\":\"https:\\\/\\\/www.pcb.ub.edu\\\/es\\\/#\\\/schema\\\/person\\\/810a86a39effe6bf90f9ab918ca43239\"},\"headline\":\"El grupo alem\u00e1n Sch\u00fclke &#038; Mayr adquiere la compa\u00f1\u00eda Vesismin Health\",\"datePublished\":\"2022-09-12T10:45:00+00:00\",\"dateModified\":\"2025-10-13T13:27:39+00:00\",\"mainEntityOfPage\":{\"@id\":\"https:\\\/\\\/www.pcb.ub.edu\\\/es\\\/el-grupo-aleman-schulke-mayr-adquiere-la-compania-vesismin-health\\\/\"},\"wordCount\":808,\"image\":{\"@id\":\"https:\\\/\\\/www.pcb.ub.edu\\\/es\\\/el-grupo-aleman-schulke-mayr-adquiere-la-compania-vesismin-health\\\/#primaryimage\"},\"thumbnailUrl\":\"https:\\\/\\\/www.pcb.ub.edu\\\/wp-content\\\/uploads\\\/2022\\\/09\\\/fullsizeoutput_52b.jpeg\",\"articleSection\":[\"EMPRESAS\"],\"inLanguage\":\"es\"},{\"@type\":\"WebPage\",\"@id\":\"https:\\\/\\\/www.pcb.ub.edu\\\/es\\\/el-grupo-aleman-schulke-mayr-adquiere-la-compania-vesismin-health\\\/\",\"url\":\"https:\\\/\\\/www.pcb.ub.edu\\\/es\\\/el-grupo-aleman-schulke-mayr-adquiere-la-compania-vesismin-health\\\/\",\"name\":\"El grupo alem\u00e1n Sch\u00fclke & Mayr adquiere la compa\u00f1\u00eda Vesismin Health - Parc Cient\u00edfic de Barcelona\",\"isPartOf\":{\"@id\":\"https:\\\/\\\/www.pcb.ub.edu\\\/es\\\/#website\"},\"primaryImageOfPage\":{\"@id\":\"https:\\\/\\\/www.pcb.ub.edu\\\/es\\\/el-grupo-aleman-schulke-mayr-adquiere-la-compania-vesismin-health\\\/#primaryimage\"},\"image\":{\"@id\":\"https:\\\/\\\/www.pcb.ub.edu\\\/es\\\/el-grupo-aleman-schulke-mayr-adquiere-la-compania-vesismin-health\\\/#primaryimage\"},\"thumbnailUrl\":\"https:\\\/\\\/www.pcb.ub.edu\\\/wp-content\\\/uploads\\\/2022\\\/09\\\/fullsizeoutput_52b.jpeg\",\"datePublished\":\"2022-09-12T10:45:00+00:00\",\"dateModified\":\"2025-10-13T13:27:39+00:00\",\"author\":{\"@id\":\"https:\\\/\\\/www.pcb.ub.edu\\\/es\\\/#\\\/schema\\\/person\\\/810a86a39effe6bf90f9ab918ca43239\"},\"breadcrumb\":{\"@id\":\"https:\\\/\\\/www.pcb.ub.edu\\\/es\\\/el-grupo-aleman-schulke-mayr-adquiere-la-compania-vesismin-health\\\/#breadcrumb\"},\"inLanguage\":\"es\",\"potentialAction\":[{\"@type\":\"ReadAction\",\"target\":[\"https:\\\/\\\/www.pcb.ub.edu\\\/es\\\/el-grupo-aleman-schulke-mayr-adquiere-la-compania-vesismin-health\\\/\"]}]},{\"@type\":\"ImageObject\",\"inLanguage\":\"es\",\"@id\":\"https:\\\/\\\/www.pcb.ub.edu\\\/es\\\/el-grupo-aleman-schulke-mayr-adquiere-la-compania-vesismin-health\\\/#primaryimage\",\"url\":\"https:\\\/\\\/www.pcb.ub.edu\\\/wp-content\\\/uploads\\\/2022\\\/09\\\/fullsizeoutput_52b.jpeg\",\"contentUrl\":\"https:\\\/\\\/www.pcb.ub.edu\\\/wp-content\\\/uploads\\\/2022\\\/09\\\/fullsizeoutput_52b.jpeg\",\"width\":846,\"height\":313},{\"@type\":\"BreadcrumbList\",\"@id\":\"https:\\\/\\\/www.pcb.ub.edu\\\/es\\\/el-grupo-aleman-schulke-mayr-adquiere-la-compania-vesismin-health\\\/#breadcrumb\",\"itemListElement\":[{\"@type\":\"ListItem\",\"position\":1,\"name\":\"Home\",\"item\":\"https:\\\/\\\/www.pcb.ub.edu\\\/es\\\/\"},{\"@type\":\"ListItem\",\"position\":2,\"name\":\"El grupo alem\u00e1n Sch\u00fclke &#038; Mayr adquiere la compa\u00f1\u00eda Vesismin Health\"}]},{\"@type\":\"WebSite\",\"@id\":\"https:\\\/\\\/www.pcb.ub.edu\\\/es\\\/#website\",\"url\":\"https:\\\/\\\/www.pcb.ub.edu\\\/es\\\/\",\"name\":\"Parc Cient\u00edfic de Barcelona\",\"description\":\"Universitat de Barcelona\",\"potentialAction\":[{\"@type\":\"SearchAction\",\"target\":{\"@type\":\"EntryPoint\",\"urlTemplate\":\"https:\\\/\\\/www.pcb.ub.edu\\\/es\\\/?s={search_term_string}\"},\"query-input\":{\"@type\":\"PropertyValueSpecification\",\"valueRequired\":true,\"valueName\":\"search_term_string\"}}],\"inLanguage\":\"es\"},{\"@type\":\"Person\",\"@id\":\"https:\\\/\\\/www.pcb.ub.edu\\\/es\\\/#\\\/schema\\\/person\\\/810a86a39effe6bf90f9ab918ca43239\",\"name\":\"Azucena Berea\",\"image\":{\"@type\":\"ImageObject\",\"inLanguage\":\"es\",\"@id\":\"https:\\\/\\\/secure.gravatar.com\\\/avatar\\\/32577545a82a87a5c7e06fb02f02362edb2f379afdb4c8b5783d81635141181f?s=96&d=mm&r=g\",\"url\":\"https:\\\/\\\/secure.gravatar.com\\\/avatar\\\/32577545a82a87a5c7e06fb02f02362edb2f379afdb4c8b5783d81635141181f?s=96&d=mm&r=g\",\"contentUrl\":\"https:\\\/\\\/secure.gravatar.com\\\/avatar\\\/32577545a82a87a5c7e06fb02f02362edb2f379afdb4c8b5783d81635141181f?s=96&d=mm&r=g\",\"caption\":\"Azucena Berea\"},\"sameAs\":[\"https:\\\/\\\/www.pcb.ub.edu\"],\"url\":\"https:\\\/\\\/www.pcb.ub.edu\\\/es\\\/author\\\/aberea\\\/\"}]}<\/script>\n<!-- \/ Yoast SEO plugin. -->","yoast_head_json":{"title":"El grupo alem\u00e1n Sch\u00fclke & Mayr adquiere la compa\u00f1\u00eda Vesismin Health - Parc Cient\u00edfic de Barcelona","robots":{"index":"index","follow":"follow","max-snippet":"max-snippet:-1","max-image-preview":"max-image-preview:large","max-video-preview":"max-video-preview:-1"},"canonical":"https:\/\/www.pcb.ub.edu\/es\/el-grupo-aleman-schulke-mayr-adquiere-la-compania-vesismin-health\/","og_locale":"es_ES","og_type":"article","og_title":"El grupo alem\u00e1n Sch\u00fclke & Mayr adquiere la compa\u00f1\u00eda Vesismin Health - Parc Cient\u00edfic de Barcelona","og_description":"Sch\u00fclke Group, l\u00edder mundial en prevenci\u00f3n de infecciones desde hace m\u00e1s de 130 a\u00f1os, ha adquirido la compa\u00f1\u00eda Vesismin Health, con sede en el Parque Cient\u00edfico de Barcelona. La empresa...","og_url":"https:\/\/www.pcb.ub.edu\/es\/el-grupo-aleman-schulke-mayr-adquiere-la-compania-vesismin-health\/","og_site_name":"Parc Cient\u00edfic de Barcelona","article_published_time":"2022-09-12T10:45:00+00:00","article_modified_time":"2025-10-13T13:27:39+00:00","og_image":[{"width":846,"height":313,"url":"https:\/\/www.pcb.ub.edu\/wp-content\/uploads\/2022\/09\/fullsizeoutput_52b.jpeg","type":"image\/jpeg"}],"author":"Azucena Berea","twitter_card":"summary_large_image","twitter_misc":{"Escrito por":"Azucena Berea","Tiempo de lectura":"4 minutos"},"schema":{"@context":"https:\/\/schema.org","@graph":[{"@type":"Article","@id":"https:\/\/www.pcb.ub.edu\/es\/el-grupo-aleman-schulke-mayr-adquiere-la-compania-vesismin-health\/#article","isPartOf":{"@id":"https:\/\/www.pcb.ub.edu\/es\/el-grupo-aleman-schulke-mayr-adquiere-la-compania-vesismin-health\/"},"author":{"name":"Azucena Berea","@id":"https:\/\/www.pcb.ub.edu\/es\/#\/schema\/person\/810a86a39effe6bf90f9ab918ca43239"},"headline":"El grupo alem\u00e1n Sch\u00fclke &#038; Mayr adquiere la compa\u00f1\u00eda Vesismin Health","datePublished":"2022-09-12T10:45:00+00:00","dateModified":"2025-10-13T13:27:39+00:00","mainEntityOfPage":{"@id":"https:\/\/www.pcb.ub.edu\/es\/el-grupo-aleman-schulke-mayr-adquiere-la-compania-vesismin-health\/"},"wordCount":808,"image":{"@id":"https:\/\/www.pcb.ub.edu\/es\/el-grupo-aleman-schulke-mayr-adquiere-la-compania-vesismin-health\/#primaryimage"},"thumbnailUrl":"https:\/\/www.pcb.ub.edu\/wp-content\/uploads\/2022\/09\/fullsizeoutput_52b.jpeg","articleSection":["EMPRESAS"],"inLanguage":"es"},{"@type":"WebPage","@id":"https:\/\/www.pcb.ub.edu\/es\/el-grupo-aleman-schulke-mayr-adquiere-la-compania-vesismin-health\/","url":"https:\/\/www.pcb.ub.edu\/es\/el-grupo-aleman-schulke-mayr-adquiere-la-compania-vesismin-health\/","name":"El grupo alem\u00e1n Sch\u00fclke & Mayr adquiere la compa\u00f1\u00eda Vesismin Health - Parc Cient\u00edfic de Barcelona","isPartOf":{"@id":"https:\/\/www.pcb.ub.edu\/es\/#website"},"primaryImageOfPage":{"@id":"https:\/\/www.pcb.ub.edu\/es\/el-grupo-aleman-schulke-mayr-adquiere-la-compania-vesismin-health\/#primaryimage"},"image":{"@id":"https:\/\/www.pcb.ub.edu\/es\/el-grupo-aleman-schulke-mayr-adquiere-la-compania-vesismin-health\/#primaryimage"},"thumbnailUrl":"https:\/\/www.pcb.ub.edu\/wp-content\/uploads\/2022\/09\/fullsizeoutput_52b.jpeg","datePublished":"2022-09-12T10:45:00+00:00","dateModified":"2025-10-13T13:27:39+00:00","author":{"@id":"https:\/\/www.pcb.ub.edu\/es\/#\/schema\/person\/810a86a39effe6bf90f9ab918ca43239"},"breadcrumb":{"@id":"https:\/\/www.pcb.ub.edu\/es\/el-grupo-aleman-schulke-mayr-adquiere-la-compania-vesismin-health\/#breadcrumb"},"inLanguage":"es","potentialAction":[{"@type":"ReadAction","target":["https:\/\/www.pcb.ub.edu\/es\/el-grupo-aleman-schulke-mayr-adquiere-la-compania-vesismin-health\/"]}]},{"@type":"ImageObject","inLanguage":"es","@id":"https:\/\/www.pcb.ub.edu\/es\/el-grupo-aleman-schulke-mayr-adquiere-la-compania-vesismin-health\/#primaryimage","url":"https:\/\/www.pcb.ub.edu\/wp-content\/uploads\/2022\/09\/fullsizeoutput_52b.jpeg","contentUrl":"https:\/\/www.pcb.ub.edu\/wp-content\/uploads\/2022\/09\/fullsizeoutput_52b.jpeg","width":846,"height":313},{"@type":"BreadcrumbList","@id":"https:\/\/www.pcb.ub.edu\/es\/el-grupo-aleman-schulke-mayr-adquiere-la-compania-vesismin-health\/#breadcrumb","itemListElement":[{"@type":"ListItem","position":1,"name":"Home","item":"https:\/\/www.pcb.ub.edu\/es\/"},{"@type":"ListItem","position":2,"name":"El grupo alem\u00e1n Sch\u00fclke &#038; Mayr adquiere la compa\u00f1\u00eda Vesismin Health"}]},{"@type":"WebSite","@id":"https:\/\/www.pcb.ub.edu\/es\/#website","url":"https:\/\/www.pcb.ub.edu\/es\/","name":"Parc Cient\u00edfic de Barcelona","description":"Universitat de Barcelona","potentialAction":[{"@type":"SearchAction","target":{"@type":"EntryPoint","urlTemplate":"https:\/\/www.pcb.ub.edu\/es\/?s={search_term_string}"},"query-input":{"@type":"PropertyValueSpecification","valueRequired":true,"valueName":"search_term_string"}}],"inLanguage":"es"},{"@type":"Person","@id":"https:\/\/www.pcb.ub.edu\/es\/#\/schema\/person\/810a86a39effe6bf90f9ab918ca43239","name":"Azucena Berea","image":{"@type":"ImageObject","inLanguage":"es","@id":"https:\/\/secure.gravatar.com\/avatar\/32577545a82a87a5c7e06fb02f02362edb2f379afdb4c8b5783d81635141181f?s=96&d=mm&r=g","url":"https:\/\/secure.gravatar.com\/avatar\/32577545a82a87a5c7e06fb02f02362edb2f379afdb4c8b5783d81635141181f?s=96&d=mm&r=g","contentUrl":"https:\/\/secure.gravatar.com\/avatar\/32577545a82a87a5c7e06fb02f02362edb2f379afdb4c8b5783d81635141181f?s=96&d=mm&r=g","caption":"Azucena Berea"},"sameAs":["https:\/\/www.pcb.ub.edu"],"url":"https:\/\/www.pcb.ub.edu\/es\/author\/aberea\/"}]}},"_links":{"self":[{"href":"https:\/\/www.pcb.ub.edu\/es\/wp-json\/wp\/v2\/posts\/76871","targetHints":{"allow":["GET"]}}],"collection":[{"href":"https:\/\/www.pcb.ub.edu\/es\/wp-json\/wp\/v2\/posts"}],"about":[{"href":"https:\/\/www.pcb.ub.edu\/es\/wp-json\/wp\/v2\/types\/post"}],"author":[{"embeddable":true,"href":"https:\/\/www.pcb.ub.edu\/es\/wp-json\/wp\/v2\/users\/4"}],"replies":[{"embeddable":true,"href":"https:\/\/www.pcb.ub.edu\/es\/wp-json\/wp\/v2\/comments?post=76871"}],"version-history":[{"count":10,"href":"https:\/\/www.pcb.ub.edu\/es\/wp-json\/wp\/v2\/posts\/76871\/revisions"}],"predecessor-version":[{"id":78000,"href":"https:\/\/www.pcb.ub.edu\/es\/wp-json\/wp\/v2\/posts\/76871\/revisions\/78000"}],"wp:featuredmedia":[{"embeddable":true,"href":"https:\/\/www.pcb.ub.edu\/es\/wp-json\/wp\/v2\/media\/76796"}],"wp:attachment":[{"href":"https:\/\/www.pcb.ub.edu\/es\/wp-json\/wp\/v2\/media?parent=76871"}],"wp:term":[{"taxonomy":"category","embeddable":true,"href":"https:\/\/www.pcb.ub.edu\/es\/wp-json\/wp\/v2\/categories?post=76871"},{"taxonomy":"post_tag","embeddable":true,"href":"https:\/\/www.pcb.ub.edu\/es\/wp-json\/wp\/v2\/tags?post=76871"}],"curies":[{"name":"wp","href":"https:\/\/api.w.org\/{rel}","templated":true}]}}