{"id":74161,"date":"2022-05-11T09:28:09","date_gmt":"2022-05-11T07:28:09","guid":{"rendered":"https:\/\/www.pcb.ub.edu\/primera-carrera-solidaria-yodoymispasos-por-la-esclerosis-multiple\/"},"modified":"2022-05-12T10:23:25","modified_gmt":"2022-05-12T08:23:25","slug":"primera-carrera-solidaria-yodoymispasos-por-la-esclerosis-multiple","status":"publish","type":"post","link":"https:\/\/www.pcb.ub.edu\/es\/primera-carrera-solidaria-yodoymispasos-por-la-esclerosis-multiple\/","title":{"rendered":"La Fundaci\u00f3n GAEM organiza la primera carrera solidaria #Yodoymispasos por la esclerosis m\u00faltiple"},"content":{"rendered":"<p><strong>Con motivo del D\u00eda Mundial de la Esclerosis m\u00faltiple, la Fundaci\u00f3n GAEM, con sede en el Parque Cient\u00edfico de Barcelona, organiza por primera vez una carrera virtual en el marco de su campa\u00f1a solidaria <a href=\"http:\/\/www.yodoymispasos.es\/\" target=\"_blank\" rel=\"noopener\">Yo doy mis pasos<\/a>\u00a0(<a href=\"https:\/\/twitter.com\/hashtag\/yodoymispasos?f=tweets&amp;vertical=default&amp;src=hash\" target=\"_blank\" rel=\"noopener noreferrer\">#Yodoymispasos<\/a>) por la esclerosis m\u00faltiple. La carrera est\u00e1 abierta a la participaci\u00f3n de todos los p\u00fablicos, incluyendo las personas con movilidad reducida, que podr\u00e1n optar a un recorrido sin distancia fija con el fin de conseguir una participaci\u00f3n adaptada a sus capacidades.<\/strong><\/p>\n<p>La carrera se podr\u00e1 realizar del d\u00eda 30 de mayo al 12 de junio en cualquier parte del mundo, y propone distancias de 5 km a 50 km a realizar caminando, corriendo, en bicicleta.<\/p>\n<p>Es la primera carrera organizada dentro de la campa\u00f1a Yo doy mis pasos, lanzada en 2019, que cuenta con cerca de 40.000 inscritos en toda Espa\u00f1a, y que tiene como objetivo sensibilizar y concienciar sobre lo que supone vivir con esclerosis m\u00faltiple, una condici\u00f3n que afecta a 55.000 personas en Espa\u00f1a, al tiempo que promueve una vida saludable. Yo Doy Mis Pasos ha estado presente en numerosos eventos populares como la Carrera de la Mujer, la Titan Desert, la Media Marat\u00f3n Internacional Ciudad de Elche, o la Volta a Catalunya.<\/p>\n<p><a href=\"http:\/\/www.fundaciongaem.org\/\">Fundaci\u00f3n GAEM<\/a> espera reunir en esta primera carrera virtual por lo menos 1.000 participantes y destinar\u00e1 gran parte de los fondos conseguidos gracias a la inscripci\u00f3n a la carrera solidaria y la venta de camisetas a impulsar la investigaci\u00f3n, y en particular a desarrollar su proyecto de <a href=\"https:\/\/fundaciongaem.org\/fundacion-gaem-busca-financiacion-para-un-nuevo-proyecto-de-neuroestimulacion-medular\/\">neuroestimulaci\u00f3n medular<\/a>, que podr\u00eda permitir volver a caminar y\/o mejorar la marcha de m\u00e1s de 5.000 personas solo en Espa\u00f1a.<\/p>\n<p>Asimismo, la fundaci\u00f3n donar\u00e1 el 15% de los beneficios al fondo de emergencias de M\u00e9dicos sin Fronteras, destinado a actuar en el caso de conflictos como el de Ucrania.<\/p>\n<p><strong>\u00bb Las inscripciones se pueden realizar en <a href=\"https:\/\/toprun.es\/eventos\/yodoymispasos-por-la-esclerosis-multiple-2022\">TopRun<\/a> aplicaci\u00f3n que, juntamente con Strava, medir\u00e1 los recorridos.<br \/>\n<\/strong><strong>\u00bb M\u00e1s informaci\u00f3n en<a href=\"https:\/\/yodoymispasos.es\/\" target=\"_blank\" rel=\"noopener\"> este enlace [+]<\/a><\/strong><\/p>\n","protected":false},"excerpt":{"rendered":"<p>Con motivo del D\u00eda Mundial de la Esclerosis m\u00faltiple, la Fundaci\u00f3n GAEM, con sede en el Parque Cient\u00edfico de Barcelona, organiza por primera vez una carrera virtual en el marco&#8230;<\/p>\n","protected":false},"author":4,"featured_media":74142,"comment_status":"closed","ping_status":"closed","sticky":false,"template":"","format":"standard","meta":{"_acf_changed":false,"inline_featured_image":false,"footnotes":""},"categories":[113],"tags":[],"class_list":["post-74161","post","type-post","status-publish","format-standard","has-post-thumbnail","category-entidades"],"acf":[],"yoast_head":"<!-- This site is optimized with the Yoast SEO plugin v27.3 - https:\/\/yoast.com\/product\/yoast-seo-wordpress\/ -->\n<title>La Fundaci\u00f3n GAEM organiza la primera carrera solidaria #Yodoymispasos por la esclerosis m\u00faltiple - Parc Cient\u00edfic de Barcelona<\/title>\n<meta name=\"robots\" content=\"index, follow, max-snippet:-1, max-image-preview:large, max-video-preview:-1\" \/>\n<link rel=\"canonical\" href=\"https:\/\/www.pcb.ub.edu\/es\/primera-carrera-solidaria-yodoymispasos-por-la-esclerosis-multiple\/\" \/>\n<meta property=\"og:locale\" content=\"es_ES\" \/>\n<meta property=\"og:type\" content=\"article\" \/>\n<meta property=\"og:title\" content=\"La Fundaci\u00f3n GAEM organiza la primera carrera solidaria #Yodoymispasos por la esclerosis m\u00faltiple - Parc Cient\u00edfic de Barcelona\" \/>\n<meta property=\"og:description\" content=\"Con motivo del D\u00eda Mundial de la Esclerosis m\u00faltiple, la Fundaci\u00f3n GAEM, con sede en el Parque Cient\u00edfico de Barcelona, organiza por primera vez una carrera virtual en el marco...\" \/>\n<meta property=\"og:url\" content=\"https:\/\/www.pcb.ub.edu\/es\/primera-carrera-solidaria-yodoymispasos-por-la-esclerosis-multiple\/\" \/>\n<meta property=\"og:site_name\" content=\"Parc Cient\u00edfic de Barcelona\" \/>\n<meta property=\"article:published_time\" content=\"2022-05-11T07:28:09+00:00\" \/>\n<meta property=\"article:modified_time\" content=\"2022-05-12T08:23:25+00:00\" \/>\n<meta property=\"og:image\" content=\"https:\/\/www.pcb.ub.edu\/wp-content\/uploads\/2022\/05\/yodoymispasos_Fundacio-GAEM.jpg\" \/>\n\t<meta property=\"og:image:width\" content=\"900\" \/>\n\t<meta property=\"og:image:height\" content=\"560\" \/>\n\t<meta property=\"og:image:type\" content=\"image\/jpeg\" \/>\n<meta name=\"author\" content=\"Azucena Berea\" \/>\n<meta name=\"twitter:card\" content=\"summary_large_image\" \/>\n<meta name=\"twitter:label1\" content=\"Escrito por\" \/>\n\t<meta name=\"twitter:data1\" content=\"Azucena Berea\" \/>\n\t<meta name=\"twitter:label2\" content=\"Tiempo de lectura\" \/>\n\t<meta name=\"twitter:data2\" content=\"2 minutos\" \/>\n<script type=\"application\/ld+json\" class=\"yoast-schema-graph\">{\"@context\":\"https:\\\/\\\/schema.org\",\"@graph\":[{\"@type\":\"Article\",\"@id\":\"https:\\\/\\\/www.pcb.ub.edu\\\/es\\\/primera-carrera-solidaria-yodoymispasos-por-la-esclerosis-multiple\\\/#article\",\"isPartOf\":{\"@id\":\"https:\\\/\\\/www.pcb.ub.edu\\\/es\\\/primera-carrera-solidaria-yodoymispasos-por-la-esclerosis-multiple\\\/\"},\"author\":{\"name\":\"Azucena Berea\",\"@id\":\"https:\\\/\\\/www.pcb.ub.edu\\\/es\\\/#\\\/schema\\\/person\\\/810a86a39effe6bf90f9ab918ca43239\"},\"headline\":\"La Fundaci\u00f3n GAEM organiza la primera carrera solidaria #Yodoymispasos por la esclerosis m\u00faltiple\",\"datePublished\":\"2022-05-11T07:28:09+00:00\",\"dateModified\":\"2022-05-12T08:23:25+00:00\",\"mainEntityOfPage\":{\"@id\":\"https:\\\/\\\/www.pcb.ub.edu\\\/es\\\/primera-carrera-solidaria-yodoymispasos-por-la-esclerosis-multiple\\\/\"},\"wordCount\":355,\"image\":{\"@id\":\"https:\\\/\\\/www.pcb.ub.edu\\\/es\\\/primera-carrera-solidaria-yodoymispasos-por-la-esclerosis-multiple\\\/#primaryimage\"},\"thumbnailUrl\":\"https:\\\/\\\/www.pcb.ub.edu\\\/wp-content\\\/uploads\\\/2022\\\/05\\\/yodoymispasos_Fundacio-GAEM.jpg\",\"articleSection\":[\"ENTIDADES\"],\"inLanguage\":\"es\"},{\"@type\":\"WebPage\",\"@id\":\"https:\\\/\\\/www.pcb.ub.edu\\\/es\\\/primera-carrera-solidaria-yodoymispasos-por-la-esclerosis-multiple\\\/\",\"url\":\"https:\\\/\\\/www.pcb.ub.edu\\\/es\\\/primera-carrera-solidaria-yodoymispasos-por-la-esclerosis-multiple\\\/\",\"name\":\"La Fundaci\u00f3n GAEM organiza la primera carrera solidaria #Yodoymispasos por la esclerosis m\u00faltiple - Parc Cient\u00edfic de Barcelona\",\"isPartOf\":{\"@id\":\"https:\\\/\\\/www.pcb.ub.edu\\\/es\\\/#website\"},\"primaryImageOfPage\":{\"@id\":\"https:\\\/\\\/www.pcb.ub.edu\\\/es\\\/primera-carrera-solidaria-yodoymispasos-por-la-esclerosis-multiple\\\/#primaryimage\"},\"image\":{\"@id\":\"https:\\\/\\\/www.pcb.ub.edu\\\/es\\\/primera-carrera-solidaria-yodoymispasos-por-la-esclerosis-multiple\\\/#primaryimage\"},\"thumbnailUrl\":\"https:\\\/\\\/www.pcb.ub.edu\\\/wp-content\\\/uploads\\\/2022\\\/05\\\/yodoymispasos_Fundacio-GAEM.jpg\",\"datePublished\":\"2022-05-11T07:28:09+00:00\",\"dateModified\":\"2022-05-12T08:23:25+00:00\",\"author\":{\"@id\":\"https:\\\/\\\/www.pcb.ub.edu\\\/es\\\/#\\\/schema\\\/person\\\/810a86a39effe6bf90f9ab918ca43239\"},\"breadcrumb\":{\"@id\":\"https:\\\/\\\/www.pcb.ub.edu\\\/es\\\/primera-carrera-solidaria-yodoymispasos-por-la-esclerosis-multiple\\\/#breadcrumb\"},\"inLanguage\":\"es\",\"potentialAction\":[{\"@type\":\"ReadAction\",\"target\":[\"https:\\\/\\\/www.pcb.ub.edu\\\/es\\\/primera-carrera-solidaria-yodoymispasos-por-la-esclerosis-multiple\\\/\"]}]},{\"@type\":\"ImageObject\",\"inLanguage\":\"es\",\"@id\":\"https:\\\/\\\/www.pcb.ub.edu\\\/es\\\/primera-carrera-solidaria-yodoymispasos-por-la-esclerosis-multiple\\\/#primaryimage\",\"url\":\"https:\\\/\\\/www.pcb.ub.edu\\\/wp-content\\\/uploads\\\/2022\\\/05\\\/yodoymispasos_Fundacio-GAEM.jpg\",\"contentUrl\":\"https:\\\/\\\/www.pcb.ub.edu\\\/wp-content\\\/uploads\\\/2022\\\/05\\\/yodoymispasos_Fundacio-GAEM.jpg\",\"width\":900,\"height\":560},{\"@type\":\"BreadcrumbList\",\"@id\":\"https:\\\/\\\/www.pcb.ub.edu\\\/es\\\/primera-carrera-solidaria-yodoymispasos-por-la-esclerosis-multiple\\\/#breadcrumb\",\"itemListElement\":[{\"@type\":\"ListItem\",\"position\":1,\"name\":\"Home\",\"item\":\"https:\\\/\\\/www.pcb.ub.edu\\\/es\\\/\"},{\"@type\":\"ListItem\",\"position\":2,\"name\":\"La Fundaci\u00f3n GAEM organiza la primera carrera solidaria #Yodoymispasos por la esclerosis m\u00faltiple\"}]},{\"@type\":\"WebSite\",\"@id\":\"https:\\\/\\\/www.pcb.ub.edu\\\/es\\\/#website\",\"url\":\"https:\\\/\\\/www.pcb.ub.edu\\\/es\\\/\",\"name\":\"Parc Cient\u00edfic de Barcelona\",\"description\":\"Universitat de Barcelona\",\"potentialAction\":[{\"@type\":\"SearchAction\",\"target\":{\"@type\":\"EntryPoint\",\"urlTemplate\":\"https:\\\/\\\/www.pcb.ub.edu\\\/es\\\/?s={search_term_string}\"},\"query-input\":{\"@type\":\"PropertyValueSpecification\",\"valueRequired\":true,\"valueName\":\"search_term_string\"}}],\"inLanguage\":\"es\"},{\"@type\":\"Person\",\"@id\":\"https:\\\/\\\/www.pcb.ub.edu\\\/es\\\/#\\\/schema\\\/person\\\/810a86a39effe6bf90f9ab918ca43239\",\"name\":\"Azucena Berea\",\"image\":{\"@type\":\"ImageObject\",\"inLanguage\":\"es\",\"@id\":\"https:\\\/\\\/secure.gravatar.com\\\/avatar\\\/32577545a82a87a5c7e06fb02f02362edb2f379afdb4c8b5783d81635141181f?s=96&d=mm&r=g\",\"url\":\"https:\\\/\\\/secure.gravatar.com\\\/avatar\\\/32577545a82a87a5c7e06fb02f02362edb2f379afdb4c8b5783d81635141181f?s=96&d=mm&r=g\",\"contentUrl\":\"https:\\\/\\\/secure.gravatar.com\\\/avatar\\\/32577545a82a87a5c7e06fb02f02362edb2f379afdb4c8b5783d81635141181f?s=96&d=mm&r=g\",\"caption\":\"Azucena Berea\"},\"sameAs\":[\"https:\\\/\\\/www.pcb.ub.edu\"],\"url\":\"https:\\\/\\\/www.pcb.ub.edu\\\/es\\\/author\\\/aberea\\\/\"}]}<\/script>\n<!-- \/ Yoast SEO plugin. -->","yoast_head_json":{"title":"La Fundaci\u00f3n GAEM organiza la primera carrera solidaria #Yodoymispasos por la esclerosis m\u00faltiple - Parc Cient\u00edfic de Barcelona","robots":{"index":"index","follow":"follow","max-snippet":"max-snippet:-1","max-image-preview":"max-image-preview:large","max-video-preview":"max-video-preview:-1"},"canonical":"https:\/\/www.pcb.ub.edu\/es\/primera-carrera-solidaria-yodoymispasos-por-la-esclerosis-multiple\/","og_locale":"es_ES","og_type":"article","og_title":"La Fundaci\u00f3n GAEM organiza la primera carrera solidaria #Yodoymispasos por la esclerosis m\u00faltiple - Parc Cient\u00edfic de Barcelona","og_description":"Con motivo del D\u00eda Mundial de la Esclerosis m\u00faltiple, la Fundaci\u00f3n GAEM, con sede en el Parque Cient\u00edfico de Barcelona, organiza por primera vez una carrera virtual en el marco...","og_url":"https:\/\/www.pcb.ub.edu\/es\/primera-carrera-solidaria-yodoymispasos-por-la-esclerosis-multiple\/","og_site_name":"Parc Cient\u00edfic de Barcelona","article_published_time":"2022-05-11T07:28:09+00:00","article_modified_time":"2022-05-12T08:23:25+00:00","og_image":[{"width":900,"height":560,"url":"https:\/\/www.pcb.ub.edu\/wp-content\/uploads\/2022\/05\/yodoymispasos_Fundacio-GAEM.jpg","type":"image\/jpeg"}],"author":"Azucena Berea","twitter_card":"summary_large_image","twitter_misc":{"Escrito por":"Azucena Berea","Tiempo de lectura":"2 minutos"},"schema":{"@context":"https:\/\/schema.org","@graph":[{"@type":"Article","@id":"https:\/\/www.pcb.ub.edu\/es\/primera-carrera-solidaria-yodoymispasos-por-la-esclerosis-multiple\/#article","isPartOf":{"@id":"https:\/\/www.pcb.ub.edu\/es\/primera-carrera-solidaria-yodoymispasos-por-la-esclerosis-multiple\/"},"author":{"name":"Azucena Berea","@id":"https:\/\/www.pcb.ub.edu\/es\/#\/schema\/person\/810a86a39effe6bf90f9ab918ca43239"},"headline":"La Fundaci\u00f3n GAEM organiza la primera carrera solidaria #Yodoymispasos por la esclerosis m\u00faltiple","datePublished":"2022-05-11T07:28:09+00:00","dateModified":"2022-05-12T08:23:25+00:00","mainEntityOfPage":{"@id":"https:\/\/www.pcb.ub.edu\/es\/primera-carrera-solidaria-yodoymispasos-por-la-esclerosis-multiple\/"},"wordCount":355,"image":{"@id":"https:\/\/www.pcb.ub.edu\/es\/primera-carrera-solidaria-yodoymispasos-por-la-esclerosis-multiple\/#primaryimage"},"thumbnailUrl":"https:\/\/www.pcb.ub.edu\/wp-content\/uploads\/2022\/05\/yodoymispasos_Fundacio-GAEM.jpg","articleSection":["ENTIDADES"],"inLanguage":"es"},{"@type":"WebPage","@id":"https:\/\/www.pcb.ub.edu\/es\/primera-carrera-solidaria-yodoymispasos-por-la-esclerosis-multiple\/","url":"https:\/\/www.pcb.ub.edu\/es\/primera-carrera-solidaria-yodoymispasos-por-la-esclerosis-multiple\/","name":"La Fundaci\u00f3n GAEM organiza la primera carrera solidaria #Yodoymispasos por la esclerosis m\u00faltiple - Parc Cient\u00edfic de Barcelona","isPartOf":{"@id":"https:\/\/www.pcb.ub.edu\/es\/#website"},"primaryImageOfPage":{"@id":"https:\/\/www.pcb.ub.edu\/es\/primera-carrera-solidaria-yodoymispasos-por-la-esclerosis-multiple\/#primaryimage"},"image":{"@id":"https:\/\/www.pcb.ub.edu\/es\/primera-carrera-solidaria-yodoymispasos-por-la-esclerosis-multiple\/#primaryimage"},"thumbnailUrl":"https:\/\/www.pcb.ub.edu\/wp-content\/uploads\/2022\/05\/yodoymispasos_Fundacio-GAEM.jpg","datePublished":"2022-05-11T07:28:09+00:00","dateModified":"2022-05-12T08:23:25+00:00","author":{"@id":"https:\/\/www.pcb.ub.edu\/es\/#\/schema\/person\/810a86a39effe6bf90f9ab918ca43239"},"breadcrumb":{"@id":"https:\/\/www.pcb.ub.edu\/es\/primera-carrera-solidaria-yodoymispasos-por-la-esclerosis-multiple\/#breadcrumb"},"inLanguage":"es","potentialAction":[{"@type":"ReadAction","target":["https:\/\/www.pcb.ub.edu\/es\/primera-carrera-solidaria-yodoymispasos-por-la-esclerosis-multiple\/"]}]},{"@type":"ImageObject","inLanguage":"es","@id":"https:\/\/www.pcb.ub.edu\/es\/primera-carrera-solidaria-yodoymispasos-por-la-esclerosis-multiple\/#primaryimage","url":"https:\/\/www.pcb.ub.edu\/wp-content\/uploads\/2022\/05\/yodoymispasos_Fundacio-GAEM.jpg","contentUrl":"https:\/\/www.pcb.ub.edu\/wp-content\/uploads\/2022\/05\/yodoymispasos_Fundacio-GAEM.jpg","width":900,"height":560},{"@type":"BreadcrumbList","@id":"https:\/\/www.pcb.ub.edu\/es\/primera-carrera-solidaria-yodoymispasos-por-la-esclerosis-multiple\/#breadcrumb","itemListElement":[{"@type":"ListItem","position":1,"name":"Home","item":"https:\/\/www.pcb.ub.edu\/es\/"},{"@type":"ListItem","position":2,"name":"La Fundaci\u00f3n GAEM organiza la primera carrera solidaria #Yodoymispasos por la esclerosis m\u00faltiple"}]},{"@type":"WebSite","@id":"https:\/\/www.pcb.ub.edu\/es\/#website","url":"https:\/\/www.pcb.ub.edu\/es\/","name":"Parc Cient\u00edfic de Barcelona","description":"Universitat de Barcelona","potentialAction":[{"@type":"SearchAction","target":{"@type":"EntryPoint","urlTemplate":"https:\/\/www.pcb.ub.edu\/es\/?s={search_term_string}"},"query-input":{"@type":"PropertyValueSpecification","valueRequired":true,"valueName":"search_term_string"}}],"inLanguage":"es"},{"@type":"Person","@id":"https:\/\/www.pcb.ub.edu\/es\/#\/schema\/person\/810a86a39effe6bf90f9ab918ca43239","name":"Azucena Berea","image":{"@type":"ImageObject","inLanguage":"es","@id":"https:\/\/secure.gravatar.com\/avatar\/32577545a82a87a5c7e06fb02f02362edb2f379afdb4c8b5783d81635141181f?s=96&d=mm&r=g","url":"https:\/\/secure.gravatar.com\/avatar\/32577545a82a87a5c7e06fb02f02362edb2f379afdb4c8b5783d81635141181f?s=96&d=mm&r=g","contentUrl":"https:\/\/secure.gravatar.com\/avatar\/32577545a82a87a5c7e06fb02f02362edb2f379afdb4c8b5783d81635141181f?s=96&d=mm&r=g","caption":"Azucena Berea"},"sameAs":["https:\/\/www.pcb.ub.edu"],"url":"https:\/\/www.pcb.ub.edu\/es\/author\/aberea\/"}]}},"_links":{"self":[{"href":"https:\/\/www.pcb.ub.edu\/es\/wp-json\/wp\/v2\/posts\/74161","targetHints":{"allow":["GET"]}}],"collection":[{"href":"https:\/\/www.pcb.ub.edu\/es\/wp-json\/wp\/v2\/posts"}],"about":[{"href":"https:\/\/www.pcb.ub.edu\/es\/wp-json\/wp\/v2\/types\/post"}],"author":[{"embeddable":true,"href":"https:\/\/www.pcb.ub.edu\/es\/wp-json\/wp\/v2\/users\/4"}],"replies":[{"embeddable":true,"href":"https:\/\/www.pcb.ub.edu\/es\/wp-json\/wp\/v2\/comments?post=74161"}],"version-history":[{"count":2,"href":"https:\/\/www.pcb.ub.edu\/es\/wp-json\/wp\/v2\/posts\/74161\/revisions"}],"predecessor-version":[{"id":74163,"href":"https:\/\/www.pcb.ub.edu\/es\/wp-json\/wp\/v2\/posts\/74161\/revisions\/74163"}],"wp:featuredmedia":[{"embeddable":true,"href":"https:\/\/www.pcb.ub.edu\/es\/wp-json\/wp\/v2\/media\/74142"}],"wp:attachment":[{"href":"https:\/\/www.pcb.ub.edu\/es\/wp-json\/wp\/v2\/media?parent=74161"}],"wp:term":[{"taxonomy":"category","embeddable":true,"href":"https:\/\/www.pcb.ub.edu\/es\/wp-json\/wp\/v2\/categories?post=74161"},{"taxonomy":"post_tag","embeddable":true,"href":"https:\/\/www.pcb.ub.edu\/es\/wp-json\/wp\/v2\/tags?post=74161"}],"curies":[{"name":"wp","href":"https:\/\/api.w.org\/{rel}","templated":true}]}}