{"id":74132,"date":"2022-05-10T13:28:41","date_gmt":"2022-05-10T11:28:41","guid":{"rendered":"https:\/\/www.pcb.ub.edu\/nuage-therapeutics-incorpora-a-la-emprendedora-y-ejecutiva-judit-anido-como-consejera-celegada\/"},"modified":"2025-10-13T15:27:56","modified_gmt":"2025-10-13T13:27:56","slug":"nuage-therapeutics-incorpora-a-la-emprendedora-y-ejecutiva-judit-anido-como-consejera-celegada","status":"publish","type":"post","link":"https:\/\/www.pcb.ub.edu\/es\/nuage-therapeutics-incorpora-a-la-emprendedora-y-ejecutiva-judit-anido-como-consejera-celegada\/","title":{"rendered":"Nuage Therapeutics incorpora a la emprendedora y ejecutiva Judit Anido como consejera celegada"},"content":{"rendered":"<p><strong>La biotecnol\u00f3gica <a href=\"https:\/\/www.pcb.ub.edu\/es\/la-spin-off-del-irb-barcelona-e-icrea-nuage-therapeutics-arranca-de-la-mano-de-asabys\/\" target=\"_blank\" rel=\"noopener\">Nuage Therapeutics<\/a>, con sede en el Parque Cient\u00edfico de Barcelona, ha anunciado la incorporaci\u00f3n de Judit Anido como CEO de la compa\u00f1\u00eda para liderar su crecimiento y dar un impulso al desarrollo de f\u00e1rmacos moduladores de dianas terap\u00e9uticas inabordables hasta el momento, con el fin de mejorar la vida de los pacientes.<\/strong><\/p>\n<p>Judit Anido es una emprendedora y ejecutiva del sector salud con una dilatada experiencia internacional profesionalizando empresas biotech y liderando su actividad hasta fases cl\u00ednicas. Fund\u00f3 y lider\u00f3 como CEO el crecimiento de Mosaic Biomedicals, biotech dedicada al desarrollo de tratamientos innovadores y personalizados para el c\u00e1ncer. Tras la fusi\u00f3n de Mosaic con la canadiense Northern Biologics en 2016, ocup\u00f3 tambi\u00e9n la Vicepresidencia de Operaciones y Asuntos Corporativos de Northern. El f\u00e1rmaco en fase cl\u00ednica desarrollado por Mosaic, MSC-1, fue adquirido en 2020 junto con los programas precl\u00ednicos del conglomerado empresarial. Judit ha sido tambi\u00e9n Presidenta y CEO de la asociaci\u00f3n CataloniaBio &amp; HealthTech, con sede en el Parque Cient\u00edfico de Barcelona.<\/p>\n<p>\u201cLa ciencia desarrollada por Nuage es pionera a nivel mundial y permite por primera vez entender el comportamiento de dianas terap\u00e9uticas que debido a sus dominios desordenados eran consideradas inabordables. Nuage utiliza este conocimiento para desarrollar f\u00e1rmacos dirigidos que bloqueen estas dianas de manera eficiente\u201d, comenta <strong>Judit Anido<\/strong>.<\/p>\n<p>Judit es doctora en biolog\u00eda del c\u00e1ncer por la Universidad de Barcelona y tiene un MBA por Duke University con especializaci\u00f3n en gesti\u00f3n del sector sanitario, emprendimiento e innovaci\u00f3n.<\/p>\n<p>Nuage Therapeutics es una spin-off delInstituto de Investigaci\u00f3n Biom\u00e9dica (<a href=\"https:\/\/www.pcb.ub.edu\/es\/empresa\/institut-de-recerca-biomedica-irb-barcelona\/\" target=\"_blank\" rel=\"noopener\">IRB Barcelona<\/a>) y la Instituci\u00f3n Catalana de Investigaci\u00f3n y Estudios Avanzados (<a href=\"https:\/\/www.icrea.cat\/es\/quienes-somos\" target=\"_blank\" rel=\"noopener\">ICREA<\/a>), fundada en 2021 por\u00a0 los prestigiosos investigadores en el campo de los condensados biomoleculares y prote\u00ednas intr\u00ednsecamente desordenadas Xavier Salvatella, Mateusz Biesaga y Denes Hnisz, y cuenta con el soporte financiero de Sabadell Asabys.<\/p>\n<p>\u201cNuestro objetivo es transformar los recientes descubrimientos realizados por Nuage sobre las propiedades estructurales y funcionales de los condensados biomoleculares en f\u00e1rmacos que proporcionen nuevas opciones a los pacientes con c\u00e1ncer y Judit tiene la experiencia que complementa perfectamente al equipo para llevar a cabo este objetivo\u201d, explica el<strong> Dr. Salvatella<\/strong>.<\/p>\n<p>\u201cLa experiencia de Judit liderando el crecimiento de empresas del sector salud y su extenso conocimiento sobre el desarrollo de f\u00e1rmacos dirigidos al tratamiento del c\u00e1ncer ser\u00e1 clave para el desarrollo de Nuage llegando a posicionarse como l\u00edder en el campo de los condensados moleculares\u201d, apunta <strong>Clara Camp\u00e0s<\/strong>, socia de Asabys.<\/p>\n<p>La compa\u00f1\u00eda dispone de un ensayo \u00fanico basado en la modulaci\u00f3n de los condensados biomoleculares para el descubrimiento de nuevos f\u00e1rmacos dirigidos a dianas terap\u00e9uticas que contienen dominios desordenados. Su programa m\u00e1s avanzado consiste en el desarrollo de f\u00e1rmacos contra el c\u00e1ncer de pr\u00f3stata resistente a castraci\u00f3n, y en los pr\u00f3ximos meses se iniciar\u00e1n los ensayos para abordar programas adicionales en distintas dianas terap\u00e9uticas.<\/p>\n<p><strong>\u00bb M\u00e1s informaci\u00f3n: web de<a href=\"https:\/\/nuagetx.com\/\" target=\"_blank\" rel=\"noopener\">\u00a0Nuage Therapeutics [+]<\/a><\/strong><br \/>\n<strong>\u00bb\u00a0<a href=\"https:\/\/www.pcb.ub.edu\/es\/la-spin-off-del-irb-barcelona-e-icrea-nuage-therapeutics-arranca-de-la-mano-de-asabys\/\" target=\"_blank\" rel=\"noopener\">Noticia relacionada [+]<\/a><\/strong><\/p>\n","protected":false},"excerpt":{"rendered":"<p>La biotecnol\u00f3gica Nuage Therapeutics, con sede en el Parque Cient\u00edfico de Barcelona, ha anunciado la incorporaci\u00f3n de Judit Anido como CEO de la compa\u00f1\u00eda para liderar su crecimiento y dar&#8230;<\/p>\n","protected":false},"author":4,"featured_media":74103,"comment_status":"closed","ping_status":"closed","sticky":false,"template":"","format":"standard","meta":{"_acf_changed":false,"inline_featured_image":false,"footnotes":""},"categories":[356],"tags":[],"class_list":["post-74132","post","type-post","status-publish","format-standard","has-post-thumbnail","category-empresas"],"acf":[],"yoast_head":"<!-- This site is optimized with the Yoast SEO plugin v27.3 - https:\/\/yoast.com\/product\/yoast-seo-wordpress\/ -->\n<title>Nuage Therapeutics incorpora a la emprendedora y ejecutiva Judit Anido como consejera celegada - Parc Cient\u00edfic de Barcelona<\/title>\n<meta name=\"robots\" content=\"index, follow, max-snippet:-1, max-image-preview:large, max-video-preview:-1\" \/>\n<link rel=\"canonical\" href=\"https:\/\/www.pcb.ub.edu\/es\/nuage-therapeutics-incorpora-a-la-emprendedora-y-ejecutiva-judit-anido-como-consejera-celegada\/\" \/>\n<meta property=\"og:locale\" content=\"es_ES\" \/>\n<meta property=\"og:type\" content=\"article\" \/>\n<meta property=\"og:title\" content=\"Nuage Therapeutics incorpora a la emprendedora y ejecutiva Judit Anido como consejera celegada - Parc Cient\u00edfic de Barcelona\" \/>\n<meta property=\"og:description\" content=\"La biotecnol\u00f3gica Nuage Therapeutics, con sede en el Parque Cient\u00edfico de Barcelona, ha anunciado la incorporaci\u00f3n de Judit Anido como CEO de la compa\u00f1\u00eda para liderar su crecimiento y dar...\" \/>\n<meta property=\"og:url\" content=\"https:\/\/www.pcb.ub.edu\/es\/nuage-therapeutics-incorpora-a-la-emprendedora-y-ejecutiva-judit-anido-como-consejera-celegada\/\" \/>\n<meta property=\"og:site_name\" content=\"Parc Cient\u00edfic de Barcelona\" \/>\n<meta property=\"article:published_time\" content=\"2022-05-10T11:28:41+00:00\" \/>\n<meta property=\"article:modified_time\" content=\"2025-10-13T13:27:56+00:00\" \/>\n<meta property=\"og:image\" content=\"https:\/\/www.pcb.ub.edu\/wp-content\/uploads\/2022\/05\/Judit-Anido_Nuage.jpg\" \/>\n\t<meta property=\"og:image:width\" content=\"900\" \/>\n\t<meta property=\"og:image:height\" content=\"410\" \/>\n\t<meta property=\"og:image:type\" content=\"image\/jpeg\" \/>\n<meta name=\"author\" content=\"Azucena Berea\" \/>\n<meta name=\"twitter:card\" content=\"summary_large_image\" \/>\n<meta name=\"twitter:label1\" content=\"Escrito por\" \/>\n\t<meta name=\"twitter:data1\" content=\"Azucena Berea\" \/>\n\t<meta name=\"twitter:label2\" content=\"Tiempo de lectura\" \/>\n\t<meta name=\"twitter:data2\" content=\"3 minutos\" \/>\n<script type=\"application\/ld+json\" class=\"yoast-schema-graph\">{\"@context\":\"https:\\\/\\\/schema.org\",\"@graph\":[{\"@type\":\"Article\",\"@id\":\"https:\\\/\\\/www.pcb.ub.edu\\\/es\\\/nuage-therapeutics-incorpora-a-la-emprendedora-y-ejecutiva-judit-anido-como-consejera-celegada\\\/#article\",\"isPartOf\":{\"@id\":\"https:\\\/\\\/www.pcb.ub.edu\\\/es\\\/nuage-therapeutics-incorpora-a-la-emprendedora-y-ejecutiva-judit-anido-como-consejera-celegada\\\/\"},\"author\":{\"name\":\"Azucena Berea\",\"@id\":\"https:\\\/\\\/www.pcb.ub.edu\\\/es\\\/#\\\/schema\\\/person\\\/810a86a39effe6bf90f9ab918ca43239\"},\"headline\":\"Nuage Therapeutics incorpora a la emprendedora y ejecutiva Judit Anido como consejera celegada\",\"datePublished\":\"2022-05-10T11:28:41+00:00\",\"dateModified\":\"2025-10-13T13:27:56+00:00\",\"mainEntityOfPage\":{\"@id\":\"https:\\\/\\\/www.pcb.ub.edu\\\/es\\\/nuage-therapeutics-incorpora-a-la-emprendedora-y-ejecutiva-judit-anido-como-consejera-celegada\\\/\"},\"wordCount\":531,\"image\":{\"@id\":\"https:\\\/\\\/www.pcb.ub.edu\\\/es\\\/nuage-therapeutics-incorpora-a-la-emprendedora-y-ejecutiva-judit-anido-como-consejera-celegada\\\/#primaryimage\"},\"thumbnailUrl\":\"https:\\\/\\\/www.pcb.ub.edu\\\/wp-content\\\/uploads\\\/2022\\\/05\\\/Judit-Anido_Nuage.jpg\",\"articleSection\":[\"EMPRESAS\"],\"inLanguage\":\"es\"},{\"@type\":\"WebPage\",\"@id\":\"https:\\\/\\\/www.pcb.ub.edu\\\/es\\\/nuage-therapeutics-incorpora-a-la-emprendedora-y-ejecutiva-judit-anido-como-consejera-celegada\\\/\",\"url\":\"https:\\\/\\\/www.pcb.ub.edu\\\/es\\\/nuage-therapeutics-incorpora-a-la-emprendedora-y-ejecutiva-judit-anido-como-consejera-celegada\\\/\",\"name\":\"Nuage Therapeutics incorpora a la emprendedora y ejecutiva Judit Anido como consejera celegada - Parc Cient\u00edfic de Barcelona\",\"isPartOf\":{\"@id\":\"https:\\\/\\\/www.pcb.ub.edu\\\/es\\\/#website\"},\"primaryImageOfPage\":{\"@id\":\"https:\\\/\\\/www.pcb.ub.edu\\\/es\\\/nuage-therapeutics-incorpora-a-la-emprendedora-y-ejecutiva-judit-anido-como-consejera-celegada\\\/#primaryimage\"},\"image\":{\"@id\":\"https:\\\/\\\/www.pcb.ub.edu\\\/es\\\/nuage-therapeutics-incorpora-a-la-emprendedora-y-ejecutiva-judit-anido-como-consejera-celegada\\\/#primaryimage\"},\"thumbnailUrl\":\"https:\\\/\\\/www.pcb.ub.edu\\\/wp-content\\\/uploads\\\/2022\\\/05\\\/Judit-Anido_Nuage.jpg\",\"datePublished\":\"2022-05-10T11:28:41+00:00\",\"dateModified\":\"2025-10-13T13:27:56+00:00\",\"author\":{\"@id\":\"https:\\\/\\\/www.pcb.ub.edu\\\/es\\\/#\\\/schema\\\/person\\\/810a86a39effe6bf90f9ab918ca43239\"},\"breadcrumb\":{\"@id\":\"https:\\\/\\\/www.pcb.ub.edu\\\/es\\\/nuage-therapeutics-incorpora-a-la-emprendedora-y-ejecutiva-judit-anido-como-consejera-celegada\\\/#breadcrumb\"},\"inLanguage\":\"es\",\"potentialAction\":[{\"@type\":\"ReadAction\",\"target\":[\"https:\\\/\\\/www.pcb.ub.edu\\\/es\\\/nuage-therapeutics-incorpora-a-la-emprendedora-y-ejecutiva-judit-anido-como-consejera-celegada\\\/\"]}]},{\"@type\":\"ImageObject\",\"inLanguage\":\"es\",\"@id\":\"https:\\\/\\\/www.pcb.ub.edu\\\/es\\\/nuage-therapeutics-incorpora-a-la-emprendedora-y-ejecutiva-judit-anido-como-consejera-celegada\\\/#primaryimage\",\"url\":\"https:\\\/\\\/www.pcb.ub.edu\\\/wp-content\\\/uploads\\\/2022\\\/05\\\/Judit-Anido_Nuage.jpg\",\"contentUrl\":\"https:\\\/\\\/www.pcb.ub.edu\\\/wp-content\\\/uploads\\\/2022\\\/05\\\/Judit-Anido_Nuage.jpg\",\"width\":900,\"height\":410},{\"@type\":\"BreadcrumbList\",\"@id\":\"https:\\\/\\\/www.pcb.ub.edu\\\/es\\\/nuage-therapeutics-incorpora-a-la-emprendedora-y-ejecutiva-judit-anido-como-consejera-celegada\\\/#breadcrumb\",\"itemListElement\":[{\"@type\":\"ListItem\",\"position\":1,\"name\":\"Home\",\"item\":\"https:\\\/\\\/www.pcb.ub.edu\\\/es\\\/\"},{\"@type\":\"ListItem\",\"position\":2,\"name\":\"Nuage Therapeutics incorpora a la emprendedora y ejecutiva Judit Anido como consejera celegada\"}]},{\"@type\":\"WebSite\",\"@id\":\"https:\\\/\\\/www.pcb.ub.edu\\\/es\\\/#website\",\"url\":\"https:\\\/\\\/www.pcb.ub.edu\\\/es\\\/\",\"name\":\"Parc Cient\u00edfic de Barcelona\",\"description\":\"Universitat de Barcelona\",\"potentialAction\":[{\"@type\":\"SearchAction\",\"target\":{\"@type\":\"EntryPoint\",\"urlTemplate\":\"https:\\\/\\\/www.pcb.ub.edu\\\/es\\\/?s={search_term_string}\"},\"query-input\":{\"@type\":\"PropertyValueSpecification\",\"valueRequired\":true,\"valueName\":\"search_term_string\"}}],\"inLanguage\":\"es\"},{\"@type\":\"Person\",\"@id\":\"https:\\\/\\\/www.pcb.ub.edu\\\/es\\\/#\\\/schema\\\/person\\\/810a86a39effe6bf90f9ab918ca43239\",\"name\":\"Azucena Berea\",\"image\":{\"@type\":\"ImageObject\",\"inLanguage\":\"es\",\"@id\":\"https:\\\/\\\/secure.gravatar.com\\\/avatar\\\/32577545a82a87a5c7e06fb02f02362edb2f379afdb4c8b5783d81635141181f?s=96&d=mm&r=g\",\"url\":\"https:\\\/\\\/secure.gravatar.com\\\/avatar\\\/32577545a82a87a5c7e06fb02f02362edb2f379afdb4c8b5783d81635141181f?s=96&d=mm&r=g\",\"contentUrl\":\"https:\\\/\\\/secure.gravatar.com\\\/avatar\\\/32577545a82a87a5c7e06fb02f02362edb2f379afdb4c8b5783d81635141181f?s=96&d=mm&r=g\",\"caption\":\"Azucena Berea\"},\"sameAs\":[\"https:\\\/\\\/www.pcb.ub.edu\"],\"url\":\"https:\\\/\\\/www.pcb.ub.edu\\\/es\\\/author\\\/aberea\\\/\"}]}<\/script>\n<!-- \/ Yoast SEO plugin. -->","yoast_head_json":{"title":"Nuage Therapeutics incorpora a la emprendedora y ejecutiva Judit Anido como consejera celegada - Parc Cient\u00edfic de Barcelona","robots":{"index":"index","follow":"follow","max-snippet":"max-snippet:-1","max-image-preview":"max-image-preview:large","max-video-preview":"max-video-preview:-1"},"canonical":"https:\/\/www.pcb.ub.edu\/es\/nuage-therapeutics-incorpora-a-la-emprendedora-y-ejecutiva-judit-anido-como-consejera-celegada\/","og_locale":"es_ES","og_type":"article","og_title":"Nuage Therapeutics incorpora a la emprendedora y ejecutiva Judit Anido como consejera celegada - Parc Cient\u00edfic de Barcelona","og_description":"La biotecnol\u00f3gica Nuage Therapeutics, con sede en el Parque Cient\u00edfico de Barcelona, ha anunciado la incorporaci\u00f3n de Judit Anido como CEO de la compa\u00f1\u00eda para liderar su crecimiento y dar...","og_url":"https:\/\/www.pcb.ub.edu\/es\/nuage-therapeutics-incorpora-a-la-emprendedora-y-ejecutiva-judit-anido-como-consejera-celegada\/","og_site_name":"Parc Cient\u00edfic de Barcelona","article_published_time":"2022-05-10T11:28:41+00:00","article_modified_time":"2025-10-13T13:27:56+00:00","og_image":[{"width":900,"height":410,"url":"https:\/\/www.pcb.ub.edu\/wp-content\/uploads\/2022\/05\/Judit-Anido_Nuage.jpg","type":"image\/jpeg"}],"author":"Azucena Berea","twitter_card":"summary_large_image","twitter_misc":{"Escrito por":"Azucena Berea","Tiempo de lectura":"3 minutos"},"schema":{"@context":"https:\/\/schema.org","@graph":[{"@type":"Article","@id":"https:\/\/www.pcb.ub.edu\/es\/nuage-therapeutics-incorpora-a-la-emprendedora-y-ejecutiva-judit-anido-como-consejera-celegada\/#article","isPartOf":{"@id":"https:\/\/www.pcb.ub.edu\/es\/nuage-therapeutics-incorpora-a-la-emprendedora-y-ejecutiva-judit-anido-como-consejera-celegada\/"},"author":{"name":"Azucena Berea","@id":"https:\/\/www.pcb.ub.edu\/es\/#\/schema\/person\/810a86a39effe6bf90f9ab918ca43239"},"headline":"Nuage Therapeutics incorpora a la emprendedora y ejecutiva Judit Anido como consejera celegada","datePublished":"2022-05-10T11:28:41+00:00","dateModified":"2025-10-13T13:27:56+00:00","mainEntityOfPage":{"@id":"https:\/\/www.pcb.ub.edu\/es\/nuage-therapeutics-incorpora-a-la-emprendedora-y-ejecutiva-judit-anido-como-consejera-celegada\/"},"wordCount":531,"image":{"@id":"https:\/\/www.pcb.ub.edu\/es\/nuage-therapeutics-incorpora-a-la-emprendedora-y-ejecutiva-judit-anido-como-consejera-celegada\/#primaryimage"},"thumbnailUrl":"https:\/\/www.pcb.ub.edu\/wp-content\/uploads\/2022\/05\/Judit-Anido_Nuage.jpg","articleSection":["EMPRESAS"],"inLanguage":"es"},{"@type":"WebPage","@id":"https:\/\/www.pcb.ub.edu\/es\/nuage-therapeutics-incorpora-a-la-emprendedora-y-ejecutiva-judit-anido-como-consejera-celegada\/","url":"https:\/\/www.pcb.ub.edu\/es\/nuage-therapeutics-incorpora-a-la-emprendedora-y-ejecutiva-judit-anido-como-consejera-celegada\/","name":"Nuage Therapeutics incorpora a la emprendedora y ejecutiva Judit Anido como consejera celegada - Parc Cient\u00edfic de Barcelona","isPartOf":{"@id":"https:\/\/www.pcb.ub.edu\/es\/#website"},"primaryImageOfPage":{"@id":"https:\/\/www.pcb.ub.edu\/es\/nuage-therapeutics-incorpora-a-la-emprendedora-y-ejecutiva-judit-anido-como-consejera-celegada\/#primaryimage"},"image":{"@id":"https:\/\/www.pcb.ub.edu\/es\/nuage-therapeutics-incorpora-a-la-emprendedora-y-ejecutiva-judit-anido-como-consejera-celegada\/#primaryimage"},"thumbnailUrl":"https:\/\/www.pcb.ub.edu\/wp-content\/uploads\/2022\/05\/Judit-Anido_Nuage.jpg","datePublished":"2022-05-10T11:28:41+00:00","dateModified":"2025-10-13T13:27:56+00:00","author":{"@id":"https:\/\/www.pcb.ub.edu\/es\/#\/schema\/person\/810a86a39effe6bf90f9ab918ca43239"},"breadcrumb":{"@id":"https:\/\/www.pcb.ub.edu\/es\/nuage-therapeutics-incorpora-a-la-emprendedora-y-ejecutiva-judit-anido-como-consejera-celegada\/#breadcrumb"},"inLanguage":"es","potentialAction":[{"@type":"ReadAction","target":["https:\/\/www.pcb.ub.edu\/es\/nuage-therapeutics-incorpora-a-la-emprendedora-y-ejecutiva-judit-anido-como-consejera-celegada\/"]}]},{"@type":"ImageObject","inLanguage":"es","@id":"https:\/\/www.pcb.ub.edu\/es\/nuage-therapeutics-incorpora-a-la-emprendedora-y-ejecutiva-judit-anido-como-consejera-celegada\/#primaryimage","url":"https:\/\/www.pcb.ub.edu\/wp-content\/uploads\/2022\/05\/Judit-Anido_Nuage.jpg","contentUrl":"https:\/\/www.pcb.ub.edu\/wp-content\/uploads\/2022\/05\/Judit-Anido_Nuage.jpg","width":900,"height":410},{"@type":"BreadcrumbList","@id":"https:\/\/www.pcb.ub.edu\/es\/nuage-therapeutics-incorpora-a-la-emprendedora-y-ejecutiva-judit-anido-como-consejera-celegada\/#breadcrumb","itemListElement":[{"@type":"ListItem","position":1,"name":"Home","item":"https:\/\/www.pcb.ub.edu\/es\/"},{"@type":"ListItem","position":2,"name":"Nuage Therapeutics incorpora a la emprendedora y ejecutiva Judit Anido como consejera celegada"}]},{"@type":"WebSite","@id":"https:\/\/www.pcb.ub.edu\/es\/#website","url":"https:\/\/www.pcb.ub.edu\/es\/","name":"Parc Cient\u00edfic de Barcelona","description":"Universitat de Barcelona","potentialAction":[{"@type":"SearchAction","target":{"@type":"EntryPoint","urlTemplate":"https:\/\/www.pcb.ub.edu\/es\/?s={search_term_string}"},"query-input":{"@type":"PropertyValueSpecification","valueRequired":true,"valueName":"search_term_string"}}],"inLanguage":"es"},{"@type":"Person","@id":"https:\/\/www.pcb.ub.edu\/es\/#\/schema\/person\/810a86a39effe6bf90f9ab918ca43239","name":"Azucena Berea","image":{"@type":"ImageObject","inLanguage":"es","@id":"https:\/\/secure.gravatar.com\/avatar\/32577545a82a87a5c7e06fb02f02362edb2f379afdb4c8b5783d81635141181f?s=96&d=mm&r=g","url":"https:\/\/secure.gravatar.com\/avatar\/32577545a82a87a5c7e06fb02f02362edb2f379afdb4c8b5783d81635141181f?s=96&d=mm&r=g","contentUrl":"https:\/\/secure.gravatar.com\/avatar\/32577545a82a87a5c7e06fb02f02362edb2f379afdb4c8b5783d81635141181f?s=96&d=mm&r=g","caption":"Azucena Berea"},"sameAs":["https:\/\/www.pcb.ub.edu"],"url":"https:\/\/www.pcb.ub.edu\/es\/author\/aberea\/"}]}},"_links":{"self":[{"href":"https:\/\/www.pcb.ub.edu\/es\/wp-json\/wp\/v2\/posts\/74132","targetHints":{"allow":["GET"]}}],"collection":[{"href":"https:\/\/www.pcb.ub.edu\/es\/wp-json\/wp\/v2\/posts"}],"about":[{"href":"https:\/\/www.pcb.ub.edu\/es\/wp-json\/wp\/v2\/types\/post"}],"author":[{"embeddable":true,"href":"https:\/\/www.pcb.ub.edu\/es\/wp-json\/wp\/v2\/users\/4"}],"replies":[{"embeddable":true,"href":"https:\/\/www.pcb.ub.edu\/es\/wp-json\/wp\/v2\/comments?post=74132"}],"version-history":[{"count":3,"href":"https:\/\/www.pcb.ub.edu\/es\/wp-json\/wp\/v2\/posts\/74132\/revisions"}],"predecessor-version":[{"id":106746,"href":"https:\/\/www.pcb.ub.edu\/es\/wp-json\/wp\/v2\/posts\/74132\/revisions\/106746"}],"wp:featuredmedia":[{"embeddable":true,"href":"https:\/\/www.pcb.ub.edu\/es\/wp-json\/wp\/v2\/media\/74103"}],"wp:attachment":[{"href":"https:\/\/www.pcb.ub.edu\/es\/wp-json\/wp\/v2\/media?parent=74132"}],"wp:term":[{"taxonomy":"category","embeddable":true,"href":"https:\/\/www.pcb.ub.edu\/es\/wp-json\/wp\/v2\/categories?post=74132"},{"taxonomy":"post_tag","embeddable":true,"href":"https:\/\/www.pcb.ub.edu\/es\/wp-json\/wp\/v2\/tags?post=74132"}],"curies":[{"name":"wp","href":"https:\/\/api.w.org\/{rel}","templated":true}]}}