{"id":72973,"date":"2022-04-04T12:23:57","date_gmt":"2022-04-04T10:23:57","guid":{"rendered":"https:\/\/www.pcb.ub.edu\/salvador-aznar-benitah-gana-el-premio-fundacion-lilly-de-investigacion-biomedica\/"},"modified":"2022-04-11T13:16:09","modified_gmt":"2022-04-11T11:16:09","slug":"salvador-aznar-benitah-gana-el-premio-fundacion-lilly-de-investigacion-biomedica","status":"publish","type":"post","link":"https:\/\/www.pcb.ub.edu\/es\/salvador-aznar-benitah-gana-el-premio-fundacion-lilly-de-investigacion-biomedica\/","title":{"rendered":"Salvador Aznar-Benitah gana el Premio Fundaci\u00f3n Lilly de Investigaci\u00f3n Biom\u00e9dica"},"content":{"rendered":"<p><strong>El investigador ICREA Salvador Aznar-Benitah del <a href=\"https:\/\/www.pcb.ub.edu\/es\/empresa\/institut-de-recerca-biomedica-irb-barcelona\/\" target=\"_blank\" rel=\"noopener\">IRB Barcelona<\/a> ha sido galardonado en la vig\u00e9sima edici\u00f3n de los <a href=\"https:\/\/www.fundacionlilly.com\/fomento-ciencia\/premios-cientificos\/premiosinvestigacionbiomedica\" target=\"_blank\" rel=\"noopener\">Premios de Investigaci\u00f3n Biom\u00e9dica<\/a> de la <a href=\"https:\/\/www.fundacionlilly.com\/\" target=\"_blank\" rel=\"noopener\">Fundaci\u00f3n Lilly<\/a>, en la categor\u00eda de \u201cInvestigaci\u00f3n Biom\u00e9dica precl\u00ednica\u201d, por sus contribuciones al estudio de la vinculaci\u00f3n entre el envejecimiento, las c\u00e9lulas madre, el c\u00e1ncer, la dieta y el ritmo circadiano. El Dr. Josep Tabernero, director del VHIO y jefe del Servicio de Oncolog\u00eda M\u00e9dica del Hospital Universitario Vall de Hebr\u00f3n, ha sido el ganador en la categor\u00eda de \u201cInvestigaci\u00f3n Biom\u00e9dica Cl\u00ednica\u201d.<\/strong><\/p>\n<p>El grupo del <strong>Dr. Aznar-Benitah<\/strong>, jefe del laboratorio\u00a0<a href=\"https:\/\/www.irbbarcelona.org\/en\/research\/stem-cells-and-cancer\">C\u00e9lulas Madre y C\u00e1ncer<\/a> del IRB Barcelona, ha descubierto, entre otros hallazgos, que el comportamiento de las c\u00e9lulas madre est\u00e1 controlado de forma estricta por un reloj interno que est\u00e1 alineado con el ritmo circadiano. Ha descrito algunos mecanismos epigen\u00e9ticos que permiten a las c\u00e9lulas madre adaptar su cromatina a diferentes est\u00edmulos que reciben a lo largo de su vida, y ha identificado las c\u00e9lulas responsables de la iniciaci\u00f3n de las met\u00e1stasis en varios tipos de tumores humanos.<\/p>\n<p>Reconocido a nivel internacional por sus importantes contribuciones, el\u00a0<strong>Dr. Aznar-Benitah<\/strong>\u00a0es uno de los investigadores m\u00e1s din\u00e1micos en estas \u00e1reas de estudio, con m\u00e1s de 70 art\u00edculos publicados en revistas revisadas por pares y con un alto \u00edndice de impacto. Entre ellas, destaca su\u00a0reciente publicaci\u00f3n en\u00a0<a href=\"https:\/\/www.irbbarcelona.org\/es\/news\/cientificas\/el-acido-palmitico-promueve-la-metastasis-del-cancer-y-deja-una-memoria-mas\" target=\"_blank\" rel=\"noopener\">Nature <\/a>(2021) en la cual se determina la influencia de distintas grasas de la dieta en el desarrollo de las met\u00e1stasis. El jurado ha valorado la implicaci\u00f3n de todos sus hallazgos no solo para la investigaci\u00f3n b\u00e1sica y m\u00e9dica, sino tambi\u00e9n para la sociedad. Asimismo, ha destacado su alto nivel cient\u00edfico, su proyecci\u00f3n futura y el potencial de sus l\u00edneas de investigaci\u00f3n para traducirse en soluciones de la vida real.<\/p>\n<p>Los Premios de Investigaci\u00f3n Biom\u00e9dica de la Fundaci\u00f3n Lilly -que desde su primera convocatoria, en 2002, han reconocido 40 investigadores-\u00a0se han convertido en un referente dentro de la comunidad cient\u00edfica por el alto nivel de las trayectorias distinguidas. El rigor con el que su jurado, presidido por el <strong>Dr. Mariano Barbacid<\/strong>, eval\u00faa los m\u00e9ritos de los candidatos atiende \u00fanica y exclusivamente a criterios cient\u00edficos.<\/p>\n<p>\u00abLas brillantes trayectorias de ambos premiados son un ejemplo de dedicaci\u00f3n y acierto en la investigaci\u00f3n b\u00e1sica y cl\u00ednica. Sus hallazgos, de impacto internacional, han contribuido a dar prestigio a las ciencias de la salud en Espa\u00f1a\u00bb, subraya el\u00a0<strong>Dr. Jos\u00e9 Antonio Sacrist\u00e1n<\/strong>, director de la Fundaci\u00f3n Lilly, quien a\u00f1ade que el acto de entrega de estos galardones tendr\u00e1 lugar el pr\u00f3ximo 20 de junio en Madrid.<\/p>\n","protected":false},"excerpt":{"rendered":"<p>El investigador ICREA Salvador Aznar-Benitah del IRB Barcelona ha sido galardonado en la vig\u00e9sima edici\u00f3n de los Premios de Investigaci\u00f3n Biom\u00e9dica de la Fundaci\u00f3n Lilly, en la categor\u00eda de \u201cInvestigaci\u00f3n&#8230;<\/p>\n","protected":false},"author":4,"featured_media":72901,"comment_status":"closed","ping_status":"closed","sticky":false,"template":"","format":"standard","meta":{"_acf_changed":false,"inline_featured_image":false,"footnotes":""},"categories":[24],"tags":[],"class_list":["post-72973","post","type-post","status-publish","format-standard","has-post-thumbnail","category-ciencia"],"acf":[],"yoast_head":"<!-- This site is optimized with the Yoast SEO plugin v27.3 - https:\/\/yoast.com\/product\/yoast-seo-wordpress\/ -->\n<title>Salvador Aznar-Benitah gana el Premio Fundaci\u00f3n Lilly de Investigaci\u00f3n Biom\u00e9dica - Parc Cient\u00edfic de Barcelona<\/title>\n<meta name=\"robots\" content=\"index, follow, max-snippet:-1, max-image-preview:large, max-video-preview:-1\" \/>\n<link rel=\"canonical\" href=\"https:\/\/www.pcb.ub.edu\/es\/salvador-aznar-benitah-gana-el-premio-fundacion-lilly-de-investigacion-biomedica\/\" \/>\n<meta property=\"og:locale\" content=\"es_ES\" \/>\n<meta property=\"og:type\" content=\"article\" \/>\n<meta property=\"og:title\" content=\"Salvador Aznar-Benitah gana el Premio Fundaci\u00f3n Lilly de Investigaci\u00f3n Biom\u00e9dica - Parc Cient\u00edfic de Barcelona\" \/>\n<meta property=\"og:description\" content=\"El investigador ICREA Salvador Aznar-Benitah del IRB Barcelona ha sido galardonado en la vig\u00e9sima edici\u00f3n de los Premios de Investigaci\u00f3n Biom\u00e9dica de la Fundaci\u00f3n Lilly, en la categor\u00eda de \u201cInvestigaci\u00f3n...\" \/>\n<meta property=\"og:url\" content=\"https:\/\/www.pcb.ub.edu\/es\/salvador-aznar-benitah-gana-el-premio-fundacion-lilly-de-investigacion-biomedica\/\" \/>\n<meta property=\"og:site_name\" content=\"Parc Cient\u00edfic de Barcelona\" \/>\n<meta property=\"article:published_time\" content=\"2022-04-04T10:23:57+00:00\" \/>\n<meta property=\"article:modified_time\" content=\"2022-04-11T11:16:09+00:00\" \/>\n<meta property=\"og:image\" content=\"https:\/\/www.pcb.ub.edu\/wp-content\/uploads\/2022\/04\/salvador_aznar_benitah_foto-768x282.jpg\" \/>\n\t<meta property=\"og:image:width\" content=\"768\" \/>\n\t<meta property=\"og:image:height\" content=\"282\" \/>\n\t<meta property=\"og:image:type\" content=\"image\/jpeg\" \/>\n<meta name=\"author\" content=\"Azucena Berea\" \/>\n<meta name=\"twitter:card\" content=\"summary_large_image\" \/>\n<meta name=\"twitter:label1\" content=\"Escrito por\" \/>\n\t<meta name=\"twitter:data1\" content=\"Azucena Berea\" \/>\n\t<meta name=\"twitter:label2\" content=\"Tiempo de lectura\" \/>\n\t<meta name=\"twitter:data2\" content=\"2 minutos\" \/>\n<script type=\"application\/ld+json\" class=\"yoast-schema-graph\">{\"@context\":\"https:\\\/\\\/schema.org\",\"@graph\":[{\"@type\":\"Article\",\"@id\":\"https:\\\/\\\/www.pcb.ub.edu\\\/es\\\/salvador-aznar-benitah-gana-el-premio-fundacion-lilly-de-investigacion-biomedica\\\/#article\",\"isPartOf\":{\"@id\":\"https:\\\/\\\/www.pcb.ub.edu\\\/es\\\/salvador-aznar-benitah-gana-el-premio-fundacion-lilly-de-investigacion-biomedica\\\/\"},\"author\":{\"name\":\"Azucena Berea\",\"@id\":\"https:\\\/\\\/www.pcb.ub.edu\\\/es\\\/#\\\/schema\\\/person\\\/810a86a39effe6bf90f9ab918ca43239\"},\"headline\":\"Salvador Aznar-Benitah gana el Premio Fundaci\u00f3n Lilly de Investigaci\u00f3n Biom\u00e9dica\",\"datePublished\":\"2022-04-04T10:23:57+00:00\",\"dateModified\":\"2022-04-11T11:16:09+00:00\",\"mainEntityOfPage\":{\"@id\":\"https:\\\/\\\/www.pcb.ub.edu\\\/es\\\/salvador-aznar-benitah-gana-el-premio-fundacion-lilly-de-investigacion-biomedica\\\/\"},\"wordCount\":488,\"image\":{\"@id\":\"https:\\\/\\\/www.pcb.ub.edu\\\/es\\\/salvador-aznar-benitah-gana-el-premio-fundacion-lilly-de-investigacion-biomedica\\\/#primaryimage\"},\"thumbnailUrl\":\"https:\\\/\\\/www.pcb.ub.edu\\\/wp-content\\\/uploads\\\/2022\\\/04\\\/salvador_aznar_benitah_foto.jpg\",\"articleSection\":[\"CIENCIA\"],\"inLanguage\":\"es\"},{\"@type\":\"WebPage\",\"@id\":\"https:\\\/\\\/www.pcb.ub.edu\\\/es\\\/salvador-aznar-benitah-gana-el-premio-fundacion-lilly-de-investigacion-biomedica\\\/\",\"url\":\"https:\\\/\\\/www.pcb.ub.edu\\\/es\\\/salvador-aznar-benitah-gana-el-premio-fundacion-lilly-de-investigacion-biomedica\\\/\",\"name\":\"Salvador Aznar-Benitah gana el Premio Fundaci\u00f3n Lilly de Investigaci\u00f3n Biom\u00e9dica - Parc Cient\u00edfic de Barcelona\",\"isPartOf\":{\"@id\":\"https:\\\/\\\/www.pcb.ub.edu\\\/es\\\/#website\"},\"primaryImageOfPage\":{\"@id\":\"https:\\\/\\\/www.pcb.ub.edu\\\/es\\\/salvador-aznar-benitah-gana-el-premio-fundacion-lilly-de-investigacion-biomedica\\\/#primaryimage\"},\"image\":{\"@id\":\"https:\\\/\\\/www.pcb.ub.edu\\\/es\\\/salvador-aznar-benitah-gana-el-premio-fundacion-lilly-de-investigacion-biomedica\\\/#primaryimage\"},\"thumbnailUrl\":\"https:\\\/\\\/www.pcb.ub.edu\\\/wp-content\\\/uploads\\\/2022\\\/04\\\/salvador_aznar_benitah_foto.jpg\",\"datePublished\":\"2022-04-04T10:23:57+00:00\",\"dateModified\":\"2022-04-11T11:16:09+00:00\",\"author\":{\"@id\":\"https:\\\/\\\/www.pcb.ub.edu\\\/es\\\/#\\\/schema\\\/person\\\/810a86a39effe6bf90f9ab918ca43239\"},\"breadcrumb\":{\"@id\":\"https:\\\/\\\/www.pcb.ub.edu\\\/es\\\/salvador-aznar-benitah-gana-el-premio-fundacion-lilly-de-investigacion-biomedica\\\/#breadcrumb\"},\"inLanguage\":\"es\",\"potentialAction\":[{\"@type\":\"ReadAction\",\"target\":[\"https:\\\/\\\/www.pcb.ub.edu\\\/es\\\/salvador-aznar-benitah-gana-el-premio-fundacion-lilly-de-investigacion-biomedica\\\/\"]}]},{\"@type\":\"ImageObject\",\"inLanguage\":\"es\",\"@id\":\"https:\\\/\\\/www.pcb.ub.edu\\\/es\\\/salvador-aznar-benitah-gana-el-premio-fundacion-lilly-de-investigacion-biomedica\\\/#primaryimage\",\"url\":\"https:\\\/\\\/www.pcb.ub.edu\\\/wp-content\\\/uploads\\\/2022\\\/04\\\/salvador_aznar_benitah_foto.jpg\",\"contentUrl\":\"https:\\\/\\\/www.pcb.ub.edu\\\/wp-content\\\/uploads\\\/2022\\\/04\\\/salvador_aznar_benitah_foto.jpg\",\"width\":900,\"height\":330},{\"@type\":\"BreadcrumbList\",\"@id\":\"https:\\\/\\\/www.pcb.ub.edu\\\/es\\\/salvador-aznar-benitah-gana-el-premio-fundacion-lilly-de-investigacion-biomedica\\\/#breadcrumb\",\"itemListElement\":[{\"@type\":\"ListItem\",\"position\":1,\"name\":\"Home\",\"item\":\"https:\\\/\\\/www.pcb.ub.edu\\\/es\\\/\"},{\"@type\":\"ListItem\",\"position\":2,\"name\":\"Salvador Aznar-Benitah gana el Premio Fundaci\u00f3n Lilly de Investigaci\u00f3n Biom\u00e9dica\"}]},{\"@type\":\"WebSite\",\"@id\":\"https:\\\/\\\/www.pcb.ub.edu\\\/es\\\/#website\",\"url\":\"https:\\\/\\\/www.pcb.ub.edu\\\/es\\\/\",\"name\":\"Parc Cient\u00edfic de Barcelona\",\"description\":\"Universitat de Barcelona\",\"potentialAction\":[{\"@type\":\"SearchAction\",\"target\":{\"@type\":\"EntryPoint\",\"urlTemplate\":\"https:\\\/\\\/www.pcb.ub.edu\\\/es\\\/?s={search_term_string}\"},\"query-input\":{\"@type\":\"PropertyValueSpecification\",\"valueRequired\":true,\"valueName\":\"search_term_string\"}}],\"inLanguage\":\"es\"},{\"@type\":\"Person\",\"@id\":\"https:\\\/\\\/www.pcb.ub.edu\\\/es\\\/#\\\/schema\\\/person\\\/810a86a39effe6bf90f9ab918ca43239\",\"name\":\"Azucena Berea\",\"image\":{\"@type\":\"ImageObject\",\"inLanguage\":\"es\",\"@id\":\"https:\\\/\\\/secure.gravatar.com\\\/avatar\\\/32577545a82a87a5c7e06fb02f02362edb2f379afdb4c8b5783d81635141181f?s=96&d=mm&r=g\",\"url\":\"https:\\\/\\\/secure.gravatar.com\\\/avatar\\\/32577545a82a87a5c7e06fb02f02362edb2f379afdb4c8b5783d81635141181f?s=96&d=mm&r=g\",\"contentUrl\":\"https:\\\/\\\/secure.gravatar.com\\\/avatar\\\/32577545a82a87a5c7e06fb02f02362edb2f379afdb4c8b5783d81635141181f?s=96&d=mm&r=g\",\"caption\":\"Azucena Berea\"},\"sameAs\":[\"https:\\\/\\\/www.pcb.ub.edu\"],\"url\":\"https:\\\/\\\/www.pcb.ub.edu\\\/es\\\/author\\\/aberea\\\/\"}]}<\/script>\n<!-- \/ Yoast SEO plugin. -->","yoast_head_json":{"title":"Salvador Aznar-Benitah gana el Premio Fundaci\u00f3n Lilly de Investigaci\u00f3n Biom\u00e9dica - Parc Cient\u00edfic de Barcelona","robots":{"index":"index","follow":"follow","max-snippet":"max-snippet:-1","max-image-preview":"max-image-preview:large","max-video-preview":"max-video-preview:-1"},"canonical":"https:\/\/www.pcb.ub.edu\/es\/salvador-aznar-benitah-gana-el-premio-fundacion-lilly-de-investigacion-biomedica\/","og_locale":"es_ES","og_type":"article","og_title":"Salvador Aznar-Benitah gana el Premio Fundaci\u00f3n Lilly de Investigaci\u00f3n Biom\u00e9dica - Parc Cient\u00edfic de Barcelona","og_description":"El investigador ICREA Salvador Aznar-Benitah del IRB Barcelona ha sido galardonado en la vig\u00e9sima edici\u00f3n de los Premios de Investigaci\u00f3n Biom\u00e9dica de la Fundaci\u00f3n Lilly, en la categor\u00eda de \u201cInvestigaci\u00f3n...","og_url":"https:\/\/www.pcb.ub.edu\/es\/salvador-aznar-benitah-gana-el-premio-fundacion-lilly-de-investigacion-biomedica\/","og_site_name":"Parc Cient\u00edfic de Barcelona","article_published_time":"2022-04-04T10:23:57+00:00","article_modified_time":"2022-04-11T11:16:09+00:00","og_image":[{"width":768,"height":282,"url":"https:\/\/www.pcb.ub.edu\/wp-content\/uploads\/2022\/04\/salvador_aznar_benitah_foto-768x282.jpg","type":"image\/jpeg"}],"author":"Azucena Berea","twitter_card":"summary_large_image","twitter_misc":{"Escrito por":"Azucena Berea","Tiempo de lectura":"2 minutos"},"schema":{"@context":"https:\/\/schema.org","@graph":[{"@type":"Article","@id":"https:\/\/www.pcb.ub.edu\/es\/salvador-aznar-benitah-gana-el-premio-fundacion-lilly-de-investigacion-biomedica\/#article","isPartOf":{"@id":"https:\/\/www.pcb.ub.edu\/es\/salvador-aznar-benitah-gana-el-premio-fundacion-lilly-de-investigacion-biomedica\/"},"author":{"name":"Azucena Berea","@id":"https:\/\/www.pcb.ub.edu\/es\/#\/schema\/person\/810a86a39effe6bf90f9ab918ca43239"},"headline":"Salvador Aznar-Benitah gana el Premio Fundaci\u00f3n Lilly de Investigaci\u00f3n Biom\u00e9dica","datePublished":"2022-04-04T10:23:57+00:00","dateModified":"2022-04-11T11:16:09+00:00","mainEntityOfPage":{"@id":"https:\/\/www.pcb.ub.edu\/es\/salvador-aznar-benitah-gana-el-premio-fundacion-lilly-de-investigacion-biomedica\/"},"wordCount":488,"image":{"@id":"https:\/\/www.pcb.ub.edu\/es\/salvador-aznar-benitah-gana-el-premio-fundacion-lilly-de-investigacion-biomedica\/#primaryimage"},"thumbnailUrl":"https:\/\/www.pcb.ub.edu\/wp-content\/uploads\/2022\/04\/salvador_aznar_benitah_foto.jpg","articleSection":["CIENCIA"],"inLanguage":"es"},{"@type":"WebPage","@id":"https:\/\/www.pcb.ub.edu\/es\/salvador-aznar-benitah-gana-el-premio-fundacion-lilly-de-investigacion-biomedica\/","url":"https:\/\/www.pcb.ub.edu\/es\/salvador-aznar-benitah-gana-el-premio-fundacion-lilly-de-investigacion-biomedica\/","name":"Salvador Aznar-Benitah gana el Premio Fundaci\u00f3n Lilly de Investigaci\u00f3n Biom\u00e9dica - Parc Cient\u00edfic de Barcelona","isPartOf":{"@id":"https:\/\/www.pcb.ub.edu\/es\/#website"},"primaryImageOfPage":{"@id":"https:\/\/www.pcb.ub.edu\/es\/salvador-aznar-benitah-gana-el-premio-fundacion-lilly-de-investigacion-biomedica\/#primaryimage"},"image":{"@id":"https:\/\/www.pcb.ub.edu\/es\/salvador-aznar-benitah-gana-el-premio-fundacion-lilly-de-investigacion-biomedica\/#primaryimage"},"thumbnailUrl":"https:\/\/www.pcb.ub.edu\/wp-content\/uploads\/2022\/04\/salvador_aznar_benitah_foto.jpg","datePublished":"2022-04-04T10:23:57+00:00","dateModified":"2022-04-11T11:16:09+00:00","author":{"@id":"https:\/\/www.pcb.ub.edu\/es\/#\/schema\/person\/810a86a39effe6bf90f9ab918ca43239"},"breadcrumb":{"@id":"https:\/\/www.pcb.ub.edu\/es\/salvador-aznar-benitah-gana-el-premio-fundacion-lilly-de-investigacion-biomedica\/#breadcrumb"},"inLanguage":"es","potentialAction":[{"@type":"ReadAction","target":["https:\/\/www.pcb.ub.edu\/es\/salvador-aznar-benitah-gana-el-premio-fundacion-lilly-de-investigacion-biomedica\/"]}]},{"@type":"ImageObject","inLanguage":"es","@id":"https:\/\/www.pcb.ub.edu\/es\/salvador-aznar-benitah-gana-el-premio-fundacion-lilly-de-investigacion-biomedica\/#primaryimage","url":"https:\/\/www.pcb.ub.edu\/wp-content\/uploads\/2022\/04\/salvador_aznar_benitah_foto.jpg","contentUrl":"https:\/\/www.pcb.ub.edu\/wp-content\/uploads\/2022\/04\/salvador_aznar_benitah_foto.jpg","width":900,"height":330},{"@type":"BreadcrumbList","@id":"https:\/\/www.pcb.ub.edu\/es\/salvador-aznar-benitah-gana-el-premio-fundacion-lilly-de-investigacion-biomedica\/#breadcrumb","itemListElement":[{"@type":"ListItem","position":1,"name":"Home","item":"https:\/\/www.pcb.ub.edu\/es\/"},{"@type":"ListItem","position":2,"name":"Salvador Aznar-Benitah gana el Premio Fundaci\u00f3n Lilly de Investigaci\u00f3n Biom\u00e9dica"}]},{"@type":"WebSite","@id":"https:\/\/www.pcb.ub.edu\/es\/#website","url":"https:\/\/www.pcb.ub.edu\/es\/","name":"Parc Cient\u00edfic de Barcelona","description":"Universitat de Barcelona","potentialAction":[{"@type":"SearchAction","target":{"@type":"EntryPoint","urlTemplate":"https:\/\/www.pcb.ub.edu\/es\/?s={search_term_string}"},"query-input":{"@type":"PropertyValueSpecification","valueRequired":true,"valueName":"search_term_string"}}],"inLanguage":"es"},{"@type":"Person","@id":"https:\/\/www.pcb.ub.edu\/es\/#\/schema\/person\/810a86a39effe6bf90f9ab918ca43239","name":"Azucena Berea","image":{"@type":"ImageObject","inLanguage":"es","@id":"https:\/\/secure.gravatar.com\/avatar\/32577545a82a87a5c7e06fb02f02362edb2f379afdb4c8b5783d81635141181f?s=96&d=mm&r=g","url":"https:\/\/secure.gravatar.com\/avatar\/32577545a82a87a5c7e06fb02f02362edb2f379afdb4c8b5783d81635141181f?s=96&d=mm&r=g","contentUrl":"https:\/\/secure.gravatar.com\/avatar\/32577545a82a87a5c7e06fb02f02362edb2f379afdb4c8b5783d81635141181f?s=96&d=mm&r=g","caption":"Azucena Berea"},"sameAs":["https:\/\/www.pcb.ub.edu"],"url":"https:\/\/www.pcb.ub.edu\/es\/author\/aberea\/"}]}},"_links":{"self":[{"href":"https:\/\/www.pcb.ub.edu\/es\/wp-json\/wp\/v2\/posts\/72973","targetHints":{"allow":["GET"]}}],"collection":[{"href":"https:\/\/www.pcb.ub.edu\/es\/wp-json\/wp\/v2\/posts"}],"about":[{"href":"https:\/\/www.pcb.ub.edu\/es\/wp-json\/wp\/v2\/types\/post"}],"author":[{"embeddable":true,"href":"https:\/\/www.pcb.ub.edu\/es\/wp-json\/wp\/v2\/users\/4"}],"replies":[{"embeddable":true,"href":"https:\/\/www.pcb.ub.edu\/es\/wp-json\/wp\/v2\/comments?post=72973"}],"version-history":[{"count":2,"href":"https:\/\/www.pcb.ub.edu\/es\/wp-json\/wp\/v2\/posts\/72973\/revisions"}],"predecessor-version":[{"id":72976,"href":"https:\/\/www.pcb.ub.edu\/es\/wp-json\/wp\/v2\/posts\/72973\/revisions\/72976"}],"wp:featuredmedia":[{"embeddable":true,"href":"https:\/\/www.pcb.ub.edu\/es\/wp-json\/wp\/v2\/media\/72901"}],"wp:attachment":[{"href":"https:\/\/www.pcb.ub.edu\/es\/wp-json\/wp\/v2\/media?parent=72973"}],"wp:term":[{"taxonomy":"category","embeddable":true,"href":"https:\/\/www.pcb.ub.edu\/es\/wp-json\/wp\/v2\/categories?post=72973"},{"taxonomy":"post_tag","embeddable":true,"href":"https:\/\/www.pcb.ub.edu\/es\/wp-json\/wp\/v2\/tags?post=72973"}],"curies":[{"name":"wp","href":"https:\/\/api.w.org\/{rel}","templated":true}]}}