{"id":71545,"date":"2022-02-24T14:14:17","date_gmt":"2022-02-24T13:14:17","guid":{"rendered":"https:\/\/www.pcb.ub.edu\/joan-puig-ceo-de-kymos-nuevo-presidente-de-cataloniabio-healthtech\/"},"modified":"2022-03-24T16:37:47","modified_gmt":"2022-03-24T15:37:47","slug":"joan-puig-ceo-de-kymos-nuevo-presidente-de-cataloniabio-healthtech","status":"publish","type":"post","link":"https:\/\/www.pcb.ub.edu\/es\/joan-puig-ceo-de-kymos-nuevo-presidente-de-cataloniabio-healthtech\/","title":{"rendered":"Joan Puig, CEO de Kymos, nuevo presidente de CataloniaBio &#038; HealthTech"},"content":{"rendered":"<p><strong>La asociaci\u00f3n <a href=\"https:\/\/www.pcb.ub.edu\/es\/empresa\/cataloniabio-healthtech\/\" target=\"_blank\" rel=\"noopener\">CataloniaBio &amp; HealthTech<\/a>, con sede en el Parque Cient\u00edfico de Barcelona, ha formalizado la renovaci\u00f3n de su junta directiva en la asamblea general de socios, celebrada esta ma\u00f1ana en el auditorio MGS. La candidatura encabezada por Joan Puig de Dou, CEO de Kymos, y Mariona Serra, directora de la empresa GoodGut del grupo Hipra, liderar\u00e1 una nueva etapa de la organizaci\u00f3n. Ambos se repartir\u00e1n la presidencia de la entidad, haciendo el relevo de aqu\u00ed a dos a\u00f1os, en mitad del mandato.<\/strong><\/p>\n<p>La renovaci\u00f3n de la junta llega despu\u00e9s de que la anterior, encabezada por Jaume Amat (Specipig), concluyera el mandato de cuatro a\u00f1os establecido en los estatutos.<\/p>\n<p>La candidatura encabezada por<strong> Joan Puig<\/strong> y <strong>Mariona Serra<\/strong> cuenta con <strong>Marta Palicio<\/strong>, directora de innovaci\u00f3n de Biokit Research &amp; Development S.L.U.\u2013Werfen OEM (vicepresidencia segunda) e<strong> Isabel Amat,<\/strong> jefa de Innovaci\u00f3n y Pipeline de Reig Jofre (vicepresidencia tercera). Entre los vocales figuran <strong>Carmen Lagunas<\/strong> (Ferrer), <strong>Laura Soucek<\/strong> (Peptomyc), <strong>Nuria Pastor<\/strong> (HumanITcare), <strong>Ignasi Costas<\/strong> (RCD), <strong>Adriana Carr\u00e9<\/strong> (Inteplast) y <strong>Joan Comella<\/strong> (VHIR).<\/p>\n<p>\u201cEncaramos los pr\u00f3ximos cuatro a\u00f1os con la voluntad de continuar con la l\u00ednea creciente de la asociaci\u00f3n, trabajando para los cerca de 200 socios que formamos parte. Queremos contribuir a la consolidaci\u00f3n del tejido empresarial del sector en Catalu\u00f1a, dot\u00e1ndonos de herramientas para ser m\u00e1s competitivos y posicion\u00e1ndonos entre los hubs en salud m\u00e1s importantes del mundo\u201d, ha explicado <strong>Joan Puig.<\/strong> \u201cTenemos el deber de representar la transversalidad del sector, y as\u00ed lo hemos intentado plasmar a trav\u00e9s de la diversidad de empresas que integramos la nueva Junta. Seguiremos desplegando el Plan Estrat\u00e9gico vigente, haciendo hincapi\u00e9 en aquellos aspectos que nos parecen cruciales. Es un reto exigente que lo afrontamos con mucha ilusi\u00f3n\u201d, ha a\u00f1adido.<\/p>\n<p>Por su parte, <strong>Jaume Amat<\/strong> ha valorado as\u00ed su mandato: \u201cHace cuatro a\u00f1os aceptamos el reto de hacer realidad la fusi\u00f3n entre CataloniaBio y el HealthTech Cluster. Pensamos que lo hemos conseguido y que hemos ganado visibilidad y liderazgo. Hemos contribuido a hacer que el sector haya vivido un crecimiento sostenido, equilibrado y s\u00f3lido que nos permite ser optimistas de cara la nueva etapa que hoy empieza. Dejamos una asociaci\u00f3n fuerte con casi 200 socios y un plan estrat\u00e9gico ambicioso que marca el camino de la CataloniaBio &amp; HealthTech del futuro\u201d.<\/p>\n<p>La pr\u00f3xima cita convocada por la entidad es el 22 de marzo,en el encuentro por excelencia del sector, la <a href=\"https:\/\/www.cataloniabioht.org\/events\/nit-2022\/\" target=\"_blank\" rel=\"noopener\">Nit de CataloniaBio &amp; HealthTech<\/a>. Despu\u00e9s de dos a\u00f1os sin celebrarse de forma presencial por las medidas pand\u00e9micas, el acto de networking tendr\u00e1 lugar en el Palau de la M\u00fasica, donde tambi\u00e9n se entregar\u00e1 el premio Bio\u00e8xit del a\u00f1o.<\/p>\n<p><strong>\u00bb Enlace a la noticia: <a href=\"https:\/\/cataloniabioht.org\/news\/joan-puig-ceo-de-kymos-nou-president-de-cataloniabio-healthtech\/\" target=\"_blank\" rel=\"noopener\">web de CataloniaBio &amp; HealthTech [+]<\/a><\/strong><\/p>\n","protected":false},"excerpt":{"rendered":"<p>La asociaci\u00f3n CataloniaBio &amp; HealthTech, con sede en el Parque Cient\u00edfico de Barcelona, ha formalizado la renovaci\u00f3n de su junta directiva en la asamblea general de socios, celebrada esta ma\u00f1ana&#8230;<\/p>\n","protected":false},"author":4,"featured_media":71400,"comment_status":"closed","ping_status":"closed","sticky":false,"template":"","format":"standard","meta":{"_acf_changed":false,"inline_featured_image":false,"footnotes":""},"categories":[113],"tags":[],"class_list":["post-71545","post","type-post","status-publish","format-standard","has-post-thumbnail","category-entidades"],"acf":[],"yoast_head":"<!-- This site is optimized with the Yoast SEO plugin v27.3 - https:\/\/yoast.com\/product\/yoast-seo-wordpress\/ -->\n<title>Joan Puig, CEO de Kymos, nuevo presidente de CataloniaBio &amp; HealthTech - Parc Cient\u00edfic de Barcelona<\/title>\n<meta name=\"robots\" content=\"index, follow, max-snippet:-1, max-image-preview:large, max-video-preview:-1\" \/>\n<link rel=\"canonical\" href=\"https:\/\/www.pcb.ub.edu\/es\/joan-puig-ceo-de-kymos-nuevo-presidente-de-cataloniabio-healthtech\/\" \/>\n<meta property=\"og:locale\" content=\"es_ES\" \/>\n<meta property=\"og:type\" content=\"article\" \/>\n<meta property=\"og:title\" content=\"Joan Puig, CEO de Kymos, nuevo presidente de CataloniaBio &amp; HealthTech - Parc Cient\u00edfic de Barcelona\" \/>\n<meta property=\"og:description\" content=\"La asociaci\u00f3n CataloniaBio &amp; HealthTech, con sede en el Parque Cient\u00edfico de Barcelona, ha formalizado la renovaci\u00f3n de su junta directiva en la asamblea general de socios, celebrada esta ma\u00f1ana...\" \/>\n<meta property=\"og:url\" content=\"https:\/\/www.pcb.ub.edu\/es\/joan-puig-ceo-de-kymos-nuevo-presidente-de-cataloniabio-healthtech\/\" \/>\n<meta property=\"og:site_name\" content=\"Parc Cient\u00edfic de Barcelona\" \/>\n<meta property=\"article:published_time\" content=\"2022-02-24T13:14:17+00:00\" \/>\n<meta property=\"article:modified_time\" content=\"2022-03-24T15:37:47+00:00\" \/>\n<meta property=\"og:image\" content=\"https:\/\/www.pcb.ub.edu\/wp-content\/uploads\/2022\/02\/Nova-junta-directiva_-CataloniaBioHealthTech.jpeg\" \/>\n\t<meta property=\"og:image:width\" content=\"896\" \/>\n\t<meta property=\"og:image:height\" content=\"351\" \/>\n\t<meta property=\"og:image:type\" content=\"image\/jpeg\" \/>\n<meta name=\"author\" content=\"Azucena Berea\" \/>\n<meta name=\"twitter:card\" content=\"summary_large_image\" \/>\n<meta name=\"twitter:label1\" content=\"Escrito por\" \/>\n\t<meta name=\"twitter:data1\" content=\"Azucena Berea\" \/>\n\t<meta name=\"twitter:label2\" content=\"Tiempo de lectura\" \/>\n\t<meta name=\"twitter:data2\" content=\"2 minutos\" \/>\n<script type=\"application\/ld+json\" class=\"yoast-schema-graph\">{\"@context\":\"https:\\\/\\\/schema.org\",\"@graph\":[{\"@type\":\"Article\",\"@id\":\"https:\\\/\\\/www.pcb.ub.edu\\\/es\\\/joan-puig-ceo-de-kymos-nuevo-presidente-de-cataloniabio-healthtech\\\/#article\",\"isPartOf\":{\"@id\":\"https:\\\/\\\/www.pcb.ub.edu\\\/es\\\/joan-puig-ceo-de-kymos-nuevo-presidente-de-cataloniabio-healthtech\\\/\"},\"author\":{\"name\":\"Azucena Berea\",\"@id\":\"https:\\\/\\\/www.pcb.ub.edu\\\/es\\\/#\\\/schema\\\/person\\\/810a86a39effe6bf90f9ab918ca43239\"},\"headline\":\"Joan Puig, CEO de Kymos, nuevo presidente de CataloniaBio &#038; HealthTech\",\"datePublished\":\"2022-02-24T13:14:17+00:00\",\"dateModified\":\"2022-03-24T15:37:47+00:00\",\"mainEntityOfPage\":{\"@id\":\"https:\\\/\\\/www.pcb.ub.edu\\\/es\\\/joan-puig-ceo-de-kymos-nuevo-presidente-de-cataloniabio-healthtech\\\/\"},\"wordCount\":493,\"image\":{\"@id\":\"https:\\\/\\\/www.pcb.ub.edu\\\/es\\\/joan-puig-ceo-de-kymos-nuevo-presidente-de-cataloniabio-healthtech\\\/#primaryimage\"},\"thumbnailUrl\":\"https:\\\/\\\/www.pcb.ub.edu\\\/wp-content\\\/uploads\\\/2022\\\/02\\\/Nova-junta-directiva_-CataloniaBioHealthTech.jpeg\",\"articleSection\":[\"ENTIDADES\"],\"inLanguage\":\"es\"},{\"@type\":\"WebPage\",\"@id\":\"https:\\\/\\\/www.pcb.ub.edu\\\/es\\\/joan-puig-ceo-de-kymos-nuevo-presidente-de-cataloniabio-healthtech\\\/\",\"url\":\"https:\\\/\\\/www.pcb.ub.edu\\\/es\\\/joan-puig-ceo-de-kymos-nuevo-presidente-de-cataloniabio-healthtech\\\/\",\"name\":\"Joan Puig, CEO de Kymos, nuevo presidente de CataloniaBio & HealthTech - Parc Cient\u00edfic de Barcelona\",\"isPartOf\":{\"@id\":\"https:\\\/\\\/www.pcb.ub.edu\\\/es\\\/#website\"},\"primaryImageOfPage\":{\"@id\":\"https:\\\/\\\/www.pcb.ub.edu\\\/es\\\/joan-puig-ceo-de-kymos-nuevo-presidente-de-cataloniabio-healthtech\\\/#primaryimage\"},\"image\":{\"@id\":\"https:\\\/\\\/www.pcb.ub.edu\\\/es\\\/joan-puig-ceo-de-kymos-nuevo-presidente-de-cataloniabio-healthtech\\\/#primaryimage\"},\"thumbnailUrl\":\"https:\\\/\\\/www.pcb.ub.edu\\\/wp-content\\\/uploads\\\/2022\\\/02\\\/Nova-junta-directiva_-CataloniaBioHealthTech.jpeg\",\"datePublished\":\"2022-02-24T13:14:17+00:00\",\"dateModified\":\"2022-03-24T15:37:47+00:00\",\"author\":{\"@id\":\"https:\\\/\\\/www.pcb.ub.edu\\\/es\\\/#\\\/schema\\\/person\\\/810a86a39effe6bf90f9ab918ca43239\"},\"breadcrumb\":{\"@id\":\"https:\\\/\\\/www.pcb.ub.edu\\\/es\\\/joan-puig-ceo-de-kymos-nuevo-presidente-de-cataloniabio-healthtech\\\/#breadcrumb\"},\"inLanguage\":\"es\",\"potentialAction\":[{\"@type\":\"ReadAction\",\"target\":[\"https:\\\/\\\/www.pcb.ub.edu\\\/es\\\/joan-puig-ceo-de-kymos-nuevo-presidente-de-cataloniabio-healthtech\\\/\"]}]},{\"@type\":\"ImageObject\",\"inLanguage\":\"es\",\"@id\":\"https:\\\/\\\/www.pcb.ub.edu\\\/es\\\/joan-puig-ceo-de-kymos-nuevo-presidente-de-cataloniabio-healthtech\\\/#primaryimage\",\"url\":\"https:\\\/\\\/www.pcb.ub.edu\\\/wp-content\\\/uploads\\\/2022\\\/02\\\/Nova-junta-directiva_-CataloniaBioHealthTech.jpeg\",\"contentUrl\":\"https:\\\/\\\/www.pcb.ub.edu\\\/wp-content\\\/uploads\\\/2022\\\/02\\\/Nova-junta-directiva_-CataloniaBioHealthTech.jpeg\",\"width\":896,\"height\":351},{\"@type\":\"BreadcrumbList\",\"@id\":\"https:\\\/\\\/www.pcb.ub.edu\\\/es\\\/joan-puig-ceo-de-kymos-nuevo-presidente-de-cataloniabio-healthtech\\\/#breadcrumb\",\"itemListElement\":[{\"@type\":\"ListItem\",\"position\":1,\"name\":\"Home\",\"item\":\"https:\\\/\\\/www.pcb.ub.edu\\\/es\\\/\"},{\"@type\":\"ListItem\",\"position\":2,\"name\":\"Joan Puig, CEO de Kymos, nuevo presidente de CataloniaBio &#038; HealthTech\"}]},{\"@type\":\"WebSite\",\"@id\":\"https:\\\/\\\/www.pcb.ub.edu\\\/es\\\/#website\",\"url\":\"https:\\\/\\\/www.pcb.ub.edu\\\/es\\\/\",\"name\":\"Parc Cient\u00edfic de Barcelona\",\"description\":\"Universitat de Barcelona\",\"potentialAction\":[{\"@type\":\"SearchAction\",\"target\":{\"@type\":\"EntryPoint\",\"urlTemplate\":\"https:\\\/\\\/www.pcb.ub.edu\\\/es\\\/?s={search_term_string}\"},\"query-input\":{\"@type\":\"PropertyValueSpecification\",\"valueRequired\":true,\"valueName\":\"search_term_string\"}}],\"inLanguage\":\"es\"},{\"@type\":\"Person\",\"@id\":\"https:\\\/\\\/www.pcb.ub.edu\\\/es\\\/#\\\/schema\\\/person\\\/810a86a39effe6bf90f9ab918ca43239\",\"name\":\"Azucena Berea\",\"image\":{\"@type\":\"ImageObject\",\"inLanguage\":\"es\",\"@id\":\"https:\\\/\\\/secure.gravatar.com\\\/avatar\\\/32577545a82a87a5c7e06fb02f02362edb2f379afdb4c8b5783d81635141181f?s=96&d=mm&r=g\",\"url\":\"https:\\\/\\\/secure.gravatar.com\\\/avatar\\\/32577545a82a87a5c7e06fb02f02362edb2f379afdb4c8b5783d81635141181f?s=96&d=mm&r=g\",\"contentUrl\":\"https:\\\/\\\/secure.gravatar.com\\\/avatar\\\/32577545a82a87a5c7e06fb02f02362edb2f379afdb4c8b5783d81635141181f?s=96&d=mm&r=g\",\"caption\":\"Azucena Berea\"},\"sameAs\":[\"https:\\\/\\\/www.pcb.ub.edu\"],\"url\":\"https:\\\/\\\/www.pcb.ub.edu\\\/es\\\/author\\\/aberea\\\/\"}]}<\/script>\n<!-- \/ Yoast SEO plugin. -->","yoast_head_json":{"title":"Joan Puig, CEO de Kymos, nuevo presidente de CataloniaBio & HealthTech - Parc Cient\u00edfic de Barcelona","robots":{"index":"index","follow":"follow","max-snippet":"max-snippet:-1","max-image-preview":"max-image-preview:large","max-video-preview":"max-video-preview:-1"},"canonical":"https:\/\/www.pcb.ub.edu\/es\/joan-puig-ceo-de-kymos-nuevo-presidente-de-cataloniabio-healthtech\/","og_locale":"es_ES","og_type":"article","og_title":"Joan Puig, CEO de Kymos, nuevo presidente de CataloniaBio & HealthTech - Parc Cient\u00edfic de Barcelona","og_description":"La asociaci\u00f3n CataloniaBio &amp; HealthTech, con sede en el Parque Cient\u00edfico de Barcelona, ha formalizado la renovaci\u00f3n de su junta directiva en la asamblea general de socios, celebrada esta ma\u00f1ana...","og_url":"https:\/\/www.pcb.ub.edu\/es\/joan-puig-ceo-de-kymos-nuevo-presidente-de-cataloniabio-healthtech\/","og_site_name":"Parc Cient\u00edfic de Barcelona","article_published_time":"2022-02-24T13:14:17+00:00","article_modified_time":"2022-03-24T15:37:47+00:00","og_image":[{"width":896,"height":351,"url":"https:\/\/www.pcb.ub.edu\/wp-content\/uploads\/2022\/02\/Nova-junta-directiva_-CataloniaBioHealthTech.jpeg","type":"image\/jpeg"}],"author":"Azucena Berea","twitter_card":"summary_large_image","twitter_misc":{"Escrito por":"Azucena Berea","Tiempo de lectura":"2 minutos"},"schema":{"@context":"https:\/\/schema.org","@graph":[{"@type":"Article","@id":"https:\/\/www.pcb.ub.edu\/es\/joan-puig-ceo-de-kymos-nuevo-presidente-de-cataloniabio-healthtech\/#article","isPartOf":{"@id":"https:\/\/www.pcb.ub.edu\/es\/joan-puig-ceo-de-kymos-nuevo-presidente-de-cataloniabio-healthtech\/"},"author":{"name":"Azucena Berea","@id":"https:\/\/www.pcb.ub.edu\/es\/#\/schema\/person\/810a86a39effe6bf90f9ab918ca43239"},"headline":"Joan Puig, CEO de Kymos, nuevo presidente de CataloniaBio &#038; HealthTech","datePublished":"2022-02-24T13:14:17+00:00","dateModified":"2022-03-24T15:37:47+00:00","mainEntityOfPage":{"@id":"https:\/\/www.pcb.ub.edu\/es\/joan-puig-ceo-de-kymos-nuevo-presidente-de-cataloniabio-healthtech\/"},"wordCount":493,"image":{"@id":"https:\/\/www.pcb.ub.edu\/es\/joan-puig-ceo-de-kymos-nuevo-presidente-de-cataloniabio-healthtech\/#primaryimage"},"thumbnailUrl":"https:\/\/www.pcb.ub.edu\/wp-content\/uploads\/2022\/02\/Nova-junta-directiva_-CataloniaBioHealthTech.jpeg","articleSection":["ENTIDADES"],"inLanguage":"es"},{"@type":"WebPage","@id":"https:\/\/www.pcb.ub.edu\/es\/joan-puig-ceo-de-kymos-nuevo-presidente-de-cataloniabio-healthtech\/","url":"https:\/\/www.pcb.ub.edu\/es\/joan-puig-ceo-de-kymos-nuevo-presidente-de-cataloniabio-healthtech\/","name":"Joan Puig, CEO de Kymos, nuevo presidente de CataloniaBio & HealthTech - Parc Cient\u00edfic de Barcelona","isPartOf":{"@id":"https:\/\/www.pcb.ub.edu\/es\/#website"},"primaryImageOfPage":{"@id":"https:\/\/www.pcb.ub.edu\/es\/joan-puig-ceo-de-kymos-nuevo-presidente-de-cataloniabio-healthtech\/#primaryimage"},"image":{"@id":"https:\/\/www.pcb.ub.edu\/es\/joan-puig-ceo-de-kymos-nuevo-presidente-de-cataloniabio-healthtech\/#primaryimage"},"thumbnailUrl":"https:\/\/www.pcb.ub.edu\/wp-content\/uploads\/2022\/02\/Nova-junta-directiva_-CataloniaBioHealthTech.jpeg","datePublished":"2022-02-24T13:14:17+00:00","dateModified":"2022-03-24T15:37:47+00:00","author":{"@id":"https:\/\/www.pcb.ub.edu\/es\/#\/schema\/person\/810a86a39effe6bf90f9ab918ca43239"},"breadcrumb":{"@id":"https:\/\/www.pcb.ub.edu\/es\/joan-puig-ceo-de-kymos-nuevo-presidente-de-cataloniabio-healthtech\/#breadcrumb"},"inLanguage":"es","potentialAction":[{"@type":"ReadAction","target":["https:\/\/www.pcb.ub.edu\/es\/joan-puig-ceo-de-kymos-nuevo-presidente-de-cataloniabio-healthtech\/"]}]},{"@type":"ImageObject","inLanguage":"es","@id":"https:\/\/www.pcb.ub.edu\/es\/joan-puig-ceo-de-kymos-nuevo-presidente-de-cataloniabio-healthtech\/#primaryimage","url":"https:\/\/www.pcb.ub.edu\/wp-content\/uploads\/2022\/02\/Nova-junta-directiva_-CataloniaBioHealthTech.jpeg","contentUrl":"https:\/\/www.pcb.ub.edu\/wp-content\/uploads\/2022\/02\/Nova-junta-directiva_-CataloniaBioHealthTech.jpeg","width":896,"height":351},{"@type":"BreadcrumbList","@id":"https:\/\/www.pcb.ub.edu\/es\/joan-puig-ceo-de-kymos-nuevo-presidente-de-cataloniabio-healthtech\/#breadcrumb","itemListElement":[{"@type":"ListItem","position":1,"name":"Home","item":"https:\/\/www.pcb.ub.edu\/es\/"},{"@type":"ListItem","position":2,"name":"Joan Puig, CEO de Kymos, nuevo presidente de CataloniaBio &#038; HealthTech"}]},{"@type":"WebSite","@id":"https:\/\/www.pcb.ub.edu\/es\/#website","url":"https:\/\/www.pcb.ub.edu\/es\/","name":"Parc Cient\u00edfic de Barcelona","description":"Universitat de Barcelona","potentialAction":[{"@type":"SearchAction","target":{"@type":"EntryPoint","urlTemplate":"https:\/\/www.pcb.ub.edu\/es\/?s={search_term_string}"},"query-input":{"@type":"PropertyValueSpecification","valueRequired":true,"valueName":"search_term_string"}}],"inLanguage":"es"},{"@type":"Person","@id":"https:\/\/www.pcb.ub.edu\/es\/#\/schema\/person\/810a86a39effe6bf90f9ab918ca43239","name":"Azucena Berea","image":{"@type":"ImageObject","inLanguage":"es","@id":"https:\/\/secure.gravatar.com\/avatar\/32577545a82a87a5c7e06fb02f02362edb2f379afdb4c8b5783d81635141181f?s=96&d=mm&r=g","url":"https:\/\/secure.gravatar.com\/avatar\/32577545a82a87a5c7e06fb02f02362edb2f379afdb4c8b5783d81635141181f?s=96&d=mm&r=g","contentUrl":"https:\/\/secure.gravatar.com\/avatar\/32577545a82a87a5c7e06fb02f02362edb2f379afdb4c8b5783d81635141181f?s=96&d=mm&r=g","caption":"Azucena Berea"},"sameAs":["https:\/\/www.pcb.ub.edu"],"url":"https:\/\/www.pcb.ub.edu\/es\/author\/aberea\/"}]}},"_links":{"self":[{"href":"https:\/\/www.pcb.ub.edu\/es\/wp-json\/wp\/v2\/posts\/71545","targetHints":{"allow":["GET"]}}],"collection":[{"href":"https:\/\/www.pcb.ub.edu\/es\/wp-json\/wp\/v2\/posts"}],"about":[{"href":"https:\/\/www.pcb.ub.edu\/es\/wp-json\/wp\/v2\/types\/post"}],"author":[{"embeddable":true,"href":"https:\/\/www.pcb.ub.edu\/es\/wp-json\/wp\/v2\/users\/4"}],"replies":[{"embeddable":true,"href":"https:\/\/www.pcb.ub.edu\/es\/wp-json\/wp\/v2\/comments?post=71545"}],"version-history":[{"count":2,"href":"https:\/\/www.pcb.ub.edu\/es\/wp-json\/wp\/v2\/posts\/71545\/revisions"}],"predecessor-version":[{"id":71547,"href":"https:\/\/www.pcb.ub.edu\/es\/wp-json\/wp\/v2\/posts\/71545\/revisions\/71547"}],"wp:featuredmedia":[{"embeddable":true,"href":"https:\/\/www.pcb.ub.edu\/es\/wp-json\/wp\/v2\/media\/71400"}],"wp:attachment":[{"href":"https:\/\/www.pcb.ub.edu\/es\/wp-json\/wp\/v2\/media?parent=71545"}],"wp:term":[{"taxonomy":"category","embeddable":true,"href":"https:\/\/www.pcb.ub.edu\/es\/wp-json\/wp\/v2\/categories?post=71545"},{"taxonomy":"post_tag","embeddable":true,"href":"https:\/\/www.pcb.ub.edu\/es\/wp-json\/wp\/v2\/tags?post=71545"}],"curies":[{"name":"wp","href":"https:\/\/api.w.org\/{rel}","templated":true}]}}