{"id":64074,"date":"2021-06-02T06:59:46","date_gmt":"2021-06-02T05:59:46","guid":{"rendered":"https:\/\/www.pcb.ub.edu\/nace-la-aceleradora-bcn-health-booster-para-empresas-emergentes-de-las-ciencias-de-la-vida-y-la-salud\/"},"modified":"2021-07-20T14:22:10","modified_gmt":"2021-07-20T13:22:10","slug":"nace-la-aceleradora-bcn-health-booster-para-empresas-emergentes-de-las-ciencias-de-la-vida-y-la-salud","status":"publish","type":"post","link":"https:\/\/www.pcb.ub.edu\/es\/nace-la-aceleradora-bcn-health-booster-para-empresas-emergentes-de-las-ciencias-de-la-vida-y-la-salud\/","title":{"rendered":"Nace la aceleradora BCN Health Booster para empresas emergentes de las ciencias de la vida y la salud"},"content":{"rendered":"<p><strong>El Parque Cient\u00edfico de Barcelona (PCB) de la <a href=\"https:\/\/www.ub.edu\/web\/portal\/es\/\" target=\"_blank\" rel=\"noopener\">Universidad de Barcelona (UB)<\/a>, y el <a href=\"https:\/\/ajuntament.barcelona.cat\/es\/\" target=\"_blank\" rel=\"noopener\">Ayuntamiento de Barcelona<\/a> lanzan <a href=\"https:\/\/www.pcb.ub.edu\/es\/bcn-health-booster\/\" target=\"_blank\" rel=\"noopener\">BCN Health Booster<\/a>, un programa de aceleraci\u00f3n para impulsar empresas emergentes con un proyecto de negocio innovador en el \u00e1mbito de la salud, que recibe el acompa\u00f1amiento de <a href=\"https:\/\/www.barcelonactiva.cat\/es\/inicio\" target=\"_blank\" rel=\"noopener\">Barcelona Activa<\/a> y con el apoyo empresarial de <a href=\"https:\/\/www.biocat.cat\/es\" target=\"_blank\" rel=\"noopener\">Biocat<\/a>. Esta iniciativa nace en el contexto del <a href=\"https:\/\/www.barcelona.cat\/barcelonaciencia\/es\/plan-barcelona-ciencia\" target=\"_blank\" rel=\"noopener\">Plan Barcelona Ciencia<\/a>, como paradigma tangible de la colaboraci\u00f3n y el consenso entre centros p\u00fablicos, empresas, universidades y administraciones para promover la innovaci\u00f3n en salud y el retorno a la sociedad de la inversi\u00f3n en investigaci\u00f3n.<\/strong><\/p>\n<p>En el marco del programa BCN Health Booster,\u00a0once proyectos empresariales innovadores, de reciente creaci\u00f3n, acceder\u00e1n durante tres a\u00f1os a un laboratorio dentro de un hub estrat\u00e9gico como el PCB -referente internacional en el fomento de la innovaci\u00f3n en ciencias de la vida- y recibir\u00e1n formaci\u00f3n, <em>mentoring<\/em> y asesoramiento gratuitos de la mano de un equipo de mentores y expertos en \u00e1reas estrat\u00e9gicas como gesti\u00f3n de equipos, marketing y comercializaci\u00f3n, derecho mercantil, financiaci\u00f3n e internacionalizaci\u00f3n.<\/p>\n<p>El programa tambi\u00e9n proporciona actividades de <em>networking<\/em> que promueven la interacci\u00f3n con las m\u00e1s de 100 entidades miembros de la Comunidad PCB y redes nacionales e internacionales de la mano de Biocat, y\u00a0 acceso a equipamiento cient\u00edfico e infraestructuras de \u00faltima generaci\u00f3n del PCB, a fin de beneficiarse de un ecosistema que contribuye activamente al crecimiento de su negocio.<\/p>\n<p>\u00abEmpresas referentes del sector salud de Catalu\u00f1a como Stat-Diagnostica, Greenaltech, SomBiotech, Oryzon Genomics y Enantia entre muchas otras, participaron en bioincubadoras pasadas del Parque. Esperamos que en esta nueva aceleradora se impulsen nuevos proyectos que sean referentes en pocos a\u00f1os\u00bb, explica <strong>Maria Terrades<\/strong>, directora del Parque Cient\u00edfico de Barcelona.<\/p>\n<p>El presidente de Barcelona Activa y teniente de Alcadia de Econom\u00eda, Trabajo, Competitividad y Hacienda, <strong>Jaume Collboni<\/strong>, subraya: \u00abVemos en este proyecto de colaboraci\u00f3n con diversos entes de referencia cient\u00edfica una oportunidad para retener el talento de este sector en la ciudad. Celebramos la ampliaci\u00f3n de laboratorios que har\u00e1n que m\u00e1s proyectos emprendedores y de necesidad se hagan y se proyecten desde Barcelona. La ciencia y la salud son prioritarias en la vida y queremos estar en primera l\u00ednea de proyectos tan valiosos de presente y de futuro \u00ab. Collboni ha recordado que \u00ablas ciencias de la vida representan el 7,3% de nuestro PIB y ocupan ahora mismo a alrededor de 230.000 personas. El modelo de crecimiento de las ciencias de la vida y la salud se basa en la excelencia, la educaci\u00f3n, la innovaci\u00f3n y el emprendimiento. Por ello, la hoja de ruta del Ayuntamiento, Barcelona Green Deal, apuesta por apoyar a todos estos \u00e1mbitos, permitiendo que el talento emprendedor, cient\u00edfico y universitario desarrollen todo su potencial en la ciudad\u00bb.<\/p>\n<p>Seg\u00fan el teniente de Alcald\u00eda de Cultura, Educaci\u00f3n, Ciencia y Comunidad del Ayuntamiento de Barcelona,<strong> \u200b\u200bJoan Subirats<\/strong>, \u00abeste proyecto concreta un objetivo importante del Plan Barcelona Ciencia, que es impulsar la transferencia de conocimiento y tecnolog\u00eda desde el mundo de la investigaci\u00f3n hacia la actividad econ\u00f3mica. Desde el Ayuntamiento, conectamos la ciencia con la cultura y la educaci\u00f3n, con actividades como la Bienal Ciudad y Ciencia o los proyectos STEAM en las escuelas, pero tambi\u00e9n tenemos que hacer de la ciencia el motor de un nuevo modelo econ\u00f3mico m\u00e1s resiliente y sostenible, y que genere m\u00e1s bienestar para la ciudadan\u00eda\u00bb.<\/p>\n<p>La directora de Innovaci\u00f3n de Biocat, <strong>N\u00faria Mart\u00ed<\/strong>, reconoce que \u00abesta iniciativa aportar\u00e1 a las <em>startups<\/em> herramientas, conocimiento, acompa\u00f1amiento personalizado y acceso a inversores internacionales para impulsar su desarrollo empresarial y acelerar su llegada al mercado. Todas estas actividades son estrat\u00e9gicas dentro de la misi\u00f3n de Biocat de maximizar el impacto econ\u00f3mico y social de la BioRegi\u00f3n\u00bb.<\/p>\n<h3><strong>Ejes estrat\u00e9gicos del programa<\/strong><\/h3>\n<p>Podr\u00e1n acceder a la aceleradora BCN Health Booster las empresas con menos de 5 a\u00f1os de su constituci\u00f3n que desarrollen productos farmac\u00e9uticos, biotecnol\u00f3gicos o dispositivos m\u00e9dicos, as\u00ed como empresas de servicios dirigidas al sector salud que requieran el uso de un laboratorio para realizar su actividad.<\/p>\n<p>Un comit\u00e9 de expertos y expertas evaluar\u00e1 las candidaturas seg\u00fan los siguientes criterios: viabilidad t\u00e9cnica y econ\u00f3mica, equipo promotor e impacto social del proyecto emprendedor, priorizando las <em>spin-off<\/em> de centros de investigaci\u00f3n p\u00fablicos, hospitales y universidades.<\/p>\n<p>Para acelerar los proyectos emprendedores, el programa se articula en torno a dos pilares:<\/p>\n<p><strong>&#8211;<\/strong> <strong>Acceso bonificado a espacio de laboratorio en el Parque Cient\u00edfico de Barcelona<br \/>\n<\/strong>El Parque pone a disposici\u00f3n del programa 527 m<sup>2<\/sup> en el edificio Cl\u00faster II, donde las once empresas seleccionadas podr\u00e1n acceder a un laboratorio de uso exclusivo o en modalidad de <em>coworking<\/em>, a partir del 1 de diciembre de 2021. Los alquileres y servicios generales ser\u00e1n bonificados por el Parque durante tres a\u00f1os. La subvenci\u00f3n ser\u00e1 de un 65% el primer a\u00f1o; de un 40%, el segundo; y de un 20%, el tercero.<\/p>\n<p><strong>&#8211;<\/strong> <strong>Acceso gratuito a un programa de acompa\u00f1amiento empresarial<br \/>\n<\/strong>Las empresas acceder\u00e1n a un programa de acompa\u00f1amiento empresarial de Biocat durante los tres a\u00f1os, totalmente adaptado a las necesidades o retos que afronte cada una durante este per\u00edodo, que incluir\u00e1 mentor\u00eda y consultor\u00eda personalizada; formaci\u00f3n (<em>customer discovery<\/em>, <em>intelectual property<\/em>, <em>market access<\/em> y <em>regulatory affairs<\/em>, etc.), y asesoramiento en materia de acceso a la financiaci\u00f3n, tales como la elaboraci\u00f3n del <em>pitch training<\/em> y\u00a0el <em>one-pager<\/em>, y la participaci\u00f3n en los programas Health &amp; Bio Team Dating eInvestment Readiness Series, organizados por Biocat.<\/p>\n<h3><strong>La aceleradora, en cifras<\/strong><\/h3>\n<p>La subvenci\u00f3n del proyecto por parte del Ayuntamiento de Barcelona es de 468.936 \u20ac de los que 343.240 \u20ac se destinar\u00e1n a subvencionar parcialmente los alquileres de los laboratorios y 125.696 \u20ac se destinar\u00e1n a financiar el programa de apoyo empresarial de Biocat.<\/p>\n<p>Para adecuar los nuevos laboratorios en el edificio Cl\u00faster II, el Parque Cient\u00edfico de Barcelona destinar\u00e1 685.334 \u20ac.<\/p>\n<p><strong>\u00bb La fecha l\u00edmite para presentar las candidaturas es el 17 de septiembre de 2021.<br \/>\n\u00bb Para m\u00e1s informaci\u00f3n e inscripciones: <a href=\"https:\/\/www.pcb.ub.edu\/bcn-health-booster\/\" target=\"_blank\" rel=\"noopener\">https:\/\/www.pcb.ub.edu\/bcn-health-booster\/<\/a><\/strong><\/p>\n<p><strong>\u00a0<\/strong><\/p>\n","protected":false},"excerpt":{"rendered":"<p>El Parque Cient\u00edfico de Barcelona (PCB) de la Universidad de Barcelona (UB), y el Ayuntamiento de Barcelona lanzan BCN Health Booster, un programa de aceleraci\u00f3n para impulsar empresas emergentes con&#8230;<\/p>\n","protected":false},"author":4,"featured_media":64032,"comment_status":"closed","ping_status":"closed","sticky":false,"template":"","format":"standard","meta":{"_acf_changed":false,"inline_featured_image":false,"footnotes":""},"categories":[37],"tags":[],"class_list":["post-64074","post","type-post","status-publish","format-standard","has-post-thumbnail","category-pcb"],"acf":[],"yoast_head":"<!-- This site is optimized with the Yoast SEO plugin v27.3 - https:\/\/yoast.com\/product\/yoast-seo-wordpress\/ -->\n<title>Nace la aceleradora BCN Health Booster para empresas emergentes de las ciencias de la vida y la salud - Parc Cient\u00edfic de Barcelona<\/title>\n<meta name=\"robots\" content=\"index, follow, max-snippet:-1, max-image-preview:large, max-video-preview:-1\" \/>\n<link rel=\"canonical\" href=\"https:\/\/www.pcb.ub.edu\/es\/nace-la-aceleradora-bcn-health-booster-para-empresas-emergentes-de-las-ciencias-de-la-vida-y-la-salud\/\" \/>\n<meta property=\"og:locale\" content=\"es_ES\" \/>\n<meta property=\"og:type\" content=\"article\" \/>\n<meta property=\"og:title\" content=\"Nace la aceleradora BCN Health Booster para empresas emergentes de las ciencias de la vida y la salud - Parc Cient\u00edfic de Barcelona\" \/>\n<meta property=\"og:description\" content=\"El Parque Cient\u00edfico de Barcelona (PCB) de la Universidad de Barcelona (UB), y el Ayuntamiento de Barcelona lanzan BCN Health Booster, un programa de aceleraci\u00f3n para impulsar empresas emergentes con...\" \/>\n<meta property=\"og:url\" content=\"https:\/\/www.pcb.ub.edu\/es\/nace-la-aceleradora-bcn-health-booster-para-empresas-emergentes-de-las-ciencias-de-la-vida-y-la-salud\/\" \/>\n<meta property=\"og:site_name\" content=\"Parc Cient\u00edfic de Barcelona\" \/>\n<meta property=\"article:published_time\" content=\"2021-06-02T05:59:46+00:00\" \/>\n<meta property=\"article:modified_time\" content=\"2021-07-20T13:22:10+00:00\" \/>\n<meta property=\"og:image\" content=\"https:\/\/www.pcb.ub.edu\/wp-content\/uploads\/2021\/06\/BCNHealthBooster_web.png\" \/>\n\t<meta property=\"og:image:width\" content=\"900\" \/>\n\t<meta property=\"og:image:height\" content=\"330\" \/>\n\t<meta property=\"og:image:type\" content=\"image\/png\" \/>\n<meta name=\"author\" content=\"Azucena Berea\" \/>\n<meta name=\"twitter:card\" content=\"summary_large_image\" \/>\n<meta name=\"twitter:label1\" content=\"Escrito por\" \/>\n\t<meta name=\"twitter:data1\" content=\"Azucena Berea\" \/>\n\t<meta name=\"twitter:label2\" content=\"Tiempo de lectura\" \/>\n\t<meta name=\"twitter:data2\" content=\"5 minutos\" \/>\n<script type=\"application\/ld+json\" class=\"yoast-schema-graph\">{\"@context\":\"https:\\\/\\\/schema.org\",\"@graph\":[{\"@type\":\"Article\",\"@id\":\"https:\\\/\\\/www.pcb.ub.edu\\\/es\\\/nace-la-aceleradora-bcn-health-booster-para-empresas-emergentes-de-las-ciencias-de-la-vida-y-la-salud\\\/#article\",\"isPartOf\":{\"@id\":\"https:\\\/\\\/www.pcb.ub.edu\\\/es\\\/nace-la-aceleradora-bcn-health-booster-para-empresas-emergentes-de-las-ciencias-de-la-vida-y-la-salud\\\/\"},\"author\":{\"name\":\"Azucena Berea\",\"@id\":\"https:\\\/\\\/www.pcb.ub.edu\\\/es\\\/#\\\/schema\\\/person\\\/810a86a39effe6bf90f9ab918ca43239\"},\"headline\":\"Nace la aceleradora BCN Health Booster para empresas emergentes de las ciencias de la vida y la salud\",\"datePublished\":\"2021-06-02T05:59:46+00:00\",\"dateModified\":\"2021-07-20T13:22:10+00:00\",\"mainEntityOfPage\":{\"@id\":\"https:\\\/\\\/www.pcb.ub.edu\\\/es\\\/nace-la-aceleradora-bcn-health-booster-para-empresas-emergentes-de-las-ciencias-de-la-vida-y-la-salud\\\/\"},\"wordCount\":1069,\"image\":{\"@id\":\"https:\\\/\\\/www.pcb.ub.edu\\\/es\\\/nace-la-aceleradora-bcn-health-booster-para-empresas-emergentes-de-las-ciencias-de-la-vida-y-la-salud\\\/#primaryimage\"},\"thumbnailUrl\":\"https:\\\/\\\/www.pcb.ub.edu\\\/wp-content\\\/uploads\\\/2021\\\/06\\\/BCNHealthBooster_web.png\",\"articleSection\":[\"PCB\"],\"inLanguage\":\"es\"},{\"@type\":\"WebPage\",\"@id\":\"https:\\\/\\\/www.pcb.ub.edu\\\/es\\\/nace-la-aceleradora-bcn-health-booster-para-empresas-emergentes-de-las-ciencias-de-la-vida-y-la-salud\\\/\",\"url\":\"https:\\\/\\\/www.pcb.ub.edu\\\/es\\\/nace-la-aceleradora-bcn-health-booster-para-empresas-emergentes-de-las-ciencias-de-la-vida-y-la-salud\\\/\",\"name\":\"Nace la aceleradora BCN Health Booster para empresas emergentes de las ciencias de la vida y la salud - Parc Cient\u00edfic de Barcelona\",\"isPartOf\":{\"@id\":\"https:\\\/\\\/www.pcb.ub.edu\\\/es\\\/#website\"},\"primaryImageOfPage\":{\"@id\":\"https:\\\/\\\/www.pcb.ub.edu\\\/es\\\/nace-la-aceleradora-bcn-health-booster-para-empresas-emergentes-de-las-ciencias-de-la-vida-y-la-salud\\\/#primaryimage\"},\"image\":{\"@id\":\"https:\\\/\\\/www.pcb.ub.edu\\\/es\\\/nace-la-aceleradora-bcn-health-booster-para-empresas-emergentes-de-las-ciencias-de-la-vida-y-la-salud\\\/#primaryimage\"},\"thumbnailUrl\":\"https:\\\/\\\/www.pcb.ub.edu\\\/wp-content\\\/uploads\\\/2021\\\/06\\\/BCNHealthBooster_web.png\",\"datePublished\":\"2021-06-02T05:59:46+00:00\",\"dateModified\":\"2021-07-20T13:22:10+00:00\",\"author\":{\"@id\":\"https:\\\/\\\/www.pcb.ub.edu\\\/es\\\/#\\\/schema\\\/person\\\/810a86a39effe6bf90f9ab918ca43239\"},\"breadcrumb\":{\"@id\":\"https:\\\/\\\/www.pcb.ub.edu\\\/es\\\/nace-la-aceleradora-bcn-health-booster-para-empresas-emergentes-de-las-ciencias-de-la-vida-y-la-salud\\\/#breadcrumb\"},\"inLanguage\":\"es\",\"potentialAction\":[{\"@type\":\"ReadAction\",\"target\":[\"https:\\\/\\\/www.pcb.ub.edu\\\/es\\\/nace-la-aceleradora-bcn-health-booster-para-empresas-emergentes-de-las-ciencias-de-la-vida-y-la-salud\\\/\"]}]},{\"@type\":\"ImageObject\",\"inLanguage\":\"es\",\"@id\":\"https:\\\/\\\/www.pcb.ub.edu\\\/es\\\/nace-la-aceleradora-bcn-health-booster-para-empresas-emergentes-de-las-ciencias-de-la-vida-y-la-salud\\\/#primaryimage\",\"url\":\"https:\\\/\\\/www.pcb.ub.edu\\\/wp-content\\\/uploads\\\/2021\\\/06\\\/BCNHealthBooster_web.png\",\"contentUrl\":\"https:\\\/\\\/www.pcb.ub.edu\\\/wp-content\\\/uploads\\\/2021\\\/06\\\/BCNHealthBooster_web.png\",\"width\":900,\"height\":330},{\"@type\":\"BreadcrumbList\",\"@id\":\"https:\\\/\\\/www.pcb.ub.edu\\\/es\\\/nace-la-aceleradora-bcn-health-booster-para-empresas-emergentes-de-las-ciencias-de-la-vida-y-la-salud\\\/#breadcrumb\",\"itemListElement\":[{\"@type\":\"ListItem\",\"position\":1,\"name\":\"Home\",\"item\":\"https:\\\/\\\/www.pcb.ub.edu\\\/es\\\/\"},{\"@type\":\"ListItem\",\"position\":2,\"name\":\"Nace la aceleradora BCN Health Booster para empresas emergentes de las ciencias de la vida y la salud\"}]},{\"@type\":\"WebSite\",\"@id\":\"https:\\\/\\\/www.pcb.ub.edu\\\/es\\\/#website\",\"url\":\"https:\\\/\\\/www.pcb.ub.edu\\\/es\\\/\",\"name\":\"Parc Cient\u00edfic de Barcelona\",\"description\":\"Universitat de Barcelona\",\"potentialAction\":[{\"@type\":\"SearchAction\",\"target\":{\"@type\":\"EntryPoint\",\"urlTemplate\":\"https:\\\/\\\/www.pcb.ub.edu\\\/es\\\/?s={search_term_string}\"},\"query-input\":{\"@type\":\"PropertyValueSpecification\",\"valueRequired\":true,\"valueName\":\"search_term_string\"}}],\"inLanguage\":\"es\"},{\"@type\":\"Person\",\"@id\":\"https:\\\/\\\/www.pcb.ub.edu\\\/es\\\/#\\\/schema\\\/person\\\/810a86a39effe6bf90f9ab918ca43239\",\"name\":\"Azucena Berea\",\"image\":{\"@type\":\"ImageObject\",\"inLanguage\":\"es\",\"@id\":\"https:\\\/\\\/secure.gravatar.com\\\/avatar\\\/32577545a82a87a5c7e06fb02f02362edb2f379afdb4c8b5783d81635141181f?s=96&d=mm&r=g\",\"url\":\"https:\\\/\\\/secure.gravatar.com\\\/avatar\\\/32577545a82a87a5c7e06fb02f02362edb2f379afdb4c8b5783d81635141181f?s=96&d=mm&r=g\",\"contentUrl\":\"https:\\\/\\\/secure.gravatar.com\\\/avatar\\\/32577545a82a87a5c7e06fb02f02362edb2f379afdb4c8b5783d81635141181f?s=96&d=mm&r=g\",\"caption\":\"Azucena Berea\"},\"sameAs\":[\"https:\\\/\\\/www.pcb.ub.edu\"],\"url\":\"https:\\\/\\\/www.pcb.ub.edu\\\/es\\\/author\\\/aberea\\\/\"}]}<\/script>\n<!-- \/ Yoast SEO plugin. -->","yoast_head_json":{"title":"Nace la aceleradora BCN Health Booster para empresas emergentes de las ciencias de la vida y la salud - Parc Cient\u00edfic de Barcelona","robots":{"index":"index","follow":"follow","max-snippet":"max-snippet:-1","max-image-preview":"max-image-preview:large","max-video-preview":"max-video-preview:-1"},"canonical":"https:\/\/www.pcb.ub.edu\/es\/nace-la-aceleradora-bcn-health-booster-para-empresas-emergentes-de-las-ciencias-de-la-vida-y-la-salud\/","og_locale":"es_ES","og_type":"article","og_title":"Nace la aceleradora BCN Health Booster para empresas emergentes de las ciencias de la vida y la salud - Parc Cient\u00edfic de Barcelona","og_description":"El Parque Cient\u00edfico de Barcelona (PCB) de la Universidad de Barcelona (UB), y el Ayuntamiento de Barcelona lanzan BCN Health Booster, un programa de aceleraci\u00f3n para impulsar empresas emergentes con...","og_url":"https:\/\/www.pcb.ub.edu\/es\/nace-la-aceleradora-bcn-health-booster-para-empresas-emergentes-de-las-ciencias-de-la-vida-y-la-salud\/","og_site_name":"Parc Cient\u00edfic de Barcelona","article_published_time":"2021-06-02T05:59:46+00:00","article_modified_time":"2021-07-20T13:22:10+00:00","og_image":[{"width":900,"height":330,"url":"https:\/\/www.pcb.ub.edu\/wp-content\/uploads\/2021\/06\/BCNHealthBooster_web.png","type":"image\/png"}],"author":"Azucena Berea","twitter_card":"summary_large_image","twitter_misc":{"Escrito por":"Azucena Berea","Tiempo de lectura":"5 minutos"},"schema":{"@context":"https:\/\/schema.org","@graph":[{"@type":"Article","@id":"https:\/\/www.pcb.ub.edu\/es\/nace-la-aceleradora-bcn-health-booster-para-empresas-emergentes-de-las-ciencias-de-la-vida-y-la-salud\/#article","isPartOf":{"@id":"https:\/\/www.pcb.ub.edu\/es\/nace-la-aceleradora-bcn-health-booster-para-empresas-emergentes-de-las-ciencias-de-la-vida-y-la-salud\/"},"author":{"name":"Azucena Berea","@id":"https:\/\/www.pcb.ub.edu\/es\/#\/schema\/person\/810a86a39effe6bf90f9ab918ca43239"},"headline":"Nace la aceleradora BCN Health Booster para empresas emergentes de las ciencias de la vida y la salud","datePublished":"2021-06-02T05:59:46+00:00","dateModified":"2021-07-20T13:22:10+00:00","mainEntityOfPage":{"@id":"https:\/\/www.pcb.ub.edu\/es\/nace-la-aceleradora-bcn-health-booster-para-empresas-emergentes-de-las-ciencias-de-la-vida-y-la-salud\/"},"wordCount":1069,"image":{"@id":"https:\/\/www.pcb.ub.edu\/es\/nace-la-aceleradora-bcn-health-booster-para-empresas-emergentes-de-las-ciencias-de-la-vida-y-la-salud\/#primaryimage"},"thumbnailUrl":"https:\/\/www.pcb.ub.edu\/wp-content\/uploads\/2021\/06\/BCNHealthBooster_web.png","articleSection":["PCB"],"inLanguage":"es"},{"@type":"WebPage","@id":"https:\/\/www.pcb.ub.edu\/es\/nace-la-aceleradora-bcn-health-booster-para-empresas-emergentes-de-las-ciencias-de-la-vida-y-la-salud\/","url":"https:\/\/www.pcb.ub.edu\/es\/nace-la-aceleradora-bcn-health-booster-para-empresas-emergentes-de-las-ciencias-de-la-vida-y-la-salud\/","name":"Nace la aceleradora BCN Health Booster para empresas emergentes de las ciencias de la vida y la salud - Parc Cient\u00edfic de Barcelona","isPartOf":{"@id":"https:\/\/www.pcb.ub.edu\/es\/#website"},"primaryImageOfPage":{"@id":"https:\/\/www.pcb.ub.edu\/es\/nace-la-aceleradora-bcn-health-booster-para-empresas-emergentes-de-las-ciencias-de-la-vida-y-la-salud\/#primaryimage"},"image":{"@id":"https:\/\/www.pcb.ub.edu\/es\/nace-la-aceleradora-bcn-health-booster-para-empresas-emergentes-de-las-ciencias-de-la-vida-y-la-salud\/#primaryimage"},"thumbnailUrl":"https:\/\/www.pcb.ub.edu\/wp-content\/uploads\/2021\/06\/BCNHealthBooster_web.png","datePublished":"2021-06-02T05:59:46+00:00","dateModified":"2021-07-20T13:22:10+00:00","author":{"@id":"https:\/\/www.pcb.ub.edu\/es\/#\/schema\/person\/810a86a39effe6bf90f9ab918ca43239"},"breadcrumb":{"@id":"https:\/\/www.pcb.ub.edu\/es\/nace-la-aceleradora-bcn-health-booster-para-empresas-emergentes-de-las-ciencias-de-la-vida-y-la-salud\/#breadcrumb"},"inLanguage":"es","potentialAction":[{"@type":"ReadAction","target":["https:\/\/www.pcb.ub.edu\/es\/nace-la-aceleradora-bcn-health-booster-para-empresas-emergentes-de-las-ciencias-de-la-vida-y-la-salud\/"]}]},{"@type":"ImageObject","inLanguage":"es","@id":"https:\/\/www.pcb.ub.edu\/es\/nace-la-aceleradora-bcn-health-booster-para-empresas-emergentes-de-las-ciencias-de-la-vida-y-la-salud\/#primaryimage","url":"https:\/\/www.pcb.ub.edu\/wp-content\/uploads\/2021\/06\/BCNHealthBooster_web.png","contentUrl":"https:\/\/www.pcb.ub.edu\/wp-content\/uploads\/2021\/06\/BCNHealthBooster_web.png","width":900,"height":330},{"@type":"BreadcrumbList","@id":"https:\/\/www.pcb.ub.edu\/es\/nace-la-aceleradora-bcn-health-booster-para-empresas-emergentes-de-las-ciencias-de-la-vida-y-la-salud\/#breadcrumb","itemListElement":[{"@type":"ListItem","position":1,"name":"Home","item":"https:\/\/www.pcb.ub.edu\/es\/"},{"@type":"ListItem","position":2,"name":"Nace la aceleradora BCN Health Booster para empresas emergentes de las ciencias de la vida y la salud"}]},{"@type":"WebSite","@id":"https:\/\/www.pcb.ub.edu\/es\/#website","url":"https:\/\/www.pcb.ub.edu\/es\/","name":"Parc Cient\u00edfic de Barcelona","description":"Universitat de Barcelona","potentialAction":[{"@type":"SearchAction","target":{"@type":"EntryPoint","urlTemplate":"https:\/\/www.pcb.ub.edu\/es\/?s={search_term_string}"},"query-input":{"@type":"PropertyValueSpecification","valueRequired":true,"valueName":"search_term_string"}}],"inLanguage":"es"},{"@type":"Person","@id":"https:\/\/www.pcb.ub.edu\/es\/#\/schema\/person\/810a86a39effe6bf90f9ab918ca43239","name":"Azucena Berea","image":{"@type":"ImageObject","inLanguage":"es","@id":"https:\/\/secure.gravatar.com\/avatar\/32577545a82a87a5c7e06fb02f02362edb2f379afdb4c8b5783d81635141181f?s=96&d=mm&r=g","url":"https:\/\/secure.gravatar.com\/avatar\/32577545a82a87a5c7e06fb02f02362edb2f379afdb4c8b5783d81635141181f?s=96&d=mm&r=g","contentUrl":"https:\/\/secure.gravatar.com\/avatar\/32577545a82a87a5c7e06fb02f02362edb2f379afdb4c8b5783d81635141181f?s=96&d=mm&r=g","caption":"Azucena Berea"},"sameAs":["https:\/\/www.pcb.ub.edu"],"url":"https:\/\/www.pcb.ub.edu\/es\/author\/aberea\/"}]}},"_links":{"self":[{"href":"https:\/\/www.pcb.ub.edu\/es\/wp-json\/wp\/v2\/posts\/64074","targetHints":{"allow":["GET"]}}],"collection":[{"href":"https:\/\/www.pcb.ub.edu\/es\/wp-json\/wp\/v2\/posts"}],"about":[{"href":"https:\/\/www.pcb.ub.edu\/es\/wp-json\/wp\/v2\/types\/post"}],"author":[{"embeddable":true,"href":"https:\/\/www.pcb.ub.edu\/es\/wp-json\/wp\/v2\/users\/4"}],"replies":[{"embeddable":true,"href":"https:\/\/www.pcb.ub.edu\/es\/wp-json\/wp\/v2\/comments?post=64074"}],"version-history":[{"count":15,"href":"https:\/\/www.pcb.ub.edu\/es\/wp-json\/wp\/v2\/posts\/64074\/revisions"}],"predecessor-version":[{"id":65654,"href":"https:\/\/www.pcb.ub.edu\/es\/wp-json\/wp\/v2\/posts\/64074\/revisions\/65654"}],"wp:featuredmedia":[{"embeddable":true,"href":"https:\/\/www.pcb.ub.edu\/es\/wp-json\/wp\/v2\/media\/64032"}],"wp:attachment":[{"href":"https:\/\/www.pcb.ub.edu\/es\/wp-json\/wp\/v2\/media?parent=64074"}],"wp:term":[{"taxonomy":"category","embeddable":true,"href":"https:\/\/www.pcb.ub.edu\/es\/wp-json\/wp\/v2\/categories?post=64074"},{"taxonomy":"post_tag","embeddable":true,"href":"https:\/\/www.pcb.ub.edu\/es\/wp-json\/wp\/v2\/tags?post=64074"}],"curies":[{"name":"wp","href":"https:\/\/api.w.org\/{rel}","templated":true}]}}