{"id":56680,"date":"2020-12-02T17:27:10","date_gmt":"2020-12-02T16:27:10","guid":{"rendered":"http:\/\/www.pcb.ub.edu\/participa-en-el-programa-de-innovacion-disruptiva-ifest-countdown-con-el-reto-del-parc-cientific-de-barcelona\/"},"modified":"2021-07-01T16:03:35","modified_gmt":"2021-07-01T15:03:35","slug":"participa-en-el-programa-de-innovacion-disruptiva-ifest-countdown-con-el-reto-del-parc-cientific-de-barcelona","status":"publish","type":"post","link":"https:\/\/www.pcb.ub.edu\/es\/participa-en-el-programa-de-innovacion-disruptiva-ifest-countdown-con-el-reto-del-parc-cientific-de-barcelona\/","title":{"rendered":"\u00a1Participa en el programa de innovaci\u00f3n disruptiva iFest Countdown con el reto del Parc Cient\u00edfic de Barcelona!"},"content":{"rendered":"<p><strong><a href=\"http:\/\/www.ifest.cat\/\" target=\"_blank\" rel=\"noopener noreferrer\">iFest<\/a>, el festival de la disrupci\u00f3n, la ciencia y la tecnolog\u00eda para j\u00f3venes impulsado por <a href=\"http:\/\/xarxaempren.gencat.cat\/ca\/inici\" target=\"_blank\" rel=\"noopener noreferrer\">Catalunya Empr\u00e8n<\/a>, inicia la segunda edici\u00f3n del <a href=\"http:\/\/www.ifest.cat\/\" target=\"_blank\" rel=\"noopener noreferrer\">iFest Countdown<\/a>, un programa de aprendizaje e innovaci\u00f3n disruptiva, que desaf\u00eda a los participantes a desarrollar prototipos para dar respuesta a retos reales planteados por varias entidades, entre ellas el Parc Cient\u00edfic de Barcelona. Cada equipo tendr\u00e1 que defender su proyecto y competir con el resto de los <em>players<\/em> en el <a href=\"http:\/\/www.ifest.cat\/wp-content\/uploads\/2020\/10\/20201016_Bases_del_programa_2020-2021_iFest.pdf\" target=\"_blank\" rel=\"noopener noreferrer\">Demo Day iFest 2021<\/a>. <\/strong> El iFest Countdown propone a j\u00f3venes de bachillerato, ciclos formativos y universitarios un programa de aprendizaje y mentor\u00eda, basado en los principios del emprendimiento y la disrupci\u00f3n en innovaci\u00f3n. El m\u00e9todo dise\u00f1ado se estructura en 4 fases: Reformulaci\u00f3n de problema, Generaci\u00f3n de ideas, Prototipaje y Comunicaci\u00f3n. Durante todo el programa se trabajar\u00e1n las tecnolog\u00edas exponenciales, como el <em>Internet of Things<\/em> (IoT), nanotecnolog\u00eda, inteligencia artificial, rob\u00f3tica y <em>blockchain<\/em>, entre otros, a fin de que los <em>players<\/em> puedan aplicarlas en sus proyectos. Los j\u00f3venes dispondr\u00e1n de mentores de varios \u00e1mbitos y sectores, y tambi\u00e9n se adentrar\u00e1n en el ecosistema emprendedor catal\u00e1n de la mano de algunos de sus protagonistas: incubadoras, aceleradoras, <em>spin-offs<\/em>, <em>startups, venture builders,<\/em> inversores, universidades, centros de investigaci\u00f3n, etc.<\/p>\n<h3><strong>El reto del Parc Cient\u00edfic de Barcelona<\/strong><\/h3>\n<p>En el marco del iFest Countdown, el Parc Cient\u00edfic de Barcelona lanza el reto <a href=\"http:\/\/www.ifest.cat\/ifest-countdown\/reptes\/repte-6\/\" target=\"_blank\" rel=\"noopener noreferrer\">\u201cComo fomentar vocaciones cient\u00edficas entre los j\u00f3venes?\u201d<\/a>, dirigido al alumnado de los centros educativos de toda Catalu\u00f1a. La propuesta consiste en desarrollar una actividad para fomentar vocaciones cient\u00edficas en secundaria y bachillerato \u2013dentro del curr\u00edculum acad\u00e9mico\u2013 para llevarla a cabo en el\u00a0 PCB, o v\u00eda on line. Los objetivos de este reto son acercar el alumnado de secundaria a la investigaci\u00f3n actual en ciencias de la vida y la salud; fomentar la innovaci\u00f3n en la ense\u00f1anza de las ciencias experimentales, y promover la reflexi\u00f3n sobre los aspectos \u00e9ticos, legales y sociales relacionados para orientar a los estudiantes en la elecci\u00f3n de una carrera acad\u00e9mica y profesional en el \u00e1mbito STEM. Esta iniciativa se enmarca en el programa <a href=\"https:\/\/recercaensocietat.wordpress.com\/\" target=\"_blank\" rel=\"noopener noreferrer\">Investigaci\u00f3n en Sociedad<\/a>, que el Parc Cient\u00edfic de Barcelona puso en marcha en 2003 para acercar la ciencia a la ciudadan\u00eda y fomentar las vocaciones entre los j\u00f3venes. Actualmente, engloba m\u00e1s de 100 actividades en las que participan 6.000 personas cada a\u00f1o. El programa ha sido reconocido con el <a href=\"http:\/\/www.pcb.ub.edu\/portal\/es\/noticies\/-\/noticia\/not_el-programa-recerca-en-societat-del-pcb-reconegut-amb-el-segell-de-qualitat-educativa?inheritRedirect=false&amp;redirect=%2Fportal%2Fca%2Fcerca%3Fp_p_id%3Dcercador_WAR_empleatsempresesportlet%26p_p_lifecycle%3D0%26p_p_state%3Dnormal%26p_p_mode%3Dview%26p_p_col_id%3Dcolumn-1%26p_p_col_count%3D1%26_cercador_WAR_empleatsempresesportlet_keywords%3Dsocietat%26_cercador_WAR_empleatsempresesportlet_tab%3D3&amp;backURL=%2Fportal%2Fca%2Fcerca%3Fp_p_id%3Dcercador_WAR_empleatsempresesportlet%26p_p_lifecycle%3D0%26p_p_state%3Dnormal%26p_p_mode%3Dview%26p_p_col_id%3Dcolumn-1%26p_p_col_count%3D1%26_cercador_WAR_empleatsempresesportlet_keywords%3Dsocietat%26_cercador_WAR_empleatsempresesportlet_tab%3D3\" target=\"_top\" rel=\"noopener noreferrer\">Sello de Calidad\u00a0Educativa<\/a>\u00a0del\u00a0Consejo\u00a0de Coordinaci\u00f3n Pedag\u00f3gica de Barcelona (<a href=\"http:\/\/w13.bcn.cat\/APPS\/wprpae\/general\/Presentacion.do?method=consellCoordinacio\" target=\"_blank\" rel=\"noopener noreferrer\">CCP<\/a>) impulsado por el Instituto Municipal de Educaci\u00f3n de Barcelona (<a href=\"http:\/\/ajuntament.barcelona.cat\/educacio\/ca\/qui-som-i-que-fem\" target=\"_blank\" rel=\"noopener noreferrer\">IMEB<\/a>), i cuenta con el apoyo de la Fundaci\u00f3n Espa\u00f1ola para la Ciencia y la Tecnol\u00f3gica (<a href=\"http:\/\/www.fecyt.es\/\" target=\"_blank\" rel=\"noopener noreferrer\">FECYT<\/a>) del Ministerio de Ciencia e Innovaci\u00f3n, y del Instituto de Cultura de Barcelona (<a href=\"http:\/\/ajuntament.barcelona.cat\/culturaieducacio\/es\/institut-de-cultura-de-barcelona-icub\" target=\"_blank\" rel=\"noopener noreferrer\">ICUB<\/a>) del Ayuntamiento de Barcelona. <strong>\u00bb M\u00e1s informaci\u00f3n sobre el reto del PCB en el iFest Countdown en este <a href=\"http:\/\/www.ifest.cat\/ifest-countdown\/reptes\/repte-6\/\" target=\"_blank\" rel=\"noopener noreferrer\">enla\u00e7e [+]<\/a><\/strong><\/p>\n","protected":false},"excerpt":{"rendered":"<p>iFest, el festival de la disrupci\u00f3n, la ciencia y la tecnolog\u00eda para j\u00f3venes impulsado por Catalunya Empr\u00e8n, inicia la segunda edici\u00f3n del iFest Countdown, un programa de aprendizaje e innovaci\u00f3n&#8230;<\/p>\n","protected":false},"author":2,"featured_media":56611,"comment_status":"closed","ping_status":"closed","sticky":false,"template":"","format":"standard","meta":{"_acf_changed":false,"inline_featured_image":false,"footnotes":""},"categories":[37],"tags":[],"class_list":["post-56680","post","type-post","status-publish","format-standard","has-post-thumbnail","category-pcb"],"acf":[],"yoast_head":"<!-- This site is optimized with the Yoast SEO plugin v27.3 - https:\/\/yoast.com\/product\/yoast-seo-wordpress\/ -->\n<title>\u00a1Participa en el programa de innovaci\u00f3n disruptiva iFest Countdown con el reto del Parc Cient\u00edfic de Barcelona! - Parc Cient\u00edfic de Barcelona<\/title>\n<meta name=\"robots\" content=\"index, follow, max-snippet:-1, max-image-preview:large, max-video-preview:-1\" \/>\n<link rel=\"canonical\" href=\"https:\/\/www.pcb.ub.edu\/es\/participa-en-el-programa-de-innovacion-disruptiva-ifest-countdown-con-el-reto-del-parc-cientific-de-barcelona\/\" \/>\n<meta property=\"og:locale\" content=\"es_ES\" \/>\n<meta property=\"og:type\" content=\"article\" \/>\n<meta property=\"og:title\" content=\"\u00a1Participa en el programa de innovaci\u00f3n disruptiva iFest Countdown con el reto del Parc Cient\u00edfic de Barcelona! - Parc Cient\u00edfic de Barcelona\" \/>\n<meta property=\"og:description\" content=\"iFest, el festival de la disrupci\u00f3n, la ciencia y la tecnolog\u00eda para j\u00f3venes impulsado por Catalunya Empr\u00e8n, inicia la segunda edici\u00f3n del iFest Countdown, un programa de aprendizaje e innovaci\u00f3n...\" \/>\n<meta property=\"og:url\" content=\"https:\/\/www.pcb.ub.edu\/es\/participa-en-el-programa-de-innovacion-disruptiva-ifest-countdown-con-el-reto-del-parc-cientific-de-barcelona\/\" \/>\n<meta property=\"og:site_name\" content=\"Parc Cient\u00edfic de Barcelona\" \/>\n<meta property=\"article:published_time\" content=\"2020-12-02T16:27:10+00:00\" \/>\n<meta property=\"article:modified_time\" content=\"2021-07-01T15:03:35+00:00\" \/>\n<meta property=\"og:image\" content=\"https:\/\/www.pcb.ub.edu\/wp-content\/uploads\/2020\/12\/IFest_PCB.png\" \/>\n\t<meta property=\"og:image:width\" content=\"900\" \/>\n\t<meta property=\"og:image:height\" content=\"330\" \/>\n\t<meta property=\"og:image:type\" content=\"image\/png\" \/>\n<meta name=\"author\" content=\"PCB\" \/>\n<meta name=\"twitter:card\" content=\"summary_large_image\" \/>\n<meta name=\"twitter:label1\" content=\"Escrito por\" \/>\n\t<meta name=\"twitter:data1\" content=\"PCB\" \/>\n\t<meta name=\"twitter:label2\" content=\"Tiempo de lectura\" \/>\n\t<meta name=\"twitter:data2\" content=\"3 minutos\" \/>\n<script type=\"application\/ld+json\" class=\"yoast-schema-graph\">{\"@context\":\"https:\\\/\\\/schema.org\",\"@graph\":[{\"@type\":\"Article\",\"@id\":\"https:\\\/\\\/www.pcb.ub.edu\\\/es\\\/participa-en-el-programa-de-innovacion-disruptiva-ifest-countdown-con-el-reto-del-parc-cientific-de-barcelona\\\/#article\",\"isPartOf\":{\"@id\":\"https:\\\/\\\/www.pcb.ub.edu\\\/es\\\/participa-en-el-programa-de-innovacion-disruptiva-ifest-countdown-con-el-reto-del-parc-cientific-de-barcelona\\\/\"},\"author\":{\"name\":\"PCB\",\"@id\":\"https:\\\/\\\/www.pcb.ub.edu\\\/es\\\/#\\\/schema\\\/person\\\/b10afd334ced9516cc2d58c87f31aae9\"},\"headline\":\"\u00a1Participa en el programa de innovaci\u00f3n disruptiva iFest Countdown con el reto del Parc Cient\u00edfic de Barcelona!\",\"datePublished\":\"2020-12-02T16:27:10+00:00\",\"dateModified\":\"2021-07-01T15:03:35+00:00\",\"mainEntityOfPage\":{\"@id\":\"https:\\\/\\\/www.pcb.ub.edu\\\/es\\\/participa-en-el-programa-de-innovacion-disruptiva-ifest-countdown-con-el-reto-del-parc-cientific-de-barcelona\\\/\"},\"wordCount\":525,\"image\":{\"@id\":\"https:\\\/\\\/www.pcb.ub.edu\\\/es\\\/participa-en-el-programa-de-innovacion-disruptiva-ifest-countdown-con-el-reto-del-parc-cientific-de-barcelona\\\/#primaryimage\"},\"thumbnailUrl\":\"https:\\\/\\\/www.pcb.ub.edu\\\/wp-content\\\/uploads\\\/2020\\\/12\\\/IFest_PCB.png\",\"articleSection\":[\"PCB\"],\"inLanguage\":\"es\"},{\"@type\":\"WebPage\",\"@id\":\"https:\\\/\\\/www.pcb.ub.edu\\\/es\\\/participa-en-el-programa-de-innovacion-disruptiva-ifest-countdown-con-el-reto-del-parc-cientific-de-barcelona\\\/\",\"url\":\"https:\\\/\\\/www.pcb.ub.edu\\\/es\\\/participa-en-el-programa-de-innovacion-disruptiva-ifest-countdown-con-el-reto-del-parc-cientific-de-barcelona\\\/\",\"name\":\"\u00a1Participa en el programa de innovaci\u00f3n disruptiva iFest Countdown con el reto del Parc Cient\u00edfic de Barcelona! - Parc Cient\u00edfic de Barcelona\",\"isPartOf\":{\"@id\":\"https:\\\/\\\/www.pcb.ub.edu\\\/es\\\/#website\"},\"primaryImageOfPage\":{\"@id\":\"https:\\\/\\\/www.pcb.ub.edu\\\/es\\\/participa-en-el-programa-de-innovacion-disruptiva-ifest-countdown-con-el-reto-del-parc-cientific-de-barcelona\\\/#primaryimage\"},\"image\":{\"@id\":\"https:\\\/\\\/www.pcb.ub.edu\\\/es\\\/participa-en-el-programa-de-innovacion-disruptiva-ifest-countdown-con-el-reto-del-parc-cientific-de-barcelona\\\/#primaryimage\"},\"thumbnailUrl\":\"https:\\\/\\\/www.pcb.ub.edu\\\/wp-content\\\/uploads\\\/2020\\\/12\\\/IFest_PCB.png\",\"datePublished\":\"2020-12-02T16:27:10+00:00\",\"dateModified\":\"2021-07-01T15:03:35+00:00\",\"author\":{\"@id\":\"https:\\\/\\\/www.pcb.ub.edu\\\/es\\\/#\\\/schema\\\/person\\\/b10afd334ced9516cc2d58c87f31aae9\"},\"breadcrumb\":{\"@id\":\"https:\\\/\\\/www.pcb.ub.edu\\\/es\\\/participa-en-el-programa-de-innovacion-disruptiva-ifest-countdown-con-el-reto-del-parc-cientific-de-barcelona\\\/#breadcrumb\"},\"inLanguage\":\"es\",\"potentialAction\":[{\"@type\":\"ReadAction\",\"target\":[\"https:\\\/\\\/www.pcb.ub.edu\\\/es\\\/participa-en-el-programa-de-innovacion-disruptiva-ifest-countdown-con-el-reto-del-parc-cientific-de-barcelona\\\/\"]}]},{\"@type\":\"ImageObject\",\"inLanguage\":\"es\",\"@id\":\"https:\\\/\\\/www.pcb.ub.edu\\\/es\\\/participa-en-el-programa-de-innovacion-disruptiva-ifest-countdown-con-el-reto-del-parc-cientific-de-barcelona\\\/#primaryimage\",\"url\":\"https:\\\/\\\/www.pcb.ub.edu\\\/wp-content\\\/uploads\\\/2020\\\/12\\\/IFest_PCB.png\",\"contentUrl\":\"https:\\\/\\\/www.pcb.ub.edu\\\/wp-content\\\/uploads\\\/2020\\\/12\\\/IFest_PCB.png\",\"width\":900,\"height\":330},{\"@type\":\"BreadcrumbList\",\"@id\":\"https:\\\/\\\/www.pcb.ub.edu\\\/es\\\/participa-en-el-programa-de-innovacion-disruptiva-ifest-countdown-con-el-reto-del-parc-cientific-de-barcelona\\\/#breadcrumb\",\"itemListElement\":[{\"@type\":\"ListItem\",\"position\":1,\"name\":\"Home\",\"item\":\"https:\\\/\\\/www.pcb.ub.edu\\\/es\\\/\"},{\"@type\":\"ListItem\",\"position\":2,\"name\":\"\u00a1Participa en el programa de innovaci\u00f3n disruptiva iFest Countdown con el reto del Parc Cient\u00edfic de Barcelona!\"}]},{\"@type\":\"WebSite\",\"@id\":\"https:\\\/\\\/www.pcb.ub.edu\\\/es\\\/#website\",\"url\":\"https:\\\/\\\/www.pcb.ub.edu\\\/es\\\/\",\"name\":\"Parc Cient\u00edfic de Barcelona\",\"description\":\"Universitat de Barcelona\",\"potentialAction\":[{\"@type\":\"SearchAction\",\"target\":{\"@type\":\"EntryPoint\",\"urlTemplate\":\"https:\\\/\\\/www.pcb.ub.edu\\\/es\\\/?s={search_term_string}\"},\"query-input\":{\"@type\":\"PropertyValueSpecification\",\"valueRequired\":true,\"valueName\":\"search_term_string\"}}],\"inLanguage\":\"es\"},{\"@type\":\"Person\",\"@id\":\"https:\\\/\\\/www.pcb.ub.edu\\\/es\\\/#\\\/schema\\\/person\\\/b10afd334ced9516cc2d58c87f31aae9\",\"name\":\"PCB\",\"image\":{\"@type\":\"ImageObject\",\"inLanguage\":\"es\",\"@id\":\"https:\\\/\\\/secure.gravatar.com\\\/avatar\\\/4cf197ef9a9d2755c82c1c27b53e47de6928d5b0825c3d34a4fa0f83f91ea378?s=96&d=mm&r=g\",\"url\":\"https:\\\/\\\/secure.gravatar.com\\\/avatar\\\/4cf197ef9a9d2755c82c1c27b53e47de6928d5b0825c3d34a4fa0f83f91ea378?s=96&d=mm&r=g\",\"contentUrl\":\"https:\\\/\\\/secure.gravatar.com\\\/avatar\\\/4cf197ef9a9d2755c82c1c27b53e47de6928d5b0825c3d34a4fa0f83f91ea378?s=96&d=mm&r=g\",\"caption\":\"PCB\"},\"url\":\"https:\\\/\\\/www.pcb.ub.edu\\\/es\\\/author\\\/pcb\\\/\"}]}<\/script>\n<!-- \/ Yoast SEO plugin. -->","yoast_head_json":{"title":"\u00a1Participa en el programa de innovaci\u00f3n disruptiva iFest Countdown con el reto del Parc Cient\u00edfic de Barcelona! - Parc Cient\u00edfic de Barcelona","robots":{"index":"index","follow":"follow","max-snippet":"max-snippet:-1","max-image-preview":"max-image-preview:large","max-video-preview":"max-video-preview:-1"},"canonical":"https:\/\/www.pcb.ub.edu\/es\/participa-en-el-programa-de-innovacion-disruptiva-ifest-countdown-con-el-reto-del-parc-cientific-de-barcelona\/","og_locale":"es_ES","og_type":"article","og_title":"\u00a1Participa en el programa de innovaci\u00f3n disruptiva iFest Countdown con el reto del Parc Cient\u00edfic de Barcelona! - Parc Cient\u00edfic de Barcelona","og_description":"iFest, el festival de la disrupci\u00f3n, la ciencia y la tecnolog\u00eda para j\u00f3venes impulsado por Catalunya Empr\u00e8n, inicia la segunda edici\u00f3n del iFest Countdown, un programa de aprendizaje e innovaci\u00f3n...","og_url":"https:\/\/www.pcb.ub.edu\/es\/participa-en-el-programa-de-innovacion-disruptiva-ifest-countdown-con-el-reto-del-parc-cientific-de-barcelona\/","og_site_name":"Parc Cient\u00edfic de Barcelona","article_published_time":"2020-12-02T16:27:10+00:00","article_modified_time":"2021-07-01T15:03:35+00:00","og_image":[{"width":900,"height":330,"url":"https:\/\/www.pcb.ub.edu\/wp-content\/uploads\/2020\/12\/IFest_PCB.png","type":"image\/png"}],"author":"PCB","twitter_card":"summary_large_image","twitter_misc":{"Escrito por":"PCB","Tiempo de lectura":"3 minutos"},"schema":{"@context":"https:\/\/schema.org","@graph":[{"@type":"Article","@id":"https:\/\/www.pcb.ub.edu\/es\/participa-en-el-programa-de-innovacion-disruptiva-ifest-countdown-con-el-reto-del-parc-cientific-de-barcelona\/#article","isPartOf":{"@id":"https:\/\/www.pcb.ub.edu\/es\/participa-en-el-programa-de-innovacion-disruptiva-ifest-countdown-con-el-reto-del-parc-cientific-de-barcelona\/"},"author":{"name":"PCB","@id":"https:\/\/www.pcb.ub.edu\/es\/#\/schema\/person\/b10afd334ced9516cc2d58c87f31aae9"},"headline":"\u00a1Participa en el programa de innovaci\u00f3n disruptiva iFest Countdown con el reto del Parc Cient\u00edfic de Barcelona!","datePublished":"2020-12-02T16:27:10+00:00","dateModified":"2021-07-01T15:03:35+00:00","mainEntityOfPage":{"@id":"https:\/\/www.pcb.ub.edu\/es\/participa-en-el-programa-de-innovacion-disruptiva-ifest-countdown-con-el-reto-del-parc-cientific-de-barcelona\/"},"wordCount":525,"image":{"@id":"https:\/\/www.pcb.ub.edu\/es\/participa-en-el-programa-de-innovacion-disruptiva-ifest-countdown-con-el-reto-del-parc-cientific-de-barcelona\/#primaryimage"},"thumbnailUrl":"https:\/\/www.pcb.ub.edu\/wp-content\/uploads\/2020\/12\/IFest_PCB.png","articleSection":["PCB"],"inLanguage":"es"},{"@type":"WebPage","@id":"https:\/\/www.pcb.ub.edu\/es\/participa-en-el-programa-de-innovacion-disruptiva-ifest-countdown-con-el-reto-del-parc-cientific-de-barcelona\/","url":"https:\/\/www.pcb.ub.edu\/es\/participa-en-el-programa-de-innovacion-disruptiva-ifest-countdown-con-el-reto-del-parc-cientific-de-barcelona\/","name":"\u00a1Participa en el programa de innovaci\u00f3n disruptiva iFest Countdown con el reto del Parc Cient\u00edfic de Barcelona! - Parc Cient\u00edfic de Barcelona","isPartOf":{"@id":"https:\/\/www.pcb.ub.edu\/es\/#website"},"primaryImageOfPage":{"@id":"https:\/\/www.pcb.ub.edu\/es\/participa-en-el-programa-de-innovacion-disruptiva-ifest-countdown-con-el-reto-del-parc-cientific-de-barcelona\/#primaryimage"},"image":{"@id":"https:\/\/www.pcb.ub.edu\/es\/participa-en-el-programa-de-innovacion-disruptiva-ifest-countdown-con-el-reto-del-parc-cientific-de-barcelona\/#primaryimage"},"thumbnailUrl":"https:\/\/www.pcb.ub.edu\/wp-content\/uploads\/2020\/12\/IFest_PCB.png","datePublished":"2020-12-02T16:27:10+00:00","dateModified":"2021-07-01T15:03:35+00:00","author":{"@id":"https:\/\/www.pcb.ub.edu\/es\/#\/schema\/person\/b10afd334ced9516cc2d58c87f31aae9"},"breadcrumb":{"@id":"https:\/\/www.pcb.ub.edu\/es\/participa-en-el-programa-de-innovacion-disruptiva-ifest-countdown-con-el-reto-del-parc-cientific-de-barcelona\/#breadcrumb"},"inLanguage":"es","potentialAction":[{"@type":"ReadAction","target":["https:\/\/www.pcb.ub.edu\/es\/participa-en-el-programa-de-innovacion-disruptiva-ifest-countdown-con-el-reto-del-parc-cientific-de-barcelona\/"]}]},{"@type":"ImageObject","inLanguage":"es","@id":"https:\/\/www.pcb.ub.edu\/es\/participa-en-el-programa-de-innovacion-disruptiva-ifest-countdown-con-el-reto-del-parc-cientific-de-barcelona\/#primaryimage","url":"https:\/\/www.pcb.ub.edu\/wp-content\/uploads\/2020\/12\/IFest_PCB.png","contentUrl":"https:\/\/www.pcb.ub.edu\/wp-content\/uploads\/2020\/12\/IFest_PCB.png","width":900,"height":330},{"@type":"BreadcrumbList","@id":"https:\/\/www.pcb.ub.edu\/es\/participa-en-el-programa-de-innovacion-disruptiva-ifest-countdown-con-el-reto-del-parc-cientific-de-barcelona\/#breadcrumb","itemListElement":[{"@type":"ListItem","position":1,"name":"Home","item":"https:\/\/www.pcb.ub.edu\/es\/"},{"@type":"ListItem","position":2,"name":"\u00a1Participa en el programa de innovaci\u00f3n disruptiva iFest Countdown con el reto del Parc Cient\u00edfic de Barcelona!"}]},{"@type":"WebSite","@id":"https:\/\/www.pcb.ub.edu\/es\/#website","url":"https:\/\/www.pcb.ub.edu\/es\/","name":"Parc Cient\u00edfic de Barcelona","description":"Universitat de Barcelona","potentialAction":[{"@type":"SearchAction","target":{"@type":"EntryPoint","urlTemplate":"https:\/\/www.pcb.ub.edu\/es\/?s={search_term_string}"},"query-input":{"@type":"PropertyValueSpecification","valueRequired":true,"valueName":"search_term_string"}}],"inLanguage":"es"},{"@type":"Person","@id":"https:\/\/www.pcb.ub.edu\/es\/#\/schema\/person\/b10afd334ced9516cc2d58c87f31aae9","name":"PCB","image":{"@type":"ImageObject","inLanguage":"es","@id":"https:\/\/secure.gravatar.com\/avatar\/4cf197ef9a9d2755c82c1c27b53e47de6928d5b0825c3d34a4fa0f83f91ea378?s=96&d=mm&r=g","url":"https:\/\/secure.gravatar.com\/avatar\/4cf197ef9a9d2755c82c1c27b53e47de6928d5b0825c3d34a4fa0f83f91ea378?s=96&d=mm&r=g","contentUrl":"https:\/\/secure.gravatar.com\/avatar\/4cf197ef9a9d2755c82c1c27b53e47de6928d5b0825c3d34a4fa0f83f91ea378?s=96&d=mm&r=g","caption":"PCB"},"url":"https:\/\/www.pcb.ub.edu\/es\/author\/pcb\/"}]}},"_links":{"self":[{"href":"https:\/\/www.pcb.ub.edu\/es\/wp-json\/wp\/v2\/posts\/56680","targetHints":{"allow":["GET"]}}],"collection":[{"href":"https:\/\/www.pcb.ub.edu\/es\/wp-json\/wp\/v2\/posts"}],"about":[{"href":"https:\/\/www.pcb.ub.edu\/es\/wp-json\/wp\/v2\/types\/post"}],"author":[{"embeddable":true,"href":"https:\/\/www.pcb.ub.edu\/es\/wp-json\/wp\/v2\/users\/2"}],"replies":[{"embeddable":true,"href":"https:\/\/www.pcb.ub.edu\/es\/wp-json\/wp\/v2\/comments?post=56680"}],"version-history":[{"count":5,"href":"https:\/\/www.pcb.ub.edu\/es\/wp-json\/wp\/v2\/posts\/56680\/revisions"}],"predecessor-version":[{"id":65076,"href":"https:\/\/www.pcb.ub.edu\/es\/wp-json\/wp\/v2\/posts\/56680\/revisions\/65076"}],"wp:featuredmedia":[{"embeddable":true,"href":"https:\/\/www.pcb.ub.edu\/es\/wp-json\/wp\/v2\/media\/56611"}],"wp:attachment":[{"href":"https:\/\/www.pcb.ub.edu\/es\/wp-json\/wp\/v2\/media?parent=56680"}],"wp:term":[{"taxonomy":"category","embeddable":true,"href":"https:\/\/www.pcb.ub.edu\/es\/wp-json\/wp\/v2\/categories?post=56680"},{"taxonomy":"post_tag","embeddable":true,"href":"https:\/\/www.pcb.ub.edu\/es\/wp-json\/wp\/v2\/tags?post=56680"}],"curies":[{"name":"wp","href":"https:\/\/api.w.org\/{rel}","templated":true}]}}