{"id":56549,"date":"2020-12-01T14:00:01","date_gmt":"2020-12-01T13:00:01","guid":{"rendered":"http:\/\/www.pcb.ub.edu\/connecta-therapeutics-se-instala-en-el-parc-cientific-de-barcelona-y-obtiene-una-ayuda-retos-de-197me-con-el-crg-y-el-imim\/"},"modified":"2025-10-13T15:04:18","modified_gmt":"2025-10-13T13:04:18","slug":"connecta-therapeutics-se-instala-en-el-parc-cientific-de-barcelona-y-obtiene-una-ayuda-retos-de-197me-con-el-crg-y-el-imim","status":"publish","type":"post","link":"https:\/\/www.pcb.ub.edu\/es\/connecta-therapeutics-se-instala-en-el-parc-cientific-de-barcelona-y-obtiene-una-ayuda-retos-de-197me-con-el-crg-y-el-imim\/","title":{"rendered":"Connecta Therapeutics se instala en el PCB y obtiene una ayuda \u201cRetos\u201d de 1,97M\u20ac con el CRG y el IMIM"},"content":{"rendered":"<p><strong>La biotecnol\u00f3gica <a href=\"http:\/\/www.pcb.ub.edu\/es\/empresa\/connecta-therapeutics\/\" target=\"_blank\" rel=\"noopener noreferrer\">Connecta Therapeutics<\/a> \u2013centrada en nuevos tratamientos para necesidades m\u00e9dicas no resueltas del sistema nervioso central\u2013 ha establecido su sede en el Parc Cient\u00edfic de Barcelona. La compa\u00f1\u00eda acaba de recibir \u2013junto con el Centro de Regulaci\u00f3n Gen\u00f3mica (<a href=\"https:\/\/www.crg.eu\/\" target=\"_blank\" rel=\"noopener noreferrer\">CRG<\/a>) y el Instituto Hospital de Mar de Investigaciones M\u00e9dicas (<a href=\"https:\/\/www.imim.es\/es_index.html\" target=\"_blank\" rel=\"noopener noreferrer\">IMIM<\/a>)\u2013\u00a0una ayuda de 1.970.520 de euros de la Agencia Estatal de Innovaci\u00f3n para desarrollar un innovador tratamiento del s\u00edndrome X fr\u00e1gil (SXF), la forma m\u00e1s com\u00fan de discapacidad intelectual hereditaria.<\/strong><\/p>\n<p>La ayuda obtenida por este consorcio\u00a0p\u00fablico-privado\u00a0proviene de la convocatoria <a href=\"https:\/\/www.ciencia.gob.es\/portal\/site\/MICINN\/menuitem.791459a43fdf738d70fd325001432ea0\/?vgnextoid=9214d1072606c610VgnVCM1000001d04140aRCRD&amp;vgnextchannel=b24e067c468a4610VgnVCM1000001d04140aRCRD&amp;vgnextfmt=formato2&amp;id3=7114d1072606c610VgnVCM1000001d04140a____\" target=\"_blank\" rel=\"noopener noreferrer\">\u201cRetos Colaboraci\u00f3n\u201d 2019<\/a> \u00a0del Programa Estatal de Investigaci\u00f3n, Desarrollo e Innovaci\u00f3n, y tiene como objetivo cofinanciar el desarrollo de la mol\u00e9cula <a href=\"https:\/\/connectatherapeutics.com\/rd\/\" target=\"_blank\" rel=\"noopener noreferrer\">CTH120<\/a> de\u00a0Connecta\u00a0para el tratamiento del\u00a0SKF\u00a0hasta llegar al ensayo cl\u00ednico Fase I, previsto para principios de 2022.<\/p>\n<p>El s\u00edndrome X fr\u00e1gil es un trastorno gen\u00e9tico hereditario ligado al cromosoma X que causa discapacidad intelectual y problemas emocionales y sociales, como hiperactividad, ansiedad, comportamientos agresivos o autismo. Los pacientes con\u00a0SXF\u00a0tienen afectada la\u00a0neuroplasticidad, es decir, la propiedad del cerebro para recuperarse y reestructurarse desde el punto de vista molecular y celular. Se diagnostica a edad neonatal o en la infancia, y es una enfermedad rara que no tiene tratamiento, solo terapias espec\u00edficas para paliar los s\u00edntomas.<\/p>\n<div id=\"attachment_56551\" style=\"width: 910px\" class=\"wp-caption alignnone\"><img loading=\"lazy\" decoding=\"async\" aria-describedby=\"caption-attachment-56551\" class=\"wp-image-56551 size-full\" src=\"https:\/\/www.pcb.ub.edu\/wp-content\/uploads\/2020\/12\/Rafael-de-la-Torre-IMIM-Jordi-Fabrega-Connecta-Therapeutics-i-Mara-Dierssen-CRG-2.jpg\" alt=\"Dr. Rafael de la Torre (IMIM), Jordi F\u00e0brega (Connecta Therapeutics) y la Dra. Mara Dierssen (CRG). Foto: Connecta Therapeutics.\" width=\"900\" height=\"330\" srcset=\"https:\/\/www.pcb.ub.edu\/wp-content\/uploads\/2020\/12\/Rafael-de-la-Torre-IMIM-Jordi-Fabrega-Connecta-Therapeutics-i-Mara-Dierssen-CRG-2.jpg 900w, https:\/\/www.pcb.ub.edu\/wp-content\/uploads\/2020\/12\/Rafael-de-la-Torre-IMIM-Jordi-Fabrega-Connecta-Therapeutics-i-Mara-Dierssen-CRG-2-300x110.jpg 300w, https:\/\/www.pcb.ub.edu\/wp-content\/uploads\/2020\/12\/Rafael-de-la-Torre-IMIM-Jordi-Fabrega-Connecta-Therapeutics-i-Mara-Dierssen-CRG-2-768x282.jpg 768w\" sizes=\"auto, (max-width: 900px) 100vw, 900px\" \/><p id=\"caption-attachment-56551\" class=\"wp-caption-text\">Dr. Rafael de la Torre (IMIM), Jordi F\u00e0brega (Connecta Therapeutics) y la Dra. Mara Dierssen (CRG). Foto: Connecta Therapeutics.<\/p><\/div>\n<p>Seg\u00fan el Dr. Josep Prous, co-fundador y CSO de Connecta Therapeutics, \u201cCTH120 es un f\u00e1rmaco first-in-class que permitir\u00e1 abordar la patolog\u00eda desde una estrategia innovadora ya que es capaz de modular la neuroplasticidad dirigi\u00e9ndose al origen fisiopatol\u00f3gico del s\u00edndrome X fr\u00e1gil\u201d.<\/p>\n<p>En una primera fase, el grupo de Neurobiolog\u00eda Celular y de Sistemas integrado en el programa de Biolog\u00eda de Sistemas del CRG y dirigido por la Dra. Mara Dierssen, realizar\u00e1 estudios complementarios de farmacolog\u00eda de la mol\u00e9cula CTH120 de Connecta Therapeutics. La Dra. Dierssen destaca las sinergias establecidas entre Connecta, el CRG y el IMIM: \u201cEste proyecto re\u00fane un equipo multidisciplinar de cient\u00edficos y empresarios con profundo conocimiento y experiencia en la neurofarmacolog\u00eda de la discapacidad intelectual con el objetivo de conseguir un avance cient\u00edfico real para respuesta a los retos que plantea la sociedad\u201d.<\/p>\n<p>Posteriormente, el IMIM \u2013bajo la coordinaci\u00f3n del Dr. Rafael de la Torre, director del Programa de Investigaci\u00f3n en Neurociencias y l\u00edder del grupo de Investigaci\u00f3n de Farmacolog\u00eda Integrativa y Neurociencia de Sistemas\u2013 iniciar\u00e1 el ensayo cl\u00ednico de Fase I el cual est\u00e1 previsto para principios del 2022. \u201cEl SXF es la primera causa de discapacidad intelectual hereditaria. Aunque existen diferentes grados de afectaci\u00f3n, el impacto del diagn\u00f3stico provoca una profunda crisis en la familia\u201d, comenta el Dr. de la Torre.<\/p>\n<h3><strong>Nuevas dianas terap\u00e9uticas para enfermedades del sistema nervioso central<\/strong><\/h3>\n<p><a href=\"https:\/\/connectatherapeutics.com\/\" target=\"_blank\" rel=\"noopener noreferrer\">Connecta Therapeutics<\/a> se fund\u00f3 en 2019 por el <a href=\"https:\/\/prousresearch.com\/\" target=\"_blank\" rel=\"noopener noreferrer\">Prous Institute for Biomedical Research<\/a>, Josep Prous, David Prous y Jordi F\u00e0brega con la misi\u00f3n de desarrollar nuevos tratamientos para necesidades m\u00e9dicas no resueltas del sistema nervioso central.<\/p>\n<p>La\u00a0biotech\u00a0se focaliza inicialmente en el desarrollo cl\u00ednico de una nueva mol\u00e9cula<em>\u00a0first-in-class<\/em>, CTH120, para el tratamiento del s\u00edndrome X fr\u00e1gil. Este compuesto fue descubierto despu\u00e9s de evaluar m\u00e1s de 30 dianas moleculares y celulares, y ha demostrado ser, en estudios<em> in vitr<\/em>o e <em>in vivo<\/em>, un excelente modulador de la\u00a0neuroplasticidad con un gran perfil de extensi\u00f3n a otros trastornos del neurodesarrollo (s\u00edndrome de\u00a0Rett, s\u00edndrome de\u00a0Down\u00a0y trastornos del espectro autista, entre otros).<\/p>\n<p>Connecta cerr\u00f3 a finales de septiembre de 2020 una ronda de inversi\u00f3n de 1,7 millones de euros liderada por la gestora de capital riesgo <a href=\"https:\/\/inveready.com\/\" target=\"_blank\" rel=\"noopener noreferrer\">Inveready<\/a>, y en la cual tambi\u00e9n participaron el Centro para e Desarrollo Tecnol\u00f3gico Industrial\u00a0(<a href=\"https:\/\/www.cdti.es\/index.asp?TR=C&amp;IDR=1687\" target=\"_blank\" rel=\"noopener noreferrer\">CDTI<\/a>),\u00a0a trav\u00e9s de su programa Innvierte, y los cofundadores de la compa\u00f1\u00eda.<\/p>\n<p>\u201cCon la apertura de nuestra sede en el Parc Cient\u00edfic de Barcelona, el proyecto se establece en un ecosistema id\u00f3neo por su progreso, cerca de centros de investigaci\u00f3n, innovaci\u00f3n y startups como nosotros. De hecho, conocemos muy bien el\u00a0Parque, pues nuestra mol\u00e9cula naci\u00f3 aqu\u00ed en las instalaciones de\u00a0Prous\u00a0Institute\u00a0for\u00a0Biomedical\u00a0Research\u201d, explica Jordi\u00a0F\u00e0brega,\u00a0CEO\u00a0de\u00a0Connecta\u00a0Therapeutics.<\/p>\n<p>&nbsp;<\/p>\n","protected":false},"excerpt":{"rendered":"<p>La biotecnol\u00f3gica Connecta Therapeutics \u2013centrada en nuevos tratamientos para necesidades m\u00e9dicas no resueltas del sistema nervioso central\u2013 ha establecido su sede en el Parc Cient\u00edfic de Barcelona. La compa\u00f1\u00eda acaba&#8230;<\/p>\n","protected":false},"author":2,"featured_media":56519,"comment_status":"closed","ping_status":"closed","sticky":false,"template":"","format":"standard","meta":{"_acf_changed":false,"inline_featured_image":false,"footnotes":""},"categories":[345],"tags":[],"class_list":["post-56549","post","type-post","status-publish","format-standard","has-post-thumbnail","category-financiacion"],"acf":[],"yoast_head":"<!-- This site is optimized with the Yoast SEO plugin v27.3 - https:\/\/yoast.com\/product\/yoast-seo-wordpress\/ -->\n<title>Connecta Therapeutics se instala en el PCB y obtiene una ayuda \u201cRetos\u201d de 1,97M\u20ac con el CRG y el IMIM - Parc Cient\u00edfic de Barcelona<\/title>\n<meta name=\"robots\" content=\"index, follow, max-snippet:-1, max-image-preview:large, max-video-preview:-1\" \/>\n<link rel=\"canonical\" href=\"https:\/\/www.pcb.ub.edu\/es\/connecta-therapeutics-se-instala-en-el-parc-cientific-de-barcelona-y-obtiene-una-ayuda-retos-de-197me-con-el-crg-y-el-imim\/\" \/>\n<meta property=\"og:locale\" content=\"es_ES\" \/>\n<meta property=\"og:type\" content=\"article\" \/>\n<meta property=\"og:title\" content=\"Connecta Therapeutics se instala en el PCB y obtiene una ayuda \u201cRetos\u201d de 1,97M\u20ac con el CRG y el IMIM - Parc Cient\u00edfic de Barcelona\" \/>\n<meta property=\"og:description\" content=\"La biotecnol\u00f3gica Connecta Therapeutics \u2013centrada en nuevos tratamientos para necesidades m\u00e9dicas no resueltas del sistema nervioso central\u2013 ha establecido su sede en el Parc Cient\u00edfic de Barcelona. La compa\u00f1\u00eda acaba...\" \/>\n<meta property=\"og:url\" content=\"https:\/\/www.pcb.ub.edu\/es\/connecta-therapeutics-se-instala-en-el-parc-cientific-de-barcelona-y-obtiene-una-ayuda-retos-de-197me-con-el-crg-y-el-imim\/\" \/>\n<meta property=\"og:site_name\" content=\"Parc Cient\u00edfic de Barcelona\" \/>\n<meta property=\"article:published_time\" content=\"2020-12-01T13:00:01+00:00\" \/>\n<meta property=\"article:modified_time\" content=\"2025-10-13T13:04:18+00:00\" \/>\n<meta property=\"og:image\" content=\"https:\/\/www.pcb.ub.edu\/wp-content\/uploads\/2020\/12\/ConnectaTherapeutics-3.jpg\" \/>\n\t<meta property=\"og:image:width\" content=\"900\" \/>\n\t<meta property=\"og:image:height\" content=\"330\" \/>\n\t<meta property=\"og:image:type\" content=\"image\/jpeg\" \/>\n<meta name=\"author\" content=\"PCB\" \/>\n<meta name=\"twitter:card\" content=\"summary_large_image\" \/>\n<meta name=\"twitter:label1\" content=\"Escrito por\" \/>\n\t<meta name=\"twitter:data1\" content=\"PCB\" \/>\n\t<meta name=\"twitter:label2\" content=\"Tiempo de lectura\" \/>\n\t<meta name=\"twitter:data2\" content=\"4 minutos\" \/>\n<script type=\"application\/ld+json\" class=\"yoast-schema-graph\">{\"@context\":\"https:\\\/\\\/schema.org\",\"@graph\":[{\"@type\":\"Article\",\"@id\":\"https:\\\/\\\/www.pcb.ub.edu\\\/es\\\/connecta-therapeutics-se-instala-en-el-parc-cientific-de-barcelona-y-obtiene-una-ayuda-retos-de-197me-con-el-crg-y-el-imim\\\/#article\",\"isPartOf\":{\"@id\":\"https:\\\/\\\/www.pcb.ub.edu\\\/es\\\/connecta-therapeutics-se-instala-en-el-parc-cientific-de-barcelona-y-obtiene-una-ayuda-retos-de-197me-con-el-crg-y-el-imim\\\/\"},\"author\":{\"name\":\"PCB\",\"@id\":\"https:\\\/\\\/www.pcb.ub.edu\\\/es\\\/#\\\/schema\\\/person\\\/b10afd334ced9516cc2d58c87f31aae9\"},\"headline\":\"Connecta Therapeutics se instala en el PCB y obtiene una ayuda \u201cRetos\u201d de 1,97M\u20ac con el CRG y el IMIM\",\"datePublished\":\"2020-12-01T13:00:01+00:00\",\"dateModified\":\"2025-10-13T13:04:18+00:00\",\"mainEntityOfPage\":{\"@id\":\"https:\\\/\\\/www.pcb.ub.edu\\\/es\\\/connecta-therapeutics-se-instala-en-el-parc-cientific-de-barcelona-y-obtiene-una-ayuda-retos-de-197me-con-el-crg-y-el-imim\\\/\"},\"wordCount\":772,\"image\":{\"@id\":\"https:\\\/\\\/www.pcb.ub.edu\\\/es\\\/connecta-therapeutics-se-instala-en-el-parc-cientific-de-barcelona-y-obtiene-una-ayuda-retos-de-197me-con-el-crg-y-el-imim\\\/#primaryimage\"},\"thumbnailUrl\":\"https:\\\/\\\/www.pcb.ub.edu\\\/wp-content\\\/uploads\\\/2020\\\/12\\\/ConnectaTherapeutics-3.jpg\",\"articleSection\":[\"FINANCIACION\"],\"inLanguage\":\"es\"},{\"@type\":\"WebPage\",\"@id\":\"https:\\\/\\\/www.pcb.ub.edu\\\/es\\\/connecta-therapeutics-se-instala-en-el-parc-cientific-de-barcelona-y-obtiene-una-ayuda-retos-de-197me-con-el-crg-y-el-imim\\\/\",\"url\":\"https:\\\/\\\/www.pcb.ub.edu\\\/es\\\/connecta-therapeutics-se-instala-en-el-parc-cientific-de-barcelona-y-obtiene-una-ayuda-retos-de-197me-con-el-crg-y-el-imim\\\/\",\"name\":\"Connecta Therapeutics se instala en el PCB y obtiene una ayuda \u201cRetos\u201d de 1,97M\u20ac con el CRG y el IMIM - Parc Cient\u00edfic de Barcelona\",\"isPartOf\":{\"@id\":\"https:\\\/\\\/www.pcb.ub.edu\\\/es\\\/#website\"},\"primaryImageOfPage\":{\"@id\":\"https:\\\/\\\/www.pcb.ub.edu\\\/es\\\/connecta-therapeutics-se-instala-en-el-parc-cientific-de-barcelona-y-obtiene-una-ayuda-retos-de-197me-con-el-crg-y-el-imim\\\/#primaryimage\"},\"image\":{\"@id\":\"https:\\\/\\\/www.pcb.ub.edu\\\/es\\\/connecta-therapeutics-se-instala-en-el-parc-cientific-de-barcelona-y-obtiene-una-ayuda-retos-de-197me-con-el-crg-y-el-imim\\\/#primaryimage\"},\"thumbnailUrl\":\"https:\\\/\\\/www.pcb.ub.edu\\\/wp-content\\\/uploads\\\/2020\\\/12\\\/ConnectaTherapeutics-3.jpg\",\"datePublished\":\"2020-12-01T13:00:01+00:00\",\"dateModified\":\"2025-10-13T13:04:18+00:00\",\"author\":{\"@id\":\"https:\\\/\\\/www.pcb.ub.edu\\\/es\\\/#\\\/schema\\\/person\\\/b10afd334ced9516cc2d58c87f31aae9\"},\"breadcrumb\":{\"@id\":\"https:\\\/\\\/www.pcb.ub.edu\\\/es\\\/connecta-therapeutics-se-instala-en-el-parc-cientific-de-barcelona-y-obtiene-una-ayuda-retos-de-197me-con-el-crg-y-el-imim\\\/#breadcrumb\"},\"inLanguage\":\"es\",\"potentialAction\":[{\"@type\":\"ReadAction\",\"target\":[\"https:\\\/\\\/www.pcb.ub.edu\\\/es\\\/connecta-therapeutics-se-instala-en-el-parc-cientific-de-barcelona-y-obtiene-una-ayuda-retos-de-197me-con-el-crg-y-el-imim\\\/\"]}]},{\"@type\":\"ImageObject\",\"inLanguage\":\"es\",\"@id\":\"https:\\\/\\\/www.pcb.ub.edu\\\/es\\\/connecta-therapeutics-se-instala-en-el-parc-cientific-de-barcelona-y-obtiene-una-ayuda-retos-de-197me-con-el-crg-y-el-imim\\\/#primaryimage\",\"url\":\"https:\\\/\\\/www.pcb.ub.edu\\\/wp-content\\\/uploads\\\/2020\\\/12\\\/ConnectaTherapeutics-3.jpg\",\"contentUrl\":\"https:\\\/\\\/www.pcb.ub.edu\\\/wp-content\\\/uploads\\\/2020\\\/12\\\/ConnectaTherapeutics-3.jpg\",\"width\":900,\"height\":330},{\"@type\":\"BreadcrumbList\",\"@id\":\"https:\\\/\\\/www.pcb.ub.edu\\\/es\\\/connecta-therapeutics-se-instala-en-el-parc-cientific-de-barcelona-y-obtiene-una-ayuda-retos-de-197me-con-el-crg-y-el-imim\\\/#breadcrumb\",\"itemListElement\":[{\"@type\":\"ListItem\",\"position\":1,\"name\":\"Home\",\"item\":\"https:\\\/\\\/www.pcb.ub.edu\\\/es\\\/\"},{\"@type\":\"ListItem\",\"position\":2,\"name\":\"Connecta Therapeutics se instala en el PCB y obtiene una ayuda \u201cRetos\u201d de 1,97M\u20ac con el CRG y el IMIM\"}]},{\"@type\":\"WebSite\",\"@id\":\"https:\\\/\\\/www.pcb.ub.edu\\\/es\\\/#website\",\"url\":\"https:\\\/\\\/www.pcb.ub.edu\\\/es\\\/\",\"name\":\"Parc Cient\u00edfic de Barcelona\",\"description\":\"Universitat de Barcelona\",\"potentialAction\":[{\"@type\":\"SearchAction\",\"target\":{\"@type\":\"EntryPoint\",\"urlTemplate\":\"https:\\\/\\\/www.pcb.ub.edu\\\/es\\\/?s={search_term_string}\"},\"query-input\":{\"@type\":\"PropertyValueSpecification\",\"valueRequired\":true,\"valueName\":\"search_term_string\"}}],\"inLanguage\":\"es\"},{\"@type\":\"Person\",\"@id\":\"https:\\\/\\\/www.pcb.ub.edu\\\/es\\\/#\\\/schema\\\/person\\\/b10afd334ced9516cc2d58c87f31aae9\",\"name\":\"PCB\",\"image\":{\"@type\":\"ImageObject\",\"inLanguage\":\"es\",\"@id\":\"https:\\\/\\\/secure.gravatar.com\\\/avatar\\\/4cf197ef9a9d2755c82c1c27b53e47de6928d5b0825c3d34a4fa0f83f91ea378?s=96&d=mm&r=g\",\"url\":\"https:\\\/\\\/secure.gravatar.com\\\/avatar\\\/4cf197ef9a9d2755c82c1c27b53e47de6928d5b0825c3d34a4fa0f83f91ea378?s=96&d=mm&r=g\",\"contentUrl\":\"https:\\\/\\\/secure.gravatar.com\\\/avatar\\\/4cf197ef9a9d2755c82c1c27b53e47de6928d5b0825c3d34a4fa0f83f91ea378?s=96&d=mm&r=g\",\"caption\":\"PCB\"},\"url\":\"https:\\\/\\\/www.pcb.ub.edu\\\/es\\\/author\\\/pcb\\\/\"}]}<\/script>\n<!-- \/ Yoast SEO plugin. -->","yoast_head_json":{"title":"Connecta Therapeutics se instala en el PCB y obtiene una ayuda \u201cRetos\u201d de 1,97M\u20ac con el CRG y el IMIM - Parc Cient\u00edfic de Barcelona","robots":{"index":"index","follow":"follow","max-snippet":"max-snippet:-1","max-image-preview":"max-image-preview:large","max-video-preview":"max-video-preview:-1"},"canonical":"https:\/\/www.pcb.ub.edu\/es\/connecta-therapeutics-se-instala-en-el-parc-cientific-de-barcelona-y-obtiene-una-ayuda-retos-de-197me-con-el-crg-y-el-imim\/","og_locale":"es_ES","og_type":"article","og_title":"Connecta Therapeutics se instala en el PCB y obtiene una ayuda \u201cRetos\u201d de 1,97M\u20ac con el CRG y el IMIM - Parc Cient\u00edfic de Barcelona","og_description":"La biotecnol\u00f3gica Connecta Therapeutics \u2013centrada en nuevos tratamientos para necesidades m\u00e9dicas no resueltas del sistema nervioso central\u2013 ha establecido su sede en el Parc Cient\u00edfic de Barcelona. La compa\u00f1\u00eda acaba...","og_url":"https:\/\/www.pcb.ub.edu\/es\/connecta-therapeutics-se-instala-en-el-parc-cientific-de-barcelona-y-obtiene-una-ayuda-retos-de-197me-con-el-crg-y-el-imim\/","og_site_name":"Parc Cient\u00edfic de Barcelona","article_published_time":"2020-12-01T13:00:01+00:00","article_modified_time":"2025-10-13T13:04:18+00:00","og_image":[{"width":900,"height":330,"url":"https:\/\/www.pcb.ub.edu\/wp-content\/uploads\/2020\/12\/ConnectaTherapeutics-3.jpg","type":"image\/jpeg"}],"author":"PCB","twitter_card":"summary_large_image","twitter_misc":{"Escrito por":"PCB","Tiempo de lectura":"4 minutos"},"schema":{"@context":"https:\/\/schema.org","@graph":[{"@type":"Article","@id":"https:\/\/www.pcb.ub.edu\/es\/connecta-therapeutics-se-instala-en-el-parc-cientific-de-barcelona-y-obtiene-una-ayuda-retos-de-197me-con-el-crg-y-el-imim\/#article","isPartOf":{"@id":"https:\/\/www.pcb.ub.edu\/es\/connecta-therapeutics-se-instala-en-el-parc-cientific-de-barcelona-y-obtiene-una-ayuda-retos-de-197me-con-el-crg-y-el-imim\/"},"author":{"name":"PCB","@id":"https:\/\/www.pcb.ub.edu\/es\/#\/schema\/person\/b10afd334ced9516cc2d58c87f31aae9"},"headline":"Connecta Therapeutics se instala en el PCB y obtiene una ayuda \u201cRetos\u201d de 1,97M\u20ac con el CRG y el IMIM","datePublished":"2020-12-01T13:00:01+00:00","dateModified":"2025-10-13T13:04:18+00:00","mainEntityOfPage":{"@id":"https:\/\/www.pcb.ub.edu\/es\/connecta-therapeutics-se-instala-en-el-parc-cientific-de-barcelona-y-obtiene-una-ayuda-retos-de-197me-con-el-crg-y-el-imim\/"},"wordCount":772,"image":{"@id":"https:\/\/www.pcb.ub.edu\/es\/connecta-therapeutics-se-instala-en-el-parc-cientific-de-barcelona-y-obtiene-una-ayuda-retos-de-197me-con-el-crg-y-el-imim\/#primaryimage"},"thumbnailUrl":"https:\/\/www.pcb.ub.edu\/wp-content\/uploads\/2020\/12\/ConnectaTherapeutics-3.jpg","articleSection":["FINANCIACION"],"inLanguage":"es"},{"@type":"WebPage","@id":"https:\/\/www.pcb.ub.edu\/es\/connecta-therapeutics-se-instala-en-el-parc-cientific-de-barcelona-y-obtiene-una-ayuda-retos-de-197me-con-el-crg-y-el-imim\/","url":"https:\/\/www.pcb.ub.edu\/es\/connecta-therapeutics-se-instala-en-el-parc-cientific-de-barcelona-y-obtiene-una-ayuda-retos-de-197me-con-el-crg-y-el-imim\/","name":"Connecta Therapeutics se instala en el PCB y obtiene una ayuda \u201cRetos\u201d de 1,97M\u20ac con el CRG y el IMIM - Parc Cient\u00edfic de Barcelona","isPartOf":{"@id":"https:\/\/www.pcb.ub.edu\/es\/#website"},"primaryImageOfPage":{"@id":"https:\/\/www.pcb.ub.edu\/es\/connecta-therapeutics-se-instala-en-el-parc-cientific-de-barcelona-y-obtiene-una-ayuda-retos-de-197me-con-el-crg-y-el-imim\/#primaryimage"},"image":{"@id":"https:\/\/www.pcb.ub.edu\/es\/connecta-therapeutics-se-instala-en-el-parc-cientific-de-barcelona-y-obtiene-una-ayuda-retos-de-197me-con-el-crg-y-el-imim\/#primaryimage"},"thumbnailUrl":"https:\/\/www.pcb.ub.edu\/wp-content\/uploads\/2020\/12\/ConnectaTherapeutics-3.jpg","datePublished":"2020-12-01T13:00:01+00:00","dateModified":"2025-10-13T13:04:18+00:00","author":{"@id":"https:\/\/www.pcb.ub.edu\/es\/#\/schema\/person\/b10afd334ced9516cc2d58c87f31aae9"},"breadcrumb":{"@id":"https:\/\/www.pcb.ub.edu\/es\/connecta-therapeutics-se-instala-en-el-parc-cientific-de-barcelona-y-obtiene-una-ayuda-retos-de-197me-con-el-crg-y-el-imim\/#breadcrumb"},"inLanguage":"es","potentialAction":[{"@type":"ReadAction","target":["https:\/\/www.pcb.ub.edu\/es\/connecta-therapeutics-se-instala-en-el-parc-cientific-de-barcelona-y-obtiene-una-ayuda-retos-de-197me-con-el-crg-y-el-imim\/"]}]},{"@type":"ImageObject","inLanguage":"es","@id":"https:\/\/www.pcb.ub.edu\/es\/connecta-therapeutics-se-instala-en-el-parc-cientific-de-barcelona-y-obtiene-una-ayuda-retos-de-197me-con-el-crg-y-el-imim\/#primaryimage","url":"https:\/\/www.pcb.ub.edu\/wp-content\/uploads\/2020\/12\/ConnectaTherapeutics-3.jpg","contentUrl":"https:\/\/www.pcb.ub.edu\/wp-content\/uploads\/2020\/12\/ConnectaTherapeutics-3.jpg","width":900,"height":330},{"@type":"BreadcrumbList","@id":"https:\/\/www.pcb.ub.edu\/es\/connecta-therapeutics-se-instala-en-el-parc-cientific-de-barcelona-y-obtiene-una-ayuda-retos-de-197me-con-el-crg-y-el-imim\/#breadcrumb","itemListElement":[{"@type":"ListItem","position":1,"name":"Home","item":"https:\/\/www.pcb.ub.edu\/es\/"},{"@type":"ListItem","position":2,"name":"Connecta Therapeutics se instala en el PCB y obtiene una ayuda \u201cRetos\u201d de 1,97M\u20ac con el CRG y el IMIM"}]},{"@type":"WebSite","@id":"https:\/\/www.pcb.ub.edu\/es\/#website","url":"https:\/\/www.pcb.ub.edu\/es\/","name":"Parc Cient\u00edfic de Barcelona","description":"Universitat de Barcelona","potentialAction":[{"@type":"SearchAction","target":{"@type":"EntryPoint","urlTemplate":"https:\/\/www.pcb.ub.edu\/es\/?s={search_term_string}"},"query-input":{"@type":"PropertyValueSpecification","valueRequired":true,"valueName":"search_term_string"}}],"inLanguage":"es"},{"@type":"Person","@id":"https:\/\/www.pcb.ub.edu\/es\/#\/schema\/person\/b10afd334ced9516cc2d58c87f31aae9","name":"PCB","image":{"@type":"ImageObject","inLanguage":"es","@id":"https:\/\/secure.gravatar.com\/avatar\/4cf197ef9a9d2755c82c1c27b53e47de6928d5b0825c3d34a4fa0f83f91ea378?s=96&d=mm&r=g","url":"https:\/\/secure.gravatar.com\/avatar\/4cf197ef9a9d2755c82c1c27b53e47de6928d5b0825c3d34a4fa0f83f91ea378?s=96&d=mm&r=g","contentUrl":"https:\/\/secure.gravatar.com\/avatar\/4cf197ef9a9d2755c82c1c27b53e47de6928d5b0825c3d34a4fa0f83f91ea378?s=96&d=mm&r=g","caption":"PCB"},"url":"https:\/\/www.pcb.ub.edu\/es\/author\/pcb\/"}]}},"_links":{"self":[{"href":"https:\/\/www.pcb.ub.edu\/es\/wp-json\/wp\/v2\/posts\/56549","targetHints":{"allow":["GET"]}}],"collection":[{"href":"https:\/\/www.pcb.ub.edu\/es\/wp-json\/wp\/v2\/posts"}],"about":[{"href":"https:\/\/www.pcb.ub.edu\/es\/wp-json\/wp\/v2\/types\/post"}],"author":[{"embeddable":true,"href":"https:\/\/www.pcb.ub.edu\/es\/wp-json\/wp\/v2\/users\/2"}],"replies":[{"embeddable":true,"href":"https:\/\/www.pcb.ub.edu\/es\/wp-json\/wp\/v2\/comments?post=56549"}],"version-history":[{"count":10,"href":"https:\/\/www.pcb.ub.edu\/es\/wp-json\/wp\/v2\/posts\/56549\/revisions"}],"predecessor-version":[{"id":93121,"href":"https:\/\/www.pcb.ub.edu\/es\/wp-json\/wp\/v2\/posts\/56549\/revisions\/93121"}],"wp:featuredmedia":[{"embeddable":true,"href":"https:\/\/www.pcb.ub.edu\/es\/wp-json\/wp\/v2\/media\/56519"}],"wp:attachment":[{"href":"https:\/\/www.pcb.ub.edu\/es\/wp-json\/wp\/v2\/media?parent=56549"}],"wp:term":[{"taxonomy":"category","embeddable":true,"href":"https:\/\/www.pcb.ub.edu\/es\/wp-json\/wp\/v2\/categories?post=56549"},{"taxonomy":"post_tag","embeddable":true,"href":"https:\/\/www.pcb.ub.edu\/es\/wp-json\/wp\/v2\/tags?post=56549"}],"curies":[{"name":"wp","href":"https:\/\/api.w.org\/{rel}","templated":true}]}}