{"id":39312,"date":"2018-05-23T00:00:00","date_gmt":"2018-05-22T23:00:00","guid":{"rendered":"http:\/\/www.pcb.ub.edu\/\/el-doctor-marti-manyalich-galardonado-con-el-premio-josep-trueta\/"},"modified":"2020-11-16T16:23:26","modified_gmt":"2020-11-16T15:23:26","slug":"el-doctor-marti-manyalich-galardonado-con-el-premio-josep-trueta","status":"publish","type":"post","link":"https:\/\/www.pcb.ub.edu\/es\/el-doctor-marti-manyalich-galardonado-con-el-premio-josep-trueta\/","title":{"rendered":"El doctor Mart\u00ed Manyalich galardonado con el premio Josep Trueta"},"content":{"rendered":"<p>El Dr. Mart\u00ed Manyalich lleva m\u00e1s de 30 a\u00f1os trabajando en el campo de la donaci\u00f3n y trasplante de \u00f3rganos, tejidos y c\u00e9lulas. Desde 2008 es el presidente de la Fundaci\u00f3n DTI, que este a\u00f1o celebra su <a href=\"http:\/\/www.pcb.ub.edu\/portal\/es\/noticies\/-\/noticia\/not_la-fundacio-dti-celebra-el-seu-10e-aniversari-al-parc-cientific-de-barcelona?backURL=%2Fportal%2Fes%2Fel-pcb%23sala-premsa\" target=\"_blank\" rel=\"noopener noreferrer\">d\u00e9cimo aniversario<\/a>, i director del programa TPM, dedicado a la formaci\u00f3n de profesionales de la salud en donaci\u00f3n y trasplante\u00a0de todo el mundo desde hace m\u00e1s de <a href=\"http:\/\/www.pcb.ub.edu\/portal\/es\/noticies\/-\/noticia\/not_tpm-vint-i-cinc-anys-potenciant-la-donacio-d-organs-per-salvar-mes-vides-arreu-del-mon?inheritRedirect=false&amp;redirect=%2Fportal%2Fca%2Fcerca%3F_cercador_WAR_empleatsempresesportlet_keywords%3DTPM%26_cercador_WAR_empleatsempresesportlet_data-inici%3D%26_cercador_WAR_empleatsempresesportlet_data-fi%3D%26p_p_id%3Dcercador_WAR_empleatsempresesportlet%26p_p_lifecycle%3D0%26p_p_mode%3Dview%26_cercador_WAR_empleatsempresesportlet_tab%3D3&amp;backURL=%2Fportal%2Fca%2Fcerca%3F_cercador_WAR_empleatsempresesportlet_keywords%3DTPM%26_cercador_WAR_empleatsempresesportlet_data-inici%3D%26_cercador_WAR_empleatsempresesportlet_data-fi%3D%26p_p_id%3Dcercador_WAR_empleatsempresesportlet%26p_p_lifecycle%3D0%26p_p_mode%3Dview%26_cercador_WAR_empleatsempresesportlet_tab%3D3\" target=\"_blank\" rel=\"noopener noreferrer\">25 a\u00f1os<\/a>. Tambi\u00e9n es asesor de trasplantes en el Hospital Cl\u00ednic\u00a0de Barcelona y profesor del Departamento de Cirug\u00eda y Especialidades M\u00e9dico-Quir\u00fargicas de la Universidad de Barcelona. Su experiencia en el campo de la donaci\u00f3ny trasplante de \u00f3rganos es globalmente reconocida; es\u00a0autor de varias publicaciones cient\u00edficas i miembro de\u00a0las organizaciones internacionales m\u00e1s relevantes en este campo.<\/p>\n<p>La Academia es la comunidad cient\u00edfica de profesionales de la salud m\u00e1s grande y una de las m\u00e1s antiguas de Catalu\u00f1a. Su objetivo es fomentar la formaci\u00f3n continuada en las ciencias de la salud y trabajar en colaboraci\u00f3n con otras instituciones de todo el mundo relacionadas con este campo. Fundada en 1872, es un lugar de reuni\u00f3n de los profesionales de la salud de Catalu\u00f1a, Baleares, Valencia y Andorra.<\/p>\n<p>En 1987 la Academia instaur\u00f3 el <a href=\"https:\/\/www.academia.cat\/Portal\/academia\/Premis-Academia\/premi_josep_trueta\/_ri3CF9XGr9wELV4qvpBn2g\" target=\"_blank\" rel=\"noopener noreferrer\">premio Josep Trueta<\/a> con el objetivo de premiar la trayectoria cient\u00edfica de una persona o de un equipo de investigaci\u00f3n en el \u00e1mbito de las ciencias de la salud. El galardonado debe haber publicado en los \u00faltimos cinco a\u00f1os una o m\u00e1s publicaciones cient\u00edficas en todo el mundo, al menos una de las cuales durante el a\u00f1o de la convocatoria, llevada a cabo en Catalu\u00f1a, Baleares, Valencia o Andorra.<\/p>\n","protected":false},"excerpt":{"rendered":"<p>La Fundaci\u00f3n <a href=\"https:\/\/www.academia.cat\/Portal\/Home-Portal\/_Ui3xWfct5yGqGHZfrjVoaqWynnHGWf89\" target=\"_blank\" rel=\"noopener noreferrer\">Academia de Ciencias M\u00e9dicas y de la Salud de Catalu\u00f1a y de Baleares<\/a> ha reconocido al doctor Mart\u00ed Manyalich &#8211; presidente de la <a href=\"http:\/\/www.pcb.ub.edu\/portal\/es\/empresa?p_p_id=detallempresa_WAR_empleatsempresesportlet&amp;p_p_state=MAXIMIZED&amp;_detallempresa_WAR_empleatsempresesportlet_empresaId=ENT_004409&amp;_detallempresa_WAR_empleatsempresesportlet_redirect=%2Fportal%2Fca%2Fentitats\" target=\"_blank\" rel=\"noopener noreferrer\">Fundaci\u00f3n DTI<\/a> (Donation &amp; Transplantation Institute) ubicada en el Parc Cient\u00edfic de Barcelona &#8211; con el premio Josep Trueta de investigaci\u00f3n cient\u00edfica. El acto de entrega del galard\u00f3n se celebr\u00f3 ayer, 22 de mayo, en el auditorio de la instituci\u00f3n.<\/p>\n<p>\u00a0<\/p>\n","protected":false},"author":1,"featured_media":0,"comment_status":"closed","ping_status":"open","sticky":false,"template":"","format":"standard","meta":{"_acf_changed":false,"inline_featured_image":false,"footnotes":""},"categories":[9],"tags":[],"class_list":["post-39312","post","type-post","status-publish","format-standard","category-sin-categorizar"],"acf":[],"yoast_head":"<!-- This site is optimized with the Yoast SEO plugin v27.3 - https:\/\/yoast.com\/product\/yoast-seo-wordpress\/ -->\n<title>El doctor Mart\u00ed Manyalich galardonado con el premio Josep Trueta - Parc Cient\u00edfic de Barcelona<\/title>\n<meta name=\"robots\" content=\"index, follow, max-snippet:-1, max-image-preview:large, max-video-preview:-1\" \/>\n<link rel=\"canonical\" href=\"https:\/\/www.pcb.ub.edu\/es\/el-doctor-marti-manyalich-galardonado-con-el-premio-josep-trueta\/\" \/>\n<meta property=\"og:locale\" content=\"es_ES\" \/>\n<meta property=\"og:type\" content=\"article\" \/>\n<meta property=\"og:title\" content=\"El doctor Mart\u00ed Manyalich galardonado con el premio Josep Trueta - Parc Cient\u00edfic de Barcelona\" \/>\n<meta property=\"og:description\" content=\"La Fundaci\u00f3n Academia de Ciencias M\u00e9dicas y de la Salud de Catalu\u00f1a y de Baleares ha reconocido al doctor Mart\u00ed Manyalich - presidente de la Fundaci\u00f3n DTI (Donation &amp; Transplantation Institute) ubicada en el Parc Cient\u00edfic de Barcelona - con el premio Josep Trueta de investigaci\u00f3n cient\u00edfica. El acto de entrega del galard\u00f3n se celebr\u00f3 ayer, 22 de mayo, en el auditorio de la instituci\u00f3n. \u00a0\" \/>\n<meta property=\"og:url\" content=\"https:\/\/www.pcb.ub.edu\/es\/el-doctor-marti-manyalich-galardonado-con-el-premio-josep-trueta\/\" \/>\n<meta property=\"og:site_name\" content=\"Parc Cient\u00edfic de Barcelona\" \/>\n<meta property=\"article:published_time\" content=\"2018-05-22T23:00:00+00:00\" \/>\n<meta property=\"article:modified_time\" content=\"2020-11-16T15:23:26+00:00\" \/>\n<meta name=\"author\" content=\"adminpcb\" \/>\n<meta name=\"twitter:card\" content=\"summary_large_image\" \/>\n<meta name=\"twitter:label1\" content=\"Escrito por\" \/>\n\t<meta name=\"twitter:data1\" content=\"adminpcb\" \/>\n\t<meta name=\"twitter:label2\" content=\"Tiempo de lectura\" \/>\n\t<meta name=\"twitter:data2\" content=\"1 minuto\" \/>\n<script type=\"application\/ld+json\" class=\"yoast-schema-graph\">{\"@context\":\"https:\\\/\\\/schema.org\",\"@graph\":[{\"@type\":\"Article\",\"@id\":\"https:\\\/\\\/www.pcb.ub.edu\\\/es\\\/el-doctor-marti-manyalich-galardonado-con-el-premio-josep-trueta\\\/#article\",\"isPartOf\":{\"@id\":\"https:\\\/\\\/www.pcb.ub.edu\\\/es\\\/el-doctor-marti-manyalich-galardonado-con-el-premio-josep-trueta\\\/\"},\"author\":{\"name\":\"adminpcb\",\"@id\":\"https:\\\/\\\/www.pcb.ub.edu\\\/es\\\/#\\\/schema\\\/person\\\/d13cab05cd0a75b17fddca8496481021\"},\"headline\":\"El doctor Mart\u00ed Manyalich galardonado con el premio Josep Trueta\",\"datePublished\":\"2018-05-22T23:00:00+00:00\",\"dateModified\":\"2020-11-16T15:23:26+00:00\",\"mainEntityOfPage\":{\"@id\":\"https:\\\/\\\/www.pcb.ub.edu\\\/es\\\/el-doctor-marti-manyalich-galardonado-con-el-premio-josep-trueta\\\/\"},\"wordCount\":306,\"articleSection\":[\"Sin categorizar\"],\"inLanguage\":\"es\"},{\"@type\":\"WebPage\",\"@id\":\"https:\\\/\\\/www.pcb.ub.edu\\\/es\\\/el-doctor-marti-manyalich-galardonado-con-el-premio-josep-trueta\\\/\",\"url\":\"https:\\\/\\\/www.pcb.ub.edu\\\/es\\\/el-doctor-marti-manyalich-galardonado-con-el-premio-josep-trueta\\\/\",\"name\":\"El doctor Mart\u00ed Manyalich galardonado con el premio Josep Trueta - Parc Cient\u00edfic de Barcelona\",\"isPartOf\":{\"@id\":\"https:\\\/\\\/www.pcb.ub.edu\\\/es\\\/#website\"},\"datePublished\":\"2018-05-22T23:00:00+00:00\",\"dateModified\":\"2020-11-16T15:23:26+00:00\",\"author\":{\"@id\":\"https:\\\/\\\/www.pcb.ub.edu\\\/es\\\/#\\\/schema\\\/person\\\/d13cab05cd0a75b17fddca8496481021\"},\"breadcrumb\":{\"@id\":\"https:\\\/\\\/www.pcb.ub.edu\\\/es\\\/el-doctor-marti-manyalich-galardonado-con-el-premio-josep-trueta\\\/#breadcrumb\"},\"inLanguage\":\"es\",\"potentialAction\":[{\"@type\":\"ReadAction\",\"target\":[\"https:\\\/\\\/www.pcb.ub.edu\\\/es\\\/el-doctor-marti-manyalich-galardonado-con-el-premio-josep-trueta\\\/\"]}]},{\"@type\":\"BreadcrumbList\",\"@id\":\"https:\\\/\\\/www.pcb.ub.edu\\\/es\\\/el-doctor-marti-manyalich-galardonado-con-el-premio-josep-trueta\\\/#breadcrumb\",\"itemListElement\":[{\"@type\":\"ListItem\",\"position\":1,\"name\":\"Home\",\"item\":\"https:\\\/\\\/www.pcb.ub.edu\\\/es\\\/\"},{\"@type\":\"ListItem\",\"position\":2,\"name\":\"El doctor Mart\u00ed Manyalich galardonado con el premio Josep Trueta\"}]},{\"@type\":\"WebSite\",\"@id\":\"https:\\\/\\\/www.pcb.ub.edu\\\/es\\\/#website\",\"url\":\"https:\\\/\\\/www.pcb.ub.edu\\\/es\\\/\",\"name\":\"Parc Cient\u00edfic de Barcelona\",\"description\":\"Universitat de Barcelona\",\"potentialAction\":[{\"@type\":\"SearchAction\",\"target\":{\"@type\":\"EntryPoint\",\"urlTemplate\":\"https:\\\/\\\/www.pcb.ub.edu\\\/es\\\/?s={search_term_string}\"},\"query-input\":{\"@type\":\"PropertyValueSpecification\",\"valueRequired\":true,\"valueName\":\"search_term_string\"}}],\"inLanguage\":\"es\"},{\"@type\":\"Person\",\"@id\":\"https:\\\/\\\/www.pcb.ub.edu\\\/es\\\/#\\\/schema\\\/person\\\/d13cab05cd0a75b17fddca8496481021\",\"name\":\"adminpcb\",\"image\":{\"@type\":\"ImageObject\",\"inLanguage\":\"es\",\"@id\":\"https:\\\/\\\/secure.gravatar.com\\\/avatar\\\/41ad0fab4bb3bf5348b0af9612159cfd93173a57bbca98fecb50fa6f3ab97d28?s=96&d=mm&r=g\",\"url\":\"https:\\\/\\\/secure.gravatar.com\\\/avatar\\\/41ad0fab4bb3bf5348b0af9612159cfd93173a57bbca98fecb50fa6f3ab97d28?s=96&d=mm&r=g\",\"contentUrl\":\"https:\\\/\\\/secure.gravatar.com\\\/avatar\\\/41ad0fab4bb3bf5348b0af9612159cfd93173a57bbca98fecb50fa6f3ab97d28?s=96&d=mm&r=g\",\"caption\":\"adminpcb\"},\"url\":\"https:\\\/\\\/www.pcb.ub.edu\\\/es\\\/author\\\/adminpcb\\\/\"}]}<\/script>\n<!-- \/ Yoast SEO plugin. -->","yoast_head_json":{"title":"El doctor Mart\u00ed Manyalich galardonado con el premio Josep Trueta - Parc Cient\u00edfic de Barcelona","robots":{"index":"index","follow":"follow","max-snippet":"max-snippet:-1","max-image-preview":"max-image-preview:large","max-video-preview":"max-video-preview:-1"},"canonical":"https:\/\/www.pcb.ub.edu\/es\/el-doctor-marti-manyalich-galardonado-con-el-premio-josep-trueta\/","og_locale":"es_ES","og_type":"article","og_title":"El doctor Mart\u00ed Manyalich galardonado con el premio Josep Trueta - Parc Cient\u00edfic de Barcelona","og_description":"La Fundaci\u00f3n Academia de Ciencias M\u00e9dicas y de la Salud de Catalu\u00f1a y de Baleares ha reconocido al doctor Mart\u00ed Manyalich - presidente de la Fundaci\u00f3n DTI (Donation &amp; Transplantation Institute) ubicada en el Parc Cient\u00edfic de Barcelona - con el premio Josep Trueta de investigaci\u00f3n cient\u00edfica. El acto de entrega del galard\u00f3n se celebr\u00f3 ayer, 22 de mayo, en el auditorio de la instituci\u00f3n. \u00a0","og_url":"https:\/\/www.pcb.ub.edu\/es\/el-doctor-marti-manyalich-galardonado-con-el-premio-josep-trueta\/","og_site_name":"Parc Cient\u00edfic de Barcelona","article_published_time":"2018-05-22T23:00:00+00:00","article_modified_time":"2020-11-16T15:23:26+00:00","author":"adminpcb","twitter_card":"summary_large_image","twitter_misc":{"Escrito por":"adminpcb","Tiempo de lectura":"1 minuto"},"schema":{"@context":"https:\/\/schema.org","@graph":[{"@type":"Article","@id":"https:\/\/www.pcb.ub.edu\/es\/el-doctor-marti-manyalich-galardonado-con-el-premio-josep-trueta\/#article","isPartOf":{"@id":"https:\/\/www.pcb.ub.edu\/es\/el-doctor-marti-manyalich-galardonado-con-el-premio-josep-trueta\/"},"author":{"name":"adminpcb","@id":"https:\/\/www.pcb.ub.edu\/es\/#\/schema\/person\/d13cab05cd0a75b17fddca8496481021"},"headline":"El doctor Mart\u00ed Manyalich galardonado con el premio Josep Trueta","datePublished":"2018-05-22T23:00:00+00:00","dateModified":"2020-11-16T15:23:26+00:00","mainEntityOfPage":{"@id":"https:\/\/www.pcb.ub.edu\/es\/el-doctor-marti-manyalich-galardonado-con-el-premio-josep-trueta\/"},"wordCount":306,"articleSection":["Sin categorizar"],"inLanguage":"es"},{"@type":"WebPage","@id":"https:\/\/www.pcb.ub.edu\/es\/el-doctor-marti-manyalich-galardonado-con-el-premio-josep-trueta\/","url":"https:\/\/www.pcb.ub.edu\/es\/el-doctor-marti-manyalich-galardonado-con-el-premio-josep-trueta\/","name":"El doctor Mart\u00ed Manyalich galardonado con el premio Josep Trueta - Parc Cient\u00edfic de Barcelona","isPartOf":{"@id":"https:\/\/www.pcb.ub.edu\/es\/#website"},"datePublished":"2018-05-22T23:00:00+00:00","dateModified":"2020-11-16T15:23:26+00:00","author":{"@id":"https:\/\/www.pcb.ub.edu\/es\/#\/schema\/person\/d13cab05cd0a75b17fddca8496481021"},"breadcrumb":{"@id":"https:\/\/www.pcb.ub.edu\/es\/el-doctor-marti-manyalich-galardonado-con-el-premio-josep-trueta\/#breadcrumb"},"inLanguage":"es","potentialAction":[{"@type":"ReadAction","target":["https:\/\/www.pcb.ub.edu\/es\/el-doctor-marti-manyalich-galardonado-con-el-premio-josep-trueta\/"]}]},{"@type":"BreadcrumbList","@id":"https:\/\/www.pcb.ub.edu\/es\/el-doctor-marti-manyalich-galardonado-con-el-premio-josep-trueta\/#breadcrumb","itemListElement":[{"@type":"ListItem","position":1,"name":"Home","item":"https:\/\/www.pcb.ub.edu\/es\/"},{"@type":"ListItem","position":2,"name":"El doctor Mart\u00ed Manyalich galardonado con el premio Josep Trueta"}]},{"@type":"WebSite","@id":"https:\/\/www.pcb.ub.edu\/es\/#website","url":"https:\/\/www.pcb.ub.edu\/es\/","name":"Parc Cient\u00edfic de Barcelona","description":"Universitat de Barcelona","potentialAction":[{"@type":"SearchAction","target":{"@type":"EntryPoint","urlTemplate":"https:\/\/www.pcb.ub.edu\/es\/?s={search_term_string}"},"query-input":{"@type":"PropertyValueSpecification","valueRequired":true,"valueName":"search_term_string"}}],"inLanguage":"es"},{"@type":"Person","@id":"https:\/\/www.pcb.ub.edu\/es\/#\/schema\/person\/d13cab05cd0a75b17fddca8496481021","name":"adminpcb","image":{"@type":"ImageObject","inLanguage":"es","@id":"https:\/\/secure.gravatar.com\/avatar\/41ad0fab4bb3bf5348b0af9612159cfd93173a57bbca98fecb50fa6f3ab97d28?s=96&d=mm&r=g","url":"https:\/\/secure.gravatar.com\/avatar\/41ad0fab4bb3bf5348b0af9612159cfd93173a57bbca98fecb50fa6f3ab97d28?s=96&d=mm&r=g","contentUrl":"https:\/\/secure.gravatar.com\/avatar\/41ad0fab4bb3bf5348b0af9612159cfd93173a57bbca98fecb50fa6f3ab97d28?s=96&d=mm&r=g","caption":"adminpcb"},"url":"https:\/\/www.pcb.ub.edu\/es\/author\/adminpcb\/"}]}},"_links":{"self":[{"href":"https:\/\/www.pcb.ub.edu\/es\/wp-json\/wp\/v2\/posts\/39312","targetHints":{"allow":["GET"]}}],"collection":[{"href":"https:\/\/www.pcb.ub.edu\/es\/wp-json\/wp\/v2\/posts"}],"about":[{"href":"https:\/\/www.pcb.ub.edu\/es\/wp-json\/wp\/v2\/types\/post"}],"author":[{"embeddable":true,"href":"https:\/\/www.pcb.ub.edu\/es\/wp-json\/wp\/v2\/users\/1"}],"replies":[{"embeddable":true,"href":"https:\/\/www.pcb.ub.edu\/es\/wp-json\/wp\/v2\/comments?post=39312"}],"version-history":[{"count":1,"href":"https:\/\/www.pcb.ub.edu\/es\/wp-json\/wp\/v2\/posts\/39312\/revisions"}],"predecessor-version":[{"id":45393,"href":"https:\/\/www.pcb.ub.edu\/es\/wp-json\/wp\/v2\/posts\/39312\/revisions\/45393"}],"wp:attachment":[{"href":"https:\/\/www.pcb.ub.edu\/es\/wp-json\/wp\/v2\/media?parent=39312"}],"wp:term":[{"taxonomy":"category","embeddable":true,"href":"https:\/\/www.pcb.ub.edu\/es\/wp-json\/wp\/v2\/categories?post=39312"},{"taxonomy":"post_tag","embeddable":true,"href":"https:\/\/www.pcb.ub.edu\/es\/wp-json\/wp\/v2\/tags?post=39312"}],"curies":[{"name":"wp","href":"https:\/\/api.w.org\/{rel}","templated":true}]}}