{"id":39304,"date":"2019-07-22T00:00:00","date_gmt":"2019-07-21T23:00:00","guid":{"rendered":"http:\/\/www.pcb.ub.edu\/\/el-parc-cientific-de-barcelona-consigue-su-maxima-ocupacion-historica-y-prepara-nuevos-espacios-para-continuar-creciendo\/"},"modified":"2020-11-16T16:23:25","modified_gmt":"2020-11-16T15:23:25","slug":"el-parc-cientific-de-barcelona-consigue-su-maxima-ocupacion-historica-y-prepara-nuevos-espacios-para-continuar-creciendo","status":"publish","type":"post","link":"https:\/\/www.pcb.ub.edu\/es\/el-parc-cientific-de-barcelona-consigue-su-maxima-ocupacion-historica-y-prepara-nuevos-espacios-para-continuar-creciendo\/","title":{"rendered":"El Parc Cient\u00edfic de Barcelona consigue su m\u00e1xima ocupaci\u00f3n hist\u00f3rica y prepara nuevos espacios para continuar creciendo"},"content":{"rendered":"<p>El Parc Cient\u00edfic de Barcelona contin\u00faa su crecimiento y se consolida como uno de los ecosistemas referentes a nivel internacional en el desarrollo de investigaci\u00f3n, innovaci\u00f3n y transferencia de conocimiento hacia bienes y servicios en beneficio de la sociedad en el \u00e1mbito de ciencias de la vida. La buena salud del parque coincide con la fortaleza de Catalu\u00f1a como Bioregi\u00f3n y polo de atracci\u00f3n cada vez m\u00e1s potente de empresas, institutos de investigaci\u00f3n y talento cient\u00edfico.<\/p>\n<p>A fecha de hoy el PCB ha alcanzado su m\u00e1xima ocupaci\u00f3n hist\u00f3rica, con un 98% de los espacios acondicionados ocupados. Gracias a los resultados positivos de los \u00faltimos dos a\u00f1os y a un inversor privado -que aportar\u00e1 700.000\u20ac-, el pasado mes de diciembre el Parc Cient\u00edfic de Barcelona logr\u00f3 acondicionar 300 m<span style=\"font-size: 10.5px;line-height: 0;vertical-align: baseline\">2<\/span>, para cinco nuevos laboratorios que ya est\u00e1n ocupados. Para finales de 2019, prev\u00e9 tener habilitados 560\u00a0m<span style=\"font-size: 10.5px;line-height: 0;vertical-align: baseline\">2<\/span> adicionales que se distribuir\u00e1n en 10 espacios m\u00e1s de laboratorios. El crecimiento del n\u00famero de laboratorios y oficinas permitir\u00e1 la entrada de hasta 15 nuevas compa\u00f1\u00edas del sector de las ciencias de la vida y de la salud, que a\u00f1adir\u00e1n unos 100-120 miembros a la comunidad del PCB, actualmente integrada por m\u00e1s de 110 entidades y 2.900 profesionales.<\/p>\n<p>Seg\u00fan la directora del PCB, Maria Terrades, \u00abhaber encontrado un inversor privado que apuesta por el sector salud ha sido clave para que sea posible el crecimiento del parque que el sector demanda. Con estos nuevos espacios potenciaremos el ecosistema biotecnol\u00f3gico de referencia que ya tenemos actualmente, pero tambi\u00e9n nos permitir\u00e1 acoger nuevas compa\u00f1\u00edas biotecnol\u00f3gicas y de tecnolog\u00edas m\u00e9dicas que quieren formar parte de la comunidad PCB\u00bb.<\/p>\n<p><span style=\"font-size:16px\"><strong>Acondicionamiento de 1.000 m<sup>2<\/sup> en un a\u00f1o<\/strong><\/span><\/p>\n<p>En tan s\u00f3lo un a\u00f1o, el Parc Cient\u00edfic de Barcelona habr\u00e1 adecuado unos 1.000 m<span style=\"font-size: 10.5px;line-height: 0;vertical-align: baseline\">2<\/span>, una superficie similar a la ocupada por la Bioincubadora PCB-Santander que aloj\u00f3 empresas del sector desde 2007 a 2011. Desde su creaci\u00f3n, el PCB s\u00f3lo super\u00f3 este techo m\u00e1ximo de metros cuadrados acondicionados por a\u00f1o en 2012, cuando habilit\u00f3 unos 2.400 m<span style=\"font-size: 10.5px;line-height: 0;vertical-align: baseline\">2<\/span> para acoger el Centro de Descubrimiento de F\u00e1rmacos y Desarrollo Precl\u00ednico de Esteve.<\/p>\n<p><span style=\"font-size:16px\"><strong>Resultados econ\u00f3micos<\/strong><\/span><\/p>\n<p>El crecimiento f\u00edsico del PCB va acompa\u00f1ado de los mejores resultados de su historia en el \u00e1mbito econ\u00f3mico. El parque cerr\u00f3 el ejercicio de 2018 en positivo, por segundo a\u00f1o consecutivo desde el inicio de su actividad, registrando 1,5 M\u20ac de beneficio, un ebitda de 5,7 M\u20ac y 19,2 M\u20ac de volumen de negocio. Con estos resultados consolida el proceso de inflexi\u00f3n iniciado en 2017.<\/p>\n<p>Seg\u00fan Terrades, \u00abestas cifras han sido posible gracias a la confianza de nuestros clientes que apuestan por estar instalados y crecer en el parque, as\u00ed como a los esfuerzos que se llevan a cabo desde hace a\u00f1os para optimizar la gesti\u00f3n interna. La previsi\u00f3n para el presente ejercicio es seguir en la l\u00ednea positiva de 2018 y estabilizar el nivel de beneficio\u00bb.<\/p>\n<p><span style=\"font-size:16px\"><strong>Un crecimiento progresivo<\/strong><\/span><\/p>\n<p>El Parc Cient\u00edfic de Barcelona tiene una superficie total construida de m\u00e1s de 100.000 m<span style=\"font-size: 10.5px;line-height: 0;vertical-align: baseline\">2<\/span>, de los cuales 33.000 m<span style=\"font-size: 10.5px;line-height: 0;vertical-align: baseline\">2<\/span> \u00fatiles est\u00e1n dedicados a clientes (22.000 m<span style=\"font-size: 10.5px;line-height: 0;vertical-align: baseline\">2<\/span>, de laboratorios y 11.000 m<span style=\"font-size: 10.5px;line-height: 0;vertical-align: baseline\">2<\/span>, de oficinas). De esta superficie, est\u00e1n acondicionados y ocupados unos 25.500 m<span style=\"font-size: 10.5px;line-height: 0;vertical-align: baseline\">2<\/span>. Los edificios Cl\u00faster I, H\u00e9lix y Torres I, D e I tienen sus instalaciones completas al 100%. El edificio m\u00e1s reciente, el Cl\u00faster II \u2013cuya construcci\u00f3n se finaliz\u00f3 en 2012- es el que presenta m\u00e1s espacio de crecimiento (unos 6.500 m<sup>2<\/sup>) y tiene dos plantas pendientes para su adecuaci\u00f3n. El parque tambi\u00e9n dispone del edificio <em>Cub<\/em>\u00a0(que en el proyecto inicial se concibi\u00f3 como auditorio) con unos 1.000 m<sup>2<\/sup> pendientes de habilitar como espacio de oficinas.<\/p>\n<p>\u25ba<strong>\u00a0<a href=\"http:\/\/\u25ba Mem\u00f2ria Anual 2018 del Parc Cient\u00edfic Barcelona [+]\" target=\"_blank\" rel=\"noopener noreferrer\">Memoria Anual 2018 del Parc Cient\u00edfic de Barcelona [+]<\/a><\/strong><\/p>\n<p>\u00a0<\/p>\n","protected":false},"excerpt":{"rendered":"<p>El Parc Cient\u00edfic de Barcelona (PCB) ha conseguido su m\u00e1xima ocupaci\u00f3n hist\u00f3rica, con un 98% de los espacios acondicionados ocupados. Gracias a los resultados positivos de los dos \u00faltimos a\u00f1os y a un inversor privado, antes de finalizar 2019 el PCB habr\u00e1 habilitado \u2013en tan solo un a\u00f1o\u2013 cerca de 1.000 m2 para laboratorios y oficinas, una superficie similar a la de la Bioincubadora PCB-Santander (2007-2011). El crecimiento f\u00edsico del parque va acompa\u00f1ado de los mejores resultados de su historia en el \u00e1mbito econ\u00f3mico: cerr\u00f3 el ejercicio de 2018 en positivo, por segundo a\u00f1o consecutivo desde el inicio de su actividad, registrando 1,5 M\u20ac de beneficio, un ebitda de 5,7 M\u20ac y 19,2 M\u20ac de volumen de negocio.<\/p>\n<p>\u00a0<\/p>\n","protected":false},"author":1,"featured_media":27648,"comment_status":"closed","ping_status":"open","sticky":false,"template":"","format":"standard","meta":{"_acf_changed":false,"inline_featured_image":false,"footnotes":""},"categories":[9],"tags":[],"class_list":["post-39304","post","type-post","status-publish","format-standard","has-post-thumbnail","category-sin-categorizar"],"acf":[],"yoast_head":"<!-- This site is optimized with the Yoast SEO plugin v27.3 - https:\/\/yoast.com\/product\/yoast-seo-wordpress\/ -->\n<title>El Parc Cient\u00edfic de Barcelona consigue su m\u00e1xima ocupaci\u00f3n hist\u00f3rica y prepara nuevos espacios para continuar creciendo - Parc Cient\u00edfic de Barcelona<\/title>\n<meta name=\"robots\" content=\"index, follow, max-snippet:-1, max-image-preview:large, max-video-preview:-1\" \/>\n<link rel=\"canonical\" href=\"https:\/\/www.pcb.ub.edu\/es\/el-parc-cientific-de-barcelona-consigue-su-maxima-ocupacion-historica-y-prepara-nuevos-espacios-para-continuar-creciendo\/\" \/>\n<meta property=\"og:locale\" content=\"es_ES\" \/>\n<meta property=\"og:type\" content=\"article\" \/>\n<meta property=\"og:title\" content=\"El Parc Cient\u00edfic de Barcelona consigue su m\u00e1xima ocupaci\u00f3n hist\u00f3rica y prepara nuevos espacios para continuar creciendo - Parc Cient\u00edfic de Barcelona\" \/>\n<meta property=\"og:description\" content=\"El Parc Cient\u00edfic de Barcelona (PCB) ha conseguido su m\u00e1xima ocupaci\u00f3n hist\u00f3rica, con un 98% de los espacios acondicionados ocupados. Gracias a los resultados positivos de los dos \u00faltimos a\u00f1os y a un inversor privado, antes de finalizar 2019 el PCB habr\u00e1 habilitado \u2013en tan solo un a\u00f1o\u2013 cerca de 1.000 m2 para laboratorios y oficinas, una superficie similar a la de la Bioincubadora PCB-Santander (2007-2011). El crecimiento f\u00edsico del parque va acompa\u00f1ado de los mejores resultados de su historia en el \u00e1mbito econ\u00f3mico: cerr\u00f3 el ejercicio de 2018 en positivo, por segundo a\u00f1o consecutivo desde el inicio de su actividad, registrando 1,5 M\u20ac de beneficio, un ebitda de 5,7 M\u20ac y 19,2 M\u20ac de volumen de negocio. \u00a0\" \/>\n<meta property=\"og:url\" content=\"https:\/\/www.pcb.ub.edu\/es\/el-parc-cientific-de-barcelona-consigue-su-maxima-ocupacion-historica-y-prepara-nuevos-espacios-para-continuar-creciendo\/\" \/>\n<meta property=\"og:site_name\" content=\"Parc Cient\u00edfic de Barcelona\" \/>\n<meta property=\"article:published_time\" content=\"2019-07-21T23:00:00+00:00\" \/>\n<meta property=\"article:modified_time\" content=\"2020-11-16T15:23:25+00:00\" \/>\n<meta property=\"og:image\" content=\"https:\/\/www.pcb.ub.edu\/wp-content\/uploads\/2019\/07\/16049228605fa92dec559ce-scaled.jpeg\" \/>\n\t<meta property=\"og:image:width\" content=\"2560\" \/>\n\t<meta property=\"og:image:height\" content=\"1676\" \/>\n\t<meta property=\"og:image:type\" content=\"image\/jpeg\" \/>\n<meta name=\"author\" content=\"adminpcb\" \/>\n<meta name=\"twitter:card\" content=\"summary_large_image\" \/>\n<meta name=\"twitter:label1\" content=\"Escrito por\" \/>\n\t<meta name=\"twitter:data1\" content=\"adminpcb\" \/>\n\t<meta name=\"twitter:label2\" content=\"Tiempo de lectura\" \/>\n\t<meta name=\"twitter:data2\" content=\"3 minutos\" \/>\n<script type=\"application\/ld+json\" class=\"yoast-schema-graph\">{\"@context\":\"https:\\\/\\\/schema.org\",\"@graph\":[{\"@type\":\"Article\",\"@id\":\"https:\\\/\\\/www.pcb.ub.edu\\\/es\\\/el-parc-cientific-de-barcelona-consigue-su-maxima-ocupacion-historica-y-prepara-nuevos-espacios-para-continuar-creciendo\\\/#article\",\"isPartOf\":{\"@id\":\"https:\\\/\\\/www.pcb.ub.edu\\\/es\\\/el-parc-cientific-de-barcelona-consigue-su-maxima-ocupacion-historica-y-prepara-nuevos-espacios-para-continuar-creciendo\\\/\"},\"author\":{\"name\":\"adminpcb\",\"@id\":\"https:\\\/\\\/www.pcb.ub.edu\\\/es\\\/#\\\/schema\\\/person\\\/d13cab05cd0a75b17fddca8496481021\"},\"headline\":\"El Parc Cient\u00edfic de Barcelona consigue su m\u00e1xima ocupaci\u00f3n hist\u00f3rica y prepara nuevos espacios para continuar creciendo\",\"datePublished\":\"2019-07-21T23:00:00+00:00\",\"dateModified\":\"2020-11-16T15:23:25+00:00\",\"mainEntityOfPage\":{\"@id\":\"https:\\\/\\\/www.pcb.ub.edu\\\/es\\\/el-parc-cientific-de-barcelona-consigue-su-maxima-ocupacion-historica-y-prepara-nuevos-espacios-para-continuar-creciendo\\\/\"},\"wordCount\":663,\"image\":{\"@id\":\"https:\\\/\\\/www.pcb.ub.edu\\\/es\\\/el-parc-cientific-de-barcelona-consigue-su-maxima-ocupacion-historica-y-prepara-nuevos-espacios-para-continuar-creciendo\\\/#primaryimage\"},\"thumbnailUrl\":\"https:\\\/\\\/www.pcb.ub.edu\\\/wp-content\\\/uploads\\\/2019\\\/07\\\/16049228605fa92dec559ce-scaled.jpeg\",\"articleSection\":[\"Sin categorizar\"],\"inLanguage\":\"es\"},{\"@type\":\"WebPage\",\"@id\":\"https:\\\/\\\/www.pcb.ub.edu\\\/es\\\/el-parc-cientific-de-barcelona-consigue-su-maxima-ocupacion-historica-y-prepara-nuevos-espacios-para-continuar-creciendo\\\/\",\"url\":\"https:\\\/\\\/www.pcb.ub.edu\\\/es\\\/el-parc-cientific-de-barcelona-consigue-su-maxima-ocupacion-historica-y-prepara-nuevos-espacios-para-continuar-creciendo\\\/\",\"name\":\"El Parc Cient\u00edfic de Barcelona consigue su m\u00e1xima ocupaci\u00f3n hist\u00f3rica y prepara nuevos espacios para continuar creciendo - Parc Cient\u00edfic de Barcelona\",\"isPartOf\":{\"@id\":\"https:\\\/\\\/www.pcb.ub.edu\\\/es\\\/#website\"},\"primaryImageOfPage\":{\"@id\":\"https:\\\/\\\/www.pcb.ub.edu\\\/es\\\/el-parc-cientific-de-barcelona-consigue-su-maxima-ocupacion-historica-y-prepara-nuevos-espacios-para-continuar-creciendo\\\/#primaryimage\"},\"image\":{\"@id\":\"https:\\\/\\\/www.pcb.ub.edu\\\/es\\\/el-parc-cientific-de-barcelona-consigue-su-maxima-ocupacion-historica-y-prepara-nuevos-espacios-para-continuar-creciendo\\\/#primaryimage\"},\"thumbnailUrl\":\"https:\\\/\\\/www.pcb.ub.edu\\\/wp-content\\\/uploads\\\/2019\\\/07\\\/16049228605fa92dec559ce-scaled.jpeg\",\"datePublished\":\"2019-07-21T23:00:00+00:00\",\"dateModified\":\"2020-11-16T15:23:25+00:00\",\"author\":{\"@id\":\"https:\\\/\\\/www.pcb.ub.edu\\\/es\\\/#\\\/schema\\\/person\\\/d13cab05cd0a75b17fddca8496481021\"},\"breadcrumb\":{\"@id\":\"https:\\\/\\\/www.pcb.ub.edu\\\/es\\\/el-parc-cientific-de-barcelona-consigue-su-maxima-ocupacion-historica-y-prepara-nuevos-espacios-para-continuar-creciendo\\\/#breadcrumb\"},\"inLanguage\":\"es\",\"potentialAction\":[{\"@type\":\"ReadAction\",\"target\":[\"https:\\\/\\\/www.pcb.ub.edu\\\/es\\\/el-parc-cientific-de-barcelona-consigue-su-maxima-ocupacion-historica-y-prepara-nuevos-espacios-para-continuar-creciendo\\\/\"]}]},{\"@type\":\"ImageObject\",\"inLanguage\":\"es\",\"@id\":\"https:\\\/\\\/www.pcb.ub.edu\\\/es\\\/el-parc-cientific-de-barcelona-consigue-su-maxima-ocupacion-historica-y-prepara-nuevos-espacios-para-continuar-creciendo\\\/#primaryimage\",\"url\":\"https:\\\/\\\/www.pcb.ub.edu\\\/wp-content\\\/uploads\\\/2019\\\/07\\\/16049228605fa92dec559ce-scaled.jpeg\",\"contentUrl\":\"https:\\\/\\\/www.pcb.ub.edu\\\/wp-content\\\/uploads\\\/2019\\\/07\\\/16049228605fa92dec559ce-scaled.jpeg\",\"width\":2560,\"height\":1676},{\"@type\":\"BreadcrumbList\",\"@id\":\"https:\\\/\\\/www.pcb.ub.edu\\\/es\\\/el-parc-cientific-de-barcelona-consigue-su-maxima-ocupacion-historica-y-prepara-nuevos-espacios-para-continuar-creciendo\\\/#breadcrumb\",\"itemListElement\":[{\"@type\":\"ListItem\",\"position\":1,\"name\":\"Home\",\"item\":\"https:\\\/\\\/www.pcb.ub.edu\\\/es\\\/\"},{\"@type\":\"ListItem\",\"position\":2,\"name\":\"El Parc Cient\u00edfic de Barcelona consigue su m\u00e1xima ocupaci\u00f3n hist\u00f3rica y prepara nuevos espacios para continuar creciendo\"}]},{\"@type\":\"WebSite\",\"@id\":\"https:\\\/\\\/www.pcb.ub.edu\\\/es\\\/#website\",\"url\":\"https:\\\/\\\/www.pcb.ub.edu\\\/es\\\/\",\"name\":\"Parc Cient\u00edfic de Barcelona\",\"description\":\"Universitat de Barcelona\",\"potentialAction\":[{\"@type\":\"SearchAction\",\"target\":{\"@type\":\"EntryPoint\",\"urlTemplate\":\"https:\\\/\\\/www.pcb.ub.edu\\\/es\\\/?s={search_term_string}\"},\"query-input\":{\"@type\":\"PropertyValueSpecification\",\"valueRequired\":true,\"valueName\":\"search_term_string\"}}],\"inLanguage\":\"es\"},{\"@type\":\"Person\",\"@id\":\"https:\\\/\\\/www.pcb.ub.edu\\\/es\\\/#\\\/schema\\\/person\\\/d13cab05cd0a75b17fddca8496481021\",\"name\":\"adminpcb\",\"image\":{\"@type\":\"ImageObject\",\"inLanguage\":\"es\",\"@id\":\"https:\\\/\\\/secure.gravatar.com\\\/avatar\\\/41ad0fab4bb3bf5348b0af9612159cfd93173a57bbca98fecb50fa6f3ab97d28?s=96&d=mm&r=g\",\"url\":\"https:\\\/\\\/secure.gravatar.com\\\/avatar\\\/41ad0fab4bb3bf5348b0af9612159cfd93173a57bbca98fecb50fa6f3ab97d28?s=96&d=mm&r=g\",\"contentUrl\":\"https:\\\/\\\/secure.gravatar.com\\\/avatar\\\/41ad0fab4bb3bf5348b0af9612159cfd93173a57bbca98fecb50fa6f3ab97d28?s=96&d=mm&r=g\",\"caption\":\"adminpcb\"},\"url\":\"https:\\\/\\\/www.pcb.ub.edu\\\/es\\\/author\\\/adminpcb\\\/\"}]}<\/script>\n<!-- \/ Yoast SEO plugin. -->","yoast_head_json":{"title":"El Parc Cient\u00edfic de Barcelona consigue su m\u00e1xima ocupaci\u00f3n hist\u00f3rica y prepara nuevos espacios para continuar creciendo - Parc Cient\u00edfic de Barcelona","robots":{"index":"index","follow":"follow","max-snippet":"max-snippet:-1","max-image-preview":"max-image-preview:large","max-video-preview":"max-video-preview:-1"},"canonical":"https:\/\/www.pcb.ub.edu\/es\/el-parc-cientific-de-barcelona-consigue-su-maxima-ocupacion-historica-y-prepara-nuevos-espacios-para-continuar-creciendo\/","og_locale":"es_ES","og_type":"article","og_title":"El Parc Cient\u00edfic de Barcelona consigue su m\u00e1xima ocupaci\u00f3n hist\u00f3rica y prepara nuevos espacios para continuar creciendo - Parc Cient\u00edfic de Barcelona","og_description":"El Parc Cient\u00edfic de Barcelona (PCB) ha conseguido su m\u00e1xima ocupaci\u00f3n hist\u00f3rica, con un 98% de los espacios acondicionados ocupados. Gracias a los resultados positivos de los dos \u00faltimos a\u00f1os y a un inversor privado, antes de finalizar 2019 el PCB habr\u00e1 habilitado \u2013en tan solo un a\u00f1o\u2013 cerca de 1.000 m2 para laboratorios y oficinas, una superficie similar a la de la Bioincubadora PCB-Santander (2007-2011). El crecimiento f\u00edsico del parque va acompa\u00f1ado de los mejores resultados de su historia en el \u00e1mbito econ\u00f3mico: cerr\u00f3 el ejercicio de 2018 en positivo, por segundo a\u00f1o consecutivo desde el inicio de su actividad, registrando 1,5 M\u20ac de beneficio, un ebitda de 5,7 M\u20ac y 19,2 M\u20ac de volumen de negocio. \u00a0","og_url":"https:\/\/www.pcb.ub.edu\/es\/el-parc-cientific-de-barcelona-consigue-su-maxima-ocupacion-historica-y-prepara-nuevos-espacios-para-continuar-creciendo\/","og_site_name":"Parc Cient\u00edfic de Barcelona","article_published_time":"2019-07-21T23:00:00+00:00","article_modified_time":"2020-11-16T15:23:25+00:00","og_image":[{"width":2560,"height":1676,"url":"https:\/\/www.pcb.ub.edu\/wp-content\/uploads\/2019\/07\/16049228605fa92dec559ce-scaled.jpeg","type":"image\/jpeg"}],"author":"adminpcb","twitter_card":"summary_large_image","twitter_misc":{"Escrito por":"adminpcb","Tiempo de lectura":"3 minutos"},"schema":{"@context":"https:\/\/schema.org","@graph":[{"@type":"Article","@id":"https:\/\/www.pcb.ub.edu\/es\/el-parc-cientific-de-barcelona-consigue-su-maxima-ocupacion-historica-y-prepara-nuevos-espacios-para-continuar-creciendo\/#article","isPartOf":{"@id":"https:\/\/www.pcb.ub.edu\/es\/el-parc-cientific-de-barcelona-consigue-su-maxima-ocupacion-historica-y-prepara-nuevos-espacios-para-continuar-creciendo\/"},"author":{"name":"adminpcb","@id":"https:\/\/www.pcb.ub.edu\/es\/#\/schema\/person\/d13cab05cd0a75b17fddca8496481021"},"headline":"El Parc Cient\u00edfic de Barcelona consigue su m\u00e1xima ocupaci\u00f3n hist\u00f3rica y prepara nuevos espacios para continuar creciendo","datePublished":"2019-07-21T23:00:00+00:00","dateModified":"2020-11-16T15:23:25+00:00","mainEntityOfPage":{"@id":"https:\/\/www.pcb.ub.edu\/es\/el-parc-cientific-de-barcelona-consigue-su-maxima-ocupacion-historica-y-prepara-nuevos-espacios-para-continuar-creciendo\/"},"wordCount":663,"image":{"@id":"https:\/\/www.pcb.ub.edu\/es\/el-parc-cientific-de-barcelona-consigue-su-maxima-ocupacion-historica-y-prepara-nuevos-espacios-para-continuar-creciendo\/#primaryimage"},"thumbnailUrl":"https:\/\/www.pcb.ub.edu\/wp-content\/uploads\/2019\/07\/16049228605fa92dec559ce-scaled.jpeg","articleSection":["Sin categorizar"],"inLanguage":"es"},{"@type":"WebPage","@id":"https:\/\/www.pcb.ub.edu\/es\/el-parc-cientific-de-barcelona-consigue-su-maxima-ocupacion-historica-y-prepara-nuevos-espacios-para-continuar-creciendo\/","url":"https:\/\/www.pcb.ub.edu\/es\/el-parc-cientific-de-barcelona-consigue-su-maxima-ocupacion-historica-y-prepara-nuevos-espacios-para-continuar-creciendo\/","name":"El Parc Cient\u00edfic de Barcelona consigue su m\u00e1xima ocupaci\u00f3n hist\u00f3rica y prepara nuevos espacios para continuar creciendo - Parc Cient\u00edfic de Barcelona","isPartOf":{"@id":"https:\/\/www.pcb.ub.edu\/es\/#website"},"primaryImageOfPage":{"@id":"https:\/\/www.pcb.ub.edu\/es\/el-parc-cientific-de-barcelona-consigue-su-maxima-ocupacion-historica-y-prepara-nuevos-espacios-para-continuar-creciendo\/#primaryimage"},"image":{"@id":"https:\/\/www.pcb.ub.edu\/es\/el-parc-cientific-de-barcelona-consigue-su-maxima-ocupacion-historica-y-prepara-nuevos-espacios-para-continuar-creciendo\/#primaryimage"},"thumbnailUrl":"https:\/\/www.pcb.ub.edu\/wp-content\/uploads\/2019\/07\/16049228605fa92dec559ce-scaled.jpeg","datePublished":"2019-07-21T23:00:00+00:00","dateModified":"2020-11-16T15:23:25+00:00","author":{"@id":"https:\/\/www.pcb.ub.edu\/es\/#\/schema\/person\/d13cab05cd0a75b17fddca8496481021"},"breadcrumb":{"@id":"https:\/\/www.pcb.ub.edu\/es\/el-parc-cientific-de-barcelona-consigue-su-maxima-ocupacion-historica-y-prepara-nuevos-espacios-para-continuar-creciendo\/#breadcrumb"},"inLanguage":"es","potentialAction":[{"@type":"ReadAction","target":["https:\/\/www.pcb.ub.edu\/es\/el-parc-cientific-de-barcelona-consigue-su-maxima-ocupacion-historica-y-prepara-nuevos-espacios-para-continuar-creciendo\/"]}]},{"@type":"ImageObject","inLanguage":"es","@id":"https:\/\/www.pcb.ub.edu\/es\/el-parc-cientific-de-barcelona-consigue-su-maxima-ocupacion-historica-y-prepara-nuevos-espacios-para-continuar-creciendo\/#primaryimage","url":"https:\/\/www.pcb.ub.edu\/wp-content\/uploads\/2019\/07\/16049228605fa92dec559ce-scaled.jpeg","contentUrl":"https:\/\/www.pcb.ub.edu\/wp-content\/uploads\/2019\/07\/16049228605fa92dec559ce-scaled.jpeg","width":2560,"height":1676},{"@type":"BreadcrumbList","@id":"https:\/\/www.pcb.ub.edu\/es\/el-parc-cientific-de-barcelona-consigue-su-maxima-ocupacion-historica-y-prepara-nuevos-espacios-para-continuar-creciendo\/#breadcrumb","itemListElement":[{"@type":"ListItem","position":1,"name":"Home","item":"https:\/\/www.pcb.ub.edu\/es\/"},{"@type":"ListItem","position":2,"name":"El Parc Cient\u00edfic de Barcelona consigue su m\u00e1xima ocupaci\u00f3n hist\u00f3rica y prepara nuevos espacios para continuar creciendo"}]},{"@type":"WebSite","@id":"https:\/\/www.pcb.ub.edu\/es\/#website","url":"https:\/\/www.pcb.ub.edu\/es\/","name":"Parc Cient\u00edfic de Barcelona","description":"Universitat de Barcelona","potentialAction":[{"@type":"SearchAction","target":{"@type":"EntryPoint","urlTemplate":"https:\/\/www.pcb.ub.edu\/es\/?s={search_term_string}"},"query-input":{"@type":"PropertyValueSpecification","valueRequired":true,"valueName":"search_term_string"}}],"inLanguage":"es"},{"@type":"Person","@id":"https:\/\/www.pcb.ub.edu\/es\/#\/schema\/person\/d13cab05cd0a75b17fddca8496481021","name":"adminpcb","image":{"@type":"ImageObject","inLanguage":"es","@id":"https:\/\/secure.gravatar.com\/avatar\/41ad0fab4bb3bf5348b0af9612159cfd93173a57bbca98fecb50fa6f3ab97d28?s=96&d=mm&r=g","url":"https:\/\/secure.gravatar.com\/avatar\/41ad0fab4bb3bf5348b0af9612159cfd93173a57bbca98fecb50fa6f3ab97d28?s=96&d=mm&r=g","contentUrl":"https:\/\/secure.gravatar.com\/avatar\/41ad0fab4bb3bf5348b0af9612159cfd93173a57bbca98fecb50fa6f3ab97d28?s=96&d=mm&r=g","caption":"adminpcb"},"url":"https:\/\/www.pcb.ub.edu\/es\/author\/adminpcb\/"}]}},"_links":{"self":[{"href":"https:\/\/www.pcb.ub.edu\/es\/wp-json\/wp\/v2\/posts\/39304","targetHints":{"allow":["GET"]}}],"collection":[{"href":"https:\/\/www.pcb.ub.edu\/es\/wp-json\/wp\/v2\/posts"}],"about":[{"href":"https:\/\/www.pcb.ub.edu\/es\/wp-json\/wp\/v2\/types\/post"}],"author":[{"embeddable":true,"href":"https:\/\/www.pcb.ub.edu\/es\/wp-json\/wp\/v2\/users\/1"}],"replies":[{"embeddable":true,"href":"https:\/\/www.pcb.ub.edu\/es\/wp-json\/wp\/v2\/comments?post=39304"}],"version-history":[{"count":1,"href":"https:\/\/www.pcb.ub.edu\/es\/wp-json\/wp\/v2\/posts\/39304\/revisions"}],"predecessor-version":[{"id":45386,"href":"https:\/\/www.pcb.ub.edu\/es\/wp-json\/wp\/v2\/posts\/39304\/revisions\/45386"}],"wp:featuredmedia":[{"embeddable":true,"href":"https:\/\/www.pcb.ub.edu\/es\/wp-json\/wp\/v2\/media\/27648"}],"wp:attachment":[{"href":"https:\/\/www.pcb.ub.edu\/es\/wp-json\/wp\/v2\/media?parent=39304"}],"wp:term":[{"taxonomy":"category","embeddable":true,"href":"https:\/\/www.pcb.ub.edu\/es\/wp-json\/wp\/v2\/categories?post=39304"},{"taxonomy":"post_tag","embeddable":true,"href":"https:\/\/www.pcb.ub.edu\/es\/wp-json\/wp\/v2\/tags?post=39304"}],"curies":[{"name":"wp","href":"https:\/\/api.w.org\/{rel}","templated":true}]}}