{"id":39261,"date":"2015-12-20T00:00:00","date_gmt":"2015-12-19T23:00:00","guid":{"rendered":"http:\/\/www.pcb.ub.edu\/\/xavier-fernandez-busquets-y-marc-cirera-ganan-la-primera-edicion-del-concurso-de-instagram-un-dia-al-pcb\/"},"modified":"2020-11-16T16:23:16","modified_gmt":"2020-11-16T15:23:16","slug":"xavier-fernandez-busquets-y-marc-cirera-ganan-la-primera-edicion-del-concurso-de-instagram-un-dia-al-pcb","status":"publish","type":"post","link":"https:\/\/www.pcb.ub.edu\/es\/xavier-fernandez-busquets-y-marc-cirera-ganan-la-primera-edicion-del-concurso-de-instagram-un-dia-al-pcb\/","title":{"rendered":"Xavier Fern\u00e1ndez Busquets y Marc Cirera ganan la primera edici\u00f3n del concurso de Instagram \u2019Un d\u00eda al PCB\u2019"},"content":{"rendered":"<p>La fotograf\u00eda ganadora \u2013premiada con una tablet Samsung Galaxy\u2013 ha sido la m\u00e1s votada por los usuarios de Instagram con 23 <em>likes<\/em>. Se trata de una imagen de liposomas, obtenida por criomicroscop\u00eda electr\u00f3nica de transmisi\u00f3n (TEM), procesada y coloreada digitalmente con t\u00e9cnicas de edici\u00f3n gr\u00e1fica. Recrea dos \u00e1rboles llenos de bolas\u00a0de Navidad en una noche nevada, mediante una original composici\u00f3n de formas esf\u00e9ricas, de diferentes medidas y colores, con contrastes muy intensos luz-sombra que aportan volumen y profundidad.<\/p>\n<p>El jurado \u2013integrado por Raimon Sol\u00e0 (fot\u00f3grafo), Jordi Sopena (director de Comunicaci\u00f3n de la Universitat de Barcelona), Raul Deamo (t\u00e9cnico del Servicio de Audiovisuales de la UB) y Adela Farr\u00e9 (directora de Comunicaci\u00f3n, Marketing y Promoci\u00f3n del PCB)\u2013 ha valorado la creatividad, el impacto visual y las caracter\u00edsticas art\u00edsticas y t\u00e9cnicas de las fotograf\u00edas presentadas, destacando que \u00absu alta calidad y originalidad ha hecho muy dif\u00edcil la selecci\u00f3n de la imagen ganadora.\u201d<\/p>\n<p><em>Neuronal Turbinas,<\/em> de Carles Calatayud, y <em>\u00bfDe qu\u00e9 podemos hacer la v\u00eda este a\u00f1o?<\/em>, de Jordi Verdura, han sido los finalistas de esta primera edici\u00f3n del certamen.<\/p>\n<p>En el concurso han participado m\u00e1s de 50 fotograf\u00edas con\u00a0el\u00a0hashtag <a href=\"https:\/\/twitter.com\/hashtag\/undiaalpcb2015\" target=\"_blank\" rel=\"noopener noreferrer\">#undialpcb2015<\/a>\u00a0y\u00a0todas se pueden ver en\u00a0la\u00a0p\u00e0gina:\u00a0<a href=\"https:\/\/www.instagram.com\/explore\/tags\/undiaalpcb2015\/\" target=\"_blank\" rel=\"noopener noreferrer\">www.instagram.com\/explore\/tags\/undiaalpcb2015<\/a><\/p>\n","protected":false},"excerpt":{"rendered":"<p><em>NanoChristmas trees with lipoballs<\/em>, una fotograf\u00eda\u00a0de Xavier Fern\u00e1ndez Busquets \u2013<em>group leader<\/em> de la\u00a0unidad de <a href=\"http:\/\/www.ibecbarcelona.eu\/es\/research-groups\/nanomalaria\/\" target=\"_blank\" rel=\"noopener noreferrer\">Nanomal\u00e0ria IBEC-CRESIB<\/a>\u2013\u00a0y el ilustrador cient\u00edfico Marc Cirera,\u00a0ha sido la imagen ganadora de la primera edici\u00f3n del concurso de Instagram &#8216;Un d\u00eda en el PCB&#8217;. El objetivo de este certamen \u2013organizado por el Parc Cient\u00edfic\u00a0de Barcelona (PCB) y dirigido a las m\u00e1s de 2.000 personas que integran la Comunitat PCB\u2013 es un crear un mosaico colectivo con las mejores instant\u00e1neas de la vida en el parque\u00a0a lo largo de las 24 horas de un d\u00eda cualquiera.<\/p>\n<p>\u00a0<\/p>\n","protected":false},"author":1,"featured_media":27494,"comment_status":"closed","ping_status":"open","sticky":false,"template":"","format":"standard","meta":{"_acf_changed":false,"inline_featured_image":false,"footnotes":""},"categories":[9],"tags":[],"class_list":["post-39261","post","type-post","status-publish","format-standard","has-post-thumbnail","category-sin-categorizar"],"acf":[],"yoast_head":"<!-- This site is optimized with the Yoast SEO plugin v27.3 - https:\/\/yoast.com\/product\/yoast-seo-wordpress\/ -->\n<title>Xavier Fern\u00e1ndez Busquets y Marc Cirera ganan la primera edici\u00f3n del concurso de Instagram \u2019Un d\u00eda al PCB\u2019 - Parc Cient\u00edfic de Barcelona<\/title>\n<meta name=\"robots\" content=\"index, follow, max-snippet:-1, max-image-preview:large, max-video-preview:-1\" \/>\n<link rel=\"canonical\" href=\"https:\/\/www.pcb.ub.edu\/es\/xavier-fernandez-busquets-y-marc-cirera-ganan-la-primera-edicion-del-concurso-de-instagram-un-dia-al-pcb\/\" \/>\n<meta property=\"og:locale\" content=\"es_ES\" \/>\n<meta property=\"og:type\" content=\"article\" \/>\n<meta property=\"og:title\" content=\"Xavier Fern\u00e1ndez Busquets y Marc Cirera ganan la primera edici\u00f3n del concurso de Instagram \u2019Un d\u00eda al PCB\u2019 - Parc Cient\u00edfic de Barcelona\" \/>\n<meta property=\"og:description\" content=\"NanoChristmas trees with lipoballs, una fotograf\u00eda\u00a0de Xavier Fern\u00e1ndez Busquets \u2013group leader de la\u00a0unidad de Nanomal\u00e0ria IBEC-CRESIB\u2013\u00a0y el ilustrador cient\u00edfico Marc Cirera,\u00a0ha sido la imagen ganadora de la primera edici\u00f3n del concurso de Instagram &#039;Un d\u00eda en el PCB&#039;. El objetivo de este certamen \u2013organizado por el Parc Cient\u00edfic\u00a0de Barcelona (PCB) y dirigido a las m\u00e1s de 2.000 personas que integran la Comunitat PCB\u2013 es un crear un mosaico colectivo con las mejores instant\u00e1neas de la vida en el parque\u00a0a lo largo de las 24 horas de un d\u00eda cualquiera. \u00a0\" \/>\n<meta property=\"og:url\" content=\"https:\/\/www.pcb.ub.edu\/es\/xavier-fernandez-busquets-y-marc-cirera-ganan-la-primera-edicion-del-concurso-de-instagram-un-dia-al-pcb\/\" \/>\n<meta property=\"og:site_name\" content=\"Parc Cient\u00edfic de Barcelona\" \/>\n<meta property=\"article:published_time\" content=\"2015-12-19T23:00:00+00:00\" \/>\n<meta property=\"article:modified_time\" content=\"2020-11-16T15:23:16+00:00\" \/>\n<meta property=\"og:image\" content=\"https:\/\/www.pcb.ub.edu\/wp-content\/uploads\/2015\/12\/16049227765fa92d981d10e.jpeg\" \/>\n\t<meta property=\"og:image:width\" content=\"600\" \/>\n\t<meta property=\"og:image:height\" content=\"600\" \/>\n\t<meta property=\"og:image:type\" content=\"image\/jpeg\" \/>\n<meta name=\"author\" content=\"adminpcb\" \/>\n<meta name=\"twitter:card\" content=\"summary_large_image\" \/>\n<meta name=\"twitter:label1\" content=\"Escrito por\" \/>\n\t<meta name=\"twitter:data1\" content=\"adminpcb\" \/>\n\t<meta name=\"twitter:label2\" content=\"Tiempo de lectura\" \/>\n\t<meta name=\"twitter:data2\" content=\"1 minuto\" \/>\n<script type=\"application\/ld+json\" class=\"yoast-schema-graph\">{\"@context\":\"https:\\\/\\\/schema.org\",\"@graph\":[{\"@type\":\"Article\",\"@id\":\"https:\\\/\\\/www.pcb.ub.edu\\\/es\\\/xavier-fernandez-busquets-y-marc-cirera-ganan-la-primera-edicion-del-concurso-de-instagram-un-dia-al-pcb\\\/#article\",\"isPartOf\":{\"@id\":\"https:\\\/\\\/www.pcb.ub.edu\\\/es\\\/xavier-fernandez-busquets-y-marc-cirera-ganan-la-primera-edicion-del-concurso-de-instagram-un-dia-al-pcb\\\/\"},\"author\":{\"name\":\"adminpcb\",\"@id\":\"https:\\\/\\\/www.pcb.ub.edu\\\/es\\\/#\\\/schema\\\/person\\\/d13cab05cd0a75b17fddca8496481021\"},\"headline\":\"Xavier Fern\u00e1ndez Busquets y Marc Cirera ganan la primera edici\u00f3n del concurso de Instagram \u2019Un d\u00eda al PCB\u2019\",\"datePublished\":\"2015-12-19T23:00:00+00:00\",\"dateModified\":\"2020-11-16T15:23:16+00:00\",\"mainEntityOfPage\":{\"@id\":\"https:\\\/\\\/www.pcb.ub.edu\\\/es\\\/xavier-fernandez-busquets-y-marc-cirera-ganan-la-primera-edicion-del-concurso-de-instagram-un-dia-al-pcb\\\/\"},\"wordCount\":251,\"image\":{\"@id\":\"https:\\\/\\\/www.pcb.ub.edu\\\/es\\\/xavier-fernandez-busquets-y-marc-cirera-ganan-la-primera-edicion-del-concurso-de-instagram-un-dia-al-pcb\\\/#primaryimage\"},\"thumbnailUrl\":\"https:\\\/\\\/www.pcb.ub.edu\\\/wp-content\\\/uploads\\\/2015\\\/12\\\/16049227765fa92d981d10e.jpeg\",\"articleSection\":[\"Sin categorizar\"],\"inLanguage\":\"es\"},{\"@type\":\"WebPage\",\"@id\":\"https:\\\/\\\/www.pcb.ub.edu\\\/es\\\/xavier-fernandez-busquets-y-marc-cirera-ganan-la-primera-edicion-del-concurso-de-instagram-un-dia-al-pcb\\\/\",\"url\":\"https:\\\/\\\/www.pcb.ub.edu\\\/es\\\/xavier-fernandez-busquets-y-marc-cirera-ganan-la-primera-edicion-del-concurso-de-instagram-un-dia-al-pcb\\\/\",\"name\":\"Xavier Fern\u00e1ndez Busquets y Marc Cirera ganan la primera edici\u00f3n del concurso de Instagram \u2019Un d\u00eda al PCB\u2019 - Parc Cient\u00edfic de Barcelona\",\"isPartOf\":{\"@id\":\"https:\\\/\\\/www.pcb.ub.edu\\\/es\\\/#website\"},\"primaryImageOfPage\":{\"@id\":\"https:\\\/\\\/www.pcb.ub.edu\\\/es\\\/xavier-fernandez-busquets-y-marc-cirera-ganan-la-primera-edicion-del-concurso-de-instagram-un-dia-al-pcb\\\/#primaryimage\"},\"image\":{\"@id\":\"https:\\\/\\\/www.pcb.ub.edu\\\/es\\\/xavier-fernandez-busquets-y-marc-cirera-ganan-la-primera-edicion-del-concurso-de-instagram-un-dia-al-pcb\\\/#primaryimage\"},\"thumbnailUrl\":\"https:\\\/\\\/www.pcb.ub.edu\\\/wp-content\\\/uploads\\\/2015\\\/12\\\/16049227765fa92d981d10e.jpeg\",\"datePublished\":\"2015-12-19T23:00:00+00:00\",\"dateModified\":\"2020-11-16T15:23:16+00:00\",\"author\":{\"@id\":\"https:\\\/\\\/www.pcb.ub.edu\\\/es\\\/#\\\/schema\\\/person\\\/d13cab05cd0a75b17fddca8496481021\"},\"breadcrumb\":{\"@id\":\"https:\\\/\\\/www.pcb.ub.edu\\\/es\\\/xavier-fernandez-busquets-y-marc-cirera-ganan-la-primera-edicion-del-concurso-de-instagram-un-dia-al-pcb\\\/#breadcrumb\"},\"inLanguage\":\"es\",\"potentialAction\":[{\"@type\":\"ReadAction\",\"target\":[\"https:\\\/\\\/www.pcb.ub.edu\\\/es\\\/xavier-fernandez-busquets-y-marc-cirera-ganan-la-primera-edicion-del-concurso-de-instagram-un-dia-al-pcb\\\/\"]}]},{\"@type\":\"ImageObject\",\"inLanguage\":\"es\",\"@id\":\"https:\\\/\\\/www.pcb.ub.edu\\\/es\\\/xavier-fernandez-busquets-y-marc-cirera-ganan-la-primera-edicion-del-concurso-de-instagram-un-dia-al-pcb\\\/#primaryimage\",\"url\":\"https:\\\/\\\/www.pcb.ub.edu\\\/wp-content\\\/uploads\\\/2015\\\/12\\\/16049227765fa92d981d10e.jpeg\",\"contentUrl\":\"https:\\\/\\\/www.pcb.ub.edu\\\/wp-content\\\/uploads\\\/2015\\\/12\\\/16049227765fa92d981d10e.jpeg\",\"width\":600,\"height\":600},{\"@type\":\"BreadcrumbList\",\"@id\":\"https:\\\/\\\/www.pcb.ub.edu\\\/es\\\/xavier-fernandez-busquets-y-marc-cirera-ganan-la-primera-edicion-del-concurso-de-instagram-un-dia-al-pcb\\\/#breadcrumb\",\"itemListElement\":[{\"@type\":\"ListItem\",\"position\":1,\"name\":\"Home\",\"item\":\"https:\\\/\\\/www.pcb.ub.edu\\\/es\\\/\"},{\"@type\":\"ListItem\",\"position\":2,\"name\":\"Xavier Fern\u00e1ndez Busquets y Marc Cirera ganan la primera edici\u00f3n del concurso de Instagram \u2019Un d\u00eda al PCB\u2019\"}]},{\"@type\":\"WebSite\",\"@id\":\"https:\\\/\\\/www.pcb.ub.edu\\\/es\\\/#website\",\"url\":\"https:\\\/\\\/www.pcb.ub.edu\\\/es\\\/\",\"name\":\"Parc Cient\u00edfic de Barcelona\",\"description\":\"Universitat de Barcelona\",\"potentialAction\":[{\"@type\":\"SearchAction\",\"target\":{\"@type\":\"EntryPoint\",\"urlTemplate\":\"https:\\\/\\\/www.pcb.ub.edu\\\/es\\\/?s={search_term_string}\"},\"query-input\":{\"@type\":\"PropertyValueSpecification\",\"valueRequired\":true,\"valueName\":\"search_term_string\"}}],\"inLanguage\":\"es\"},{\"@type\":\"Person\",\"@id\":\"https:\\\/\\\/www.pcb.ub.edu\\\/es\\\/#\\\/schema\\\/person\\\/d13cab05cd0a75b17fddca8496481021\",\"name\":\"adminpcb\",\"image\":{\"@type\":\"ImageObject\",\"inLanguage\":\"es\",\"@id\":\"https:\\\/\\\/secure.gravatar.com\\\/avatar\\\/41ad0fab4bb3bf5348b0af9612159cfd93173a57bbca98fecb50fa6f3ab97d28?s=96&d=mm&r=g\",\"url\":\"https:\\\/\\\/secure.gravatar.com\\\/avatar\\\/41ad0fab4bb3bf5348b0af9612159cfd93173a57bbca98fecb50fa6f3ab97d28?s=96&d=mm&r=g\",\"contentUrl\":\"https:\\\/\\\/secure.gravatar.com\\\/avatar\\\/41ad0fab4bb3bf5348b0af9612159cfd93173a57bbca98fecb50fa6f3ab97d28?s=96&d=mm&r=g\",\"caption\":\"adminpcb\"},\"url\":\"https:\\\/\\\/www.pcb.ub.edu\\\/es\\\/author\\\/adminpcb\\\/\"}]}<\/script>\n<!-- \/ Yoast SEO plugin. -->","yoast_head_json":{"title":"Xavier Fern\u00e1ndez Busquets y Marc Cirera ganan la primera edici\u00f3n del concurso de Instagram \u2019Un d\u00eda al PCB\u2019 - Parc Cient\u00edfic de Barcelona","robots":{"index":"index","follow":"follow","max-snippet":"max-snippet:-1","max-image-preview":"max-image-preview:large","max-video-preview":"max-video-preview:-1"},"canonical":"https:\/\/www.pcb.ub.edu\/es\/xavier-fernandez-busquets-y-marc-cirera-ganan-la-primera-edicion-del-concurso-de-instagram-un-dia-al-pcb\/","og_locale":"es_ES","og_type":"article","og_title":"Xavier Fern\u00e1ndez Busquets y Marc Cirera ganan la primera edici\u00f3n del concurso de Instagram \u2019Un d\u00eda al PCB\u2019 - Parc Cient\u00edfic de Barcelona","og_description":"NanoChristmas trees with lipoballs, una fotograf\u00eda\u00a0de Xavier Fern\u00e1ndez Busquets \u2013group leader de la\u00a0unidad de Nanomal\u00e0ria IBEC-CRESIB\u2013\u00a0y el ilustrador cient\u00edfico Marc Cirera,\u00a0ha sido la imagen ganadora de la primera edici\u00f3n del concurso de Instagram 'Un d\u00eda en el PCB'. El objetivo de este certamen \u2013organizado por el Parc Cient\u00edfic\u00a0de Barcelona (PCB) y dirigido a las m\u00e1s de 2.000 personas que integran la Comunitat PCB\u2013 es un crear un mosaico colectivo con las mejores instant\u00e1neas de la vida en el parque\u00a0a lo largo de las 24 horas de un d\u00eda cualquiera. \u00a0","og_url":"https:\/\/www.pcb.ub.edu\/es\/xavier-fernandez-busquets-y-marc-cirera-ganan-la-primera-edicion-del-concurso-de-instagram-un-dia-al-pcb\/","og_site_name":"Parc Cient\u00edfic de Barcelona","article_published_time":"2015-12-19T23:00:00+00:00","article_modified_time":"2020-11-16T15:23:16+00:00","og_image":[{"width":600,"height":600,"url":"https:\/\/www.pcb.ub.edu\/wp-content\/uploads\/2015\/12\/16049227765fa92d981d10e.jpeg","type":"image\/jpeg"}],"author":"adminpcb","twitter_card":"summary_large_image","twitter_misc":{"Escrito por":"adminpcb","Tiempo de lectura":"1 minuto"},"schema":{"@context":"https:\/\/schema.org","@graph":[{"@type":"Article","@id":"https:\/\/www.pcb.ub.edu\/es\/xavier-fernandez-busquets-y-marc-cirera-ganan-la-primera-edicion-del-concurso-de-instagram-un-dia-al-pcb\/#article","isPartOf":{"@id":"https:\/\/www.pcb.ub.edu\/es\/xavier-fernandez-busquets-y-marc-cirera-ganan-la-primera-edicion-del-concurso-de-instagram-un-dia-al-pcb\/"},"author":{"name":"adminpcb","@id":"https:\/\/www.pcb.ub.edu\/es\/#\/schema\/person\/d13cab05cd0a75b17fddca8496481021"},"headline":"Xavier Fern\u00e1ndez Busquets y Marc Cirera ganan la primera edici\u00f3n del concurso de Instagram \u2019Un d\u00eda al PCB\u2019","datePublished":"2015-12-19T23:00:00+00:00","dateModified":"2020-11-16T15:23:16+00:00","mainEntityOfPage":{"@id":"https:\/\/www.pcb.ub.edu\/es\/xavier-fernandez-busquets-y-marc-cirera-ganan-la-primera-edicion-del-concurso-de-instagram-un-dia-al-pcb\/"},"wordCount":251,"image":{"@id":"https:\/\/www.pcb.ub.edu\/es\/xavier-fernandez-busquets-y-marc-cirera-ganan-la-primera-edicion-del-concurso-de-instagram-un-dia-al-pcb\/#primaryimage"},"thumbnailUrl":"https:\/\/www.pcb.ub.edu\/wp-content\/uploads\/2015\/12\/16049227765fa92d981d10e.jpeg","articleSection":["Sin categorizar"],"inLanguage":"es"},{"@type":"WebPage","@id":"https:\/\/www.pcb.ub.edu\/es\/xavier-fernandez-busquets-y-marc-cirera-ganan-la-primera-edicion-del-concurso-de-instagram-un-dia-al-pcb\/","url":"https:\/\/www.pcb.ub.edu\/es\/xavier-fernandez-busquets-y-marc-cirera-ganan-la-primera-edicion-del-concurso-de-instagram-un-dia-al-pcb\/","name":"Xavier Fern\u00e1ndez Busquets y Marc Cirera ganan la primera edici\u00f3n del concurso de Instagram \u2019Un d\u00eda al PCB\u2019 - Parc Cient\u00edfic de Barcelona","isPartOf":{"@id":"https:\/\/www.pcb.ub.edu\/es\/#website"},"primaryImageOfPage":{"@id":"https:\/\/www.pcb.ub.edu\/es\/xavier-fernandez-busquets-y-marc-cirera-ganan-la-primera-edicion-del-concurso-de-instagram-un-dia-al-pcb\/#primaryimage"},"image":{"@id":"https:\/\/www.pcb.ub.edu\/es\/xavier-fernandez-busquets-y-marc-cirera-ganan-la-primera-edicion-del-concurso-de-instagram-un-dia-al-pcb\/#primaryimage"},"thumbnailUrl":"https:\/\/www.pcb.ub.edu\/wp-content\/uploads\/2015\/12\/16049227765fa92d981d10e.jpeg","datePublished":"2015-12-19T23:00:00+00:00","dateModified":"2020-11-16T15:23:16+00:00","author":{"@id":"https:\/\/www.pcb.ub.edu\/es\/#\/schema\/person\/d13cab05cd0a75b17fddca8496481021"},"breadcrumb":{"@id":"https:\/\/www.pcb.ub.edu\/es\/xavier-fernandez-busquets-y-marc-cirera-ganan-la-primera-edicion-del-concurso-de-instagram-un-dia-al-pcb\/#breadcrumb"},"inLanguage":"es","potentialAction":[{"@type":"ReadAction","target":["https:\/\/www.pcb.ub.edu\/es\/xavier-fernandez-busquets-y-marc-cirera-ganan-la-primera-edicion-del-concurso-de-instagram-un-dia-al-pcb\/"]}]},{"@type":"ImageObject","inLanguage":"es","@id":"https:\/\/www.pcb.ub.edu\/es\/xavier-fernandez-busquets-y-marc-cirera-ganan-la-primera-edicion-del-concurso-de-instagram-un-dia-al-pcb\/#primaryimage","url":"https:\/\/www.pcb.ub.edu\/wp-content\/uploads\/2015\/12\/16049227765fa92d981d10e.jpeg","contentUrl":"https:\/\/www.pcb.ub.edu\/wp-content\/uploads\/2015\/12\/16049227765fa92d981d10e.jpeg","width":600,"height":600},{"@type":"BreadcrumbList","@id":"https:\/\/www.pcb.ub.edu\/es\/xavier-fernandez-busquets-y-marc-cirera-ganan-la-primera-edicion-del-concurso-de-instagram-un-dia-al-pcb\/#breadcrumb","itemListElement":[{"@type":"ListItem","position":1,"name":"Home","item":"https:\/\/www.pcb.ub.edu\/es\/"},{"@type":"ListItem","position":2,"name":"Xavier Fern\u00e1ndez Busquets y Marc Cirera ganan la primera edici\u00f3n del concurso de Instagram \u2019Un d\u00eda al PCB\u2019"}]},{"@type":"WebSite","@id":"https:\/\/www.pcb.ub.edu\/es\/#website","url":"https:\/\/www.pcb.ub.edu\/es\/","name":"Parc Cient\u00edfic de Barcelona","description":"Universitat de Barcelona","potentialAction":[{"@type":"SearchAction","target":{"@type":"EntryPoint","urlTemplate":"https:\/\/www.pcb.ub.edu\/es\/?s={search_term_string}"},"query-input":{"@type":"PropertyValueSpecification","valueRequired":true,"valueName":"search_term_string"}}],"inLanguage":"es"},{"@type":"Person","@id":"https:\/\/www.pcb.ub.edu\/es\/#\/schema\/person\/d13cab05cd0a75b17fddca8496481021","name":"adminpcb","image":{"@type":"ImageObject","inLanguage":"es","@id":"https:\/\/secure.gravatar.com\/avatar\/41ad0fab4bb3bf5348b0af9612159cfd93173a57bbca98fecb50fa6f3ab97d28?s=96&d=mm&r=g","url":"https:\/\/secure.gravatar.com\/avatar\/41ad0fab4bb3bf5348b0af9612159cfd93173a57bbca98fecb50fa6f3ab97d28?s=96&d=mm&r=g","contentUrl":"https:\/\/secure.gravatar.com\/avatar\/41ad0fab4bb3bf5348b0af9612159cfd93173a57bbca98fecb50fa6f3ab97d28?s=96&d=mm&r=g","caption":"adminpcb"},"url":"https:\/\/www.pcb.ub.edu\/es\/author\/adminpcb\/"}]}},"_links":{"self":[{"href":"https:\/\/www.pcb.ub.edu\/es\/wp-json\/wp\/v2\/posts\/39261","targetHints":{"allow":["GET"]}}],"collection":[{"href":"https:\/\/www.pcb.ub.edu\/es\/wp-json\/wp\/v2\/posts"}],"about":[{"href":"https:\/\/www.pcb.ub.edu\/es\/wp-json\/wp\/v2\/types\/post"}],"author":[{"embeddable":true,"href":"https:\/\/www.pcb.ub.edu\/es\/wp-json\/wp\/v2\/users\/1"}],"replies":[{"embeddable":true,"href":"https:\/\/www.pcb.ub.edu\/es\/wp-json\/wp\/v2\/comments?post=39261"}],"version-history":[{"count":1,"href":"https:\/\/www.pcb.ub.edu\/es\/wp-json\/wp\/v2\/posts\/39261\/revisions"}],"predecessor-version":[{"id":45349,"href":"https:\/\/www.pcb.ub.edu\/es\/wp-json\/wp\/v2\/posts\/39261\/revisions\/45349"}],"wp:featuredmedia":[{"embeddable":true,"href":"https:\/\/www.pcb.ub.edu\/es\/wp-json\/wp\/v2\/media\/27494"}],"wp:attachment":[{"href":"https:\/\/www.pcb.ub.edu\/es\/wp-json\/wp\/v2\/media?parent=39261"}],"wp:term":[{"taxonomy":"category","embeddable":true,"href":"https:\/\/www.pcb.ub.edu\/es\/wp-json\/wp\/v2\/categories?post=39261"},{"taxonomy":"post_tag","embeddable":true,"href":"https:\/\/www.pcb.ub.edu\/es\/wp-json\/wp\/v2\/tags?post=39261"}],"curies":[{"name":"wp","href":"https:\/\/api.w.org\/{rel}","templated":true}]}}