{"id":39194,"date":"2015-08-05T00:00:00","date_gmt":"2015-08-04T23:00:00","guid":{"rendered":"http:\/\/www.pcb.ub.edu\/\/sylvie-bove-nueva-directora-general-de-la-eit-health\/"},"modified":"2020-11-16T16:23:00","modified_gmt":"2020-11-16T15:23:00","slug":"sylvie-bove-nueva-directora-general-de-la-eit-health","status":"publish","type":"post","link":"https:\/\/www.pcb.ub.edu\/es\/sylvie-bove-nueva-directora-general-de-la-eit-health\/","title":{"rendered":"Sylvie Bove, nueva directora general de la EIT Health"},"content":{"rendered":"<p>Sylvie Bove es\u00a0de nacionalidad francesa y cuenta con una experiencia de m\u00e1s de 20 a\u00f1os en gesti\u00f3n y direcci\u00f3n de empresas relacionadas con las ciencias de la vida. Ha sido la responsable del lanzamiento\u00a0de nuevos productos al mercado en companyies como\u00a0Coloplast A\/S o Ferring Pharmaceuticals, y tambi\u00e9n ha contribuido a la creaci\u00f3n del\u00a0Copenhagen HealthTech Cluster.<\/p>\n<p>\u00abEstoy orgullosa de formar parte de esta organizaci\u00f3n, que tiene como objetivo acelerar la llegada de resultados de la investigaci\u00f3n a los pacientes\u00bb, afirma Bove. \u00abMi objetivo es contribuir al cambio que debe tener lugar en las ciencias de la vida en Europa para hacer frente a los retos del futuro de la salud de una manera a\u00fan m\u00e1s eficaz.\u00bb<\/p>\n<p>La\u00a0<a href=\"https:\/\/eithealth.eu\/\" target=\"_blank\" rel=\"noopener noreferrer\">EIT Health<\/a>, creada el mes de diciembre de 2014, es un consorcio que actualmente comprende m\u00e1s de 144 empresas l\u00edderes, universidades, institutos y centros de investigaci\u00f3n de catorce pa\u00edses europeos. Con un presupuesto total de 2.100 millones de euros, se trata de una de las iniciativas m\u00e1s ambiciosas desarrolladas con financiaci\u00f3n p\u00fablica al \u00e1mbito de la innovaci\u00f3n y la emprendedur\u00eda para una vida saludable y un envejecimiento activo. Hasta finales del 2016, el consorcio espera generar cerca de 80 nuevas ideas de negocio y llegar a las 140 en 2018. La previsi\u00f3n es generar unas 70\u00a0start-ups\u00a0al a\u00f1o e implicar un mill\u00f3n de estudiantes en los programas impulsados por EIT Health (EIT Alumni).<\/p>\n<p>El\u00a0<a href=\"http:\/\/eit.europa.eu\/eit-community\/eit-glance\/mission\" target=\"_blank\" rel=\"noopener noreferrer\">Instituto Europeo de Innovaci\u00f3 y Tecnolog\u00eda<\/a>\u00a0(European Institute of Innovation and Technology,\u00a0EIT) es un organismo independiente de la Uni\u00f3n Europea que se fund\u00f3 en 2008 para fomentar la innovaci\u00f3n y la iniciativa emprendedora en Europa. Agrupa instituciones acad\u00e9micas, laboratorios de investigaci\u00f3n y empresas l\u00edderes con el objectivo\u00a0de promover asociaciones transfronterizas din\u00e1micas \u2013las llamadas\u00a0<a href=\"http:\/\/eit.europa.eu\/activities\/innovation-communities\" target=\"_blank\" rel=\"noopener noreferrer\">Knowledge and Innovation Communities (KICs)<\/a>\u2013 que desarrollen nuevos productos y servicios y apuesten por una nueva generaci\u00f3n de emprendedores. Hasta ahora\u00a0se han constituido 5 KICs de diversos sectores: Climate-KIC, EIT ICT Labs, KIC InnoEnergy, EIT Raw Materiales y la EIT Health, a las cuales se a\u00f1adir\u00e1n dos m\u00e1s:\u00a0Food4future KIC\u00a0(2016)\u00a0y Urban mobility KIC\u00a0(2018).<\/p>\n<p>\u00a0<\/p>\n<p><a href=\"http:\/\/www.pcb.ub.edu\/portal\/es\/noticies\/-\/noticia\/not_el-pcb-acull-la-presentacio-del-node-espanyol-de-l-eit-heath-la-major-iniciativa-de-la-ue-a-l-ambit-de-la-innovacio-en-salut?inheritRedirect=false&amp;redirect=%2Fportal%2Fen%2Fcerca%3F_cercador_WAR_empleatsempresesportlet_keywords%3Deit%26_cercador_WAR_empleatsempresesportlet_data-inici%3D%26_cercador_WAR_empleatsempresesportlet_data-fi%3D%26p_p_id%3Dcercador_WAR_empleatsempresesportlet%26p_p_lifecycle%3D0%26p_p_mode%3Dview%26_cercador_WAR_empleatsempresesportlet_tab%3D3&amp;backURL=%2Fportal%2Fen%2Fcerca%3F_cercador_WAR_empleatsempresesportlet_keywords%3Deit%26_cercador_WAR_empleatsempresesportlet_data-inici%3D%26_cercador_WAR_empleatsempresesportlet_data-fi%3D%26p_p_id%3Dcercador_WAR_empleatsempresesportlet%26p_p_lifecycle%3D0%26p_p_mode%3Dview%26_cercador_WAR_empleatsempresesportlet_tab%3D3\" target=\"_blank\" rel=\"noopener noreferrer\">Noticia relacionada [+]<\/a><\/p>\n","protected":false},"excerpt":{"rendered":"<p>Sylvie Bove ha sido designada\u00a0nueva directora general de la <a href=\"https:\/\/eithealth.eu\/\" target=\"_blank\" rel=\"noopener noreferrer\">EIT Health<\/a>, la comunidad de conocimiento e innovaci\u00f3n (Knowledge and Innovation Community, KIC) en vida saludable y envejecimiento activo impulsada por el Instituto Europeo de Innovaci\u00f3n y Tecnolog\u00eda (<a href=\"http:\/\/eit.europa.eu\/eit-community\/eit-glance\/mission\" target=\"_blank\" rel=\"noopener noreferrer\">EIT<\/a>). El nodo espa\u00f1ol, EIT Health Spain, liderado por la <a href=\"http:\/\/www.ub.edu\/web\/ub\/es\/index.html?\" target=\"_blank\" rel=\"noopener noreferrer\">Universidad\u00a0de Barcelona<\/a>\u00a0(UB) con el apoyo de <a href=\"http:\/\/www.biocat.cat\/es\" target=\"_blank\" rel=\"noopener noreferrer\">Biocat<\/a>,\u00a0tiene su sede en el Parc Cient\u00edfic\u00a0de Barcelona (PCB) y est\u00e1 integrado por 50 <em>partners<\/em> principales y 90 <em>partners<\/em> asociados del \u00e1mbito p\u00fablico y privado, l\u00edderes en su sector y comprometidos con la innovaci\u00f3n en salud. Bove se incorporar\u00e1 al cargo el 1 de septiembre.<\/p>\n","protected":false},"author":1,"featured_media":27232,"comment_status":"closed","ping_status":"open","sticky":false,"template":"","format":"standard","meta":{"_acf_changed":false,"inline_featured_image":false,"footnotes":""},"categories":[9],"tags":[],"class_list":["post-39194","post","type-post","status-publish","format-standard","has-post-thumbnail","category-sin-categorizar"],"acf":[],"yoast_head":"<!-- This site is optimized with the Yoast SEO plugin v27.3 - https:\/\/yoast.com\/product\/yoast-seo-wordpress\/ -->\n<title>Sylvie Bove, nueva directora general de la EIT Health - Parc Cient\u00edfic de Barcelona<\/title>\n<meta name=\"robots\" content=\"index, follow, max-snippet:-1, max-image-preview:large, max-video-preview:-1\" \/>\n<link rel=\"canonical\" href=\"https:\/\/www.pcb.ub.edu\/es\/sylvie-bove-nueva-directora-general-de-la-eit-health\/\" \/>\n<meta property=\"og:locale\" content=\"es_ES\" \/>\n<meta property=\"og:type\" content=\"article\" \/>\n<meta property=\"og:title\" content=\"Sylvie Bove, nueva directora general de la EIT Health - Parc Cient\u00edfic de Barcelona\" \/>\n<meta property=\"og:description\" content=\"Sylvie Bove ha sido designada\u00a0nueva directora general de la EIT Health, la comunidad de conocimiento e innovaci\u00f3n (Knowledge and Innovation Community, KIC) en vida saludable y envejecimiento activo impulsada por el Instituto Europeo de Innovaci\u00f3n y Tecnolog\u00eda (EIT). El nodo espa\u00f1ol, EIT Health Spain, liderado por la Universidad\u00a0de Barcelona\u00a0(UB) con el apoyo de Biocat,\u00a0tiene su sede en el Parc Cient\u00edfic\u00a0de Barcelona (PCB) y est\u00e1 integrado por 50 partners principales y 90 partners asociados del \u00e1mbito p\u00fablico y privado, l\u00edderes en su sector y comprometidos con la innovaci\u00f3n en salud. Bove se incorporar\u00e1 al cargo el 1 de septiembre.\" \/>\n<meta property=\"og:url\" content=\"https:\/\/www.pcb.ub.edu\/es\/sylvie-bove-nueva-directora-general-de-la-eit-health\/\" \/>\n<meta property=\"og:site_name\" content=\"Parc Cient\u00edfic de Barcelona\" \/>\n<meta property=\"article:published_time\" content=\"2015-08-04T23:00:00+00:00\" \/>\n<meta property=\"article:modified_time\" content=\"2020-11-16T15:23:00+00:00\" \/>\n<meta property=\"og:image\" content=\"https:\/\/www.pcb.ub.edu\/wp-content\/uploads\/2015\/08\/16049226685fa92d2c9e849.jpeg\" \/>\n\t<meta property=\"og:image:width\" content=\"336\" \/>\n\t<meta property=\"og:image:height\" content=\"289\" \/>\n\t<meta property=\"og:image:type\" content=\"image\/jpeg\" \/>\n<meta name=\"author\" content=\"adminpcb\" \/>\n<meta name=\"twitter:card\" content=\"summary_large_image\" \/>\n<meta name=\"twitter:label1\" content=\"Escrito por\" \/>\n\t<meta name=\"twitter:data1\" content=\"adminpcb\" \/>\n\t<meta name=\"twitter:label2\" content=\"Tiempo de lectura\" \/>\n\t<meta name=\"twitter:data2\" content=\"2 minutos\" \/>\n<script type=\"application\/ld+json\" class=\"yoast-schema-graph\">{\"@context\":\"https:\\\/\\\/schema.org\",\"@graph\":[{\"@type\":\"Article\",\"@id\":\"https:\\\/\\\/www.pcb.ub.edu\\\/es\\\/sylvie-bove-nueva-directora-general-de-la-eit-health\\\/#article\",\"isPartOf\":{\"@id\":\"https:\\\/\\\/www.pcb.ub.edu\\\/es\\\/sylvie-bove-nueva-directora-general-de-la-eit-health\\\/\"},\"author\":{\"name\":\"adminpcb\",\"@id\":\"https:\\\/\\\/www.pcb.ub.edu\\\/es\\\/#\\\/schema\\\/person\\\/d13cab05cd0a75b17fddca8496481021\"},\"headline\":\"Sylvie Bove, nueva directora general de la EIT Health\",\"datePublished\":\"2015-08-04T23:00:00+00:00\",\"dateModified\":\"2020-11-16T15:23:00+00:00\",\"mainEntityOfPage\":{\"@id\":\"https:\\\/\\\/www.pcb.ub.edu\\\/es\\\/sylvie-bove-nueva-directora-general-de-la-eit-health\\\/\"},\"wordCount\":380,\"image\":{\"@id\":\"https:\\\/\\\/www.pcb.ub.edu\\\/es\\\/sylvie-bove-nueva-directora-general-de-la-eit-health\\\/#primaryimage\"},\"thumbnailUrl\":\"https:\\\/\\\/www.pcb.ub.edu\\\/wp-content\\\/uploads\\\/2015\\\/08\\\/16049226685fa92d2c9e849.jpeg\",\"articleSection\":[\"Sin categorizar\"],\"inLanguage\":\"es\"},{\"@type\":\"WebPage\",\"@id\":\"https:\\\/\\\/www.pcb.ub.edu\\\/es\\\/sylvie-bove-nueva-directora-general-de-la-eit-health\\\/\",\"url\":\"https:\\\/\\\/www.pcb.ub.edu\\\/es\\\/sylvie-bove-nueva-directora-general-de-la-eit-health\\\/\",\"name\":\"Sylvie Bove, nueva directora general de la EIT Health - Parc Cient\u00edfic de Barcelona\",\"isPartOf\":{\"@id\":\"https:\\\/\\\/www.pcb.ub.edu\\\/es\\\/#website\"},\"primaryImageOfPage\":{\"@id\":\"https:\\\/\\\/www.pcb.ub.edu\\\/es\\\/sylvie-bove-nueva-directora-general-de-la-eit-health\\\/#primaryimage\"},\"image\":{\"@id\":\"https:\\\/\\\/www.pcb.ub.edu\\\/es\\\/sylvie-bove-nueva-directora-general-de-la-eit-health\\\/#primaryimage\"},\"thumbnailUrl\":\"https:\\\/\\\/www.pcb.ub.edu\\\/wp-content\\\/uploads\\\/2015\\\/08\\\/16049226685fa92d2c9e849.jpeg\",\"datePublished\":\"2015-08-04T23:00:00+00:00\",\"dateModified\":\"2020-11-16T15:23:00+00:00\",\"author\":{\"@id\":\"https:\\\/\\\/www.pcb.ub.edu\\\/es\\\/#\\\/schema\\\/person\\\/d13cab05cd0a75b17fddca8496481021\"},\"breadcrumb\":{\"@id\":\"https:\\\/\\\/www.pcb.ub.edu\\\/es\\\/sylvie-bove-nueva-directora-general-de-la-eit-health\\\/#breadcrumb\"},\"inLanguage\":\"es\",\"potentialAction\":[{\"@type\":\"ReadAction\",\"target\":[\"https:\\\/\\\/www.pcb.ub.edu\\\/es\\\/sylvie-bove-nueva-directora-general-de-la-eit-health\\\/\"]}]},{\"@type\":\"ImageObject\",\"inLanguage\":\"es\",\"@id\":\"https:\\\/\\\/www.pcb.ub.edu\\\/es\\\/sylvie-bove-nueva-directora-general-de-la-eit-health\\\/#primaryimage\",\"url\":\"https:\\\/\\\/www.pcb.ub.edu\\\/wp-content\\\/uploads\\\/2015\\\/08\\\/16049226685fa92d2c9e849.jpeg\",\"contentUrl\":\"https:\\\/\\\/www.pcb.ub.edu\\\/wp-content\\\/uploads\\\/2015\\\/08\\\/16049226685fa92d2c9e849.jpeg\",\"width\":336,\"height\":289},{\"@type\":\"BreadcrumbList\",\"@id\":\"https:\\\/\\\/www.pcb.ub.edu\\\/es\\\/sylvie-bove-nueva-directora-general-de-la-eit-health\\\/#breadcrumb\",\"itemListElement\":[{\"@type\":\"ListItem\",\"position\":1,\"name\":\"Home\",\"item\":\"https:\\\/\\\/www.pcb.ub.edu\\\/es\\\/\"},{\"@type\":\"ListItem\",\"position\":2,\"name\":\"Sylvie Bove, nueva directora general de la EIT Health\"}]},{\"@type\":\"WebSite\",\"@id\":\"https:\\\/\\\/www.pcb.ub.edu\\\/es\\\/#website\",\"url\":\"https:\\\/\\\/www.pcb.ub.edu\\\/es\\\/\",\"name\":\"Parc Cient\u00edfic de Barcelona\",\"description\":\"Universitat de Barcelona\",\"potentialAction\":[{\"@type\":\"SearchAction\",\"target\":{\"@type\":\"EntryPoint\",\"urlTemplate\":\"https:\\\/\\\/www.pcb.ub.edu\\\/es\\\/?s={search_term_string}\"},\"query-input\":{\"@type\":\"PropertyValueSpecification\",\"valueRequired\":true,\"valueName\":\"search_term_string\"}}],\"inLanguage\":\"es\"},{\"@type\":\"Person\",\"@id\":\"https:\\\/\\\/www.pcb.ub.edu\\\/es\\\/#\\\/schema\\\/person\\\/d13cab05cd0a75b17fddca8496481021\",\"name\":\"adminpcb\",\"image\":{\"@type\":\"ImageObject\",\"inLanguage\":\"es\",\"@id\":\"https:\\\/\\\/secure.gravatar.com\\\/avatar\\\/41ad0fab4bb3bf5348b0af9612159cfd93173a57bbca98fecb50fa6f3ab97d28?s=96&d=mm&r=g\",\"url\":\"https:\\\/\\\/secure.gravatar.com\\\/avatar\\\/41ad0fab4bb3bf5348b0af9612159cfd93173a57bbca98fecb50fa6f3ab97d28?s=96&d=mm&r=g\",\"contentUrl\":\"https:\\\/\\\/secure.gravatar.com\\\/avatar\\\/41ad0fab4bb3bf5348b0af9612159cfd93173a57bbca98fecb50fa6f3ab97d28?s=96&d=mm&r=g\",\"caption\":\"adminpcb\"},\"url\":\"https:\\\/\\\/www.pcb.ub.edu\\\/es\\\/author\\\/adminpcb\\\/\"}]}<\/script>\n<!-- \/ Yoast SEO plugin. -->","yoast_head_json":{"title":"Sylvie Bove, nueva directora general de la EIT Health - Parc Cient\u00edfic de Barcelona","robots":{"index":"index","follow":"follow","max-snippet":"max-snippet:-1","max-image-preview":"max-image-preview:large","max-video-preview":"max-video-preview:-1"},"canonical":"https:\/\/www.pcb.ub.edu\/es\/sylvie-bove-nueva-directora-general-de-la-eit-health\/","og_locale":"es_ES","og_type":"article","og_title":"Sylvie Bove, nueva directora general de la EIT Health - Parc Cient\u00edfic de Barcelona","og_description":"Sylvie Bove ha sido designada\u00a0nueva directora general de la EIT Health, la comunidad de conocimiento e innovaci\u00f3n (Knowledge and Innovation Community, KIC) en vida saludable y envejecimiento activo impulsada por el Instituto Europeo de Innovaci\u00f3n y Tecnolog\u00eda (EIT). El nodo espa\u00f1ol, EIT Health Spain, liderado por la Universidad\u00a0de Barcelona\u00a0(UB) con el apoyo de Biocat,\u00a0tiene su sede en el Parc Cient\u00edfic\u00a0de Barcelona (PCB) y est\u00e1 integrado por 50 partners principales y 90 partners asociados del \u00e1mbito p\u00fablico y privado, l\u00edderes en su sector y comprometidos con la innovaci\u00f3n en salud. Bove se incorporar\u00e1 al cargo el 1 de septiembre.","og_url":"https:\/\/www.pcb.ub.edu\/es\/sylvie-bove-nueva-directora-general-de-la-eit-health\/","og_site_name":"Parc Cient\u00edfic de Barcelona","article_published_time":"2015-08-04T23:00:00+00:00","article_modified_time":"2020-11-16T15:23:00+00:00","og_image":[{"width":336,"height":289,"url":"https:\/\/www.pcb.ub.edu\/wp-content\/uploads\/2015\/08\/16049226685fa92d2c9e849.jpeg","type":"image\/jpeg"}],"author":"adminpcb","twitter_card":"summary_large_image","twitter_misc":{"Escrito por":"adminpcb","Tiempo de lectura":"2 minutos"},"schema":{"@context":"https:\/\/schema.org","@graph":[{"@type":"Article","@id":"https:\/\/www.pcb.ub.edu\/es\/sylvie-bove-nueva-directora-general-de-la-eit-health\/#article","isPartOf":{"@id":"https:\/\/www.pcb.ub.edu\/es\/sylvie-bove-nueva-directora-general-de-la-eit-health\/"},"author":{"name":"adminpcb","@id":"https:\/\/www.pcb.ub.edu\/es\/#\/schema\/person\/d13cab05cd0a75b17fddca8496481021"},"headline":"Sylvie Bove, nueva directora general de la EIT Health","datePublished":"2015-08-04T23:00:00+00:00","dateModified":"2020-11-16T15:23:00+00:00","mainEntityOfPage":{"@id":"https:\/\/www.pcb.ub.edu\/es\/sylvie-bove-nueva-directora-general-de-la-eit-health\/"},"wordCount":380,"image":{"@id":"https:\/\/www.pcb.ub.edu\/es\/sylvie-bove-nueva-directora-general-de-la-eit-health\/#primaryimage"},"thumbnailUrl":"https:\/\/www.pcb.ub.edu\/wp-content\/uploads\/2015\/08\/16049226685fa92d2c9e849.jpeg","articleSection":["Sin categorizar"],"inLanguage":"es"},{"@type":"WebPage","@id":"https:\/\/www.pcb.ub.edu\/es\/sylvie-bove-nueva-directora-general-de-la-eit-health\/","url":"https:\/\/www.pcb.ub.edu\/es\/sylvie-bove-nueva-directora-general-de-la-eit-health\/","name":"Sylvie Bove, nueva directora general de la EIT Health - Parc Cient\u00edfic de Barcelona","isPartOf":{"@id":"https:\/\/www.pcb.ub.edu\/es\/#website"},"primaryImageOfPage":{"@id":"https:\/\/www.pcb.ub.edu\/es\/sylvie-bove-nueva-directora-general-de-la-eit-health\/#primaryimage"},"image":{"@id":"https:\/\/www.pcb.ub.edu\/es\/sylvie-bove-nueva-directora-general-de-la-eit-health\/#primaryimage"},"thumbnailUrl":"https:\/\/www.pcb.ub.edu\/wp-content\/uploads\/2015\/08\/16049226685fa92d2c9e849.jpeg","datePublished":"2015-08-04T23:00:00+00:00","dateModified":"2020-11-16T15:23:00+00:00","author":{"@id":"https:\/\/www.pcb.ub.edu\/es\/#\/schema\/person\/d13cab05cd0a75b17fddca8496481021"},"breadcrumb":{"@id":"https:\/\/www.pcb.ub.edu\/es\/sylvie-bove-nueva-directora-general-de-la-eit-health\/#breadcrumb"},"inLanguage":"es","potentialAction":[{"@type":"ReadAction","target":["https:\/\/www.pcb.ub.edu\/es\/sylvie-bove-nueva-directora-general-de-la-eit-health\/"]}]},{"@type":"ImageObject","inLanguage":"es","@id":"https:\/\/www.pcb.ub.edu\/es\/sylvie-bove-nueva-directora-general-de-la-eit-health\/#primaryimage","url":"https:\/\/www.pcb.ub.edu\/wp-content\/uploads\/2015\/08\/16049226685fa92d2c9e849.jpeg","contentUrl":"https:\/\/www.pcb.ub.edu\/wp-content\/uploads\/2015\/08\/16049226685fa92d2c9e849.jpeg","width":336,"height":289},{"@type":"BreadcrumbList","@id":"https:\/\/www.pcb.ub.edu\/es\/sylvie-bove-nueva-directora-general-de-la-eit-health\/#breadcrumb","itemListElement":[{"@type":"ListItem","position":1,"name":"Home","item":"https:\/\/www.pcb.ub.edu\/es\/"},{"@type":"ListItem","position":2,"name":"Sylvie Bove, nueva directora general de la EIT Health"}]},{"@type":"WebSite","@id":"https:\/\/www.pcb.ub.edu\/es\/#website","url":"https:\/\/www.pcb.ub.edu\/es\/","name":"Parc Cient\u00edfic de Barcelona","description":"Universitat de Barcelona","potentialAction":[{"@type":"SearchAction","target":{"@type":"EntryPoint","urlTemplate":"https:\/\/www.pcb.ub.edu\/es\/?s={search_term_string}"},"query-input":{"@type":"PropertyValueSpecification","valueRequired":true,"valueName":"search_term_string"}}],"inLanguage":"es"},{"@type":"Person","@id":"https:\/\/www.pcb.ub.edu\/es\/#\/schema\/person\/d13cab05cd0a75b17fddca8496481021","name":"adminpcb","image":{"@type":"ImageObject","inLanguage":"es","@id":"https:\/\/secure.gravatar.com\/avatar\/41ad0fab4bb3bf5348b0af9612159cfd93173a57bbca98fecb50fa6f3ab97d28?s=96&d=mm&r=g","url":"https:\/\/secure.gravatar.com\/avatar\/41ad0fab4bb3bf5348b0af9612159cfd93173a57bbca98fecb50fa6f3ab97d28?s=96&d=mm&r=g","contentUrl":"https:\/\/secure.gravatar.com\/avatar\/41ad0fab4bb3bf5348b0af9612159cfd93173a57bbca98fecb50fa6f3ab97d28?s=96&d=mm&r=g","caption":"adminpcb"},"url":"https:\/\/www.pcb.ub.edu\/es\/author\/adminpcb\/"}]}},"_links":{"self":[{"href":"https:\/\/www.pcb.ub.edu\/es\/wp-json\/wp\/v2\/posts\/39194","targetHints":{"allow":["GET"]}}],"collection":[{"href":"https:\/\/www.pcb.ub.edu\/es\/wp-json\/wp\/v2\/posts"}],"about":[{"href":"https:\/\/www.pcb.ub.edu\/es\/wp-json\/wp\/v2\/types\/post"}],"author":[{"embeddable":true,"href":"https:\/\/www.pcb.ub.edu\/es\/wp-json\/wp\/v2\/users\/1"}],"replies":[{"embeddable":true,"href":"https:\/\/www.pcb.ub.edu\/es\/wp-json\/wp\/v2\/comments?post=39194"}],"version-history":[{"count":1,"href":"https:\/\/www.pcb.ub.edu\/es\/wp-json\/wp\/v2\/posts\/39194\/revisions"}],"predecessor-version":[{"id":45285,"href":"https:\/\/www.pcb.ub.edu\/es\/wp-json\/wp\/v2\/posts\/39194\/revisions\/45285"}],"wp:featuredmedia":[{"embeddable":true,"href":"https:\/\/www.pcb.ub.edu\/es\/wp-json\/wp\/v2\/media\/27232"}],"wp:attachment":[{"href":"https:\/\/www.pcb.ub.edu\/es\/wp-json\/wp\/v2\/media?parent=39194"}],"wp:term":[{"taxonomy":"category","embeddable":true,"href":"https:\/\/www.pcb.ub.edu\/es\/wp-json\/wp\/v2\/categories?post=39194"},{"taxonomy":"post_tag","embeddable":true,"href":"https:\/\/www.pcb.ub.edu\/es\/wp-json\/wp\/v2\/tags?post=39194"}],"curies":[{"name":"wp","href":"https:\/\/api.w.org\/{rel}","templated":true}]}}