{"id":39187,"date":"2020-07-22T00:00:00","date_gmt":"2020-07-21T23:00:00","guid":{"rendered":"http:\/\/www.pcb.ub.edu\/\/som-biotech-nombra-a-alain-duguet-como-nuevo-jefe-de-fabricacion-y-control-de-calidad\/"},"modified":"2025-10-13T15:37:26","modified_gmt":"2025-10-13T13:37:26","slug":"som-biotech-nombra-a-alain-duguet-como-nuevo-jefe-de-fabricacion-y-control-de-calidad","status":"publish","type":"post","link":"https:\/\/www.pcb.ub.edu\/es\/som-biotech-nombra-a-alain-duguet-como-nuevo-jefe-de-fabricacion-y-control-de-calidad\/","title":{"rendered":"SOM Biotech nombra a Alain Duguet como nuevo jefe de Fabricaci\u00f3n y Control de Calidad"},"content":{"rendered":"<p><a href=\"https:\/\/www.linkedin.com\/in\/alain-duguet-0713ab29\/?originalSubdomain=fr\" target=\"_blank\" rel=\"noopener noreferrer\">Alain Duguet<\/a> se ha incorporado al equipo de <a href=\"https:\/\/sombiotech.com\/som-biotech-team\/\" target=\"_blank\" rel=\"noopener noreferrer\">SOM Biotech<\/a> para asumir la responsabilidad del desarrollo farmac\u00e9utico de la compa\u00f1\u00eda, la fabricaci\u00f3n y el control de calidad de producto.<\/p>\n<p>El Dr. Duguet tiene una amplia experiencia en procesos farmac\u00e9uticos, desde la definici\u00f3n y el desarrollo de m\u00e9todos anal\u00edticos, hasta el an\u00e1lisis de las propiedades fisicoqu\u00edmicas de los medicamentos y la calificaci\u00f3n de los procedimientos de fabricaci\u00f3n. Antes de unirse a SOM Biotech, Alain Duguet fund\u00f3 una exitosa empresa de consultor\u00eda y trabaj\u00f3 como responsable de an\u00e1lisis de producto y control de calidad para grandes compa\u00f1\u00edas farmac\u00e9uticas multinacionales como Sanofi.<\/p>\n<p>Seg\u00fan Raul Insa, CEO de SOM Biotech: \u201cEs un placer dar la bienvenida a Alain Duguet a SOM Biotech en este momento prometedor para la compa\u00f1\u00eda. La contribuci\u00f3n de Alain ser\u00e1 muy valiosa para garantizar que todas las etapas del desarrollo de medicamentos, desde los ensayos cl\u00ednicos hasta la fabricaci\u00f3n, se gestionen correctamente y se superen las especificaciones actuales est\u00e1ndares de eficacia y seguridad. Esto es de gran importancia especialmente en nuestros ensayos cl\u00ednicos de Fase 2 y 3, donde tenemos como objetivo superar los requisitos de la FDA y la EMA\u201d.<\/p>\n","protected":false},"excerpt":{"rendered":"<p>La biotecnol\u00f3gica <a href=\"http:\/\/www.pcb.ub.edu\/portal\/es\/cerca?p_p_id=cercador_WAR_empleatsempresesportlet&amp;p_p_lifecycle=0&amp;p_p_state=maximized&amp;p_p_mode=view&amp;p_p_col_id=column-1&amp;p_p_col_count=1&amp;_cercador_WAR_empleatsempresesportlet_jspPage=%2Fhtml%2Fcommon%2Fdetall-empresa.jsp&amp;_cercador_WAR_empleatsempresesportlet_empresaId=ENT_007884&amp;_cercador_WAR_empleatsempresesportlet_redirect=%2Fportal%2Fes%2Fcerca%3Fp_p_id%3Dcercador_WAR_empleatsempresesportlet%26p_p_lifecycle%3D0%26p_p_mode%3Dview%26_cercador_WAR_empleatsempresesportlet_keywords%3Dsom%2Bbiotech%26_cercador_WAR_empleatsempresesportlet_tab%3D1\" target=\"_blank\" rel=\"noopener noreferrer\">SOM Biotech<\/a>, con sede en el Parc Cient\u00edfic de Barcelona y especializada en el desarrollo y descubrimiento de f\u00e1rmacos, ha nombrado a Alain Duguet como nuevo jefe de Fabricaci\u00f3n y Control de Calidad. Con una trayectoria profesional de m\u00e1s de 30 a\u00f1os, Duguet es un acreditado consultor y experto en la definici\u00f3n, gesti\u00f3n, evaluaci\u00f3n y optimizaci\u00f3n de los procesos de producci\u00f3n de medicamentos en la industria farmac\u00e9utica y ha trabajado para grandes multinacionales, entre ellas Sanofi, donde lider\u00f3 este \u00e1rea durante m\u00e1s de 15 a\u00f1os.<\/p>\n<p>\u00a0<\/p>\n","protected":false},"author":1,"featured_media":27204,"comment_status":"closed","ping_status":"open","sticky":false,"template":"","format":"standard","meta":{"_acf_changed":false,"inline_featured_image":false,"footnotes":""},"categories":[356],"tags":[],"class_list":["post-39187","post","type-post","status-publish","format-standard","has-post-thumbnail","category-empresas"],"acf":[],"yoast_head":"<!-- This site is optimized with the Yoast SEO plugin v27.3 - https:\/\/yoast.com\/product\/yoast-seo-wordpress\/ -->\n<title>SOM Biotech nombra a Alain Duguet como nuevo jefe de Fabricaci\u00f3n y Control de Calidad - Parc Cient\u00edfic de Barcelona<\/title>\n<meta name=\"robots\" content=\"index, follow, max-snippet:-1, max-image-preview:large, max-video-preview:-1\" \/>\n<link rel=\"canonical\" href=\"https:\/\/www.pcb.ub.edu\/es\/som-biotech-nombra-a-alain-duguet-como-nuevo-jefe-de-fabricacion-y-control-de-calidad\/\" \/>\n<meta property=\"og:locale\" content=\"es_ES\" \/>\n<meta property=\"og:type\" content=\"article\" \/>\n<meta property=\"og:title\" content=\"SOM Biotech nombra a Alain Duguet como nuevo jefe de Fabricaci\u00f3n y Control de Calidad - Parc Cient\u00edfic de Barcelona\" \/>\n<meta property=\"og:description\" content=\"La biotecnol\u00f3gica SOM Biotech, con sede en el Parc Cient\u00edfic de Barcelona y especializada en el desarrollo y descubrimiento de f\u00e1rmacos, ha nombrado a Alain Duguet como nuevo jefe de Fabricaci\u00f3n y Control de Calidad. Con una trayectoria profesional de m\u00e1s de 30 a\u00f1os, Duguet es un acreditado consultor y experto en la definici\u00f3n, gesti\u00f3n, evaluaci\u00f3n y optimizaci\u00f3n de los procesos de producci\u00f3n de medicamentos en la industria farmac\u00e9utica y ha trabajado para grandes multinacionales, entre ellas Sanofi, donde lider\u00f3 este \u00e1rea durante m\u00e1s de 15 a\u00f1os.  \u00a0\" \/>\n<meta property=\"og:url\" content=\"https:\/\/www.pcb.ub.edu\/es\/som-biotech-nombra-a-alain-duguet-como-nuevo-jefe-de-fabricacion-y-control-de-calidad\/\" \/>\n<meta property=\"og:site_name\" content=\"Parc Cient\u00edfic de Barcelona\" \/>\n<meta property=\"article:published_time\" content=\"2020-07-21T23:00:00+00:00\" \/>\n<meta property=\"article:modified_time\" content=\"2025-10-13T13:37:26+00:00\" \/>\n<meta property=\"og:image\" content=\"https:\/\/www.pcb.ub.edu\/wp-content\/uploads\/2020\/07\/16049226555fa92d1f888ca.jpeg\" \/>\n\t<meta property=\"og:image:width\" content=\"1500\" \/>\n\t<meta property=\"og:image:height\" content=\"998\" \/>\n\t<meta property=\"og:image:type\" content=\"image\/jpeg\" \/>\n<meta name=\"author\" content=\"adminpcb\" \/>\n<meta name=\"twitter:card\" content=\"summary_large_image\" \/>\n<meta name=\"twitter:label1\" content=\"Escrito por\" \/>\n\t<meta name=\"twitter:data1\" content=\"adminpcb\" \/>\n\t<meta name=\"twitter:label2\" content=\"Tiempo de lectura\" \/>\n\t<meta name=\"twitter:data2\" content=\"1 minuto\" \/>\n<script type=\"application\/ld+json\" class=\"yoast-schema-graph\">{\"@context\":\"https:\\\/\\\/schema.org\",\"@graph\":[{\"@type\":\"Article\",\"@id\":\"https:\\\/\\\/www.pcb.ub.edu\\\/es\\\/som-biotech-nombra-a-alain-duguet-como-nuevo-jefe-de-fabricacion-y-control-de-calidad\\\/#article\",\"isPartOf\":{\"@id\":\"https:\\\/\\\/www.pcb.ub.edu\\\/es\\\/som-biotech-nombra-a-alain-duguet-como-nuevo-jefe-de-fabricacion-y-control-de-calidad\\\/\"},\"author\":{\"name\":\"adminpcb\",\"@id\":\"https:\\\/\\\/www.pcb.ub.edu\\\/es\\\/#\\\/schema\\\/person\\\/d13cab05cd0a75b17fddca8496481021\"},\"headline\":\"SOM Biotech nombra a Alain Duguet como nuevo jefe de Fabricaci\u00f3n y Control de Calidad\",\"datePublished\":\"2020-07-21T23:00:00+00:00\",\"dateModified\":\"2025-10-13T13:37:26+00:00\",\"mainEntityOfPage\":{\"@id\":\"https:\\\/\\\/www.pcb.ub.edu\\\/es\\\/som-biotech-nombra-a-alain-duguet-como-nuevo-jefe-de-fabricacion-y-control-de-calidad\\\/\"},\"wordCount\":227,\"image\":{\"@id\":\"https:\\\/\\\/www.pcb.ub.edu\\\/es\\\/som-biotech-nombra-a-alain-duguet-como-nuevo-jefe-de-fabricacion-y-control-de-calidad\\\/#primaryimage\"},\"thumbnailUrl\":\"https:\\\/\\\/www.pcb.ub.edu\\\/wp-content\\\/uploads\\\/2020\\\/07\\\/16049226555fa92d1f888ca.jpeg\",\"articleSection\":[\"EMPRESAS\"],\"inLanguage\":\"es\"},{\"@type\":\"WebPage\",\"@id\":\"https:\\\/\\\/www.pcb.ub.edu\\\/es\\\/som-biotech-nombra-a-alain-duguet-como-nuevo-jefe-de-fabricacion-y-control-de-calidad\\\/\",\"url\":\"https:\\\/\\\/www.pcb.ub.edu\\\/es\\\/som-biotech-nombra-a-alain-duguet-como-nuevo-jefe-de-fabricacion-y-control-de-calidad\\\/\",\"name\":\"SOM Biotech nombra a Alain Duguet como nuevo jefe de Fabricaci\u00f3n y Control de Calidad - Parc Cient\u00edfic de Barcelona\",\"isPartOf\":{\"@id\":\"https:\\\/\\\/www.pcb.ub.edu\\\/es\\\/#website\"},\"primaryImageOfPage\":{\"@id\":\"https:\\\/\\\/www.pcb.ub.edu\\\/es\\\/som-biotech-nombra-a-alain-duguet-como-nuevo-jefe-de-fabricacion-y-control-de-calidad\\\/#primaryimage\"},\"image\":{\"@id\":\"https:\\\/\\\/www.pcb.ub.edu\\\/es\\\/som-biotech-nombra-a-alain-duguet-como-nuevo-jefe-de-fabricacion-y-control-de-calidad\\\/#primaryimage\"},\"thumbnailUrl\":\"https:\\\/\\\/www.pcb.ub.edu\\\/wp-content\\\/uploads\\\/2020\\\/07\\\/16049226555fa92d1f888ca.jpeg\",\"datePublished\":\"2020-07-21T23:00:00+00:00\",\"dateModified\":\"2025-10-13T13:37:26+00:00\",\"author\":{\"@id\":\"https:\\\/\\\/www.pcb.ub.edu\\\/es\\\/#\\\/schema\\\/person\\\/d13cab05cd0a75b17fddca8496481021\"},\"breadcrumb\":{\"@id\":\"https:\\\/\\\/www.pcb.ub.edu\\\/es\\\/som-biotech-nombra-a-alain-duguet-como-nuevo-jefe-de-fabricacion-y-control-de-calidad\\\/#breadcrumb\"},\"inLanguage\":\"es\",\"potentialAction\":[{\"@type\":\"ReadAction\",\"target\":[\"https:\\\/\\\/www.pcb.ub.edu\\\/es\\\/som-biotech-nombra-a-alain-duguet-como-nuevo-jefe-de-fabricacion-y-control-de-calidad\\\/\"]}]},{\"@type\":\"ImageObject\",\"inLanguage\":\"es\",\"@id\":\"https:\\\/\\\/www.pcb.ub.edu\\\/es\\\/som-biotech-nombra-a-alain-duguet-como-nuevo-jefe-de-fabricacion-y-control-de-calidad\\\/#primaryimage\",\"url\":\"https:\\\/\\\/www.pcb.ub.edu\\\/wp-content\\\/uploads\\\/2020\\\/07\\\/16049226555fa92d1f888ca.jpeg\",\"contentUrl\":\"https:\\\/\\\/www.pcb.ub.edu\\\/wp-content\\\/uploads\\\/2020\\\/07\\\/16049226555fa92d1f888ca.jpeg\",\"width\":1500,\"height\":998},{\"@type\":\"BreadcrumbList\",\"@id\":\"https:\\\/\\\/www.pcb.ub.edu\\\/es\\\/som-biotech-nombra-a-alain-duguet-como-nuevo-jefe-de-fabricacion-y-control-de-calidad\\\/#breadcrumb\",\"itemListElement\":[{\"@type\":\"ListItem\",\"position\":1,\"name\":\"Home\",\"item\":\"https:\\\/\\\/www.pcb.ub.edu\\\/es\\\/\"},{\"@type\":\"ListItem\",\"position\":2,\"name\":\"SOM Biotech nombra a Alain Duguet como nuevo jefe de Fabricaci\u00f3n y Control de Calidad\"}]},{\"@type\":\"WebSite\",\"@id\":\"https:\\\/\\\/www.pcb.ub.edu\\\/es\\\/#website\",\"url\":\"https:\\\/\\\/www.pcb.ub.edu\\\/es\\\/\",\"name\":\"Parc Cient\u00edfic de Barcelona\",\"description\":\"Universitat de Barcelona\",\"potentialAction\":[{\"@type\":\"SearchAction\",\"target\":{\"@type\":\"EntryPoint\",\"urlTemplate\":\"https:\\\/\\\/www.pcb.ub.edu\\\/es\\\/?s={search_term_string}\"},\"query-input\":{\"@type\":\"PropertyValueSpecification\",\"valueRequired\":true,\"valueName\":\"search_term_string\"}}],\"inLanguage\":\"es\"},{\"@type\":\"Person\",\"@id\":\"https:\\\/\\\/www.pcb.ub.edu\\\/es\\\/#\\\/schema\\\/person\\\/d13cab05cd0a75b17fddca8496481021\",\"name\":\"adminpcb\",\"image\":{\"@type\":\"ImageObject\",\"inLanguage\":\"es\",\"@id\":\"https:\\\/\\\/secure.gravatar.com\\\/avatar\\\/41ad0fab4bb3bf5348b0af9612159cfd93173a57bbca98fecb50fa6f3ab97d28?s=96&d=mm&r=g\",\"url\":\"https:\\\/\\\/secure.gravatar.com\\\/avatar\\\/41ad0fab4bb3bf5348b0af9612159cfd93173a57bbca98fecb50fa6f3ab97d28?s=96&d=mm&r=g\",\"contentUrl\":\"https:\\\/\\\/secure.gravatar.com\\\/avatar\\\/41ad0fab4bb3bf5348b0af9612159cfd93173a57bbca98fecb50fa6f3ab97d28?s=96&d=mm&r=g\",\"caption\":\"adminpcb\"},\"url\":\"https:\\\/\\\/www.pcb.ub.edu\\\/es\\\/author\\\/adminpcb\\\/\"}]}<\/script>\n<!-- \/ Yoast SEO plugin. -->","yoast_head_json":{"title":"SOM Biotech nombra a Alain Duguet como nuevo jefe de Fabricaci\u00f3n y Control de Calidad - Parc Cient\u00edfic de Barcelona","robots":{"index":"index","follow":"follow","max-snippet":"max-snippet:-1","max-image-preview":"max-image-preview:large","max-video-preview":"max-video-preview:-1"},"canonical":"https:\/\/www.pcb.ub.edu\/es\/som-biotech-nombra-a-alain-duguet-como-nuevo-jefe-de-fabricacion-y-control-de-calidad\/","og_locale":"es_ES","og_type":"article","og_title":"SOM Biotech nombra a Alain Duguet como nuevo jefe de Fabricaci\u00f3n y Control de Calidad - Parc Cient\u00edfic de Barcelona","og_description":"La biotecnol\u00f3gica SOM Biotech, con sede en el Parc Cient\u00edfic de Barcelona y especializada en el desarrollo y descubrimiento de f\u00e1rmacos, ha nombrado a Alain Duguet como nuevo jefe de Fabricaci\u00f3n y Control de Calidad. Con una trayectoria profesional de m\u00e1s de 30 a\u00f1os, Duguet es un acreditado consultor y experto en la definici\u00f3n, gesti\u00f3n, evaluaci\u00f3n y optimizaci\u00f3n de los procesos de producci\u00f3n de medicamentos en la industria farmac\u00e9utica y ha trabajado para grandes multinacionales, entre ellas Sanofi, donde lider\u00f3 este \u00e1rea durante m\u00e1s de 15 a\u00f1os.  \u00a0","og_url":"https:\/\/www.pcb.ub.edu\/es\/som-biotech-nombra-a-alain-duguet-como-nuevo-jefe-de-fabricacion-y-control-de-calidad\/","og_site_name":"Parc Cient\u00edfic de Barcelona","article_published_time":"2020-07-21T23:00:00+00:00","article_modified_time":"2025-10-13T13:37:26+00:00","og_image":[{"width":1500,"height":998,"url":"https:\/\/www.pcb.ub.edu\/wp-content\/uploads\/2020\/07\/16049226555fa92d1f888ca.jpeg","type":"image\/jpeg"}],"author":"adminpcb","twitter_card":"summary_large_image","twitter_misc":{"Escrito por":"adminpcb","Tiempo de lectura":"1 minuto"},"schema":{"@context":"https:\/\/schema.org","@graph":[{"@type":"Article","@id":"https:\/\/www.pcb.ub.edu\/es\/som-biotech-nombra-a-alain-duguet-como-nuevo-jefe-de-fabricacion-y-control-de-calidad\/#article","isPartOf":{"@id":"https:\/\/www.pcb.ub.edu\/es\/som-biotech-nombra-a-alain-duguet-como-nuevo-jefe-de-fabricacion-y-control-de-calidad\/"},"author":{"name":"adminpcb","@id":"https:\/\/www.pcb.ub.edu\/es\/#\/schema\/person\/d13cab05cd0a75b17fddca8496481021"},"headline":"SOM Biotech nombra a Alain Duguet como nuevo jefe de Fabricaci\u00f3n y Control de Calidad","datePublished":"2020-07-21T23:00:00+00:00","dateModified":"2025-10-13T13:37:26+00:00","mainEntityOfPage":{"@id":"https:\/\/www.pcb.ub.edu\/es\/som-biotech-nombra-a-alain-duguet-como-nuevo-jefe-de-fabricacion-y-control-de-calidad\/"},"wordCount":227,"image":{"@id":"https:\/\/www.pcb.ub.edu\/es\/som-biotech-nombra-a-alain-duguet-como-nuevo-jefe-de-fabricacion-y-control-de-calidad\/#primaryimage"},"thumbnailUrl":"https:\/\/www.pcb.ub.edu\/wp-content\/uploads\/2020\/07\/16049226555fa92d1f888ca.jpeg","articleSection":["EMPRESAS"],"inLanguage":"es"},{"@type":"WebPage","@id":"https:\/\/www.pcb.ub.edu\/es\/som-biotech-nombra-a-alain-duguet-como-nuevo-jefe-de-fabricacion-y-control-de-calidad\/","url":"https:\/\/www.pcb.ub.edu\/es\/som-biotech-nombra-a-alain-duguet-como-nuevo-jefe-de-fabricacion-y-control-de-calidad\/","name":"SOM Biotech nombra a Alain Duguet como nuevo jefe de Fabricaci\u00f3n y Control de Calidad - Parc Cient\u00edfic de Barcelona","isPartOf":{"@id":"https:\/\/www.pcb.ub.edu\/es\/#website"},"primaryImageOfPage":{"@id":"https:\/\/www.pcb.ub.edu\/es\/som-biotech-nombra-a-alain-duguet-como-nuevo-jefe-de-fabricacion-y-control-de-calidad\/#primaryimage"},"image":{"@id":"https:\/\/www.pcb.ub.edu\/es\/som-biotech-nombra-a-alain-duguet-como-nuevo-jefe-de-fabricacion-y-control-de-calidad\/#primaryimage"},"thumbnailUrl":"https:\/\/www.pcb.ub.edu\/wp-content\/uploads\/2020\/07\/16049226555fa92d1f888ca.jpeg","datePublished":"2020-07-21T23:00:00+00:00","dateModified":"2025-10-13T13:37:26+00:00","author":{"@id":"https:\/\/www.pcb.ub.edu\/es\/#\/schema\/person\/d13cab05cd0a75b17fddca8496481021"},"breadcrumb":{"@id":"https:\/\/www.pcb.ub.edu\/es\/som-biotech-nombra-a-alain-duguet-como-nuevo-jefe-de-fabricacion-y-control-de-calidad\/#breadcrumb"},"inLanguage":"es","potentialAction":[{"@type":"ReadAction","target":["https:\/\/www.pcb.ub.edu\/es\/som-biotech-nombra-a-alain-duguet-como-nuevo-jefe-de-fabricacion-y-control-de-calidad\/"]}]},{"@type":"ImageObject","inLanguage":"es","@id":"https:\/\/www.pcb.ub.edu\/es\/som-biotech-nombra-a-alain-duguet-como-nuevo-jefe-de-fabricacion-y-control-de-calidad\/#primaryimage","url":"https:\/\/www.pcb.ub.edu\/wp-content\/uploads\/2020\/07\/16049226555fa92d1f888ca.jpeg","contentUrl":"https:\/\/www.pcb.ub.edu\/wp-content\/uploads\/2020\/07\/16049226555fa92d1f888ca.jpeg","width":1500,"height":998},{"@type":"BreadcrumbList","@id":"https:\/\/www.pcb.ub.edu\/es\/som-biotech-nombra-a-alain-duguet-como-nuevo-jefe-de-fabricacion-y-control-de-calidad\/#breadcrumb","itemListElement":[{"@type":"ListItem","position":1,"name":"Home","item":"https:\/\/www.pcb.ub.edu\/es\/"},{"@type":"ListItem","position":2,"name":"SOM Biotech nombra a Alain Duguet como nuevo jefe de Fabricaci\u00f3n y Control de Calidad"}]},{"@type":"WebSite","@id":"https:\/\/www.pcb.ub.edu\/es\/#website","url":"https:\/\/www.pcb.ub.edu\/es\/","name":"Parc Cient\u00edfic de Barcelona","description":"Universitat de Barcelona","potentialAction":[{"@type":"SearchAction","target":{"@type":"EntryPoint","urlTemplate":"https:\/\/www.pcb.ub.edu\/es\/?s={search_term_string}"},"query-input":{"@type":"PropertyValueSpecification","valueRequired":true,"valueName":"search_term_string"}}],"inLanguage":"es"},{"@type":"Person","@id":"https:\/\/www.pcb.ub.edu\/es\/#\/schema\/person\/d13cab05cd0a75b17fddca8496481021","name":"adminpcb","image":{"@type":"ImageObject","inLanguage":"es","@id":"https:\/\/secure.gravatar.com\/avatar\/41ad0fab4bb3bf5348b0af9612159cfd93173a57bbca98fecb50fa6f3ab97d28?s=96&d=mm&r=g","url":"https:\/\/secure.gravatar.com\/avatar\/41ad0fab4bb3bf5348b0af9612159cfd93173a57bbca98fecb50fa6f3ab97d28?s=96&d=mm&r=g","contentUrl":"https:\/\/secure.gravatar.com\/avatar\/41ad0fab4bb3bf5348b0af9612159cfd93173a57bbca98fecb50fa6f3ab97d28?s=96&d=mm&r=g","caption":"adminpcb"},"url":"https:\/\/www.pcb.ub.edu\/es\/author\/adminpcb\/"}]}},"_links":{"self":[{"href":"https:\/\/www.pcb.ub.edu\/es\/wp-json\/wp\/v2\/posts\/39187","targetHints":{"allow":["GET"]}}],"collection":[{"href":"https:\/\/www.pcb.ub.edu\/es\/wp-json\/wp\/v2\/posts"}],"about":[{"href":"https:\/\/www.pcb.ub.edu\/es\/wp-json\/wp\/v2\/types\/post"}],"author":[{"embeddable":true,"href":"https:\/\/www.pcb.ub.edu\/es\/wp-json\/wp\/v2\/users\/1"}],"replies":[{"embeddable":true,"href":"https:\/\/www.pcb.ub.edu\/es\/wp-json\/wp\/v2\/comments?post=39187"}],"version-history":[{"count":2,"href":"https:\/\/www.pcb.ub.edu\/es\/wp-json\/wp\/v2\/posts\/39187\/revisions"}],"predecessor-version":[{"id":50903,"href":"https:\/\/www.pcb.ub.edu\/es\/wp-json\/wp\/v2\/posts\/39187\/revisions\/50903"}],"wp:featuredmedia":[{"embeddable":true,"href":"https:\/\/www.pcb.ub.edu\/es\/wp-json\/wp\/v2\/media\/27204"}],"wp:attachment":[{"href":"https:\/\/www.pcb.ub.edu\/es\/wp-json\/wp\/v2\/media?parent=39187"}],"wp:term":[{"taxonomy":"category","embeddable":true,"href":"https:\/\/www.pcb.ub.edu\/es\/wp-json\/wp\/v2\/categories?post=39187"},{"taxonomy":"post_tag","embeddable":true,"href":"https:\/\/www.pcb.ub.edu\/es\/wp-json\/wp\/v2\/tags?post=39187"}],"curies":[{"name":"wp","href":"https:\/\/api.w.org\/{rel}","templated":true}]}}