{"id":39173,"date":"2015-07-03T00:00:00","date_gmt":"2015-07-02T23:00:00","guid":{"rendered":"http:\/\/www.pcb.ub.edu\/\/se-firma-el-convenio-suma-que-impulsara-la-pcb-prbb-animal-facility-alliance\/"},"modified":"2020-11-16T16:22:54","modified_gmt":"2020-11-16T15:22:54","slug":"se-firma-el-convenio-suma-que-impulsara-la-pcb-prbb-animal-facility-alliance","status":"publish","type":"post","link":"https:\/\/www.pcb.ub.edu\/es\/se-firma-el-convenio-suma-que-impulsara-la-pcb-prbb-animal-facility-alliance\/","title":{"rendered":"Se firma el convenio SUMA que impulsar\u00e1 la PCB-PRBB Animal Facility Alliance"},"content":{"rendered":"<p>El mes diciembre de 2014 se firm\u00f3 el convenio de la alianza de los animalarios del PRBB y del PCB, los dos m\u00e1s grandes de Catalu\u00f1a, poniendo en com\u00fan los recursos de ambos centros, lo que representa que entre las dos instalaciones suman un total de 7.000 m2 (con posibilidad de ampliar 2.000 m\u00e1s), 60 trabajadores y 600 usuarios. A trav\u00e9s del programa SUMA la alianza recibir\u00e1 una aportaci\u00f3n de 185.000 euros.<\/p>\n<p>Los animalarios son proveedores de servicios indispensables para la investigaci\u00f3n biom\u00e9dica acad\u00e9mica y empresarial. Con esta nueva unidad funcional PCB-PRBB Animal Facility Alliance se pretende mejorar la calidad, la competitividad y la sostenibilidad de los servicios de apoyo a la investigaci\u00f3n biom\u00e9dica en Catalu\u00f1a, favorecer su crecimiento y asegurar la estabilidad financiera de los animalarios bajo una misma gesti\u00f3n operativa.\u00a0<\/p>\n<p>El objetivo de esta fusi\u00f3n se doble: \u201cPor un lado, armonizar la gesti\u00f3n del uso de los animales de experimentaci\u00f3n, con el fin de seguir los mismos criterios internacionales de bienestar animal y calidad de la investigaci\u00f3n, y por otro, optimizar recursos a todos los niveles: de instalaciones, de equipamientos, de personal, etc.\u201d, explica Juan Mart\u00edn Caballero, director de la PRBB Animal Facility Alliance, en una entrevista publicada en el \u00faltimo n\u00famero de la revista <a href=\"http:\/\/www.prbb.org\/system\/uploads\/ellipse\/file\/90\/El_lipse_num_85.pdf\" target=\"_blank\" rel=\"noopener noreferrer\">Elipse del PRBB<\/a>.\u00a0Otro efecto muy positivo de la alianza ser\u00e1 el impulso a la colaboraci\u00f3n entre diferentes grupos de investigaci\u00f3n de ambas instituciones \u201cgracias al hecho de compartir modelos animales, t\u00e9cnicas y equipamientos, adem\u00e1s del intercambio de experiencias y proyectos\u201d, asegura Caballero.<\/p>\n","protected":false},"excerpt":{"rendered":"<p>Este lunes 29 de junio se ha firmado el convenio entre el Parc\u00a0Cient\u00edfic\u00a0de Barcelona (PCB), el Parque de Investigaci\u00f3n Biom\u00e9dica de Barcelona (<a href=\"http:\/\/www.prbb.org\/es\" target=\"_blank\" rel=\"noopener noreferrer\">PRBB<\/a>) y la <a href=\"http:\/\/cerca.cat\/\" target=\"_blank\" rel=\"noopener noreferrer\">Instituci\u00f3n CERCA <\/a>que impulsar\u00e1 la PCB-PRBB Animal Facility Alliance. La creaci\u00f3n de esta alianza entre los animalarios del PCB y el PRBB se enmarca dentro del Programa de Integraci\u00f3n de Centros CERCA\u00a0(<a href=\"http:\/\/cerca.cat\/suma\/\" target=\"_blank\" rel=\"noopener noreferrer\">SUMA<\/a>) de la Generalitat de Catalu\u00f1a, y tiene como objetivo incrementar sus respectivas ventajas competitivas y estrat\u00e9gicas.<\/p>\n<p>\u00a0<\/p>\n","protected":false},"author":1,"featured_media":27147,"comment_status":"closed","ping_status":"open","sticky":false,"template":"","format":"standard","meta":{"_acf_changed":false,"inline_featured_image":false,"footnotes":""},"categories":[9],"tags":[],"class_list":["post-39173","post","type-post","status-publish","format-standard","has-post-thumbnail","category-sin-categorizar"],"acf":[],"yoast_head":"<!-- This site is optimized with the Yoast SEO plugin v27.3 - https:\/\/yoast.com\/product\/yoast-seo-wordpress\/ -->\n<title>Se firma el convenio SUMA que impulsar\u00e1 la PCB-PRBB Animal Facility Alliance - Parc Cient\u00edfic de Barcelona<\/title>\n<meta name=\"robots\" content=\"index, follow, max-snippet:-1, max-image-preview:large, max-video-preview:-1\" \/>\n<link rel=\"canonical\" href=\"https:\/\/www.pcb.ub.edu\/es\/se-firma-el-convenio-suma-que-impulsara-la-pcb-prbb-animal-facility-alliance\/\" \/>\n<meta property=\"og:locale\" content=\"es_ES\" \/>\n<meta property=\"og:type\" content=\"article\" \/>\n<meta property=\"og:title\" content=\"Se firma el convenio SUMA que impulsar\u00e1 la PCB-PRBB Animal Facility Alliance - Parc Cient\u00edfic de Barcelona\" \/>\n<meta property=\"og:description\" content=\"Este lunes 29 de junio se ha firmado el convenio entre el Parc\u00a0Cient\u00edfic\u00a0de Barcelona (PCB), el Parque de Investigaci\u00f3n Biom\u00e9dica de Barcelona (PRBB) y la Instituci\u00f3n CERCA que impulsar\u00e1 la PCB-PRBB Animal Facility Alliance. La creaci\u00f3n de esta alianza entre los animalarios del PCB y el PRBB se enmarca dentro del Programa de Integraci\u00f3n de Centros CERCA\u00a0(SUMA) de la Generalitat de Catalu\u00f1a, y tiene como objetivo incrementar sus respectivas ventajas competitivas y estrat\u00e9gicas. \u00a0\" \/>\n<meta property=\"og:url\" content=\"https:\/\/www.pcb.ub.edu\/es\/se-firma-el-convenio-suma-que-impulsara-la-pcb-prbb-animal-facility-alliance\/\" \/>\n<meta property=\"og:site_name\" content=\"Parc Cient\u00edfic de Barcelona\" \/>\n<meta property=\"article:published_time\" content=\"2015-07-02T23:00:00+00:00\" \/>\n<meta property=\"article:modified_time\" content=\"2020-11-16T15:22:54+00:00\" \/>\n<meta property=\"og:image\" content=\"https:\/\/www.pcb.ub.edu\/wp-content\/uploads\/2015\/07\/16049226185fa92cfa0f194.jpeg\" \/>\n\t<meta property=\"og:image:width\" content=\"795\" \/>\n\t<meta property=\"og:image:height\" content=\"464\" \/>\n\t<meta property=\"og:image:type\" content=\"image\/jpeg\" \/>\n<meta name=\"author\" content=\"adminpcb\" \/>\n<meta name=\"twitter:card\" content=\"summary_large_image\" \/>\n<meta name=\"twitter:label1\" content=\"Escrito por\" \/>\n\t<meta name=\"twitter:data1\" content=\"adminpcb\" \/>\n\t<meta name=\"twitter:label2\" content=\"Tiempo de lectura\" \/>\n\t<meta name=\"twitter:data2\" content=\"1 minuto\" \/>\n<script type=\"application\/ld+json\" class=\"yoast-schema-graph\">{\"@context\":\"https:\\\/\\\/schema.org\",\"@graph\":[{\"@type\":\"Article\",\"@id\":\"https:\\\/\\\/www.pcb.ub.edu\\\/es\\\/se-firma-el-convenio-suma-que-impulsara-la-pcb-prbb-animal-facility-alliance\\\/#article\",\"isPartOf\":{\"@id\":\"https:\\\/\\\/www.pcb.ub.edu\\\/es\\\/se-firma-el-convenio-suma-que-impulsara-la-pcb-prbb-animal-facility-alliance\\\/\"},\"author\":{\"name\":\"adminpcb\",\"@id\":\"https:\\\/\\\/www.pcb.ub.edu\\\/es\\\/#\\\/schema\\\/person\\\/d13cab05cd0a75b17fddca8496481021\"},\"headline\":\"Se firma el convenio SUMA que impulsar\u00e1 la PCB-PRBB Animal Facility Alliance\",\"datePublished\":\"2015-07-02T23:00:00+00:00\",\"dateModified\":\"2020-11-16T15:22:54+00:00\",\"mainEntityOfPage\":{\"@id\":\"https:\\\/\\\/www.pcb.ub.edu\\\/es\\\/se-firma-el-convenio-suma-que-impulsara-la-pcb-prbb-animal-facility-alliance\\\/\"},\"wordCount\":279,\"image\":{\"@id\":\"https:\\\/\\\/www.pcb.ub.edu\\\/es\\\/se-firma-el-convenio-suma-que-impulsara-la-pcb-prbb-animal-facility-alliance\\\/#primaryimage\"},\"thumbnailUrl\":\"https:\\\/\\\/www.pcb.ub.edu\\\/wp-content\\\/uploads\\\/2015\\\/07\\\/16049226185fa92cfa0f194.jpeg\",\"articleSection\":[\"Sin categorizar\"],\"inLanguage\":\"es\"},{\"@type\":\"WebPage\",\"@id\":\"https:\\\/\\\/www.pcb.ub.edu\\\/es\\\/se-firma-el-convenio-suma-que-impulsara-la-pcb-prbb-animal-facility-alliance\\\/\",\"url\":\"https:\\\/\\\/www.pcb.ub.edu\\\/es\\\/se-firma-el-convenio-suma-que-impulsara-la-pcb-prbb-animal-facility-alliance\\\/\",\"name\":\"Se firma el convenio SUMA que impulsar\u00e1 la PCB-PRBB Animal Facility Alliance - Parc Cient\u00edfic de Barcelona\",\"isPartOf\":{\"@id\":\"https:\\\/\\\/www.pcb.ub.edu\\\/es\\\/#website\"},\"primaryImageOfPage\":{\"@id\":\"https:\\\/\\\/www.pcb.ub.edu\\\/es\\\/se-firma-el-convenio-suma-que-impulsara-la-pcb-prbb-animal-facility-alliance\\\/#primaryimage\"},\"image\":{\"@id\":\"https:\\\/\\\/www.pcb.ub.edu\\\/es\\\/se-firma-el-convenio-suma-que-impulsara-la-pcb-prbb-animal-facility-alliance\\\/#primaryimage\"},\"thumbnailUrl\":\"https:\\\/\\\/www.pcb.ub.edu\\\/wp-content\\\/uploads\\\/2015\\\/07\\\/16049226185fa92cfa0f194.jpeg\",\"datePublished\":\"2015-07-02T23:00:00+00:00\",\"dateModified\":\"2020-11-16T15:22:54+00:00\",\"author\":{\"@id\":\"https:\\\/\\\/www.pcb.ub.edu\\\/es\\\/#\\\/schema\\\/person\\\/d13cab05cd0a75b17fddca8496481021\"},\"breadcrumb\":{\"@id\":\"https:\\\/\\\/www.pcb.ub.edu\\\/es\\\/se-firma-el-convenio-suma-que-impulsara-la-pcb-prbb-animal-facility-alliance\\\/#breadcrumb\"},\"inLanguage\":\"es\",\"potentialAction\":[{\"@type\":\"ReadAction\",\"target\":[\"https:\\\/\\\/www.pcb.ub.edu\\\/es\\\/se-firma-el-convenio-suma-que-impulsara-la-pcb-prbb-animal-facility-alliance\\\/\"]}]},{\"@type\":\"ImageObject\",\"inLanguage\":\"es\",\"@id\":\"https:\\\/\\\/www.pcb.ub.edu\\\/es\\\/se-firma-el-convenio-suma-que-impulsara-la-pcb-prbb-animal-facility-alliance\\\/#primaryimage\",\"url\":\"https:\\\/\\\/www.pcb.ub.edu\\\/wp-content\\\/uploads\\\/2015\\\/07\\\/16049226185fa92cfa0f194.jpeg\",\"contentUrl\":\"https:\\\/\\\/www.pcb.ub.edu\\\/wp-content\\\/uploads\\\/2015\\\/07\\\/16049226185fa92cfa0f194.jpeg\",\"width\":795,\"height\":464},{\"@type\":\"BreadcrumbList\",\"@id\":\"https:\\\/\\\/www.pcb.ub.edu\\\/es\\\/se-firma-el-convenio-suma-que-impulsara-la-pcb-prbb-animal-facility-alliance\\\/#breadcrumb\",\"itemListElement\":[{\"@type\":\"ListItem\",\"position\":1,\"name\":\"Home\",\"item\":\"https:\\\/\\\/www.pcb.ub.edu\\\/es\\\/\"},{\"@type\":\"ListItem\",\"position\":2,\"name\":\"Se firma el convenio SUMA que impulsar\u00e1 la PCB-PRBB Animal Facility Alliance\"}]},{\"@type\":\"WebSite\",\"@id\":\"https:\\\/\\\/www.pcb.ub.edu\\\/es\\\/#website\",\"url\":\"https:\\\/\\\/www.pcb.ub.edu\\\/es\\\/\",\"name\":\"Parc Cient\u00edfic de Barcelona\",\"description\":\"Universitat de Barcelona\",\"potentialAction\":[{\"@type\":\"SearchAction\",\"target\":{\"@type\":\"EntryPoint\",\"urlTemplate\":\"https:\\\/\\\/www.pcb.ub.edu\\\/es\\\/?s={search_term_string}\"},\"query-input\":{\"@type\":\"PropertyValueSpecification\",\"valueRequired\":true,\"valueName\":\"search_term_string\"}}],\"inLanguage\":\"es\"},{\"@type\":\"Person\",\"@id\":\"https:\\\/\\\/www.pcb.ub.edu\\\/es\\\/#\\\/schema\\\/person\\\/d13cab05cd0a75b17fddca8496481021\",\"name\":\"adminpcb\",\"image\":{\"@type\":\"ImageObject\",\"inLanguage\":\"es\",\"@id\":\"https:\\\/\\\/secure.gravatar.com\\\/avatar\\\/41ad0fab4bb3bf5348b0af9612159cfd93173a57bbca98fecb50fa6f3ab97d28?s=96&d=mm&r=g\",\"url\":\"https:\\\/\\\/secure.gravatar.com\\\/avatar\\\/41ad0fab4bb3bf5348b0af9612159cfd93173a57bbca98fecb50fa6f3ab97d28?s=96&d=mm&r=g\",\"contentUrl\":\"https:\\\/\\\/secure.gravatar.com\\\/avatar\\\/41ad0fab4bb3bf5348b0af9612159cfd93173a57bbca98fecb50fa6f3ab97d28?s=96&d=mm&r=g\",\"caption\":\"adminpcb\"},\"url\":\"https:\\\/\\\/www.pcb.ub.edu\\\/es\\\/author\\\/adminpcb\\\/\"}]}<\/script>\n<!-- \/ Yoast SEO plugin. -->","yoast_head_json":{"title":"Se firma el convenio SUMA que impulsar\u00e1 la PCB-PRBB Animal Facility Alliance - Parc Cient\u00edfic de Barcelona","robots":{"index":"index","follow":"follow","max-snippet":"max-snippet:-1","max-image-preview":"max-image-preview:large","max-video-preview":"max-video-preview:-1"},"canonical":"https:\/\/www.pcb.ub.edu\/es\/se-firma-el-convenio-suma-que-impulsara-la-pcb-prbb-animal-facility-alliance\/","og_locale":"es_ES","og_type":"article","og_title":"Se firma el convenio SUMA que impulsar\u00e1 la PCB-PRBB Animal Facility Alliance - Parc Cient\u00edfic de Barcelona","og_description":"Este lunes 29 de junio se ha firmado el convenio entre el Parc\u00a0Cient\u00edfic\u00a0de Barcelona (PCB), el Parque de Investigaci\u00f3n Biom\u00e9dica de Barcelona (PRBB) y la Instituci\u00f3n CERCA que impulsar\u00e1 la PCB-PRBB Animal Facility Alliance. La creaci\u00f3n de esta alianza entre los animalarios del PCB y el PRBB se enmarca dentro del Programa de Integraci\u00f3n de Centros CERCA\u00a0(SUMA) de la Generalitat de Catalu\u00f1a, y tiene como objetivo incrementar sus respectivas ventajas competitivas y estrat\u00e9gicas. \u00a0","og_url":"https:\/\/www.pcb.ub.edu\/es\/se-firma-el-convenio-suma-que-impulsara-la-pcb-prbb-animal-facility-alliance\/","og_site_name":"Parc Cient\u00edfic de Barcelona","article_published_time":"2015-07-02T23:00:00+00:00","article_modified_time":"2020-11-16T15:22:54+00:00","og_image":[{"width":795,"height":464,"url":"https:\/\/www.pcb.ub.edu\/wp-content\/uploads\/2015\/07\/16049226185fa92cfa0f194.jpeg","type":"image\/jpeg"}],"author":"adminpcb","twitter_card":"summary_large_image","twitter_misc":{"Escrito por":"adminpcb","Tiempo de lectura":"1 minuto"},"schema":{"@context":"https:\/\/schema.org","@graph":[{"@type":"Article","@id":"https:\/\/www.pcb.ub.edu\/es\/se-firma-el-convenio-suma-que-impulsara-la-pcb-prbb-animal-facility-alliance\/#article","isPartOf":{"@id":"https:\/\/www.pcb.ub.edu\/es\/se-firma-el-convenio-suma-que-impulsara-la-pcb-prbb-animal-facility-alliance\/"},"author":{"name":"adminpcb","@id":"https:\/\/www.pcb.ub.edu\/es\/#\/schema\/person\/d13cab05cd0a75b17fddca8496481021"},"headline":"Se firma el convenio SUMA que impulsar\u00e1 la PCB-PRBB Animal Facility Alliance","datePublished":"2015-07-02T23:00:00+00:00","dateModified":"2020-11-16T15:22:54+00:00","mainEntityOfPage":{"@id":"https:\/\/www.pcb.ub.edu\/es\/se-firma-el-convenio-suma-que-impulsara-la-pcb-prbb-animal-facility-alliance\/"},"wordCount":279,"image":{"@id":"https:\/\/www.pcb.ub.edu\/es\/se-firma-el-convenio-suma-que-impulsara-la-pcb-prbb-animal-facility-alliance\/#primaryimage"},"thumbnailUrl":"https:\/\/www.pcb.ub.edu\/wp-content\/uploads\/2015\/07\/16049226185fa92cfa0f194.jpeg","articleSection":["Sin categorizar"],"inLanguage":"es"},{"@type":"WebPage","@id":"https:\/\/www.pcb.ub.edu\/es\/se-firma-el-convenio-suma-que-impulsara-la-pcb-prbb-animal-facility-alliance\/","url":"https:\/\/www.pcb.ub.edu\/es\/se-firma-el-convenio-suma-que-impulsara-la-pcb-prbb-animal-facility-alliance\/","name":"Se firma el convenio SUMA que impulsar\u00e1 la PCB-PRBB Animal Facility Alliance - Parc Cient\u00edfic de Barcelona","isPartOf":{"@id":"https:\/\/www.pcb.ub.edu\/es\/#website"},"primaryImageOfPage":{"@id":"https:\/\/www.pcb.ub.edu\/es\/se-firma-el-convenio-suma-que-impulsara-la-pcb-prbb-animal-facility-alliance\/#primaryimage"},"image":{"@id":"https:\/\/www.pcb.ub.edu\/es\/se-firma-el-convenio-suma-que-impulsara-la-pcb-prbb-animal-facility-alliance\/#primaryimage"},"thumbnailUrl":"https:\/\/www.pcb.ub.edu\/wp-content\/uploads\/2015\/07\/16049226185fa92cfa0f194.jpeg","datePublished":"2015-07-02T23:00:00+00:00","dateModified":"2020-11-16T15:22:54+00:00","author":{"@id":"https:\/\/www.pcb.ub.edu\/es\/#\/schema\/person\/d13cab05cd0a75b17fddca8496481021"},"breadcrumb":{"@id":"https:\/\/www.pcb.ub.edu\/es\/se-firma-el-convenio-suma-que-impulsara-la-pcb-prbb-animal-facility-alliance\/#breadcrumb"},"inLanguage":"es","potentialAction":[{"@type":"ReadAction","target":["https:\/\/www.pcb.ub.edu\/es\/se-firma-el-convenio-suma-que-impulsara-la-pcb-prbb-animal-facility-alliance\/"]}]},{"@type":"ImageObject","inLanguage":"es","@id":"https:\/\/www.pcb.ub.edu\/es\/se-firma-el-convenio-suma-que-impulsara-la-pcb-prbb-animal-facility-alliance\/#primaryimage","url":"https:\/\/www.pcb.ub.edu\/wp-content\/uploads\/2015\/07\/16049226185fa92cfa0f194.jpeg","contentUrl":"https:\/\/www.pcb.ub.edu\/wp-content\/uploads\/2015\/07\/16049226185fa92cfa0f194.jpeg","width":795,"height":464},{"@type":"BreadcrumbList","@id":"https:\/\/www.pcb.ub.edu\/es\/se-firma-el-convenio-suma-que-impulsara-la-pcb-prbb-animal-facility-alliance\/#breadcrumb","itemListElement":[{"@type":"ListItem","position":1,"name":"Home","item":"https:\/\/www.pcb.ub.edu\/es\/"},{"@type":"ListItem","position":2,"name":"Se firma el convenio SUMA que impulsar\u00e1 la PCB-PRBB Animal Facility Alliance"}]},{"@type":"WebSite","@id":"https:\/\/www.pcb.ub.edu\/es\/#website","url":"https:\/\/www.pcb.ub.edu\/es\/","name":"Parc Cient\u00edfic de Barcelona","description":"Universitat de Barcelona","potentialAction":[{"@type":"SearchAction","target":{"@type":"EntryPoint","urlTemplate":"https:\/\/www.pcb.ub.edu\/es\/?s={search_term_string}"},"query-input":{"@type":"PropertyValueSpecification","valueRequired":true,"valueName":"search_term_string"}}],"inLanguage":"es"},{"@type":"Person","@id":"https:\/\/www.pcb.ub.edu\/es\/#\/schema\/person\/d13cab05cd0a75b17fddca8496481021","name":"adminpcb","image":{"@type":"ImageObject","inLanguage":"es","@id":"https:\/\/secure.gravatar.com\/avatar\/41ad0fab4bb3bf5348b0af9612159cfd93173a57bbca98fecb50fa6f3ab97d28?s=96&d=mm&r=g","url":"https:\/\/secure.gravatar.com\/avatar\/41ad0fab4bb3bf5348b0af9612159cfd93173a57bbca98fecb50fa6f3ab97d28?s=96&d=mm&r=g","contentUrl":"https:\/\/secure.gravatar.com\/avatar\/41ad0fab4bb3bf5348b0af9612159cfd93173a57bbca98fecb50fa6f3ab97d28?s=96&d=mm&r=g","caption":"adminpcb"},"url":"https:\/\/www.pcb.ub.edu\/es\/author\/adminpcb\/"}]}},"_links":{"self":[{"href":"https:\/\/www.pcb.ub.edu\/es\/wp-json\/wp\/v2\/posts\/39173","targetHints":{"allow":["GET"]}}],"collection":[{"href":"https:\/\/www.pcb.ub.edu\/es\/wp-json\/wp\/v2\/posts"}],"about":[{"href":"https:\/\/www.pcb.ub.edu\/es\/wp-json\/wp\/v2\/types\/post"}],"author":[{"embeddable":true,"href":"https:\/\/www.pcb.ub.edu\/es\/wp-json\/wp\/v2\/users\/1"}],"replies":[{"embeddable":true,"href":"https:\/\/www.pcb.ub.edu\/es\/wp-json\/wp\/v2\/comments?post=39173"}],"version-history":[{"count":1,"href":"https:\/\/www.pcb.ub.edu\/es\/wp-json\/wp\/v2\/posts\/39173\/revisions"}],"predecessor-version":[{"id":45265,"href":"https:\/\/www.pcb.ub.edu\/es\/wp-json\/wp\/v2\/posts\/39173\/revisions\/45265"}],"wp:featuredmedia":[{"embeddable":true,"href":"https:\/\/www.pcb.ub.edu\/es\/wp-json\/wp\/v2\/media\/27147"}],"wp:attachment":[{"href":"https:\/\/www.pcb.ub.edu\/es\/wp-json\/wp\/v2\/media?parent=39173"}],"wp:term":[{"taxonomy":"category","embeddable":true,"href":"https:\/\/www.pcb.ub.edu\/es\/wp-json\/wp\/v2\/categories?post=39173"},{"taxonomy":"post_tag","embeddable":true,"href":"https:\/\/www.pcb.ub.edu\/es\/wp-json\/wp\/v2\/tags?post=39173"}],"curies":[{"name":"wp","href":"https:\/\/api.w.org\/{rel}","templated":true}]}}