{"id":39069,"date":"2018-01-07T00:00:00","date_gmt":"2018-01-06T23:00:00","guid":{"rendered":"http:\/\/www.pcb.ub.edu\/\/minoryx-inicia-el-ensayo-de-fase-ii-iii-del-del-min-102-para-el-tratamiento-de-la-adrenomieloneuropatia\/"},"modified":"2018-01-07T00:00:00","modified_gmt":"2018-01-06T23:00:00","slug":"minoryx-inicia-el-ensayo-de-fase-ii-iii-del-del-min-102-para-el-tratamiento-de-la-adrenomieloneuropatia","status":"publish","type":"post","link":"https:\/\/www.pcb.ub.edu\/es\/minoryx-inicia-el-ensayo-de-fase-ii-iii-del-del-min-102-para-el-tratamiento-de-la-adrenomieloneuropatia\/","title":{"rendered":"Minoryx inicia el ensayo de fase II\/III del del MIN-102 para el tratamiento de la adrenomieloneuropat\u00eda"},"content":{"rendered":"<p>Minoryx ha iniciado el estudio en el Hospital Universitario <a href=\"https:\/\/www.vallhebron.com\/ca\" target=\"_blank\" rel=\"noopener noreferrer\">Vall d&#8217;Hebron de Barcelona<\/a> bajo la coordinaci\u00f3n del Dr. Josep G\u00e1mez del Departamento de Neurolog\u00eda. Posteriormente, un segundo paciente se ha inscrito al ensayo en el <a href=\"https:\/\/www.amc.nl\/web\/home.htm\" target=\"_blank\" rel=\"noopener noreferrer\">Academic Medical Center <\/a>(Amsterdam) con el Dr. Marc Engelen, y se ha puesto en marcha el reclutamiento en el <a href=\"http:\/\/semmelweis.hu\/genomikai-medicina\/english\/\" target=\"_blank\" rel=\"noopener noreferrer\">Institute of Genomic Medicine and Rare Disorders<\/a>\u00a0(Budapest) con la Dra. Maria Molnar. En los pr\u00f3ximos meses se iniciar\u00e1 el estudio en otros pa\u00edses europeos (Reino Unido, Alemania, Francia, Italia y Polonia) y en Estados Unidos.\u00a0<\/p>\n<p>Advance es un ensayo de doble ciego y controlado por placebo y su objetivo es confirmar la eficacia y seguridad de MIN-102 para el tratamiento de la adrenomieloneuropat\u00eda. MIN-102 es un novedoso agonista de PPAR gamma, biodisponible por v\u00eda oral y selectivo, que ha mostrado un perfil superior para las enfermedades relacionadas con el sistema nervioso central y excelente eficacia in vivo. La previsi\u00f3n es reclutar a m\u00e1s de 100 pacientes varones adultos afectados por AMN, que es el fenotipo m\u00e1s frecuente de adrenoleucodistrofia ligada al cromosoma X (X-ALD). Los resultados finales del estudio se prev\u00e9n para finales del 2020.<\/p>\n<p>\u00a0<\/p>\n<p>\u00abNos enorgullece ser el primer centro en tratar un paciente con AMN. El hecho de estar en Barcelona nos ha aportado una proximidad con Minoryx que ha sido de gran ayuda en la fase preparatoria del estudio\u00bb explica el Dr. G\u00e1mez. \u00abHemos trabajado estrechamente con Minoryx en el dise\u00f1o de este estudio y la comprensi\u00f3n de la progresi\u00f3n natural de la enfermedad, y estamos encantados de estar entre los primeros centros en dosificar a un paciente con AMN\u00bb explica el Dr. Engelen.<\/p>\n<p>\u00abEl ensayo ADVANCE se basa en una ciencia s\u00f3lida y es el resultado de una fruct\u00edfera colaboraci\u00f3n entre cient\u00edficos, expertos cl\u00ednicos y asociaciones de pacientes. MIN-102 trae nuevas esperanzas a los pacientes que sufren AMN, una enfermedad para la que actualmente no existe tratamiento\u00bb agrega el Dr. Wolfgang K\u00f6hler, jefe del Departamento de Neurolog\u00eda de St Georg Clinic en Leipzig (Alemania) e investigador principal del estudio.<\/p>\n<p>\u00abHemos mantenido una estrecha interacci\u00f3n con las autoridades regulatorias, hecho clave para el dise\u00f1o del estudio\u00bb comenta el Dr. Uwe Meya, CMO de Minoryx. \u201cLos centros que participan en el estudio son los principales expertos en esta enfermedad hu\u00e9rfana, y queremos aprovechar esta oportunidad para agradecer a los profesionales sanitarios, los pacientes y sus familias su soporte continuado\u201d\u00a0<\/p>\n<p>Por su parte el Dr. Marc Martinell, CEO de Minoryx, valora que desde la fundaci\u00f3n de la compa\u00f1\u00eda en 2011, este ha sido uno de los hitos principales: \u00abEsperamos continuar el desarrollo de MIN-102 en colaboraci\u00f3n con la comunidad de X-ALD\u00bb.<\/p>\n<p>\n<strong>\u25ba <a href=\"http:\/\/www.pcb.ub.edu\/portal\/es\/noticies\/-\/noticia\/not_minoryx-therapeutics-completa-amb-exit-l-assaig-clinic-de-fase-1-del-min-102?inheritRedirect=false&amp;redirect=%2Fportal%2Fca%2Fcerca%3Fp_p_id%3Dcercador_WAR_empleatsempresesportlet%26p_p_lifecycle%3D0%26p_p_state%3Dnormal%26p_p_mode%3Dview%26p_p_col_id%3Dcolumn-1%26p_p_col_count%3D1%26_cercador_WAR_empleatsempresesportlet_keywords%3Dminoryx%26_cercador_WAR_empleatsempresesportlet_tab%3D3&amp;backURL=%2Fportal%2Fca%2Fcerca%3Fp_p_id%3Dcercador_WAR_empleatsempresesportlet%26p_p_lifecycle%3D0%26p_p_state%3Dnormal%26p_p_mode%3Dview%26p_p_col_id%3Dcolumn-1%26p_p_col_count%3D1%26_cercador_WAR_empleatsempresesportlet_keywords%3Dminoryx%26_cercador_WAR_empleatsempresesportlet_tab%3D3\" target=\"_blank\" rel=\"noopener noreferrer\">Noticia relacionada [+]<\/a><\/strong><\/p>\n","protected":false},"excerpt":{"rendered":"<p>La compa\u00f1\u00eda\u00a0<a href=\"http:\/\/www.pcb.ub.edu\/portal\/es\/empresa?p_p_id=detallempresa_WAR_empleatsempresesportlet&amp;p_p_state=MAXIMIZED&amp;_detallempresa_WAR_empleatsempresesportlet_empresaId=ENT_006790&amp;_detallempresa_WAR_empleatsempresesportlet_redirect=%2Fportal%2Fca%2Fentitats\" target=\"_blank\" rel=\"noopener noreferrer\">Minoryx Therapeutics<\/a>\u00a0\u2013con sede en el Parc Cient\u00edfic de Barcelona y en el TecnoCampus Matar\u00f3, y especializada en el desarrollo de nuevos medicamentos para enfermedades hu\u00e9rfanas, ha iniciado el tratamiento del primer paciente en su<a href=\"https:\/\/clinicaltrials.gov\/ct2\/show\/NCT03231878?term=advance&amp;recrs=ab&amp;cond=AMN&amp;rank=1\" target=\"_blank\" rel=\"noopener noreferrer\"> ensayo cl\u00ednico de fase II\/III con MIN-102<\/a>,\u00a0el \u00fanico f\u00e1rmaco en desarrollo para\u00a0la\u00a0adrenomieloneuropatia\u00a0(AMN), el fenotipo m\u00e1s frecuente del\u00a0adrenoleucodistrofia\u00a0ligada al cromosoma X (X-ALD), una enfermedad rara, hereditaria y\u00a0neurodegenerativa\u00a0para la cual no hay tratamiento m\u00e9dico.<\/p>\n<p>\u00a0<\/p>\n","protected":false},"author":1,"featured_media":26736,"comment_status":"closed","ping_status":"open","sticky":false,"template":"","format":"standard","meta":{"_acf_changed":false,"inline_featured_image":false,"footnotes":""},"categories":[],"tags":[],"class_list":["post-39069","post","type-post","status-publish","format-standard","has-post-thumbnail"],"acf":[],"yoast_head":"<!-- This site is optimized with the Yoast SEO plugin v27.3 - https:\/\/yoast.com\/product\/yoast-seo-wordpress\/ -->\n<title>Minoryx inicia el ensayo de fase II\/III del del MIN-102 para el tratamiento de la adrenomieloneuropat\u00eda - Parc Cient\u00edfic de Barcelona<\/title>\n<meta name=\"robots\" content=\"index, follow, max-snippet:-1, max-image-preview:large, max-video-preview:-1\" \/>\n<link rel=\"canonical\" href=\"https:\/\/www.pcb.ub.edu\/es\/minoryx-inicia-el-ensayo-de-fase-ii-iii-del-del-min-102-para-el-tratamiento-de-la-adrenomieloneuropatia\/\" \/>\n<meta property=\"og:locale\" content=\"es_ES\" \/>\n<meta property=\"og:type\" content=\"article\" \/>\n<meta property=\"og:title\" content=\"Minoryx inicia el ensayo de fase II\/III del del MIN-102 para el tratamiento de la adrenomieloneuropat\u00eda - Parc Cient\u00edfic de Barcelona\" \/>\n<meta property=\"og:description\" content=\"La compa\u00f1\u00eda\u00a0Minoryx Therapeutics\u00a0\u2013con sede en el Parc Cient\u00edfic de Barcelona y en el TecnoCampus Matar\u00f3, y especializada en el desarrollo de nuevos medicamentos para enfermedades hu\u00e9rfanas, ha iniciado el tratamiento del primer paciente en su ensayo cl\u00ednico de fase II\/III con MIN-102,\u00a0el \u00fanico f\u00e1rmaco en desarrollo para\u00a0la\u00a0adrenomieloneuropatia\u00a0(AMN), el fenotipo m\u00e1s frecuente del\u00a0adrenoleucodistrofia\u00a0ligada al cromosoma X (X-ALD), una enfermedad rara, hereditaria y\u00a0neurodegenerativa\u00a0para la cual no hay tratamiento m\u00e9dico. \u00a0\" \/>\n<meta property=\"og:url\" content=\"https:\/\/www.pcb.ub.edu\/es\/minoryx-inicia-el-ensayo-de-fase-ii-iii-del-del-min-102-para-el-tratamiento-de-la-adrenomieloneuropatia\/\" \/>\n<meta property=\"og:site_name\" content=\"Parc Cient\u00edfic de Barcelona\" \/>\n<meta property=\"article:published_time\" content=\"2018-01-06T23:00:00+00:00\" \/>\n<meta property=\"og:image\" content=\"https:\/\/www.pcb.ub.edu\/wp-content\/uploads\/2018\/01\/16049224315fa92c3fbc6d2.jpeg\" \/>\n\t<meta property=\"og:image:width\" content=\"800\" \/>\n\t<meta property=\"og:image:height\" content=\"447\" \/>\n\t<meta property=\"og:image:type\" content=\"image\/jpeg\" \/>\n<meta name=\"author\" content=\"adminpcb\" \/>\n<meta name=\"twitter:card\" content=\"summary_large_image\" \/>\n<meta name=\"twitter:label1\" content=\"Escrito por\" \/>\n\t<meta name=\"twitter:data1\" content=\"adminpcb\" \/>\n\t<meta name=\"twitter:label2\" content=\"Tiempo de lectura\" \/>\n\t<meta name=\"twitter:data2\" content=\"2 minutos\" \/>\n<script type=\"application\/ld+json\" class=\"yoast-schema-graph\">{\"@context\":\"https:\\\/\\\/schema.org\",\"@graph\":[{\"@type\":\"Article\",\"@id\":\"https:\\\/\\\/www.pcb.ub.edu\\\/es\\\/minoryx-inicia-el-ensayo-de-fase-ii-iii-del-del-min-102-para-el-tratamiento-de-la-adrenomieloneuropatia\\\/#article\",\"isPartOf\":{\"@id\":\"https:\\\/\\\/www.pcb.ub.edu\\\/es\\\/minoryx-inicia-el-ensayo-de-fase-ii-iii-del-del-min-102-para-el-tratamiento-de-la-adrenomieloneuropatia\\\/\"},\"author\":{\"name\":\"adminpcb\",\"@id\":\"https:\\\/\\\/www.pcb.ub.edu\\\/es\\\/#\\\/schema\\\/person\\\/d13cab05cd0a75b17fddca8496481021\"},\"headline\":\"Minoryx inicia el ensayo de fase II\\\/III del del MIN-102 para el tratamiento de la adrenomieloneuropat\u00eda\",\"datePublished\":\"2018-01-06T23:00:00+00:00\",\"mainEntityOfPage\":{\"@id\":\"https:\\\/\\\/www.pcb.ub.edu\\\/es\\\/minoryx-inicia-el-ensayo-de-fase-ii-iii-del-del-min-102-para-el-tratamiento-de-la-adrenomieloneuropatia\\\/\"},\"wordCount\":482,\"image\":{\"@id\":\"https:\\\/\\\/www.pcb.ub.edu\\\/es\\\/minoryx-inicia-el-ensayo-de-fase-ii-iii-del-del-min-102-para-el-tratamiento-de-la-adrenomieloneuropatia\\\/#primaryimage\"},\"thumbnailUrl\":\"https:\\\/\\\/www.pcb.ub.edu\\\/wp-content\\\/uploads\\\/2018\\\/01\\\/16049224315fa92c3fbc6d2.jpeg\",\"inLanguage\":\"es\"},{\"@type\":\"WebPage\",\"@id\":\"https:\\\/\\\/www.pcb.ub.edu\\\/es\\\/minoryx-inicia-el-ensayo-de-fase-ii-iii-del-del-min-102-para-el-tratamiento-de-la-adrenomieloneuropatia\\\/\",\"url\":\"https:\\\/\\\/www.pcb.ub.edu\\\/es\\\/minoryx-inicia-el-ensayo-de-fase-ii-iii-del-del-min-102-para-el-tratamiento-de-la-adrenomieloneuropatia\\\/\",\"name\":\"Minoryx inicia el ensayo de fase II\\\/III del del MIN-102 para el tratamiento de la adrenomieloneuropat\u00eda - Parc Cient\u00edfic de Barcelona\",\"isPartOf\":{\"@id\":\"https:\\\/\\\/www.pcb.ub.edu\\\/es\\\/#website\"},\"primaryImageOfPage\":{\"@id\":\"https:\\\/\\\/www.pcb.ub.edu\\\/es\\\/minoryx-inicia-el-ensayo-de-fase-ii-iii-del-del-min-102-para-el-tratamiento-de-la-adrenomieloneuropatia\\\/#primaryimage\"},\"image\":{\"@id\":\"https:\\\/\\\/www.pcb.ub.edu\\\/es\\\/minoryx-inicia-el-ensayo-de-fase-ii-iii-del-del-min-102-para-el-tratamiento-de-la-adrenomieloneuropatia\\\/#primaryimage\"},\"thumbnailUrl\":\"https:\\\/\\\/www.pcb.ub.edu\\\/wp-content\\\/uploads\\\/2018\\\/01\\\/16049224315fa92c3fbc6d2.jpeg\",\"datePublished\":\"2018-01-06T23:00:00+00:00\",\"author\":{\"@id\":\"https:\\\/\\\/www.pcb.ub.edu\\\/es\\\/#\\\/schema\\\/person\\\/d13cab05cd0a75b17fddca8496481021\"},\"breadcrumb\":{\"@id\":\"https:\\\/\\\/www.pcb.ub.edu\\\/es\\\/minoryx-inicia-el-ensayo-de-fase-ii-iii-del-del-min-102-para-el-tratamiento-de-la-adrenomieloneuropatia\\\/#breadcrumb\"},\"inLanguage\":\"es\",\"potentialAction\":[{\"@type\":\"ReadAction\",\"target\":[\"https:\\\/\\\/www.pcb.ub.edu\\\/es\\\/minoryx-inicia-el-ensayo-de-fase-ii-iii-del-del-min-102-para-el-tratamiento-de-la-adrenomieloneuropatia\\\/\"]}]},{\"@type\":\"ImageObject\",\"inLanguage\":\"es\",\"@id\":\"https:\\\/\\\/www.pcb.ub.edu\\\/es\\\/minoryx-inicia-el-ensayo-de-fase-ii-iii-del-del-min-102-para-el-tratamiento-de-la-adrenomieloneuropatia\\\/#primaryimage\",\"url\":\"https:\\\/\\\/www.pcb.ub.edu\\\/wp-content\\\/uploads\\\/2018\\\/01\\\/16049224315fa92c3fbc6d2.jpeg\",\"contentUrl\":\"https:\\\/\\\/www.pcb.ub.edu\\\/wp-content\\\/uploads\\\/2018\\\/01\\\/16049224315fa92c3fbc6d2.jpeg\",\"width\":800,\"height\":447},{\"@type\":\"BreadcrumbList\",\"@id\":\"https:\\\/\\\/www.pcb.ub.edu\\\/es\\\/minoryx-inicia-el-ensayo-de-fase-ii-iii-del-del-min-102-para-el-tratamiento-de-la-adrenomieloneuropatia\\\/#breadcrumb\",\"itemListElement\":[{\"@type\":\"ListItem\",\"position\":1,\"name\":\"Home\",\"item\":\"https:\\\/\\\/www.pcb.ub.edu\\\/es\\\/\"},{\"@type\":\"ListItem\",\"position\":2,\"name\":\"Minoryx inicia el ensayo de fase II\\\/III del del MIN-102 para el tratamiento de la adrenomieloneuropat\u00eda\"}]},{\"@type\":\"WebSite\",\"@id\":\"https:\\\/\\\/www.pcb.ub.edu\\\/es\\\/#website\",\"url\":\"https:\\\/\\\/www.pcb.ub.edu\\\/es\\\/\",\"name\":\"Parc Cient\u00edfic de Barcelona\",\"description\":\"Universitat de Barcelona\",\"potentialAction\":[{\"@type\":\"SearchAction\",\"target\":{\"@type\":\"EntryPoint\",\"urlTemplate\":\"https:\\\/\\\/www.pcb.ub.edu\\\/es\\\/?s={search_term_string}\"},\"query-input\":{\"@type\":\"PropertyValueSpecification\",\"valueRequired\":true,\"valueName\":\"search_term_string\"}}],\"inLanguage\":\"es\"},{\"@type\":\"Person\",\"@id\":\"https:\\\/\\\/www.pcb.ub.edu\\\/es\\\/#\\\/schema\\\/person\\\/d13cab05cd0a75b17fddca8496481021\",\"name\":\"adminpcb\",\"image\":{\"@type\":\"ImageObject\",\"inLanguage\":\"es\",\"@id\":\"https:\\\/\\\/secure.gravatar.com\\\/avatar\\\/41ad0fab4bb3bf5348b0af9612159cfd93173a57bbca98fecb50fa6f3ab97d28?s=96&d=mm&r=g\",\"url\":\"https:\\\/\\\/secure.gravatar.com\\\/avatar\\\/41ad0fab4bb3bf5348b0af9612159cfd93173a57bbca98fecb50fa6f3ab97d28?s=96&d=mm&r=g\",\"contentUrl\":\"https:\\\/\\\/secure.gravatar.com\\\/avatar\\\/41ad0fab4bb3bf5348b0af9612159cfd93173a57bbca98fecb50fa6f3ab97d28?s=96&d=mm&r=g\",\"caption\":\"adminpcb\"},\"url\":\"https:\\\/\\\/www.pcb.ub.edu\\\/es\\\/author\\\/adminpcb\\\/\"}]}<\/script>\n<!-- \/ Yoast SEO plugin. -->","yoast_head_json":{"title":"Minoryx inicia el ensayo de fase II\/III del del MIN-102 para el tratamiento de la adrenomieloneuropat\u00eda - Parc Cient\u00edfic de Barcelona","robots":{"index":"index","follow":"follow","max-snippet":"max-snippet:-1","max-image-preview":"max-image-preview:large","max-video-preview":"max-video-preview:-1"},"canonical":"https:\/\/www.pcb.ub.edu\/es\/minoryx-inicia-el-ensayo-de-fase-ii-iii-del-del-min-102-para-el-tratamiento-de-la-adrenomieloneuropatia\/","og_locale":"es_ES","og_type":"article","og_title":"Minoryx inicia el ensayo de fase II\/III del del MIN-102 para el tratamiento de la adrenomieloneuropat\u00eda - Parc Cient\u00edfic de Barcelona","og_description":"La compa\u00f1\u00eda\u00a0Minoryx Therapeutics\u00a0\u2013con sede en el Parc Cient\u00edfic de Barcelona y en el TecnoCampus Matar\u00f3, y especializada en el desarrollo de nuevos medicamentos para enfermedades hu\u00e9rfanas, ha iniciado el tratamiento del primer paciente en su ensayo cl\u00ednico de fase II\/III con MIN-102,\u00a0el \u00fanico f\u00e1rmaco en desarrollo para\u00a0la\u00a0adrenomieloneuropatia\u00a0(AMN), el fenotipo m\u00e1s frecuente del\u00a0adrenoleucodistrofia\u00a0ligada al cromosoma X (X-ALD), una enfermedad rara, hereditaria y\u00a0neurodegenerativa\u00a0para la cual no hay tratamiento m\u00e9dico. \u00a0","og_url":"https:\/\/www.pcb.ub.edu\/es\/minoryx-inicia-el-ensayo-de-fase-ii-iii-del-del-min-102-para-el-tratamiento-de-la-adrenomieloneuropatia\/","og_site_name":"Parc Cient\u00edfic de Barcelona","article_published_time":"2018-01-06T23:00:00+00:00","og_image":[{"width":800,"height":447,"url":"https:\/\/www.pcb.ub.edu\/wp-content\/uploads\/2018\/01\/16049224315fa92c3fbc6d2.jpeg","type":"image\/jpeg"}],"author":"adminpcb","twitter_card":"summary_large_image","twitter_misc":{"Escrito por":"adminpcb","Tiempo de lectura":"2 minutos"},"schema":{"@context":"https:\/\/schema.org","@graph":[{"@type":"Article","@id":"https:\/\/www.pcb.ub.edu\/es\/minoryx-inicia-el-ensayo-de-fase-ii-iii-del-del-min-102-para-el-tratamiento-de-la-adrenomieloneuropatia\/#article","isPartOf":{"@id":"https:\/\/www.pcb.ub.edu\/es\/minoryx-inicia-el-ensayo-de-fase-ii-iii-del-del-min-102-para-el-tratamiento-de-la-adrenomieloneuropatia\/"},"author":{"name":"adminpcb","@id":"https:\/\/www.pcb.ub.edu\/es\/#\/schema\/person\/d13cab05cd0a75b17fddca8496481021"},"headline":"Minoryx inicia el ensayo de fase II\/III del del MIN-102 para el tratamiento de la adrenomieloneuropat\u00eda","datePublished":"2018-01-06T23:00:00+00:00","mainEntityOfPage":{"@id":"https:\/\/www.pcb.ub.edu\/es\/minoryx-inicia-el-ensayo-de-fase-ii-iii-del-del-min-102-para-el-tratamiento-de-la-adrenomieloneuropatia\/"},"wordCount":482,"image":{"@id":"https:\/\/www.pcb.ub.edu\/es\/minoryx-inicia-el-ensayo-de-fase-ii-iii-del-del-min-102-para-el-tratamiento-de-la-adrenomieloneuropatia\/#primaryimage"},"thumbnailUrl":"https:\/\/www.pcb.ub.edu\/wp-content\/uploads\/2018\/01\/16049224315fa92c3fbc6d2.jpeg","inLanguage":"es"},{"@type":"WebPage","@id":"https:\/\/www.pcb.ub.edu\/es\/minoryx-inicia-el-ensayo-de-fase-ii-iii-del-del-min-102-para-el-tratamiento-de-la-adrenomieloneuropatia\/","url":"https:\/\/www.pcb.ub.edu\/es\/minoryx-inicia-el-ensayo-de-fase-ii-iii-del-del-min-102-para-el-tratamiento-de-la-adrenomieloneuropatia\/","name":"Minoryx inicia el ensayo de fase II\/III del del MIN-102 para el tratamiento de la adrenomieloneuropat\u00eda - Parc Cient\u00edfic de Barcelona","isPartOf":{"@id":"https:\/\/www.pcb.ub.edu\/es\/#website"},"primaryImageOfPage":{"@id":"https:\/\/www.pcb.ub.edu\/es\/minoryx-inicia-el-ensayo-de-fase-ii-iii-del-del-min-102-para-el-tratamiento-de-la-adrenomieloneuropatia\/#primaryimage"},"image":{"@id":"https:\/\/www.pcb.ub.edu\/es\/minoryx-inicia-el-ensayo-de-fase-ii-iii-del-del-min-102-para-el-tratamiento-de-la-adrenomieloneuropatia\/#primaryimage"},"thumbnailUrl":"https:\/\/www.pcb.ub.edu\/wp-content\/uploads\/2018\/01\/16049224315fa92c3fbc6d2.jpeg","datePublished":"2018-01-06T23:00:00+00:00","author":{"@id":"https:\/\/www.pcb.ub.edu\/es\/#\/schema\/person\/d13cab05cd0a75b17fddca8496481021"},"breadcrumb":{"@id":"https:\/\/www.pcb.ub.edu\/es\/minoryx-inicia-el-ensayo-de-fase-ii-iii-del-del-min-102-para-el-tratamiento-de-la-adrenomieloneuropatia\/#breadcrumb"},"inLanguage":"es","potentialAction":[{"@type":"ReadAction","target":["https:\/\/www.pcb.ub.edu\/es\/minoryx-inicia-el-ensayo-de-fase-ii-iii-del-del-min-102-para-el-tratamiento-de-la-adrenomieloneuropatia\/"]}]},{"@type":"ImageObject","inLanguage":"es","@id":"https:\/\/www.pcb.ub.edu\/es\/minoryx-inicia-el-ensayo-de-fase-ii-iii-del-del-min-102-para-el-tratamiento-de-la-adrenomieloneuropatia\/#primaryimage","url":"https:\/\/www.pcb.ub.edu\/wp-content\/uploads\/2018\/01\/16049224315fa92c3fbc6d2.jpeg","contentUrl":"https:\/\/www.pcb.ub.edu\/wp-content\/uploads\/2018\/01\/16049224315fa92c3fbc6d2.jpeg","width":800,"height":447},{"@type":"BreadcrumbList","@id":"https:\/\/www.pcb.ub.edu\/es\/minoryx-inicia-el-ensayo-de-fase-ii-iii-del-del-min-102-para-el-tratamiento-de-la-adrenomieloneuropatia\/#breadcrumb","itemListElement":[{"@type":"ListItem","position":1,"name":"Home","item":"https:\/\/www.pcb.ub.edu\/es\/"},{"@type":"ListItem","position":2,"name":"Minoryx inicia el ensayo de fase II\/III del del MIN-102 para el tratamiento de la adrenomieloneuropat\u00eda"}]},{"@type":"WebSite","@id":"https:\/\/www.pcb.ub.edu\/es\/#website","url":"https:\/\/www.pcb.ub.edu\/es\/","name":"Parc Cient\u00edfic de Barcelona","description":"Universitat de Barcelona","potentialAction":[{"@type":"SearchAction","target":{"@type":"EntryPoint","urlTemplate":"https:\/\/www.pcb.ub.edu\/es\/?s={search_term_string}"},"query-input":{"@type":"PropertyValueSpecification","valueRequired":true,"valueName":"search_term_string"}}],"inLanguage":"es"},{"@type":"Person","@id":"https:\/\/www.pcb.ub.edu\/es\/#\/schema\/person\/d13cab05cd0a75b17fddca8496481021","name":"adminpcb","image":{"@type":"ImageObject","inLanguage":"es","@id":"https:\/\/secure.gravatar.com\/avatar\/41ad0fab4bb3bf5348b0af9612159cfd93173a57bbca98fecb50fa6f3ab97d28?s=96&d=mm&r=g","url":"https:\/\/secure.gravatar.com\/avatar\/41ad0fab4bb3bf5348b0af9612159cfd93173a57bbca98fecb50fa6f3ab97d28?s=96&d=mm&r=g","contentUrl":"https:\/\/secure.gravatar.com\/avatar\/41ad0fab4bb3bf5348b0af9612159cfd93173a57bbca98fecb50fa6f3ab97d28?s=96&d=mm&r=g","caption":"adminpcb"},"url":"https:\/\/www.pcb.ub.edu\/es\/author\/adminpcb\/"}]}},"_links":{"self":[{"href":"https:\/\/www.pcb.ub.edu\/es\/wp-json\/wp\/v2\/posts\/39069","targetHints":{"allow":["GET"]}}],"collection":[{"href":"https:\/\/www.pcb.ub.edu\/es\/wp-json\/wp\/v2\/posts"}],"about":[{"href":"https:\/\/www.pcb.ub.edu\/es\/wp-json\/wp\/v2\/types\/post"}],"author":[{"embeddable":true,"href":"https:\/\/www.pcb.ub.edu\/es\/wp-json\/wp\/v2\/users\/1"}],"replies":[{"embeddable":true,"href":"https:\/\/www.pcb.ub.edu\/es\/wp-json\/wp\/v2\/comments?post=39069"}],"version-history":[{"count":0,"href":"https:\/\/www.pcb.ub.edu\/es\/wp-json\/wp\/v2\/posts\/39069\/revisions"}],"wp:featuredmedia":[{"embeddable":true,"href":"https:\/\/www.pcb.ub.edu\/es\/wp-json\/wp\/v2\/media\/26736"}],"wp:attachment":[{"href":"https:\/\/www.pcb.ub.edu\/es\/wp-json\/wp\/v2\/media?parent=39069"}],"wp:term":[{"taxonomy":"category","embeddable":true,"href":"https:\/\/www.pcb.ub.edu\/es\/wp-json\/wp\/v2\/categories?post=39069"},{"taxonomy":"post_tag","embeddable":true,"href":"https:\/\/www.pcb.ub.edu\/es\/wp-json\/wp\/v2\/tags?post=39069"}],"curies":[{"name":"wp","href":"https:\/\/api.w.org\/{rel}","templated":true}]}}