{"id":39043,"date":"2015-11-18T00:00:00","date_gmt":"2015-11-17T23:00:00","guid":{"rendered":"http:\/\/www.pcb.ub.edu\/\/marco-pugliese-la-eit-health-spain-es-una-alianza-publico-privada-muy-potente-en-terminos-de-excelencia-y-capacidad\/"},"modified":"2020-11-16T16:22:25","modified_gmt":"2020-11-16T15:22:25","slug":"marco-pugliese-la-eit-health-spain-es-una-alianza-publico-privada-muy-potente-en-terminos-de-excelencia-y-capacidad","status":"publish","type":"post","link":"https:\/\/www.pcb.ub.edu\/es\/marco-pugliese-la-eit-health-spain-es-una-alianza-publico-privada-muy-potente-en-terminos-de-excelencia-y-capacidad\/","title":{"rendered":"Marco Pugliese: \u00abLa EIT Health Spain es una alianza p\u00fablico-privada muy potente en t\u00e9rminos de excelencia y capacidad\u201d"},"content":{"rendered":"<p>Marco Pugliese se incorpora a este proyecto despu\u00e9s de una destacada carrera como cient\u00edfico y una reconocida experiencia en la direcci\u00f3n y gesti\u00f3n de la \u00a0I+D+I en empresas de ciencias de la vida. Licenciado en Veterinaria por la Universidad de Perugia (Italia) y doctor en Neuroci\u00e8ncies por la Universitat de Barcelona, es co-inventor de 7 patentes y autor de 21 publicaciones internacionales en el campo de la neurociencia.<\/p>\n<p>Despu\u00e9s de una etapa como investigador en el Grupo de Neuroqu\u00edmica de la UB-IDIBAPS, en 2006 va cofundar Neurotec Pharma, una <em>spin-off <\/em>de la UB especializada en el dise\u00f1o de nuevos tratamientos para enfermedades del sistema nervioso central. Desde\u00a02008 a\u00a02014 asumi\u00f3 la Direcci\u00f3n General de la biofarmac\u00e8utica, periodo en el cual se desarroll\u00f3 un tratamiento neuroprotector para la esclerosis m\u00faltiple hasta la fase cl\u00ednica II y la compa\u00f1\u00eda fue reconocida con el\u00a0\u2018Premio Sen\u00e9n Vilar\u00f3\u2019 \u00a0a la mejor empresa innovadora. El a\u00f1o pasado, Pugliese se incorpor\u00f3 al Vall de Hebr\u00f3n Instituto de Investigaci\u00f3n (VHIR) de Barcelona como responsable de Desarrollo de Negocio dentro de la Unidad de Innovaci\u00f3n.<\/p>\n<p>Este cient\u00edfico y emprendedor asume ahora la Direcci\u00f3n de la EIT Health Spain como un gran desaf\u00edo personal y profesional. \u201cAfronto este reto, como siempre, con optimismo y pasi\u00f3n. Es una gran oportunidad para trabajar codo con codo con personas de alt\u00edsimo nivel nacional e internacional en el campo de la investigaci\u00f3n, de la educaci\u00f3n y del mundo empresarial. Por otra parte, soy una persona muy positiva y que no se hunde ante las dificultades, y creo que \u00e9stas son dos virtudes necesarias para dirigir una asociaci\u00f3n de este tama\u00f1o y calidad.\u201d<br \/>\n\u00a0<\/p>\n<p><strong>Hacia un nuevo paradigma de la innovaci\u00f3n abierta en salud<\/strong><\/p>\n<p>La EIT Health (<a href=\"https:\/\/twitter.com\/EITeu\" target=\"_blank\" rel=\"noopener noreferrer\">@ EIT_health.eu<\/a>), creada en diciembre de 2014, re\u00fane unos\u00a0140 <em>partners<\/em> \u2013empresas universidades, institutos y centros de investigaci\u00f3n\u2013 de catorce pa\u00edses europeos, l\u00edderes en su sector y comprometidos con la innovaci\u00f3n en salud y su impacto en la mejora de la calidad de vida de los ciudadanos. Con un presupuesto total de unos 130 millones de euros hasta finales del 2016, este consorcio p\u00fablico-privado espera generar cerca de 70 nuevas ideas de negocio y llegar a las\u00a0140 en 2018. La previsi\u00f3n es generar anualmente unas 7 <em>start-ups<\/em> al a\u00f1o, e implicar a 150.000 estudiantes cada a\u00f1o en los programas impulsados por la EIT Alumni.<\/p>\n<p>La EIT Health Spain \u2013presidida por el rector\u00a0de la Universitat de Barcelona (<a href=\"http:\/\/www.ub.edu\/web\/ub\/es\/index.html\" target=\"_blank\" rel=\"noopener noreferrer\">UB<\/a>)\u2013 est\u00e1 integrada por 17\u00a0actores de primera l\u00ednea en el sector salud, entre los que se encuentran empresas, universidades, centros de investigaci\u00f3n, hospitales, centros tecnol\u00f3gicos e instituciones p\u00fablicas y privadas, entre les que se encuentra\u00a0<a href=\"http:\/\/www.biocat.cat\/es\" target=\"_blank\" rel=\"noopener noreferrer\">Biocat<\/a>, la\u00a0entitad que coordina y promueve el sector de las ciencias de la vida en Catalu\u00f1a, y el<span style=\"font-family: Arial, Helvetica, sans-serif;font-size: 12.32px;line-height: 17.248px\">\u00a0<\/span>Instituto de Biotecnolog\u00eda de Catalu\u00f1a\u00a0(<a href=\"http:\/\/www.ibecbarcelona.eu\/es\/\" target=\"_blank\" rel=\"noopener noreferrer\">IBEC<\/a>), que tienen sus sedes en el PCB.<\/p>\n<p>\u201cEl nodo espa\u00f1ol de la EIT Health es un conglomerado p\u00fablico-privado de excelencia que no tiene nada que envidiar a los otros nodos europeos que forman la EIT Health, en t\u00e9rminos de competencia y capacidad. Prueba de ello, es la gran consideraci\u00f3n que los otros socios europeos nos han demostrado hasta el\u00a0 momento\u201d, assegura el Dr. Pugliese.\u00a0Pero adem\u00e1s, otro aspecto que destaca el director\u00a0de la EIT Health Spain\u00a0es la \u00abcomplementariedad de los diferentes integrantes y, a la vez, su complicidad y esp\u00edritu colaborativo con los otros miembros del nodo nacional y sobre todo con los <em>partners<\/em> internacionales, dos elementos esenciales para cumplir los ambiciosos objetivos que nos hemos propuesto.\u201d<\/p>\n<p>\n<strong>Los tres ejes estrat\u00e9gicos: &#8216;Business creation&#8217;, innovaci\u00f3n y formaci\u00f3n<\/strong><\/p>\n<p>Superada la primera fase de toma de contacto, una de sus prioridades ser\u00e1 crear un equipo de gesti\u00f3n capaz de responder de forma r\u00e1pida y eficaz a las necesidades de los asociados. \u201cEs verdad que la propuesta EIT Health lleva varios a\u00f1os sobre la mesa y que se encuentra donde est\u00e1 gracias al gran trabajo voluntario realizado por los asociados; pero lo cierto, es que una realidad muy joven. Hace muy pocos meses que ha empezado a andar con paso firme. Ahora todos los nodos europeos tenemos que engrasar los mecanismos que permitan una comunicaci\u00f3n fluida para el desarrollo \u00f3ptimo de las diferentes actividades previstas en los tres grandes pilares sobre los que se asentar\u00e1 la EIT Health: <em>business creation,<\/em> innovaci\u00f3n y educaci\u00f3n\u201d.<\/p>\n<p>Crear un tri\u00e1ngulo de conocimiento s\u00f3lido, integrado por instituciones nacionales de referencia en estos tres \u00e1mbitos, y conseguir que se relacionen entre s\u00ed, de una manera \u00e1gil y eficaz, a trav\u00e9s de redes cruzadas ser\u00e1 el eje estrat\u00e9gico de su gesti\u00f3n al frente de la asociaci\u00f3n. \u201cEstos tres grandes ejes, <em>business creation<\/em>, innovaci\u00f3n y educaci\u00f3n tienen, y deben, ir al un\u00edsono porqu\u00e9 la mayor\u00eda de las actividades previstas son transversales y muy raramente se desarrollar\u00e1n de forma aislada. La gesti\u00f3n interna de los tres pilares contar\u00e1 con personal propio y se beneficiar\u00e1 de la experiencia de los diferentes asociados que continuaran siendo los protagonistas absolutos de la EIT Health Spain\u201d.<\/p>\n<p>Los gestores de los diferentes nodos europeos deber\u00e1n ser los facilitadores de esta comunicaci\u00f3n. \u201cTenemos que favorecer que los diferentes proyectos y actividades internacionales de creaci\u00f3n empresarial, formaci\u00f3n e innovaci\u00f3n en salud puedan conseguir los resultados previstos y alcanzar los objetivos estrat\u00e9gicos que nos hemos marcado: mejorar la atenci\u00f3n sanitaria y promover una vida y un envejecimiento saludable de los ciudadanos europeos\u201d.<\/p>\n<p>Un\u00a0desaf\u00edo\u00a0sin precedentes\u2026<\/p>\n<p>\u00bfEl secreto para que todo esto funcione? Pugliese lo tiene claro: \u201cLa capacidad de interrelaci\u00f3n y colaboraci\u00f3n que tendremos con los otros socios europeos que, al fin y al cabo, es la esencia de la existencia de la EIT Health\u201d.<br \/>\n\u00a0<\/p>\n<p>\u2022<a href=\"http:\/\/www.pcb.ub.edu\/portal\/ca\/noticies\/-\/noticia\/not_el-pcb-acull-la-presentacio-del-node-espanyol-de-l-eit-heath-la-major-iniciativa-de-la-ue-a-l-ambit-de-la-innovacio-en-salut?inheritRedirect=false&amp;redirect=%2Fportal%2Fen%2Fcerca%3F_cercador_WAR_empleatsempresesportlet_keywords%3Deit%26_cercador_WAR_empleatsempresesportlet_data-inici%3D%26_cercador_WAR_empleatsempresesportlet_data-fi%3D%26p_p_id%3Dcercador_WAR_empleatsempresesportlet%26p_p_lifecycle%3D0%26p_p_mode%3Dview%26_cercador_WAR_empleatsempresesportlet_tab%3D3&amp;backURL=%2Fportal%2Fen%2Fcerca%3F_cercador_WAR_empleatsempresesportlet_keywords%3Deit%26_cercador_WAR_empleatsempresesportlet_data-inici%3D%26_cercador_WAR_empleatsempresesportlet_data-fi%3D%26p_p_id%3Dcercador_WAR_empleatsempresesportlet%26p_p_lifecycle%3D0%26p_p_mode%3Dview%26_cercador_WAR_empleatsempresesportlet_tab%3D3\" target=\"_blank\" rel=\"noopener noreferrer\">\u00a0<\/a><a href=\"http:\/\/www.pcb.ub.edu\/portal\/es\/noticies\/-\/noticia\/not_el-pcb-acull-la-presentacio-del-node-espanyol-de-l-eit-heath-la-major-iniciativa-de-la-ue-a-l-ambit-de-la-innovacio-en-salut?inheritRedirect=false&amp;redirect=%2Fportal%2Fen%2Fcerca%3F_cercador_WAR_empleatsempresesportlet_keywords%3Deit%26_cercador_WAR_empleatsempresesportlet_data-inici%3D%26_cercador_WAR_empleatsempresesportlet_data-fi%3D%26p_p_id%3Dcercador_WAR_empleatsempresesportlet%26p_p_lifecycle%3D0%26p_p_mode%3Dview%26_cercador_WAR_empleatsempresesportlet_tab%3D3&amp;backURL=%2Fportal%2Fen%2Fcerca%3F_cercador_WAR_empleatsempresesportlet_keywords%3Deit%26_cercador_WAR_empleatsempresesportlet_data-inici%3D%26_cercador_WAR_empleatsempresesportlet_data-fi%3D%26p_p_id%3Dcercador_WAR_empleatsempresesportlet%26p_p_lifecycle%3D0%26p_p_mode%3Dview%26_cercador_WAR_empleatsempresesportlet_tab%3D3\" target=\"_blank\" rel=\"noopener noreferrer\">Noticia relacionada [+]<\/a><\/p>\n","protected":false},"excerpt":{"rendered":"<p>Hace menos de un mes que Marco Pugliese asumi\u00f3 la Direcci\u00f3n general del nodo espa\u00f1ol de la\u00a0<a href=\"http:\/\/eit.europa.eu\/eit-community\/eit-health\" target=\"_blank\" rel=\"noopener noreferrer\">EIT Health<\/a>, la comunidad de conocimiento e innovaci\u00f3n (<em>Knowledge and Innovation Community<\/em>,\u00a0KIC)\u00a0en vida saludable y envejecimiento activo, una de las seis <a href=\"http:\/\/eit.europa.eu\/activities\/innovation-communities\/what-makes-kic-kic\" target=\"_blank\" rel=\"noopener noreferrer\">KICs<\/a>\u00a0impulsadas por el Instituto Europeo de Innovaci\u00f3n y Tecnolog\u00eda (<a href=\"http:\/\/eit.europa.eu\/\" target=\"_blank\" rel=\"noopener noreferrer\">EIT<\/a>). La EIT Health Spain tiene su sede en el Parc Cient\u00edfic\u00a0de Barcelona (PCB) y est\u00e1 integrada por 17 entidades p\u00fablicas y privadas, actores de primera l\u00ednea en el sector salud.\u00a0\u00a0Pugliese nos revela cu\u00e1les ser\u00e1n los ejes prioritarios de su gesti\u00f3n al frente de un consorcio de esta envergadura.<\/p>\n<p>\u00a0<\/p>\n","protected":false},"author":1,"featured_media":26644,"comment_status":"closed","ping_status":"open","sticky":false,"template":"","format":"standard","meta":{"_acf_changed":false,"inline_featured_image":false,"footnotes":""},"categories":[9],"tags":[],"class_list":["post-39043","post","type-post","status-publish","format-standard","has-post-thumbnail","category-sin-categorizar"],"acf":[],"yoast_head":"<!-- This site is optimized with the Yoast SEO plugin v27.3 - https:\/\/yoast.com\/product\/yoast-seo-wordpress\/ -->\n<title>Marco Pugliese: &quot;La EIT Health Spain es una alianza p\u00fablico-privada muy potente en t\u00e9rminos de excelencia y capacidad\u201d - Parc Cient\u00edfic de Barcelona<\/title>\n<meta name=\"robots\" content=\"index, follow, max-snippet:-1, max-image-preview:large, max-video-preview:-1\" \/>\n<link rel=\"canonical\" href=\"https:\/\/www.pcb.ub.edu\/es\/marco-pugliese-la-eit-health-spain-es-una-alianza-publico-privada-muy-potente-en-terminos-de-excelencia-y-capacidad\/\" \/>\n<meta property=\"og:locale\" content=\"es_ES\" \/>\n<meta property=\"og:type\" content=\"article\" \/>\n<meta property=\"og:title\" content=\"Marco Pugliese: &quot;La EIT Health Spain es una alianza p\u00fablico-privada muy potente en t\u00e9rminos de excelencia y capacidad\u201d - Parc Cient\u00edfic de Barcelona\" \/>\n<meta property=\"og:description\" content=\"Hace menos de un mes que Marco Pugliese asumi\u00f3 la Direcci\u00f3n general del nodo espa\u00f1ol de la\u00a0EIT Health, la comunidad de conocimiento e innovaci\u00f3n (Knowledge and Innovation Community,\u00a0KIC)\u00a0en vida saludable y envejecimiento activo, una de las seis KICs\u00a0impulsadas por el Instituto Europeo de Innovaci\u00f3n y Tecnolog\u00eda (EIT). La EIT Health Spain tiene su sede en el Parc Cient\u00edfic\u00a0de Barcelona (PCB) y est\u00e1 integrada por 17 entidades p\u00fablicas y privadas, actores de primera l\u00ednea en el sector salud.\u00a0\u00a0Pugliese nos revela cu\u00e1les ser\u00e1n los ejes prioritarios de su gesti\u00f3n al frente de un consorcio de esta envergadura. \u00a0\" \/>\n<meta property=\"og:url\" content=\"https:\/\/www.pcb.ub.edu\/es\/marco-pugliese-la-eit-health-spain-es-una-alianza-publico-privada-muy-potente-en-terminos-de-excelencia-y-capacidad\/\" \/>\n<meta property=\"og:site_name\" content=\"Parc Cient\u00edfic de Barcelona\" \/>\n<meta property=\"article:published_time\" content=\"2015-11-17T23:00:00+00:00\" \/>\n<meta property=\"article:modified_time\" content=\"2020-11-16T15:22:25+00:00\" \/>\n<meta property=\"og:image\" content=\"https:\/\/www.pcb.ub.edu\/wp-content\/uploads\/2015\/11\/16049224045fa92c24ba615.jpeg\" \/>\n\t<meta property=\"og:image:width\" content=\"1780\" \/>\n\t<meta property=\"og:image:height\" content=\"986\" \/>\n\t<meta property=\"og:image:type\" content=\"image\/jpeg\" \/>\n<meta name=\"author\" content=\"adminpcb\" \/>\n<meta name=\"twitter:card\" content=\"summary_large_image\" \/>\n<meta name=\"twitter:label1\" content=\"Escrito por\" \/>\n\t<meta name=\"twitter:data1\" content=\"adminpcb\" \/>\n\t<meta name=\"twitter:label2\" content=\"Tiempo de lectura\" \/>\n\t<meta name=\"twitter:data2\" content=\"5 minutos\" \/>\n<script type=\"application\/ld+json\" class=\"yoast-schema-graph\">{\"@context\":\"https:\\\/\\\/schema.org\",\"@graph\":[{\"@type\":\"Article\",\"@id\":\"https:\\\/\\\/www.pcb.ub.edu\\\/es\\\/marco-pugliese-la-eit-health-spain-es-una-alianza-publico-privada-muy-potente-en-terminos-de-excelencia-y-capacidad\\\/#article\",\"isPartOf\":{\"@id\":\"https:\\\/\\\/www.pcb.ub.edu\\\/es\\\/marco-pugliese-la-eit-health-spain-es-una-alianza-publico-privada-muy-potente-en-terminos-de-excelencia-y-capacidad\\\/\"},\"author\":{\"name\":\"adminpcb\",\"@id\":\"https:\\\/\\\/www.pcb.ub.edu\\\/es\\\/#\\\/schema\\\/person\\\/d13cab05cd0a75b17fddca8496481021\"},\"headline\":\"Marco Pugliese: \u00abLa EIT Health Spain es una alianza p\u00fablico-privada muy potente en t\u00e9rminos de excelencia y capacidad\u201d\",\"datePublished\":\"2015-11-17T23:00:00+00:00\",\"dateModified\":\"2020-11-16T15:22:25+00:00\",\"mainEntityOfPage\":{\"@id\":\"https:\\\/\\\/www.pcb.ub.edu\\\/es\\\/marco-pugliese-la-eit-health-spain-es-una-alianza-publico-privada-muy-potente-en-terminos-de-excelencia-y-capacidad\\\/\"},\"wordCount\":1020,\"image\":{\"@id\":\"https:\\\/\\\/www.pcb.ub.edu\\\/es\\\/marco-pugliese-la-eit-health-spain-es-una-alianza-publico-privada-muy-potente-en-terminos-de-excelencia-y-capacidad\\\/#primaryimage\"},\"thumbnailUrl\":\"https:\\\/\\\/www.pcb.ub.edu\\\/wp-content\\\/uploads\\\/2015\\\/11\\\/16049224045fa92c24ba615.jpeg\",\"articleSection\":[\"Sin categorizar\"],\"inLanguage\":\"es\"},{\"@type\":\"WebPage\",\"@id\":\"https:\\\/\\\/www.pcb.ub.edu\\\/es\\\/marco-pugliese-la-eit-health-spain-es-una-alianza-publico-privada-muy-potente-en-terminos-de-excelencia-y-capacidad\\\/\",\"url\":\"https:\\\/\\\/www.pcb.ub.edu\\\/es\\\/marco-pugliese-la-eit-health-spain-es-una-alianza-publico-privada-muy-potente-en-terminos-de-excelencia-y-capacidad\\\/\",\"name\":\"Marco Pugliese: \\\"La EIT Health Spain es una alianza p\u00fablico-privada muy potente en t\u00e9rminos de excelencia y capacidad\u201d - Parc Cient\u00edfic de Barcelona\",\"isPartOf\":{\"@id\":\"https:\\\/\\\/www.pcb.ub.edu\\\/es\\\/#website\"},\"primaryImageOfPage\":{\"@id\":\"https:\\\/\\\/www.pcb.ub.edu\\\/es\\\/marco-pugliese-la-eit-health-spain-es-una-alianza-publico-privada-muy-potente-en-terminos-de-excelencia-y-capacidad\\\/#primaryimage\"},\"image\":{\"@id\":\"https:\\\/\\\/www.pcb.ub.edu\\\/es\\\/marco-pugliese-la-eit-health-spain-es-una-alianza-publico-privada-muy-potente-en-terminos-de-excelencia-y-capacidad\\\/#primaryimage\"},\"thumbnailUrl\":\"https:\\\/\\\/www.pcb.ub.edu\\\/wp-content\\\/uploads\\\/2015\\\/11\\\/16049224045fa92c24ba615.jpeg\",\"datePublished\":\"2015-11-17T23:00:00+00:00\",\"dateModified\":\"2020-11-16T15:22:25+00:00\",\"author\":{\"@id\":\"https:\\\/\\\/www.pcb.ub.edu\\\/es\\\/#\\\/schema\\\/person\\\/d13cab05cd0a75b17fddca8496481021\"},\"breadcrumb\":{\"@id\":\"https:\\\/\\\/www.pcb.ub.edu\\\/es\\\/marco-pugliese-la-eit-health-spain-es-una-alianza-publico-privada-muy-potente-en-terminos-de-excelencia-y-capacidad\\\/#breadcrumb\"},\"inLanguage\":\"es\",\"potentialAction\":[{\"@type\":\"ReadAction\",\"target\":[\"https:\\\/\\\/www.pcb.ub.edu\\\/es\\\/marco-pugliese-la-eit-health-spain-es-una-alianza-publico-privada-muy-potente-en-terminos-de-excelencia-y-capacidad\\\/\"]}]},{\"@type\":\"ImageObject\",\"inLanguage\":\"es\",\"@id\":\"https:\\\/\\\/www.pcb.ub.edu\\\/es\\\/marco-pugliese-la-eit-health-spain-es-una-alianza-publico-privada-muy-potente-en-terminos-de-excelencia-y-capacidad\\\/#primaryimage\",\"url\":\"https:\\\/\\\/www.pcb.ub.edu\\\/wp-content\\\/uploads\\\/2015\\\/11\\\/16049224045fa92c24ba615.jpeg\",\"contentUrl\":\"https:\\\/\\\/www.pcb.ub.edu\\\/wp-content\\\/uploads\\\/2015\\\/11\\\/16049224045fa92c24ba615.jpeg\",\"width\":1780,\"height\":986},{\"@type\":\"BreadcrumbList\",\"@id\":\"https:\\\/\\\/www.pcb.ub.edu\\\/es\\\/marco-pugliese-la-eit-health-spain-es-una-alianza-publico-privada-muy-potente-en-terminos-de-excelencia-y-capacidad\\\/#breadcrumb\",\"itemListElement\":[{\"@type\":\"ListItem\",\"position\":1,\"name\":\"Home\",\"item\":\"https:\\\/\\\/www.pcb.ub.edu\\\/es\\\/\"},{\"@type\":\"ListItem\",\"position\":2,\"name\":\"Marco Pugliese: \u00abLa EIT Health Spain es una alianza p\u00fablico-privada muy potente en t\u00e9rminos de excelencia y capacidad\u201d\"}]},{\"@type\":\"WebSite\",\"@id\":\"https:\\\/\\\/www.pcb.ub.edu\\\/es\\\/#website\",\"url\":\"https:\\\/\\\/www.pcb.ub.edu\\\/es\\\/\",\"name\":\"Parc Cient\u00edfic de Barcelona\",\"description\":\"Universitat de Barcelona\",\"potentialAction\":[{\"@type\":\"SearchAction\",\"target\":{\"@type\":\"EntryPoint\",\"urlTemplate\":\"https:\\\/\\\/www.pcb.ub.edu\\\/es\\\/?s={search_term_string}\"},\"query-input\":{\"@type\":\"PropertyValueSpecification\",\"valueRequired\":true,\"valueName\":\"search_term_string\"}}],\"inLanguage\":\"es\"},{\"@type\":\"Person\",\"@id\":\"https:\\\/\\\/www.pcb.ub.edu\\\/es\\\/#\\\/schema\\\/person\\\/d13cab05cd0a75b17fddca8496481021\",\"name\":\"adminpcb\",\"image\":{\"@type\":\"ImageObject\",\"inLanguage\":\"es\",\"@id\":\"https:\\\/\\\/secure.gravatar.com\\\/avatar\\\/41ad0fab4bb3bf5348b0af9612159cfd93173a57bbca98fecb50fa6f3ab97d28?s=96&d=mm&r=g\",\"url\":\"https:\\\/\\\/secure.gravatar.com\\\/avatar\\\/41ad0fab4bb3bf5348b0af9612159cfd93173a57bbca98fecb50fa6f3ab97d28?s=96&d=mm&r=g\",\"contentUrl\":\"https:\\\/\\\/secure.gravatar.com\\\/avatar\\\/41ad0fab4bb3bf5348b0af9612159cfd93173a57bbca98fecb50fa6f3ab97d28?s=96&d=mm&r=g\",\"caption\":\"adminpcb\"},\"url\":\"https:\\\/\\\/www.pcb.ub.edu\\\/es\\\/author\\\/adminpcb\\\/\"}]}<\/script>\n<!-- \/ Yoast SEO plugin. -->","yoast_head_json":{"title":"Marco Pugliese: \"La EIT Health Spain es una alianza p\u00fablico-privada muy potente en t\u00e9rminos de excelencia y capacidad\u201d - Parc Cient\u00edfic de Barcelona","robots":{"index":"index","follow":"follow","max-snippet":"max-snippet:-1","max-image-preview":"max-image-preview:large","max-video-preview":"max-video-preview:-1"},"canonical":"https:\/\/www.pcb.ub.edu\/es\/marco-pugliese-la-eit-health-spain-es-una-alianza-publico-privada-muy-potente-en-terminos-de-excelencia-y-capacidad\/","og_locale":"es_ES","og_type":"article","og_title":"Marco Pugliese: \"La EIT Health Spain es una alianza p\u00fablico-privada muy potente en t\u00e9rminos de excelencia y capacidad\u201d - Parc Cient\u00edfic de Barcelona","og_description":"Hace menos de un mes que Marco Pugliese asumi\u00f3 la Direcci\u00f3n general del nodo espa\u00f1ol de la\u00a0EIT Health, la comunidad de conocimiento e innovaci\u00f3n (Knowledge and Innovation Community,\u00a0KIC)\u00a0en vida saludable y envejecimiento activo, una de las seis KICs\u00a0impulsadas por el Instituto Europeo de Innovaci\u00f3n y Tecnolog\u00eda (EIT). La EIT Health Spain tiene su sede en el Parc Cient\u00edfic\u00a0de Barcelona (PCB) y est\u00e1 integrada por 17 entidades p\u00fablicas y privadas, actores de primera l\u00ednea en el sector salud.\u00a0\u00a0Pugliese nos revela cu\u00e1les ser\u00e1n los ejes prioritarios de su gesti\u00f3n al frente de un consorcio de esta envergadura. \u00a0","og_url":"https:\/\/www.pcb.ub.edu\/es\/marco-pugliese-la-eit-health-spain-es-una-alianza-publico-privada-muy-potente-en-terminos-de-excelencia-y-capacidad\/","og_site_name":"Parc Cient\u00edfic de Barcelona","article_published_time":"2015-11-17T23:00:00+00:00","article_modified_time":"2020-11-16T15:22:25+00:00","og_image":[{"width":1780,"height":986,"url":"https:\/\/www.pcb.ub.edu\/wp-content\/uploads\/2015\/11\/16049224045fa92c24ba615.jpeg","type":"image\/jpeg"}],"author":"adminpcb","twitter_card":"summary_large_image","twitter_misc":{"Escrito por":"adminpcb","Tiempo de lectura":"5 minutos"},"schema":{"@context":"https:\/\/schema.org","@graph":[{"@type":"Article","@id":"https:\/\/www.pcb.ub.edu\/es\/marco-pugliese-la-eit-health-spain-es-una-alianza-publico-privada-muy-potente-en-terminos-de-excelencia-y-capacidad\/#article","isPartOf":{"@id":"https:\/\/www.pcb.ub.edu\/es\/marco-pugliese-la-eit-health-spain-es-una-alianza-publico-privada-muy-potente-en-terminos-de-excelencia-y-capacidad\/"},"author":{"name":"adminpcb","@id":"https:\/\/www.pcb.ub.edu\/es\/#\/schema\/person\/d13cab05cd0a75b17fddca8496481021"},"headline":"Marco Pugliese: \u00abLa EIT Health Spain es una alianza p\u00fablico-privada muy potente en t\u00e9rminos de excelencia y capacidad\u201d","datePublished":"2015-11-17T23:00:00+00:00","dateModified":"2020-11-16T15:22:25+00:00","mainEntityOfPage":{"@id":"https:\/\/www.pcb.ub.edu\/es\/marco-pugliese-la-eit-health-spain-es-una-alianza-publico-privada-muy-potente-en-terminos-de-excelencia-y-capacidad\/"},"wordCount":1020,"image":{"@id":"https:\/\/www.pcb.ub.edu\/es\/marco-pugliese-la-eit-health-spain-es-una-alianza-publico-privada-muy-potente-en-terminos-de-excelencia-y-capacidad\/#primaryimage"},"thumbnailUrl":"https:\/\/www.pcb.ub.edu\/wp-content\/uploads\/2015\/11\/16049224045fa92c24ba615.jpeg","articleSection":["Sin categorizar"],"inLanguage":"es"},{"@type":"WebPage","@id":"https:\/\/www.pcb.ub.edu\/es\/marco-pugliese-la-eit-health-spain-es-una-alianza-publico-privada-muy-potente-en-terminos-de-excelencia-y-capacidad\/","url":"https:\/\/www.pcb.ub.edu\/es\/marco-pugliese-la-eit-health-spain-es-una-alianza-publico-privada-muy-potente-en-terminos-de-excelencia-y-capacidad\/","name":"Marco Pugliese: \"La EIT Health Spain es una alianza p\u00fablico-privada muy potente en t\u00e9rminos de excelencia y capacidad\u201d - Parc Cient\u00edfic de Barcelona","isPartOf":{"@id":"https:\/\/www.pcb.ub.edu\/es\/#website"},"primaryImageOfPage":{"@id":"https:\/\/www.pcb.ub.edu\/es\/marco-pugliese-la-eit-health-spain-es-una-alianza-publico-privada-muy-potente-en-terminos-de-excelencia-y-capacidad\/#primaryimage"},"image":{"@id":"https:\/\/www.pcb.ub.edu\/es\/marco-pugliese-la-eit-health-spain-es-una-alianza-publico-privada-muy-potente-en-terminos-de-excelencia-y-capacidad\/#primaryimage"},"thumbnailUrl":"https:\/\/www.pcb.ub.edu\/wp-content\/uploads\/2015\/11\/16049224045fa92c24ba615.jpeg","datePublished":"2015-11-17T23:00:00+00:00","dateModified":"2020-11-16T15:22:25+00:00","author":{"@id":"https:\/\/www.pcb.ub.edu\/es\/#\/schema\/person\/d13cab05cd0a75b17fddca8496481021"},"breadcrumb":{"@id":"https:\/\/www.pcb.ub.edu\/es\/marco-pugliese-la-eit-health-spain-es-una-alianza-publico-privada-muy-potente-en-terminos-de-excelencia-y-capacidad\/#breadcrumb"},"inLanguage":"es","potentialAction":[{"@type":"ReadAction","target":["https:\/\/www.pcb.ub.edu\/es\/marco-pugliese-la-eit-health-spain-es-una-alianza-publico-privada-muy-potente-en-terminos-de-excelencia-y-capacidad\/"]}]},{"@type":"ImageObject","inLanguage":"es","@id":"https:\/\/www.pcb.ub.edu\/es\/marco-pugliese-la-eit-health-spain-es-una-alianza-publico-privada-muy-potente-en-terminos-de-excelencia-y-capacidad\/#primaryimage","url":"https:\/\/www.pcb.ub.edu\/wp-content\/uploads\/2015\/11\/16049224045fa92c24ba615.jpeg","contentUrl":"https:\/\/www.pcb.ub.edu\/wp-content\/uploads\/2015\/11\/16049224045fa92c24ba615.jpeg","width":1780,"height":986},{"@type":"BreadcrumbList","@id":"https:\/\/www.pcb.ub.edu\/es\/marco-pugliese-la-eit-health-spain-es-una-alianza-publico-privada-muy-potente-en-terminos-de-excelencia-y-capacidad\/#breadcrumb","itemListElement":[{"@type":"ListItem","position":1,"name":"Home","item":"https:\/\/www.pcb.ub.edu\/es\/"},{"@type":"ListItem","position":2,"name":"Marco Pugliese: \u00abLa EIT Health Spain es una alianza p\u00fablico-privada muy potente en t\u00e9rminos de excelencia y capacidad\u201d"}]},{"@type":"WebSite","@id":"https:\/\/www.pcb.ub.edu\/es\/#website","url":"https:\/\/www.pcb.ub.edu\/es\/","name":"Parc Cient\u00edfic de Barcelona","description":"Universitat de Barcelona","potentialAction":[{"@type":"SearchAction","target":{"@type":"EntryPoint","urlTemplate":"https:\/\/www.pcb.ub.edu\/es\/?s={search_term_string}"},"query-input":{"@type":"PropertyValueSpecification","valueRequired":true,"valueName":"search_term_string"}}],"inLanguage":"es"},{"@type":"Person","@id":"https:\/\/www.pcb.ub.edu\/es\/#\/schema\/person\/d13cab05cd0a75b17fddca8496481021","name":"adminpcb","image":{"@type":"ImageObject","inLanguage":"es","@id":"https:\/\/secure.gravatar.com\/avatar\/41ad0fab4bb3bf5348b0af9612159cfd93173a57bbca98fecb50fa6f3ab97d28?s=96&d=mm&r=g","url":"https:\/\/secure.gravatar.com\/avatar\/41ad0fab4bb3bf5348b0af9612159cfd93173a57bbca98fecb50fa6f3ab97d28?s=96&d=mm&r=g","contentUrl":"https:\/\/secure.gravatar.com\/avatar\/41ad0fab4bb3bf5348b0af9612159cfd93173a57bbca98fecb50fa6f3ab97d28?s=96&d=mm&r=g","caption":"adminpcb"},"url":"https:\/\/www.pcb.ub.edu\/es\/author\/adminpcb\/"}]}},"_links":{"self":[{"href":"https:\/\/www.pcb.ub.edu\/es\/wp-json\/wp\/v2\/posts\/39043","targetHints":{"allow":["GET"]}}],"collection":[{"href":"https:\/\/www.pcb.ub.edu\/es\/wp-json\/wp\/v2\/posts"}],"about":[{"href":"https:\/\/www.pcb.ub.edu\/es\/wp-json\/wp\/v2\/types\/post"}],"author":[{"embeddable":true,"href":"https:\/\/www.pcb.ub.edu\/es\/wp-json\/wp\/v2\/users\/1"}],"replies":[{"embeddable":true,"href":"https:\/\/www.pcb.ub.edu\/es\/wp-json\/wp\/v2\/comments?post=39043"}],"version-history":[{"count":1,"href":"https:\/\/www.pcb.ub.edu\/es\/wp-json\/wp\/v2\/posts\/39043\/revisions"}],"predecessor-version":[{"id":45142,"href":"https:\/\/www.pcb.ub.edu\/es\/wp-json\/wp\/v2\/posts\/39043\/revisions\/45142"}],"wp:featuredmedia":[{"embeddable":true,"href":"https:\/\/www.pcb.ub.edu\/es\/wp-json\/wp\/v2\/media\/26644"}],"wp:attachment":[{"href":"https:\/\/www.pcb.ub.edu\/es\/wp-json\/wp\/v2\/media?parent=39043"}],"wp:term":[{"taxonomy":"category","embeddable":true,"href":"https:\/\/www.pcb.ub.edu\/es\/wp-json\/wp\/v2\/categories?post=39043"},{"taxonomy":"post_tag","embeddable":true,"href":"https:\/\/www.pcb.ub.edu\/es\/wp-json\/wp\/v2\/tags?post=39043"}],"curies":[{"name":"wp","href":"https:\/\/api.w.org\/{rel}","templated":true}]}}