{"id":39039,"date":"2014-12-17T00:00:00","date_gmt":"2014-12-16T23:00:00","guid":{"rendered":"http:\/\/www.pcb.ub.edu\/\/el-irb-obtiene-el-logo-europeo-de-excelencia-en-gestion-de-recursos-humanos-en-id\/"},"modified":"2020-11-16T16:22:24","modified_gmt":"2020-11-16T15:22:24","slug":"el-irb-obtiene-el-logo-europeo-de-excelencia-en-gestion-de-recursos-humanos-en-id","status":"publish","type":"post","link":"https:\/\/www.pcb.ub.edu\/es\/el-irb-obtiene-el-logo-europeo-de-excelencia-en-gestion-de-recursos-humanos-en-id\/","title":{"rendered":"El IRB obtiene el logo europeo de excelencia en gesti\u00f3n de recursos humanos en I+D"},"content":{"rendered":"<p style=\"margin: 0px 0px 10px;font-family: heuristicaregular, arial, sans-serif;font-size: 14.3999996185303px;line-height: 18px\">La acreditaci\u00f3n incluye el derecho a utilizar el logotipo europeo, lo que permite dar visibilidad y reconocimiento p\u00fablico a las instituciones de investigaci\u00f3n comprometidas con los principios de la Estrategia de Recursos Humanos para los Investigadores (HRS4R por sus siglas en ingl\u00e9s).<\/p>\n<p style=\"margin: 0px 0px 10px;font-family: heuristicaregular, arial, sans-serif;font-size: 14.3999996185303px;line-height: 18px\">El proceso de obtenci\u00f3n de la acreditaci\u00f3n se ha llevado a cabo en dos a\u00f1os y ha conllevado las siguientes tareas: realizaci\u00f3n de un<span style=\"font-size: 14.3999996185303px\">\u00a0an\u00e1lisis interno para comparar las pol\u00edticas y las pr\u00e1cticas de RRHH del IRB con los principios de la Carta y el C\u00f3digo,\u00a0el desarrollo de\u00a0<\/span><span style=\"font-size: 14.3999996185303px\">un plan de acci\u00f3n estrat\u00e9gico dirigido a los investigadores (<\/span><a href=\"http:\/\/www.irbbarcelona.org\/sites\/default\/files\/attachments\/2014\/11\/link_action_plan_pdf.pdf\" style=\"font-size: 14.3999996185303px;text-decoration: none;background: transparent\" target=\"_blank\" rel=\"noopener noreferrer\">IRB Action Plan<\/a>),y\u00a0la\u00a0<span style=\"font-size: 14.3999996185303px\">valuaci\u00f3n del informe del an\u00e1lisis comparativo y del plan de acci\u00f3n por parte de la Comisi\u00f3n Europea.<\/span><\/p>\n<p style=\"margin: 0px 0px 10px;font-family: heuristicaregular, arial, sans-serif;font-size: 14.3999996185303px;line-height: 18px\">Dentro de dos a\u00f1os el centro deber\u00e1 examinar los progresos hechos en el plan estrat\u00e9gico de acci\u00f3n y cada cuatro deber\u00e1 llevar a cabo una evaluaci\u00f3n externa.<\/p>\n","protected":false},"excerpt":{"rendered":"<p><span style=\"font-family: heuristicaregular, arial, sans-serif;font-size: 14.3999996185303px;line-height: 18px\">La Comisi\u00f3n Europea ha concedido al Instituto de Investigaci\u00f3n Biom\u00e9dica (<a href=\"http:\/\/www.irbbarcelona.org\/es\" target=\"_blank\" rel=\"noopener noreferrer\">IRB Barcelona)<\/a> \u2013con sede en el Parc Cient\u00edfic de Barcelona\u2013 \u00a0la acreditaci\u00f3n\u00a0&#8216;<\/span><a href=\"http:\/\/ec.europa.eu\/euraxess\/index.cfm\/rights\/index\" target=\"_blank\" rel=\"noopener noreferrer\">HR Excellence in Research<\/a>&#8216;\u00a0<span style=\"font-family: heuristicaregular, arial, sans-serif;font-size: 14.3999996185303px;line-height: 18px\">por su compromiso con la mejora continua en recursos humanos. El galard\u00f3n reconoce que los \u00a0procedimientos de contrataci\u00f3n y evaluaci\u00f3n del personal investigador son justos y transparentes, seg\u00fan los principios incluidos en la Carta Europea del Investigador y el C\u00f3digo de Conducta para la Contrataci\u00f3n de Investigadores<\/span><\/p>\n","protected":false},"author":1,"featured_media":26628,"comment_status":"closed","ping_status":"open","sticky":false,"template":"","format":"standard","meta":{"_acf_changed":false,"inline_featured_image":false,"footnotes":""},"categories":[9],"tags":[],"class_list":["post-39039","post","type-post","status-publish","format-standard","has-post-thumbnail","category-sin-categorizar"],"acf":[],"yoast_head":"<!-- This site is optimized with the Yoast SEO plugin v27.3 - https:\/\/yoast.com\/product\/yoast-seo-wordpress\/ -->\n<title>El IRB obtiene el logo europeo de excelencia en gesti\u00f3n de recursos humanos en I+D - Parc Cient\u00edfic de Barcelona<\/title>\n<meta name=\"robots\" content=\"index, follow, max-snippet:-1, max-image-preview:large, max-video-preview:-1\" \/>\n<link rel=\"canonical\" href=\"https:\/\/www.pcb.ub.edu\/es\/el-irb-obtiene-el-logo-europeo-de-excelencia-en-gestion-de-recursos-humanos-en-id\/\" \/>\n<meta property=\"og:locale\" content=\"es_ES\" \/>\n<meta property=\"og:type\" content=\"article\" \/>\n<meta property=\"og:title\" content=\"El IRB obtiene el logo europeo de excelencia en gesti\u00f3n de recursos humanos en I+D - Parc Cient\u00edfic de Barcelona\" \/>\n<meta property=\"og:description\" content=\"La Comisi\u00f3n Europea ha concedido al Instituto de Investigaci\u00f3n Biom\u00e9dica (IRB Barcelona) \u2013con sede en el Parc Cient\u00edfic de Barcelona\u2013 \u00a0la acreditaci\u00f3n\u00a0&#039;HR Excellence in Research&#039;\u00a0por su compromiso con la mejora continua en recursos humanos. El galard\u00f3n reconoce que los \u00a0procedimientos de contrataci\u00f3n y evaluaci\u00f3n del personal investigador son justos y transparentes, seg\u00fan los principios incluidos en la Carta Europea del Investigador y el C\u00f3digo de Conducta para la Contrataci\u00f3n de Investigadores\" \/>\n<meta property=\"og:url\" content=\"https:\/\/www.pcb.ub.edu\/es\/el-irb-obtiene-el-logo-europeo-de-excelencia-en-gestion-de-recursos-humanos-en-id\/\" \/>\n<meta property=\"og:site_name\" content=\"Parc Cient\u00edfic de Barcelona\" \/>\n<meta property=\"article:published_time\" content=\"2014-12-16T23:00:00+00:00\" \/>\n<meta property=\"article:modified_time\" content=\"2020-11-16T15:22:24+00:00\" \/>\n<meta property=\"og:image\" content=\"https:\/\/www.pcb.ub.edu\/wp-content\/uploads\/2014\/12\/16049223985fa92c1ec2ccc.jpeg\" \/>\n\t<meta property=\"og:image:width\" content=\"350\" \/>\n\t<meta property=\"og:image:height\" content=\"233\" \/>\n\t<meta property=\"og:image:type\" content=\"image\/jpeg\" \/>\n<meta name=\"author\" content=\"adminpcb\" \/>\n<meta name=\"twitter:card\" content=\"summary_large_image\" \/>\n<meta name=\"twitter:label1\" content=\"Escrito por\" \/>\n\t<meta name=\"twitter:data1\" content=\"adminpcb\" \/>\n\t<meta name=\"twitter:label2\" content=\"Tiempo de lectura\" \/>\n\t<meta name=\"twitter:data2\" content=\"1 minuto\" \/>\n<script type=\"application\/ld+json\" class=\"yoast-schema-graph\">{\"@context\":\"https:\\\/\\\/schema.org\",\"@graph\":[{\"@type\":\"Article\",\"@id\":\"https:\\\/\\\/www.pcb.ub.edu\\\/es\\\/el-irb-obtiene-el-logo-europeo-de-excelencia-en-gestion-de-recursos-humanos-en-id\\\/#article\",\"isPartOf\":{\"@id\":\"https:\\\/\\\/www.pcb.ub.edu\\\/es\\\/el-irb-obtiene-el-logo-europeo-de-excelencia-en-gestion-de-recursos-humanos-en-id\\\/\"},\"author\":{\"name\":\"adminpcb\",\"@id\":\"https:\\\/\\\/www.pcb.ub.edu\\\/es\\\/#\\\/schema\\\/person\\\/d13cab05cd0a75b17fddca8496481021\"},\"headline\":\"El IRB obtiene el logo europeo de excelencia en gesti\u00f3n de recursos humanos en I+D\",\"datePublished\":\"2014-12-16T23:00:00+00:00\",\"dateModified\":\"2020-11-16T15:22:24+00:00\",\"mainEntityOfPage\":{\"@id\":\"https:\\\/\\\/www.pcb.ub.edu\\\/es\\\/el-irb-obtiene-el-logo-europeo-de-excelencia-en-gestion-de-recursos-humanos-en-id\\\/\"},\"wordCount\":189,\"image\":{\"@id\":\"https:\\\/\\\/www.pcb.ub.edu\\\/es\\\/el-irb-obtiene-el-logo-europeo-de-excelencia-en-gestion-de-recursos-humanos-en-id\\\/#primaryimage\"},\"thumbnailUrl\":\"https:\\\/\\\/www.pcb.ub.edu\\\/wp-content\\\/uploads\\\/2014\\\/12\\\/16049223985fa92c1ec2ccc.jpeg\",\"articleSection\":[\"Sin categorizar\"],\"inLanguage\":\"es\"},{\"@type\":\"WebPage\",\"@id\":\"https:\\\/\\\/www.pcb.ub.edu\\\/es\\\/el-irb-obtiene-el-logo-europeo-de-excelencia-en-gestion-de-recursos-humanos-en-id\\\/\",\"url\":\"https:\\\/\\\/www.pcb.ub.edu\\\/es\\\/el-irb-obtiene-el-logo-europeo-de-excelencia-en-gestion-de-recursos-humanos-en-id\\\/\",\"name\":\"El IRB obtiene el logo europeo de excelencia en gesti\u00f3n de recursos humanos en I+D - Parc Cient\u00edfic de Barcelona\",\"isPartOf\":{\"@id\":\"https:\\\/\\\/www.pcb.ub.edu\\\/es\\\/#website\"},\"primaryImageOfPage\":{\"@id\":\"https:\\\/\\\/www.pcb.ub.edu\\\/es\\\/el-irb-obtiene-el-logo-europeo-de-excelencia-en-gestion-de-recursos-humanos-en-id\\\/#primaryimage\"},\"image\":{\"@id\":\"https:\\\/\\\/www.pcb.ub.edu\\\/es\\\/el-irb-obtiene-el-logo-europeo-de-excelencia-en-gestion-de-recursos-humanos-en-id\\\/#primaryimage\"},\"thumbnailUrl\":\"https:\\\/\\\/www.pcb.ub.edu\\\/wp-content\\\/uploads\\\/2014\\\/12\\\/16049223985fa92c1ec2ccc.jpeg\",\"datePublished\":\"2014-12-16T23:00:00+00:00\",\"dateModified\":\"2020-11-16T15:22:24+00:00\",\"author\":{\"@id\":\"https:\\\/\\\/www.pcb.ub.edu\\\/es\\\/#\\\/schema\\\/person\\\/d13cab05cd0a75b17fddca8496481021\"},\"breadcrumb\":{\"@id\":\"https:\\\/\\\/www.pcb.ub.edu\\\/es\\\/el-irb-obtiene-el-logo-europeo-de-excelencia-en-gestion-de-recursos-humanos-en-id\\\/#breadcrumb\"},\"inLanguage\":\"es\",\"potentialAction\":[{\"@type\":\"ReadAction\",\"target\":[\"https:\\\/\\\/www.pcb.ub.edu\\\/es\\\/el-irb-obtiene-el-logo-europeo-de-excelencia-en-gestion-de-recursos-humanos-en-id\\\/\"]}]},{\"@type\":\"ImageObject\",\"inLanguage\":\"es\",\"@id\":\"https:\\\/\\\/www.pcb.ub.edu\\\/es\\\/el-irb-obtiene-el-logo-europeo-de-excelencia-en-gestion-de-recursos-humanos-en-id\\\/#primaryimage\",\"url\":\"https:\\\/\\\/www.pcb.ub.edu\\\/wp-content\\\/uploads\\\/2014\\\/12\\\/16049223985fa92c1ec2ccc.jpeg\",\"contentUrl\":\"https:\\\/\\\/www.pcb.ub.edu\\\/wp-content\\\/uploads\\\/2014\\\/12\\\/16049223985fa92c1ec2ccc.jpeg\",\"width\":350,\"height\":233},{\"@type\":\"BreadcrumbList\",\"@id\":\"https:\\\/\\\/www.pcb.ub.edu\\\/es\\\/el-irb-obtiene-el-logo-europeo-de-excelencia-en-gestion-de-recursos-humanos-en-id\\\/#breadcrumb\",\"itemListElement\":[{\"@type\":\"ListItem\",\"position\":1,\"name\":\"Home\",\"item\":\"https:\\\/\\\/www.pcb.ub.edu\\\/es\\\/\"},{\"@type\":\"ListItem\",\"position\":2,\"name\":\"El IRB obtiene el logo europeo de excelencia en gesti\u00f3n de recursos humanos en I+D\"}]},{\"@type\":\"WebSite\",\"@id\":\"https:\\\/\\\/www.pcb.ub.edu\\\/es\\\/#website\",\"url\":\"https:\\\/\\\/www.pcb.ub.edu\\\/es\\\/\",\"name\":\"Parc Cient\u00edfic de Barcelona\",\"description\":\"Universitat de Barcelona\",\"potentialAction\":[{\"@type\":\"SearchAction\",\"target\":{\"@type\":\"EntryPoint\",\"urlTemplate\":\"https:\\\/\\\/www.pcb.ub.edu\\\/es\\\/?s={search_term_string}\"},\"query-input\":{\"@type\":\"PropertyValueSpecification\",\"valueRequired\":true,\"valueName\":\"search_term_string\"}}],\"inLanguage\":\"es\"},{\"@type\":\"Person\",\"@id\":\"https:\\\/\\\/www.pcb.ub.edu\\\/es\\\/#\\\/schema\\\/person\\\/d13cab05cd0a75b17fddca8496481021\",\"name\":\"adminpcb\",\"image\":{\"@type\":\"ImageObject\",\"inLanguage\":\"es\",\"@id\":\"https:\\\/\\\/secure.gravatar.com\\\/avatar\\\/41ad0fab4bb3bf5348b0af9612159cfd93173a57bbca98fecb50fa6f3ab97d28?s=96&d=mm&r=g\",\"url\":\"https:\\\/\\\/secure.gravatar.com\\\/avatar\\\/41ad0fab4bb3bf5348b0af9612159cfd93173a57bbca98fecb50fa6f3ab97d28?s=96&d=mm&r=g\",\"contentUrl\":\"https:\\\/\\\/secure.gravatar.com\\\/avatar\\\/41ad0fab4bb3bf5348b0af9612159cfd93173a57bbca98fecb50fa6f3ab97d28?s=96&d=mm&r=g\",\"caption\":\"adminpcb\"},\"url\":\"https:\\\/\\\/www.pcb.ub.edu\\\/es\\\/author\\\/adminpcb\\\/\"}]}<\/script>\n<!-- \/ Yoast SEO plugin. -->","yoast_head_json":{"title":"El IRB obtiene el logo europeo de excelencia en gesti\u00f3n de recursos humanos en I+D - Parc Cient\u00edfic de Barcelona","robots":{"index":"index","follow":"follow","max-snippet":"max-snippet:-1","max-image-preview":"max-image-preview:large","max-video-preview":"max-video-preview:-1"},"canonical":"https:\/\/www.pcb.ub.edu\/es\/el-irb-obtiene-el-logo-europeo-de-excelencia-en-gestion-de-recursos-humanos-en-id\/","og_locale":"es_ES","og_type":"article","og_title":"El IRB obtiene el logo europeo de excelencia en gesti\u00f3n de recursos humanos en I+D - Parc Cient\u00edfic de Barcelona","og_description":"La Comisi\u00f3n Europea ha concedido al Instituto de Investigaci\u00f3n Biom\u00e9dica (IRB Barcelona) \u2013con sede en el Parc Cient\u00edfic de Barcelona\u2013 \u00a0la acreditaci\u00f3n\u00a0'HR Excellence in Research'\u00a0por su compromiso con la mejora continua en recursos humanos. El galard\u00f3n reconoce que los \u00a0procedimientos de contrataci\u00f3n y evaluaci\u00f3n del personal investigador son justos y transparentes, seg\u00fan los principios incluidos en la Carta Europea del Investigador y el C\u00f3digo de Conducta para la Contrataci\u00f3n de Investigadores","og_url":"https:\/\/www.pcb.ub.edu\/es\/el-irb-obtiene-el-logo-europeo-de-excelencia-en-gestion-de-recursos-humanos-en-id\/","og_site_name":"Parc Cient\u00edfic de Barcelona","article_published_time":"2014-12-16T23:00:00+00:00","article_modified_time":"2020-11-16T15:22:24+00:00","og_image":[{"width":350,"height":233,"url":"https:\/\/www.pcb.ub.edu\/wp-content\/uploads\/2014\/12\/16049223985fa92c1ec2ccc.jpeg","type":"image\/jpeg"}],"author":"adminpcb","twitter_card":"summary_large_image","twitter_misc":{"Escrito por":"adminpcb","Tiempo de lectura":"1 minuto"},"schema":{"@context":"https:\/\/schema.org","@graph":[{"@type":"Article","@id":"https:\/\/www.pcb.ub.edu\/es\/el-irb-obtiene-el-logo-europeo-de-excelencia-en-gestion-de-recursos-humanos-en-id\/#article","isPartOf":{"@id":"https:\/\/www.pcb.ub.edu\/es\/el-irb-obtiene-el-logo-europeo-de-excelencia-en-gestion-de-recursos-humanos-en-id\/"},"author":{"name":"adminpcb","@id":"https:\/\/www.pcb.ub.edu\/es\/#\/schema\/person\/d13cab05cd0a75b17fddca8496481021"},"headline":"El IRB obtiene el logo europeo de excelencia en gesti\u00f3n de recursos humanos en I+D","datePublished":"2014-12-16T23:00:00+00:00","dateModified":"2020-11-16T15:22:24+00:00","mainEntityOfPage":{"@id":"https:\/\/www.pcb.ub.edu\/es\/el-irb-obtiene-el-logo-europeo-de-excelencia-en-gestion-de-recursos-humanos-en-id\/"},"wordCount":189,"image":{"@id":"https:\/\/www.pcb.ub.edu\/es\/el-irb-obtiene-el-logo-europeo-de-excelencia-en-gestion-de-recursos-humanos-en-id\/#primaryimage"},"thumbnailUrl":"https:\/\/www.pcb.ub.edu\/wp-content\/uploads\/2014\/12\/16049223985fa92c1ec2ccc.jpeg","articleSection":["Sin categorizar"],"inLanguage":"es"},{"@type":"WebPage","@id":"https:\/\/www.pcb.ub.edu\/es\/el-irb-obtiene-el-logo-europeo-de-excelencia-en-gestion-de-recursos-humanos-en-id\/","url":"https:\/\/www.pcb.ub.edu\/es\/el-irb-obtiene-el-logo-europeo-de-excelencia-en-gestion-de-recursos-humanos-en-id\/","name":"El IRB obtiene el logo europeo de excelencia en gesti\u00f3n de recursos humanos en I+D - Parc Cient\u00edfic de Barcelona","isPartOf":{"@id":"https:\/\/www.pcb.ub.edu\/es\/#website"},"primaryImageOfPage":{"@id":"https:\/\/www.pcb.ub.edu\/es\/el-irb-obtiene-el-logo-europeo-de-excelencia-en-gestion-de-recursos-humanos-en-id\/#primaryimage"},"image":{"@id":"https:\/\/www.pcb.ub.edu\/es\/el-irb-obtiene-el-logo-europeo-de-excelencia-en-gestion-de-recursos-humanos-en-id\/#primaryimage"},"thumbnailUrl":"https:\/\/www.pcb.ub.edu\/wp-content\/uploads\/2014\/12\/16049223985fa92c1ec2ccc.jpeg","datePublished":"2014-12-16T23:00:00+00:00","dateModified":"2020-11-16T15:22:24+00:00","author":{"@id":"https:\/\/www.pcb.ub.edu\/es\/#\/schema\/person\/d13cab05cd0a75b17fddca8496481021"},"breadcrumb":{"@id":"https:\/\/www.pcb.ub.edu\/es\/el-irb-obtiene-el-logo-europeo-de-excelencia-en-gestion-de-recursos-humanos-en-id\/#breadcrumb"},"inLanguage":"es","potentialAction":[{"@type":"ReadAction","target":["https:\/\/www.pcb.ub.edu\/es\/el-irb-obtiene-el-logo-europeo-de-excelencia-en-gestion-de-recursos-humanos-en-id\/"]}]},{"@type":"ImageObject","inLanguage":"es","@id":"https:\/\/www.pcb.ub.edu\/es\/el-irb-obtiene-el-logo-europeo-de-excelencia-en-gestion-de-recursos-humanos-en-id\/#primaryimage","url":"https:\/\/www.pcb.ub.edu\/wp-content\/uploads\/2014\/12\/16049223985fa92c1ec2ccc.jpeg","contentUrl":"https:\/\/www.pcb.ub.edu\/wp-content\/uploads\/2014\/12\/16049223985fa92c1ec2ccc.jpeg","width":350,"height":233},{"@type":"BreadcrumbList","@id":"https:\/\/www.pcb.ub.edu\/es\/el-irb-obtiene-el-logo-europeo-de-excelencia-en-gestion-de-recursos-humanos-en-id\/#breadcrumb","itemListElement":[{"@type":"ListItem","position":1,"name":"Home","item":"https:\/\/www.pcb.ub.edu\/es\/"},{"@type":"ListItem","position":2,"name":"El IRB obtiene el logo europeo de excelencia en gesti\u00f3n de recursos humanos en I+D"}]},{"@type":"WebSite","@id":"https:\/\/www.pcb.ub.edu\/es\/#website","url":"https:\/\/www.pcb.ub.edu\/es\/","name":"Parc Cient\u00edfic de Barcelona","description":"Universitat de Barcelona","potentialAction":[{"@type":"SearchAction","target":{"@type":"EntryPoint","urlTemplate":"https:\/\/www.pcb.ub.edu\/es\/?s={search_term_string}"},"query-input":{"@type":"PropertyValueSpecification","valueRequired":true,"valueName":"search_term_string"}}],"inLanguage":"es"},{"@type":"Person","@id":"https:\/\/www.pcb.ub.edu\/es\/#\/schema\/person\/d13cab05cd0a75b17fddca8496481021","name":"adminpcb","image":{"@type":"ImageObject","inLanguage":"es","@id":"https:\/\/secure.gravatar.com\/avatar\/41ad0fab4bb3bf5348b0af9612159cfd93173a57bbca98fecb50fa6f3ab97d28?s=96&d=mm&r=g","url":"https:\/\/secure.gravatar.com\/avatar\/41ad0fab4bb3bf5348b0af9612159cfd93173a57bbca98fecb50fa6f3ab97d28?s=96&d=mm&r=g","contentUrl":"https:\/\/secure.gravatar.com\/avatar\/41ad0fab4bb3bf5348b0af9612159cfd93173a57bbca98fecb50fa6f3ab97d28?s=96&d=mm&r=g","caption":"adminpcb"},"url":"https:\/\/www.pcb.ub.edu\/es\/author\/adminpcb\/"}]}},"_links":{"self":[{"href":"https:\/\/www.pcb.ub.edu\/es\/wp-json\/wp\/v2\/posts\/39039","targetHints":{"allow":["GET"]}}],"collection":[{"href":"https:\/\/www.pcb.ub.edu\/es\/wp-json\/wp\/v2\/posts"}],"about":[{"href":"https:\/\/www.pcb.ub.edu\/es\/wp-json\/wp\/v2\/types\/post"}],"author":[{"embeddable":true,"href":"https:\/\/www.pcb.ub.edu\/es\/wp-json\/wp\/v2\/users\/1"}],"replies":[{"embeddable":true,"href":"https:\/\/www.pcb.ub.edu\/es\/wp-json\/wp\/v2\/comments?post=39039"}],"version-history":[{"count":1,"href":"https:\/\/www.pcb.ub.edu\/es\/wp-json\/wp\/v2\/posts\/39039\/revisions"}],"predecessor-version":[{"id":45138,"href":"https:\/\/www.pcb.ub.edu\/es\/wp-json\/wp\/v2\/posts\/39039\/revisions\/45138"}],"wp:featuredmedia":[{"embeddable":true,"href":"https:\/\/www.pcb.ub.edu\/es\/wp-json\/wp\/v2\/media\/26628"}],"wp:attachment":[{"href":"https:\/\/www.pcb.ub.edu\/es\/wp-json\/wp\/v2\/media?parent=39039"}],"wp:term":[{"taxonomy":"category","embeddable":true,"href":"https:\/\/www.pcb.ub.edu\/es\/wp-json\/wp\/v2\/categories?post=39039"},{"taxonomy":"post_tag","embeddable":true,"href":"https:\/\/www.pcb.ub.edu\/es\/wp-json\/wp\/v2\/tags?post=39039"}],"curies":[{"name":"wp","href":"https:\/\/api.w.org\/{rel}","templated":true}]}}