{"id":39038,"date":"2015-04-16T00:00:00","date_gmt":"2015-04-15T23:00:00","guid":{"rendered":"http:\/\/www.pcb.ub.edu\/\/el-irb-barcelona-recibira-600-visitantes-en-su-primera-jornada-de-puertas-abiertas\/"},"modified":"2020-11-16T16:22:24","modified_gmt":"2020-11-16T15:22:24","slug":"el-irb-barcelona-recibira-600-visitantes-en-su-primera-jornada-de-puertas-abiertas","status":"publish","type":"post","link":"https:\/\/www.pcb.ub.edu\/es\/el-irb-barcelona-recibira-600-visitantes-en-su-primera-jornada-de-puertas-abiertas\/","title":{"rendered":"El IRB Barcelona recibir\u00e1 600 visitantes en su primera Jornada de Puertas Abiertas"},"content":{"rendered":"<p>La organizaci\u00f3n ha programado cuatro sesiones diferentes, con un aforo m\u00e1ximo de 150 personas cada una\u00a0que incluyen, entre otras actividades, conferencias divulgativas, visitas guiadas a los laboratorios,\u00a0experimentos en directo y una feria con stands de divulgaci\u00f3n cient\u00edfica con\u00a0propuestas para p\u00fablicos de todas las edades e informaci\u00f3n relacionada con la investigaci\u00f3n y las actividades que se llevan a cabo en el IRB Barcelona. La actuaci\u00f3n del coro del IRB Barcelona amenizar\u00e1 la exposici\u00f3n y es una peque\u00f1a muestra de las actividades de ocio en grupo que promueve el centro.<\/p>\n<p>A diez d\u00edas de la jornada \u2013que cuenta con el apoyio del Ayuntamiento de Barcelona\u2013\u00a0ya no quedaba ninguna vacante de las 600 plazas abiertas y cada una de las cuatro rutas programadas tiene lista de espera. Joan J. Guinovart, director del IRB Barcelona, expresa su agradecimiento por la buena respuesta. \u201cSi queremos que nos quieran debemos darnos a conocer, hacernos entender y demostrar a la gente que lo que hacemos es bueno para ellos y para todos. Es necesario mostrar el retorno que la investigaci\u00f3n puede llegar a dar, sobre todo la biom\u00e9dica, donde investigaci\u00f3n y mejora de calidad de vida van de la mano. A todo esto, la ciencia es apasionante y divertida\u201d.<\/p>\n<p>\n<strong>10\u00ba aniversario del\u00a0IRB Barcelona<\/strong><\/p>\n<p>El IRB Barcelona celebra este a\u00f1o su 10\u00ba aniversario con actividades dirigidas a acercar la investigaci\u00f3n a la sociedad, que culminar\u00e1 a finales de octubre con un acto acad\u00e9mico e institucional.<\/p>\n<p>El octubre pasado, el centro lleg\u00f3 a un p\u00fablico muy amplio con una campa\u00f1a de micromecenazgo centrada en un\u00a0<a href=\"https:\/\/youtu.be\/hNOqgHTtvH8\" target=\"_blank\" rel=\"noopener noreferrer\">v\u00eddeo musical<\/a>\u00a0protagonizado por sus cient\u00edficos que tuvo una notable repercusi\u00f3n en los medios de comunicaci\u00f3n y suma, hasta la fecha, cerca de un mill\u00f3n de visitas en YouTube. Gracias a esta visibilidad, el centro recibi\u00f3 aportaciones de donantes an\u00f3nimos que se interesaron por la investigaci\u00f3n que desarrolla. Como respuesta, el IRB Barcelona ha organizado su primera jornada de puertas abiertas y ha querido invitar en primera instancia a los donantes del IRB Barcelona y a todas aquellas personas interesadas en conocerlo de primera mano.<\/p>\n","protected":false},"excerpt":{"rendered":"<p>Este s\u00e1bado 18 de\u00a0abril, de 10.00 h a 18.00 h,\u00a0el Instituto de Investigaci\u00f3n Biom\u00e9dica (<a href=\"http:\/\/www.irbbarcelona.org\/es\" target=\"_blank\" rel=\"noopener noreferrer\">IRB Barcelona<\/a>) recibir\u00e1 600 visitantes en sus instalaciones situadas en el Parc Cient\u00edfic\u00a0de Barcelona (PCB), en el campus universitario de Pedralbes. Esta primera <a href=\"http:\/\/www.irbbarcelona.org\/es\/events\/jornada-de-puertas-abiertas\" target=\"_blank\" rel=\"noopener noreferrer\">Jornada de Puertas Abiertas<\/a>\u00a0se enmarca dentro de los actos del 10\u00ba aniversario del centro y participar\u00e1n cerca de 150 voluntarios.<\/p>\n","protected":false},"author":1,"featured_media":26624,"comment_status":"closed","ping_status":"open","sticky":false,"template":"","format":"standard","meta":{"_acf_changed":false,"inline_featured_image":false,"footnotes":""},"categories":[9],"tags":[],"class_list":["post-39038","post","type-post","status-publish","format-standard","has-post-thumbnail","category-sin-categorizar"],"acf":[],"yoast_head":"<!-- This site is optimized with the Yoast SEO plugin v27.3 - https:\/\/yoast.com\/product\/yoast-seo-wordpress\/ -->\n<title>El IRB Barcelona recibir\u00e1 600 visitantes en su primera Jornada de Puertas Abiertas - Parc Cient\u00edfic de Barcelona<\/title>\n<meta name=\"robots\" content=\"index, follow, max-snippet:-1, max-image-preview:large, max-video-preview:-1\" \/>\n<link rel=\"canonical\" href=\"https:\/\/www.pcb.ub.edu\/es\/el-irb-barcelona-recibira-600-visitantes-en-su-primera-jornada-de-puertas-abiertas\/\" \/>\n<meta property=\"og:locale\" content=\"es_ES\" \/>\n<meta property=\"og:type\" content=\"article\" \/>\n<meta property=\"og:title\" content=\"El IRB Barcelona recibir\u00e1 600 visitantes en su primera Jornada de Puertas Abiertas - Parc Cient\u00edfic de Barcelona\" \/>\n<meta property=\"og:description\" content=\"Este s\u00e1bado 18 de\u00a0abril, de 10.00 h a 18.00 h,\u00a0el Instituto de Investigaci\u00f3n Biom\u00e9dica (IRB Barcelona) recibir\u00e1 600 visitantes en sus instalaciones situadas en el Parc Cient\u00edfic\u00a0de Barcelona (PCB), en el campus universitario de Pedralbes. Esta primera Jornada de Puertas Abiertas\u00a0se enmarca dentro de los actos del 10\u00ba aniversario del centro y participar\u00e1n cerca de 150 voluntarios.\" \/>\n<meta property=\"og:url\" content=\"https:\/\/www.pcb.ub.edu\/es\/el-irb-barcelona-recibira-600-visitantes-en-su-primera-jornada-de-puertas-abiertas\/\" \/>\n<meta property=\"og:site_name\" content=\"Parc Cient\u00edfic de Barcelona\" \/>\n<meta property=\"article:published_time\" content=\"2015-04-15T23:00:00+00:00\" \/>\n<meta property=\"article:modified_time\" content=\"2020-11-16T15:22:24+00:00\" \/>\n<meta property=\"og:image\" content=\"https:\/\/www.pcb.ub.edu\/wp-content\/uploads\/2015\/04\/16049223985fa92c1e34efd.jpeg\" \/>\n\t<meta property=\"og:image:width\" content=\"350\" \/>\n\t<meta property=\"og:image:height\" content=\"232\" \/>\n\t<meta property=\"og:image:type\" content=\"image\/jpeg\" \/>\n<meta name=\"author\" content=\"adminpcb\" \/>\n<meta name=\"twitter:card\" content=\"summary_large_image\" \/>\n<meta name=\"twitter:label1\" content=\"Escrito por\" \/>\n\t<meta name=\"twitter:data1\" content=\"adminpcb\" \/>\n\t<meta name=\"twitter:label2\" content=\"Tiempo de lectura\" \/>\n\t<meta name=\"twitter:data2\" content=\"2 minutos\" \/>\n<script type=\"application\/ld+json\" class=\"yoast-schema-graph\">{\"@context\":\"https:\\\/\\\/schema.org\",\"@graph\":[{\"@type\":\"Article\",\"@id\":\"https:\\\/\\\/www.pcb.ub.edu\\\/es\\\/el-irb-barcelona-recibira-600-visitantes-en-su-primera-jornada-de-puertas-abiertas\\\/#article\",\"isPartOf\":{\"@id\":\"https:\\\/\\\/www.pcb.ub.edu\\\/es\\\/el-irb-barcelona-recibira-600-visitantes-en-su-primera-jornada-de-puertas-abiertas\\\/\"},\"author\":{\"name\":\"adminpcb\",\"@id\":\"https:\\\/\\\/www.pcb.ub.edu\\\/es\\\/#\\\/schema\\\/person\\\/d13cab05cd0a75b17fddca8496481021\"},\"headline\":\"El IRB Barcelona recibir\u00e1 600 visitantes en su primera Jornada de Puertas Abiertas\",\"datePublished\":\"2015-04-15T23:00:00+00:00\",\"dateModified\":\"2020-11-16T15:22:24+00:00\",\"mainEntityOfPage\":{\"@id\":\"https:\\\/\\\/www.pcb.ub.edu\\\/es\\\/el-irb-barcelona-recibira-600-visitantes-en-su-primera-jornada-de-puertas-abiertas\\\/\"},\"wordCount\":380,\"image\":{\"@id\":\"https:\\\/\\\/www.pcb.ub.edu\\\/es\\\/el-irb-barcelona-recibira-600-visitantes-en-su-primera-jornada-de-puertas-abiertas\\\/#primaryimage\"},\"thumbnailUrl\":\"https:\\\/\\\/www.pcb.ub.edu\\\/wp-content\\\/uploads\\\/2015\\\/04\\\/16049223985fa92c1e34efd.jpeg\",\"articleSection\":[\"Sin categorizar\"],\"inLanguage\":\"es\"},{\"@type\":\"WebPage\",\"@id\":\"https:\\\/\\\/www.pcb.ub.edu\\\/es\\\/el-irb-barcelona-recibira-600-visitantes-en-su-primera-jornada-de-puertas-abiertas\\\/\",\"url\":\"https:\\\/\\\/www.pcb.ub.edu\\\/es\\\/el-irb-barcelona-recibira-600-visitantes-en-su-primera-jornada-de-puertas-abiertas\\\/\",\"name\":\"El IRB Barcelona recibir\u00e1 600 visitantes en su primera Jornada de Puertas Abiertas - Parc Cient\u00edfic de Barcelona\",\"isPartOf\":{\"@id\":\"https:\\\/\\\/www.pcb.ub.edu\\\/es\\\/#website\"},\"primaryImageOfPage\":{\"@id\":\"https:\\\/\\\/www.pcb.ub.edu\\\/es\\\/el-irb-barcelona-recibira-600-visitantes-en-su-primera-jornada-de-puertas-abiertas\\\/#primaryimage\"},\"image\":{\"@id\":\"https:\\\/\\\/www.pcb.ub.edu\\\/es\\\/el-irb-barcelona-recibira-600-visitantes-en-su-primera-jornada-de-puertas-abiertas\\\/#primaryimage\"},\"thumbnailUrl\":\"https:\\\/\\\/www.pcb.ub.edu\\\/wp-content\\\/uploads\\\/2015\\\/04\\\/16049223985fa92c1e34efd.jpeg\",\"datePublished\":\"2015-04-15T23:00:00+00:00\",\"dateModified\":\"2020-11-16T15:22:24+00:00\",\"author\":{\"@id\":\"https:\\\/\\\/www.pcb.ub.edu\\\/es\\\/#\\\/schema\\\/person\\\/d13cab05cd0a75b17fddca8496481021\"},\"breadcrumb\":{\"@id\":\"https:\\\/\\\/www.pcb.ub.edu\\\/es\\\/el-irb-barcelona-recibira-600-visitantes-en-su-primera-jornada-de-puertas-abiertas\\\/#breadcrumb\"},\"inLanguage\":\"es\",\"potentialAction\":[{\"@type\":\"ReadAction\",\"target\":[\"https:\\\/\\\/www.pcb.ub.edu\\\/es\\\/el-irb-barcelona-recibira-600-visitantes-en-su-primera-jornada-de-puertas-abiertas\\\/\"]}]},{\"@type\":\"ImageObject\",\"inLanguage\":\"es\",\"@id\":\"https:\\\/\\\/www.pcb.ub.edu\\\/es\\\/el-irb-barcelona-recibira-600-visitantes-en-su-primera-jornada-de-puertas-abiertas\\\/#primaryimage\",\"url\":\"https:\\\/\\\/www.pcb.ub.edu\\\/wp-content\\\/uploads\\\/2015\\\/04\\\/16049223985fa92c1e34efd.jpeg\",\"contentUrl\":\"https:\\\/\\\/www.pcb.ub.edu\\\/wp-content\\\/uploads\\\/2015\\\/04\\\/16049223985fa92c1e34efd.jpeg\",\"width\":350,\"height\":232},{\"@type\":\"BreadcrumbList\",\"@id\":\"https:\\\/\\\/www.pcb.ub.edu\\\/es\\\/el-irb-barcelona-recibira-600-visitantes-en-su-primera-jornada-de-puertas-abiertas\\\/#breadcrumb\",\"itemListElement\":[{\"@type\":\"ListItem\",\"position\":1,\"name\":\"Home\",\"item\":\"https:\\\/\\\/www.pcb.ub.edu\\\/es\\\/\"},{\"@type\":\"ListItem\",\"position\":2,\"name\":\"El IRB Barcelona recibir\u00e1 600 visitantes en su primera Jornada de Puertas Abiertas\"}]},{\"@type\":\"WebSite\",\"@id\":\"https:\\\/\\\/www.pcb.ub.edu\\\/es\\\/#website\",\"url\":\"https:\\\/\\\/www.pcb.ub.edu\\\/es\\\/\",\"name\":\"Parc Cient\u00edfic de Barcelona\",\"description\":\"Universitat de Barcelona\",\"potentialAction\":[{\"@type\":\"SearchAction\",\"target\":{\"@type\":\"EntryPoint\",\"urlTemplate\":\"https:\\\/\\\/www.pcb.ub.edu\\\/es\\\/?s={search_term_string}\"},\"query-input\":{\"@type\":\"PropertyValueSpecification\",\"valueRequired\":true,\"valueName\":\"search_term_string\"}}],\"inLanguage\":\"es\"},{\"@type\":\"Person\",\"@id\":\"https:\\\/\\\/www.pcb.ub.edu\\\/es\\\/#\\\/schema\\\/person\\\/d13cab05cd0a75b17fddca8496481021\",\"name\":\"adminpcb\",\"image\":{\"@type\":\"ImageObject\",\"inLanguage\":\"es\",\"@id\":\"https:\\\/\\\/secure.gravatar.com\\\/avatar\\\/41ad0fab4bb3bf5348b0af9612159cfd93173a57bbca98fecb50fa6f3ab97d28?s=96&d=mm&r=g\",\"url\":\"https:\\\/\\\/secure.gravatar.com\\\/avatar\\\/41ad0fab4bb3bf5348b0af9612159cfd93173a57bbca98fecb50fa6f3ab97d28?s=96&d=mm&r=g\",\"contentUrl\":\"https:\\\/\\\/secure.gravatar.com\\\/avatar\\\/41ad0fab4bb3bf5348b0af9612159cfd93173a57bbca98fecb50fa6f3ab97d28?s=96&d=mm&r=g\",\"caption\":\"adminpcb\"},\"url\":\"https:\\\/\\\/www.pcb.ub.edu\\\/es\\\/author\\\/adminpcb\\\/\"}]}<\/script>\n<!-- \/ Yoast SEO plugin. -->","yoast_head_json":{"title":"El IRB Barcelona recibir\u00e1 600 visitantes en su primera Jornada de Puertas Abiertas - Parc Cient\u00edfic de Barcelona","robots":{"index":"index","follow":"follow","max-snippet":"max-snippet:-1","max-image-preview":"max-image-preview:large","max-video-preview":"max-video-preview:-1"},"canonical":"https:\/\/www.pcb.ub.edu\/es\/el-irb-barcelona-recibira-600-visitantes-en-su-primera-jornada-de-puertas-abiertas\/","og_locale":"es_ES","og_type":"article","og_title":"El IRB Barcelona recibir\u00e1 600 visitantes en su primera Jornada de Puertas Abiertas - Parc Cient\u00edfic de Barcelona","og_description":"Este s\u00e1bado 18 de\u00a0abril, de 10.00 h a 18.00 h,\u00a0el Instituto de Investigaci\u00f3n Biom\u00e9dica (IRB Barcelona) recibir\u00e1 600 visitantes en sus instalaciones situadas en el Parc Cient\u00edfic\u00a0de Barcelona (PCB), en el campus universitario de Pedralbes. Esta primera Jornada de Puertas Abiertas\u00a0se enmarca dentro de los actos del 10\u00ba aniversario del centro y participar\u00e1n cerca de 150 voluntarios.","og_url":"https:\/\/www.pcb.ub.edu\/es\/el-irb-barcelona-recibira-600-visitantes-en-su-primera-jornada-de-puertas-abiertas\/","og_site_name":"Parc Cient\u00edfic de Barcelona","article_published_time":"2015-04-15T23:00:00+00:00","article_modified_time":"2020-11-16T15:22:24+00:00","og_image":[{"width":350,"height":232,"url":"https:\/\/www.pcb.ub.edu\/wp-content\/uploads\/2015\/04\/16049223985fa92c1e34efd.jpeg","type":"image\/jpeg"}],"author":"adminpcb","twitter_card":"summary_large_image","twitter_misc":{"Escrito por":"adminpcb","Tiempo de lectura":"2 minutos"},"schema":{"@context":"https:\/\/schema.org","@graph":[{"@type":"Article","@id":"https:\/\/www.pcb.ub.edu\/es\/el-irb-barcelona-recibira-600-visitantes-en-su-primera-jornada-de-puertas-abiertas\/#article","isPartOf":{"@id":"https:\/\/www.pcb.ub.edu\/es\/el-irb-barcelona-recibira-600-visitantes-en-su-primera-jornada-de-puertas-abiertas\/"},"author":{"name":"adminpcb","@id":"https:\/\/www.pcb.ub.edu\/es\/#\/schema\/person\/d13cab05cd0a75b17fddca8496481021"},"headline":"El IRB Barcelona recibir\u00e1 600 visitantes en su primera Jornada de Puertas Abiertas","datePublished":"2015-04-15T23:00:00+00:00","dateModified":"2020-11-16T15:22:24+00:00","mainEntityOfPage":{"@id":"https:\/\/www.pcb.ub.edu\/es\/el-irb-barcelona-recibira-600-visitantes-en-su-primera-jornada-de-puertas-abiertas\/"},"wordCount":380,"image":{"@id":"https:\/\/www.pcb.ub.edu\/es\/el-irb-barcelona-recibira-600-visitantes-en-su-primera-jornada-de-puertas-abiertas\/#primaryimage"},"thumbnailUrl":"https:\/\/www.pcb.ub.edu\/wp-content\/uploads\/2015\/04\/16049223985fa92c1e34efd.jpeg","articleSection":["Sin categorizar"],"inLanguage":"es"},{"@type":"WebPage","@id":"https:\/\/www.pcb.ub.edu\/es\/el-irb-barcelona-recibira-600-visitantes-en-su-primera-jornada-de-puertas-abiertas\/","url":"https:\/\/www.pcb.ub.edu\/es\/el-irb-barcelona-recibira-600-visitantes-en-su-primera-jornada-de-puertas-abiertas\/","name":"El IRB Barcelona recibir\u00e1 600 visitantes en su primera Jornada de Puertas Abiertas - Parc Cient\u00edfic de Barcelona","isPartOf":{"@id":"https:\/\/www.pcb.ub.edu\/es\/#website"},"primaryImageOfPage":{"@id":"https:\/\/www.pcb.ub.edu\/es\/el-irb-barcelona-recibira-600-visitantes-en-su-primera-jornada-de-puertas-abiertas\/#primaryimage"},"image":{"@id":"https:\/\/www.pcb.ub.edu\/es\/el-irb-barcelona-recibira-600-visitantes-en-su-primera-jornada-de-puertas-abiertas\/#primaryimage"},"thumbnailUrl":"https:\/\/www.pcb.ub.edu\/wp-content\/uploads\/2015\/04\/16049223985fa92c1e34efd.jpeg","datePublished":"2015-04-15T23:00:00+00:00","dateModified":"2020-11-16T15:22:24+00:00","author":{"@id":"https:\/\/www.pcb.ub.edu\/es\/#\/schema\/person\/d13cab05cd0a75b17fddca8496481021"},"breadcrumb":{"@id":"https:\/\/www.pcb.ub.edu\/es\/el-irb-barcelona-recibira-600-visitantes-en-su-primera-jornada-de-puertas-abiertas\/#breadcrumb"},"inLanguage":"es","potentialAction":[{"@type":"ReadAction","target":["https:\/\/www.pcb.ub.edu\/es\/el-irb-barcelona-recibira-600-visitantes-en-su-primera-jornada-de-puertas-abiertas\/"]}]},{"@type":"ImageObject","inLanguage":"es","@id":"https:\/\/www.pcb.ub.edu\/es\/el-irb-barcelona-recibira-600-visitantes-en-su-primera-jornada-de-puertas-abiertas\/#primaryimage","url":"https:\/\/www.pcb.ub.edu\/wp-content\/uploads\/2015\/04\/16049223985fa92c1e34efd.jpeg","contentUrl":"https:\/\/www.pcb.ub.edu\/wp-content\/uploads\/2015\/04\/16049223985fa92c1e34efd.jpeg","width":350,"height":232},{"@type":"BreadcrumbList","@id":"https:\/\/www.pcb.ub.edu\/es\/el-irb-barcelona-recibira-600-visitantes-en-su-primera-jornada-de-puertas-abiertas\/#breadcrumb","itemListElement":[{"@type":"ListItem","position":1,"name":"Home","item":"https:\/\/www.pcb.ub.edu\/es\/"},{"@type":"ListItem","position":2,"name":"El IRB Barcelona recibir\u00e1 600 visitantes en su primera Jornada de Puertas Abiertas"}]},{"@type":"WebSite","@id":"https:\/\/www.pcb.ub.edu\/es\/#website","url":"https:\/\/www.pcb.ub.edu\/es\/","name":"Parc Cient\u00edfic de Barcelona","description":"Universitat de Barcelona","potentialAction":[{"@type":"SearchAction","target":{"@type":"EntryPoint","urlTemplate":"https:\/\/www.pcb.ub.edu\/es\/?s={search_term_string}"},"query-input":{"@type":"PropertyValueSpecification","valueRequired":true,"valueName":"search_term_string"}}],"inLanguage":"es"},{"@type":"Person","@id":"https:\/\/www.pcb.ub.edu\/es\/#\/schema\/person\/d13cab05cd0a75b17fddca8496481021","name":"adminpcb","image":{"@type":"ImageObject","inLanguage":"es","@id":"https:\/\/secure.gravatar.com\/avatar\/41ad0fab4bb3bf5348b0af9612159cfd93173a57bbca98fecb50fa6f3ab97d28?s=96&d=mm&r=g","url":"https:\/\/secure.gravatar.com\/avatar\/41ad0fab4bb3bf5348b0af9612159cfd93173a57bbca98fecb50fa6f3ab97d28?s=96&d=mm&r=g","contentUrl":"https:\/\/secure.gravatar.com\/avatar\/41ad0fab4bb3bf5348b0af9612159cfd93173a57bbca98fecb50fa6f3ab97d28?s=96&d=mm&r=g","caption":"adminpcb"},"url":"https:\/\/www.pcb.ub.edu\/es\/author\/adminpcb\/"}]}},"_links":{"self":[{"href":"https:\/\/www.pcb.ub.edu\/es\/wp-json\/wp\/v2\/posts\/39038","targetHints":{"allow":["GET"]}}],"collection":[{"href":"https:\/\/www.pcb.ub.edu\/es\/wp-json\/wp\/v2\/posts"}],"about":[{"href":"https:\/\/www.pcb.ub.edu\/es\/wp-json\/wp\/v2\/types\/post"}],"author":[{"embeddable":true,"href":"https:\/\/www.pcb.ub.edu\/es\/wp-json\/wp\/v2\/users\/1"}],"replies":[{"embeddable":true,"href":"https:\/\/www.pcb.ub.edu\/es\/wp-json\/wp\/v2\/comments?post=39038"}],"version-history":[{"count":1,"href":"https:\/\/www.pcb.ub.edu\/es\/wp-json\/wp\/v2\/posts\/39038\/revisions"}],"predecessor-version":[{"id":45137,"href":"https:\/\/www.pcb.ub.edu\/es\/wp-json\/wp\/v2\/posts\/39038\/revisions\/45137"}],"wp:featuredmedia":[{"embeddable":true,"href":"https:\/\/www.pcb.ub.edu\/es\/wp-json\/wp\/v2\/media\/26624"}],"wp:attachment":[{"href":"https:\/\/www.pcb.ub.edu\/es\/wp-json\/wp\/v2\/media?parent=39038"}],"wp:term":[{"taxonomy":"category","embeddable":true,"href":"https:\/\/www.pcb.ub.edu\/es\/wp-json\/wp\/v2\/categories?post=39038"},{"taxonomy":"post_tag","embeddable":true,"href":"https:\/\/www.pcb.ub.edu\/es\/wp-json\/wp\/v2\/tags?post=39038"}],"curies":[{"name":"wp","href":"https:\/\/api.w.org\/{rel}","templated":true}]}}