{"id":38991,"date":"2016-09-09T00:00:00","date_gmt":"2016-09-08T23:00:00","guid":{"rendered":"http:\/\/www.pcb.ub.edu\/\/las-celulas-se-mueven-en-grupo-hacia-tejidos-rigidos\/"},"modified":"2020-11-16T16:22:12","modified_gmt":"2020-11-16T15:22:12","slug":"las-celulas-se-mueven-en-grupo-hacia-tejidos-rigidos","status":"publish","type":"post","link":"https:\/\/www.pcb.ub.edu\/es\/las-celulas-se-mueven-en-grupo-hacia-tejidos-rigidos\/","title":{"rendered":"Las c\u00e9lulas se mueven en grupo hacia tejidos r\u00edgidos"},"content":{"rendered":"<p>En 2000, investigadores de la Boston University y de la University of Massachusetts propusieron por primera vez que la rigidez de un tejido pod\u00eda guiar el movimiento de c\u00e9lulas aisladas. No obstante, los estudios experimentales posteriores demostraron que este mecanismo era muy poco eficiente. \u201cCon este nuevo estudio hemos descubierto que cuando las c\u00e9lulas cooperan entre ellas son capaces de responder a las variaciones de rigidez de los tejidos de forma mucho m\u00e1s eficiente que cuando est\u00e1n aisladas\u201d, dice Raimon Sunyer, primer autor del trabajo.<\/p>\n<p>\u201cEs un ejemplo de lo que llamamos Inteligencia Colectiva: un grupo puede llevar a cabo una tarea que sus individuos aislados son incapaces de realizar\u201d, explica Xavier Trepat, investigador ICREA en el IBEC y director del estudio. \u201cLa clave no est\u00e1 en ninguna propiedad del individuo, sino en su interacci\u00f3n con sus iguales\u201d. En este caso, la interacci\u00f3n es f\u00edsica, las c\u00e9lulas transmiten informaci\u00f3n entre ellas por medio de fuerzas.<\/p>\n<div>\n<p>\n<strong>Cuanto mayor es el grupo de c\u00e9lulas, m\u00e1s eficiente es el movimiento<\/strong><\/p>\n<p>El grupo de investigadores, que tambi\u00e9n incluye miembros de la Universitat de Barcelona (UB), la Universitat Polit\u00e8cnica de Catalunya BarcelonaTech (UPC), la Universidad de Zaragoza, el Centro de Investigaci\u00f3n Biom\u00e9dica en Red de Enfermedades Respiratorias (CIBERES) y el Centro de Investigaci\u00f3n Biom\u00e9dica en Red de Bioingenier\u00eda, Biomateriales y Nanomedicina (CIBER-BBN), desarroll\u00f3 nuevas t\u00e9cnicas para crear biomateriales con variaciones de rigidez, y observaron, en estos materiales, que los grupos de c\u00e9lulas se mov\u00edan preferentemente hacia las zonas m\u00e1s r\u00edgidas. Cuanto mayor era el grupo, m\u00e1s eficiente era el movimiento, y las c\u00e9lulas individuales eran incapaces de encontrar el camino hacia las zonas m\u00e1s r\u00edgidas.<\/p>\n<p>Los investigadores desarrollaron una teor\u00eda que explica el fen\u00f3meno. \u201cCada c\u00e9lula aplica una fuerza a su entorno que le permite medir la rigidez local, pero las c\u00e9lulas necesitan interaccionar f\u00edsicamente entre ellas para transmitir esta informaci\u00f3n a nivel global y moverse\u201d, afirma Pere Roca-Cusachs, investigador del IBEC, profesor de la Universidad de Barcelona y co-director del estudio.<\/p>\n<p>\u201cLos tumores son m\u00e1s r\u00edgidos que su entorno, as\u00ed que la durotaxis colectiva puede explicar los mecanismos por los cuales las c\u00e9lulas tumorales se mueven para iniciar el proceso metast\u00e1sico\u201d, afirma Trepat. \u201cLas cicatrices tambi\u00e9n son tejidos m\u00e1s r\u00edgidos que su entorno. Creemos que la durotaxis colectiva es un mecanismo clave para explicar c\u00f3mo las c\u00e9lulas se mueven para cicatrizar las heridas y c\u00f3mo podemos controlar este proceso\u201d.<br \/>\n\u00a0<\/p>\n<p><strong>\u2022 Art\u00edculo de referencia<\/strong><br \/>\nRaimon Sunyer, Vito Conte, Jorge Escribano, Alberto Elosegui-Artola, Anna Labernadie, Leo Valon, Daniel Navajas, Jose Manuel Garcia-Aznar, Jos\u00e9 J Munoz, Pere Roca-Cusachs and Xavier Trepat (2016). \u00ab<a href=\"http:\/\/science.sciencemag.org\/content\/353\/6304\/1157\">Collective durotaxis cell emerges from long-range force intercellular transmission<\/a>\u00ab.\u00a0<em>Science<\/em>, pub ahead of print.<\/p>\n<\/div>\n","protected":false},"excerpt":{"rendered":"<p>En un estudio publicado hoy en la revista\u00a0Science, investigadores del <a href=\"http:\/\/www.pcb.ub.edu\/portal\/es\/cerca?p_p_id=cercador_WAR_empleatsempresesportlet&amp;p_p_lifecycle=0&amp;p_p_state=maximized&amp;p_p_mode=view&amp;p_p_col_id=column-1&amp;p_p_col_count=1&amp;_cercador_WAR_empleatsempresesportlet_jspPage=%2Fhtml%2Fcommon%2Fdetall-empresa.jsp&amp;_cercador_WAR_empleatsempresesportlet_empresaId=ENT_000134&amp;_cercador_WAR_empleatsempresesportlet_redirect=%2Fportal%2Fca%2Fcerca%3Fp_p_id%3Dcercador_WAR_empleatsempresesportlet%26p_p_lifecycle%3D0%26p_p_mode%3Dview%26_cercador_WAR_empleatsempresesportlet_keywords%3Dibec%26_cercador_WAR_empleatsempresesportlet_tab%3D1\" target=\"_blank\" rel=\"noopener noreferrer\">Instituto de Bioingenier\u00eda de Catalu\u00f1a (IBEC) <\/a>en el Parc Cient\u00edfic de Barcelona (PCB)\u00a0han demostrado que varios tipos de c\u00e9lulas se sienten atra\u00eddas por las zonas m\u00e1s r\u00edgidas de los tejidos. El estudio rompe con la visi\u00f3n tradicional, seg\u00fan la cual, el movimiento celular es guiado principalmente por variaciones en la concentraci\u00f3n qu\u00edmica de prote\u00ednas y iones.<\/p>\n<p>\u00a0<\/p>\n","protected":false},"author":1,"featured_media":26436,"comment_status":"closed","ping_status":"open","sticky":false,"template":"","format":"standard","meta":{"_acf_changed":false,"inline_featured_image":false,"footnotes":""},"categories":[9],"tags":[],"class_list":["post-38991","post","type-post","status-publish","format-standard","has-post-thumbnail","category-sin-categorizar"],"acf":[],"yoast_head":"<!-- This site is optimized with the Yoast SEO plugin v27.3 - https:\/\/yoast.com\/product\/yoast-seo-wordpress\/ -->\n<title>Las c\u00e9lulas se mueven en grupo hacia tejidos r\u00edgidos - Parc Cient\u00edfic de Barcelona<\/title>\n<meta name=\"robots\" content=\"index, follow, max-snippet:-1, max-image-preview:large, max-video-preview:-1\" \/>\n<link rel=\"canonical\" href=\"https:\/\/www.pcb.ub.edu\/es\/las-celulas-se-mueven-en-grupo-hacia-tejidos-rigidos\/\" \/>\n<meta property=\"og:locale\" content=\"es_ES\" \/>\n<meta property=\"og:type\" content=\"article\" \/>\n<meta property=\"og:title\" content=\"Las c\u00e9lulas se mueven en grupo hacia tejidos r\u00edgidos - Parc Cient\u00edfic de Barcelona\" \/>\n<meta property=\"og:description\" content=\"En un estudio publicado hoy en la revista\u00a0Science, investigadores del Instituto de Bioingenier\u00eda de Catalu\u00f1a (IBEC) en el Parc Cient\u00edfic de Barcelona (PCB)\u00a0han demostrado que varios tipos de c\u00e9lulas se sienten atra\u00eddas por las zonas m\u00e1s r\u00edgidas de los tejidos. El estudio rompe con la visi\u00f3n tradicional, seg\u00fan la cual, el movimiento celular es guiado principalmente por variaciones en la concentraci\u00f3n qu\u00edmica de prote\u00ednas y iones. \u00a0\" \/>\n<meta property=\"og:url\" content=\"https:\/\/www.pcb.ub.edu\/es\/las-celulas-se-mueven-en-grupo-hacia-tejidos-rigidos\/\" \/>\n<meta property=\"og:site_name\" content=\"Parc Cient\u00edfic de Barcelona\" \/>\n<meta property=\"article:published_time\" content=\"2016-09-08T23:00:00+00:00\" \/>\n<meta property=\"article:modified_time\" content=\"2020-11-16T15:22:12+00:00\" \/>\n<meta property=\"og:image\" content=\"https:\/\/www.pcb.ub.edu\/wp-content\/uploads\/2016\/09\/16049223185fa92bce0b93f.jpeg\" \/>\n\t<meta property=\"og:image:width\" content=\"800\" \/>\n\t<meta property=\"og:image:height\" content=\"371\" \/>\n\t<meta property=\"og:image:type\" content=\"image\/jpeg\" \/>\n<meta name=\"author\" content=\"adminpcb\" \/>\n<meta name=\"twitter:card\" content=\"summary_large_image\" \/>\n<meta name=\"twitter:label1\" content=\"Escrito por\" \/>\n\t<meta name=\"twitter:data1\" content=\"adminpcb\" \/>\n\t<meta name=\"twitter:label2\" content=\"Tiempo de lectura\" \/>\n\t<meta name=\"twitter:data2\" content=\"2 minutos\" \/>\n<script type=\"application\/ld+json\" class=\"yoast-schema-graph\">{\"@context\":\"https:\\\/\\\/schema.org\",\"@graph\":[{\"@type\":\"Article\",\"@id\":\"https:\\\/\\\/www.pcb.ub.edu\\\/es\\\/las-celulas-se-mueven-en-grupo-hacia-tejidos-rigidos\\\/#article\",\"isPartOf\":{\"@id\":\"https:\\\/\\\/www.pcb.ub.edu\\\/es\\\/las-celulas-se-mueven-en-grupo-hacia-tejidos-rigidos\\\/\"},\"author\":{\"name\":\"adminpcb\",\"@id\":\"https:\\\/\\\/www.pcb.ub.edu\\\/es\\\/#\\\/schema\\\/person\\\/d13cab05cd0a75b17fddca8496481021\"},\"headline\":\"Las c\u00e9lulas se mueven en grupo hacia tejidos r\u00edgidos\",\"datePublished\":\"2016-09-08T23:00:00+00:00\",\"dateModified\":\"2020-11-16T15:22:12+00:00\",\"mainEntityOfPage\":{\"@id\":\"https:\\\/\\\/www.pcb.ub.edu\\\/es\\\/las-celulas-se-mueven-en-grupo-hacia-tejidos-rigidos\\\/\"},\"wordCount\":492,\"image\":{\"@id\":\"https:\\\/\\\/www.pcb.ub.edu\\\/es\\\/las-celulas-se-mueven-en-grupo-hacia-tejidos-rigidos\\\/#primaryimage\"},\"thumbnailUrl\":\"https:\\\/\\\/www.pcb.ub.edu\\\/wp-content\\\/uploads\\\/2016\\\/09\\\/16049223185fa92bce0b93f.jpeg\",\"articleSection\":[\"Sin categorizar\"],\"inLanguage\":\"es\"},{\"@type\":\"WebPage\",\"@id\":\"https:\\\/\\\/www.pcb.ub.edu\\\/es\\\/las-celulas-se-mueven-en-grupo-hacia-tejidos-rigidos\\\/\",\"url\":\"https:\\\/\\\/www.pcb.ub.edu\\\/es\\\/las-celulas-se-mueven-en-grupo-hacia-tejidos-rigidos\\\/\",\"name\":\"Las c\u00e9lulas se mueven en grupo hacia tejidos r\u00edgidos - Parc Cient\u00edfic de Barcelona\",\"isPartOf\":{\"@id\":\"https:\\\/\\\/www.pcb.ub.edu\\\/es\\\/#website\"},\"primaryImageOfPage\":{\"@id\":\"https:\\\/\\\/www.pcb.ub.edu\\\/es\\\/las-celulas-se-mueven-en-grupo-hacia-tejidos-rigidos\\\/#primaryimage\"},\"image\":{\"@id\":\"https:\\\/\\\/www.pcb.ub.edu\\\/es\\\/las-celulas-se-mueven-en-grupo-hacia-tejidos-rigidos\\\/#primaryimage\"},\"thumbnailUrl\":\"https:\\\/\\\/www.pcb.ub.edu\\\/wp-content\\\/uploads\\\/2016\\\/09\\\/16049223185fa92bce0b93f.jpeg\",\"datePublished\":\"2016-09-08T23:00:00+00:00\",\"dateModified\":\"2020-11-16T15:22:12+00:00\",\"author\":{\"@id\":\"https:\\\/\\\/www.pcb.ub.edu\\\/es\\\/#\\\/schema\\\/person\\\/d13cab05cd0a75b17fddca8496481021\"},\"breadcrumb\":{\"@id\":\"https:\\\/\\\/www.pcb.ub.edu\\\/es\\\/las-celulas-se-mueven-en-grupo-hacia-tejidos-rigidos\\\/#breadcrumb\"},\"inLanguage\":\"es\",\"potentialAction\":[{\"@type\":\"ReadAction\",\"target\":[\"https:\\\/\\\/www.pcb.ub.edu\\\/es\\\/las-celulas-se-mueven-en-grupo-hacia-tejidos-rigidos\\\/\"]}]},{\"@type\":\"ImageObject\",\"inLanguage\":\"es\",\"@id\":\"https:\\\/\\\/www.pcb.ub.edu\\\/es\\\/las-celulas-se-mueven-en-grupo-hacia-tejidos-rigidos\\\/#primaryimage\",\"url\":\"https:\\\/\\\/www.pcb.ub.edu\\\/wp-content\\\/uploads\\\/2016\\\/09\\\/16049223185fa92bce0b93f.jpeg\",\"contentUrl\":\"https:\\\/\\\/www.pcb.ub.edu\\\/wp-content\\\/uploads\\\/2016\\\/09\\\/16049223185fa92bce0b93f.jpeg\",\"width\":800,\"height\":371},{\"@type\":\"BreadcrumbList\",\"@id\":\"https:\\\/\\\/www.pcb.ub.edu\\\/es\\\/las-celulas-se-mueven-en-grupo-hacia-tejidos-rigidos\\\/#breadcrumb\",\"itemListElement\":[{\"@type\":\"ListItem\",\"position\":1,\"name\":\"Home\",\"item\":\"https:\\\/\\\/www.pcb.ub.edu\\\/es\\\/\"},{\"@type\":\"ListItem\",\"position\":2,\"name\":\"Las c\u00e9lulas se mueven en grupo hacia tejidos r\u00edgidos\"}]},{\"@type\":\"WebSite\",\"@id\":\"https:\\\/\\\/www.pcb.ub.edu\\\/es\\\/#website\",\"url\":\"https:\\\/\\\/www.pcb.ub.edu\\\/es\\\/\",\"name\":\"Parc Cient\u00edfic de Barcelona\",\"description\":\"Universitat de Barcelona\",\"potentialAction\":[{\"@type\":\"SearchAction\",\"target\":{\"@type\":\"EntryPoint\",\"urlTemplate\":\"https:\\\/\\\/www.pcb.ub.edu\\\/es\\\/?s={search_term_string}\"},\"query-input\":{\"@type\":\"PropertyValueSpecification\",\"valueRequired\":true,\"valueName\":\"search_term_string\"}}],\"inLanguage\":\"es\"},{\"@type\":\"Person\",\"@id\":\"https:\\\/\\\/www.pcb.ub.edu\\\/es\\\/#\\\/schema\\\/person\\\/d13cab05cd0a75b17fddca8496481021\",\"name\":\"adminpcb\",\"image\":{\"@type\":\"ImageObject\",\"inLanguage\":\"es\",\"@id\":\"https:\\\/\\\/secure.gravatar.com\\\/avatar\\\/41ad0fab4bb3bf5348b0af9612159cfd93173a57bbca98fecb50fa6f3ab97d28?s=96&d=mm&r=g\",\"url\":\"https:\\\/\\\/secure.gravatar.com\\\/avatar\\\/41ad0fab4bb3bf5348b0af9612159cfd93173a57bbca98fecb50fa6f3ab97d28?s=96&d=mm&r=g\",\"contentUrl\":\"https:\\\/\\\/secure.gravatar.com\\\/avatar\\\/41ad0fab4bb3bf5348b0af9612159cfd93173a57bbca98fecb50fa6f3ab97d28?s=96&d=mm&r=g\",\"caption\":\"adminpcb\"},\"url\":\"https:\\\/\\\/www.pcb.ub.edu\\\/es\\\/author\\\/adminpcb\\\/\"}]}<\/script>\n<!-- \/ Yoast SEO plugin. -->","yoast_head_json":{"title":"Las c\u00e9lulas se mueven en grupo hacia tejidos r\u00edgidos - Parc Cient\u00edfic de Barcelona","robots":{"index":"index","follow":"follow","max-snippet":"max-snippet:-1","max-image-preview":"max-image-preview:large","max-video-preview":"max-video-preview:-1"},"canonical":"https:\/\/www.pcb.ub.edu\/es\/las-celulas-se-mueven-en-grupo-hacia-tejidos-rigidos\/","og_locale":"es_ES","og_type":"article","og_title":"Las c\u00e9lulas se mueven en grupo hacia tejidos r\u00edgidos - Parc Cient\u00edfic de Barcelona","og_description":"En un estudio publicado hoy en la revista\u00a0Science, investigadores del Instituto de Bioingenier\u00eda de Catalu\u00f1a (IBEC) en el Parc Cient\u00edfic de Barcelona (PCB)\u00a0han demostrado que varios tipos de c\u00e9lulas se sienten atra\u00eddas por las zonas m\u00e1s r\u00edgidas de los tejidos. El estudio rompe con la visi\u00f3n tradicional, seg\u00fan la cual, el movimiento celular es guiado principalmente por variaciones en la concentraci\u00f3n qu\u00edmica de prote\u00ednas y iones. \u00a0","og_url":"https:\/\/www.pcb.ub.edu\/es\/las-celulas-se-mueven-en-grupo-hacia-tejidos-rigidos\/","og_site_name":"Parc Cient\u00edfic de Barcelona","article_published_time":"2016-09-08T23:00:00+00:00","article_modified_time":"2020-11-16T15:22:12+00:00","og_image":[{"width":800,"height":371,"url":"https:\/\/www.pcb.ub.edu\/wp-content\/uploads\/2016\/09\/16049223185fa92bce0b93f.jpeg","type":"image\/jpeg"}],"author":"adminpcb","twitter_card":"summary_large_image","twitter_misc":{"Escrito por":"adminpcb","Tiempo de lectura":"2 minutos"},"schema":{"@context":"https:\/\/schema.org","@graph":[{"@type":"Article","@id":"https:\/\/www.pcb.ub.edu\/es\/las-celulas-se-mueven-en-grupo-hacia-tejidos-rigidos\/#article","isPartOf":{"@id":"https:\/\/www.pcb.ub.edu\/es\/las-celulas-se-mueven-en-grupo-hacia-tejidos-rigidos\/"},"author":{"name":"adminpcb","@id":"https:\/\/www.pcb.ub.edu\/es\/#\/schema\/person\/d13cab05cd0a75b17fddca8496481021"},"headline":"Las c\u00e9lulas se mueven en grupo hacia tejidos r\u00edgidos","datePublished":"2016-09-08T23:00:00+00:00","dateModified":"2020-11-16T15:22:12+00:00","mainEntityOfPage":{"@id":"https:\/\/www.pcb.ub.edu\/es\/las-celulas-se-mueven-en-grupo-hacia-tejidos-rigidos\/"},"wordCount":492,"image":{"@id":"https:\/\/www.pcb.ub.edu\/es\/las-celulas-se-mueven-en-grupo-hacia-tejidos-rigidos\/#primaryimage"},"thumbnailUrl":"https:\/\/www.pcb.ub.edu\/wp-content\/uploads\/2016\/09\/16049223185fa92bce0b93f.jpeg","articleSection":["Sin categorizar"],"inLanguage":"es"},{"@type":"WebPage","@id":"https:\/\/www.pcb.ub.edu\/es\/las-celulas-se-mueven-en-grupo-hacia-tejidos-rigidos\/","url":"https:\/\/www.pcb.ub.edu\/es\/las-celulas-se-mueven-en-grupo-hacia-tejidos-rigidos\/","name":"Las c\u00e9lulas se mueven en grupo hacia tejidos r\u00edgidos - Parc Cient\u00edfic de Barcelona","isPartOf":{"@id":"https:\/\/www.pcb.ub.edu\/es\/#website"},"primaryImageOfPage":{"@id":"https:\/\/www.pcb.ub.edu\/es\/las-celulas-se-mueven-en-grupo-hacia-tejidos-rigidos\/#primaryimage"},"image":{"@id":"https:\/\/www.pcb.ub.edu\/es\/las-celulas-se-mueven-en-grupo-hacia-tejidos-rigidos\/#primaryimage"},"thumbnailUrl":"https:\/\/www.pcb.ub.edu\/wp-content\/uploads\/2016\/09\/16049223185fa92bce0b93f.jpeg","datePublished":"2016-09-08T23:00:00+00:00","dateModified":"2020-11-16T15:22:12+00:00","author":{"@id":"https:\/\/www.pcb.ub.edu\/es\/#\/schema\/person\/d13cab05cd0a75b17fddca8496481021"},"breadcrumb":{"@id":"https:\/\/www.pcb.ub.edu\/es\/las-celulas-se-mueven-en-grupo-hacia-tejidos-rigidos\/#breadcrumb"},"inLanguage":"es","potentialAction":[{"@type":"ReadAction","target":["https:\/\/www.pcb.ub.edu\/es\/las-celulas-se-mueven-en-grupo-hacia-tejidos-rigidos\/"]}]},{"@type":"ImageObject","inLanguage":"es","@id":"https:\/\/www.pcb.ub.edu\/es\/las-celulas-se-mueven-en-grupo-hacia-tejidos-rigidos\/#primaryimage","url":"https:\/\/www.pcb.ub.edu\/wp-content\/uploads\/2016\/09\/16049223185fa92bce0b93f.jpeg","contentUrl":"https:\/\/www.pcb.ub.edu\/wp-content\/uploads\/2016\/09\/16049223185fa92bce0b93f.jpeg","width":800,"height":371},{"@type":"BreadcrumbList","@id":"https:\/\/www.pcb.ub.edu\/es\/las-celulas-se-mueven-en-grupo-hacia-tejidos-rigidos\/#breadcrumb","itemListElement":[{"@type":"ListItem","position":1,"name":"Home","item":"https:\/\/www.pcb.ub.edu\/es\/"},{"@type":"ListItem","position":2,"name":"Las c\u00e9lulas se mueven en grupo hacia tejidos r\u00edgidos"}]},{"@type":"WebSite","@id":"https:\/\/www.pcb.ub.edu\/es\/#website","url":"https:\/\/www.pcb.ub.edu\/es\/","name":"Parc Cient\u00edfic de Barcelona","description":"Universitat de Barcelona","potentialAction":[{"@type":"SearchAction","target":{"@type":"EntryPoint","urlTemplate":"https:\/\/www.pcb.ub.edu\/es\/?s={search_term_string}"},"query-input":{"@type":"PropertyValueSpecification","valueRequired":true,"valueName":"search_term_string"}}],"inLanguage":"es"},{"@type":"Person","@id":"https:\/\/www.pcb.ub.edu\/es\/#\/schema\/person\/d13cab05cd0a75b17fddca8496481021","name":"adminpcb","image":{"@type":"ImageObject","inLanguage":"es","@id":"https:\/\/secure.gravatar.com\/avatar\/41ad0fab4bb3bf5348b0af9612159cfd93173a57bbca98fecb50fa6f3ab97d28?s=96&d=mm&r=g","url":"https:\/\/secure.gravatar.com\/avatar\/41ad0fab4bb3bf5348b0af9612159cfd93173a57bbca98fecb50fa6f3ab97d28?s=96&d=mm&r=g","contentUrl":"https:\/\/secure.gravatar.com\/avatar\/41ad0fab4bb3bf5348b0af9612159cfd93173a57bbca98fecb50fa6f3ab97d28?s=96&d=mm&r=g","caption":"adminpcb"},"url":"https:\/\/www.pcb.ub.edu\/es\/author\/adminpcb\/"}]}},"_links":{"self":[{"href":"https:\/\/www.pcb.ub.edu\/es\/wp-json\/wp\/v2\/posts\/38991","targetHints":{"allow":["GET"]}}],"collection":[{"href":"https:\/\/www.pcb.ub.edu\/es\/wp-json\/wp\/v2\/posts"}],"about":[{"href":"https:\/\/www.pcb.ub.edu\/es\/wp-json\/wp\/v2\/types\/post"}],"author":[{"embeddable":true,"href":"https:\/\/www.pcb.ub.edu\/es\/wp-json\/wp\/v2\/users\/1"}],"replies":[{"embeddable":true,"href":"https:\/\/www.pcb.ub.edu\/es\/wp-json\/wp\/v2\/comments?post=38991"}],"version-history":[{"count":1,"href":"https:\/\/www.pcb.ub.edu\/es\/wp-json\/wp\/v2\/posts\/38991\/revisions"}],"predecessor-version":[{"id":45091,"href":"https:\/\/www.pcb.ub.edu\/es\/wp-json\/wp\/v2\/posts\/38991\/revisions\/45091"}],"wp:featuredmedia":[{"embeddable":true,"href":"https:\/\/www.pcb.ub.edu\/es\/wp-json\/wp\/v2\/media\/26436"}],"wp:attachment":[{"href":"https:\/\/www.pcb.ub.edu\/es\/wp-json\/wp\/v2\/media?parent=38991"}],"wp:term":[{"taxonomy":"category","embeddable":true,"href":"https:\/\/www.pcb.ub.edu\/es\/wp-json\/wp\/v2\/categories?post=38991"},{"taxonomy":"post_tag","embeddable":true,"href":"https:\/\/www.pcb.ub.edu\/es\/wp-json\/wp\/v2\/tags?post=38991"}],"curies":[{"name":"wp","href":"https:\/\/api.w.org\/{rel}","templated":true}]}}