{"id":38980,"date":"2016-02-29T00:00:00","date_gmt":"2016-02-28T23:00:00","guid":{"rendered":"http:\/\/www.pcb.ub.edu\/\/la-universitat-de-barcelona-pone-en-marcha-una-plataforma-de-micromecenazgo\/"},"modified":"2020-11-16T16:22:10","modified_gmt":"2020-11-16T15:22:10","slug":"la-universitat-de-barcelona-pone-en-marcha-una-plataforma-de-micromecenazgo","status":"publish","type":"post","link":"https:\/\/www.pcb.ub.edu\/es\/la-universitat-de-barcelona-pone-en-marcha-una-plataforma-de-micromecenazgo\/","title":{"rendered":"La Universitat de Barcelona pone en marcha una plataforma de micromecenazgo"},"content":{"rendered":"<p>Despu\u00e9s de un periodo de formaci\u00f3n y de preparaci\u00f3n, tres proyectos inauguran la primera etapa de la plataforma: uno sobre tratamientos psicol\u00f3gicos efectivos contra la depresi\u00f3n, otro que estudia las causas sociales de la obesidad y un tercero que apuesta por los huertos urbanos para la integraci\u00f3n de j\u00f3venes en riesgo de exclusi\u00f3n social. Todos ellos tendr\u00e1n 40 d\u00edas para tratar de reunir las cantidades que requieren y convencer a los diferentes mecenas para que colaboren y apoyen a sus ideas.<\/p>\n<p>En este\u00a0<a href=\"http:\/\/www.us9.list-manage.com\/track\/click?u=cbafa3c51dbff693ba83d672d&amp;id=5d852122b1&amp;e=9def6d9548\" target=\"_blank\" rel=\"noopener noreferrer\">Canal <\/a>se puede consultar\u00a0como evolucionan los proyectos en su d\u00eda a d\u00eda:\u00a0<\/p>\n<ol>\n<li><em>Ap\u00f3yanos contra la depresi\u00f3n.<\/em>\u00a0Un\u00a0grupo de investigadores de la Facultad de Psicolog\u00eda de la UB tratar\u00e1n de encontrar un remedio m\u00e1s eficaz en el tratamiento de una de las enfermedades que causa m\u00e1s incapacitados. <a href=\"http:\/\/www.us9.list-manage.com\/track\/click?u=cbafa3c51dbff693ba83d672d&amp;id=ef3b48e941&amp;e=9def6d9548\" target=\"_blank\" rel=\"noopener noreferrer\">[+]<\/a><\/li>\n<li><em><span style=\"font-family: Verdana, Arial, Helvetica, sans-serif;font-size: 12px;line-height: normal\">U<\/span>nos huertos parael eje Bes\u00f2s-Barcelon\u00e8s Norte<\/em>. La Fundaci\u00f3n Solidaridad UB lucha a favor de la inserci\u00f3n sociolaboral con la implementaci\u00f3n de la agricultura urban<span style=\"font-family: Verdana, Arial, Helvetica, sans-serif;font-size: 12px;line-height: normal\">a<\/span>.\u00a0<a href=\"http:\/\/www.us9.list-manage1.com\/track\/click?u=cbafa3c51dbff693ba83d672d&amp;id=43b0d3f9d0&amp;e=9def6d9548\" target=\"_blank\" rel=\"noopener noreferrer\">[+]<\/a><\/li>\n<li><em>Colabora con la Facultad de Econom\u00eda y Empresa financiando una tesis sobre las causas de la obesidad,\u00a0<\/em>con el fin de orientar el dise\u00f1o de pol\u00edticas p\u00fablicas enfocadas a combatirla.\u00a0<a href=\"http:\/\/www.us9.list-manage.com\/track\/click?u=cbafa3c51dbff693ba83d672d&amp;id=d53b7dfbe5&amp;e=9def6d9548\" target=\"_blank\" rel=\"noopener noreferrer\">[+]<\/a><\/li>\n<\/ol>\n<p>El\u00a0BIE\u00a0\u00e9s una\u00a0iniciativa de la Universitat de Barcelona i la Fundaci\u00f3 Bosch i Gimpera (FBG)\u00a0per\u00a0impulsar i desenvolupar totes aquelles activitats que en el camp de l\u2019emprenedoria desenvolupen els diferents agents\u00a0del Grup UB i que en aquest \u00e0mbit d\u2019actuaci\u00f3 adopta Empr\u00e8n!UB com a element identificador com\u00fa. Ahora,\u00a0esta nueva iniciativa de micromecenazgo\u00a0enmarcada en su plan estrat\u00e9gico\u00a0pretende \u00abimpulsar proyectos surgidos dentro de la Universidad de Barcelona, aprovechando las nuevas v\u00edas de financiaci\u00f3n alternativa\u00bb, explica el director del BIE, Jaume Valls.<\/p>\n<p>La plataforma Verkami es\u00a0uno de los principales portales de <em>crowdfunding<\/em> en Espa\u00f1a y\u00a0presenta una de las ratios de convertibilidad m\u00e1s altas del mundo\u00a0ya que casi un 70 % de los proyectos logran el objetivo. Naci\u00f3 como un proyecto privado de un padre y dos hijos, los tres titulados en la Universidad de Barcelona.<\/p>\n<p>\u00a0<\/p>\n","protected":false},"excerpt":{"rendered":"<p>La Universitat de Barcelona (<a href=\"http:\/\/www.ub.edu\/web\/ub\/es\/index.html?\" target=\"_blank\" rel=\"noopener noreferrer\">UB<\/a>), a trav\u00e9s del <a href=\"http:\/\/www.ub.edu\/emprenedoria\/\" target=\"_blank\" rel=\"noopener noreferrer\">Barcelona Instituto de Emprendimiento (BIE)<\/a>, ha lanzado una <a href=\"https:\/\/www.verkami.com\/partners\/37-ub-bie\" target=\"_blank\" rel=\"noopener noreferrer\">plataforma de micromecenazgo<\/a> para impulsar proyectos solidarios o de investigaci\u00f3n que no disponen de financiaci\u00f3n p\u00fablica. Este mes de febrero se ha puesto en marcha la primera convocatoria con la colaboraci\u00f3n de <a href=\"https:\/\/www.verkami.com\/page\/about\" target=\"_blank\" rel=\"noopener noreferrer\">Verkami <\/a>y 3 proyectos se enfrentar\u00e1n al reto de conseguir los recursos econ\u00f3micos que necesitan. La iniciativa se engloba dentro del plan estrat\u00e9gico del BIE \u2013promovido por la UB y la Fundaci\u00f3n Bosch i Gimpera (<a href=\"http:\/\/www.pcb.ub.edu\/portal\/es\/cerca?p_p_id=cercador_WAR_empleatsempresesportlet&amp;p_p_lifecycle=0&amp;p_p_state=maximized&amp;p_p_mode=view&amp;p_p_col_id=column-1&amp;p_p_col_count=1&amp;_cercador_WAR_empleatsempresesportlet_jspPage=%2Fhtml%2Fcommon%2Fdetall-empresa.jsp&amp;_cercador_WAR_empleatsempresesportlet_empresaId=ENT_000669&amp;_cercador_WAR_empleatsempresesportlet_redirect=%2Fportal%2Fca%2Fcerca%3Fp_p_id%3Dcercador_WAR_empleatsempresesportlet%26p_p_lifecycle%3D0%26p_p_mode%3Dview%26_cercador_WAR_empleatsempresesportlet_tab%3D1%26_cercador_WAR_empleatsempresesportlet_keywords%3Dgimpera\" target=\"_blank\" rel=\"noopener noreferrer\">FBG<\/a>), desde su sede en el PCB\u2013 cuyo objetivo es\u00a0ofrecer herramientas y recursos para\u00a0emprender dentro del marco de la Universidad.<\/p>\n<p>\u00a0<\/p>\n","protected":false},"author":1,"featured_media":26392,"comment_status":"closed","ping_status":"open","sticky":false,"template":"","format":"standard","meta":{"_acf_changed":false,"inline_featured_image":false,"footnotes":""},"categories":[9],"tags":[],"class_list":["post-38980","post","type-post","status-publish","format-standard","has-post-thumbnail","category-sin-categorizar"],"acf":[],"yoast_head":"<!-- This site is optimized with the Yoast SEO plugin v27.3 - https:\/\/yoast.com\/product\/yoast-seo-wordpress\/ -->\n<title>La Universitat de Barcelona pone en marcha una plataforma de micromecenazgo - Parc Cient\u00edfic de Barcelona<\/title>\n<meta name=\"robots\" content=\"index, follow, max-snippet:-1, max-image-preview:large, max-video-preview:-1\" \/>\n<link rel=\"canonical\" href=\"https:\/\/www.pcb.ub.edu\/es\/la-universitat-de-barcelona-pone-en-marcha-una-plataforma-de-micromecenazgo\/\" \/>\n<meta property=\"og:locale\" content=\"es_ES\" \/>\n<meta property=\"og:type\" content=\"article\" \/>\n<meta property=\"og:title\" content=\"La Universitat de Barcelona pone en marcha una plataforma de micromecenazgo - Parc Cient\u00edfic de Barcelona\" \/>\n<meta property=\"og:description\" content=\"La Universitat de Barcelona (UB), a trav\u00e9s del Barcelona Instituto de Emprendimiento (BIE), ha lanzado una plataforma de micromecenazgo para impulsar proyectos solidarios o de investigaci\u00f3n que no disponen de financiaci\u00f3n p\u00fablica. Este mes de febrero se ha puesto en marcha la primera convocatoria con la colaboraci\u00f3n de Verkami y 3 proyectos se enfrentar\u00e1n al reto de conseguir los recursos econ\u00f3micos que necesitan. La iniciativa se engloba dentro del plan estrat\u00e9gico del BIE \u2013promovido por la UB y la Fundaci\u00f3n Bosch i Gimpera (FBG), desde su sede en el PCB\u2013 cuyo objetivo es\u00a0ofrecer herramientas y recursos para\u00a0emprender dentro del marco de la Universidad. \u00a0\" \/>\n<meta property=\"og:url\" content=\"https:\/\/www.pcb.ub.edu\/es\/la-universitat-de-barcelona-pone-en-marcha-una-plataforma-de-micromecenazgo\/\" \/>\n<meta property=\"og:site_name\" content=\"Parc Cient\u00edfic de Barcelona\" \/>\n<meta property=\"article:published_time\" content=\"2016-02-28T23:00:00+00:00\" \/>\n<meta property=\"article:modified_time\" content=\"2020-11-16T15:22:10+00:00\" \/>\n<meta property=\"og:image\" content=\"https:\/\/www.pcb.ub.edu\/wp-content\/uploads\/2016\/02\/16049223065fa92bc274e31.jpeg\" \/>\n\t<meta property=\"og:image:width\" content=\"1000\" \/>\n\t<meta property=\"og:image:height\" content=\"540\" \/>\n\t<meta property=\"og:image:type\" content=\"image\/jpeg\" \/>\n<meta name=\"author\" content=\"adminpcb\" \/>\n<meta name=\"twitter:card\" content=\"summary_large_image\" \/>\n<meta name=\"twitter:label1\" content=\"Escrito por\" \/>\n\t<meta name=\"twitter:data1\" content=\"adminpcb\" \/>\n\t<meta name=\"twitter:label2\" content=\"Tiempo de lectura\" \/>\n\t<meta name=\"twitter:data2\" content=\"2 minutos\" \/>\n<script type=\"application\/ld+json\" class=\"yoast-schema-graph\">{\"@context\":\"https:\\\/\\\/schema.org\",\"@graph\":[{\"@type\":\"Article\",\"@id\":\"https:\\\/\\\/www.pcb.ub.edu\\\/es\\\/la-universitat-de-barcelona-pone-en-marcha-una-plataforma-de-micromecenazgo\\\/#article\",\"isPartOf\":{\"@id\":\"https:\\\/\\\/www.pcb.ub.edu\\\/es\\\/la-universitat-de-barcelona-pone-en-marcha-una-plataforma-de-micromecenazgo\\\/\"},\"author\":{\"name\":\"adminpcb\",\"@id\":\"https:\\\/\\\/www.pcb.ub.edu\\\/es\\\/#\\\/schema\\\/person\\\/d13cab05cd0a75b17fddca8496481021\"},\"headline\":\"La Universitat de Barcelona pone en marcha una plataforma de micromecenazgo\",\"datePublished\":\"2016-02-28T23:00:00+00:00\",\"dateModified\":\"2020-11-16T15:22:10+00:00\",\"mainEntityOfPage\":{\"@id\":\"https:\\\/\\\/www.pcb.ub.edu\\\/es\\\/la-universitat-de-barcelona-pone-en-marcha-una-plataforma-de-micromecenazgo\\\/\"},\"wordCount\":370,\"image\":{\"@id\":\"https:\\\/\\\/www.pcb.ub.edu\\\/es\\\/la-universitat-de-barcelona-pone-en-marcha-una-plataforma-de-micromecenazgo\\\/#primaryimage\"},\"thumbnailUrl\":\"https:\\\/\\\/www.pcb.ub.edu\\\/wp-content\\\/uploads\\\/2016\\\/02\\\/16049223065fa92bc274e31.jpeg\",\"articleSection\":[\"Sin categorizar\"],\"inLanguage\":\"es\"},{\"@type\":\"WebPage\",\"@id\":\"https:\\\/\\\/www.pcb.ub.edu\\\/es\\\/la-universitat-de-barcelona-pone-en-marcha-una-plataforma-de-micromecenazgo\\\/\",\"url\":\"https:\\\/\\\/www.pcb.ub.edu\\\/es\\\/la-universitat-de-barcelona-pone-en-marcha-una-plataforma-de-micromecenazgo\\\/\",\"name\":\"La Universitat de Barcelona pone en marcha una plataforma de micromecenazgo - Parc Cient\u00edfic de Barcelona\",\"isPartOf\":{\"@id\":\"https:\\\/\\\/www.pcb.ub.edu\\\/es\\\/#website\"},\"primaryImageOfPage\":{\"@id\":\"https:\\\/\\\/www.pcb.ub.edu\\\/es\\\/la-universitat-de-barcelona-pone-en-marcha-una-plataforma-de-micromecenazgo\\\/#primaryimage\"},\"image\":{\"@id\":\"https:\\\/\\\/www.pcb.ub.edu\\\/es\\\/la-universitat-de-barcelona-pone-en-marcha-una-plataforma-de-micromecenazgo\\\/#primaryimage\"},\"thumbnailUrl\":\"https:\\\/\\\/www.pcb.ub.edu\\\/wp-content\\\/uploads\\\/2016\\\/02\\\/16049223065fa92bc274e31.jpeg\",\"datePublished\":\"2016-02-28T23:00:00+00:00\",\"dateModified\":\"2020-11-16T15:22:10+00:00\",\"author\":{\"@id\":\"https:\\\/\\\/www.pcb.ub.edu\\\/es\\\/#\\\/schema\\\/person\\\/d13cab05cd0a75b17fddca8496481021\"},\"breadcrumb\":{\"@id\":\"https:\\\/\\\/www.pcb.ub.edu\\\/es\\\/la-universitat-de-barcelona-pone-en-marcha-una-plataforma-de-micromecenazgo\\\/#breadcrumb\"},\"inLanguage\":\"es\",\"potentialAction\":[{\"@type\":\"ReadAction\",\"target\":[\"https:\\\/\\\/www.pcb.ub.edu\\\/es\\\/la-universitat-de-barcelona-pone-en-marcha-una-plataforma-de-micromecenazgo\\\/\"]}]},{\"@type\":\"ImageObject\",\"inLanguage\":\"es\",\"@id\":\"https:\\\/\\\/www.pcb.ub.edu\\\/es\\\/la-universitat-de-barcelona-pone-en-marcha-una-plataforma-de-micromecenazgo\\\/#primaryimage\",\"url\":\"https:\\\/\\\/www.pcb.ub.edu\\\/wp-content\\\/uploads\\\/2016\\\/02\\\/16049223065fa92bc274e31.jpeg\",\"contentUrl\":\"https:\\\/\\\/www.pcb.ub.edu\\\/wp-content\\\/uploads\\\/2016\\\/02\\\/16049223065fa92bc274e31.jpeg\",\"width\":1000,\"height\":540},{\"@type\":\"BreadcrumbList\",\"@id\":\"https:\\\/\\\/www.pcb.ub.edu\\\/es\\\/la-universitat-de-barcelona-pone-en-marcha-una-plataforma-de-micromecenazgo\\\/#breadcrumb\",\"itemListElement\":[{\"@type\":\"ListItem\",\"position\":1,\"name\":\"Home\",\"item\":\"https:\\\/\\\/www.pcb.ub.edu\\\/es\\\/\"},{\"@type\":\"ListItem\",\"position\":2,\"name\":\"La Universitat de Barcelona pone en marcha una plataforma de micromecenazgo\"}]},{\"@type\":\"WebSite\",\"@id\":\"https:\\\/\\\/www.pcb.ub.edu\\\/es\\\/#website\",\"url\":\"https:\\\/\\\/www.pcb.ub.edu\\\/es\\\/\",\"name\":\"Parc Cient\u00edfic de Barcelona\",\"description\":\"Universitat de Barcelona\",\"potentialAction\":[{\"@type\":\"SearchAction\",\"target\":{\"@type\":\"EntryPoint\",\"urlTemplate\":\"https:\\\/\\\/www.pcb.ub.edu\\\/es\\\/?s={search_term_string}\"},\"query-input\":{\"@type\":\"PropertyValueSpecification\",\"valueRequired\":true,\"valueName\":\"search_term_string\"}}],\"inLanguage\":\"es\"},{\"@type\":\"Person\",\"@id\":\"https:\\\/\\\/www.pcb.ub.edu\\\/es\\\/#\\\/schema\\\/person\\\/d13cab05cd0a75b17fddca8496481021\",\"name\":\"adminpcb\",\"image\":{\"@type\":\"ImageObject\",\"inLanguage\":\"es\",\"@id\":\"https:\\\/\\\/secure.gravatar.com\\\/avatar\\\/41ad0fab4bb3bf5348b0af9612159cfd93173a57bbca98fecb50fa6f3ab97d28?s=96&d=mm&r=g\",\"url\":\"https:\\\/\\\/secure.gravatar.com\\\/avatar\\\/41ad0fab4bb3bf5348b0af9612159cfd93173a57bbca98fecb50fa6f3ab97d28?s=96&d=mm&r=g\",\"contentUrl\":\"https:\\\/\\\/secure.gravatar.com\\\/avatar\\\/41ad0fab4bb3bf5348b0af9612159cfd93173a57bbca98fecb50fa6f3ab97d28?s=96&d=mm&r=g\",\"caption\":\"adminpcb\"},\"url\":\"https:\\\/\\\/www.pcb.ub.edu\\\/es\\\/author\\\/adminpcb\\\/\"}]}<\/script>\n<!-- \/ Yoast SEO plugin. -->","yoast_head_json":{"title":"La Universitat de Barcelona pone en marcha una plataforma de micromecenazgo - Parc Cient\u00edfic de Barcelona","robots":{"index":"index","follow":"follow","max-snippet":"max-snippet:-1","max-image-preview":"max-image-preview:large","max-video-preview":"max-video-preview:-1"},"canonical":"https:\/\/www.pcb.ub.edu\/es\/la-universitat-de-barcelona-pone-en-marcha-una-plataforma-de-micromecenazgo\/","og_locale":"es_ES","og_type":"article","og_title":"La Universitat de Barcelona pone en marcha una plataforma de micromecenazgo - Parc Cient\u00edfic de Barcelona","og_description":"La Universitat de Barcelona (UB), a trav\u00e9s del Barcelona Instituto de Emprendimiento (BIE), ha lanzado una plataforma de micromecenazgo para impulsar proyectos solidarios o de investigaci\u00f3n que no disponen de financiaci\u00f3n p\u00fablica. Este mes de febrero se ha puesto en marcha la primera convocatoria con la colaboraci\u00f3n de Verkami y 3 proyectos se enfrentar\u00e1n al reto de conseguir los recursos econ\u00f3micos que necesitan. La iniciativa se engloba dentro del plan estrat\u00e9gico del BIE \u2013promovido por la UB y la Fundaci\u00f3n Bosch i Gimpera (FBG), desde su sede en el PCB\u2013 cuyo objetivo es\u00a0ofrecer herramientas y recursos para\u00a0emprender dentro del marco de la Universidad. \u00a0","og_url":"https:\/\/www.pcb.ub.edu\/es\/la-universitat-de-barcelona-pone-en-marcha-una-plataforma-de-micromecenazgo\/","og_site_name":"Parc Cient\u00edfic de Barcelona","article_published_time":"2016-02-28T23:00:00+00:00","article_modified_time":"2020-11-16T15:22:10+00:00","og_image":[{"width":1000,"height":540,"url":"https:\/\/www.pcb.ub.edu\/wp-content\/uploads\/2016\/02\/16049223065fa92bc274e31.jpeg","type":"image\/jpeg"}],"author":"adminpcb","twitter_card":"summary_large_image","twitter_misc":{"Escrito por":"adminpcb","Tiempo de lectura":"2 minutos"},"schema":{"@context":"https:\/\/schema.org","@graph":[{"@type":"Article","@id":"https:\/\/www.pcb.ub.edu\/es\/la-universitat-de-barcelona-pone-en-marcha-una-plataforma-de-micromecenazgo\/#article","isPartOf":{"@id":"https:\/\/www.pcb.ub.edu\/es\/la-universitat-de-barcelona-pone-en-marcha-una-plataforma-de-micromecenazgo\/"},"author":{"name":"adminpcb","@id":"https:\/\/www.pcb.ub.edu\/es\/#\/schema\/person\/d13cab05cd0a75b17fddca8496481021"},"headline":"La Universitat de Barcelona pone en marcha una plataforma de micromecenazgo","datePublished":"2016-02-28T23:00:00+00:00","dateModified":"2020-11-16T15:22:10+00:00","mainEntityOfPage":{"@id":"https:\/\/www.pcb.ub.edu\/es\/la-universitat-de-barcelona-pone-en-marcha-una-plataforma-de-micromecenazgo\/"},"wordCount":370,"image":{"@id":"https:\/\/www.pcb.ub.edu\/es\/la-universitat-de-barcelona-pone-en-marcha-una-plataforma-de-micromecenazgo\/#primaryimage"},"thumbnailUrl":"https:\/\/www.pcb.ub.edu\/wp-content\/uploads\/2016\/02\/16049223065fa92bc274e31.jpeg","articleSection":["Sin categorizar"],"inLanguage":"es"},{"@type":"WebPage","@id":"https:\/\/www.pcb.ub.edu\/es\/la-universitat-de-barcelona-pone-en-marcha-una-plataforma-de-micromecenazgo\/","url":"https:\/\/www.pcb.ub.edu\/es\/la-universitat-de-barcelona-pone-en-marcha-una-plataforma-de-micromecenazgo\/","name":"La Universitat de Barcelona pone en marcha una plataforma de micromecenazgo - Parc Cient\u00edfic de Barcelona","isPartOf":{"@id":"https:\/\/www.pcb.ub.edu\/es\/#website"},"primaryImageOfPage":{"@id":"https:\/\/www.pcb.ub.edu\/es\/la-universitat-de-barcelona-pone-en-marcha-una-plataforma-de-micromecenazgo\/#primaryimage"},"image":{"@id":"https:\/\/www.pcb.ub.edu\/es\/la-universitat-de-barcelona-pone-en-marcha-una-plataforma-de-micromecenazgo\/#primaryimage"},"thumbnailUrl":"https:\/\/www.pcb.ub.edu\/wp-content\/uploads\/2016\/02\/16049223065fa92bc274e31.jpeg","datePublished":"2016-02-28T23:00:00+00:00","dateModified":"2020-11-16T15:22:10+00:00","author":{"@id":"https:\/\/www.pcb.ub.edu\/es\/#\/schema\/person\/d13cab05cd0a75b17fddca8496481021"},"breadcrumb":{"@id":"https:\/\/www.pcb.ub.edu\/es\/la-universitat-de-barcelona-pone-en-marcha-una-plataforma-de-micromecenazgo\/#breadcrumb"},"inLanguage":"es","potentialAction":[{"@type":"ReadAction","target":["https:\/\/www.pcb.ub.edu\/es\/la-universitat-de-barcelona-pone-en-marcha-una-plataforma-de-micromecenazgo\/"]}]},{"@type":"ImageObject","inLanguage":"es","@id":"https:\/\/www.pcb.ub.edu\/es\/la-universitat-de-barcelona-pone-en-marcha-una-plataforma-de-micromecenazgo\/#primaryimage","url":"https:\/\/www.pcb.ub.edu\/wp-content\/uploads\/2016\/02\/16049223065fa92bc274e31.jpeg","contentUrl":"https:\/\/www.pcb.ub.edu\/wp-content\/uploads\/2016\/02\/16049223065fa92bc274e31.jpeg","width":1000,"height":540},{"@type":"BreadcrumbList","@id":"https:\/\/www.pcb.ub.edu\/es\/la-universitat-de-barcelona-pone-en-marcha-una-plataforma-de-micromecenazgo\/#breadcrumb","itemListElement":[{"@type":"ListItem","position":1,"name":"Home","item":"https:\/\/www.pcb.ub.edu\/es\/"},{"@type":"ListItem","position":2,"name":"La Universitat de Barcelona pone en marcha una plataforma de micromecenazgo"}]},{"@type":"WebSite","@id":"https:\/\/www.pcb.ub.edu\/es\/#website","url":"https:\/\/www.pcb.ub.edu\/es\/","name":"Parc Cient\u00edfic de Barcelona","description":"Universitat de Barcelona","potentialAction":[{"@type":"SearchAction","target":{"@type":"EntryPoint","urlTemplate":"https:\/\/www.pcb.ub.edu\/es\/?s={search_term_string}"},"query-input":{"@type":"PropertyValueSpecification","valueRequired":true,"valueName":"search_term_string"}}],"inLanguage":"es"},{"@type":"Person","@id":"https:\/\/www.pcb.ub.edu\/es\/#\/schema\/person\/d13cab05cd0a75b17fddca8496481021","name":"adminpcb","image":{"@type":"ImageObject","inLanguage":"es","@id":"https:\/\/secure.gravatar.com\/avatar\/41ad0fab4bb3bf5348b0af9612159cfd93173a57bbca98fecb50fa6f3ab97d28?s=96&d=mm&r=g","url":"https:\/\/secure.gravatar.com\/avatar\/41ad0fab4bb3bf5348b0af9612159cfd93173a57bbca98fecb50fa6f3ab97d28?s=96&d=mm&r=g","contentUrl":"https:\/\/secure.gravatar.com\/avatar\/41ad0fab4bb3bf5348b0af9612159cfd93173a57bbca98fecb50fa6f3ab97d28?s=96&d=mm&r=g","caption":"adminpcb"},"url":"https:\/\/www.pcb.ub.edu\/es\/author\/adminpcb\/"}]}},"_links":{"self":[{"href":"https:\/\/www.pcb.ub.edu\/es\/wp-json\/wp\/v2\/posts\/38980","targetHints":{"allow":["GET"]}}],"collection":[{"href":"https:\/\/www.pcb.ub.edu\/es\/wp-json\/wp\/v2\/posts"}],"about":[{"href":"https:\/\/www.pcb.ub.edu\/es\/wp-json\/wp\/v2\/types\/post"}],"author":[{"embeddable":true,"href":"https:\/\/www.pcb.ub.edu\/es\/wp-json\/wp\/v2\/users\/1"}],"replies":[{"embeddable":true,"href":"https:\/\/www.pcb.ub.edu\/es\/wp-json\/wp\/v2\/comments?post=38980"}],"version-history":[{"count":1,"href":"https:\/\/www.pcb.ub.edu\/es\/wp-json\/wp\/v2\/posts\/38980\/revisions"}],"predecessor-version":[{"id":45080,"href":"https:\/\/www.pcb.ub.edu\/es\/wp-json\/wp\/v2\/posts\/38980\/revisions\/45080"}],"wp:featuredmedia":[{"embeddable":true,"href":"https:\/\/www.pcb.ub.edu\/es\/wp-json\/wp\/v2\/media\/26392"}],"wp:attachment":[{"href":"https:\/\/www.pcb.ub.edu\/es\/wp-json\/wp\/v2\/media?parent=38980"}],"wp:term":[{"taxonomy":"category","embeddable":true,"href":"https:\/\/www.pcb.ub.edu\/es\/wp-json\/wp\/v2\/categories?post=38980"},{"taxonomy":"post_tag","embeddable":true,"href":"https:\/\/www.pcb.ub.edu\/es\/wp-json\/wp\/v2\/tags?post=38980"}],"curies":[{"name":"wp","href":"https:\/\/api.w.org\/{rel}","templated":true}]}}