{"id":38961,"date":"2014-12-11T00:00:00","date_gmt":"2014-12-10T23:00:00","guid":{"rendered":"http:\/\/www.pcb.ub.edu\/\/la-musica-nos-mueve-por-la-esclerosis-multiple\/"},"modified":"2020-11-16T16:22:06","modified_gmt":"2020-11-16T15:22:06","slug":"la-musica-nos-mueve-por-la-esclerosis-multiple","status":"publish","type":"post","link":"https:\/\/www.pcb.ub.edu\/es\/la-musica-nos-mueve-por-la-esclerosis-multiple\/","title":{"rendered":"La m\u00fasica nos mueve por la esclerosis m\u00faltiple"},"content":{"rendered":"<p>La m\u00fasica nos mueve por la esclerosis m\u00faltiple&#8217; es un concierto innovador, transversal y ecl\u00e9ctico que recopilar\u00e1 obras musicales de diferentes culturas de todo el mundo que representan todos los estilos dentro del g\u00e9nero sinf\u00f3nico, desde la m\u00fasica denominada &#8216;cl\u00e1sica&#8217; hasta la m\u00e1s moderna, como la \u00a0bossa nova o la rumba, pasando por el tango, la m\u00fasica vocal y la \u00e9tnica del Klezmer.\u00a0<\/p>\n<p>Iniciaran el concert El Cor Vivaldi \u2013 Els Petits Cantors de Catalunya con un recopilatorio de canciones, dirigidas por \u00d3scar Boada, para celebrar su 25\u00ba aniversario.<\/p>\n<p>A continuaci\u00f3n, la Orquesta de la Sociedad de Conciertos de Barcelona, el pianista-solista Alfredo Salvador, el clarinetista \u00c1ngel Belda, y la cantante Johanna Klingfors interpA continuaci\u00f3n, la Orquesta de la Sociedad de Conciertos de Barcelona, el pianista-solista Alfredo Salvador, el clarinetista \u00c1ngel Belda, y la cantante Johanna Klingfors interpretar\u00e1n \u2013bajo la batuta de Melani Mestre\u2013 uno de los conciertos para piano y orquesta de Franz Liszt, una compilaci\u00f3n de piezas de estilo \u00e9tnico llamado &#8216;Klezmer&#8217;\u00a0o &#8216;Yidish&#8217;\u00a0y una selecci\u00f3n de \u00a0bossa nova y samba del compositor de cine Lalo Schiffrin adaptada por el c\u00e9lebre director de orquesta.<\/p>\n<p>Para finalizar, Melani Mestre estrenar\u00e1 mundialmente su &#8216;Concierto para piano y orquesta &#8211; Concertango&#8217;, sobre temas de \u00c0stor Piazzolla, escrito especialmente para la ocasi\u00f3n.<\/p>\n<p>\u00abLa m\u00fasica solidaria es un camino m\u00e1s para afrontar uno de los grandes retos que tiene nuestra sociedad. Con este concierto logramos uno de los desaf\u00edos que ten\u00eda la Fundaci\u00f3n, llegar a la fase cl\u00ednica de uno de nuestros proyectos de investigaci\u00f3n\u00bb, explica Vicens Oliver, presidente de la Fundaci\u00f3n GAEM y afectado de EM desde el a\u00f1o 1993.<\/p>\n<p>La esclerosis m\u00faltiple es la segunda causa de discapacidad neurol\u00f3gica en adultos j\u00f3venes (entre los 20 y 40 a\u00f1os de edad), despu\u00e9s de los traumatismos. En Espa\u00f1a hay alrededor de 40.000 personas afectadas, de las cuales 6.000 se encuentran en Catalu\u00f1a. En el mundo hay 2.500.000 casos diagnosticados.<\/p>\n<p>\u00abTodos los que participamos de manera solidaria en este concierto estamos luchando con una de las armas m\u00e1s poderosas que tenemos en el \u00e1mbito cultural y social: la m\u00fasica\u00bb, afirma Melani Mestre.<\/p>\n<p>La entrada-donativo se puede adquirir en la p\u00e1gina oficial del <a href=\"http:\/\/www.palaumusica.cat\/es\" target=\"_blank\" rel=\"noopener noreferrer\">Palau de la M\u00fasica Catalana<\/a>, en el portal del \u00a0<a href=\"http:\/\/www.tresc.cat\/\" target=\"_blank\" rel=\"noopener noreferrer\">Club de Cultura TR3SC<\/a>\u00a0y en\u00a0<a href=\"http:\/\/www.atrapalo.com\/entradas\/la-musica-ens-mou-per-l-esclerosi-multiple_e287608\/\" target=\"_blank\" rel=\"noopener noreferrer\">Atr\u00e1palo<\/a>. Adem\u00e1s, para aquellas personas que quieran colaborar, se dispone de una Fila 0, y se pueden hacer aportaciones al n\u00famero de cuenta de La Caixa SE69 2100 0879 77 02 00324415.<\/p>\n","protected":false},"excerpt":{"rendered":"<p>El pr\u00f3ximo 22 de diciembre tendr\u00e1 lugar en el <a href=\"http:\/\/www.palaumusica.cat\/es\" target=\"_blank\" rel=\"noopener noreferrer\">Palau de la M\u00fasica Catalana<\/a> &#8216;<a href=\"http:\/\/www.fundaciongaem.org\/es\/fundacion-2\/eventos\/la-musica-ens-mou\/\" target=\"_blank\" rel=\"noopener noreferrer\">La m\u00fasica nos mueve por la esclerosis m\u00faltiple<\/a>&#8216;, un concierto cultural y solidario que promueve la <a href=\"http:\/\/www.fundaciongaem.org\/es\/\" target=\"_blank\" rel=\"noopener noreferrer\">Fundaci\u00f3n GAEM, Grupo de Afectados de Esclerosis M\u00faltiple<\/a> \u2013ubicada en el Parc Cient\u00edfic de Barcelona\u2013 con la misi\u00f3n de dar a conocer la enfermedad y recaudar fondos para la financiaci\u00f3n de proyectos de investigaci\u00f3n biom\u00e9dica en este campo. El evento \u2013que empezar\u00e1 a las 20 horas en la Sala de Conciertos\u2013 ser\u00e1 presentado por la periodista Bibiana Ballb\u00e8 y contar\u00e1 con la participaci\u00f3n desinteresada de\u00a0Cor Vivaldi- Petits Cantors de Catalunya, la Orquestra de la Societat de Concerts de Barcelona, los pianistas Alfredo Salvador, el clarinetista Magnus Holmander, la mezzosoprano Johanna Klingors i el director de orquesta Melani Mestre.<\/p>\n","protected":false},"author":1,"featured_media":26315,"comment_status":"closed","ping_status":"open","sticky":false,"template":"","format":"standard","meta":{"_acf_changed":false,"inline_featured_image":false,"footnotes":""},"categories":[9],"tags":[],"class_list":["post-38961","post","type-post","status-publish","format-standard","has-post-thumbnail","category-sin-categorizar"],"acf":[],"yoast_head":"<!-- This site is optimized with the Yoast SEO plugin v27.3 - https:\/\/yoast.com\/product\/yoast-seo-wordpress\/ -->\n<title>La m\u00fasica nos mueve por la esclerosis m\u00faltiple - Parc Cient\u00edfic de Barcelona<\/title>\n<meta name=\"robots\" content=\"index, follow, max-snippet:-1, max-image-preview:large, max-video-preview:-1\" \/>\n<link rel=\"canonical\" href=\"https:\/\/www.pcb.ub.edu\/es\/la-musica-nos-mueve-por-la-esclerosis-multiple\/\" \/>\n<meta property=\"og:locale\" content=\"es_ES\" \/>\n<meta property=\"og:type\" content=\"article\" \/>\n<meta property=\"og:title\" content=\"La m\u00fasica nos mueve por la esclerosis m\u00faltiple - Parc Cient\u00edfic de Barcelona\" \/>\n<meta property=\"og:description\" content=\"El pr\u00f3ximo 22 de diciembre tendr\u00e1 lugar en el Palau de la M\u00fasica Catalana &#039;La m\u00fasica nos mueve por la esclerosis m\u00faltiple&#039;, un concierto cultural y solidario que promueve la Fundaci\u00f3n GAEM, Grupo de Afectados de Esclerosis M\u00faltiple \u2013ubicada en el Parc Cient\u00edfic de Barcelona\u2013 con la misi\u00f3n de dar a conocer la enfermedad y recaudar fondos para la financiaci\u00f3n de proyectos de investigaci\u00f3n biom\u00e9dica en este campo. El evento \u2013que empezar\u00e1 a las 20 horas en la Sala de Conciertos\u2013 ser\u00e1 presentado por la periodista Bibiana Ballb\u00e8 y contar\u00e1 con la participaci\u00f3n desinteresada de\u00a0Cor Vivaldi- Petits Cantors de Catalunya, la Orquestra de la Societat de Concerts de Barcelona, los pianistas Alfredo Salvador, el clarinetista Magnus Holmander, la mezzosoprano Johanna Klingors i el director de orquesta Melani Mestre.\" \/>\n<meta property=\"og:url\" content=\"https:\/\/www.pcb.ub.edu\/es\/la-musica-nos-mueve-por-la-esclerosis-multiple\/\" \/>\n<meta property=\"og:site_name\" content=\"Parc Cient\u00edfic de Barcelona\" \/>\n<meta property=\"article:published_time\" content=\"2014-12-10T23:00:00+00:00\" \/>\n<meta property=\"article:modified_time\" content=\"2020-11-16T15:22:06+00:00\" \/>\n<meta property=\"og:image\" content=\"https:\/\/www.pcb.ub.edu\/wp-content\/uploads\/2014\/12\/16049222645fa92b9826859.jpeg\" \/>\n\t<meta property=\"og:image:width\" content=\"800\" \/>\n\t<meta property=\"og:image:height\" content=\"533\" \/>\n\t<meta property=\"og:image:type\" content=\"image\/jpeg\" \/>\n<meta name=\"author\" content=\"adminpcb\" \/>\n<meta name=\"twitter:card\" content=\"summary_large_image\" \/>\n<meta name=\"twitter:label1\" content=\"Escrito por\" \/>\n\t<meta name=\"twitter:data1\" content=\"adminpcb\" \/>\n\t<meta name=\"twitter:label2\" content=\"Tiempo de lectura\" \/>\n\t<meta name=\"twitter:data2\" content=\"2 minutos\" \/>\n<script type=\"application\/ld+json\" class=\"yoast-schema-graph\">{\"@context\":\"https:\\\/\\\/schema.org\",\"@graph\":[{\"@type\":\"Article\",\"@id\":\"https:\\\/\\\/www.pcb.ub.edu\\\/es\\\/la-musica-nos-mueve-por-la-esclerosis-multiple\\\/#article\",\"isPartOf\":{\"@id\":\"https:\\\/\\\/www.pcb.ub.edu\\\/es\\\/la-musica-nos-mueve-por-la-esclerosis-multiple\\\/\"},\"author\":{\"name\":\"adminpcb\",\"@id\":\"https:\\\/\\\/www.pcb.ub.edu\\\/es\\\/#\\\/schema\\\/person\\\/d13cab05cd0a75b17fddca8496481021\"},\"headline\":\"La m\u00fasica nos mueve por la esclerosis m\u00faltiple\",\"datePublished\":\"2014-12-10T23:00:00+00:00\",\"dateModified\":\"2020-11-16T15:22:06+00:00\",\"mainEntityOfPage\":{\"@id\":\"https:\\\/\\\/www.pcb.ub.edu\\\/es\\\/la-musica-nos-mueve-por-la-esclerosis-multiple\\\/\"},\"wordCount\":442,\"image\":{\"@id\":\"https:\\\/\\\/www.pcb.ub.edu\\\/es\\\/la-musica-nos-mueve-por-la-esclerosis-multiple\\\/#primaryimage\"},\"thumbnailUrl\":\"https:\\\/\\\/www.pcb.ub.edu\\\/wp-content\\\/uploads\\\/2014\\\/12\\\/16049222645fa92b9826859.jpeg\",\"articleSection\":[\"Sin categorizar\"],\"inLanguage\":\"es\"},{\"@type\":\"WebPage\",\"@id\":\"https:\\\/\\\/www.pcb.ub.edu\\\/es\\\/la-musica-nos-mueve-por-la-esclerosis-multiple\\\/\",\"url\":\"https:\\\/\\\/www.pcb.ub.edu\\\/es\\\/la-musica-nos-mueve-por-la-esclerosis-multiple\\\/\",\"name\":\"La m\u00fasica nos mueve por la esclerosis m\u00faltiple - Parc Cient\u00edfic de Barcelona\",\"isPartOf\":{\"@id\":\"https:\\\/\\\/www.pcb.ub.edu\\\/es\\\/#website\"},\"primaryImageOfPage\":{\"@id\":\"https:\\\/\\\/www.pcb.ub.edu\\\/es\\\/la-musica-nos-mueve-por-la-esclerosis-multiple\\\/#primaryimage\"},\"image\":{\"@id\":\"https:\\\/\\\/www.pcb.ub.edu\\\/es\\\/la-musica-nos-mueve-por-la-esclerosis-multiple\\\/#primaryimage\"},\"thumbnailUrl\":\"https:\\\/\\\/www.pcb.ub.edu\\\/wp-content\\\/uploads\\\/2014\\\/12\\\/16049222645fa92b9826859.jpeg\",\"datePublished\":\"2014-12-10T23:00:00+00:00\",\"dateModified\":\"2020-11-16T15:22:06+00:00\",\"author\":{\"@id\":\"https:\\\/\\\/www.pcb.ub.edu\\\/es\\\/#\\\/schema\\\/person\\\/d13cab05cd0a75b17fddca8496481021\"},\"breadcrumb\":{\"@id\":\"https:\\\/\\\/www.pcb.ub.edu\\\/es\\\/la-musica-nos-mueve-por-la-esclerosis-multiple\\\/#breadcrumb\"},\"inLanguage\":\"es\",\"potentialAction\":[{\"@type\":\"ReadAction\",\"target\":[\"https:\\\/\\\/www.pcb.ub.edu\\\/es\\\/la-musica-nos-mueve-por-la-esclerosis-multiple\\\/\"]}]},{\"@type\":\"ImageObject\",\"inLanguage\":\"es\",\"@id\":\"https:\\\/\\\/www.pcb.ub.edu\\\/es\\\/la-musica-nos-mueve-por-la-esclerosis-multiple\\\/#primaryimage\",\"url\":\"https:\\\/\\\/www.pcb.ub.edu\\\/wp-content\\\/uploads\\\/2014\\\/12\\\/16049222645fa92b9826859.jpeg\",\"contentUrl\":\"https:\\\/\\\/www.pcb.ub.edu\\\/wp-content\\\/uploads\\\/2014\\\/12\\\/16049222645fa92b9826859.jpeg\",\"width\":800,\"height\":533},{\"@type\":\"BreadcrumbList\",\"@id\":\"https:\\\/\\\/www.pcb.ub.edu\\\/es\\\/la-musica-nos-mueve-por-la-esclerosis-multiple\\\/#breadcrumb\",\"itemListElement\":[{\"@type\":\"ListItem\",\"position\":1,\"name\":\"Home\",\"item\":\"https:\\\/\\\/www.pcb.ub.edu\\\/es\\\/\"},{\"@type\":\"ListItem\",\"position\":2,\"name\":\"La m\u00fasica nos mueve por la esclerosis m\u00faltiple\"}]},{\"@type\":\"WebSite\",\"@id\":\"https:\\\/\\\/www.pcb.ub.edu\\\/es\\\/#website\",\"url\":\"https:\\\/\\\/www.pcb.ub.edu\\\/es\\\/\",\"name\":\"Parc Cient\u00edfic de Barcelona\",\"description\":\"Universitat de Barcelona\",\"potentialAction\":[{\"@type\":\"SearchAction\",\"target\":{\"@type\":\"EntryPoint\",\"urlTemplate\":\"https:\\\/\\\/www.pcb.ub.edu\\\/es\\\/?s={search_term_string}\"},\"query-input\":{\"@type\":\"PropertyValueSpecification\",\"valueRequired\":true,\"valueName\":\"search_term_string\"}}],\"inLanguage\":\"es\"},{\"@type\":\"Person\",\"@id\":\"https:\\\/\\\/www.pcb.ub.edu\\\/es\\\/#\\\/schema\\\/person\\\/d13cab05cd0a75b17fddca8496481021\",\"name\":\"adminpcb\",\"image\":{\"@type\":\"ImageObject\",\"inLanguage\":\"es\",\"@id\":\"https:\\\/\\\/secure.gravatar.com\\\/avatar\\\/41ad0fab4bb3bf5348b0af9612159cfd93173a57bbca98fecb50fa6f3ab97d28?s=96&d=mm&r=g\",\"url\":\"https:\\\/\\\/secure.gravatar.com\\\/avatar\\\/41ad0fab4bb3bf5348b0af9612159cfd93173a57bbca98fecb50fa6f3ab97d28?s=96&d=mm&r=g\",\"contentUrl\":\"https:\\\/\\\/secure.gravatar.com\\\/avatar\\\/41ad0fab4bb3bf5348b0af9612159cfd93173a57bbca98fecb50fa6f3ab97d28?s=96&d=mm&r=g\",\"caption\":\"adminpcb\"},\"url\":\"https:\\\/\\\/www.pcb.ub.edu\\\/es\\\/author\\\/adminpcb\\\/\"}]}<\/script>\n<!-- \/ Yoast SEO plugin. -->","yoast_head_json":{"title":"La m\u00fasica nos mueve por la esclerosis m\u00faltiple - Parc Cient\u00edfic de Barcelona","robots":{"index":"index","follow":"follow","max-snippet":"max-snippet:-1","max-image-preview":"max-image-preview:large","max-video-preview":"max-video-preview:-1"},"canonical":"https:\/\/www.pcb.ub.edu\/es\/la-musica-nos-mueve-por-la-esclerosis-multiple\/","og_locale":"es_ES","og_type":"article","og_title":"La m\u00fasica nos mueve por la esclerosis m\u00faltiple - Parc Cient\u00edfic de Barcelona","og_description":"El pr\u00f3ximo 22 de diciembre tendr\u00e1 lugar en el Palau de la M\u00fasica Catalana 'La m\u00fasica nos mueve por la esclerosis m\u00faltiple', un concierto cultural y solidario que promueve la Fundaci\u00f3n GAEM, Grupo de Afectados de Esclerosis M\u00faltiple \u2013ubicada en el Parc Cient\u00edfic de Barcelona\u2013 con la misi\u00f3n de dar a conocer la enfermedad y recaudar fondos para la financiaci\u00f3n de proyectos de investigaci\u00f3n biom\u00e9dica en este campo. El evento \u2013que empezar\u00e1 a las 20 horas en la Sala de Conciertos\u2013 ser\u00e1 presentado por la periodista Bibiana Ballb\u00e8 y contar\u00e1 con la participaci\u00f3n desinteresada de\u00a0Cor Vivaldi- Petits Cantors de Catalunya, la Orquestra de la Societat de Concerts de Barcelona, los pianistas Alfredo Salvador, el clarinetista Magnus Holmander, la mezzosoprano Johanna Klingors i el director de orquesta Melani Mestre.","og_url":"https:\/\/www.pcb.ub.edu\/es\/la-musica-nos-mueve-por-la-esclerosis-multiple\/","og_site_name":"Parc Cient\u00edfic de Barcelona","article_published_time":"2014-12-10T23:00:00+00:00","article_modified_time":"2020-11-16T15:22:06+00:00","og_image":[{"width":800,"height":533,"url":"https:\/\/www.pcb.ub.edu\/wp-content\/uploads\/2014\/12\/16049222645fa92b9826859.jpeg","type":"image\/jpeg"}],"author":"adminpcb","twitter_card":"summary_large_image","twitter_misc":{"Escrito por":"adminpcb","Tiempo de lectura":"2 minutos"},"schema":{"@context":"https:\/\/schema.org","@graph":[{"@type":"Article","@id":"https:\/\/www.pcb.ub.edu\/es\/la-musica-nos-mueve-por-la-esclerosis-multiple\/#article","isPartOf":{"@id":"https:\/\/www.pcb.ub.edu\/es\/la-musica-nos-mueve-por-la-esclerosis-multiple\/"},"author":{"name":"adminpcb","@id":"https:\/\/www.pcb.ub.edu\/es\/#\/schema\/person\/d13cab05cd0a75b17fddca8496481021"},"headline":"La m\u00fasica nos mueve por la esclerosis m\u00faltiple","datePublished":"2014-12-10T23:00:00+00:00","dateModified":"2020-11-16T15:22:06+00:00","mainEntityOfPage":{"@id":"https:\/\/www.pcb.ub.edu\/es\/la-musica-nos-mueve-por-la-esclerosis-multiple\/"},"wordCount":442,"image":{"@id":"https:\/\/www.pcb.ub.edu\/es\/la-musica-nos-mueve-por-la-esclerosis-multiple\/#primaryimage"},"thumbnailUrl":"https:\/\/www.pcb.ub.edu\/wp-content\/uploads\/2014\/12\/16049222645fa92b9826859.jpeg","articleSection":["Sin categorizar"],"inLanguage":"es"},{"@type":"WebPage","@id":"https:\/\/www.pcb.ub.edu\/es\/la-musica-nos-mueve-por-la-esclerosis-multiple\/","url":"https:\/\/www.pcb.ub.edu\/es\/la-musica-nos-mueve-por-la-esclerosis-multiple\/","name":"La m\u00fasica nos mueve por la esclerosis m\u00faltiple - Parc Cient\u00edfic de Barcelona","isPartOf":{"@id":"https:\/\/www.pcb.ub.edu\/es\/#website"},"primaryImageOfPage":{"@id":"https:\/\/www.pcb.ub.edu\/es\/la-musica-nos-mueve-por-la-esclerosis-multiple\/#primaryimage"},"image":{"@id":"https:\/\/www.pcb.ub.edu\/es\/la-musica-nos-mueve-por-la-esclerosis-multiple\/#primaryimage"},"thumbnailUrl":"https:\/\/www.pcb.ub.edu\/wp-content\/uploads\/2014\/12\/16049222645fa92b9826859.jpeg","datePublished":"2014-12-10T23:00:00+00:00","dateModified":"2020-11-16T15:22:06+00:00","author":{"@id":"https:\/\/www.pcb.ub.edu\/es\/#\/schema\/person\/d13cab05cd0a75b17fddca8496481021"},"breadcrumb":{"@id":"https:\/\/www.pcb.ub.edu\/es\/la-musica-nos-mueve-por-la-esclerosis-multiple\/#breadcrumb"},"inLanguage":"es","potentialAction":[{"@type":"ReadAction","target":["https:\/\/www.pcb.ub.edu\/es\/la-musica-nos-mueve-por-la-esclerosis-multiple\/"]}]},{"@type":"ImageObject","inLanguage":"es","@id":"https:\/\/www.pcb.ub.edu\/es\/la-musica-nos-mueve-por-la-esclerosis-multiple\/#primaryimage","url":"https:\/\/www.pcb.ub.edu\/wp-content\/uploads\/2014\/12\/16049222645fa92b9826859.jpeg","contentUrl":"https:\/\/www.pcb.ub.edu\/wp-content\/uploads\/2014\/12\/16049222645fa92b9826859.jpeg","width":800,"height":533},{"@type":"BreadcrumbList","@id":"https:\/\/www.pcb.ub.edu\/es\/la-musica-nos-mueve-por-la-esclerosis-multiple\/#breadcrumb","itemListElement":[{"@type":"ListItem","position":1,"name":"Home","item":"https:\/\/www.pcb.ub.edu\/es\/"},{"@type":"ListItem","position":2,"name":"La m\u00fasica nos mueve por la esclerosis m\u00faltiple"}]},{"@type":"WebSite","@id":"https:\/\/www.pcb.ub.edu\/es\/#website","url":"https:\/\/www.pcb.ub.edu\/es\/","name":"Parc Cient\u00edfic de Barcelona","description":"Universitat de Barcelona","potentialAction":[{"@type":"SearchAction","target":{"@type":"EntryPoint","urlTemplate":"https:\/\/www.pcb.ub.edu\/es\/?s={search_term_string}"},"query-input":{"@type":"PropertyValueSpecification","valueRequired":true,"valueName":"search_term_string"}}],"inLanguage":"es"},{"@type":"Person","@id":"https:\/\/www.pcb.ub.edu\/es\/#\/schema\/person\/d13cab05cd0a75b17fddca8496481021","name":"adminpcb","image":{"@type":"ImageObject","inLanguage":"es","@id":"https:\/\/secure.gravatar.com\/avatar\/41ad0fab4bb3bf5348b0af9612159cfd93173a57bbca98fecb50fa6f3ab97d28?s=96&d=mm&r=g","url":"https:\/\/secure.gravatar.com\/avatar\/41ad0fab4bb3bf5348b0af9612159cfd93173a57bbca98fecb50fa6f3ab97d28?s=96&d=mm&r=g","contentUrl":"https:\/\/secure.gravatar.com\/avatar\/41ad0fab4bb3bf5348b0af9612159cfd93173a57bbca98fecb50fa6f3ab97d28?s=96&d=mm&r=g","caption":"adminpcb"},"url":"https:\/\/www.pcb.ub.edu\/es\/author\/adminpcb\/"}]}},"_links":{"self":[{"href":"https:\/\/www.pcb.ub.edu\/es\/wp-json\/wp\/v2\/posts\/38961","targetHints":{"allow":["GET"]}}],"collection":[{"href":"https:\/\/www.pcb.ub.edu\/es\/wp-json\/wp\/v2\/posts"}],"about":[{"href":"https:\/\/www.pcb.ub.edu\/es\/wp-json\/wp\/v2\/types\/post"}],"author":[{"embeddable":true,"href":"https:\/\/www.pcb.ub.edu\/es\/wp-json\/wp\/v2\/users\/1"}],"replies":[{"embeddable":true,"href":"https:\/\/www.pcb.ub.edu\/es\/wp-json\/wp\/v2\/comments?post=38961"}],"version-history":[{"count":1,"href":"https:\/\/www.pcb.ub.edu\/es\/wp-json\/wp\/v2\/posts\/38961\/revisions"}],"predecessor-version":[{"id":45061,"href":"https:\/\/www.pcb.ub.edu\/es\/wp-json\/wp\/v2\/posts\/38961\/revisions\/45061"}],"wp:featuredmedia":[{"embeddable":true,"href":"https:\/\/www.pcb.ub.edu\/es\/wp-json\/wp\/v2\/media\/26315"}],"wp:attachment":[{"href":"https:\/\/www.pcb.ub.edu\/es\/wp-json\/wp\/v2\/media?parent=38961"}],"wp:term":[{"taxonomy":"category","embeddable":true,"href":"https:\/\/www.pcb.ub.edu\/es\/wp-json\/wp\/v2\/categories?post=38961"},{"taxonomy":"post_tag","embeddable":true,"href":"https:\/\/www.pcb.ub.edu\/es\/wp-json\/wp\/v2\/tags?post=38961"}],"curies":[{"name":"wp","href":"https:\/\/api.w.org\/{rel}","templated":true}]}}