{"id":38934,"date":"2020-07-23T00:00:00","date_gmt":"2020-07-22T23:00:00","guid":{"rendered":"http:\/\/www.pcb.ub.edu\/\/la-comunidad-del-pcb-un-mosaico-de-nacionalidades-con-predominio-de-gente-joven-y-mas-mujeres-que-hombres\/"},"modified":"2020-11-18T21:04:57","modified_gmt":"2020-11-18T20:04:57","slug":"la-comunidad-del-pcb-un-mosaico-de-nacionalidades-con-predominio-de-gente-joven-y-mas-mujeres-que-hombres","status":"publish","type":"post","link":"https:\/\/www.pcb.ub.edu\/es\/la-comunidad-del-pcb-un-mosaico-de-nacionalidades-con-predominio-de-gente-joven-y-mas-mujeres-que-hombres\/","title":{"rendered":"La Comunidad del PCB, un mosaico de nacionalidades con predominio de gente joven y m\u00e1s mujeres que hombres"},"content":{"rendered":"<p>En los \u00faltimos 10 a\u00f1os, la comunidad del Parc ha crecido en m\u00e1s de 1.400 personas. Todos estos profesionales que conviven en el Parc provienen de 56 nacionalidades distintas: <strong>un 80% de Espa\u00f1a, un 11% de otros pa\u00edses de la Uni\u00f3n Europea i un 9% del resto del mundo.<\/strong> Italia encabeza el ranquin de trabajadores de otras nacionalidades, seguida por la India, Francia, Alemania y el Reino Unido.<\/p>\n<p><strong><span style=\"font-size: 16px;\">Una comunidad joven<\/span><\/strong><\/p>\n<p><strong>La media de edad es de 36 a\u00f1os<\/strong> (35 a\u00f1os, mujeres y 38, hombres), siendo la poblaci\u00f3n de menos de 30 a\u00f1os la m\u00e1s importante (36%). Solo un 11% de la poblaci\u00f3n del Parc tiene m\u00e1s de 50 a\u00f1os. El 30% de la poblaci\u00f3n del Parc tiene entre 31 y 40 a\u00f1os, mientras que el 24% tiene entre 41 y 50 a\u00f1os. En cuanto a la perspectiva de g\u00e9nero, los datos indican una representaci\u00f3n muy paritaria (52% mujeres y 48% hombres), que se mantiene estable en los \u00faltimos a\u00f1os, aunque con un ligero incremento de los hombres.<\/p>\n<p>Aun as\u00ed, la evoluci\u00f3n del g\u00e9nero en funci\u00f3n de la edad entre el sector de investigaci\u00f3n p\u00fablica y el resto de actividad del Parc (investigaci\u00f3n privada y otras actividades de apoyo a la investigaci\u00f3n) tiene un comportamiento muy diferente.<\/p>\n<p>En el sector de<strong> investigaci\u00f3n p\u00fablica,<\/strong> destaca un <strong>descenso muy pronunciado de la presencia de la mujer a medida que se hace mayor,<\/strong> pasando de un 14% de la poblaci\u00f3n de mujeres de menos de 30 a\u00f1os, hasta un 2% de mujeres de 50 a\u00f1os. <strong>La presencia de hombres de m\u00e1s de 50 a\u00f1os tambi\u00e9n disminuye pero no tan abruptamente,<\/strong> pasando de un 11% de hombres de menos de 30 a\u00f1os a un 3% de hombres de m\u00e1s de 50 a\u00f1os.<\/p>\n<p>En el resto de actividades, la presencia de la mujer se mantiene estable hasta los 50 a\u00f1os, representando entre un 6% y un 7% de la poblaci\u00f3n y disminuyendo hasta el 2% en la franja de m\u00e1s de 50 a\u00f1os. Por otro lado, la presencia de hombres es bastante equitativa, con un 6% y solo bajando hasta el 4% en la franja de m\u00e1s de 50 a\u00f1os.<\/p>\n<p><strong><span style=\"font-size: 16px;\">Equipo PCB<\/span><\/strong><\/p>\n<p><strong>El\u00a0Parc Cient\u00edfic de Barcelona\u00a0cerr\u00f3 el a\u00f1o 2019 con un total de 96 trabajadores en plantilla y una media de edad de 44 a\u00f1os.<\/strong> Los menores de 30 a\u00f1os representan un 8% de la plantilla, entre 31 a\u00f1os y 40 a\u00f1os hay un 23% de la plantilla y un 28% de la plantilla supera los 50 a\u00f1os. El censo total de la poblaci\u00f3n del Parc se ha mantenido estable en los \u00faltimos a\u00f1os, por lo que respecta al perfil formativo, la media de edad y la presencia de mujeres en la plantilla, que sigue siendo mayoritaria.<\/p>\n<p>Solo se ha modificado ligeramente la <strong>proporci\u00f3n de g\u00e9nero,<\/strong> aumentando la presencia masculina del 34% al 36%, continuando con un porcentaje mayoritario de mujeres en la plantilla (un 64%) y una representaci\u00f3n paritaria en los cargos de responsabilidad.<\/p>\n<p>La qualificaci\u00f3 professional de l\u2019equip hum\u00e0 del Parc tamb\u00e9 \u00e9s molt similar en relaci\u00f3 amb anys anteriors: ocupen el primer lloc els perfils de grau, llicenciatura o diplomatura (52%), seguit pels cicles formatius, batxillerat o altres (34%) i finalment els de doctorat (14%).<\/p>\n<p>La <strong>cualificaci\u00f3n profesional<\/strong> del equipo humano del Parc tambi\u00e9n es muy similar en relaci\u00f3n con a\u00f1os anteriores: ocupan el primer puesto los perfiles de <strong>grado, licenciatura o diplomatura<\/strong> (52%), seguido por los <strong>ciclos formativos, bachillerato u otros<\/strong> (34%) y finalmente los de <strong>doctorado<\/strong> (14%).<\/p>\n<p>Por otro lado, cabe destacar tambi\u00e9n que el Parc supera la cuota obligatoria de reserva para <strong>personas con discapacidad<\/strong> en cumplimiento con la Ley de Integraci\u00f3n Social del Minusv\u00e1lido (LISMI). Seg\u00fan el balance con fecha de cierre del ejercicio, 2019, el n\u00famero de personas contratadas con discapacidad es del 3% de la plantilla, superando en un punto porcentual el m\u00ednimo exigido por ley.<\/p>\n","protected":false},"excerpt":{"rendered":"<p>El Parc Cient\u00edfic de Barcelona re\u00fane una comunidad de m\u00e1s de 2.900 profesionales \u2013entre personal investigador, t\u00e9cnico, emprendedor i empresarial- en un total de 114 entidades instaladas en sus espacios, que centran su actividad, mayormente, en el sector salud: farmacia, biotecnolog\u00eda, dispositivos m\u00e9dicos, nutrici\u00f3n y cosm\u00e9tica.\u00a0<\/p>\n<p>\u00a0<\/p>\n","protected":false},"author":1,"featured_media":8967,"comment_status":"closed","ping_status":"open","sticky":false,"template":"","format":"standard","meta":{"_acf_changed":false,"inline_featured_image":false,"footnotes":""},"categories":[37],"tags":[],"class_list":["post-38934","post","type-post","status-publish","format-standard","has-post-thumbnail","category-pcb"],"acf":[],"yoast_head":"<!-- This site is optimized with the Yoast SEO plugin v27.3 - https:\/\/yoast.com\/product\/yoast-seo-wordpress\/ -->\n<title>La Comunidad del PCB, un mosaico de nacionalidades con predominio de gente joven y m\u00e1s mujeres que hombres - Parc Cient\u00edfic de Barcelona<\/title>\n<meta name=\"robots\" content=\"index, follow, max-snippet:-1, max-image-preview:large, max-video-preview:-1\" \/>\n<link rel=\"canonical\" href=\"https:\/\/www.pcb.ub.edu\/es\/la-comunidad-del-pcb-un-mosaico-de-nacionalidades-con-predominio-de-gente-joven-y-mas-mujeres-que-hombres\/\" \/>\n<meta property=\"og:locale\" content=\"es_ES\" \/>\n<meta property=\"og:type\" content=\"article\" \/>\n<meta property=\"og:title\" content=\"La Comunidad del PCB, un mosaico de nacionalidades con predominio de gente joven y m\u00e1s mujeres que hombres - Parc Cient\u00edfic de Barcelona\" \/>\n<meta property=\"og:description\" content=\"El Parc Cient\u00edfic de Barcelona re\u00fane una comunidad de m\u00e1s de 2.900 profesionales \u2013entre personal investigador, t\u00e9cnico, emprendedor i empresarial- en un total de 114 entidades instaladas en sus espacios, que centran su actividad, mayormente, en el sector salud: farmacia, biotecnolog\u00eda, dispositivos m\u00e9dicos, nutrici\u00f3n y cosm\u00e9tica.\u00a0  \u00a0\" \/>\n<meta property=\"og:url\" content=\"https:\/\/www.pcb.ub.edu\/es\/la-comunidad-del-pcb-un-mosaico-de-nacionalidades-con-predominio-de-gente-joven-y-mas-mujeres-que-hombres\/\" \/>\n<meta property=\"og:site_name\" content=\"Parc Cient\u00edfic de Barcelona\" \/>\n<meta property=\"article:published_time\" content=\"2020-07-22T23:00:00+00:00\" \/>\n<meta property=\"article:modified_time\" content=\"2020-11-18T20:04:57+00:00\" \/>\n<meta property=\"og:image\" content=\"https:\/\/www.pcb.ub.edu\/wp-content\/uploads\/2020\/07\/16037138535f96bb3d82023.png\" \/>\n\t<meta property=\"og:image:width\" content=\"1299\" \/>\n\t<meta property=\"og:image:height\" content=\"590\" \/>\n\t<meta property=\"og:image:type\" content=\"image\/png\" \/>\n<meta name=\"author\" content=\"adminpcb\" \/>\n<meta name=\"twitter:card\" content=\"summary_large_image\" \/>\n<meta name=\"twitter:label1\" content=\"Escrito por\" \/>\n\t<meta name=\"twitter:data1\" content=\"adminpcb\" \/>\n\t<meta name=\"twitter:label2\" content=\"Tiempo de lectura\" \/>\n\t<meta name=\"twitter:data2\" content=\"3 minutos\" \/>\n<script type=\"application\/ld+json\" class=\"yoast-schema-graph\">{\"@context\":\"https:\\\/\\\/schema.org\",\"@graph\":[{\"@type\":\"Article\",\"@id\":\"https:\\\/\\\/www.pcb.ub.edu\\\/es\\\/la-comunidad-del-pcb-un-mosaico-de-nacionalidades-con-predominio-de-gente-joven-y-mas-mujeres-que-hombres\\\/#article\",\"isPartOf\":{\"@id\":\"https:\\\/\\\/www.pcb.ub.edu\\\/es\\\/la-comunidad-del-pcb-un-mosaico-de-nacionalidades-con-predominio-de-gente-joven-y-mas-mujeres-que-hombres\\\/\"},\"author\":{\"name\":\"adminpcb\",\"@id\":\"https:\\\/\\\/www.pcb.ub.edu\\\/es\\\/#\\\/schema\\\/person\\\/d13cab05cd0a75b17fddca8496481021\"},\"headline\":\"La Comunidad del PCB, un mosaico de nacionalidades con predominio de gente joven y m\u00e1s mujeres que hombres\",\"datePublished\":\"2020-07-22T23:00:00+00:00\",\"dateModified\":\"2020-11-18T20:04:57+00:00\",\"mainEntityOfPage\":{\"@id\":\"https:\\\/\\\/www.pcb.ub.edu\\\/es\\\/la-comunidad-del-pcb-un-mosaico-de-nacionalidades-con-predominio-de-gente-joven-y-mas-mujeres-que-hombres\\\/\"},\"wordCount\":668,\"image\":{\"@id\":\"https:\\\/\\\/www.pcb.ub.edu\\\/es\\\/la-comunidad-del-pcb-un-mosaico-de-nacionalidades-con-predominio-de-gente-joven-y-mas-mujeres-que-hombres\\\/#primaryimage\"},\"thumbnailUrl\":\"https:\\\/\\\/www.pcb.ub.edu\\\/wp-content\\\/uploads\\\/2020\\\/07\\\/16037138535f96bb3d82023.png\",\"articleSection\":[\"PCB\"],\"inLanguage\":\"es\"},{\"@type\":\"WebPage\",\"@id\":\"https:\\\/\\\/www.pcb.ub.edu\\\/es\\\/la-comunidad-del-pcb-un-mosaico-de-nacionalidades-con-predominio-de-gente-joven-y-mas-mujeres-que-hombres\\\/\",\"url\":\"https:\\\/\\\/www.pcb.ub.edu\\\/es\\\/la-comunidad-del-pcb-un-mosaico-de-nacionalidades-con-predominio-de-gente-joven-y-mas-mujeres-que-hombres\\\/\",\"name\":\"La Comunidad del PCB, un mosaico de nacionalidades con predominio de gente joven y m\u00e1s mujeres que hombres - Parc Cient\u00edfic de Barcelona\",\"isPartOf\":{\"@id\":\"https:\\\/\\\/www.pcb.ub.edu\\\/es\\\/#website\"},\"primaryImageOfPage\":{\"@id\":\"https:\\\/\\\/www.pcb.ub.edu\\\/es\\\/la-comunidad-del-pcb-un-mosaico-de-nacionalidades-con-predominio-de-gente-joven-y-mas-mujeres-que-hombres\\\/#primaryimage\"},\"image\":{\"@id\":\"https:\\\/\\\/www.pcb.ub.edu\\\/es\\\/la-comunidad-del-pcb-un-mosaico-de-nacionalidades-con-predominio-de-gente-joven-y-mas-mujeres-que-hombres\\\/#primaryimage\"},\"thumbnailUrl\":\"https:\\\/\\\/www.pcb.ub.edu\\\/wp-content\\\/uploads\\\/2020\\\/07\\\/16037138535f96bb3d82023.png\",\"datePublished\":\"2020-07-22T23:00:00+00:00\",\"dateModified\":\"2020-11-18T20:04:57+00:00\",\"author\":{\"@id\":\"https:\\\/\\\/www.pcb.ub.edu\\\/es\\\/#\\\/schema\\\/person\\\/d13cab05cd0a75b17fddca8496481021\"},\"breadcrumb\":{\"@id\":\"https:\\\/\\\/www.pcb.ub.edu\\\/es\\\/la-comunidad-del-pcb-un-mosaico-de-nacionalidades-con-predominio-de-gente-joven-y-mas-mujeres-que-hombres\\\/#breadcrumb\"},\"inLanguage\":\"es\",\"potentialAction\":[{\"@type\":\"ReadAction\",\"target\":[\"https:\\\/\\\/www.pcb.ub.edu\\\/es\\\/la-comunidad-del-pcb-un-mosaico-de-nacionalidades-con-predominio-de-gente-joven-y-mas-mujeres-que-hombres\\\/\"]}]},{\"@type\":\"ImageObject\",\"inLanguage\":\"es\",\"@id\":\"https:\\\/\\\/www.pcb.ub.edu\\\/es\\\/la-comunidad-del-pcb-un-mosaico-de-nacionalidades-con-predominio-de-gente-joven-y-mas-mujeres-que-hombres\\\/#primaryimage\",\"url\":\"https:\\\/\\\/www.pcb.ub.edu\\\/wp-content\\\/uploads\\\/2020\\\/07\\\/16037138535f96bb3d82023.png\",\"contentUrl\":\"https:\\\/\\\/www.pcb.ub.edu\\\/wp-content\\\/uploads\\\/2020\\\/07\\\/16037138535f96bb3d82023.png\",\"width\":1299,\"height\":590},{\"@type\":\"BreadcrumbList\",\"@id\":\"https:\\\/\\\/www.pcb.ub.edu\\\/es\\\/la-comunidad-del-pcb-un-mosaico-de-nacionalidades-con-predominio-de-gente-joven-y-mas-mujeres-que-hombres\\\/#breadcrumb\",\"itemListElement\":[{\"@type\":\"ListItem\",\"position\":1,\"name\":\"Home\",\"item\":\"https:\\\/\\\/www.pcb.ub.edu\\\/es\\\/\"},{\"@type\":\"ListItem\",\"position\":2,\"name\":\"La Comunidad del PCB, un mosaico de nacionalidades con predominio de gente joven y m\u00e1s mujeres que hombres\"}]},{\"@type\":\"WebSite\",\"@id\":\"https:\\\/\\\/www.pcb.ub.edu\\\/es\\\/#website\",\"url\":\"https:\\\/\\\/www.pcb.ub.edu\\\/es\\\/\",\"name\":\"Parc Cient\u00edfic de Barcelona\",\"description\":\"Universitat de Barcelona\",\"potentialAction\":[{\"@type\":\"SearchAction\",\"target\":{\"@type\":\"EntryPoint\",\"urlTemplate\":\"https:\\\/\\\/www.pcb.ub.edu\\\/es\\\/?s={search_term_string}\"},\"query-input\":{\"@type\":\"PropertyValueSpecification\",\"valueRequired\":true,\"valueName\":\"search_term_string\"}}],\"inLanguage\":\"es\"},{\"@type\":\"Person\",\"@id\":\"https:\\\/\\\/www.pcb.ub.edu\\\/es\\\/#\\\/schema\\\/person\\\/d13cab05cd0a75b17fddca8496481021\",\"name\":\"adminpcb\",\"image\":{\"@type\":\"ImageObject\",\"inLanguage\":\"es\",\"@id\":\"https:\\\/\\\/secure.gravatar.com\\\/avatar\\\/41ad0fab4bb3bf5348b0af9612159cfd93173a57bbca98fecb50fa6f3ab97d28?s=96&d=mm&r=g\",\"url\":\"https:\\\/\\\/secure.gravatar.com\\\/avatar\\\/41ad0fab4bb3bf5348b0af9612159cfd93173a57bbca98fecb50fa6f3ab97d28?s=96&d=mm&r=g\",\"contentUrl\":\"https:\\\/\\\/secure.gravatar.com\\\/avatar\\\/41ad0fab4bb3bf5348b0af9612159cfd93173a57bbca98fecb50fa6f3ab97d28?s=96&d=mm&r=g\",\"caption\":\"adminpcb\"},\"url\":\"https:\\\/\\\/www.pcb.ub.edu\\\/es\\\/author\\\/adminpcb\\\/\"}]}<\/script>\n<!-- \/ Yoast SEO plugin. -->","yoast_head_json":{"title":"La Comunidad del PCB, un mosaico de nacionalidades con predominio de gente joven y m\u00e1s mujeres que hombres - Parc Cient\u00edfic de Barcelona","robots":{"index":"index","follow":"follow","max-snippet":"max-snippet:-1","max-image-preview":"max-image-preview:large","max-video-preview":"max-video-preview:-1"},"canonical":"https:\/\/www.pcb.ub.edu\/es\/la-comunidad-del-pcb-un-mosaico-de-nacionalidades-con-predominio-de-gente-joven-y-mas-mujeres-que-hombres\/","og_locale":"es_ES","og_type":"article","og_title":"La Comunidad del PCB, un mosaico de nacionalidades con predominio de gente joven y m\u00e1s mujeres que hombres - Parc Cient\u00edfic de Barcelona","og_description":"El Parc Cient\u00edfic de Barcelona re\u00fane una comunidad de m\u00e1s de 2.900 profesionales \u2013entre personal investigador, t\u00e9cnico, emprendedor i empresarial- en un total de 114 entidades instaladas en sus espacios, que centran su actividad, mayormente, en el sector salud: farmacia, biotecnolog\u00eda, dispositivos m\u00e9dicos, nutrici\u00f3n y cosm\u00e9tica.\u00a0  \u00a0","og_url":"https:\/\/www.pcb.ub.edu\/es\/la-comunidad-del-pcb-un-mosaico-de-nacionalidades-con-predominio-de-gente-joven-y-mas-mujeres-que-hombres\/","og_site_name":"Parc Cient\u00edfic de Barcelona","article_published_time":"2020-07-22T23:00:00+00:00","article_modified_time":"2020-11-18T20:04:57+00:00","og_image":[{"width":1299,"height":590,"url":"https:\/\/www.pcb.ub.edu\/wp-content\/uploads\/2020\/07\/16037138535f96bb3d82023.png","type":"image\/png"}],"author":"adminpcb","twitter_card":"summary_large_image","twitter_misc":{"Escrito por":"adminpcb","Tiempo de lectura":"3 minutos"},"schema":{"@context":"https:\/\/schema.org","@graph":[{"@type":"Article","@id":"https:\/\/www.pcb.ub.edu\/es\/la-comunidad-del-pcb-un-mosaico-de-nacionalidades-con-predominio-de-gente-joven-y-mas-mujeres-que-hombres\/#article","isPartOf":{"@id":"https:\/\/www.pcb.ub.edu\/es\/la-comunidad-del-pcb-un-mosaico-de-nacionalidades-con-predominio-de-gente-joven-y-mas-mujeres-que-hombres\/"},"author":{"name":"adminpcb","@id":"https:\/\/www.pcb.ub.edu\/es\/#\/schema\/person\/d13cab05cd0a75b17fddca8496481021"},"headline":"La Comunidad del PCB, un mosaico de nacionalidades con predominio de gente joven y m\u00e1s mujeres que hombres","datePublished":"2020-07-22T23:00:00+00:00","dateModified":"2020-11-18T20:04:57+00:00","mainEntityOfPage":{"@id":"https:\/\/www.pcb.ub.edu\/es\/la-comunidad-del-pcb-un-mosaico-de-nacionalidades-con-predominio-de-gente-joven-y-mas-mujeres-que-hombres\/"},"wordCount":668,"image":{"@id":"https:\/\/www.pcb.ub.edu\/es\/la-comunidad-del-pcb-un-mosaico-de-nacionalidades-con-predominio-de-gente-joven-y-mas-mujeres-que-hombres\/#primaryimage"},"thumbnailUrl":"https:\/\/www.pcb.ub.edu\/wp-content\/uploads\/2020\/07\/16037138535f96bb3d82023.png","articleSection":["PCB"],"inLanguage":"es"},{"@type":"WebPage","@id":"https:\/\/www.pcb.ub.edu\/es\/la-comunidad-del-pcb-un-mosaico-de-nacionalidades-con-predominio-de-gente-joven-y-mas-mujeres-que-hombres\/","url":"https:\/\/www.pcb.ub.edu\/es\/la-comunidad-del-pcb-un-mosaico-de-nacionalidades-con-predominio-de-gente-joven-y-mas-mujeres-que-hombres\/","name":"La Comunidad del PCB, un mosaico de nacionalidades con predominio de gente joven y m\u00e1s mujeres que hombres - Parc Cient\u00edfic de Barcelona","isPartOf":{"@id":"https:\/\/www.pcb.ub.edu\/es\/#website"},"primaryImageOfPage":{"@id":"https:\/\/www.pcb.ub.edu\/es\/la-comunidad-del-pcb-un-mosaico-de-nacionalidades-con-predominio-de-gente-joven-y-mas-mujeres-que-hombres\/#primaryimage"},"image":{"@id":"https:\/\/www.pcb.ub.edu\/es\/la-comunidad-del-pcb-un-mosaico-de-nacionalidades-con-predominio-de-gente-joven-y-mas-mujeres-que-hombres\/#primaryimage"},"thumbnailUrl":"https:\/\/www.pcb.ub.edu\/wp-content\/uploads\/2020\/07\/16037138535f96bb3d82023.png","datePublished":"2020-07-22T23:00:00+00:00","dateModified":"2020-11-18T20:04:57+00:00","author":{"@id":"https:\/\/www.pcb.ub.edu\/es\/#\/schema\/person\/d13cab05cd0a75b17fddca8496481021"},"breadcrumb":{"@id":"https:\/\/www.pcb.ub.edu\/es\/la-comunidad-del-pcb-un-mosaico-de-nacionalidades-con-predominio-de-gente-joven-y-mas-mujeres-que-hombres\/#breadcrumb"},"inLanguage":"es","potentialAction":[{"@type":"ReadAction","target":["https:\/\/www.pcb.ub.edu\/es\/la-comunidad-del-pcb-un-mosaico-de-nacionalidades-con-predominio-de-gente-joven-y-mas-mujeres-que-hombres\/"]}]},{"@type":"ImageObject","inLanguage":"es","@id":"https:\/\/www.pcb.ub.edu\/es\/la-comunidad-del-pcb-un-mosaico-de-nacionalidades-con-predominio-de-gente-joven-y-mas-mujeres-que-hombres\/#primaryimage","url":"https:\/\/www.pcb.ub.edu\/wp-content\/uploads\/2020\/07\/16037138535f96bb3d82023.png","contentUrl":"https:\/\/www.pcb.ub.edu\/wp-content\/uploads\/2020\/07\/16037138535f96bb3d82023.png","width":1299,"height":590},{"@type":"BreadcrumbList","@id":"https:\/\/www.pcb.ub.edu\/es\/la-comunidad-del-pcb-un-mosaico-de-nacionalidades-con-predominio-de-gente-joven-y-mas-mujeres-que-hombres\/#breadcrumb","itemListElement":[{"@type":"ListItem","position":1,"name":"Home","item":"https:\/\/www.pcb.ub.edu\/es\/"},{"@type":"ListItem","position":2,"name":"La Comunidad del PCB, un mosaico de nacionalidades con predominio de gente joven y m\u00e1s mujeres que hombres"}]},{"@type":"WebSite","@id":"https:\/\/www.pcb.ub.edu\/es\/#website","url":"https:\/\/www.pcb.ub.edu\/es\/","name":"Parc Cient\u00edfic de Barcelona","description":"Universitat de Barcelona","potentialAction":[{"@type":"SearchAction","target":{"@type":"EntryPoint","urlTemplate":"https:\/\/www.pcb.ub.edu\/es\/?s={search_term_string}"},"query-input":{"@type":"PropertyValueSpecification","valueRequired":true,"valueName":"search_term_string"}}],"inLanguage":"es"},{"@type":"Person","@id":"https:\/\/www.pcb.ub.edu\/es\/#\/schema\/person\/d13cab05cd0a75b17fddca8496481021","name":"adminpcb","image":{"@type":"ImageObject","inLanguage":"es","@id":"https:\/\/secure.gravatar.com\/avatar\/41ad0fab4bb3bf5348b0af9612159cfd93173a57bbca98fecb50fa6f3ab97d28?s=96&d=mm&r=g","url":"https:\/\/secure.gravatar.com\/avatar\/41ad0fab4bb3bf5348b0af9612159cfd93173a57bbca98fecb50fa6f3ab97d28?s=96&d=mm&r=g","contentUrl":"https:\/\/secure.gravatar.com\/avatar\/41ad0fab4bb3bf5348b0af9612159cfd93173a57bbca98fecb50fa6f3ab97d28?s=96&d=mm&r=g","caption":"adminpcb"},"url":"https:\/\/www.pcb.ub.edu\/es\/author\/adminpcb\/"}]}},"_links":{"self":[{"href":"https:\/\/www.pcb.ub.edu\/es\/wp-json\/wp\/v2\/posts\/38934","targetHints":{"allow":["GET"]}}],"collection":[{"href":"https:\/\/www.pcb.ub.edu\/es\/wp-json\/wp\/v2\/posts"}],"about":[{"href":"https:\/\/www.pcb.ub.edu\/es\/wp-json\/wp\/v2\/types\/post"}],"author":[{"embeddable":true,"href":"https:\/\/www.pcb.ub.edu\/es\/wp-json\/wp\/v2\/users\/1"}],"replies":[{"embeddable":true,"href":"https:\/\/www.pcb.ub.edu\/es\/wp-json\/wp\/v2\/comments?post=38934"}],"version-history":[{"count":2,"href":"https:\/\/www.pcb.ub.edu\/es\/wp-json\/wp\/v2\/posts\/38934\/revisions"}],"predecessor-version":[{"id":50897,"href":"https:\/\/www.pcb.ub.edu\/es\/wp-json\/wp\/v2\/posts\/38934\/revisions\/50897"}],"wp:featuredmedia":[{"embeddable":true,"href":"https:\/\/www.pcb.ub.edu\/es\/wp-json\/wp\/v2\/media\/8967"}],"wp:attachment":[{"href":"https:\/\/www.pcb.ub.edu\/es\/wp-json\/wp\/v2\/media?parent=38934"}],"wp:term":[{"taxonomy":"category","embeddable":true,"href":"https:\/\/www.pcb.ub.edu\/es\/wp-json\/wp\/v2\/categories?post=38934"},{"taxonomy":"post_tag","embeddable":true,"href":"https:\/\/www.pcb.ub.edu\/es\/wp-json\/wp\/v2\/tags?post=38934"}],"curies":[{"name":"wp","href":"https:\/\/api.w.org\/{rel}","templated":true}]}}