{"id":38893,"date":"2017-06-07T00:00:00","date_gmt":"2017-06-06T23:00:00","guid":{"rendered":"http:\/\/www.pcb.ub.edu\/\/el-ibec-celebra-10-anos-de-investigacion-interdisciplinaria-de-excelencia\/"},"modified":"2020-11-16T16:21:50","modified_gmt":"2020-11-16T15:21:50","slug":"el-ibec-celebra-10-anos-de-investigacion-interdisciplinaria-de-excelencia","status":"publish","type":"post","link":"https:\/\/www.pcb.ub.edu\/es\/el-ibec-celebra-10-anos-de-investigacion-interdisciplinaria-de-excelencia\/","title":{"rendered":"El IBEC celebra 10 a\u00f1os de investigaci\u00f3n interdisciplinaria de excelencia"},"content":{"rendered":"<p>Cumpliendo con su misi\u00f3n prioritaria\u00a0de\u00a0llevar a cabo investigaci\u00f3n b\u00e1sica e interdisciplinaria en el campo de la bioingenier\u00eda y nanomedicina al m\u00e1s alto nivel internacional, el IBEC ha publicado en la \u00faltima d\u00e9cada m\u00e1s de 740 art\u00edculos cient\u00edficos en revistas de alto \u00edndice de impacto, m\u00e1s de la mitad de ellas en el primer decil. Su producci\u00f3n cient\u00edfica est\u00e1 avalada por el\u00a0<a href=\"https:\/\/erc.europa.eu\/\" rel=\"noopener noreferrer\" target=\"_blank\">Consejo Europeo de Investigaci\u00f3n (ERC)<\/a>, con la prestigiosa financiaci\u00f3n competitiva de 11 proyectos. Adem\u00e1s, 6 de sus investigadores principales reciben el apoyo de ICREA, la Instituci\u00f3n Catalana de Investigaci\u00f3n y Estudios Avanzados que se orienta a la contrataci\u00f3n exclusiva del personal cient\u00edfico y acad\u00e9mico con m\u00e1s talento.<\/p>\n<p>Por otro lado, el Instituto, que tambi\u00e9n es socio de otras muchas alianzas, ha coordinado y\/o coordina cinco consorcios internacionales de proyectos financiados por la UE en el marco de los programas FP7 y Horizonte 2020.<\/p>\n<p>Entre sus descubrimientos cient\u00edficos cabe destacar el primer\u00a0<a href=\"http:\/\/ibecbarcelona.eu\/es\/investigadores-crean-el-primer-bazo-en-un-chip-humano-funcional-del-mundo\/\" rel=\"noopener noreferrer\" target=\"_blank\">bazo en un chip (<\/a>en ingl\u00e9s, <em>splenon-on-a-chip<\/em>),\u00a0la<a href=\"http:\/\/ibecbarcelona.eu\/es\/noticias-en-imagenes-qel-baile-de-las-celulas-minue-o-skaqn\/\" rel=\"noopener noreferrer\" target=\"_blank\"> plithotaxis\u00a0<\/a>-un nuevo concepto en biolog\u00eda-, avances innovadores en la creaci\u00f3n de\u00a0<a href=\"http:\/\/ibecbarcelona.eu\/es\/avance-pionero-de-la-nanoingenieria-quimica-para-disenar-farmacos-regulados-con-luz\/\" rel=\"noopener noreferrer\" target=\"_blank\">f\u00e1rmacos fotoactivables<\/a>, el descubrimiento de mecanismos cruciales en el desarrollo del\u00a0<a href=\"http:\/\/ibecbarcelona.eu\/es\/researchers-uncover-a-fundamental-mechanism-in-breast-cancer-3\/\" rel=\"noopener noreferrer\" target=\"_blank\">c\u00e1ncer de mama<\/a>, la resoluci\u00f3n de un\u00a0<a href=\"http:\/\/ibecbarcelona.eu\/es\/cientificos-del-ibec-y-de-la-ub-resuelven-un-antiguo-enigma-quimico\/\" rel=\"noopener noreferrer\" target=\"_blank\">enigma de la qu\u00edmica<\/a>\u00a0y el desarrollo de\u00a0<a href=\"http:\/\/ibecbarcelona.eu\/es\/record-mundial-para-los-nano-reactores-que-usan-combustibles-seguros\/\" rel=\"noopener noreferrer\" target=\"_blank\">nanorobots de \u00faltima generaci\u00f3n<\/a>, entre otros.<\/p>\n<p>Con la misi\u00f3n de transferir sus conocimientos y tecnolog\u00eda al sector biom\u00e9dico, el IBEC colabora con hospitales y con la industria para que los dispositivos y productos basados en su investigaci\u00f3n puedan ser llevados al mercado y los hospitales. Con 23 patentes en su haber y 3\u00a0<em>spin-off<\/em>, el IBEC puede atribuirse avances tales como las nuevas mol\u00e9culas contra el c\u00e1ncer de p\u00e1ncreas, un indicador de somnolencia para veh\u00edculos, nuevas part\u00edculas para la curaci\u00f3n heridas y muchos otros avances ahora en proceso.<\/p>\n<p>A trav\u00e9s de Memorandos de Entendimientos y otras alianzas oficiales, el IBEC colabora con organizaciones acad\u00e9micas internacionales de 13 pa\u00edses diferentes, destacando de entre las \u00a0innumerables redes nacionales e internacionales de las que forma parte, su papel como socio fundador del consorcio<a href=\"https:\/\/eit.europa.eu\/eit-community\/eit-health\" rel=\"noopener noreferrer\" target=\"_blank\">\u00a0EIT Health<\/a>, una de las mayores iniciativas mundiales para la salud financiada con fondos p\u00fablicos.<\/p>\n<p>Con el inter\u00e9s de formar a la pr\u00f3xima generaci\u00f3n de expertos en tecnolog\u00eda de la salud, hasta la fecha 104 estudiantes de doctorado han defendido sus tesis en IBEC y sus estudiantes y otros investigadores han trabajado en prestigiosas instituciones y empresas de todo el mundo y han contribuido con su trabajo a grandes avances cient\u00edficos.<\/p>\n<p>Esta es la vertiginosa carrera de un centro que se fund\u00f3 a finales del 2005 con apenas cinco grupos de investigaci\u00f3n de la Universidad de Barcelona y la Universitat Polit\u00e8cnica de Catalunya y que hoy en d\u00eda se enorgullece de todos y cada uno de sus logros, porque que le aproximan a su objetivo de convertirse en referente mundial en bioingenier\u00eda, para mejorar la salud y la calidad de vida de las personas. Es por todo ello que en 2015 fue reconocida con la acreditaci\u00f3n\u00a0<a href=\"http:\/\/ibecbarcelona.eu\/ibec-receives-severo-ochoa-excellence-award\/\" target=\"_top\" rel=\"noopener noreferrer\">Centro de Excelencia Severo Ochoa<\/a>, otorgada por el Ministerio de Econom\u00eda, Industria y Competitividad.<\/p>\n<p>\u00a0<\/p>\n","protected":false},"excerpt":{"rendered":"<p>Este a\u00f1o, el <a href=\"http:\/\/www.pcb.ub.edu\/portal\/es\/cerca?p_p_id=cercador_WAR_empleatsempresesportlet&amp;p_p_lifecycle=0&amp;p_p_state=maximized&amp;p_p_mode=view&amp;p_p_col_id=column-1&amp;p_p_col_count=1&amp;_cercador_WAR_empleatsempresesportlet_jspPage=%2Fhtml%2Fcommon%2Fdetall-empresa.jsp&amp;_cercador_WAR_empleatsempresesportlet_empresaId=ENT_000134&amp;_cercador_WAR_empleatsempresesportlet_redirect=%2Fportal%2Fca%2Fcerca%3Fp_p_id%3Dcercador_WAR_empleatsempresesportlet%26p_p_lifecycle%3D0%26p_p_mode%3Dview%26_cercador_WAR_empleatsempresesportlet_keywords%3Dibec%26_cercador_WAR_empleatsempresesportlet_tab%3D1\" target=\"_blank\" rel=\"noopener noreferrer\">Instituto de Bioingenier\u00eda de Catalu\u00f1a (IBEC)<\/a> cumple sus diez primeros a\u00f1os de vida. Desde que se constituy\u00f3 en el Parc Cient\u00edfic\u00a0de Barcelona, el instituto ha experimentado un vertiginoso crecimiento hasta convertirse en uno de los centros de investigaci\u00f3n l\u00edderes de Catalu\u00f1a y posicionarse al mismo nivel que organizaciones internacionales de gran prestigio en cuanto a producci\u00f3n cient\u00edfica, n\u00famero de investigadores financiados por el ERC, patentes, <em>spin-offs<\/em>, creaci\u00f3n de programas de formaci\u00f3n y reconocimientos nacionales, entre otros. Para celebrar su 10\u00aa aniversario el IBEC ha organizado un programa de\u00a0eventos que se inici\u00f3\u00a0ayer con un acto conmemorativo y el <a href=\"http:\/\/events.ibecbarcelona.eu\/\" target=\"_top\" rel=\"noopener noreferrer\">Symposium on Bioengineering for Future Medicine<\/a>\u00a0en el Auditorio AXA.<\/p>\n<p>\u00a0<\/p>\n","protected":false},"author":1,"featured_media":26048,"comment_status":"closed","ping_status":"open","sticky":false,"template":"","format":"standard","meta":{"_acf_changed":false,"inline_featured_image":false,"footnotes":""},"categories":[9],"tags":[],"class_list":["post-38893","post","type-post","status-publish","format-standard","has-post-thumbnail","category-sin-categorizar"],"acf":[],"yoast_head":"<!-- This site is optimized with the Yoast SEO plugin v27.3 - https:\/\/yoast.com\/product\/yoast-seo-wordpress\/ -->\n<title>El IBEC celebra 10 a\u00f1os de investigaci\u00f3n interdisciplinaria de excelencia - Parc Cient\u00edfic de Barcelona<\/title>\n<meta name=\"robots\" content=\"index, follow, max-snippet:-1, max-image-preview:large, max-video-preview:-1\" \/>\n<link rel=\"canonical\" href=\"https:\/\/www.pcb.ub.edu\/es\/el-ibec-celebra-10-anos-de-investigacion-interdisciplinaria-de-excelencia\/\" \/>\n<meta property=\"og:locale\" content=\"es_ES\" \/>\n<meta property=\"og:type\" content=\"article\" \/>\n<meta property=\"og:title\" content=\"El IBEC celebra 10 a\u00f1os de investigaci\u00f3n interdisciplinaria de excelencia - Parc Cient\u00edfic de Barcelona\" \/>\n<meta property=\"og:description\" content=\"Este a\u00f1o, el Instituto de Bioingenier\u00eda de Catalu\u00f1a (IBEC) cumple sus diez primeros a\u00f1os de vida. Desde que se constituy\u00f3 en el Parc Cient\u00edfic\u00a0de Barcelona, el instituto ha experimentado un vertiginoso crecimiento hasta convertirse en uno de los centros de investigaci\u00f3n l\u00edderes de Catalu\u00f1a y posicionarse al mismo nivel que organizaciones internacionales de gran prestigio en cuanto a producci\u00f3n cient\u00edfica, n\u00famero de investigadores financiados por el ERC, patentes, spin-offs, creaci\u00f3n de programas de formaci\u00f3n y reconocimientos nacionales, entre otros. Para celebrar su 10\u00aa aniversario el IBEC ha organizado un programa de\u00a0eventos que se inici\u00f3\u00a0ayer con un acto conmemorativo y el Symposium on Bioengineering for Future Medicine\u00a0en el Auditorio AXA. \u00a0\" \/>\n<meta property=\"og:url\" content=\"https:\/\/www.pcb.ub.edu\/es\/el-ibec-celebra-10-anos-de-investigacion-interdisciplinaria-de-excelencia\/\" \/>\n<meta property=\"og:site_name\" content=\"Parc Cient\u00edfic de Barcelona\" \/>\n<meta property=\"article:published_time\" content=\"2017-06-06T23:00:00+00:00\" \/>\n<meta property=\"article:modified_time\" content=\"2020-11-16T15:21:50+00:00\" \/>\n<meta property=\"og:image\" content=\"https:\/\/www.pcb.ub.edu\/wp-content\/uploads\/2017\/06\/16049221565fa92b2c3e4b3.jpeg\" \/>\n\t<meta property=\"og:image:width\" content=\"800\" \/>\n\t<meta property=\"og:image:height\" content=\"388\" \/>\n\t<meta property=\"og:image:type\" content=\"image\/jpeg\" \/>\n<meta name=\"author\" content=\"adminpcb\" \/>\n<meta name=\"twitter:card\" content=\"summary_large_image\" \/>\n<meta name=\"twitter:label1\" content=\"Escrito por\" \/>\n\t<meta name=\"twitter:data1\" content=\"adminpcb\" \/>\n\t<meta name=\"twitter:label2\" content=\"Tiempo de lectura\" \/>\n\t<meta name=\"twitter:data2\" content=\"3 minutos\" \/>\n<script type=\"application\/ld+json\" class=\"yoast-schema-graph\">{\"@context\":\"https:\\\/\\\/schema.org\",\"@graph\":[{\"@type\":\"Article\",\"@id\":\"https:\\\/\\\/www.pcb.ub.edu\\\/es\\\/el-ibec-celebra-10-anos-de-investigacion-interdisciplinaria-de-excelencia\\\/#article\",\"isPartOf\":{\"@id\":\"https:\\\/\\\/www.pcb.ub.edu\\\/es\\\/el-ibec-celebra-10-anos-de-investigacion-interdisciplinaria-de-excelencia\\\/\"},\"author\":{\"name\":\"adminpcb\",\"@id\":\"https:\\\/\\\/www.pcb.ub.edu\\\/es\\\/#\\\/schema\\\/person\\\/d13cab05cd0a75b17fddca8496481021\"},\"headline\":\"El IBEC celebra 10 a\u00f1os de investigaci\u00f3n interdisciplinaria de excelencia\",\"datePublished\":\"2017-06-06T23:00:00+00:00\",\"dateModified\":\"2020-11-16T15:21:50+00:00\",\"mainEntityOfPage\":{\"@id\":\"https:\\\/\\\/www.pcb.ub.edu\\\/es\\\/el-ibec-celebra-10-anos-de-investigacion-interdisciplinaria-de-excelencia\\\/\"},\"wordCount\":558,\"image\":{\"@id\":\"https:\\\/\\\/www.pcb.ub.edu\\\/es\\\/el-ibec-celebra-10-anos-de-investigacion-interdisciplinaria-de-excelencia\\\/#primaryimage\"},\"thumbnailUrl\":\"https:\\\/\\\/www.pcb.ub.edu\\\/wp-content\\\/uploads\\\/2017\\\/06\\\/16049221565fa92b2c3e4b3.jpeg\",\"articleSection\":[\"Sin categorizar\"],\"inLanguage\":\"es\"},{\"@type\":\"WebPage\",\"@id\":\"https:\\\/\\\/www.pcb.ub.edu\\\/es\\\/el-ibec-celebra-10-anos-de-investigacion-interdisciplinaria-de-excelencia\\\/\",\"url\":\"https:\\\/\\\/www.pcb.ub.edu\\\/es\\\/el-ibec-celebra-10-anos-de-investigacion-interdisciplinaria-de-excelencia\\\/\",\"name\":\"El IBEC celebra 10 a\u00f1os de investigaci\u00f3n interdisciplinaria de excelencia - Parc Cient\u00edfic de Barcelona\",\"isPartOf\":{\"@id\":\"https:\\\/\\\/www.pcb.ub.edu\\\/es\\\/#website\"},\"primaryImageOfPage\":{\"@id\":\"https:\\\/\\\/www.pcb.ub.edu\\\/es\\\/el-ibec-celebra-10-anos-de-investigacion-interdisciplinaria-de-excelencia\\\/#primaryimage\"},\"image\":{\"@id\":\"https:\\\/\\\/www.pcb.ub.edu\\\/es\\\/el-ibec-celebra-10-anos-de-investigacion-interdisciplinaria-de-excelencia\\\/#primaryimage\"},\"thumbnailUrl\":\"https:\\\/\\\/www.pcb.ub.edu\\\/wp-content\\\/uploads\\\/2017\\\/06\\\/16049221565fa92b2c3e4b3.jpeg\",\"datePublished\":\"2017-06-06T23:00:00+00:00\",\"dateModified\":\"2020-11-16T15:21:50+00:00\",\"author\":{\"@id\":\"https:\\\/\\\/www.pcb.ub.edu\\\/es\\\/#\\\/schema\\\/person\\\/d13cab05cd0a75b17fddca8496481021\"},\"breadcrumb\":{\"@id\":\"https:\\\/\\\/www.pcb.ub.edu\\\/es\\\/el-ibec-celebra-10-anos-de-investigacion-interdisciplinaria-de-excelencia\\\/#breadcrumb\"},\"inLanguage\":\"es\",\"potentialAction\":[{\"@type\":\"ReadAction\",\"target\":[\"https:\\\/\\\/www.pcb.ub.edu\\\/es\\\/el-ibec-celebra-10-anos-de-investigacion-interdisciplinaria-de-excelencia\\\/\"]}]},{\"@type\":\"ImageObject\",\"inLanguage\":\"es\",\"@id\":\"https:\\\/\\\/www.pcb.ub.edu\\\/es\\\/el-ibec-celebra-10-anos-de-investigacion-interdisciplinaria-de-excelencia\\\/#primaryimage\",\"url\":\"https:\\\/\\\/www.pcb.ub.edu\\\/wp-content\\\/uploads\\\/2017\\\/06\\\/16049221565fa92b2c3e4b3.jpeg\",\"contentUrl\":\"https:\\\/\\\/www.pcb.ub.edu\\\/wp-content\\\/uploads\\\/2017\\\/06\\\/16049221565fa92b2c3e4b3.jpeg\",\"width\":800,\"height\":388},{\"@type\":\"BreadcrumbList\",\"@id\":\"https:\\\/\\\/www.pcb.ub.edu\\\/es\\\/el-ibec-celebra-10-anos-de-investigacion-interdisciplinaria-de-excelencia\\\/#breadcrumb\",\"itemListElement\":[{\"@type\":\"ListItem\",\"position\":1,\"name\":\"Home\",\"item\":\"https:\\\/\\\/www.pcb.ub.edu\\\/es\\\/\"},{\"@type\":\"ListItem\",\"position\":2,\"name\":\"El IBEC celebra 10 a\u00f1os de investigaci\u00f3n interdisciplinaria de excelencia\"}]},{\"@type\":\"WebSite\",\"@id\":\"https:\\\/\\\/www.pcb.ub.edu\\\/es\\\/#website\",\"url\":\"https:\\\/\\\/www.pcb.ub.edu\\\/es\\\/\",\"name\":\"Parc Cient\u00edfic de Barcelona\",\"description\":\"Universitat de Barcelona\",\"potentialAction\":[{\"@type\":\"SearchAction\",\"target\":{\"@type\":\"EntryPoint\",\"urlTemplate\":\"https:\\\/\\\/www.pcb.ub.edu\\\/es\\\/?s={search_term_string}\"},\"query-input\":{\"@type\":\"PropertyValueSpecification\",\"valueRequired\":true,\"valueName\":\"search_term_string\"}}],\"inLanguage\":\"es\"},{\"@type\":\"Person\",\"@id\":\"https:\\\/\\\/www.pcb.ub.edu\\\/es\\\/#\\\/schema\\\/person\\\/d13cab05cd0a75b17fddca8496481021\",\"name\":\"adminpcb\",\"image\":{\"@type\":\"ImageObject\",\"inLanguage\":\"es\",\"@id\":\"https:\\\/\\\/secure.gravatar.com\\\/avatar\\\/41ad0fab4bb3bf5348b0af9612159cfd93173a57bbca98fecb50fa6f3ab97d28?s=96&d=mm&r=g\",\"url\":\"https:\\\/\\\/secure.gravatar.com\\\/avatar\\\/41ad0fab4bb3bf5348b0af9612159cfd93173a57bbca98fecb50fa6f3ab97d28?s=96&d=mm&r=g\",\"contentUrl\":\"https:\\\/\\\/secure.gravatar.com\\\/avatar\\\/41ad0fab4bb3bf5348b0af9612159cfd93173a57bbca98fecb50fa6f3ab97d28?s=96&d=mm&r=g\",\"caption\":\"adminpcb\"},\"url\":\"https:\\\/\\\/www.pcb.ub.edu\\\/es\\\/author\\\/adminpcb\\\/\"}]}<\/script>\n<!-- \/ Yoast SEO plugin. -->","yoast_head_json":{"title":"El IBEC celebra 10 a\u00f1os de investigaci\u00f3n interdisciplinaria de excelencia - Parc Cient\u00edfic de Barcelona","robots":{"index":"index","follow":"follow","max-snippet":"max-snippet:-1","max-image-preview":"max-image-preview:large","max-video-preview":"max-video-preview:-1"},"canonical":"https:\/\/www.pcb.ub.edu\/es\/el-ibec-celebra-10-anos-de-investigacion-interdisciplinaria-de-excelencia\/","og_locale":"es_ES","og_type":"article","og_title":"El IBEC celebra 10 a\u00f1os de investigaci\u00f3n interdisciplinaria de excelencia - Parc Cient\u00edfic de Barcelona","og_description":"Este a\u00f1o, el Instituto de Bioingenier\u00eda de Catalu\u00f1a (IBEC) cumple sus diez primeros a\u00f1os de vida. Desde que se constituy\u00f3 en el Parc Cient\u00edfic\u00a0de Barcelona, el instituto ha experimentado un vertiginoso crecimiento hasta convertirse en uno de los centros de investigaci\u00f3n l\u00edderes de Catalu\u00f1a y posicionarse al mismo nivel que organizaciones internacionales de gran prestigio en cuanto a producci\u00f3n cient\u00edfica, n\u00famero de investigadores financiados por el ERC, patentes, spin-offs, creaci\u00f3n de programas de formaci\u00f3n y reconocimientos nacionales, entre otros. Para celebrar su 10\u00aa aniversario el IBEC ha organizado un programa de\u00a0eventos que se inici\u00f3\u00a0ayer con un acto conmemorativo y el Symposium on Bioengineering for Future Medicine\u00a0en el Auditorio AXA. \u00a0","og_url":"https:\/\/www.pcb.ub.edu\/es\/el-ibec-celebra-10-anos-de-investigacion-interdisciplinaria-de-excelencia\/","og_site_name":"Parc Cient\u00edfic de Barcelona","article_published_time":"2017-06-06T23:00:00+00:00","article_modified_time":"2020-11-16T15:21:50+00:00","og_image":[{"width":800,"height":388,"url":"https:\/\/www.pcb.ub.edu\/wp-content\/uploads\/2017\/06\/16049221565fa92b2c3e4b3.jpeg","type":"image\/jpeg"}],"author":"adminpcb","twitter_card":"summary_large_image","twitter_misc":{"Escrito por":"adminpcb","Tiempo de lectura":"3 minutos"},"schema":{"@context":"https:\/\/schema.org","@graph":[{"@type":"Article","@id":"https:\/\/www.pcb.ub.edu\/es\/el-ibec-celebra-10-anos-de-investigacion-interdisciplinaria-de-excelencia\/#article","isPartOf":{"@id":"https:\/\/www.pcb.ub.edu\/es\/el-ibec-celebra-10-anos-de-investigacion-interdisciplinaria-de-excelencia\/"},"author":{"name":"adminpcb","@id":"https:\/\/www.pcb.ub.edu\/es\/#\/schema\/person\/d13cab05cd0a75b17fddca8496481021"},"headline":"El IBEC celebra 10 a\u00f1os de investigaci\u00f3n interdisciplinaria de excelencia","datePublished":"2017-06-06T23:00:00+00:00","dateModified":"2020-11-16T15:21:50+00:00","mainEntityOfPage":{"@id":"https:\/\/www.pcb.ub.edu\/es\/el-ibec-celebra-10-anos-de-investigacion-interdisciplinaria-de-excelencia\/"},"wordCount":558,"image":{"@id":"https:\/\/www.pcb.ub.edu\/es\/el-ibec-celebra-10-anos-de-investigacion-interdisciplinaria-de-excelencia\/#primaryimage"},"thumbnailUrl":"https:\/\/www.pcb.ub.edu\/wp-content\/uploads\/2017\/06\/16049221565fa92b2c3e4b3.jpeg","articleSection":["Sin categorizar"],"inLanguage":"es"},{"@type":"WebPage","@id":"https:\/\/www.pcb.ub.edu\/es\/el-ibec-celebra-10-anos-de-investigacion-interdisciplinaria-de-excelencia\/","url":"https:\/\/www.pcb.ub.edu\/es\/el-ibec-celebra-10-anos-de-investigacion-interdisciplinaria-de-excelencia\/","name":"El IBEC celebra 10 a\u00f1os de investigaci\u00f3n interdisciplinaria de excelencia - Parc Cient\u00edfic de Barcelona","isPartOf":{"@id":"https:\/\/www.pcb.ub.edu\/es\/#website"},"primaryImageOfPage":{"@id":"https:\/\/www.pcb.ub.edu\/es\/el-ibec-celebra-10-anos-de-investigacion-interdisciplinaria-de-excelencia\/#primaryimage"},"image":{"@id":"https:\/\/www.pcb.ub.edu\/es\/el-ibec-celebra-10-anos-de-investigacion-interdisciplinaria-de-excelencia\/#primaryimage"},"thumbnailUrl":"https:\/\/www.pcb.ub.edu\/wp-content\/uploads\/2017\/06\/16049221565fa92b2c3e4b3.jpeg","datePublished":"2017-06-06T23:00:00+00:00","dateModified":"2020-11-16T15:21:50+00:00","author":{"@id":"https:\/\/www.pcb.ub.edu\/es\/#\/schema\/person\/d13cab05cd0a75b17fddca8496481021"},"breadcrumb":{"@id":"https:\/\/www.pcb.ub.edu\/es\/el-ibec-celebra-10-anos-de-investigacion-interdisciplinaria-de-excelencia\/#breadcrumb"},"inLanguage":"es","potentialAction":[{"@type":"ReadAction","target":["https:\/\/www.pcb.ub.edu\/es\/el-ibec-celebra-10-anos-de-investigacion-interdisciplinaria-de-excelencia\/"]}]},{"@type":"ImageObject","inLanguage":"es","@id":"https:\/\/www.pcb.ub.edu\/es\/el-ibec-celebra-10-anos-de-investigacion-interdisciplinaria-de-excelencia\/#primaryimage","url":"https:\/\/www.pcb.ub.edu\/wp-content\/uploads\/2017\/06\/16049221565fa92b2c3e4b3.jpeg","contentUrl":"https:\/\/www.pcb.ub.edu\/wp-content\/uploads\/2017\/06\/16049221565fa92b2c3e4b3.jpeg","width":800,"height":388},{"@type":"BreadcrumbList","@id":"https:\/\/www.pcb.ub.edu\/es\/el-ibec-celebra-10-anos-de-investigacion-interdisciplinaria-de-excelencia\/#breadcrumb","itemListElement":[{"@type":"ListItem","position":1,"name":"Home","item":"https:\/\/www.pcb.ub.edu\/es\/"},{"@type":"ListItem","position":2,"name":"El IBEC celebra 10 a\u00f1os de investigaci\u00f3n interdisciplinaria de excelencia"}]},{"@type":"WebSite","@id":"https:\/\/www.pcb.ub.edu\/es\/#website","url":"https:\/\/www.pcb.ub.edu\/es\/","name":"Parc Cient\u00edfic de Barcelona","description":"Universitat de Barcelona","potentialAction":[{"@type":"SearchAction","target":{"@type":"EntryPoint","urlTemplate":"https:\/\/www.pcb.ub.edu\/es\/?s={search_term_string}"},"query-input":{"@type":"PropertyValueSpecification","valueRequired":true,"valueName":"search_term_string"}}],"inLanguage":"es"},{"@type":"Person","@id":"https:\/\/www.pcb.ub.edu\/es\/#\/schema\/person\/d13cab05cd0a75b17fddca8496481021","name":"adminpcb","image":{"@type":"ImageObject","inLanguage":"es","@id":"https:\/\/secure.gravatar.com\/avatar\/41ad0fab4bb3bf5348b0af9612159cfd93173a57bbca98fecb50fa6f3ab97d28?s=96&d=mm&r=g","url":"https:\/\/secure.gravatar.com\/avatar\/41ad0fab4bb3bf5348b0af9612159cfd93173a57bbca98fecb50fa6f3ab97d28?s=96&d=mm&r=g","contentUrl":"https:\/\/secure.gravatar.com\/avatar\/41ad0fab4bb3bf5348b0af9612159cfd93173a57bbca98fecb50fa6f3ab97d28?s=96&d=mm&r=g","caption":"adminpcb"},"url":"https:\/\/www.pcb.ub.edu\/es\/author\/adminpcb\/"}]}},"_links":{"self":[{"href":"https:\/\/www.pcb.ub.edu\/es\/wp-json\/wp\/v2\/posts\/38893","targetHints":{"allow":["GET"]}}],"collection":[{"href":"https:\/\/www.pcb.ub.edu\/es\/wp-json\/wp\/v2\/posts"}],"about":[{"href":"https:\/\/www.pcb.ub.edu\/es\/wp-json\/wp\/v2\/types\/post"}],"author":[{"embeddable":true,"href":"https:\/\/www.pcb.ub.edu\/es\/wp-json\/wp\/v2\/users\/1"}],"replies":[{"embeddable":true,"href":"https:\/\/www.pcb.ub.edu\/es\/wp-json\/wp\/v2\/comments?post=38893"}],"version-history":[{"count":1,"href":"https:\/\/www.pcb.ub.edu\/es\/wp-json\/wp\/v2\/posts\/38893\/revisions"}],"predecessor-version":[{"id":44996,"href":"https:\/\/www.pcb.ub.edu\/es\/wp-json\/wp\/v2\/posts\/38893\/revisions\/44996"}],"wp:featuredmedia":[{"embeddable":true,"href":"https:\/\/www.pcb.ub.edu\/es\/wp-json\/wp\/v2\/media\/26048"}],"wp:attachment":[{"href":"https:\/\/www.pcb.ub.edu\/es\/wp-json\/wp\/v2\/media?parent=38893"}],"wp:term":[{"taxonomy":"category","embeddable":true,"href":"https:\/\/www.pcb.ub.edu\/es\/wp-json\/wp\/v2\/categories?post=38893"},{"taxonomy":"post_tag","embeddable":true,"href":"https:\/\/www.pcb.ub.edu\/es\/wp-json\/wp\/v2\/tags?post=38893"}],"curies":[{"name":"wp","href":"https:\/\/api.w.org\/{rel}","templated":true}]}}