{"id":38882,"date":"2019-02-27T00:00:00","date_gmt":"2019-02-26T23:00:00","guid":{"rendered":"http:\/\/www.pcb.ub.edu\/\/kelly-arrontes-vuelve-a-fusionar-arte-y-ciencia-en-el-parc-cientific-de-barcelona\/"},"modified":"2020-11-16T16:21:48","modified_gmt":"2020-11-16T15:21:48","slug":"kelly-arrontes-vuelve-a-fusionar-arte-y-ciencia-en-el-parc-cientific-de-barcelona","status":"publish","type":"post","link":"https:\/\/www.pcb.ub.edu\/es\/kelly-arrontes-vuelve-a-fusionar-arte-y-ciencia-en-el-parc-cientific-de-barcelona\/","title":{"rendered":"Kelly Arrontes vuelve a fusionar arte y ciencia en el Parc Cient\u00edfic de Barcelona"},"content":{"rendered":"<p>\u00abEl origen de la vida\u00bb es una pintura mural de m\u00e1s de 125 metros lineales que decora las paredes del pasillo de la Planta 0 que conecta los edificios Cl\u00faster I y Cluster II del PCB, donde confluyen un gran n\u00famero de laboratorios de empresas y centros p\u00fablicos de investigaci\u00f3n.<\/p>\n<p>Las neuronas y las c\u00e9lulas oculares\u00a0son los ejes vertebradores de la obra, y fluyen libremente en dos espacios claramente diferenciados: \u00abDebido a mis peculiaridades sensoriales como pintora ciega las c\u00e9lulas oculares me parecen muy interesantes. De las neuronas, me atrae su versatilidad pl\u00e1stica, ya que son muy diferentes unas de las otras; son las c\u00e9lulas con m\u00e1s diversidad de la naturaleza\u00bb, revela Kelly Arrontes que, con un 9% de visi\u00f3n, tiene la condici\u00f3n de ceguera legal y est\u00e1 afiliada a la ONCE.<\/p>\n<p>Tomando como referente min\u00fasculas im\u00e1genes de microscop\u00eda electr\u00f3nica, Arrontes\u00a0comenz\u00f3 a trabajar sobre los metros y metros de pared que ten\u00eda que cubrir, y consigui\u00f3 generar im\u00e1genes sobredimensionadas que, junto con su volumen y alto impacto visual, sorprenden y rodean al espectador. \u00abDel mismo modo que ocurre con la investigaci\u00f3n cient\u00edfica, partes de una idea y a cada paso que das se abren nuevos caminos que pueden llevarte a resultados inesperados. Llega un momento en que la obra cobra vida propia y, aunque siempre tengo claro c\u00f3mo empezar, nunca puedo imaginar el final\u00a0ya que el resultado es impredecible. La cuesti\u00f3n es: \u00bfEntras o no entras en el juego?. En este caso yo decid\u00ed entrar, y en un tiempo r\u00e9cord\u00a0consegu\u00ed unos resultados sorprendentes, incluso para m\u00ed misma\u00bb, assegura la artista.<\/p>\n<p>La composici\u00f3n, de base acr\u00edlica, combina la pintura con la textura y los relieves en papel de seda: \u00abEs el sello Arrontes, una obra con vol\u00famenes que adem\u00e1s de verse pueda tocarse, para que cualquier persona, independientemente de su grado de visi\u00f3n, pueda disfrutarla y captar las emociones que yo he intentado plasmar en ella\u00bb, afirma\u00a0Kelly.<\/p>\n<p>Los colores predominantes son el rojo, el amarillo y el naranja en todas sus gamas crom\u00e1ticas. Colores c\u00e1lidos que contrastan y, a la vez complementan, su primera intervenci\u00f3n art\u00edstica en el Parc Cient\u00edfic\u00a0de Barcelona, \u200b\u200b\u00bb<a href=\"http:\/\/www.pcb.ub.edu\/portal\/es\/noticies\/-\/noticia\/not_-kelly-arrontes-harmonitza-art-i-ciencia-amb-la-seva-obra-l-aigua-es-vida-al-pcb?inheritRedirect=false&amp;redirect=%2Fportal%2Fes%2Fcerca%3Fp_p_id%3Dcercador_WAR_empleatsempresesportlet%26p_p_lifecycle%3D0%26p_p_state%3Dnormal%26p_p_mode%3Dview%26p_p_col_id%3Dcolumn-1%26p_p_col_count%3D1%26_cercador_WAR_empleatsempresesportlet_keywords%3Dkelly%26_cercador_WAR_empleatsempresesportlet_tab%3D3&amp;backURL=%2Fportal%2Fes%2Fcerca%3Fp_p_id%3Dcercador_WAR_empleatsempresesportlet%26p_p_lifecycle%3D0%26p_p_state%3Dnormal%26p_p_mode%3Dview%26p_p_col_id%3Dcolumn-1%26p_p_col_count%3D1%26_cercador_WAR_empleatsempresesportlet_keywords%3Dkelly%26_cercador_WAR_empleatsempresesportlet_tab%3D3\" target=\"_blank\" rel=\"noopener noreferrer\">El agua es vida<\/a>\u00ab, una pintura mural de m\u00e1s de 125 metros lineales que decora las paredes del pasillo de la Planta -1 que une los edificios Cl\u00faster I y Cluster II, inaugurada en abril de 2018.<\/p>\n<p>La artista asumi\u00f3 este nuevo reto al ganar el 2\u00ba Concurso de Intervenci\u00f3n Art\u00edstica del PCB, un certamen p\u00fablico y an\u00f3nimo promovido por el Parc para fomentar la interacci\u00f3n entre arte y ciencia.<\/p>\n<p>\u00abMe dej\u00e9 llevar y, incluso, el tiempo tan reducido con el que contaba para su ejecuci\u00f3n (20 d\u00edas), jug\u00f3 a mi favor convirti\u00e9ndose en motor de mi creatividad, y haciendo de todo el conjunto un reto. Un desaf\u00edo con may\u00fasculas, al que no me hab\u00eda enfrentado hasta entonces. En mi caso, yo dir\u00eda que la verdadera relevancia de la obra comenz\u00f3 en el momento en que acept\u00e9 el reto y abandon\u00e9 por completo mi zona de confort\u00bb, confiesa la\u00a0pintora.<\/p>\n<p><strong><span style=\"text-align: justify\">\u25ba Noticia relacionada <a href=\"http:\/\/www.pcb.ub.edu\/portal\/es\/noticies\/-\/noticia\/not_kelly-vs-kelly?inheritRedirect=false&amp;redirect=%2Fportal%2Fes%2Fcerca%3Fp_p_id%3Dcercador_WAR_empleatsempresesportlet%26p_p_lifecycle%3D0%26p_p_state%3Dnormal%26p_p_mode%3Dview%26p_p_col_id%3Dcolumn-1%26p_p_col_count%3D1%26_cercador_WAR_empleatsempresesportlet_keywords%3Dkelly%26_cercador_WAR_empleatsempresesportlet_tab%3D3&amp;backURL=%2Fportal%2Fes%2Fcerca%3Fp_p_id%3Dcercador_WAR_empleatsempresesportlet%26p_p_lifecycle%3D0%26p_p_state%3Dnormal%26p_p_mode%3Dview%26p_p_col_id%3Dcolumn-1%26p_p_col_count%3D1%26_cercador_WAR_empleatsempresesportlet_keywords%3Dkelly%26_cercador_WAR_empleatsempresesportlet_tab%3D3\" target=\"_blank\" rel=\"noopener noreferrer\">[+info]<\/a><\/span><\/strong><\/p>\n","protected":false},"excerpt":{"rendered":"<p>Ayer se inaugur\u00f3 en el Parc Cient\u00edfic de Barcelona (PCB) la obra \u00abEl origen de la vida\u00bb de la pintora Kelly Arrontes. El acto, presidido por el rector de la Universidad de Barcelona, Joan Elias, congreg\u00f3 a un centenar de personas y destacados representantes del mundo acad\u00e9mico, cient\u00edfico, cultural y del Tercer Sector Social.<\/p>\n<p>\u00a0<\/p>\n","protected":false},"author":1,"featured_media":26007,"comment_status":"closed","ping_status":"open","sticky":false,"template":"","format":"standard","meta":{"_acf_changed":false,"inline_featured_image":false,"footnotes":""},"categories":[9],"tags":[],"class_list":["post-38882","post","type-post","status-publish","format-standard","has-post-thumbnail","category-sin-categorizar"],"acf":[],"yoast_head":"<!-- This site is optimized with the Yoast SEO plugin v27.3 - https:\/\/yoast.com\/product\/yoast-seo-wordpress\/ -->\n<title>Kelly Arrontes vuelve a fusionar arte y ciencia en el Parc Cient\u00edfic de Barcelona - Parc Cient\u00edfic de Barcelona<\/title>\n<meta name=\"robots\" content=\"index, follow, max-snippet:-1, max-image-preview:large, max-video-preview:-1\" \/>\n<link rel=\"canonical\" href=\"https:\/\/www.pcb.ub.edu\/es\/kelly-arrontes-vuelve-a-fusionar-arte-y-ciencia-en-el-parc-cientific-de-barcelona\/\" \/>\n<meta property=\"og:locale\" content=\"es_ES\" \/>\n<meta property=\"og:type\" content=\"article\" \/>\n<meta property=\"og:title\" content=\"Kelly Arrontes vuelve a fusionar arte y ciencia en el Parc Cient\u00edfic de Barcelona - Parc Cient\u00edfic de Barcelona\" \/>\n<meta property=\"og:description\" content=\"Ayer se inaugur\u00f3 en el Parc Cient\u00edfic de Barcelona (PCB) la obra &quot;El origen de la vida&quot; de la pintora Kelly Arrontes. El acto, presidido por el rector de la Universidad de Barcelona, Joan Elias, congreg\u00f3 a un centenar de personas y destacados representantes del mundo acad\u00e9mico, cient\u00edfico, cultural y del Tercer Sector Social. \u00a0\" \/>\n<meta property=\"og:url\" content=\"https:\/\/www.pcb.ub.edu\/es\/kelly-arrontes-vuelve-a-fusionar-arte-y-ciencia-en-el-parc-cientific-de-barcelona\/\" \/>\n<meta property=\"og:site_name\" content=\"Parc Cient\u00edfic de Barcelona\" \/>\n<meta property=\"article:published_time\" content=\"2019-02-26T23:00:00+00:00\" \/>\n<meta property=\"article:modified_time\" content=\"2020-11-16T15:21:48+00:00\" \/>\n<meta property=\"og:image\" content=\"https:\/\/www.pcb.ub.edu\/wp-content\/uploads\/2019\/02\/16049221385fa92b1aecc1e.jpeg\" \/>\n\t<meta property=\"og:image:width\" content=\"1024\" \/>\n\t<meta property=\"og:image:height\" content=\"768\" \/>\n\t<meta property=\"og:image:type\" content=\"image\/jpeg\" \/>\n<meta name=\"author\" content=\"adminpcb\" \/>\n<meta name=\"twitter:card\" content=\"summary_large_image\" \/>\n<meta name=\"twitter:label1\" content=\"Escrito por\" \/>\n\t<meta name=\"twitter:data1\" content=\"adminpcb\" \/>\n\t<meta name=\"twitter:label2\" content=\"Tiempo de lectura\" \/>\n\t<meta name=\"twitter:data2\" content=\"3 minutos\" \/>\n<script type=\"application\/ld+json\" class=\"yoast-schema-graph\">{\"@context\":\"https:\\\/\\\/schema.org\",\"@graph\":[{\"@type\":\"Article\",\"@id\":\"https:\\\/\\\/www.pcb.ub.edu\\\/es\\\/kelly-arrontes-vuelve-a-fusionar-arte-y-ciencia-en-el-parc-cientific-de-barcelona\\\/#article\",\"isPartOf\":{\"@id\":\"https:\\\/\\\/www.pcb.ub.edu\\\/es\\\/kelly-arrontes-vuelve-a-fusionar-arte-y-ciencia-en-el-parc-cientific-de-barcelona\\\/\"},\"author\":{\"name\":\"adminpcb\",\"@id\":\"https:\\\/\\\/www.pcb.ub.edu\\\/es\\\/#\\\/schema\\\/person\\\/d13cab05cd0a75b17fddca8496481021\"},\"headline\":\"Kelly Arrontes vuelve a fusionar arte y ciencia en el Parc Cient\u00edfic de Barcelona\",\"datePublished\":\"2019-02-26T23:00:00+00:00\",\"dateModified\":\"2020-11-16T15:21:48+00:00\",\"mainEntityOfPage\":{\"@id\":\"https:\\\/\\\/www.pcb.ub.edu\\\/es\\\/kelly-arrontes-vuelve-a-fusionar-arte-y-ciencia-en-el-parc-cientific-de-barcelona\\\/\"},\"wordCount\":564,\"image\":{\"@id\":\"https:\\\/\\\/www.pcb.ub.edu\\\/es\\\/kelly-arrontes-vuelve-a-fusionar-arte-y-ciencia-en-el-parc-cientific-de-barcelona\\\/#primaryimage\"},\"thumbnailUrl\":\"https:\\\/\\\/www.pcb.ub.edu\\\/wp-content\\\/uploads\\\/2019\\\/02\\\/16049221385fa92b1aecc1e.jpeg\",\"articleSection\":[\"Sin categorizar\"],\"inLanguage\":\"es\"},{\"@type\":\"WebPage\",\"@id\":\"https:\\\/\\\/www.pcb.ub.edu\\\/es\\\/kelly-arrontes-vuelve-a-fusionar-arte-y-ciencia-en-el-parc-cientific-de-barcelona\\\/\",\"url\":\"https:\\\/\\\/www.pcb.ub.edu\\\/es\\\/kelly-arrontes-vuelve-a-fusionar-arte-y-ciencia-en-el-parc-cientific-de-barcelona\\\/\",\"name\":\"Kelly Arrontes vuelve a fusionar arte y ciencia en el Parc Cient\u00edfic de Barcelona - Parc Cient\u00edfic de Barcelona\",\"isPartOf\":{\"@id\":\"https:\\\/\\\/www.pcb.ub.edu\\\/es\\\/#website\"},\"primaryImageOfPage\":{\"@id\":\"https:\\\/\\\/www.pcb.ub.edu\\\/es\\\/kelly-arrontes-vuelve-a-fusionar-arte-y-ciencia-en-el-parc-cientific-de-barcelona\\\/#primaryimage\"},\"image\":{\"@id\":\"https:\\\/\\\/www.pcb.ub.edu\\\/es\\\/kelly-arrontes-vuelve-a-fusionar-arte-y-ciencia-en-el-parc-cientific-de-barcelona\\\/#primaryimage\"},\"thumbnailUrl\":\"https:\\\/\\\/www.pcb.ub.edu\\\/wp-content\\\/uploads\\\/2019\\\/02\\\/16049221385fa92b1aecc1e.jpeg\",\"datePublished\":\"2019-02-26T23:00:00+00:00\",\"dateModified\":\"2020-11-16T15:21:48+00:00\",\"author\":{\"@id\":\"https:\\\/\\\/www.pcb.ub.edu\\\/es\\\/#\\\/schema\\\/person\\\/d13cab05cd0a75b17fddca8496481021\"},\"breadcrumb\":{\"@id\":\"https:\\\/\\\/www.pcb.ub.edu\\\/es\\\/kelly-arrontes-vuelve-a-fusionar-arte-y-ciencia-en-el-parc-cientific-de-barcelona\\\/#breadcrumb\"},\"inLanguage\":\"es\",\"potentialAction\":[{\"@type\":\"ReadAction\",\"target\":[\"https:\\\/\\\/www.pcb.ub.edu\\\/es\\\/kelly-arrontes-vuelve-a-fusionar-arte-y-ciencia-en-el-parc-cientific-de-barcelona\\\/\"]}]},{\"@type\":\"ImageObject\",\"inLanguage\":\"es\",\"@id\":\"https:\\\/\\\/www.pcb.ub.edu\\\/es\\\/kelly-arrontes-vuelve-a-fusionar-arte-y-ciencia-en-el-parc-cientific-de-barcelona\\\/#primaryimage\",\"url\":\"https:\\\/\\\/www.pcb.ub.edu\\\/wp-content\\\/uploads\\\/2019\\\/02\\\/16049221385fa92b1aecc1e.jpeg\",\"contentUrl\":\"https:\\\/\\\/www.pcb.ub.edu\\\/wp-content\\\/uploads\\\/2019\\\/02\\\/16049221385fa92b1aecc1e.jpeg\",\"width\":1024,\"height\":768},{\"@type\":\"BreadcrumbList\",\"@id\":\"https:\\\/\\\/www.pcb.ub.edu\\\/es\\\/kelly-arrontes-vuelve-a-fusionar-arte-y-ciencia-en-el-parc-cientific-de-barcelona\\\/#breadcrumb\",\"itemListElement\":[{\"@type\":\"ListItem\",\"position\":1,\"name\":\"Home\",\"item\":\"https:\\\/\\\/www.pcb.ub.edu\\\/es\\\/\"},{\"@type\":\"ListItem\",\"position\":2,\"name\":\"Kelly Arrontes vuelve a fusionar arte y ciencia en el Parc Cient\u00edfic de Barcelona\"}]},{\"@type\":\"WebSite\",\"@id\":\"https:\\\/\\\/www.pcb.ub.edu\\\/es\\\/#website\",\"url\":\"https:\\\/\\\/www.pcb.ub.edu\\\/es\\\/\",\"name\":\"Parc Cient\u00edfic de Barcelona\",\"description\":\"Universitat de Barcelona\",\"potentialAction\":[{\"@type\":\"SearchAction\",\"target\":{\"@type\":\"EntryPoint\",\"urlTemplate\":\"https:\\\/\\\/www.pcb.ub.edu\\\/es\\\/?s={search_term_string}\"},\"query-input\":{\"@type\":\"PropertyValueSpecification\",\"valueRequired\":true,\"valueName\":\"search_term_string\"}}],\"inLanguage\":\"es\"},{\"@type\":\"Person\",\"@id\":\"https:\\\/\\\/www.pcb.ub.edu\\\/es\\\/#\\\/schema\\\/person\\\/d13cab05cd0a75b17fddca8496481021\",\"name\":\"adminpcb\",\"image\":{\"@type\":\"ImageObject\",\"inLanguage\":\"es\",\"@id\":\"https:\\\/\\\/secure.gravatar.com\\\/avatar\\\/41ad0fab4bb3bf5348b0af9612159cfd93173a57bbca98fecb50fa6f3ab97d28?s=96&d=mm&r=g\",\"url\":\"https:\\\/\\\/secure.gravatar.com\\\/avatar\\\/41ad0fab4bb3bf5348b0af9612159cfd93173a57bbca98fecb50fa6f3ab97d28?s=96&d=mm&r=g\",\"contentUrl\":\"https:\\\/\\\/secure.gravatar.com\\\/avatar\\\/41ad0fab4bb3bf5348b0af9612159cfd93173a57bbca98fecb50fa6f3ab97d28?s=96&d=mm&r=g\",\"caption\":\"adminpcb\"},\"url\":\"https:\\\/\\\/www.pcb.ub.edu\\\/es\\\/author\\\/adminpcb\\\/\"}]}<\/script>\n<!-- \/ Yoast SEO plugin. -->","yoast_head_json":{"title":"Kelly Arrontes vuelve a fusionar arte y ciencia en el Parc Cient\u00edfic de Barcelona - Parc Cient\u00edfic de Barcelona","robots":{"index":"index","follow":"follow","max-snippet":"max-snippet:-1","max-image-preview":"max-image-preview:large","max-video-preview":"max-video-preview:-1"},"canonical":"https:\/\/www.pcb.ub.edu\/es\/kelly-arrontes-vuelve-a-fusionar-arte-y-ciencia-en-el-parc-cientific-de-barcelona\/","og_locale":"es_ES","og_type":"article","og_title":"Kelly Arrontes vuelve a fusionar arte y ciencia en el Parc Cient\u00edfic de Barcelona - Parc Cient\u00edfic de Barcelona","og_description":"Ayer se inaugur\u00f3 en el Parc Cient\u00edfic de Barcelona (PCB) la obra \"El origen de la vida\" de la pintora Kelly Arrontes. El acto, presidido por el rector de la Universidad de Barcelona, Joan Elias, congreg\u00f3 a un centenar de personas y destacados representantes del mundo acad\u00e9mico, cient\u00edfico, cultural y del Tercer Sector Social. \u00a0","og_url":"https:\/\/www.pcb.ub.edu\/es\/kelly-arrontes-vuelve-a-fusionar-arte-y-ciencia-en-el-parc-cientific-de-barcelona\/","og_site_name":"Parc Cient\u00edfic de Barcelona","article_published_time":"2019-02-26T23:00:00+00:00","article_modified_time":"2020-11-16T15:21:48+00:00","og_image":[{"width":1024,"height":768,"url":"https:\/\/www.pcb.ub.edu\/wp-content\/uploads\/2019\/02\/16049221385fa92b1aecc1e.jpeg","type":"image\/jpeg"}],"author":"adminpcb","twitter_card":"summary_large_image","twitter_misc":{"Escrito por":"adminpcb","Tiempo de lectura":"3 minutos"},"schema":{"@context":"https:\/\/schema.org","@graph":[{"@type":"Article","@id":"https:\/\/www.pcb.ub.edu\/es\/kelly-arrontes-vuelve-a-fusionar-arte-y-ciencia-en-el-parc-cientific-de-barcelona\/#article","isPartOf":{"@id":"https:\/\/www.pcb.ub.edu\/es\/kelly-arrontes-vuelve-a-fusionar-arte-y-ciencia-en-el-parc-cientific-de-barcelona\/"},"author":{"name":"adminpcb","@id":"https:\/\/www.pcb.ub.edu\/es\/#\/schema\/person\/d13cab05cd0a75b17fddca8496481021"},"headline":"Kelly Arrontes vuelve a fusionar arte y ciencia en el Parc Cient\u00edfic de Barcelona","datePublished":"2019-02-26T23:00:00+00:00","dateModified":"2020-11-16T15:21:48+00:00","mainEntityOfPage":{"@id":"https:\/\/www.pcb.ub.edu\/es\/kelly-arrontes-vuelve-a-fusionar-arte-y-ciencia-en-el-parc-cientific-de-barcelona\/"},"wordCount":564,"image":{"@id":"https:\/\/www.pcb.ub.edu\/es\/kelly-arrontes-vuelve-a-fusionar-arte-y-ciencia-en-el-parc-cientific-de-barcelona\/#primaryimage"},"thumbnailUrl":"https:\/\/www.pcb.ub.edu\/wp-content\/uploads\/2019\/02\/16049221385fa92b1aecc1e.jpeg","articleSection":["Sin categorizar"],"inLanguage":"es"},{"@type":"WebPage","@id":"https:\/\/www.pcb.ub.edu\/es\/kelly-arrontes-vuelve-a-fusionar-arte-y-ciencia-en-el-parc-cientific-de-barcelona\/","url":"https:\/\/www.pcb.ub.edu\/es\/kelly-arrontes-vuelve-a-fusionar-arte-y-ciencia-en-el-parc-cientific-de-barcelona\/","name":"Kelly Arrontes vuelve a fusionar arte y ciencia en el Parc Cient\u00edfic de Barcelona - Parc Cient\u00edfic de Barcelona","isPartOf":{"@id":"https:\/\/www.pcb.ub.edu\/es\/#website"},"primaryImageOfPage":{"@id":"https:\/\/www.pcb.ub.edu\/es\/kelly-arrontes-vuelve-a-fusionar-arte-y-ciencia-en-el-parc-cientific-de-barcelona\/#primaryimage"},"image":{"@id":"https:\/\/www.pcb.ub.edu\/es\/kelly-arrontes-vuelve-a-fusionar-arte-y-ciencia-en-el-parc-cientific-de-barcelona\/#primaryimage"},"thumbnailUrl":"https:\/\/www.pcb.ub.edu\/wp-content\/uploads\/2019\/02\/16049221385fa92b1aecc1e.jpeg","datePublished":"2019-02-26T23:00:00+00:00","dateModified":"2020-11-16T15:21:48+00:00","author":{"@id":"https:\/\/www.pcb.ub.edu\/es\/#\/schema\/person\/d13cab05cd0a75b17fddca8496481021"},"breadcrumb":{"@id":"https:\/\/www.pcb.ub.edu\/es\/kelly-arrontes-vuelve-a-fusionar-arte-y-ciencia-en-el-parc-cientific-de-barcelona\/#breadcrumb"},"inLanguage":"es","potentialAction":[{"@type":"ReadAction","target":["https:\/\/www.pcb.ub.edu\/es\/kelly-arrontes-vuelve-a-fusionar-arte-y-ciencia-en-el-parc-cientific-de-barcelona\/"]}]},{"@type":"ImageObject","inLanguage":"es","@id":"https:\/\/www.pcb.ub.edu\/es\/kelly-arrontes-vuelve-a-fusionar-arte-y-ciencia-en-el-parc-cientific-de-barcelona\/#primaryimage","url":"https:\/\/www.pcb.ub.edu\/wp-content\/uploads\/2019\/02\/16049221385fa92b1aecc1e.jpeg","contentUrl":"https:\/\/www.pcb.ub.edu\/wp-content\/uploads\/2019\/02\/16049221385fa92b1aecc1e.jpeg","width":1024,"height":768},{"@type":"BreadcrumbList","@id":"https:\/\/www.pcb.ub.edu\/es\/kelly-arrontes-vuelve-a-fusionar-arte-y-ciencia-en-el-parc-cientific-de-barcelona\/#breadcrumb","itemListElement":[{"@type":"ListItem","position":1,"name":"Home","item":"https:\/\/www.pcb.ub.edu\/es\/"},{"@type":"ListItem","position":2,"name":"Kelly Arrontes vuelve a fusionar arte y ciencia en el Parc Cient\u00edfic de Barcelona"}]},{"@type":"WebSite","@id":"https:\/\/www.pcb.ub.edu\/es\/#website","url":"https:\/\/www.pcb.ub.edu\/es\/","name":"Parc Cient\u00edfic de Barcelona","description":"Universitat de Barcelona","potentialAction":[{"@type":"SearchAction","target":{"@type":"EntryPoint","urlTemplate":"https:\/\/www.pcb.ub.edu\/es\/?s={search_term_string}"},"query-input":{"@type":"PropertyValueSpecification","valueRequired":true,"valueName":"search_term_string"}}],"inLanguage":"es"},{"@type":"Person","@id":"https:\/\/www.pcb.ub.edu\/es\/#\/schema\/person\/d13cab05cd0a75b17fddca8496481021","name":"adminpcb","image":{"@type":"ImageObject","inLanguage":"es","@id":"https:\/\/secure.gravatar.com\/avatar\/41ad0fab4bb3bf5348b0af9612159cfd93173a57bbca98fecb50fa6f3ab97d28?s=96&d=mm&r=g","url":"https:\/\/secure.gravatar.com\/avatar\/41ad0fab4bb3bf5348b0af9612159cfd93173a57bbca98fecb50fa6f3ab97d28?s=96&d=mm&r=g","contentUrl":"https:\/\/secure.gravatar.com\/avatar\/41ad0fab4bb3bf5348b0af9612159cfd93173a57bbca98fecb50fa6f3ab97d28?s=96&d=mm&r=g","caption":"adminpcb"},"url":"https:\/\/www.pcb.ub.edu\/es\/author\/adminpcb\/"}]}},"_links":{"self":[{"href":"https:\/\/www.pcb.ub.edu\/es\/wp-json\/wp\/v2\/posts\/38882","targetHints":{"allow":["GET"]}}],"collection":[{"href":"https:\/\/www.pcb.ub.edu\/es\/wp-json\/wp\/v2\/posts"}],"about":[{"href":"https:\/\/www.pcb.ub.edu\/es\/wp-json\/wp\/v2\/types\/post"}],"author":[{"embeddable":true,"href":"https:\/\/www.pcb.ub.edu\/es\/wp-json\/wp\/v2\/users\/1"}],"replies":[{"embeddable":true,"href":"https:\/\/www.pcb.ub.edu\/es\/wp-json\/wp\/v2\/comments?post=38882"}],"version-history":[{"count":1,"href":"https:\/\/www.pcb.ub.edu\/es\/wp-json\/wp\/v2\/posts\/38882\/revisions"}],"predecessor-version":[{"id":44986,"href":"https:\/\/www.pcb.ub.edu\/es\/wp-json\/wp\/v2\/posts\/38882\/revisions\/44986"}],"wp:featuredmedia":[{"embeddable":true,"href":"https:\/\/www.pcb.ub.edu\/es\/wp-json\/wp\/v2\/media\/26007"}],"wp:attachment":[{"href":"https:\/\/www.pcb.ub.edu\/es\/wp-json\/wp\/v2\/media?parent=38882"}],"wp:term":[{"taxonomy":"category","embeddable":true,"href":"https:\/\/www.pcb.ub.edu\/es\/wp-json\/wp\/v2\/categories?post=38882"},{"taxonomy":"post_tag","embeddable":true,"href":"https:\/\/www.pcb.ub.edu\/es\/wp-json\/wp\/v2\/tags?post=38882"}],"curies":[{"name":"wp","href":"https:\/\/api.w.org\/{rel}","templated":true}]}}