{"id":38876,"date":"2020-07-22T00:00:00","date_gmt":"2020-07-21T23:00:00","guid":{"rendered":"http:\/\/www.pcb.ub.edu\/\/josep-samitier-distinguido-con-la-medalla-narcis-monturiol-por-su-contribucion-al-sistema-catalan-de-ciencia-y-tecnologia\/"},"modified":"2020-11-18T14:12:20","modified_gmt":"2020-11-18T13:12:20","slug":"josep-samitier-distinguido-con-la-medalla-narcis-monturiol-por-su-contribucion-al-sistema-catalan-de-ciencia-y-tecnologia","status":"publish","type":"post","link":"https:\/\/www.pcb.ub.edu\/es\/josep-samitier-distinguido-con-la-medalla-narcis-monturiol-por-su-contribucion-al-sistema-catalan-de-ciencia-y-tecnologia\/","title":{"rendered":"Josep Samitier, distinguido con la medalla Narc\u00eds Monturiol por su contribuci\u00f3n al sistema catal\u00e1n de ciencia y tecnolog\u00eda"},"content":{"rendered":"<p>El Gobierno aprob\u00f3 ayer la concesi\u00f3n de la Medalla Narc\u00eds Monturiol al m\u00e9rito cient\u00edfico y tecnol\u00f3gico a Josep Samitier Mart\u00ed, director del IBEC, catedr\u00e1tico del Departamento de Ingenier\u00eda Electr\u00f3nica y Biom\u00e9dica de la Universidad de Barcelona (<a href=\"https:\/\/www.ub.edu\/web\/portal\/es\/\" target=\"_blank\" rel=\"noopener noreferrer\">UB<\/a>) y Presidente de la Asociaci\u00f3n Catalana de Entidades de Investigaci\u00f3n (<a href=\"https:\/\/www.acer-catalunya.org\/?lang=es\" target=\"_blank\" rel=\"noopener noreferrer\">ACER<\/a>).<\/p>\n<p>El Dr. Samitier es impulsor de la nanobioingenier\u00eda a trav\u00e9s del grupo de investigaci\u00f3n que lidera en el IBEC, que se focaliza en aplicar la nanotecnolog\u00eda para desarrollar nuevos sistemas y dispositivos biom\u00e9dicos, principalmente con fines diagn\u00f3sticos, y dispositivos microflu\u00eddicos integrados de \u00f3rgano-en-un-chip, para estudiar enfermedades y para el cribado de f\u00e1rmacos. Actualmente, es el coordinador de la Plataforma Espa\u00f1ola de Nanomedicina (<a href=\"https:\/\/nanomedspain.net\/\" target=\"_blank\" rel=\"noopener noreferrer\">NANOMED Spain<\/a>) y tambi\u00e9n es miembro del Instituto de Estudios Catalanes (<a href=\"https:\/\/www.iec.cat\/activitats\/entrada.asp\" target=\"_blank\" rel=\"noopener noreferrer\">IEC<\/a>).<\/p>\n<p>Josep Samitier fue miembro fundador del European Institute of Innovation &amp; Technology in Health (<a href=\"https:\/\/eithealth.eu\/in-your-region\/spain\/\" target=\"_blank\" rel=\"noopener noreferrer\">EIT Health<\/a>).Tambi\u00e9n fue co-director del Centro de Ingenier\u00eda de Microsistemas (CEMIC) de la Red de Innovaci\u00f3n Tecnol\u00f3gica (XiT). Durante cuatro a\u00f1os ejerci\u00f3 de subdirector del Parc Cient\u00edfic de Barcelona.<\/p>\n<p>En el \u00e1mbito acad\u00e9mico, adem\u00e1s de ser catedr\u00e1tico del Departamento de Ingenier\u00eda Electr\u00f3nica y Biom\u00e9dica de la Universidad de Barcelona (UB), ha sido vicerrector de Pol\u00edtica Internacional y de Innovaci\u00f3n, as\u00ed como de Programas Internacionales de Investigaci\u00f3n, y rector en funciones, de la misma universidad.<\/p>\n<p>En 2003 recibi\u00f3 el Premio Ciudad de Barcelona en la categor\u00eda de innovaci\u00f3n tecnol\u00f3gica.<\/p>\n<p><strong><span style=\"font-size: 16px;\">Doce personalidades y una entidad galardonadas en esta edici\u00f3n<\/span><\/strong><\/p>\n<p>Las Medallas y la Placa Narc\u00eds Monturiol son unos reconocimientos, instituidos por la Generalitat de Catalu\u00f1a en1982, que distinguen a las persones y entidades por su contribuci\u00f3n destacada al desarrollo de la ciencia y la tecnolog\u00eda a Catalu\u00f1a.<\/p>\n<p>En <a href=\"https:\/\/govern.cat\/salapremsa\/notes-premsa\/386753\/govern-distingeix-licfo-deu-investigadors-del-sistema-coneixement-catalunya-seva-contribucio-al-desenvolupament-ciencia-tecnologia\" target=\"_blank\" rel=\"noopener noreferrer\">esta edici\u00f3n<\/a> las persones que recibir\u00e1n la Medalla Narc\u00eds Monturiol al m\u00e9rito cient\u00edfico y tecnol\u00f3gico son: Ramon Brugada i Terradellas, Paul Christou, M. Teresa Espinal i Farr\u00e9, Manel Esteller Badosa, Pilar Garcia Almirall, Paloma Mas, Victoria Reyes Garc\u00eda, Jordi Salas-Salvad\u00f3, Josep Samitier y Mart\u00ed i Sebasti\u00e0 Xamb\u00f3 Descamps.<\/p>\n<p>La entidad distinguida con la Placa Narc\u00eds Monturiol es el Instituto de Ciencias Fot\u00f3nicas (ICFO).<\/p>\n<p>Con la resoluci\u00f3n aprobada hoy, el Gobierno ha otorgado un total de 291 Medallas Narc\u00eds Monturiol (227 hombres y 64 mujeres), mientras que las instituciones galardonadas con la Placa Narc\u00eds Monturiol han sido cuarenta y seis. Las personas y las instituciones galardonadas abarcan todos los \u00e1mbitos del conocimiento, desde las ciencias de la vida y de la salud hasta las humanidades y las ciencias sociales, pasando por la arquitectura, la ingenier\u00eda y dem\u00e1s ciencias. Como el a\u00f1o pasado, cuando las medallas se entregaron a ocho mujeres y once hombres, este 2020 se contin\u00faa avanzando en el camino hacia el equilibrio de g\u00e9nero del sistema catal\u00e1n de I+D, integrado en m\u00e1s de un 42% por mujeres.<\/p>\n","protected":false},"excerpt":{"rendered":"<p>El Gobierno de la Generalitat de Catalu\u00f1a aprob\u00f3 ayer la concesi\u00f3n de la <a href=\"http:\/\/universitatsirecerca.gencat.cat\/ca\/01_secretaria_duniversitats_i_recerca\/premis_i_reconeixements\/guardons_narcis_monturiol\/index.html\" target=\"_blank\" rel=\"noopener noreferrer\">Medalla Narc\u00eds Monturiol<\/a> al m\u00e9rito cient\u00edfico y tecnol\u00f3gico a Josep Samitier, director del Instituto de Bioingenier\u00eda de Catalu\u00f1a (<a href=\"http:\/\/www.pcb.ub.edu\/portal\/es\/cerca?p_p_id=cercador_WAR_empleatsempresesportlet&amp;p_p_lifecycle=0&amp;p_p_state=maximized&amp;p_p_mode=view&amp;p_p_col_id=column-1&amp;p_p_col_count=1&amp;_cercador_WAR_empleatsempresesportlet_jspPage=%2Fhtml%2Fcommon%2Fdetall-empresa.jsp&amp;_cercador_WAR_empleatsempresesportlet_empresaId=ENT_000134&amp;_cercador_WAR_empleatsempresesportlet_redirect=%2Fportal%2Fen%2Fcerca%3Fp_p_id%3Dcercador_WAR_empleatsempresesportlet%26p_p_lifecycle%3D0%26p_p_mode%3Dview%26_cercador_WAR_empleatsempresesportlet_keywords%3Dibec%26_cercador_WAR_empleatsempresesportlet_tab%3D1\" target=\"_blank\" rel=\"noopener noreferrer\">IBEC<\/a>), con sede en el Parc Cient\u00edfic de Barcelona, por su contribuci\u00f3n al desarrollo del sistema catal\u00e1n de conocimiento e innovaci\u00f3n.<\/p>\n<p>\u00a0<\/p>\n","protected":false},"author":1,"featured_media":25986,"comment_status":"closed","ping_status":"open","sticky":false,"template":"","format":"standard","meta":{"_acf_changed":false,"inline_featured_image":false,"footnotes":""},"categories":[24],"tags":[],"class_list":["post-38876","post","type-post","status-publish","format-standard","has-post-thumbnail","category-ciencia"],"acf":[],"yoast_head":"<!-- This site is optimized with the Yoast SEO plugin v27.3 - https:\/\/yoast.com\/product\/yoast-seo-wordpress\/ -->\n<title>Josep Samitier, distinguido con la medalla Narc\u00eds Monturiol por su contribuci\u00f3n al sistema catal\u00e1n de ciencia y tecnolog\u00eda - Parc Cient\u00edfic de Barcelona<\/title>\n<meta name=\"robots\" content=\"index, follow, max-snippet:-1, max-image-preview:large, max-video-preview:-1\" \/>\n<link rel=\"canonical\" href=\"https:\/\/www.pcb.ub.edu\/es\/josep-samitier-distinguido-con-la-medalla-narcis-monturiol-por-su-contribucion-al-sistema-catalan-de-ciencia-y-tecnologia\/\" \/>\n<meta property=\"og:locale\" content=\"es_ES\" \/>\n<meta property=\"og:type\" content=\"article\" \/>\n<meta property=\"og:title\" content=\"Josep Samitier, distinguido con la medalla Narc\u00eds Monturiol por su contribuci\u00f3n al sistema catal\u00e1n de ciencia y tecnolog\u00eda - Parc Cient\u00edfic de Barcelona\" \/>\n<meta property=\"og:description\" content=\"El Gobierno de la Generalitat de Catalu\u00f1a aprob\u00f3 ayer la concesi\u00f3n de la Medalla Narc\u00eds Monturiol al m\u00e9rito cient\u00edfico y tecnol\u00f3gico a Josep Samitier, director del Instituto de Bioingenier\u00eda de Catalu\u00f1a (IBEC), con sede en el Parc Cient\u00edfic de Barcelona, por su contribuci\u00f3n al desarrollo del sistema catal\u00e1n de conocimiento e innovaci\u00f3n.  \u00a0\" \/>\n<meta property=\"og:url\" content=\"https:\/\/www.pcb.ub.edu\/es\/josep-samitier-distinguido-con-la-medalla-narcis-monturiol-por-su-contribucion-al-sistema-catalan-de-ciencia-y-tecnologia\/\" \/>\n<meta property=\"og:site_name\" content=\"Parc Cient\u00edfic de Barcelona\" \/>\n<meta property=\"article:published_time\" content=\"2020-07-21T23:00:00+00:00\" \/>\n<meta property=\"article:modified_time\" content=\"2020-11-18T13:12:20+00:00\" \/>\n<meta property=\"og:image\" content=\"https:\/\/www.pcb.ub.edu\/wp-content\/uploads\/2020\/07\/16049221295fa92b11e6d99.jpeg\" \/>\n\t<meta property=\"og:image:width\" content=\"500\" \/>\n\t<meta property=\"og:image:height\" content=\"333\" \/>\n\t<meta property=\"og:image:type\" content=\"image\/jpeg\" \/>\n<meta name=\"author\" content=\"adminpcb\" \/>\n<meta name=\"twitter:card\" content=\"summary_large_image\" \/>\n<meta name=\"twitter:label1\" content=\"Escrito por\" \/>\n\t<meta name=\"twitter:data1\" content=\"adminpcb\" \/>\n\t<meta name=\"twitter:label2\" content=\"Tiempo de lectura\" \/>\n\t<meta name=\"twitter:data2\" content=\"3 minutos\" \/>\n<script type=\"application\/ld+json\" class=\"yoast-schema-graph\">{\"@context\":\"https:\\\/\\\/schema.org\",\"@graph\":[{\"@type\":\"Article\",\"@id\":\"https:\\\/\\\/www.pcb.ub.edu\\\/es\\\/josep-samitier-distinguido-con-la-medalla-narcis-monturiol-por-su-contribucion-al-sistema-catalan-de-ciencia-y-tecnologia\\\/#article\",\"isPartOf\":{\"@id\":\"https:\\\/\\\/www.pcb.ub.edu\\\/es\\\/josep-samitier-distinguido-con-la-medalla-narcis-monturiol-por-su-contribucion-al-sistema-catalan-de-ciencia-y-tecnologia\\\/\"},\"author\":{\"name\":\"adminpcb\",\"@id\":\"https:\\\/\\\/www.pcb.ub.edu\\\/es\\\/#\\\/schema\\\/person\\\/d13cab05cd0a75b17fddca8496481021\"},\"headline\":\"Josep Samitier, distinguido con la medalla Narc\u00eds Monturiol por su contribuci\u00f3n al sistema catal\u00e1n de ciencia y tecnolog\u00eda\",\"datePublished\":\"2020-07-21T23:00:00+00:00\",\"dateModified\":\"2020-11-18T13:12:20+00:00\",\"mainEntityOfPage\":{\"@id\":\"https:\\\/\\\/www.pcb.ub.edu\\\/es\\\/josep-samitier-distinguido-con-la-medalla-narcis-monturiol-por-su-contribucion-al-sistema-catalan-de-ciencia-y-tecnologia\\\/\"},\"wordCount\":532,\"image\":{\"@id\":\"https:\\\/\\\/www.pcb.ub.edu\\\/es\\\/josep-samitier-distinguido-con-la-medalla-narcis-monturiol-por-su-contribucion-al-sistema-catalan-de-ciencia-y-tecnologia\\\/#primaryimage\"},\"thumbnailUrl\":\"https:\\\/\\\/www.pcb.ub.edu\\\/wp-content\\\/uploads\\\/2020\\\/07\\\/16049221295fa92b11e6d99.jpeg\",\"articleSection\":[\"CIENCIA\"],\"inLanguage\":\"es\"},{\"@type\":\"WebPage\",\"@id\":\"https:\\\/\\\/www.pcb.ub.edu\\\/es\\\/josep-samitier-distinguido-con-la-medalla-narcis-monturiol-por-su-contribucion-al-sistema-catalan-de-ciencia-y-tecnologia\\\/\",\"url\":\"https:\\\/\\\/www.pcb.ub.edu\\\/es\\\/josep-samitier-distinguido-con-la-medalla-narcis-monturiol-por-su-contribucion-al-sistema-catalan-de-ciencia-y-tecnologia\\\/\",\"name\":\"Josep Samitier, distinguido con la medalla Narc\u00eds Monturiol por su contribuci\u00f3n al sistema catal\u00e1n de ciencia y tecnolog\u00eda - Parc Cient\u00edfic de Barcelona\",\"isPartOf\":{\"@id\":\"https:\\\/\\\/www.pcb.ub.edu\\\/es\\\/#website\"},\"primaryImageOfPage\":{\"@id\":\"https:\\\/\\\/www.pcb.ub.edu\\\/es\\\/josep-samitier-distinguido-con-la-medalla-narcis-monturiol-por-su-contribucion-al-sistema-catalan-de-ciencia-y-tecnologia\\\/#primaryimage\"},\"image\":{\"@id\":\"https:\\\/\\\/www.pcb.ub.edu\\\/es\\\/josep-samitier-distinguido-con-la-medalla-narcis-monturiol-por-su-contribucion-al-sistema-catalan-de-ciencia-y-tecnologia\\\/#primaryimage\"},\"thumbnailUrl\":\"https:\\\/\\\/www.pcb.ub.edu\\\/wp-content\\\/uploads\\\/2020\\\/07\\\/16049221295fa92b11e6d99.jpeg\",\"datePublished\":\"2020-07-21T23:00:00+00:00\",\"dateModified\":\"2020-11-18T13:12:20+00:00\",\"author\":{\"@id\":\"https:\\\/\\\/www.pcb.ub.edu\\\/es\\\/#\\\/schema\\\/person\\\/d13cab05cd0a75b17fddca8496481021\"},\"breadcrumb\":{\"@id\":\"https:\\\/\\\/www.pcb.ub.edu\\\/es\\\/josep-samitier-distinguido-con-la-medalla-narcis-monturiol-por-su-contribucion-al-sistema-catalan-de-ciencia-y-tecnologia\\\/#breadcrumb\"},\"inLanguage\":\"es\",\"potentialAction\":[{\"@type\":\"ReadAction\",\"target\":[\"https:\\\/\\\/www.pcb.ub.edu\\\/es\\\/josep-samitier-distinguido-con-la-medalla-narcis-monturiol-por-su-contribucion-al-sistema-catalan-de-ciencia-y-tecnologia\\\/\"]}]},{\"@type\":\"ImageObject\",\"inLanguage\":\"es\",\"@id\":\"https:\\\/\\\/www.pcb.ub.edu\\\/es\\\/josep-samitier-distinguido-con-la-medalla-narcis-monturiol-por-su-contribucion-al-sistema-catalan-de-ciencia-y-tecnologia\\\/#primaryimage\",\"url\":\"https:\\\/\\\/www.pcb.ub.edu\\\/wp-content\\\/uploads\\\/2020\\\/07\\\/16049221295fa92b11e6d99.jpeg\",\"contentUrl\":\"https:\\\/\\\/www.pcb.ub.edu\\\/wp-content\\\/uploads\\\/2020\\\/07\\\/16049221295fa92b11e6d99.jpeg\",\"width\":500,\"height\":333},{\"@type\":\"BreadcrumbList\",\"@id\":\"https:\\\/\\\/www.pcb.ub.edu\\\/es\\\/josep-samitier-distinguido-con-la-medalla-narcis-monturiol-por-su-contribucion-al-sistema-catalan-de-ciencia-y-tecnologia\\\/#breadcrumb\",\"itemListElement\":[{\"@type\":\"ListItem\",\"position\":1,\"name\":\"Home\",\"item\":\"https:\\\/\\\/www.pcb.ub.edu\\\/es\\\/\"},{\"@type\":\"ListItem\",\"position\":2,\"name\":\"Josep Samitier, distinguido con la medalla Narc\u00eds Monturiol por su contribuci\u00f3n al sistema catal\u00e1n de ciencia y tecnolog\u00eda\"}]},{\"@type\":\"WebSite\",\"@id\":\"https:\\\/\\\/www.pcb.ub.edu\\\/es\\\/#website\",\"url\":\"https:\\\/\\\/www.pcb.ub.edu\\\/es\\\/\",\"name\":\"Parc Cient\u00edfic de Barcelona\",\"description\":\"Universitat de Barcelona\",\"potentialAction\":[{\"@type\":\"SearchAction\",\"target\":{\"@type\":\"EntryPoint\",\"urlTemplate\":\"https:\\\/\\\/www.pcb.ub.edu\\\/es\\\/?s={search_term_string}\"},\"query-input\":{\"@type\":\"PropertyValueSpecification\",\"valueRequired\":true,\"valueName\":\"search_term_string\"}}],\"inLanguage\":\"es\"},{\"@type\":\"Person\",\"@id\":\"https:\\\/\\\/www.pcb.ub.edu\\\/es\\\/#\\\/schema\\\/person\\\/d13cab05cd0a75b17fddca8496481021\",\"name\":\"adminpcb\",\"image\":{\"@type\":\"ImageObject\",\"inLanguage\":\"es\",\"@id\":\"https:\\\/\\\/secure.gravatar.com\\\/avatar\\\/41ad0fab4bb3bf5348b0af9612159cfd93173a57bbca98fecb50fa6f3ab97d28?s=96&d=mm&r=g\",\"url\":\"https:\\\/\\\/secure.gravatar.com\\\/avatar\\\/41ad0fab4bb3bf5348b0af9612159cfd93173a57bbca98fecb50fa6f3ab97d28?s=96&d=mm&r=g\",\"contentUrl\":\"https:\\\/\\\/secure.gravatar.com\\\/avatar\\\/41ad0fab4bb3bf5348b0af9612159cfd93173a57bbca98fecb50fa6f3ab97d28?s=96&d=mm&r=g\",\"caption\":\"adminpcb\"},\"url\":\"https:\\\/\\\/www.pcb.ub.edu\\\/es\\\/author\\\/adminpcb\\\/\"}]}<\/script>\n<!-- \/ Yoast SEO plugin. -->","yoast_head_json":{"title":"Josep Samitier, distinguido con la medalla Narc\u00eds Monturiol por su contribuci\u00f3n al sistema catal\u00e1n de ciencia y tecnolog\u00eda - Parc Cient\u00edfic de Barcelona","robots":{"index":"index","follow":"follow","max-snippet":"max-snippet:-1","max-image-preview":"max-image-preview:large","max-video-preview":"max-video-preview:-1"},"canonical":"https:\/\/www.pcb.ub.edu\/es\/josep-samitier-distinguido-con-la-medalla-narcis-monturiol-por-su-contribucion-al-sistema-catalan-de-ciencia-y-tecnologia\/","og_locale":"es_ES","og_type":"article","og_title":"Josep Samitier, distinguido con la medalla Narc\u00eds Monturiol por su contribuci\u00f3n al sistema catal\u00e1n de ciencia y tecnolog\u00eda - Parc Cient\u00edfic de Barcelona","og_description":"El Gobierno de la Generalitat de Catalu\u00f1a aprob\u00f3 ayer la concesi\u00f3n de la Medalla Narc\u00eds Monturiol al m\u00e9rito cient\u00edfico y tecnol\u00f3gico a Josep Samitier, director del Instituto de Bioingenier\u00eda de Catalu\u00f1a (IBEC), con sede en el Parc Cient\u00edfic de Barcelona, por su contribuci\u00f3n al desarrollo del sistema catal\u00e1n de conocimiento e innovaci\u00f3n.  \u00a0","og_url":"https:\/\/www.pcb.ub.edu\/es\/josep-samitier-distinguido-con-la-medalla-narcis-monturiol-por-su-contribucion-al-sistema-catalan-de-ciencia-y-tecnologia\/","og_site_name":"Parc Cient\u00edfic de Barcelona","article_published_time":"2020-07-21T23:00:00+00:00","article_modified_time":"2020-11-18T13:12:20+00:00","og_image":[{"width":500,"height":333,"url":"https:\/\/www.pcb.ub.edu\/wp-content\/uploads\/2020\/07\/16049221295fa92b11e6d99.jpeg","type":"image\/jpeg"}],"author":"adminpcb","twitter_card":"summary_large_image","twitter_misc":{"Escrito por":"adminpcb","Tiempo de lectura":"3 minutos"},"schema":{"@context":"https:\/\/schema.org","@graph":[{"@type":"Article","@id":"https:\/\/www.pcb.ub.edu\/es\/josep-samitier-distinguido-con-la-medalla-narcis-monturiol-por-su-contribucion-al-sistema-catalan-de-ciencia-y-tecnologia\/#article","isPartOf":{"@id":"https:\/\/www.pcb.ub.edu\/es\/josep-samitier-distinguido-con-la-medalla-narcis-monturiol-por-su-contribucion-al-sistema-catalan-de-ciencia-y-tecnologia\/"},"author":{"name":"adminpcb","@id":"https:\/\/www.pcb.ub.edu\/es\/#\/schema\/person\/d13cab05cd0a75b17fddca8496481021"},"headline":"Josep Samitier, distinguido con la medalla Narc\u00eds Monturiol por su contribuci\u00f3n al sistema catal\u00e1n de ciencia y tecnolog\u00eda","datePublished":"2020-07-21T23:00:00+00:00","dateModified":"2020-11-18T13:12:20+00:00","mainEntityOfPage":{"@id":"https:\/\/www.pcb.ub.edu\/es\/josep-samitier-distinguido-con-la-medalla-narcis-monturiol-por-su-contribucion-al-sistema-catalan-de-ciencia-y-tecnologia\/"},"wordCount":532,"image":{"@id":"https:\/\/www.pcb.ub.edu\/es\/josep-samitier-distinguido-con-la-medalla-narcis-monturiol-por-su-contribucion-al-sistema-catalan-de-ciencia-y-tecnologia\/#primaryimage"},"thumbnailUrl":"https:\/\/www.pcb.ub.edu\/wp-content\/uploads\/2020\/07\/16049221295fa92b11e6d99.jpeg","articleSection":["CIENCIA"],"inLanguage":"es"},{"@type":"WebPage","@id":"https:\/\/www.pcb.ub.edu\/es\/josep-samitier-distinguido-con-la-medalla-narcis-monturiol-por-su-contribucion-al-sistema-catalan-de-ciencia-y-tecnologia\/","url":"https:\/\/www.pcb.ub.edu\/es\/josep-samitier-distinguido-con-la-medalla-narcis-monturiol-por-su-contribucion-al-sistema-catalan-de-ciencia-y-tecnologia\/","name":"Josep Samitier, distinguido con la medalla Narc\u00eds Monturiol por su contribuci\u00f3n al sistema catal\u00e1n de ciencia y tecnolog\u00eda - Parc Cient\u00edfic de Barcelona","isPartOf":{"@id":"https:\/\/www.pcb.ub.edu\/es\/#website"},"primaryImageOfPage":{"@id":"https:\/\/www.pcb.ub.edu\/es\/josep-samitier-distinguido-con-la-medalla-narcis-monturiol-por-su-contribucion-al-sistema-catalan-de-ciencia-y-tecnologia\/#primaryimage"},"image":{"@id":"https:\/\/www.pcb.ub.edu\/es\/josep-samitier-distinguido-con-la-medalla-narcis-monturiol-por-su-contribucion-al-sistema-catalan-de-ciencia-y-tecnologia\/#primaryimage"},"thumbnailUrl":"https:\/\/www.pcb.ub.edu\/wp-content\/uploads\/2020\/07\/16049221295fa92b11e6d99.jpeg","datePublished":"2020-07-21T23:00:00+00:00","dateModified":"2020-11-18T13:12:20+00:00","author":{"@id":"https:\/\/www.pcb.ub.edu\/es\/#\/schema\/person\/d13cab05cd0a75b17fddca8496481021"},"breadcrumb":{"@id":"https:\/\/www.pcb.ub.edu\/es\/josep-samitier-distinguido-con-la-medalla-narcis-monturiol-por-su-contribucion-al-sistema-catalan-de-ciencia-y-tecnologia\/#breadcrumb"},"inLanguage":"es","potentialAction":[{"@type":"ReadAction","target":["https:\/\/www.pcb.ub.edu\/es\/josep-samitier-distinguido-con-la-medalla-narcis-monturiol-por-su-contribucion-al-sistema-catalan-de-ciencia-y-tecnologia\/"]}]},{"@type":"ImageObject","inLanguage":"es","@id":"https:\/\/www.pcb.ub.edu\/es\/josep-samitier-distinguido-con-la-medalla-narcis-monturiol-por-su-contribucion-al-sistema-catalan-de-ciencia-y-tecnologia\/#primaryimage","url":"https:\/\/www.pcb.ub.edu\/wp-content\/uploads\/2020\/07\/16049221295fa92b11e6d99.jpeg","contentUrl":"https:\/\/www.pcb.ub.edu\/wp-content\/uploads\/2020\/07\/16049221295fa92b11e6d99.jpeg","width":500,"height":333},{"@type":"BreadcrumbList","@id":"https:\/\/www.pcb.ub.edu\/es\/josep-samitier-distinguido-con-la-medalla-narcis-monturiol-por-su-contribucion-al-sistema-catalan-de-ciencia-y-tecnologia\/#breadcrumb","itemListElement":[{"@type":"ListItem","position":1,"name":"Home","item":"https:\/\/www.pcb.ub.edu\/es\/"},{"@type":"ListItem","position":2,"name":"Josep Samitier, distinguido con la medalla Narc\u00eds Monturiol por su contribuci\u00f3n al sistema catal\u00e1n de ciencia y tecnolog\u00eda"}]},{"@type":"WebSite","@id":"https:\/\/www.pcb.ub.edu\/es\/#website","url":"https:\/\/www.pcb.ub.edu\/es\/","name":"Parc Cient\u00edfic de Barcelona","description":"Universitat de Barcelona","potentialAction":[{"@type":"SearchAction","target":{"@type":"EntryPoint","urlTemplate":"https:\/\/www.pcb.ub.edu\/es\/?s={search_term_string}"},"query-input":{"@type":"PropertyValueSpecification","valueRequired":true,"valueName":"search_term_string"}}],"inLanguage":"es"},{"@type":"Person","@id":"https:\/\/www.pcb.ub.edu\/es\/#\/schema\/person\/d13cab05cd0a75b17fddca8496481021","name":"adminpcb","image":{"@type":"ImageObject","inLanguage":"es","@id":"https:\/\/secure.gravatar.com\/avatar\/41ad0fab4bb3bf5348b0af9612159cfd93173a57bbca98fecb50fa6f3ab97d28?s=96&d=mm&r=g","url":"https:\/\/secure.gravatar.com\/avatar\/41ad0fab4bb3bf5348b0af9612159cfd93173a57bbca98fecb50fa6f3ab97d28?s=96&d=mm&r=g","contentUrl":"https:\/\/secure.gravatar.com\/avatar\/41ad0fab4bb3bf5348b0af9612159cfd93173a57bbca98fecb50fa6f3ab97d28?s=96&d=mm&r=g","caption":"adminpcb"},"url":"https:\/\/www.pcb.ub.edu\/es\/author\/adminpcb\/"}]}},"_links":{"self":[{"href":"https:\/\/www.pcb.ub.edu\/es\/wp-json\/wp\/v2\/posts\/38876","targetHints":{"allow":["GET"]}}],"collection":[{"href":"https:\/\/www.pcb.ub.edu\/es\/wp-json\/wp\/v2\/posts"}],"about":[{"href":"https:\/\/www.pcb.ub.edu\/es\/wp-json\/wp\/v2\/types\/post"}],"author":[{"embeddable":true,"href":"https:\/\/www.pcb.ub.edu\/es\/wp-json\/wp\/v2\/users\/1"}],"replies":[{"embeddable":true,"href":"https:\/\/www.pcb.ub.edu\/es\/wp-json\/wp\/v2\/comments?post=38876"}],"version-history":[{"count":2,"href":"https:\/\/www.pcb.ub.edu\/es\/wp-json\/wp\/v2\/posts\/38876\/revisions"}],"predecessor-version":[{"id":50901,"href":"https:\/\/www.pcb.ub.edu\/es\/wp-json\/wp\/v2\/posts\/38876\/revisions\/50901"}],"wp:featuredmedia":[{"embeddable":true,"href":"https:\/\/www.pcb.ub.edu\/es\/wp-json\/wp\/v2\/media\/25986"}],"wp:attachment":[{"href":"https:\/\/www.pcb.ub.edu\/es\/wp-json\/wp\/v2\/media?parent=38876"}],"wp:term":[{"taxonomy":"category","embeddable":true,"href":"https:\/\/www.pcb.ub.edu\/es\/wp-json\/wp\/v2\/categories?post=38876"},{"taxonomy":"post_tag","embeddable":true,"href":"https:\/\/www.pcb.ub.edu\/es\/wp-json\/wp\/v2\/tags?post=38876"}],"curies":[{"name":"wp","href":"https:\/\/api.w.org\/{rel}","templated":true}]}}