{"id":38867,"date":"2015-06-05T00:00:00","date_gmt":"2015-06-04T23:00:00","guid":{"rendered":"http:\/\/www.pcb.ub.edu\/\/joan-guinovart-galardonado-en-los-ix-premios-gaudi-gresol\/"},"modified":"2020-11-16T16:21:45","modified_gmt":"2020-11-16T15:21:45","slug":"joan-guinovart-galardonado-en-los-ix-premios-gaudi-gresol","status":"publish","type":"post","link":"https:\/\/www.pcb.ub.edu\/es\/joan-guinovart-galardonado-en-los-ix-premios-gaudi-gresol\/","title":{"rendered":"Joan Guinovart, galardonado en los IX Premios Gaud\u00ed-Gresol"},"content":{"rendered":"<p>Joan J. Guinovart (Tarragona, 1947) es licenciado en Ciencias Qu\u00edmicas y doctor en Farmacia por la <a href=\"http:\/\/www.ub.edu\/web\/ub\/es\/index.html?\" target=\"_blank\" rel=\"noopener noreferrer\">Universidad de Barcelona <\/a>(UB). Es catedr\u00e1tico de Bioqu\u00edmica y Biolog\u00eda Molecular de la UB, fundador del IRB Barcelona, y director de este centro de investigaci\u00f3n desde octubre de 2005. Es acad\u00e9mico numerario de la Real Academia Nacional de Farmacia y de la Real Academia de Farmacia de Catalu\u00f1a, miembro del Instituto de Estudios Catalanes (IEC) y de la Academia Europaea. Ha recibido la Cruz de Sant Jordi y la Medalla Narc\u00eds Monturiol de la Generalitat de Catalu\u00f1a, el Premio Prat de la Riba del IEC y el Diploma de Honor de la Federaci\u00f3n Europea de Sociedades de Bioqu\u00edmica (FEBS), entre otras distinciones. La actividad investigadora del Dr. Guinovart est\u00e1 centrada en el metabolismo del gluc\u00f3geno, directamente relacionado con la diabetes y con patolog\u00edas neurodegenerativas como la enfermedad de Lafora.<\/p>\n<p>\n<strong>Una plataforma de reconocimiento al esfuerzo y\u00a0la\u00a0excelencia\u00a0<\/strong><\/p>\n<p>La Fundaci\u00f3n\u00a0Cresol naci\u00f3 como un espacio de intercambio de ideas para formar y reforzar los v\u00ednculos entre los empresarios del territorio. Actualment agrupa m\u00e1s de 150 miembros que representan las compa\u00f1\u00edas y organizaciones m\u00e1s importantes del territorio. Una de sus finalidades de la fundaci\u00f3n es impulsar el reconocimiento de personalidades y entidades de todo el mundo que hayan destacado por su notoriedad y excelencia en varios \u00e1mbitos. Por eso, el acto de entrega de los Premios Gaud\u00ed-Crisol se ha convertido en\u00a0una de\u00a0sus citas anuales de referencia.<\/p>\n<p>Los otros galardonados en esta novena edici\u00f3n son: V\u00edctor Gr\u00edfols, en Liderazgo Empresarial;\u00a0Rafael Moneo, en Arquitectura; Josep Maria Pozo, en Artes Esc\u00e9nicas; Josep Maria Mart\u00ed, en Periodismo; Elena Arzak, en Gastronom\u00eda; Maribel Verd\u00fa, en Cine; Xavier Bosch, en Literatura; Toni Alb\u00e0, en Televisi\u00f3n y Maria Isabel Correig, en la categor\u00eda de Solidaridad.<\/p>\n<p>Los donativos recaudados por\u00a0la cena posterior a la gala de entrega de los galardones se destinar\u00e1n al centro de acogida del Congo, \u2018FoyerElikya\u2019, que dirige la misionera reusense Maria Isabel Correig. El objetivo de est\u00e1 organizaci\u00f3n es ayudar ni\u00f1os y ni\u00f1as de tres a doce a\u00f1os que tienen dificultades para sobrevivir y les ofrece escolarizaci\u00f3n y asistencia m\u00e9dica.\u00a0<\/p>\n<p>El precio de la cena solidaria es de 55 euros. M\u00e1s informaci\u00f3n en la web del <a href=\"http:\/\/www.irbbarcelona.org\/es\/news\/joan-guinovart-galardonado-en-los-ix-premios-gaudi-gresol\" target=\"_blank\" rel=\"noopener noreferrer\">IRB Barcelona [+]<\/a><\/p>\n","protected":false},"excerpt":{"rendered":"<p>El pr\u00f3ximo jueves 11 de junio tendr\u00e1 lugar en el auditorio Antoni Gaud\u00ed de la Feria de Reus el acto de entrega de los\u00a0<a href=\"http:\/\/www.gresol.org\/index.php\/es\/gaudi-gresol\" target=\"_blank\" rel=\"noopener noreferrer\">IX\u00a0Premis Gaud\u00ed-Gresol<\/a>\u00a0a la Notoriedad y la Excelencia, promovidos por la <a href=\"http:\/\/www.gresol.org\/index.php\/es\/\" target=\"_blank\" rel=\"noopener noreferrer\">Fundaci\u00f3n Gresol<\/a>\u00a0y el\u00a0<a href=\"http:\/\/www.reus.cat\/\" target=\"_blank\" rel=\"noopener noreferrer\">Ajuntamiento de Reus<\/a> para distinguir a personas que han destacado por su trayectoria profesional y personal y sus m\u00e9ritos y dedicaci\u00f3n en varios \u00e1mbitos. Entre los 10 premiados se encuentra\u00a0Joan Guinovart, director del Instituto de Investigaci\u00f3n Biom\u00e9dica (IRB Barcelona), con sede en el Parc Cient\u00edfic\u00a0de Barcelona, que ha sido galardonado en la categor\u00eda de Ciencia.<\/p>\n","protected":false},"author":1,"featured_media":25950,"comment_status":"closed","ping_status":"open","sticky":false,"template":"","format":"standard","meta":{"_acf_changed":false,"inline_featured_image":false,"footnotes":""},"categories":[9],"tags":[],"class_list":["post-38867","post","type-post","status-publish","format-standard","has-post-thumbnail","category-sin-categorizar"],"acf":[],"yoast_head":"<!-- This site is optimized with the Yoast SEO plugin v27.3 - https:\/\/yoast.com\/product\/yoast-seo-wordpress\/ -->\n<title>Joan Guinovart, galardonado en los IX Premios Gaud\u00ed-Gresol - Parc Cient\u00edfic de Barcelona<\/title>\n<meta name=\"robots\" content=\"index, follow, max-snippet:-1, max-image-preview:large, max-video-preview:-1\" \/>\n<link rel=\"canonical\" href=\"https:\/\/www.pcb.ub.edu\/es\/joan-guinovart-galardonado-en-los-ix-premios-gaudi-gresol\/\" \/>\n<meta property=\"og:locale\" content=\"es_ES\" \/>\n<meta property=\"og:type\" content=\"article\" \/>\n<meta property=\"og:title\" content=\"Joan Guinovart, galardonado en los IX Premios Gaud\u00ed-Gresol - Parc Cient\u00edfic de Barcelona\" \/>\n<meta property=\"og:description\" content=\"El pr\u00f3ximo jueves 11 de junio tendr\u00e1 lugar en el auditorio Antoni Gaud\u00ed de la Feria de Reus el acto de entrega de los\u00a0IX\u00a0Premis Gaud\u00ed-Gresol\u00a0a la Notoriedad y la Excelencia, promovidos por la Fundaci\u00f3n Gresol\u00a0y el\u00a0Ajuntamiento de Reus para distinguir a personas que han destacado por su trayectoria profesional y personal y sus m\u00e9ritos y dedicaci\u00f3n en varios \u00e1mbitos. Entre los 10 premiados se encuentra\u00a0Joan Guinovart, director del Instituto de Investigaci\u00f3n Biom\u00e9dica (IRB Barcelona), con sede en el Parc Cient\u00edfic\u00a0de Barcelona, que ha sido galardonado en la categor\u00eda de Ciencia.\" \/>\n<meta property=\"og:url\" content=\"https:\/\/www.pcb.ub.edu\/es\/joan-guinovart-galardonado-en-los-ix-premios-gaudi-gresol\/\" \/>\n<meta property=\"og:site_name\" content=\"Parc Cient\u00edfic de Barcelona\" \/>\n<meta property=\"article:published_time\" content=\"2015-06-04T23:00:00+00:00\" \/>\n<meta property=\"article:modified_time\" content=\"2020-11-16T15:21:45+00:00\" \/>\n<meta property=\"og:image\" content=\"https:\/\/www.pcb.ub.edu\/wp-content\/uploads\/2015\/06\/16049221185fa92b060cfdb.jpeg\" \/>\n\t<meta property=\"og:image:width\" content=\"350\" \/>\n\t<meta property=\"og:image:height\" content=\"260\" \/>\n\t<meta property=\"og:image:type\" content=\"image\/jpeg\" \/>\n<meta name=\"author\" content=\"adminpcb\" \/>\n<meta name=\"twitter:card\" content=\"summary_large_image\" \/>\n<meta name=\"twitter:label1\" content=\"Escrito por\" \/>\n\t<meta name=\"twitter:data1\" content=\"adminpcb\" \/>\n\t<meta name=\"twitter:label2\" content=\"Tiempo de lectura\" \/>\n\t<meta name=\"twitter:data2\" content=\"2 minutos\" \/>\n<script type=\"application\/ld+json\" class=\"yoast-schema-graph\">{\"@context\":\"https:\\\/\\\/schema.org\",\"@graph\":[{\"@type\":\"Article\",\"@id\":\"https:\\\/\\\/www.pcb.ub.edu\\\/es\\\/joan-guinovart-galardonado-en-los-ix-premios-gaudi-gresol\\\/#article\",\"isPartOf\":{\"@id\":\"https:\\\/\\\/www.pcb.ub.edu\\\/es\\\/joan-guinovart-galardonado-en-los-ix-premios-gaudi-gresol\\\/\"},\"author\":{\"name\":\"adminpcb\",\"@id\":\"https:\\\/\\\/www.pcb.ub.edu\\\/es\\\/#\\\/schema\\\/person\\\/d13cab05cd0a75b17fddca8496481021\"},\"headline\":\"Joan Guinovart, galardonado en los IX Premios Gaud\u00ed-Gresol\",\"datePublished\":\"2015-06-04T23:00:00+00:00\",\"dateModified\":\"2020-11-16T15:21:45+00:00\",\"mainEntityOfPage\":{\"@id\":\"https:\\\/\\\/www.pcb.ub.edu\\\/es\\\/joan-guinovart-galardonado-en-los-ix-premios-gaudi-gresol\\\/\"},\"wordCount\":414,\"image\":{\"@id\":\"https:\\\/\\\/www.pcb.ub.edu\\\/es\\\/joan-guinovart-galardonado-en-los-ix-premios-gaudi-gresol\\\/#primaryimage\"},\"thumbnailUrl\":\"https:\\\/\\\/www.pcb.ub.edu\\\/wp-content\\\/uploads\\\/2015\\\/06\\\/16049221185fa92b060cfdb.jpeg\",\"articleSection\":[\"Sin categorizar\"],\"inLanguage\":\"es\"},{\"@type\":\"WebPage\",\"@id\":\"https:\\\/\\\/www.pcb.ub.edu\\\/es\\\/joan-guinovart-galardonado-en-los-ix-premios-gaudi-gresol\\\/\",\"url\":\"https:\\\/\\\/www.pcb.ub.edu\\\/es\\\/joan-guinovart-galardonado-en-los-ix-premios-gaudi-gresol\\\/\",\"name\":\"Joan Guinovart, galardonado en los IX Premios Gaud\u00ed-Gresol - Parc Cient\u00edfic de Barcelona\",\"isPartOf\":{\"@id\":\"https:\\\/\\\/www.pcb.ub.edu\\\/es\\\/#website\"},\"primaryImageOfPage\":{\"@id\":\"https:\\\/\\\/www.pcb.ub.edu\\\/es\\\/joan-guinovart-galardonado-en-los-ix-premios-gaudi-gresol\\\/#primaryimage\"},\"image\":{\"@id\":\"https:\\\/\\\/www.pcb.ub.edu\\\/es\\\/joan-guinovart-galardonado-en-los-ix-premios-gaudi-gresol\\\/#primaryimage\"},\"thumbnailUrl\":\"https:\\\/\\\/www.pcb.ub.edu\\\/wp-content\\\/uploads\\\/2015\\\/06\\\/16049221185fa92b060cfdb.jpeg\",\"datePublished\":\"2015-06-04T23:00:00+00:00\",\"dateModified\":\"2020-11-16T15:21:45+00:00\",\"author\":{\"@id\":\"https:\\\/\\\/www.pcb.ub.edu\\\/es\\\/#\\\/schema\\\/person\\\/d13cab05cd0a75b17fddca8496481021\"},\"breadcrumb\":{\"@id\":\"https:\\\/\\\/www.pcb.ub.edu\\\/es\\\/joan-guinovart-galardonado-en-los-ix-premios-gaudi-gresol\\\/#breadcrumb\"},\"inLanguage\":\"es\",\"potentialAction\":[{\"@type\":\"ReadAction\",\"target\":[\"https:\\\/\\\/www.pcb.ub.edu\\\/es\\\/joan-guinovart-galardonado-en-los-ix-premios-gaudi-gresol\\\/\"]}]},{\"@type\":\"ImageObject\",\"inLanguage\":\"es\",\"@id\":\"https:\\\/\\\/www.pcb.ub.edu\\\/es\\\/joan-guinovart-galardonado-en-los-ix-premios-gaudi-gresol\\\/#primaryimage\",\"url\":\"https:\\\/\\\/www.pcb.ub.edu\\\/wp-content\\\/uploads\\\/2015\\\/06\\\/16049221185fa92b060cfdb.jpeg\",\"contentUrl\":\"https:\\\/\\\/www.pcb.ub.edu\\\/wp-content\\\/uploads\\\/2015\\\/06\\\/16049221185fa92b060cfdb.jpeg\",\"width\":350,\"height\":260},{\"@type\":\"BreadcrumbList\",\"@id\":\"https:\\\/\\\/www.pcb.ub.edu\\\/es\\\/joan-guinovart-galardonado-en-los-ix-premios-gaudi-gresol\\\/#breadcrumb\",\"itemListElement\":[{\"@type\":\"ListItem\",\"position\":1,\"name\":\"Home\",\"item\":\"https:\\\/\\\/www.pcb.ub.edu\\\/es\\\/\"},{\"@type\":\"ListItem\",\"position\":2,\"name\":\"Joan Guinovart, galardonado en los IX Premios Gaud\u00ed-Gresol\"}]},{\"@type\":\"WebSite\",\"@id\":\"https:\\\/\\\/www.pcb.ub.edu\\\/es\\\/#website\",\"url\":\"https:\\\/\\\/www.pcb.ub.edu\\\/es\\\/\",\"name\":\"Parc Cient\u00edfic de Barcelona\",\"description\":\"Universitat de Barcelona\",\"potentialAction\":[{\"@type\":\"SearchAction\",\"target\":{\"@type\":\"EntryPoint\",\"urlTemplate\":\"https:\\\/\\\/www.pcb.ub.edu\\\/es\\\/?s={search_term_string}\"},\"query-input\":{\"@type\":\"PropertyValueSpecification\",\"valueRequired\":true,\"valueName\":\"search_term_string\"}}],\"inLanguage\":\"es\"},{\"@type\":\"Person\",\"@id\":\"https:\\\/\\\/www.pcb.ub.edu\\\/es\\\/#\\\/schema\\\/person\\\/d13cab05cd0a75b17fddca8496481021\",\"name\":\"adminpcb\",\"image\":{\"@type\":\"ImageObject\",\"inLanguage\":\"es\",\"@id\":\"https:\\\/\\\/secure.gravatar.com\\\/avatar\\\/41ad0fab4bb3bf5348b0af9612159cfd93173a57bbca98fecb50fa6f3ab97d28?s=96&d=mm&r=g\",\"url\":\"https:\\\/\\\/secure.gravatar.com\\\/avatar\\\/41ad0fab4bb3bf5348b0af9612159cfd93173a57bbca98fecb50fa6f3ab97d28?s=96&d=mm&r=g\",\"contentUrl\":\"https:\\\/\\\/secure.gravatar.com\\\/avatar\\\/41ad0fab4bb3bf5348b0af9612159cfd93173a57bbca98fecb50fa6f3ab97d28?s=96&d=mm&r=g\",\"caption\":\"adminpcb\"},\"url\":\"https:\\\/\\\/www.pcb.ub.edu\\\/es\\\/author\\\/adminpcb\\\/\"}]}<\/script>\n<!-- \/ Yoast SEO plugin. -->","yoast_head_json":{"title":"Joan Guinovart, galardonado en los IX Premios Gaud\u00ed-Gresol - Parc Cient\u00edfic de Barcelona","robots":{"index":"index","follow":"follow","max-snippet":"max-snippet:-1","max-image-preview":"max-image-preview:large","max-video-preview":"max-video-preview:-1"},"canonical":"https:\/\/www.pcb.ub.edu\/es\/joan-guinovart-galardonado-en-los-ix-premios-gaudi-gresol\/","og_locale":"es_ES","og_type":"article","og_title":"Joan Guinovart, galardonado en los IX Premios Gaud\u00ed-Gresol - Parc Cient\u00edfic de Barcelona","og_description":"El pr\u00f3ximo jueves 11 de junio tendr\u00e1 lugar en el auditorio Antoni Gaud\u00ed de la Feria de Reus el acto de entrega de los\u00a0IX\u00a0Premis Gaud\u00ed-Gresol\u00a0a la Notoriedad y la Excelencia, promovidos por la Fundaci\u00f3n Gresol\u00a0y el\u00a0Ajuntamiento de Reus para distinguir a personas que han destacado por su trayectoria profesional y personal y sus m\u00e9ritos y dedicaci\u00f3n en varios \u00e1mbitos. Entre los 10 premiados se encuentra\u00a0Joan Guinovart, director del Instituto de Investigaci\u00f3n Biom\u00e9dica (IRB Barcelona), con sede en el Parc Cient\u00edfic\u00a0de Barcelona, que ha sido galardonado en la categor\u00eda de Ciencia.","og_url":"https:\/\/www.pcb.ub.edu\/es\/joan-guinovart-galardonado-en-los-ix-premios-gaudi-gresol\/","og_site_name":"Parc Cient\u00edfic de Barcelona","article_published_time":"2015-06-04T23:00:00+00:00","article_modified_time":"2020-11-16T15:21:45+00:00","og_image":[{"width":350,"height":260,"url":"https:\/\/www.pcb.ub.edu\/wp-content\/uploads\/2015\/06\/16049221185fa92b060cfdb.jpeg","type":"image\/jpeg"}],"author":"adminpcb","twitter_card":"summary_large_image","twitter_misc":{"Escrito por":"adminpcb","Tiempo de lectura":"2 minutos"},"schema":{"@context":"https:\/\/schema.org","@graph":[{"@type":"Article","@id":"https:\/\/www.pcb.ub.edu\/es\/joan-guinovart-galardonado-en-los-ix-premios-gaudi-gresol\/#article","isPartOf":{"@id":"https:\/\/www.pcb.ub.edu\/es\/joan-guinovart-galardonado-en-los-ix-premios-gaudi-gresol\/"},"author":{"name":"adminpcb","@id":"https:\/\/www.pcb.ub.edu\/es\/#\/schema\/person\/d13cab05cd0a75b17fddca8496481021"},"headline":"Joan Guinovart, galardonado en los IX Premios Gaud\u00ed-Gresol","datePublished":"2015-06-04T23:00:00+00:00","dateModified":"2020-11-16T15:21:45+00:00","mainEntityOfPage":{"@id":"https:\/\/www.pcb.ub.edu\/es\/joan-guinovart-galardonado-en-los-ix-premios-gaudi-gresol\/"},"wordCount":414,"image":{"@id":"https:\/\/www.pcb.ub.edu\/es\/joan-guinovart-galardonado-en-los-ix-premios-gaudi-gresol\/#primaryimage"},"thumbnailUrl":"https:\/\/www.pcb.ub.edu\/wp-content\/uploads\/2015\/06\/16049221185fa92b060cfdb.jpeg","articleSection":["Sin categorizar"],"inLanguage":"es"},{"@type":"WebPage","@id":"https:\/\/www.pcb.ub.edu\/es\/joan-guinovart-galardonado-en-los-ix-premios-gaudi-gresol\/","url":"https:\/\/www.pcb.ub.edu\/es\/joan-guinovart-galardonado-en-los-ix-premios-gaudi-gresol\/","name":"Joan Guinovart, galardonado en los IX Premios Gaud\u00ed-Gresol - Parc Cient\u00edfic de Barcelona","isPartOf":{"@id":"https:\/\/www.pcb.ub.edu\/es\/#website"},"primaryImageOfPage":{"@id":"https:\/\/www.pcb.ub.edu\/es\/joan-guinovart-galardonado-en-los-ix-premios-gaudi-gresol\/#primaryimage"},"image":{"@id":"https:\/\/www.pcb.ub.edu\/es\/joan-guinovart-galardonado-en-los-ix-premios-gaudi-gresol\/#primaryimage"},"thumbnailUrl":"https:\/\/www.pcb.ub.edu\/wp-content\/uploads\/2015\/06\/16049221185fa92b060cfdb.jpeg","datePublished":"2015-06-04T23:00:00+00:00","dateModified":"2020-11-16T15:21:45+00:00","author":{"@id":"https:\/\/www.pcb.ub.edu\/es\/#\/schema\/person\/d13cab05cd0a75b17fddca8496481021"},"breadcrumb":{"@id":"https:\/\/www.pcb.ub.edu\/es\/joan-guinovart-galardonado-en-los-ix-premios-gaudi-gresol\/#breadcrumb"},"inLanguage":"es","potentialAction":[{"@type":"ReadAction","target":["https:\/\/www.pcb.ub.edu\/es\/joan-guinovart-galardonado-en-los-ix-premios-gaudi-gresol\/"]}]},{"@type":"ImageObject","inLanguage":"es","@id":"https:\/\/www.pcb.ub.edu\/es\/joan-guinovart-galardonado-en-los-ix-premios-gaudi-gresol\/#primaryimage","url":"https:\/\/www.pcb.ub.edu\/wp-content\/uploads\/2015\/06\/16049221185fa92b060cfdb.jpeg","contentUrl":"https:\/\/www.pcb.ub.edu\/wp-content\/uploads\/2015\/06\/16049221185fa92b060cfdb.jpeg","width":350,"height":260},{"@type":"BreadcrumbList","@id":"https:\/\/www.pcb.ub.edu\/es\/joan-guinovart-galardonado-en-los-ix-premios-gaudi-gresol\/#breadcrumb","itemListElement":[{"@type":"ListItem","position":1,"name":"Home","item":"https:\/\/www.pcb.ub.edu\/es\/"},{"@type":"ListItem","position":2,"name":"Joan Guinovart, galardonado en los IX Premios Gaud\u00ed-Gresol"}]},{"@type":"WebSite","@id":"https:\/\/www.pcb.ub.edu\/es\/#website","url":"https:\/\/www.pcb.ub.edu\/es\/","name":"Parc Cient\u00edfic de Barcelona","description":"Universitat de Barcelona","potentialAction":[{"@type":"SearchAction","target":{"@type":"EntryPoint","urlTemplate":"https:\/\/www.pcb.ub.edu\/es\/?s={search_term_string}"},"query-input":{"@type":"PropertyValueSpecification","valueRequired":true,"valueName":"search_term_string"}}],"inLanguage":"es"},{"@type":"Person","@id":"https:\/\/www.pcb.ub.edu\/es\/#\/schema\/person\/d13cab05cd0a75b17fddca8496481021","name":"adminpcb","image":{"@type":"ImageObject","inLanguage":"es","@id":"https:\/\/secure.gravatar.com\/avatar\/41ad0fab4bb3bf5348b0af9612159cfd93173a57bbca98fecb50fa6f3ab97d28?s=96&d=mm&r=g","url":"https:\/\/secure.gravatar.com\/avatar\/41ad0fab4bb3bf5348b0af9612159cfd93173a57bbca98fecb50fa6f3ab97d28?s=96&d=mm&r=g","contentUrl":"https:\/\/secure.gravatar.com\/avatar\/41ad0fab4bb3bf5348b0af9612159cfd93173a57bbca98fecb50fa6f3ab97d28?s=96&d=mm&r=g","caption":"adminpcb"},"url":"https:\/\/www.pcb.ub.edu\/es\/author\/adminpcb\/"}]}},"_links":{"self":[{"href":"https:\/\/www.pcb.ub.edu\/es\/wp-json\/wp\/v2\/posts\/38867","targetHints":{"allow":["GET"]}}],"collection":[{"href":"https:\/\/www.pcb.ub.edu\/es\/wp-json\/wp\/v2\/posts"}],"about":[{"href":"https:\/\/www.pcb.ub.edu\/es\/wp-json\/wp\/v2\/types\/post"}],"author":[{"embeddable":true,"href":"https:\/\/www.pcb.ub.edu\/es\/wp-json\/wp\/v2\/users\/1"}],"replies":[{"embeddable":true,"href":"https:\/\/www.pcb.ub.edu\/es\/wp-json\/wp\/v2\/comments?post=38867"}],"version-history":[{"count":1,"href":"https:\/\/www.pcb.ub.edu\/es\/wp-json\/wp\/v2\/posts\/38867\/revisions"}],"predecessor-version":[{"id":44972,"href":"https:\/\/www.pcb.ub.edu\/es\/wp-json\/wp\/v2\/posts\/38867\/revisions\/44972"}],"wp:featuredmedia":[{"embeddable":true,"href":"https:\/\/www.pcb.ub.edu\/es\/wp-json\/wp\/v2\/media\/25950"}],"wp:attachment":[{"href":"https:\/\/www.pcb.ub.edu\/es\/wp-json\/wp\/v2\/media?parent=38867"}],"wp:term":[{"taxonomy":"category","embeddable":true,"href":"https:\/\/www.pcb.ub.edu\/es\/wp-json\/wp\/v2\/categories?post=38867"},{"taxonomy":"post_tag","embeddable":true,"href":"https:\/\/www.pcb.ub.edu\/es\/wp-json\/wp\/v2\/tags?post=38867"}],"curies":[{"name":"wp","href":"https:\/\/api.w.org\/{rel}","templated":true}]}}