{"id":38861,"date":"2017-12-14T00:00:00","date_gmt":"2017-12-13T23:00:00","guid":{"rendered":"http:\/\/www.pcb.ub.edu\/\/iproteos-premio-senen-vilaro-a-la-mejor-empresa-innovadora-2017\/"},"modified":"2020-11-16T16:21:44","modified_gmt":"2020-11-16T15:21:44","slug":"iproteos-premio-senen-vilaro-a-la-mejor-empresa-innovadora-2017","status":"publish","type":"post","link":"https:\/\/www.pcb.ub.edu\/es\/iproteos-premio-senen-vilaro-a-la-mejor-empresa-innovadora-2017\/","title":{"rendered":"Iproteos, Premio Sen\u00e9n Vilar\u00f3 a la mejor empresa innovadora 2017"},"content":{"rendered":"<p>Iproteos\u00a0es una <em>spin-off\u00a0<\/em>que se constituy\u00f3 en base a la transferencia de una tecnolog\u00eda generada en el seno del\u00a0IRB\u00a0Barcelona y de la Universitat de Barcelona (UB), con la participaci\u00f3n estrat\u00e9gica de la Fundaci\u00f3n Bosch i Gimpera. Fundada en 2011 por Teresa\u00a0Tarrag\u00f3\u00a0y Ernest Giralt, naci\u00f3 con el objetivo de desarrollar f\u00e1rmacos de tercera generaci\u00f3n, m\u00e1s eficaces, con menos efectos secundarios y a menor coste. Actualmente, cuenta con varios proyectos en desarrollo en el campo de la la epilepsia, la\u00a0aterosclerosis\u00a0y la esquizofrenia, este \u00faltimo el m\u00e1s avanzado. La tecnolog\u00eda\u00a0IPROTech representa el n\u00facleo cient\u00edfico sobre el que la compa\u00f1\u00eda\u00a0lleva a cabo su actividad. Esta tecnolog\u00eda permite dise\u00f1ar candidatos a f\u00e1rmacos basados en los p\u00e9ptidos, denominados\u00a0peptidomim\u00e9ticos, y hace posible acelerar la investigaci\u00f3n y la obtenci\u00f3n de nuevas mol\u00e9culas candidatas a f\u00e1rmacos. El 2016, la biotecnol\u00f3gica consigui\u00f3 un mill\u00f3n y medio de euros de capital privado. Con esta cantidad,\u00a0Iproteos\u00a0ya ha llegado a los tres millones de euros de capital externo entre inversiones p\u00fablicas y privadas.\u00a0<\/p>\n<p>Los <a href=\"http:\/\/www.ub.edu\/cs\/premis\/projectes%20transferencia%20coneixement\/index.htm\" target=\"_blank\" rel=\"noopener noreferrer\">Premios Antoni Caparr\u00f3s y\u00a0Sen\u00e9n\u00a0Vilar\u00f3<\/a>\u00a0se crearon en 2008 por el Consejo Social de la UB y la Fundaci\u00f3n Bosch i\u00a0Gimpera\u00a0\u2013ubicada en el PCB\u2013\u00a0con el objetivo de impulsar el retorno a la sociedad de los conocimientos adquiridos a lo largo de los estudios y la investigaci\u00f3n; valorar la importancia de los proyectos de transferencia de tecnolog\u00eda, conocimiento e innovaci\u00f3n; potenciar la creaci\u00f3n de empresas innovadoras basadas en el conocimiento,; reconocer la capacidad innovadora generad, y fomentar la cultura emprendedora en el \u00e1mbito universitario.\u00a0<\/p>\n<p>Este a\u00f1o, la ceremonia de entrega de los premios estuvo presidida por el rector de la Universidad de Barcelona, Joan Elias. En el transcurso del acto, imparti\u00f3 una conferencia Guillem Anglada\u00a0Escud\u00e9, doctor en F\u00edsica por la Universitat de Barcelona y profesor de Astrof\u00edsica en la Universidad Queen Mary de Londres. La revista Nature situ\u00f3 a Anglada entre los diez cient\u00edficos m\u00e1s relevantes del 2016 por haber liderado el equipo que descubri\u00f3 el planeta habitable m\u00e1s cercano a la Tierra. El rector de la UB, el presidente en funciones del Consejo Social, Joan Corominas, y la directora de la Fundaci\u00f3n Bosch i\u00a0Gimpera, Carme Verdaguer, entregaron el premios a los galardonados.<\/p>\n<div>\u00a0<\/div>\n<div>\u25ba M\u00e1s informaci\u00f3n en la web de la <a href=\"http:\/\/www.ub.edu\/web\/ub\/es\/menu_eines\/noticies\/2017\/12\/029.html?\" target=\"_blank\" rel=\"noopener noreferrer\">UB [+]<\/a><\/div>\n","protected":false},"excerpt":{"rendered":"<p>La biotecnol\u00f3gica\u00a0<a href=\"http:\/\/www.pcb.ub.edu\/portal\/es\/cerca?p_p_id=cercador_WAR_empleatsempresesportlet&amp;p_p_lifecycle=0&amp;p_p_state=maximized&amp;p_p_mode=view&amp;p_p_col_id=column-1&amp;p_p_col_count=1&amp;_cercador_WAR_empleatsempresesportlet_jspPage=%2Fhtml%2Fcommon%2Fdetall-empresa.jsp&amp;_cercador_WAR_empleatsempresesportlet_empresaId=ENT_005306&amp;_cercador_WAR_empleatsempresesportlet_redirect=%2Fportal%2Fca%2Fcerca%3Fp_p_id%3Dcercador_WAR_empleatsempresesportlet%26p_p_lifecycle%3D0%26p_p_mode%3Dview%26_cercador_WAR_empleatsempresesportlet_keywords%3Diproteos%26_cercador_WAR_empleatsempresesportlet_tab%3D1\" target=\"_blank\" rel=\"noopener noreferrer\">Iproteos<\/a>, ubicada en el Parc Cient\u00edfic\u00a0de Barcelona y dedicada a la investigaci\u00f3n y desarrollo de f\u00e1rmacos para tratar necesidades m\u00e9dicas no cubiertas, ha ganado la 10\u00aa edici\u00f3n del \u2018Premio\u00a0Sen\u00e9n\u00a0Vilar\u00f3\u00a0a la mejor empresa innovadora&#8217;, uno de los cuatro premios que convoca anualmente el <a href=\"http:\/\/www.ub.edu\/web\/ub\/es\/universitat\/organitzacio\/consell_social\/consell_social.html?\" target=\"_blank\" rel=\"noopener noreferrer\">Consejo Social de la Universitat de Barcelona (UB)<\/a> y la <a href=\"http:\/\/www.fbg.ub.edu\/es\/ambitos\/salud-y-ciencias-vida\/\" target=\"_blank\" rel=\"noopener noreferrer\">Fundaci\u00f3n Bosch i\u00a0Gimpera\u00a0(FBG)<\/a>. El acto de entrega de los galardones tuvo lugar ayer\u00a0en el aula Magna del Edificio Hist\u00f3rico de la UB.<\/p>\n<p>\u00a0<\/p>\n","protected":false},"author":1,"featured_media":25926,"comment_status":"closed","ping_status":"open","sticky":false,"template":"","format":"standard","meta":{"_acf_changed":false,"inline_featured_image":false,"footnotes":""},"categories":[9],"tags":[],"class_list":["post-38861","post","type-post","status-publish","format-standard","has-post-thumbnail","category-sin-categorizar"],"acf":[],"yoast_head":"<!-- This site is optimized with the Yoast SEO plugin v27.3 - https:\/\/yoast.com\/product\/yoast-seo-wordpress\/ -->\n<title>Iproteos, Premio Sen\u00e9n Vilar\u00f3 a la mejor empresa innovadora 2017 - Parc Cient\u00edfic de Barcelona<\/title>\n<meta name=\"robots\" content=\"index, follow, max-snippet:-1, max-image-preview:large, max-video-preview:-1\" \/>\n<link rel=\"canonical\" href=\"https:\/\/www.pcb.ub.edu\/es\/iproteos-premio-senen-vilaro-a-la-mejor-empresa-innovadora-2017\/\" \/>\n<meta property=\"og:locale\" content=\"es_ES\" \/>\n<meta property=\"og:type\" content=\"article\" \/>\n<meta property=\"og:title\" content=\"Iproteos, Premio Sen\u00e9n Vilar\u00f3 a la mejor empresa innovadora 2017 - Parc Cient\u00edfic de Barcelona\" \/>\n<meta property=\"og:description\" content=\"La biotecnol\u00f3gica\u00a0Iproteos, ubicada en el Parc Cient\u00edfic\u00a0de Barcelona y dedicada a la investigaci\u00f3n y desarrollo de f\u00e1rmacos para tratar necesidades m\u00e9dicas no cubiertas, ha ganado la 10\u00aa edici\u00f3n del \u2018Premio\u00a0Sen\u00e9n\u00a0Vilar\u00f3\u00a0a la mejor empresa innovadora&#039;, uno de los cuatro premios que convoca anualmente el Consejo Social de la Universitat de Barcelona (UB) y la Fundaci\u00f3n Bosch i\u00a0Gimpera\u00a0(FBG). El acto de entrega de los galardones tuvo lugar ayer\u00a0en el aula Magna del Edificio Hist\u00f3rico de la UB. \u00a0\" \/>\n<meta property=\"og:url\" content=\"https:\/\/www.pcb.ub.edu\/es\/iproteos-premio-senen-vilaro-a-la-mejor-empresa-innovadora-2017\/\" \/>\n<meta property=\"og:site_name\" content=\"Parc Cient\u00edfic de Barcelona\" \/>\n<meta property=\"article:published_time\" content=\"2017-12-13T23:00:00+00:00\" \/>\n<meta property=\"article:modified_time\" content=\"2020-11-16T15:21:44+00:00\" \/>\n<meta property=\"og:image\" content=\"https:\/\/www.pcb.ub.edu\/wp-content\/uploads\/2017\/12\/16049221115fa92aff17d85.jpeg\" \/>\n\t<meta property=\"og:image:width\" content=\"800\" \/>\n\t<meta property=\"og:image:height\" content=\"465\" \/>\n\t<meta property=\"og:image:type\" content=\"image\/jpeg\" \/>\n<meta name=\"author\" content=\"adminpcb\" \/>\n<meta name=\"twitter:card\" content=\"summary_large_image\" \/>\n<meta name=\"twitter:label1\" content=\"Escrito por\" \/>\n\t<meta name=\"twitter:data1\" content=\"adminpcb\" \/>\n\t<meta name=\"twitter:label2\" content=\"Tiempo de lectura\" \/>\n\t<meta name=\"twitter:data2\" content=\"2 minutos\" \/>\n<script type=\"application\/ld+json\" class=\"yoast-schema-graph\">{\"@context\":\"https:\\\/\\\/schema.org\",\"@graph\":[{\"@type\":\"Article\",\"@id\":\"https:\\\/\\\/www.pcb.ub.edu\\\/es\\\/iproteos-premio-senen-vilaro-a-la-mejor-empresa-innovadora-2017\\\/#article\",\"isPartOf\":{\"@id\":\"https:\\\/\\\/www.pcb.ub.edu\\\/es\\\/iproteos-premio-senen-vilaro-a-la-mejor-empresa-innovadora-2017\\\/\"},\"author\":{\"name\":\"adminpcb\",\"@id\":\"https:\\\/\\\/www.pcb.ub.edu\\\/es\\\/#\\\/schema\\\/person\\\/d13cab05cd0a75b17fddca8496481021\"},\"headline\":\"Iproteos, Premio Sen\u00e9n Vilar\u00f3 a la mejor empresa innovadora 2017\",\"datePublished\":\"2017-12-13T23:00:00+00:00\",\"dateModified\":\"2020-11-16T15:21:44+00:00\",\"mainEntityOfPage\":{\"@id\":\"https:\\\/\\\/www.pcb.ub.edu\\\/es\\\/iproteos-premio-senen-vilaro-a-la-mejor-empresa-innovadora-2017\\\/\"},\"wordCount\":425,\"image\":{\"@id\":\"https:\\\/\\\/www.pcb.ub.edu\\\/es\\\/iproteos-premio-senen-vilaro-a-la-mejor-empresa-innovadora-2017\\\/#primaryimage\"},\"thumbnailUrl\":\"https:\\\/\\\/www.pcb.ub.edu\\\/wp-content\\\/uploads\\\/2017\\\/12\\\/16049221115fa92aff17d85.jpeg\",\"articleSection\":[\"Sin categorizar\"],\"inLanguage\":\"es\"},{\"@type\":\"WebPage\",\"@id\":\"https:\\\/\\\/www.pcb.ub.edu\\\/es\\\/iproteos-premio-senen-vilaro-a-la-mejor-empresa-innovadora-2017\\\/\",\"url\":\"https:\\\/\\\/www.pcb.ub.edu\\\/es\\\/iproteos-premio-senen-vilaro-a-la-mejor-empresa-innovadora-2017\\\/\",\"name\":\"Iproteos, Premio Sen\u00e9n Vilar\u00f3 a la mejor empresa innovadora 2017 - Parc Cient\u00edfic de Barcelona\",\"isPartOf\":{\"@id\":\"https:\\\/\\\/www.pcb.ub.edu\\\/es\\\/#website\"},\"primaryImageOfPage\":{\"@id\":\"https:\\\/\\\/www.pcb.ub.edu\\\/es\\\/iproteos-premio-senen-vilaro-a-la-mejor-empresa-innovadora-2017\\\/#primaryimage\"},\"image\":{\"@id\":\"https:\\\/\\\/www.pcb.ub.edu\\\/es\\\/iproteos-premio-senen-vilaro-a-la-mejor-empresa-innovadora-2017\\\/#primaryimage\"},\"thumbnailUrl\":\"https:\\\/\\\/www.pcb.ub.edu\\\/wp-content\\\/uploads\\\/2017\\\/12\\\/16049221115fa92aff17d85.jpeg\",\"datePublished\":\"2017-12-13T23:00:00+00:00\",\"dateModified\":\"2020-11-16T15:21:44+00:00\",\"author\":{\"@id\":\"https:\\\/\\\/www.pcb.ub.edu\\\/es\\\/#\\\/schema\\\/person\\\/d13cab05cd0a75b17fddca8496481021\"},\"breadcrumb\":{\"@id\":\"https:\\\/\\\/www.pcb.ub.edu\\\/es\\\/iproteos-premio-senen-vilaro-a-la-mejor-empresa-innovadora-2017\\\/#breadcrumb\"},\"inLanguage\":\"es\",\"potentialAction\":[{\"@type\":\"ReadAction\",\"target\":[\"https:\\\/\\\/www.pcb.ub.edu\\\/es\\\/iproteos-premio-senen-vilaro-a-la-mejor-empresa-innovadora-2017\\\/\"]}]},{\"@type\":\"ImageObject\",\"inLanguage\":\"es\",\"@id\":\"https:\\\/\\\/www.pcb.ub.edu\\\/es\\\/iproteos-premio-senen-vilaro-a-la-mejor-empresa-innovadora-2017\\\/#primaryimage\",\"url\":\"https:\\\/\\\/www.pcb.ub.edu\\\/wp-content\\\/uploads\\\/2017\\\/12\\\/16049221115fa92aff17d85.jpeg\",\"contentUrl\":\"https:\\\/\\\/www.pcb.ub.edu\\\/wp-content\\\/uploads\\\/2017\\\/12\\\/16049221115fa92aff17d85.jpeg\",\"width\":800,\"height\":465},{\"@type\":\"BreadcrumbList\",\"@id\":\"https:\\\/\\\/www.pcb.ub.edu\\\/es\\\/iproteos-premio-senen-vilaro-a-la-mejor-empresa-innovadora-2017\\\/#breadcrumb\",\"itemListElement\":[{\"@type\":\"ListItem\",\"position\":1,\"name\":\"Home\",\"item\":\"https:\\\/\\\/www.pcb.ub.edu\\\/es\\\/\"},{\"@type\":\"ListItem\",\"position\":2,\"name\":\"Iproteos, Premio Sen\u00e9n Vilar\u00f3 a la mejor empresa innovadora 2017\"}]},{\"@type\":\"WebSite\",\"@id\":\"https:\\\/\\\/www.pcb.ub.edu\\\/es\\\/#website\",\"url\":\"https:\\\/\\\/www.pcb.ub.edu\\\/es\\\/\",\"name\":\"Parc Cient\u00edfic de Barcelona\",\"description\":\"Universitat de Barcelona\",\"potentialAction\":[{\"@type\":\"SearchAction\",\"target\":{\"@type\":\"EntryPoint\",\"urlTemplate\":\"https:\\\/\\\/www.pcb.ub.edu\\\/es\\\/?s={search_term_string}\"},\"query-input\":{\"@type\":\"PropertyValueSpecification\",\"valueRequired\":true,\"valueName\":\"search_term_string\"}}],\"inLanguage\":\"es\"},{\"@type\":\"Person\",\"@id\":\"https:\\\/\\\/www.pcb.ub.edu\\\/es\\\/#\\\/schema\\\/person\\\/d13cab05cd0a75b17fddca8496481021\",\"name\":\"adminpcb\",\"image\":{\"@type\":\"ImageObject\",\"inLanguage\":\"es\",\"@id\":\"https:\\\/\\\/secure.gravatar.com\\\/avatar\\\/41ad0fab4bb3bf5348b0af9612159cfd93173a57bbca98fecb50fa6f3ab97d28?s=96&d=mm&r=g\",\"url\":\"https:\\\/\\\/secure.gravatar.com\\\/avatar\\\/41ad0fab4bb3bf5348b0af9612159cfd93173a57bbca98fecb50fa6f3ab97d28?s=96&d=mm&r=g\",\"contentUrl\":\"https:\\\/\\\/secure.gravatar.com\\\/avatar\\\/41ad0fab4bb3bf5348b0af9612159cfd93173a57bbca98fecb50fa6f3ab97d28?s=96&d=mm&r=g\",\"caption\":\"adminpcb\"},\"url\":\"https:\\\/\\\/www.pcb.ub.edu\\\/es\\\/author\\\/adminpcb\\\/\"}]}<\/script>\n<!-- \/ Yoast SEO plugin. -->","yoast_head_json":{"title":"Iproteos, Premio Sen\u00e9n Vilar\u00f3 a la mejor empresa innovadora 2017 - Parc Cient\u00edfic de Barcelona","robots":{"index":"index","follow":"follow","max-snippet":"max-snippet:-1","max-image-preview":"max-image-preview:large","max-video-preview":"max-video-preview:-1"},"canonical":"https:\/\/www.pcb.ub.edu\/es\/iproteos-premio-senen-vilaro-a-la-mejor-empresa-innovadora-2017\/","og_locale":"es_ES","og_type":"article","og_title":"Iproteos, Premio Sen\u00e9n Vilar\u00f3 a la mejor empresa innovadora 2017 - Parc Cient\u00edfic de Barcelona","og_description":"La biotecnol\u00f3gica\u00a0Iproteos, ubicada en el Parc Cient\u00edfic\u00a0de Barcelona y dedicada a la investigaci\u00f3n y desarrollo de f\u00e1rmacos para tratar necesidades m\u00e9dicas no cubiertas, ha ganado la 10\u00aa edici\u00f3n del \u2018Premio\u00a0Sen\u00e9n\u00a0Vilar\u00f3\u00a0a la mejor empresa innovadora', uno de los cuatro premios que convoca anualmente el Consejo Social de la Universitat de Barcelona (UB) y la Fundaci\u00f3n Bosch i\u00a0Gimpera\u00a0(FBG). El acto de entrega de los galardones tuvo lugar ayer\u00a0en el aula Magna del Edificio Hist\u00f3rico de la UB. \u00a0","og_url":"https:\/\/www.pcb.ub.edu\/es\/iproteos-premio-senen-vilaro-a-la-mejor-empresa-innovadora-2017\/","og_site_name":"Parc Cient\u00edfic de Barcelona","article_published_time":"2017-12-13T23:00:00+00:00","article_modified_time":"2020-11-16T15:21:44+00:00","og_image":[{"width":800,"height":465,"url":"https:\/\/www.pcb.ub.edu\/wp-content\/uploads\/2017\/12\/16049221115fa92aff17d85.jpeg","type":"image\/jpeg"}],"author":"adminpcb","twitter_card":"summary_large_image","twitter_misc":{"Escrito por":"adminpcb","Tiempo de lectura":"2 minutos"},"schema":{"@context":"https:\/\/schema.org","@graph":[{"@type":"Article","@id":"https:\/\/www.pcb.ub.edu\/es\/iproteos-premio-senen-vilaro-a-la-mejor-empresa-innovadora-2017\/#article","isPartOf":{"@id":"https:\/\/www.pcb.ub.edu\/es\/iproteos-premio-senen-vilaro-a-la-mejor-empresa-innovadora-2017\/"},"author":{"name":"adminpcb","@id":"https:\/\/www.pcb.ub.edu\/es\/#\/schema\/person\/d13cab05cd0a75b17fddca8496481021"},"headline":"Iproteos, Premio Sen\u00e9n Vilar\u00f3 a la mejor empresa innovadora 2017","datePublished":"2017-12-13T23:00:00+00:00","dateModified":"2020-11-16T15:21:44+00:00","mainEntityOfPage":{"@id":"https:\/\/www.pcb.ub.edu\/es\/iproteos-premio-senen-vilaro-a-la-mejor-empresa-innovadora-2017\/"},"wordCount":425,"image":{"@id":"https:\/\/www.pcb.ub.edu\/es\/iproteos-premio-senen-vilaro-a-la-mejor-empresa-innovadora-2017\/#primaryimage"},"thumbnailUrl":"https:\/\/www.pcb.ub.edu\/wp-content\/uploads\/2017\/12\/16049221115fa92aff17d85.jpeg","articleSection":["Sin categorizar"],"inLanguage":"es"},{"@type":"WebPage","@id":"https:\/\/www.pcb.ub.edu\/es\/iproteos-premio-senen-vilaro-a-la-mejor-empresa-innovadora-2017\/","url":"https:\/\/www.pcb.ub.edu\/es\/iproteos-premio-senen-vilaro-a-la-mejor-empresa-innovadora-2017\/","name":"Iproteos, Premio Sen\u00e9n Vilar\u00f3 a la mejor empresa innovadora 2017 - Parc Cient\u00edfic de Barcelona","isPartOf":{"@id":"https:\/\/www.pcb.ub.edu\/es\/#website"},"primaryImageOfPage":{"@id":"https:\/\/www.pcb.ub.edu\/es\/iproteos-premio-senen-vilaro-a-la-mejor-empresa-innovadora-2017\/#primaryimage"},"image":{"@id":"https:\/\/www.pcb.ub.edu\/es\/iproteos-premio-senen-vilaro-a-la-mejor-empresa-innovadora-2017\/#primaryimage"},"thumbnailUrl":"https:\/\/www.pcb.ub.edu\/wp-content\/uploads\/2017\/12\/16049221115fa92aff17d85.jpeg","datePublished":"2017-12-13T23:00:00+00:00","dateModified":"2020-11-16T15:21:44+00:00","author":{"@id":"https:\/\/www.pcb.ub.edu\/es\/#\/schema\/person\/d13cab05cd0a75b17fddca8496481021"},"breadcrumb":{"@id":"https:\/\/www.pcb.ub.edu\/es\/iproteos-premio-senen-vilaro-a-la-mejor-empresa-innovadora-2017\/#breadcrumb"},"inLanguage":"es","potentialAction":[{"@type":"ReadAction","target":["https:\/\/www.pcb.ub.edu\/es\/iproteos-premio-senen-vilaro-a-la-mejor-empresa-innovadora-2017\/"]}]},{"@type":"ImageObject","inLanguage":"es","@id":"https:\/\/www.pcb.ub.edu\/es\/iproteos-premio-senen-vilaro-a-la-mejor-empresa-innovadora-2017\/#primaryimage","url":"https:\/\/www.pcb.ub.edu\/wp-content\/uploads\/2017\/12\/16049221115fa92aff17d85.jpeg","contentUrl":"https:\/\/www.pcb.ub.edu\/wp-content\/uploads\/2017\/12\/16049221115fa92aff17d85.jpeg","width":800,"height":465},{"@type":"BreadcrumbList","@id":"https:\/\/www.pcb.ub.edu\/es\/iproteos-premio-senen-vilaro-a-la-mejor-empresa-innovadora-2017\/#breadcrumb","itemListElement":[{"@type":"ListItem","position":1,"name":"Home","item":"https:\/\/www.pcb.ub.edu\/es\/"},{"@type":"ListItem","position":2,"name":"Iproteos, Premio Sen\u00e9n Vilar\u00f3 a la mejor empresa innovadora 2017"}]},{"@type":"WebSite","@id":"https:\/\/www.pcb.ub.edu\/es\/#website","url":"https:\/\/www.pcb.ub.edu\/es\/","name":"Parc Cient\u00edfic de Barcelona","description":"Universitat de Barcelona","potentialAction":[{"@type":"SearchAction","target":{"@type":"EntryPoint","urlTemplate":"https:\/\/www.pcb.ub.edu\/es\/?s={search_term_string}"},"query-input":{"@type":"PropertyValueSpecification","valueRequired":true,"valueName":"search_term_string"}}],"inLanguage":"es"},{"@type":"Person","@id":"https:\/\/www.pcb.ub.edu\/es\/#\/schema\/person\/d13cab05cd0a75b17fddca8496481021","name":"adminpcb","image":{"@type":"ImageObject","inLanguage":"es","@id":"https:\/\/secure.gravatar.com\/avatar\/41ad0fab4bb3bf5348b0af9612159cfd93173a57bbca98fecb50fa6f3ab97d28?s=96&d=mm&r=g","url":"https:\/\/secure.gravatar.com\/avatar\/41ad0fab4bb3bf5348b0af9612159cfd93173a57bbca98fecb50fa6f3ab97d28?s=96&d=mm&r=g","contentUrl":"https:\/\/secure.gravatar.com\/avatar\/41ad0fab4bb3bf5348b0af9612159cfd93173a57bbca98fecb50fa6f3ab97d28?s=96&d=mm&r=g","caption":"adminpcb"},"url":"https:\/\/www.pcb.ub.edu\/es\/author\/adminpcb\/"}]}},"_links":{"self":[{"href":"https:\/\/www.pcb.ub.edu\/es\/wp-json\/wp\/v2\/posts\/38861","targetHints":{"allow":["GET"]}}],"collection":[{"href":"https:\/\/www.pcb.ub.edu\/es\/wp-json\/wp\/v2\/posts"}],"about":[{"href":"https:\/\/www.pcb.ub.edu\/es\/wp-json\/wp\/v2\/types\/post"}],"author":[{"embeddable":true,"href":"https:\/\/www.pcb.ub.edu\/es\/wp-json\/wp\/v2\/users\/1"}],"replies":[{"embeddable":true,"href":"https:\/\/www.pcb.ub.edu\/es\/wp-json\/wp\/v2\/comments?post=38861"}],"version-history":[{"count":1,"href":"https:\/\/www.pcb.ub.edu\/es\/wp-json\/wp\/v2\/posts\/38861\/revisions"}],"predecessor-version":[{"id":44967,"href":"https:\/\/www.pcb.ub.edu\/es\/wp-json\/wp\/v2\/posts\/38861\/revisions\/44967"}],"wp:featuredmedia":[{"embeddable":true,"href":"https:\/\/www.pcb.ub.edu\/es\/wp-json\/wp\/v2\/media\/25926"}],"wp:attachment":[{"href":"https:\/\/www.pcb.ub.edu\/es\/wp-json\/wp\/v2\/media?parent=38861"}],"wp:term":[{"taxonomy":"category","embeddable":true,"href":"https:\/\/www.pcb.ub.edu\/es\/wp-json\/wp\/v2\/categories?post=38861"},{"taxonomy":"post_tag","embeddable":true,"href":"https:\/\/www.pcb.ub.edu\/es\/wp-json\/wp\/v2\/tags?post=38861"}],"curies":[{"name":"wp","href":"https:\/\/api.w.org\/{rel}","templated":true}]}}