{"id":38775,"date":"2015-10-26T00:00:00","date_gmt":"2015-10-25T23:00:00","guid":{"rendered":"http:\/\/www.pcb.ub.edu\/\/exito-del-ibec-en-la-convocatoria-de-financiacion-para-el-proyecto-cerebro-humano\/"},"modified":"2020-11-16T16:21:25","modified_gmt":"2020-11-16T15:21:25","slug":"exito-del-ibec-en-la-convocatoria-de-financiacion-para-el-proyecto-cerebro-humano","status":"publish","type":"post","link":"https:\/\/www.pcb.ub.edu\/es\/exito-del-ibec-en-la-convocatoria-de-financiacion-para-el-proyecto-cerebro-humano\/","title":{"rendered":"\u00c9xito del IBEC en la convocatoria de financiaci\u00f3n para el Proyecto Cerebro Humano"},"content":{"rendered":"<p>Los cuatro proyectos seleccionados, de un total de 57 propuestas enviadas, est\u00e1n dirigidos a responder preguntas ambiciosas en el \u00e1mbito de la neurociencia cognitiva y de sistemas, y se basan en la colaboraci\u00f3n de investigadores de diferentes pa\u00edses europeos.<\/p>\n<p>El trabajo de investigaci\u00f3n\u00a0en el que est\u00e1 involucrado Pau, Wave Scaling Experiments and Simulations (WaveScalES), est\u00e1 coordinado por Pier Stanislao Paolucci del Instituto Nazionale di Fisica in Rome y su objetivo es estudiar\u00a0las redes neuronales subyacentes durante el sue\u00f1o y la vigilia en condiciones normales y en la enfermedad.<\/p>\n<p>Esta CEol \u00a0forma parte del acuerdo del <a href=\"https:\/\/www.humanbrainproject.eu\/\" target=\"_blank\" rel=\"noopener noreferrer\">Human Brain Project<\/a>\u00a0de asignar 8,9 millones de euros a la neurociencia cognitiva y de sistemas en los pr\u00f3ximos dos a\u00f1os. Los otros tres proyectos ganadores profundizar\u00e1n\u00a0en la memoria epis\u00f3dica como facultad espaciotemporal, en la integraci\u00f3n multisensorial y \u00a0la reconstrucci\u00f3n y codificaci\u00f3n, en la cuesti\u00f3n de la conciencia y en el estudio del procesamiento de informaci\u00f3n,\u00a0la modulaci\u00f3n de los niveles de excitaci\u00f3n, y la lesi\u00f3n cerebral.<\/p>\n<p>\u00a0<\/p>\n<p>\u00a0<\/p>\n","protected":false},"excerpt":{"rendered":"<p>Un estudio en el que participa el profesor investigador ICREA Pau Gorostiza, responsable de grupo del Instituto de Bioingenier\u00eda de Catalu\u00f1a (<a href=\"http:\/\/www.pcb.ub.edu\/portal\/es\/cerca?p_p_id=cercador_WAR_empleatsempresesportlet&amp;p_p_lifecycle=0&amp;p_p_state=maximized&amp;p_p_mode=view&amp;p_p_col_id=column-1&amp;p_p_col_count=1&amp;_cercador_WAR_empleatsempresesportlet_jspPage=%2Fhtml%2Fcommon%2Fdetall-empresa.jsp&amp;_cercador_WAR_empleatsempresesportlet_empresaId=ENT_000134&amp;_cercador_WAR_empleatsempresesportlet_redirect=%2Fportal%2Fen%2Fcerca%3Fp_p_id%3Dcercador_WAR_empleatsempresesportlet%26p_p_lifecycle%3D0%26p_p_state%3Dnormal%26p_p_mode%3Dview%26p_p_col_id%3Dcolumn-1%26p_p_col_count%3D1%26_cercador_WAR_empleatsempresesportlet_keywords%3Dibec%26_cercador_WAR_empleatsempresesportlet_tab%3D1\" target=\"_blank\" rel=\"noopener noreferrer\">IBEC)<\/a>, ha sido seleccionado por el programa Human Brain Project (<a href=\"https:\/\/www.humanbrainproject.eu\/es\/home\" target=\"_blank\" rel=\"noopener noreferrer\">HBP<\/a>) para obtener financiaci\u00f3n bajo la convocatoria Expresiones de Inter\u00e9s (<a href=\"https:\/\/www.humanbrainproject.eu\/164\" target=\"_blank\" rel=\"noopener noreferrer\">CEol<\/a>)\u00a0en Sistemas y Neurociencia Cognitiva. Gracias al \u00e9xito en esta convocatoria, el\u00a0IBEC y el resto de miembros que desarrollar\u00e1 este proyecto estar\u00e1n integrados en el consorcio HBP.<\/p>\n<p>\u00a0<\/p>\n","protected":false},"author":1,"featured_media":25590,"comment_status":"closed","ping_status":"open","sticky":false,"template":"","format":"standard","meta":{"_acf_changed":false,"inline_featured_image":false,"footnotes":""},"categories":[9],"tags":[],"class_list":["post-38775","post","type-post","status-publish","format-standard","has-post-thumbnail","category-sin-categorizar"],"acf":[],"yoast_head":"<!-- This site is optimized with the Yoast SEO plugin v27.3 - https:\/\/yoast.com\/product\/yoast-seo-wordpress\/ -->\n<title>\u00c9xito del IBEC en la convocatoria de financiaci\u00f3n para el Proyecto Cerebro Humano - Parc Cient\u00edfic de Barcelona<\/title>\n<meta name=\"robots\" content=\"index, follow, max-snippet:-1, max-image-preview:large, max-video-preview:-1\" \/>\n<link rel=\"canonical\" href=\"https:\/\/www.pcb.ub.edu\/es\/exito-del-ibec-en-la-convocatoria-de-financiacion-para-el-proyecto-cerebro-humano\/\" \/>\n<meta property=\"og:locale\" content=\"es_ES\" \/>\n<meta property=\"og:type\" content=\"article\" \/>\n<meta property=\"og:title\" content=\"\u00c9xito del IBEC en la convocatoria de financiaci\u00f3n para el Proyecto Cerebro Humano - Parc Cient\u00edfic de Barcelona\" \/>\n<meta property=\"og:description\" content=\"Un estudio en el que participa el profesor investigador ICREA Pau Gorostiza, responsable de grupo del Instituto de Bioingenier\u00eda de Catalu\u00f1a (IBEC), ha sido seleccionado por el programa Human Brain Project (HBP) para obtener financiaci\u00f3n bajo la convocatoria Expresiones de Inter\u00e9s (CEol)\u00a0en Sistemas y Neurociencia Cognitiva. Gracias al \u00e9xito en esta convocatoria, el\u00a0IBEC y el resto de miembros que desarrollar\u00e1 este proyecto estar\u00e1n integrados en el consorcio HBP. \u00a0\" \/>\n<meta property=\"og:url\" content=\"https:\/\/www.pcb.ub.edu\/es\/exito-del-ibec-en-la-convocatoria-de-financiacion-para-el-proyecto-cerebro-humano\/\" \/>\n<meta property=\"og:site_name\" content=\"Parc Cient\u00edfic de Barcelona\" \/>\n<meta property=\"article:published_time\" content=\"2015-10-25T23:00:00+00:00\" \/>\n<meta property=\"article:modified_time\" content=\"2020-11-16T15:21:25+00:00\" \/>\n<meta property=\"og:image\" content=\"https:\/\/www.pcb.ub.edu\/wp-content\/uploads\/2015\/10\/16049219455fa92a599989b.jpeg\" \/>\n\t<meta property=\"og:image:width\" content=\"800\" \/>\n\t<meta property=\"og:image:height\" content=\"472\" \/>\n\t<meta property=\"og:image:type\" content=\"image\/jpeg\" \/>\n<meta name=\"author\" content=\"adminpcb\" \/>\n<meta name=\"twitter:card\" content=\"summary_large_image\" \/>\n<meta name=\"twitter:label1\" content=\"Escrito por\" \/>\n\t<meta name=\"twitter:data1\" content=\"adminpcb\" \/>\n\t<meta name=\"twitter:label2\" content=\"Tiempo de lectura\" \/>\n\t<meta name=\"twitter:data2\" content=\"1 minuto\" \/>\n<script type=\"application\/ld+json\" class=\"yoast-schema-graph\">{\"@context\":\"https:\\\/\\\/schema.org\",\"@graph\":[{\"@type\":\"Article\",\"@id\":\"https:\\\/\\\/www.pcb.ub.edu\\\/es\\\/exito-del-ibec-en-la-convocatoria-de-financiacion-para-el-proyecto-cerebro-humano\\\/#article\",\"isPartOf\":{\"@id\":\"https:\\\/\\\/www.pcb.ub.edu\\\/es\\\/exito-del-ibec-en-la-convocatoria-de-financiacion-para-el-proyecto-cerebro-humano\\\/\"},\"author\":{\"name\":\"adminpcb\",\"@id\":\"https:\\\/\\\/www.pcb.ub.edu\\\/es\\\/#\\\/schema\\\/person\\\/d13cab05cd0a75b17fddca8496481021\"},\"headline\":\"\u00c9xito del IBEC en la convocatoria de financiaci\u00f3n para el Proyecto Cerebro Humano\",\"datePublished\":\"2015-10-25T23:00:00+00:00\",\"dateModified\":\"2020-11-16T15:21:25+00:00\",\"mainEntityOfPage\":{\"@id\":\"https:\\\/\\\/www.pcb.ub.edu\\\/es\\\/exito-del-ibec-en-la-convocatoria-de-financiacion-para-el-proyecto-cerebro-humano\\\/\"},\"wordCount\":194,\"image\":{\"@id\":\"https:\\\/\\\/www.pcb.ub.edu\\\/es\\\/exito-del-ibec-en-la-convocatoria-de-financiacion-para-el-proyecto-cerebro-humano\\\/#primaryimage\"},\"thumbnailUrl\":\"https:\\\/\\\/www.pcb.ub.edu\\\/wp-content\\\/uploads\\\/2015\\\/10\\\/16049219455fa92a599989b.jpeg\",\"articleSection\":[\"Sin categorizar\"],\"inLanguage\":\"es\"},{\"@type\":\"WebPage\",\"@id\":\"https:\\\/\\\/www.pcb.ub.edu\\\/es\\\/exito-del-ibec-en-la-convocatoria-de-financiacion-para-el-proyecto-cerebro-humano\\\/\",\"url\":\"https:\\\/\\\/www.pcb.ub.edu\\\/es\\\/exito-del-ibec-en-la-convocatoria-de-financiacion-para-el-proyecto-cerebro-humano\\\/\",\"name\":\"\u00c9xito del IBEC en la convocatoria de financiaci\u00f3n para el Proyecto Cerebro Humano - Parc Cient\u00edfic de Barcelona\",\"isPartOf\":{\"@id\":\"https:\\\/\\\/www.pcb.ub.edu\\\/es\\\/#website\"},\"primaryImageOfPage\":{\"@id\":\"https:\\\/\\\/www.pcb.ub.edu\\\/es\\\/exito-del-ibec-en-la-convocatoria-de-financiacion-para-el-proyecto-cerebro-humano\\\/#primaryimage\"},\"image\":{\"@id\":\"https:\\\/\\\/www.pcb.ub.edu\\\/es\\\/exito-del-ibec-en-la-convocatoria-de-financiacion-para-el-proyecto-cerebro-humano\\\/#primaryimage\"},\"thumbnailUrl\":\"https:\\\/\\\/www.pcb.ub.edu\\\/wp-content\\\/uploads\\\/2015\\\/10\\\/16049219455fa92a599989b.jpeg\",\"datePublished\":\"2015-10-25T23:00:00+00:00\",\"dateModified\":\"2020-11-16T15:21:25+00:00\",\"author\":{\"@id\":\"https:\\\/\\\/www.pcb.ub.edu\\\/es\\\/#\\\/schema\\\/person\\\/d13cab05cd0a75b17fddca8496481021\"},\"breadcrumb\":{\"@id\":\"https:\\\/\\\/www.pcb.ub.edu\\\/es\\\/exito-del-ibec-en-la-convocatoria-de-financiacion-para-el-proyecto-cerebro-humano\\\/#breadcrumb\"},\"inLanguage\":\"es\",\"potentialAction\":[{\"@type\":\"ReadAction\",\"target\":[\"https:\\\/\\\/www.pcb.ub.edu\\\/es\\\/exito-del-ibec-en-la-convocatoria-de-financiacion-para-el-proyecto-cerebro-humano\\\/\"]}]},{\"@type\":\"ImageObject\",\"inLanguage\":\"es\",\"@id\":\"https:\\\/\\\/www.pcb.ub.edu\\\/es\\\/exito-del-ibec-en-la-convocatoria-de-financiacion-para-el-proyecto-cerebro-humano\\\/#primaryimage\",\"url\":\"https:\\\/\\\/www.pcb.ub.edu\\\/wp-content\\\/uploads\\\/2015\\\/10\\\/16049219455fa92a599989b.jpeg\",\"contentUrl\":\"https:\\\/\\\/www.pcb.ub.edu\\\/wp-content\\\/uploads\\\/2015\\\/10\\\/16049219455fa92a599989b.jpeg\",\"width\":800,\"height\":472},{\"@type\":\"BreadcrumbList\",\"@id\":\"https:\\\/\\\/www.pcb.ub.edu\\\/es\\\/exito-del-ibec-en-la-convocatoria-de-financiacion-para-el-proyecto-cerebro-humano\\\/#breadcrumb\",\"itemListElement\":[{\"@type\":\"ListItem\",\"position\":1,\"name\":\"Home\",\"item\":\"https:\\\/\\\/www.pcb.ub.edu\\\/es\\\/\"},{\"@type\":\"ListItem\",\"position\":2,\"name\":\"\u00c9xito del IBEC en la convocatoria de financiaci\u00f3n para el Proyecto Cerebro Humano\"}]},{\"@type\":\"WebSite\",\"@id\":\"https:\\\/\\\/www.pcb.ub.edu\\\/es\\\/#website\",\"url\":\"https:\\\/\\\/www.pcb.ub.edu\\\/es\\\/\",\"name\":\"Parc Cient\u00edfic de Barcelona\",\"description\":\"Universitat de Barcelona\",\"potentialAction\":[{\"@type\":\"SearchAction\",\"target\":{\"@type\":\"EntryPoint\",\"urlTemplate\":\"https:\\\/\\\/www.pcb.ub.edu\\\/es\\\/?s={search_term_string}\"},\"query-input\":{\"@type\":\"PropertyValueSpecification\",\"valueRequired\":true,\"valueName\":\"search_term_string\"}}],\"inLanguage\":\"es\"},{\"@type\":\"Person\",\"@id\":\"https:\\\/\\\/www.pcb.ub.edu\\\/es\\\/#\\\/schema\\\/person\\\/d13cab05cd0a75b17fddca8496481021\",\"name\":\"adminpcb\",\"image\":{\"@type\":\"ImageObject\",\"inLanguage\":\"es\",\"@id\":\"https:\\\/\\\/secure.gravatar.com\\\/avatar\\\/41ad0fab4bb3bf5348b0af9612159cfd93173a57bbca98fecb50fa6f3ab97d28?s=96&d=mm&r=g\",\"url\":\"https:\\\/\\\/secure.gravatar.com\\\/avatar\\\/41ad0fab4bb3bf5348b0af9612159cfd93173a57bbca98fecb50fa6f3ab97d28?s=96&d=mm&r=g\",\"contentUrl\":\"https:\\\/\\\/secure.gravatar.com\\\/avatar\\\/41ad0fab4bb3bf5348b0af9612159cfd93173a57bbca98fecb50fa6f3ab97d28?s=96&d=mm&r=g\",\"caption\":\"adminpcb\"},\"url\":\"https:\\\/\\\/www.pcb.ub.edu\\\/es\\\/author\\\/adminpcb\\\/\"}]}<\/script>\n<!-- \/ Yoast SEO plugin. -->","yoast_head_json":{"title":"\u00c9xito del IBEC en la convocatoria de financiaci\u00f3n para el Proyecto Cerebro Humano - Parc Cient\u00edfic de Barcelona","robots":{"index":"index","follow":"follow","max-snippet":"max-snippet:-1","max-image-preview":"max-image-preview:large","max-video-preview":"max-video-preview:-1"},"canonical":"https:\/\/www.pcb.ub.edu\/es\/exito-del-ibec-en-la-convocatoria-de-financiacion-para-el-proyecto-cerebro-humano\/","og_locale":"es_ES","og_type":"article","og_title":"\u00c9xito del IBEC en la convocatoria de financiaci\u00f3n para el Proyecto Cerebro Humano - Parc Cient\u00edfic de Barcelona","og_description":"Un estudio en el que participa el profesor investigador ICREA Pau Gorostiza, responsable de grupo del Instituto de Bioingenier\u00eda de Catalu\u00f1a (IBEC), ha sido seleccionado por el programa Human Brain Project (HBP) para obtener financiaci\u00f3n bajo la convocatoria Expresiones de Inter\u00e9s (CEol)\u00a0en Sistemas y Neurociencia Cognitiva. Gracias al \u00e9xito en esta convocatoria, el\u00a0IBEC y el resto de miembros que desarrollar\u00e1 este proyecto estar\u00e1n integrados en el consorcio HBP. \u00a0","og_url":"https:\/\/www.pcb.ub.edu\/es\/exito-del-ibec-en-la-convocatoria-de-financiacion-para-el-proyecto-cerebro-humano\/","og_site_name":"Parc Cient\u00edfic de Barcelona","article_published_time":"2015-10-25T23:00:00+00:00","article_modified_time":"2020-11-16T15:21:25+00:00","og_image":[{"width":800,"height":472,"url":"https:\/\/www.pcb.ub.edu\/wp-content\/uploads\/2015\/10\/16049219455fa92a599989b.jpeg","type":"image\/jpeg"}],"author":"adminpcb","twitter_card":"summary_large_image","twitter_misc":{"Escrito por":"adminpcb","Tiempo de lectura":"1 minuto"},"schema":{"@context":"https:\/\/schema.org","@graph":[{"@type":"Article","@id":"https:\/\/www.pcb.ub.edu\/es\/exito-del-ibec-en-la-convocatoria-de-financiacion-para-el-proyecto-cerebro-humano\/#article","isPartOf":{"@id":"https:\/\/www.pcb.ub.edu\/es\/exito-del-ibec-en-la-convocatoria-de-financiacion-para-el-proyecto-cerebro-humano\/"},"author":{"name":"adminpcb","@id":"https:\/\/www.pcb.ub.edu\/es\/#\/schema\/person\/d13cab05cd0a75b17fddca8496481021"},"headline":"\u00c9xito del IBEC en la convocatoria de financiaci\u00f3n para el Proyecto Cerebro Humano","datePublished":"2015-10-25T23:00:00+00:00","dateModified":"2020-11-16T15:21:25+00:00","mainEntityOfPage":{"@id":"https:\/\/www.pcb.ub.edu\/es\/exito-del-ibec-en-la-convocatoria-de-financiacion-para-el-proyecto-cerebro-humano\/"},"wordCount":194,"image":{"@id":"https:\/\/www.pcb.ub.edu\/es\/exito-del-ibec-en-la-convocatoria-de-financiacion-para-el-proyecto-cerebro-humano\/#primaryimage"},"thumbnailUrl":"https:\/\/www.pcb.ub.edu\/wp-content\/uploads\/2015\/10\/16049219455fa92a599989b.jpeg","articleSection":["Sin categorizar"],"inLanguage":"es"},{"@type":"WebPage","@id":"https:\/\/www.pcb.ub.edu\/es\/exito-del-ibec-en-la-convocatoria-de-financiacion-para-el-proyecto-cerebro-humano\/","url":"https:\/\/www.pcb.ub.edu\/es\/exito-del-ibec-en-la-convocatoria-de-financiacion-para-el-proyecto-cerebro-humano\/","name":"\u00c9xito del IBEC en la convocatoria de financiaci\u00f3n para el Proyecto Cerebro Humano - Parc Cient\u00edfic de Barcelona","isPartOf":{"@id":"https:\/\/www.pcb.ub.edu\/es\/#website"},"primaryImageOfPage":{"@id":"https:\/\/www.pcb.ub.edu\/es\/exito-del-ibec-en-la-convocatoria-de-financiacion-para-el-proyecto-cerebro-humano\/#primaryimage"},"image":{"@id":"https:\/\/www.pcb.ub.edu\/es\/exito-del-ibec-en-la-convocatoria-de-financiacion-para-el-proyecto-cerebro-humano\/#primaryimage"},"thumbnailUrl":"https:\/\/www.pcb.ub.edu\/wp-content\/uploads\/2015\/10\/16049219455fa92a599989b.jpeg","datePublished":"2015-10-25T23:00:00+00:00","dateModified":"2020-11-16T15:21:25+00:00","author":{"@id":"https:\/\/www.pcb.ub.edu\/es\/#\/schema\/person\/d13cab05cd0a75b17fddca8496481021"},"breadcrumb":{"@id":"https:\/\/www.pcb.ub.edu\/es\/exito-del-ibec-en-la-convocatoria-de-financiacion-para-el-proyecto-cerebro-humano\/#breadcrumb"},"inLanguage":"es","potentialAction":[{"@type":"ReadAction","target":["https:\/\/www.pcb.ub.edu\/es\/exito-del-ibec-en-la-convocatoria-de-financiacion-para-el-proyecto-cerebro-humano\/"]}]},{"@type":"ImageObject","inLanguage":"es","@id":"https:\/\/www.pcb.ub.edu\/es\/exito-del-ibec-en-la-convocatoria-de-financiacion-para-el-proyecto-cerebro-humano\/#primaryimage","url":"https:\/\/www.pcb.ub.edu\/wp-content\/uploads\/2015\/10\/16049219455fa92a599989b.jpeg","contentUrl":"https:\/\/www.pcb.ub.edu\/wp-content\/uploads\/2015\/10\/16049219455fa92a599989b.jpeg","width":800,"height":472},{"@type":"BreadcrumbList","@id":"https:\/\/www.pcb.ub.edu\/es\/exito-del-ibec-en-la-convocatoria-de-financiacion-para-el-proyecto-cerebro-humano\/#breadcrumb","itemListElement":[{"@type":"ListItem","position":1,"name":"Home","item":"https:\/\/www.pcb.ub.edu\/es\/"},{"@type":"ListItem","position":2,"name":"\u00c9xito del IBEC en la convocatoria de financiaci\u00f3n para el Proyecto Cerebro Humano"}]},{"@type":"WebSite","@id":"https:\/\/www.pcb.ub.edu\/es\/#website","url":"https:\/\/www.pcb.ub.edu\/es\/","name":"Parc Cient\u00edfic de Barcelona","description":"Universitat de Barcelona","potentialAction":[{"@type":"SearchAction","target":{"@type":"EntryPoint","urlTemplate":"https:\/\/www.pcb.ub.edu\/es\/?s={search_term_string}"},"query-input":{"@type":"PropertyValueSpecification","valueRequired":true,"valueName":"search_term_string"}}],"inLanguage":"es"},{"@type":"Person","@id":"https:\/\/www.pcb.ub.edu\/es\/#\/schema\/person\/d13cab05cd0a75b17fddca8496481021","name":"adminpcb","image":{"@type":"ImageObject","inLanguage":"es","@id":"https:\/\/secure.gravatar.com\/avatar\/41ad0fab4bb3bf5348b0af9612159cfd93173a57bbca98fecb50fa6f3ab97d28?s=96&d=mm&r=g","url":"https:\/\/secure.gravatar.com\/avatar\/41ad0fab4bb3bf5348b0af9612159cfd93173a57bbca98fecb50fa6f3ab97d28?s=96&d=mm&r=g","contentUrl":"https:\/\/secure.gravatar.com\/avatar\/41ad0fab4bb3bf5348b0af9612159cfd93173a57bbca98fecb50fa6f3ab97d28?s=96&d=mm&r=g","caption":"adminpcb"},"url":"https:\/\/www.pcb.ub.edu\/es\/author\/adminpcb\/"}]}},"_links":{"self":[{"href":"https:\/\/www.pcb.ub.edu\/es\/wp-json\/wp\/v2\/posts\/38775","targetHints":{"allow":["GET"]}}],"collection":[{"href":"https:\/\/www.pcb.ub.edu\/es\/wp-json\/wp\/v2\/posts"}],"about":[{"href":"https:\/\/www.pcb.ub.edu\/es\/wp-json\/wp\/v2\/types\/post"}],"author":[{"embeddable":true,"href":"https:\/\/www.pcb.ub.edu\/es\/wp-json\/wp\/v2\/users\/1"}],"replies":[{"embeddable":true,"href":"https:\/\/www.pcb.ub.edu\/es\/wp-json\/wp\/v2\/comments?post=38775"}],"version-history":[{"count":1,"href":"https:\/\/www.pcb.ub.edu\/es\/wp-json\/wp\/v2\/posts\/38775\/revisions"}],"predecessor-version":[{"id":44885,"href":"https:\/\/www.pcb.ub.edu\/es\/wp-json\/wp\/v2\/posts\/38775\/revisions\/44885"}],"wp:featuredmedia":[{"embeddable":true,"href":"https:\/\/www.pcb.ub.edu\/es\/wp-json\/wp\/v2\/media\/25590"}],"wp:attachment":[{"href":"https:\/\/www.pcb.ub.edu\/es\/wp-json\/wp\/v2\/media?parent=38775"}],"wp:term":[{"taxonomy":"category","embeddable":true,"href":"https:\/\/www.pcb.ub.edu\/es\/wp-json\/wp\/v2\/categories?post=38775"},{"taxonomy":"post_tag","embeddable":true,"href":"https:\/\/www.pcb.ub.edu\/es\/wp-json\/wp\/v2\/tags?post=38775"}],"curies":[{"name":"wp","href":"https:\/\/api.w.org\/{rel}","templated":true}]}}