{"id":38745,"date":"2017-11-03T00:00:00","date_gmt":"2017-11-02T23:00:00","guid":{"rendered":"http:\/\/www.pcb.ub.edu\/\/entidades-del-pcb-impulsan-su-proyeccion-internacional-en-bio-europe-2017\/"},"modified":"2020-11-16T16:21:18","modified_gmt":"2020-11-16T15:21:18","slug":"entidades-del-pcb-impulsan-su-proyeccion-internacional-en-bio-europe-2017","status":"publish","type":"post","link":"https:\/\/www.pcb.ub.edu\/es\/entidades-del-pcb-impulsan-su-proyeccion-internacional-en-bio-europe-2017\/","title":{"rendered":"Entidades del PCB impulsan su proyecci\u00f3n internacional en BIO-Europe 2017"},"content":{"rendered":"<p>La\u00a0BioRegi\u00f3n\u00a0de Catalu\u00f1a estar\u00e1 representada por 33 empresas y entidades de los sectores biotecnol\u00f3gico, farmac\u00e9utico, de tecnolog\u00edas m\u00e9dicas y entidades de investigaci\u00f3n y capital riesgo e institucionales, siete de las cuales tienen su sede en el\u00a0PCB:\u00a0<a href=\"http:\/\/www.pcb.ub.edu\/portal\/es\/cerca?p_p_id=cercador_WAR_empleatsempresesportlet&amp;p_p_lifecycle=0&amp;p_p_state=maximized&amp;p_p_mode=view&amp;p_p_col_id=column-1&amp;p_p_col_count=1&amp;_cercador_WAR_empleatsempresesportlet_jspPage=%2Fhtml%2Fcommon%2Fdetall-empresa.jsp&amp;_cercador_WAR_empleatsempresesportlet_empresaId=ENT_000136&amp;_cercador_WAR_empleatsempresesportlet_redirect=%2Fportal%2Fca%2Fcerca%3Fp_p_id%3Dcercador_WAR_empleatsempresesportlet%26p_p_lifecycle%3D0%26p_p_mode%3Dview%26_cercador_WAR_empleatsempresesportlet_keywords%3Desteve%26_cercador_WAR_empleatsempresesportlet_tab%3D1\" target=\"_blank\" rel=\"noopener noreferrer\">Esteve,<\/a>\u00a0<a href=\"http:\/\/www.pcb.ub.edu\/portal\/es\/cerca?p_p_id=cercador_WAR_empleatsempresesportlet&amp;p_p_lifecycle=0&amp;p_p_state=maximized&amp;p_p_mode=view&amp;p_p_col_id=column-1&amp;p_p_col_count=1&amp;_cercador_WAR_empleatsempresesportlet_jspPage=%2Fhtml%2Fcommon%2Fdetall-empresa.jsp&amp;_cercador_WAR_empleatsempresesportlet_empresaId=ENT_000183&amp;_cercador_WAR_empleatsempresesportlet_redirect=%2Fportal%2Fca%2Fcerca%3Fp_p_id%3Dcercador_WAR_empleatsempresesportlet%26p_p_lifecycle%3D0%26p_p_mode%3Dview%26_cercador_WAR_empleatsempresesportlet_tab%3D1%26_cercador_WAR_empleatsempresesportlet_keywords%3Dintelligent\" target=\"_blank\" rel=\"noopener noreferrer\">Intelligent Pharma<\/a>,\u00a0<a href=\"http:\/\/www.pcb.ub.edu\/portal\/es\/cerca?p_p_id=cercador_WAR_empleatsempresesportlet&amp;p_p_lifecycle=0&amp;p_p_state=maximized&amp;p_p_mode=view&amp;p_p_col_id=column-1&amp;p_p_col_count=1&amp;_cercador_WAR_empleatsempresesportlet_jspPage=%2Fhtml%2Fcommon%2Fdetall-empresa.jsp&amp;_cercador_WAR_empleatsempresesportlet_empresaId=ENT_000134&amp;_cercador_WAR_empleatsempresesportlet_redirect=%2Fportal%2Fca%2Fcerca%3Fp_p_id%3Dcercador_WAR_empleatsempresesportlet%26p_p_lifecycle%3D0%26p_p_mode%3Dview%26_cercador_WAR_empleatsempresesportlet_keywords%3Dibec%26_cercador_WAR_empleatsempresesportlet_tab%3D1\" target=\"_blank\" rel=\"noopener noreferrer\">Institut de Bioenginyeria de Catalunya (IBEC)<\/a>,\u00a0<a href=\"http:\/\/www.pcb.ub.edu\/portal\/es\/cerca?p_p_id=cercador_WAR_empleatsempresesportlet&amp;p_p_lifecycle=0&amp;p_p_state=maximized&amp;p_p_mode=view&amp;p_p_col_id=column-1&amp;p_p_col_count=1&amp;_cercador_WAR_empleatsempresesportlet_jspPage=%2Fhtml%2Fcommon%2Fdetall-empresa.jsp&amp;_cercador_WAR_empleatsempresesportlet_empresaId=ENT_005524&amp;_cercador_WAR_empleatsempresesportlet_redirect=%2Fportal%2Fca%2Fcerca%3Fp_p_id%3Dcercador_WAR_empleatsempresesportlet%26p_p_lifecycle%3D0%26p_p_mode%3Dview%26_cercador_WAR_empleatsempresesportlet_keywords%3Dbyte%26_cercador_WAR_empleatsempresesportlet_tab%3D1\" target=\"_blank\" rel=\"noopener noreferrer\">Mind the Byte<\/a><a href=\"http:\/\/www.pcb.ub.edu\/portal\/es\/cerca?p_p_id=cercador_WAR_empleatsempresesportlet&amp;p_p_lifecycle=0&amp;p_p_state=maximized&amp;p_p_mode=view&amp;p_p_col_id=column-1&amp;p_p_col_count=1&amp;_cercador_WAR_empleatsempresesportlet_jspPage=%2Fhtml%2Fcommon%2Fdetall-empresa.jsp&amp;_cercador_WAR_empleatsempresesportlet_empresaId=ENT_007191&amp;_cercador_WAR_empleatsempresesportlet_redirect=%2Fportal%2Fca%2Fcerca%3Fp_p_id%3Dcercador_WAR_empleatsempresesportlet%26p_p_lifecycle%3D0%26p_p_mode%3Dview%26_cercador_WAR_empleatsempresesportlet_tab%3D1%26_cercador_WAR_empleatsempresesportlet_keywords%3Dmolomics\" target=\"_blank\" rel=\"noopener noreferrer\">,\u00a0Molomics Biotech<\/a>,\u00a0<a href=\"http:\/\/www.pcb.ub.edu\/portal\/es\/cerca?p_p_id=cercador_WAR_empleatsempresesportlet&amp;p_p_lifecycle=0&amp;p_p_state=maximized&amp;p_p_mode=view&amp;p_p_col_id=column-1&amp;p_p_col_count=1&amp;_cercador_WAR_empleatsempresesportlet_jspPage=%2Fhtml%2Fcommon%2Fdetall-empresa.jsp&amp;_cercador_WAR_empleatsempresesportlet_empresaId=ENT_005685&amp;_cercador_WAR_empleatsempresesportlet_redirect=%2Fportal%2Fca%2Fcerca%3Fp_p_id%3Dcercador_WAR_empleatsempresesportlet%26p_p_lifecycle%3D0%26p_p_mode%3Dview%26_cercador_WAR_empleatsempresesportlet_keywords%3Dproteodesign%26_cercador_WAR_empleatsempresesportlet_tab%3D1\" target=\"_blank\" rel=\"noopener noreferrer\">Proteodesign<\/a>\u00a0y <a href=\"http:\/\/www.pcb.ub.edu\/portal\/es\/cerca?p_p_id=cercador_WAR_empleatsempresesportlet&amp;p_p_lifecycle=0&amp;p_p_state=maximized&amp;p_p_mode=view&amp;p_p_col_id=column-1&amp;p_p_col_count=1&amp;_cercador_WAR_empleatsempresesportlet_jspPage=%2Fhtml%2Fcommon%2Fdetall-empresa.jsp&amp;_cercador_WAR_empleatsempresesportlet_empresaId=ENT_003948&amp;_cercador_WAR_empleatsempresesportlet_redirect=%2Fportal%2Fes%2Fcerca%3Fp_p_id%3Dcercador_WAR_empleatsempresesportlet%26p_p_lifecycle%3D0%26p_p_mode%3Dview%26_cercador_WAR_empleatsempresesportlet_keywords%3DSOM%26_cercador_WAR_empleatsempresesportlet_tab%3D1\" target=\"_blank\" rel=\"noopener noreferrer\">SOM Biotech<\/a>.<\/p>\n<p>Biocat dispondr\u00e1 de un un espacio\u00a0en el\u00a0estand del proyecto europeo\u00a0<a href=\"http:\/\/www.biocat.cat\/es\/que-hacemos\/internacionalizacion\/redes-y-proyectos-europeos\/bioxclusters-plus\" target=\"_blank\" rel=\"noopener noreferrer\">bioXclusters plus<\/a>\u00a0(n\u00famero 31),\u00a0compartido con los otros 3 cl\u00fasteres europeos l\u00edderes en biotecnolog\u00eda y salud (BioM, BioPMed and Lyonbiopole), donde las\u00a0empresas de la BioRegi\u00f3n de Catalu\u00f1a\u00a0podr\u00e1n depositar su\u00a0material informativo\u00a0y conocer las iniciativas de bioXclusters plus para el aterrizaje en mercados extranjeros (EE.UU., Canad\u00e1, Jap\u00f3n, Corea del Sur, China, Brasil).\u00a0\u00a0<\/p>\n<p>La entidad tambi\u00e9n organizar\u00e1 varias actividades a\u00a0BIO-Europe\u00a0Berlin:una sesi\u00f3n de\u00a0networking\u00a0organizada en el marco del proyecto europeo\u00a0<a href=\"http:\/\/www.biocat.cat\/ca\/fem\/internacionalitzacio\/xarxes-projectes-europeus\/boost4health\" target=\"_blank\" rel=\"noopener noreferrer\">Boost4Health<\/a>; lajornada sobre servicios de internalizaci\u00f3n\u00a0<a href=\"https:\/\/www.clustercollaboration.eu\/profile-articles\/bioxclustersplus-meet-our-global-gateways-bio-europe-2017\" target=\"_blank\" rel=\"noopener noreferrer\">Global Gateways<\/a>\u00a0y la competici\u00f3n de <em>pitching\u00a0<\/em><a href=\"https:\/\/ebdgroup.knect365.com\/bioeurope\/startup-slam?_ga=2.112440896.599970062.1509621496-2096382819.1493207911\" target=\"_blank\" rel=\"noopener noreferrer\">Startup Slam<\/a>, entre otras\u00a0<\/p>\n<address>\u25baM\u00e1s\u00a0informaci\u00f3n en la <a href=\"http:\/\/www.biocat.cat\/es\/agenda-del-sector\/bio-europe-2017\" target=\"_blank\" rel=\"noopener noreferrer\">web de Biocat [+]<\/a><br \/>\n\u25baToda la actividad del evento se puede seguir en Twitter con la etiqueta\u00a0<a data-query-source=\"hashtag_click\" href=\"https:\/\/twitter.com\/hashtag\/BIOEurope?src=hash\">#BIOEurope<\/a><\/address>\n","protected":false},"excerpt":{"rendered":"<p>Entre los d\u00edas 6 y 8 de noviembre,\u00a0Berlin\u00a0acoger\u00e1\u00a0<a href=\"https:\/\/ebdgroup.knect365.com\/bioeurope\/\" target=\"_blank\" rel=\"noopener noreferrer\">BIO-Europe 2017<\/a>, el encuentro de\u00a0partnering\u00a0de la industria biotecnol\u00f3gica y farmac\u00e9utica m\u00e1s grande de Europa y una de las m\u00e1s importantes del mundo, organizada por\u00a0EBD-Group\u00a0y en la que tambi\u00e9n colabora\u00a0<a href=\"http:\/\/www.pcb.ub.edu\/portal\/es\/cerca?p_p_id=cercador_WAR_empleatsempresesportlet&amp;p_p_lifecycle=0&amp;p_p_state=maximized&amp;p_p_mode=view&amp;p_p_col_id=column-1&amp;p_p_col_count=1&amp;_cercador_WAR_empleatsempresesportlet_jspPage=%2Fhtml%2Fcommon%2Fdetall-empresa.jsp&amp;_cercador_WAR_empleatsempresesportlet_empresaId=ENT_003738&amp;_cercador_WAR_empleatsempresesportlet_redirect=%2Fportal%2Fca%2Fcerca%3Fp_p_id%3Dcercador_WAR_empleatsempresesportlet%26p_p_lifecycle%3D0%26p_p_mode%3Dview%26_cercador_WAR_empleatsempresesportlet_keywords%3Dbiocat%26_cercador_WAR_empleatsempresesportlet_tab%3D1\" target=\"_blank\" rel=\"noopener noreferrer\">Biocat\u00a0<\/a>desde su sede en el Parc Cient\u00edfic\u00a0de Barcelona (PCB). El evento, que volver\u00e1 a atraer m\u00e1s de 3.800 asistentes de 2.000 empresas de 60 pa\u00edses, contar\u00e1\u00a0un a\u00f1o m\u00e1s, con una destacada representaci\u00f3n del\u00a0PCB.<\/p>\n<p>\u00a0<\/p>\n","protected":false},"author":1,"featured_media":25470,"comment_status":"closed","ping_status":"open","sticky":false,"template":"","format":"standard","meta":{"_acf_changed":false,"inline_featured_image":false,"footnotes":""},"categories":[9],"tags":[],"class_list":["post-38745","post","type-post","status-publish","format-standard","has-post-thumbnail","category-sin-categorizar"],"acf":[],"yoast_head":"<!-- This site is optimized with the Yoast SEO plugin v27.3 - https:\/\/yoast.com\/product\/yoast-seo-wordpress\/ -->\n<title>Entidades del PCB impulsan su proyecci\u00f3n internacional en BIO-Europe 2017 - Parc Cient\u00edfic de Barcelona<\/title>\n<meta name=\"robots\" content=\"index, follow, max-snippet:-1, max-image-preview:large, max-video-preview:-1\" \/>\n<link rel=\"canonical\" href=\"https:\/\/www.pcb.ub.edu\/es\/entidades-del-pcb-impulsan-su-proyeccion-internacional-en-bio-europe-2017\/\" \/>\n<meta property=\"og:locale\" content=\"es_ES\" \/>\n<meta property=\"og:type\" content=\"article\" \/>\n<meta property=\"og:title\" content=\"Entidades del PCB impulsan su proyecci\u00f3n internacional en BIO-Europe 2017 - Parc Cient\u00edfic de Barcelona\" \/>\n<meta property=\"og:description\" content=\"Entre los d\u00edas 6 y 8 de noviembre,\u00a0Berlin\u00a0acoger\u00e1\u00a0BIO-Europe 2017, el encuentro de\u00a0partnering\u00a0de la industria biotecnol\u00f3gica y farmac\u00e9utica m\u00e1s grande de Europa y una de las m\u00e1s importantes del mundo, organizada por\u00a0EBD-Group\u00a0y en la que tambi\u00e9n colabora\u00a0Biocat\u00a0desde su sede en el Parc Cient\u00edfic\u00a0de Barcelona (PCB). El evento, que volver\u00e1 a atraer m\u00e1s de 3.800 asistentes de 2.000 empresas de 60 pa\u00edses, contar\u00e1\u00a0un a\u00f1o m\u00e1s, con una destacada representaci\u00f3n del\u00a0PCB. \u00a0\" \/>\n<meta property=\"og:url\" content=\"https:\/\/www.pcb.ub.edu\/es\/entidades-del-pcb-impulsan-su-proyeccion-internacional-en-bio-europe-2017\/\" \/>\n<meta property=\"og:site_name\" content=\"Parc Cient\u00edfic de Barcelona\" \/>\n<meta property=\"article:published_time\" content=\"2017-11-02T23:00:00+00:00\" \/>\n<meta property=\"article:modified_time\" content=\"2020-11-16T15:21:18+00:00\" \/>\n<meta property=\"og:image\" content=\"https:\/\/www.pcb.ub.edu\/wp-content\/uploads\/2017\/11\/16049218715fa92a0fdc7e1.jpeg\" \/>\n\t<meta property=\"og:image:width\" content=\"800\" \/>\n\t<meta property=\"og:image:height\" content=\"315\" \/>\n\t<meta property=\"og:image:type\" content=\"image\/jpeg\" \/>\n<meta name=\"author\" content=\"adminpcb\" \/>\n<meta name=\"twitter:card\" content=\"summary_large_image\" \/>\n<meta name=\"twitter:label1\" content=\"Escrito por\" \/>\n\t<meta name=\"twitter:data1\" content=\"adminpcb\" \/>\n\t<meta name=\"twitter:label2\" content=\"Tiempo de lectura\" \/>\n\t<meta name=\"twitter:data2\" content=\"1 minuto\" \/>\n<script type=\"application\/ld+json\" class=\"yoast-schema-graph\">{\"@context\":\"https:\\\/\\\/schema.org\",\"@graph\":[{\"@type\":\"Article\",\"@id\":\"https:\\\/\\\/www.pcb.ub.edu\\\/es\\\/entidades-del-pcb-impulsan-su-proyeccion-internacional-en-bio-europe-2017\\\/#article\",\"isPartOf\":{\"@id\":\"https:\\\/\\\/www.pcb.ub.edu\\\/es\\\/entidades-del-pcb-impulsan-su-proyeccion-internacional-en-bio-europe-2017\\\/\"},\"author\":{\"name\":\"adminpcb\",\"@id\":\"https:\\\/\\\/www.pcb.ub.edu\\\/es\\\/#\\\/schema\\\/person\\\/d13cab05cd0a75b17fddca8496481021\"},\"headline\":\"Entidades del PCB impulsan su proyecci\u00f3n internacional en BIO-Europe 2017\",\"datePublished\":\"2017-11-02T23:00:00+00:00\",\"dateModified\":\"2020-11-16T15:21:18+00:00\",\"mainEntityOfPage\":{\"@id\":\"https:\\\/\\\/www.pcb.ub.edu\\\/es\\\/entidades-del-pcb-impulsan-su-proyeccion-internacional-en-bio-europe-2017\\\/\"},\"wordCount\":210,\"image\":{\"@id\":\"https:\\\/\\\/www.pcb.ub.edu\\\/es\\\/entidades-del-pcb-impulsan-su-proyeccion-internacional-en-bio-europe-2017\\\/#primaryimage\"},\"thumbnailUrl\":\"https:\\\/\\\/www.pcb.ub.edu\\\/wp-content\\\/uploads\\\/2017\\\/11\\\/16049218715fa92a0fdc7e1.jpeg\",\"articleSection\":[\"Sin categorizar\"],\"inLanguage\":\"es\"},{\"@type\":\"WebPage\",\"@id\":\"https:\\\/\\\/www.pcb.ub.edu\\\/es\\\/entidades-del-pcb-impulsan-su-proyeccion-internacional-en-bio-europe-2017\\\/\",\"url\":\"https:\\\/\\\/www.pcb.ub.edu\\\/es\\\/entidades-del-pcb-impulsan-su-proyeccion-internacional-en-bio-europe-2017\\\/\",\"name\":\"Entidades del PCB impulsan su proyecci\u00f3n internacional en BIO-Europe 2017 - Parc Cient\u00edfic de Barcelona\",\"isPartOf\":{\"@id\":\"https:\\\/\\\/www.pcb.ub.edu\\\/es\\\/#website\"},\"primaryImageOfPage\":{\"@id\":\"https:\\\/\\\/www.pcb.ub.edu\\\/es\\\/entidades-del-pcb-impulsan-su-proyeccion-internacional-en-bio-europe-2017\\\/#primaryimage\"},\"image\":{\"@id\":\"https:\\\/\\\/www.pcb.ub.edu\\\/es\\\/entidades-del-pcb-impulsan-su-proyeccion-internacional-en-bio-europe-2017\\\/#primaryimage\"},\"thumbnailUrl\":\"https:\\\/\\\/www.pcb.ub.edu\\\/wp-content\\\/uploads\\\/2017\\\/11\\\/16049218715fa92a0fdc7e1.jpeg\",\"datePublished\":\"2017-11-02T23:00:00+00:00\",\"dateModified\":\"2020-11-16T15:21:18+00:00\",\"author\":{\"@id\":\"https:\\\/\\\/www.pcb.ub.edu\\\/es\\\/#\\\/schema\\\/person\\\/d13cab05cd0a75b17fddca8496481021\"},\"breadcrumb\":{\"@id\":\"https:\\\/\\\/www.pcb.ub.edu\\\/es\\\/entidades-del-pcb-impulsan-su-proyeccion-internacional-en-bio-europe-2017\\\/#breadcrumb\"},\"inLanguage\":\"es\",\"potentialAction\":[{\"@type\":\"ReadAction\",\"target\":[\"https:\\\/\\\/www.pcb.ub.edu\\\/es\\\/entidades-del-pcb-impulsan-su-proyeccion-internacional-en-bio-europe-2017\\\/\"]}]},{\"@type\":\"ImageObject\",\"inLanguage\":\"es\",\"@id\":\"https:\\\/\\\/www.pcb.ub.edu\\\/es\\\/entidades-del-pcb-impulsan-su-proyeccion-internacional-en-bio-europe-2017\\\/#primaryimage\",\"url\":\"https:\\\/\\\/www.pcb.ub.edu\\\/wp-content\\\/uploads\\\/2017\\\/11\\\/16049218715fa92a0fdc7e1.jpeg\",\"contentUrl\":\"https:\\\/\\\/www.pcb.ub.edu\\\/wp-content\\\/uploads\\\/2017\\\/11\\\/16049218715fa92a0fdc7e1.jpeg\",\"width\":800,\"height\":315},{\"@type\":\"BreadcrumbList\",\"@id\":\"https:\\\/\\\/www.pcb.ub.edu\\\/es\\\/entidades-del-pcb-impulsan-su-proyeccion-internacional-en-bio-europe-2017\\\/#breadcrumb\",\"itemListElement\":[{\"@type\":\"ListItem\",\"position\":1,\"name\":\"Home\",\"item\":\"https:\\\/\\\/www.pcb.ub.edu\\\/es\\\/\"},{\"@type\":\"ListItem\",\"position\":2,\"name\":\"Entidades del PCB impulsan su proyecci\u00f3n internacional en BIO-Europe 2017\"}]},{\"@type\":\"WebSite\",\"@id\":\"https:\\\/\\\/www.pcb.ub.edu\\\/es\\\/#website\",\"url\":\"https:\\\/\\\/www.pcb.ub.edu\\\/es\\\/\",\"name\":\"Parc Cient\u00edfic de Barcelona\",\"description\":\"Universitat de Barcelona\",\"potentialAction\":[{\"@type\":\"SearchAction\",\"target\":{\"@type\":\"EntryPoint\",\"urlTemplate\":\"https:\\\/\\\/www.pcb.ub.edu\\\/es\\\/?s={search_term_string}\"},\"query-input\":{\"@type\":\"PropertyValueSpecification\",\"valueRequired\":true,\"valueName\":\"search_term_string\"}}],\"inLanguage\":\"es\"},{\"@type\":\"Person\",\"@id\":\"https:\\\/\\\/www.pcb.ub.edu\\\/es\\\/#\\\/schema\\\/person\\\/d13cab05cd0a75b17fddca8496481021\",\"name\":\"adminpcb\",\"image\":{\"@type\":\"ImageObject\",\"inLanguage\":\"es\",\"@id\":\"https:\\\/\\\/secure.gravatar.com\\\/avatar\\\/41ad0fab4bb3bf5348b0af9612159cfd93173a57bbca98fecb50fa6f3ab97d28?s=96&d=mm&r=g\",\"url\":\"https:\\\/\\\/secure.gravatar.com\\\/avatar\\\/41ad0fab4bb3bf5348b0af9612159cfd93173a57bbca98fecb50fa6f3ab97d28?s=96&d=mm&r=g\",\"contentUrl\":\"https:\\\/\\\/secure.gravatar.com\\\/avatar\\\/41ad0fab4bb3bf5348b0af9612159cfd93173a57bbca98fecb50fa6f3ab97d28?s=96&d=mm&r=g\",\"caption\":\"adminpcb\"},\"url\":\"https:\\\/\\\/www.pcb.ub.edu\\\/es\\\/author\\\/adminpcb\\\/\"}]}<\/script>\n<!-- \/ Yoast SEO plugin. -->","yoast_head_json":{"title":"Entidades del PCB impulsan su proyecci\u00f3n internacional en BIO-Europe 2017 - Parc Cient\u00edfic de Barcelona","robots":{"index":"index","follow":"follow","max-snippet":"max-snippet:-1","max-image-preview":"max-image-preview:large","max-video-preview":"max-video-preview:-1"},"canonical":"https:\/\/www.pcb.ub.edu\/es\/entidades-del-pcb-impulsan-su-proyeccion-internacional-en-bio-europe-2017\/","og_locale":"es_ES","og_type":"article","og_title":"Entidades del PCB impulsan su proyecci\u00f3n internacional en BIO-Europe 2017 - Parc Cient\u00edfic de Barcelona","og_description":"Entre los d\u00edas 6 y 8 de noviembre,\u00a0Berlin\u00a0acoger\u00e1\u00a0BIO-Europe 2017, el encuentro de\u00a0partnering\u00a0de la industria biotecnol\u00f3gica y farmac\u00e9utica m\u00e1s grande de Europa y una de las m\u00e1s importantes del mundo, organizada por\u00a0EBD-Group\u00a0y en la que tambi\u00e9n colabora\u00a0Biocat\u00a0desde su sede en el Parc Cient\u00edfic\u00a0de Barcelona (PCB). El evento, que volver\u00e1 a atraer m\u00e1s de 3.800 asistentes de 2.000 empresas de 60 pa\u00edses, contar\u00e1\u00a0un a\u00f1o m\u00e1s, con una destacada representaci\u00f3n del\u00a0PCB. \u00a0","og_url":"https:\/\/www.pcb.ub.edu\/es\/entidades-del-pcb-impulsan-su-proyeccion-internacional-en-bio-europe-2017\/","og_site_name":"Parc Cient\u00edfic de Barcelona","article_published_time":"2017-11-02T23:00:00+00:00","article_modified_time":"2020-11-16T15:21:18+00:00","og_image":[{"width":800,"height":315,"url":"https:\/\/www.pcb.ub.edu\/wp-content\/uploads\/2017\/11\/16049218715fa92a0fdc7e1.jpeg","type":"image\/jpeg"}],"author":"adminpcb","twitter_card":"summary_large_image","twitter_misc":{"Escrito por":"adminpcb","Tiempo de lectura":"1 minuto"},"schema":{"@context":"https:\/\/schema.org","@graph":[{"@type":"Article","@id":"https:\/\/www.pcb.ub.edu\/es\/entidades-del-pcb-impulsan-su-proyeccion-internacional-en-bio-europe-2017\/#article","isPartOf":{"@id":"https:\/\/www.pcb.ub.edu\/es\/entidades-del-pcb-impulsan-su-proyeccion-internacional-en-bio-europe-2017\/"},"author":{"name":"adminpcb","@id":"https:\/\/www.pcb.ub.edu\/es\/#\/schema\/person\/d13cab05cd0a75b17fddca8496481021"},"headline":"Entidades del PCB impulsan su proyecci\u00f3n internacional en BIO-Europe 2017","datePublished":"2017-11-02T23:00:00+00:00","dateModified":"2020-11-16T15:21:18+00:00","mainEntityOfPage":{"@id":"https:\/\/www.pcb.ub.edu\/es\/entidades-del-pcb-impulsan-su-proyeccion-internacional-en-bio-europe-2017\/"},"wordCount":210,"image":{"@id":"https:\/\/www.pcb.ub.edu\/es\/entidades-del-pcb-impulsan-su-proyeccion-internacional-en-bio-europe-2017\/#primaryimage"},"thumbnailUrl":"https:\/\/www.pcb.ub.edu\/wp-content\/uploads\/2017\/11\/16049218715fa92a0fdc7e1.jpeg","articleSection":["Sin categorizar"],"inLanguage":"es"},{"@type":"WebPage","@id":"https:\/\/www.pcb.ub.edu\/es\/entidades-del-pcb-impulsan-su-proyeccion-internacional-en-bio-europe-2017\/","url":"https:\/\/www.pcb.ub.edu\/es\/entidades-del-pcb-impulsan-su-proyeccion-internacional-en-bio-europe-2017\/","name":"Entidades del PCB impulsan su proyecci\u00f3n internacional en BIO-Europe 2017 - Parc Cient\u00edfic de Barcelona","isPartOf":{"@id":"https:\/\/www.pcb.ub.edu\/es\/#website"},"primaryImageOfPage":{"@id":"https:\/\/www.pcb.ub.edu\/es\/entidades-del-pcb-impulsan-su-proyeccion-internacional-en-bio-europe-2017\/#primaryimage"},"image":{"@id":"https:\/\/www.pcb.ub.edu\/es\/entidades-del-pcb-impulsan-su-proyeccion-internacional-en-bio-europe-2017\/#primaryimage"},"thumbnailUrl":"https:\/\/www.pcb.ub.edu\/wp-content\/uploads\/2017\/11\/16049218715fa92a0fdc7e1.jpeg","datePublished":"2017-11-02T23:00:00+00:00","dateModified":"2020-11-16T15:21:18+00:00","author":{"@id":"https:\/\/www.pcb.ub.edu\/es\/#\/schema\/person\/d13cab05cd0a75b17fddca8496481021"},"breadcrumb":{"@id":"https:\/\/www.pcb.ub.edu\/es\/entidades-del-pcb-impulsan-su-proyeccion-internacional-en-bio-europe-2017\/#breadcrumb"},"inLanguage":"es","potentialAction":[{"@type":"ReadAction","target":["https:\/\/www.pcb.ub.edu\/es\/entidades-del-pcb-impulsan-su-proyeccion-internacional-en-bio-europe-2017\/"]}]},{"@type":"ImageObject","inLanguage":"es","@id":"https:\/\/www.pcb.ub.edu\/es\/entidades-del-pcb-impulsan-su-proyeccion-internacional-en-bio-europe-2017\/#primaryimage","url":"https:\/\/www.pcb.ub.edu\/wp-content\/uploads\/2017\/11\/16049218715fa92a0fdc7e1.jpeg","contentUrl":"https:\/\/www.pcb.ub.edu\/wp-content\/uploads\/2017\/11\/16049218715fa92a0fdc7e1.jpeg","width":800,"height":315},{"@type":"BreadcrumbList","@id":"https:\/\/www.pcb.ub.edu\/es\/entidades-del-pcb-impulsan-su-proyeccion-internacional-en-bio-europe-2017\/#breadcrumb","itemListElement":[{"@type":"ListItem","position":1,"name":"Home","item":"https:\/\/www.pcb.ub.edu\/es\/"},{"@type":"ListItem","position":2,"name":"Entidades del PCB impulsan su proyecci\u00f3n internacional en BIO-Europe 2017"}]},{"@type":"WebSite","@id":"https:\/\/www.pcb.ub.edu\/es\/#website","url":"https:\/\/www.pcb.ub.edu\/es\/","name":"Parc Cient\u00edfic de Barcelona","description":"Universitat de Barcelona","potentialAction":[{"@type":"SearchAction","target":{"@type":"EntryPoint","urlTemplate":"https:\/\/www.pcb.ub.edu\/es\/?s={search_term_string}"},"query-input":{"@type":"PropertyValueSpecification","valueRequired":true,"valueName":"search_term_string"}}],"inLanguage":"es"},{"@type":"Person","@id":"https:\/\/www.pcb.ub.edu\/es\/#\/schema\/person\/d13cab05cd0a75b17fddca8496481021","name":"adminpcb","image":{"@type":"ImageObject","inLanguage":"es","@id":"https:\/\/secure.gravatar.com\/avatar\/41ad0fab4bb3bf5348b0af9612159cfd93173a57bbca98fecb50fa6f3ab97d28?s=96&d=mm&r=g","url":"https:\/\/secure.gravatar.com\/avatar\/41ad0fab4bb3bf5348b0af9612159cfd93173a57bbca98fecb50fa6f3ab97d28?s=96&d=mm&r=g","contentUrl":"https:\/\/secure.gravatar.com\/avatar\/41ad0fab4bb3bf5348b0af9612159cfd93173a57bbca98fecb50fa6f3ab97d28?s=96&d=mm&r=g","caption":"adminpcb"},"url":"https:\/\/www.pcb.ub.edu\/es\/author\/adminpcb\/"}]}},"_links":{"self":[{"href":"https:\/\/www.pcb.ub.edu\/es\/wp-json\/wp\/v2\/posts\/38745","targetHints":{"allow":["GET"]}}],"collection":[{"href":"https:\/\/www.pcb.ub.edu\/es\/wp-json\/wp\/v2\/posts"}],"about":[{"href":"https:\/\/www.pcb.ub.edu\/es\/wp-json\/wp\/v2\/types\/post"}],"author":[{"embeddable":true,"href":"https:\/\/www.pcb.ub.edu\/es\/wp-json\/wp\/v2\/users\/1"}],"replies":[{"embeddable":true,"href":"https:\/\/www.pcb.ub.edu\/es\/wp-json\/wp\/v2\/comments?post=38745"}],"version-history":[{"count":1,"href":"https:\/\/www.pcb.ub.edu\/es\/wp-json\/wp\/v2\/posts\/38745\/revisions"}],"predecessor-version":[{"id":44856,"href":"https:\/\/www.pcb.ub.edu\/es\/wp-json\/wp\/v2\/posts\/38745\/revisions\/44856"}],"wp:featuredmedia":[{"embeddable":true,"href":"https:\/\/www.pcb.ub.edu\/es\/wp-json\/wp\/v2\/media\/25470"}],"wp:attachment":[{"href":"https:\/\/www.pcb.ub.edu\/es\/wp-json\/wp\/v2\/media?parent=38745"}],"wp:term":[{"taxonomy":"category","embeddable":true,"href":"https:\/\/www.pcb.ub.edu\/es\/wp-json\/wp\/v2\/categories?post=38745"},{"taxonomy":"post_tag","embeddable":true,"href":"https:\/\/www.pcb.ub.edu\/es\/wp-json\/wp\/v2\/tags?post=38745"}],"curies":[{"name":"wp","href":"https:\/\/api.w.org\/{rel}","templated":true}]}}