{"id":38739,"date":"2016-09-19T00:00:00","date_gmt":"2016-09-18T23:00:00","guid":{"rendered":"http:\/\/www.pcb.ub.edu\/\/arranca-la-16a-edicion-del-programa-recerca-en-societat-del-pcb\/"},"modified":"2020-11-16T16:21:17","modified_gmt":"2020-11-16T15:21:17","slug":"arranca-la-16a-edicion-del-programa-recerca-en-societat-del-pcb","status":"publish","type":"post","link":"https:\/\/www.pcb.ub.edu\/es\/arranca-la-16a-edicion-del-programa-recerca-en-societat-del-pcb\/","title":{"rendered":"Arranca la 16\u00aa edici\u00f3n del programa &#8216;Recerca en Societat&#8217; del PCB"},"content":{"rendered":"<p>Descobreix la recerca! es un proyecto dirigido a estudiantes de tercer ciclo de primaria con dos propuestas alternativas: \u2018Descobreix la recerca en biomedicina&#8217; i \u2018Descobreix la recerca en f\u00edsica i qu\u00edmica&#8217;. Ambas actividades est\u00e1n dinamizadas por monitores e investigadores, y especialmente dise\u00f1adas para que los m\u00e1s j\u00f3venes puedan llevar a cabo experimentos siguiendo el m\u00e9todo cient\u00edfico y, a la vez, ampliar conocimientos de manera l\u00fadica sobre conceptos elementales, como las c\u00e9lulas, los genes, la presi\u00f3n atmosf\u00e9rica o las reacciones qu\u00edmicas.<\/p>\n<p>Los 50 talleres finalizan con una visita guiada e interactiva por varios laboratorios del Parc Cient\u00edfic\u00a0de Barcelona que completa las din\u00e1micas realizadas a lo largo de los talleres y permite que los alumnos puedan conocer la realidad del d\u00eda a d\u00eda de un laboratorio y hacer preguntas a los investigadores sobre todo aquello que despierte su curiosidad.<\/p>\n<p>Fes recerca! es una iniciativa destinada a la comunidad educativa de ESO y Bachillerato que ofrece cerca de 40 talleres durante el curso escolar para que los estudiantes puedan participar en experimentos vinculados a los proyectos de investigaci\u00f3n que se desarrollan al PCB con los mismos instrumentos y materiales que usan habitualmente los cient\u00edficos.<\/p>\n<p>Siete propuestas diferentes permitir\u00e1n a los adolescentes crear un nuevo f\u00e1rmaco para tratar el Alzheimer usando p\u00e9ptidos y prote\u00ednas; conocer todas las fases del proceso de desarrollo de un nuevo medicamento para el Parkinson; o averiguar porque las manchas de los guepardos, las espirales de las conchas o los cultivos bacterianos se pueden explicar con el mismo modelo matem\u00e1tico, entre otras actividades.<\/p>\n<p>Fes recerca! y Descobreix la recerca!\u00a0cuentan con el apoyo de la Fundaci\u00f3n Espa\u00f1ola para la Ciencia y la Tecnolog\u00eda (<a href=\"http:\/\/www.fecyt.es\/\" id=\"yui_patched_v3_11_0_1_1442584944868_226\" target=\"_blank\" rel=\"noopener noreferrer\">FECYT<\/a>) del Ministerio de Econom\u00eda y Competitividad, y\u00a0del Instituto de Cultura de Barcelona (<a href=\"http:\/\/ajuntament.barcelona.cat\/culturaieducacio\/es\/institut-de-cultura-de-barcelona-icub\" target=\"_blank\" rel=\"noopener noreferrer\">ICUB<\/a>) del Ayuntamiento de Barcelona. Las actividades se llevan a cabo con la colaboraci\u00f3n de investigadores de la Universitat de Barcelona (<a href=\"http:\/\/www.ub.edu\/web\/ub\/es\/index.html?\" target=\"_blank\" rel=\"noopener noreferrer\">UB<\/a>), el Instituto de Bioenginyeria de Catalu\u00f1a (<a href=\"http:\/\/www.ibecbarcelona.eu\/es\/\" target=\"_blank\" rel=\"noopener noreferrer\">IBEC<\/a>) y el Instituto de Investigaci\u00f3n Biom\u00e9dica (<a href=\"http:\/\/www.irbbarcelona.org\/es\" target=\"_blank\" rel=\"noopener noreferrer\">IRB Barcelona<\/a>).<\/p>\n","protected":false},"excerpt":{"rendered":"<p id=\"yui_patched_v3_11_0_1_1474539286337_317\">Hoy, 19 de septiembre,\u00a0el Parc Cient\u00edfic de Barcelona (PCB) abre el plazo de inscripci\u00f3n para participar en los talleres experimentales Fes Recerca! y Descobreix la recerca!, con los que se da el pistoletazo de salida a la 16\u00aa edici\u00f3n del programa <a href=\"http:\/\/www.pcb.ub.edu\/portal\/documents\/14482\/205442\/Recerca+en+Societat\/df98b921-7daf-4cec-9808-ac546b63461a\" target=\"_blank\" rel=\"noopener noreferrer\">Recerca en Societat<\/a>. Esta propuesta del PCB \u2013puesta en marcha en 2003 para acercar la ciencia a la ciudadan\u00eda y fomentar las vocaciones entre los j\u00f3venes\u2013 re\u00fane m\u00e1s de 120 actividades en las que participan anualmente cerca de 6.000 personas.<\/p>\n<p>\u00a0<\/p>\n","protected":false},"author":1,"featured_media":25449,"comment_status":"closed","ping_status":"open","sticky":false,"template":"","format":"standard","meta":{"_acf_changed":false,"inline_featured_image":false,"footnotes":""},"categories":[9],"tags":[],"class_list":["post-38739","post","type-post","status-publish","format-standard","has-post-thumbnail","category-sin-categorizar"],"acf":[],"yoast_head":"<!-- This site is optimized with the Yoast SEO plugin v27.3 - https:\/\/yoast.com\/product\/yoast-seo-wordpress\/ -->\n<title>Arranca la 16\u00aa edici\u00f3n del programa &#039;Recerca en Societat&#039; del PCB - Parc Cient\u00edfic de Barcelona<\/title>\n<meta name=\"robots\" content=\"index, follow, max-snippet:-1, max-image-preview:large, max-video-preview:-1\" \/>\n<link rel=\"canonical\" href=\"https:\/\/www.pcb.ub.edu\/es\/arranca-la-16a-edicion-del-programa-recerca-en-societat-del-pcb\/\" \/>\n<meta property=\"og:locale\" content=\"es_ES\" \/>\n<meta property=\"og:type\" content=\"article\" \/>\n<meta property=\"og:title\" content=\"Arranca la 16\u00aa edici\u00f3n del programa &#039;Recerca en Societat&#039; del PCB - Parc Cient\u00edfic de Barcelona\" \/>\n<meta property=\"og:description\" content=\"Hoy, 19 de septiembre,\u00a0el Parc Cient\u00edfic de Barcelona (PCB) abre el plazo de inscripci\u00f3n para participar en los talleres experimentales Fes Recerca! y Descobreix la recerca!, con los que se da el pistoletazo de salida a la 16\u00aa edici\u00f3n del programa Recerca en Societat. Esta propuesta del PCB \u2013puesta en marcha en 2003 para acercar la ciencia a la ciudadan\u00eda y fomentar las vocaciones entre los j\u00f3venes\u2013 re\u00fane m\u00e1s de 120 actividades en las que participan anualmente cerca de 6.000 personas. \u00a0\" \/>\n<meta property=\"og:url\" content=\"https:\/\/www.pcb.ub.edu\/es\/arranca-la-16a-edicion-del-programa-recerca-en-societat-del-pcb\/\" \/>\n<meta property=\"og:site_name\" content=\"Parc Cient\u00edfic de Barcelona\" \/>\n<meta property=\"article:published_time\" content=\"2016-09-18T23:00:00+00:00\" \/>\n<meta property=\"article:modified_time\" content=\"2020-11-16T15:21:17+00:00\" \/>\n<meta property=\"og:image\" content=\"https:\/\/www.pcb.ub.edu\/wp-content\/uploads\/2016\/09\/16049218605fa92a049e7fb.jpeg\" \/>\n\t<meta property=\"og:image:width\" content=\"800\" \/>\n\t<meta property=\"og:image:height\" content=\"533\" \/>\n\t<meta property=\"og:image:type\" content=\"image\/jpeg\" \/>\n<meta name=\"author\" content=\"adminpcb\" \/>\n<meta name=\"twitter:card\" content=\"summary_large_image\" \/>\n<meta name=\"twitter:label1\" content=\"Escrito por\" \/>\n\t<meta name=\"twitter:data1\" content=\"adminpcb\" \/>\n\t<meta name=\"twitter:label2\" content=\"Tiempo de lectura\" \/>\n\t<meta name=\"twitter:data2\" content=\"2 minutos\" \/>\n<script type=\"application\/ld+json\" class=\"yoast-schema-graph\">{\"@context\":\"https:\\\/\\\/schema.org\",\"@graph\":[{\"@type\":\"Article\",\"@id\":\"https:\\\/\\\/www.pcb.ub.edu\\\/es\\\/arranca-la-16a-edicion-del-programa-recerca-en-societat-del-pcb\\\/#article\",\"isPartOf\":{\"@id\":\"https:\\\/\\\/www.pcb.ub.edu\\\/es\\\/arranca-la-16a-edicion-del-programa-recerca-en-societat-del-pcb\\\/\"},\"author\":{\"name\":\"adminpcb\",\"@id\":\"https:\\\/\\\/www.pcb.ub.edu\\\/es\\\/#\\\/schema\\\/person\\\/d13cab05cd0a75b17fddca8496481021\"},\"headline\":\"Arranca la 16\u00aa edici\u00f3n del programa &#8216;Recerca en Societat&#8217; del PCB\",\"datePublished\":\"2016-09-18T23:00:00+00:00\",\"dateModified\":\"2020-11-16T15:21:17+00:00\",\"mainEntityOfPage\":{\"@id\":\"https:\\\/\\\/www.pcb.ub.edu\\\/es\\\/arranca-la-16a-edicion-del-programa-recerca-en-societat-del-pcb\\\/\"},\"wordCount\":366,\"image\":{\"@id\":\"https:\\\/\\\/www.pcb.ub.edu\\\/es\\\/arranca-la-16a-edicion-del-programa-recerca-en-societat-del-pcb\\\/#primaryimage\"},\"thumbnailUrl\":\"https:\\\/\\\/www.pcb.ub.edu\\\/wp-content\\\/uploads\\\/2016\\\/09\\\/16049218605fa92a049e7fb.jpeg\",\"articleSection\":[\"Sin categorizar\"],\"inLanguage\":\"es\"},{\"@type\":\"WebPage\",\"@id\":\"https:\\\/\\\/www.pcb.ub.edu\\\/es\\\/arranca-la-16a-edicion-del-programa-recerca-en-societat-del-pcb\\\/\",\"url\":\"https:\\\/\\\/www.pcb.ub.edu\\\/es\\\/arranca-la-16a-edicion-del-programa-recerca-en-societat-del-pcb\\\/\",\"name\":\"Arranca la 16\u00aa edici\u00f3n del programa 'Recerca en Societat' del PCB - Parc Cient\u00edfic de Barcelona\",\"isPartOf\":{\"@id\":\"https:\\\/\\\/www.pcb.ub.edu\\\/es\\\/#website\"},\"primaryImageOfPage\":{\"@id\":\"https:\\\/\\\/www.pcb.ub.edu\\\/es\\\/arranca-la-16a-edicion-del-programa-recerca-en-societat-del-pcb\\\/#primaryimage\"},\"image\":{\"@id\":\"https:\\\/\\\/www.pcb.ub.edu\\\/es\\\/arranca-la-16a-edicion-del-programa-recerca-en-societat-del-pcb\\\/#primaryimage\"},\"thumbnailUrl\":\"https:\\\/\\\/www.pcb.ub.edu\\\/wp-content\\\/uploads\\\/2016\\\/09\\\/16049218605fa92a049e7fb.jpeg\",\"datePublished\":\"2016-09-18T23:00:00+00:00\",\"dateModified\":\"2020-11-16T15:21:17+00:00\",\"author\":{\"@id\":\"https:\\\/\\\/www.pcb.ub.edu\\\/es\\\/#\\\/schema\\\/person\\\/d13cab05cd0a75b17fddca8496481021\"},\"breadcrumb\":{\"@id\":\"https:\\\/\\\/www.pcb.ub.edu\\\/es\\\/arranca-la-16a-edicion-del-programa-recerca-en-societat-del-pcb\\\/#breadcrumb\"},\"inLanguage\":\"es\",\"potentialAction\":[{\"@type\":\"ReadAction\",\"target\":[\"https:\\\/\\\/www.pcb.ub.edu\\\/es\\\/arranca-la-16a-edicion-del-programa-recerca-en-societat-del-pcb\\\/\"]}]},{\"@type\":\"ImageObject\",\"inLanguage\":\"es\",\"@id\":\"https:\\\/\\\/www.pcb.ub.edu\\\/es\\\/arranca-la-16a-edicion-del-programa-recerca-en-societat-del-pcb\\\/#primaryimage\",\"url\":\"https:\\\/\\\/www.pcb.ub.edu\\\/wp-content\\\/uploads\\\/2016\\\/09\\\/16049218605fa92a049e7fb.jpeg\",\"contentUrl\":\"https:\\\/\\\/www.pcb.ub.edu\\\/wp-content\\\/uploads\\\/2016\\\/09\\\/16049218605fa92a049e7fb.jpeg\",\"width\":800,\"height\":533},{\"@type\":\"BreadcrumbList\",\"@id\":\"https:\\\/\\\/www.pcb.ub.edu\\\/es\\\/arranca-la-16a-edicion-del-programa-recerca-en-societat-del-pcb\\\/#breadcrumb\",\"itemListElement\":[{\"@type\":\"ListItem\",\"position\":1,\"name\":\"Home\",\"item\":\"https:\\\/\\\/www.pcb.ub.edu\\\/es\\\/\"},{\"@type\":\"ListItem\",\"position\":2,\"name\":\"Arranca la 16\u00aa edici\u00f3n del programa &#8216;Recerca en Societat&#8217; del PCB\"}]},{\"@type\":\"WebSite\",\"@id\":\"https:\\\/\\\/www.pcb.ub.edu\\\/es\\\/#website\",\"url\":\"https:\\\/\\\/www.pcb.ub.edu\\\/es\\\/\",\"name\":\"Parc Cient\u00edfic de Barcelona\",\"description\":\"Universitat de Barcelona\",\"potentialAction\":[{\"@type\":\"SearchAction\",\"target\":{\"@type\":\"EntryPoint\",\"urlTemplate\":\"https:\\\/\\\/www.pcb.ub.edu\\\/es\\\/?s={search_term_string}\"},\"query-input\":{\"@type\":\"PropertyValueSpecification\",\"valueRequired\":true,\"valueName\":\"search_term_string\"}}],\"inLanguage\":\"es\"},{\"@type\":\"Person\",\"@id\":\"https:\\\/\\\/www.pcb.ub.edu\\\/es\\\/#\\\/schema\\\/person\\\/d13cab05cd0a75b17fddca8496481021\",\"name\":\"adminpcb\",\"image\":{\"@type\":\"ImageObject\",\"inLanguage\":\"es\",\"@id\":\"https:\\\/\\\/secure.gravatar.com\\\/avatar\\\/41ad0fab4bb3bf5348b0af9612159cfd93173a57bbca98fecb50fa6f3ab97d28?s=96&d=mm&r=g\",\"url\":\"https:\\\/\\\/secure.gravatar.com\\\/avatar\\\/41ad0fab4bb3bf5348b0af9612159cfd93173a57bbca98fecb50fa6f3ab97d28?s=96&d=mm&r=g\",\"contentUrl\":\"https:\\\/\\\/secure.gravatar.com\\\/avatar\\\/41ad0fab4bb3bf5348b0af9612159cfd93173a57bbca98fecb50fa6f3ab97d28?s=96&d=mm&r=g\",\"caption\":\"adminpcb\"},\"url\":\"https:\\\/\\\/www.pcb.ub.edu\\\/es\\\/author\\\/adminpcb\\\/\"}]}<\/script>\n<!-- \/ Yoast SEO plugin. -->","yoast_head_json":{"title":"Arranca la 16\u00aa edici\u00f3n del programa 'Recerca en Societat' del PCB - Parc Cient\u00edfic de Barcelona","robots":{"index":"index","follow":"follow","max-snippet":"max-snippet:-1","max-image-preview":"max-image-preview:large","max-video-preview":"max-video-preview:-1"},"canonical":"https:\/\/www.pcb.ub.edu\/es\/arranca-la-16a-edicion-del-programa-recerca-en-societat-del-pcb\/","og_locale":"es_ES","og_type":"article","og_title":"Arranca la 16\u00aa edici\u00f3n del programa 'Recerca en Societat' del PCB - Parc Cient\u00edfic de Barcelona","og_description":"Hoy, 19 de septiembre,\u00a0el Parc Cient\u00edfic de Barcelona (PCB) abre el plazo de inscripci\u00f3n para participar en los talleres experimentales Fes Recerca! y Descobreix la recerca!, con los que se da el pistoletazo de salida a la 16\u00aa edici\u00f3n del programa Recerca en Societat. Esta propuesta del PCB \u2013puesta en marcha en 2003 para acercar la ciencia a la ciudadan\u00eda y fomentar las vocaciones entre los j\u00f3venes\u2013 re\u00fane m\u00e1s de 120 actividades en las que participan anualmente cerca de 6.000 personas. \u00a0","og_url":"https:\/\/www.pcb.ub.edu\/es\/arranca-la-16a-edicion-del-programa-recerca-en-societat-del-pcb\/","og_site_name":"Parc Cient\u00edfic de Barcelona","article_published_time":"2016-09-18T23:00:00+00:00","article_modified_time":"2020-11-16T15:21:17+00:00","og_image":[{"width":800,"height":533,"url":"https:\/\/www.pcb.ub.edu\/wp-content\/uploads\/2016\/09\/16049218605fa92a049e7fb.jpeg","type":"image\/jpeg"}],"author":"adminpcb","twitter_card":"summary_large_image","twitter_misc":{"Escrito por":"adminpcb","Tiempo de lectura":"2 minutos"},"schema":{"@context":"https:\/\/schema.org","@graph":[{"@type":"Article","@id":"https:\/\/www.pcb.ub.edu\/es\/arranca-la-16a-edicion-del-programa-recerca-en-societat-del-pcb\/#article","isPartOf":{"@id":"https:\/\/www.pcb.ub.edu\/es\/arranca-la-16a-edicion-del-programa-recerca-en-societat-del-pcb\/"},"author":{"name":"adminpcb","@id":"https:\/\/www.pcb.ub.edu\/es\/#\/schema\/person\/d13cab05cd0a75b17fddca8496481021"},"headline":"Arranca la 16\u00aa edici\u00f3n del programa &#8216;Recerca en Societat&#8217; del PCB","datePublished":"2016-09-18T23:00:00+00:00","dateModified":"2020-11-16T15:21:17+00:00","mainEntityOfPage":{"@id":"https:\/\/www.pcb.ub.edu\/es\/arranca-la-16a-edicion-del-programa-recerca-en-societat-del-pcb\/"},"wordCount":366,"image":{"@id":"https:\/\/www.pcb.ub.edu\/es\/arranca-la-16a-edicion-del-programa-recerca-en-societat-del-pcb\/#primaryimage"},"thumbnailUrl":"https:\/\/www.pcb.ub.edu\/wp-content\/uploads\/2016\/09\/16049218605fa92a049e7fb.jpeg","articleSection":["Sin categorizar"],"inLanguage":"es"},{"@type":"WebPage","@id":"https:\/\/www.pcb.ub.edu\/es\/arranca-la-16a-edicion-del-programa-recerca-en-societat-del-pcb\/","url":"https:\/\/www.pcb.ub.edu\/es\/arranca-la-16a-edicion-del-programa-recerca-en-societat-del-pcb\/","name":"Arranca la 16\u00aa edici\u00f3n del programa 'Recerca en Societat' del PCB - Parc Cient\u00edfic de Barcelona","isPartOf":{"@id":"https:\/\/www.pcb.ub.edu\/es\/#website"},"primaryImageOfPage":{"@id":"https:\/\/www.pcb.ub.edu\/es\/arranca-la-16a-edicion-del-programa-recerca-en-societat-del-pcb\/#primaryimage"},"image":{"@id":"https:\/\/www.pcb.ub.edu\/es\/arranca-la-16a-edicion-del-programa-recerca-en-societat-del-pcb\/#primaryimage"},"thumbnailUrl":"https:\/\/www.pcb.ub.edu\/wp-content\/uploads\/2016\/09\/16049218605fa92a049e7fb.jpeg","datePublished":"2016-09-18T23:00:00+00:00","dateModified":"2020-11-16T15:21:17+00:00","author":{"@id":"https:\/\/www.pcb.ub.edu\/es\/#\/schema\/person\/d13cab05cd0a75b17fddca8496481021"},"breadcrumb":{"@id":"https:\/\/www.pcb.ub.edu\/es\/arranca-la-16a-edicion-del-programa-recerca-en-societat-del-pcb\/#breadcrumb"},"inLanguage":"es","potentialAction":[{"@type":"ReadAction","target":["https:\/\/www.pcb.ub.edu\/es\/arranca-la-16a-edicion-del-programa-recerca-en-societat-del-pcb\/"]}]},{"@type":"ImageObject","inLanguage":"es","@id":"https:\/\/www.pcb.ub.edu\/es\/arranca-la-16a-edicion-del-programa-recerca-en-societat-del-pcb\/#primaryimage","url":"https:\/\/www.pcb.ub.edu\/wp-content\/uploads\/2016\/09\/16049218605fa92a049e7fb.jpeg","contentUrl":"https:\/\/www.pcb.ub.edu\/wp-content\/uploads\/2016\/09\/16049218605fa92a049e7fb.jpeg","width":800,"height":533},{"@type":"BreadcrumbList","@id":"https:\/\/www.pcb.ub.edu\/es\/arranca-la-16a-edicion-del-programa-recerca-en-societat-del-pcb\/#breadcrumb","itemListElement":[{"@type":"ListItem","position":1,"name":"Home","item":"https:\/\/www.pcb.ub.edu\/es\/"},{"@type":"ListItem","position":2,"name":"Arranca la 16\u00aa edici\u00f3n del programa &#8216;Recerca en Societat&#8217; del PCB"}]},{"@type":"WebSite","@id":"https:\/\/www.pcb.ub.edu\/es\/#website","url":"https:\/\/www.pcb.ub.edu\/es\/","name":"Parc Cient\u00edfic de Barcelona","description":"Universitat de Barcelona","potentialAction":[{"@type":"SearchAction","target":{"@type":"EntryPoint","urlTemplate":"https:\/\/www.pcb.ub.edu\/es\/?s={search_term_string}"},"query-input":{"@type":"PropertyValueSpecification","valueRequired":true,"valueName":"search_term_string"}}],"inLanguage":"es"},{"@type":"Person","@id":"https:\/\/www.pcb.ub.edu\/es\/#\/schema\/person\/d13cab05cd0a75b17fddca8496481021","name":"adminpcb","image":{"@type":"ImageObject","inLanguage":"es","@id":"https:\/\/secure.gravatar.com\/avatar\/41ad0fab4bb3bf5348b0af9612159cfd93173a57bbca98fecb50fa6f3ab97d28?s=96&d=mm&r=g","url":"https:\/\/secure.gravatar.com\/avatar\/41ad0fab4bb3bf5348b0af9612159cfd93173a57bbca98fecb50fa6f3ab97d28?s=96&d=mm&r=g","contentUrl":"https:\/\/secure.gravatar.com\/avatar\/41ad0fab4bb3bf5348b0af9612159cfd93173a57bbca98fecb50fa6f3ab97d28?s=96&d=mm&r=g","caption":"adminpcb"},"url":"https:\/\/www.pcb.ub.edu\/es\/author\/adminpcb\/"}]}},"_links":{"self":[{"href":"https:\/\/www.pcb.ub.edu\/es\/wp-json\/wp\/v2\/posts\/38739","targetHints":{"allow":["GET"]}}],"collection":[{"href":"https:\/\/www.pcb.ub.edu\/es\/wp-json\/wp\/v2\/posts"}],"about":[{"href":"https:\/\/www.pcb.ub.edu\/es\/wp-json\/wp\/v2\/types\/post"}],"author":[{"embeddable":true,"href":"https:\/\/www.pcb.ub.edu\/es\/wp-json\/wp\/v2\/users\/1"}],"replies":[{"embeddable":true,"href":"https:\/\/www.pcb.ub.edu\/es\/wp-json\/wp\/v2\/comments?post=38739"}],"version-history":[{"count":1,"href":"https:\/\/www.pcb.ub.edu\/es\/wp-json\/wp\/v2\/posts\/38739\/revisions"}],"predecessor-version":[{"id":44850,"href":"https:\/\/www.pcb.ub.edu\/es\/wp-json\/wp\/v2\/posts\/38739\/revisions\/44850"}],"wp:featuredmedia":[{"embeddable":true,"href":"https:\/\/www.pcb.ub.edu\/es\/wp-json\/wp\/v2\/media\/25449"}],"wp:attachment":[{"href":"https:\/\/www.pcb.ub.edu\/es\/wp-json\/wp\/v2\/media?parent=38739"}],"wp:term":[{"taxonomy":"category","embeddable":true,"href":"https:\/\/www.pcb.ub.edu\/es\/wp-json\/wp\/v2\/categories?post=38739"},{"taxonomy":"post_tag","embeddable":true,"href":"https:\/\/www.pcb.ub.edu\/es\/wp-json\/wp\/v2\/tags?post=38739"}],"curies":[{"name":"wp","href":"https:\/\/api.w.org\/{rel}","templated":true}]}}