{"id":38678,"date":"2019-02-26T00:00:00","date_gmt":"2019-02-25T23:00:00","guid":{"rendered":"http:\/\/www.pcb.ub.edu\/\/el-parc-cientific-de-barcelona-participa-por-tercer-ano-consecutivo-en-el-yomo\/"},"modified":"2020-11-16T16:21:02","modified_gmt":"2020-11-16T15:21:02","slug":"el-parc-cientific-de-barcelona-participa-por-tercer-ano-consecutivo-en-el-yomo","status":"publish","type":"post","link":"https:\/\/www.pcb.ub.edu\/es\/el-parc-cientific-de-barcelona-participa-por-tercer-ano-consecutivo-en-el-yomo\/","title":{"rendered":"El Parc Cient\u00edfic de Barcelona participa por tercer a\u00f1o consecutivo en el YoMo"},"content":{"rendered":"<p>El YoMo se enmarca dentro de <a href=\"http:\/\/mschools.mobileworldcapital.com\/es\/\" target=\"_blank\" rel=\"noopener noreferrer\">mSchools<\/a>, un programa para ayudar a los alumnos y docentes a integrar las tecnolog\u00edas m\u00f3viles en el aula de manera eficaz que impulsa la <a href=\"https:\/\/mobileworldcapital.com\/es\/2017\/02\/09\/mschools-en-yomo-barcelona\/\" target=\"_blank\" rel=\"noopener noreferrer\">Fundaci\u00f3n Mobile World Capital Barcelona<\/a>, \u200b\u200bpromovida por el Ministerio de Econom\u00eda y Empresa, la Generalidad de Catalu\u00f1a, el Ayuntamiento de Barcelona, \u200b\u200bFira de Barcelona y GSMA, y que tambi\u00e9n cuenta con el apoyo de empresas privadas que contribuyen al desarrollo del ecosistema digital de la ciudad,<\/p>\n<p>En esta edici\u00f3n del YoMo participan m\u00e1s de cien entidades p\u00fablicas y privadas de los \u00e1mbitos cient\u00edfico y tecnol\u00f3gico, entre ellas\u00a0el Parc Cient\u00edfic\u00a0de Barcelona\u00a0\u200b\u200bque estar\u00e1 presente este martes 26 de febrero con un stand propio en el espacio Science, desde donde ofrecer\u00e1 un taller interactivo \u00ab<a href=\"http:\/\/www.mwcyomo.com\/ca\/activities\/fes-recerca-investiga-amb-cel%C2%B7lules-gens\/\" target=\"_blank\" rel=\"noopener noreferrer\">Investiga con c\u00e9lulas y genes<\/a>\u00bb dirigido a los escolares y a sus profesores para que experimenten y descubran el mundo cient\u00edfico en primera persona.<\/p>\n<p>La actividad ser\u00e1 conducida por Montserrat Romero e Ignacio Castrill\u00f3n, investigadores del Laboratorio de Mitocondria y Enfermedades Metab\u00f3licas Complejos del Instituto de Investigaci\u00f3n Biom\u00e9dica (<a href=\"http:\/\/www.pcb.ub.edu\/portal\/es\/cerca?p_p_id=cercador_WAR_empleatsempresesportlet&amp;p_p_lifecycle=0&amp;p_p_state=maximized&amp;p_p_mode=view&amp;p_p_col_id=column-1&amp;p_p_col_count=1&amp;_cercador_WAR_empleatsempresesportlet_jspPage=%2Fhtml%2Fcommon%2Fdetall-empresa.jsp&amp;_cercador_WAR_empleatsempresesportlet_empresaId=ENT_000001&amp;_cercador_WAR_empleatsempresesportlet_redirect=%2Fportal%2Fca%2Fcerca%3Fp_p_id%3Dcercador_WAR_empleatsempresesportlet%26p_p_lifecycle%3D0%26p_p_state%3Dnormal%26p_p_mode%3Dview%26p_p_col_id%3Dcolumn-1%26p_p_col_count%3D1%26_cercador_WAR_empleatsempresesportlet_keywords%3DIRB%26_cercador_WAR_empleatsempresesportlet_tab%3D1\" target=\"_blank\" rel=\"noopener noreferrer\">IRB Barcelona<\/a>),\u00a0\u200b\u200bque trabajar\u00e1n mano a mano con los participantes para realizar un experimento integrado en un proyecto de investigaci\u00f3n que se desarrolla actualmente en los laboratorios del PCB. Y lo har\u00e1n a partir de los protocolos de experimentaci\u00f3n, t\u00e9cnicas, instrumentos y materiales que los cient\u00edficos utilizan habitualmente.<\/p>\n<p>Adem\u00e1s, aprovechando el marco del <a href=\"https:\/\/www.mwcbarcelona.com\/\" target=\"_blank\" rel=\"noopener noreferrer\">MWC19<\/a> Barcelona, \u200b\u200bel PCB presentar\u00e1 una nueva aplicaci\u00f3n m\u00f3vil <a href=\"https:\/\/recercaensocietat.wordpress.com\/rercercapp-un-laboratori-a-la-teva-butxaca\/\" target=\"_blank\" rel=\"noopener noreferrer\">RecercAPP- \u00a1Un laboratorio en tu bolsillo!<\/a> que permite, mediante realidad aumentada,llevar a cabo experimentos de laboratorio del programa <a href=\"https:\/\/recercaensocietat.wordpress.com\/\" target=\"_blank\" rel=\"noopener noreferrer\">Investigaci\u00f3n en Sociedad<\/a> del PCB. Los asistentes al YoMo ser\u00e1n los primeros en utilizarla \u2013realizando la actividad \u00abInvestiga con c\u00e9lulas y genes\u00bb en el m\u00f3vil- y comprobar hasta qu\u00e9 punto las nuevas tecnolog\u00edas y aplicaciones nos pueden ayudar en la did\u00e1ctica de la ciencia y otros contenidos curriculares.<\/p>\n<p>\u00a0<\/p>\n","protected":false},"excerpt":{"rendered":"<p>El Parc Cient\u00edfic de Barcelona (PCB) participa activamente en la 3\u00aa edici\u00f3n del Youth Mobile Festival (<a href=\"https:\/\/www.mwcyomo.com\/es\/\" target=\"_blank\" rel=\"noopener noreferrer\">YoMo<\/a>) que hoy abre sus puertas en el recinto de La Farga de L&#8217;Hospitalet, en el marco del Mobile World Congress (<a href=\"https:\/\/www.mwcbarcelona.com\/\" target=\"_blank\" rel=\"noopener noreferrer\">MWC19 Barcelona<\/a>). Durante cinco d\u00edas, el YoMo recibir\u00e1 la visita de unos 20.000 escolares de toda Catalu\u00f1a y el resto de Espa\u00f1a, en una enorme exposici\u00f3n de ciencia y tecnolog\u00eda, con espect\u00e1culos de teatro en vivo, talleres interactivos y otras propuestas para inspirar a miles de j\u00f3venes y acercarlos a las carreras profesionales del ecosistema m\u00f3vil y STEAM (<em>Science, Technology, Engineering, Arts and Mathematics<\/em>).<\/p>\n<p>\u00a0<\/p>\n","protected":false},"author":1,"featured_media":25211,"comment_status":"closed","ping_status":"open","sticky":false,"template":"","format":"standard","meta":{"_acf_changed":false,"inline_featured_image":false,"footnotes":""},"categories":[9],"tags":[],"class_list":["post-38678","post","type-post","status-publish","format-standard","has-post-thumbnail","category-sin-categorizar"],"acf":[],"yoast_head":"<!-- This site is optimized with the Yoast SEO plugin v27.3 - https:\/\/yoast.com\/product\/yoast-seo-wordpress\/ -->\n<title>El Parc Cient\u00edfic de Barcelona participa por tercer a\u00f1o consecutivo en el YoMo - Parc Cient\u00edfic de Barcelona<\/title>\n<meta name=\"robots\" content=\"index, follow, max-snippet:-1, max-image-preview:large, max-video-preview:-1\" \/>\n<link rel=\"canonical\" href=\"https:\/\/www.pcb.ub.edu\/es\/el-parc-cientific-de-barcelona-participa-por-tercer-ano-consecutivo-en-el-yomo\/\" \/>\n<meta property=\"og:locale\" content=\"es_ES\" \/>\n<meta property=\"og:type\" content=\"article\" \/>\n<meta property=\"og:title\" content=\"El Parc Cient\u00edfic de Barcelona participa por tercer a\u00f1o consecutivo en el YoMo - Parc Cient\u00edfic de Barcelona\" \/>\n<meta property=\"og:description\" content=\"El Parc Cient\u00edfic de Barcelona (PCB) participa activamente en la 3\u00aa edici\u00f3n del Youth Mobile Festival (YoMo) que hoy abre sus puertas en el recinto de La Farga de L&#039;Hospitalet, en el marco del Mobile World Congress (MWC19 Barcelona). Durante cinco d\u00edas, el YoMo recibir\u00e1 la visita de unos 20.000 escolares de toda Catalu\u00f1a y el resto de Espa\u00f1a, en una enorme exposici\u00f3n de ciencia y tecnolog\u00eda, con espect\u00e1culos de teatro en vivo, talleres interactivos y otras propuestas para inspirar a miles de j\u00f3venes y acercarlos a las carreras profesionales del ecosistema m\u00f3vil y STEAM (Science, Technology, Engineering, Arts and Mathematics). \u00a0\" \/>\n<meta property=\"og:url\" content=\"https:\/\/www.pcb.ub.edu\/es\/el-parc-cientific-de-barcelona-participa-por-tercer-ano-consecutivo-en-el-yomo\/\" \/>\n<meta property=\"og:site_name\" content=\"Parc Cient\u00edfic de Barcelona\" \/>\n<meta property=\"article:published_time\" content=\"2019-02-25T23:00:00+00:00\" \/>\n<meta property=\"article:modified_time\" content=\"2020-11-16T15:21:02+00:00\" \/>\n<meta property=\"og:image\" content=\"https:\/\/www.pcb.ub.edu\/wp-content\/uploads\/2019\/02\/16049217725fa929ac4b1f8.jpeg\" \/>\n\t<meta property=\"og:image:width\" content=\"1024\" \/>\n\t<meta property=\"og:image:height\" content=\"553\" \/>\n\t<meta property=\"og:image:type\" content=\"image\/jpeg\" \/>\n<meta name=\"author\" content=\"adminpcb\" \/>\n<meta name=\"twitter:card\" content=\"summary_large_image\" \/>\n<meta name=\"twitter:label1\" content=\"Escrito por\" \/>\n\t<meta name=\"twitter:data1\" content=\"adminpcb\" \/>\n\t<meta name=\"twitter:label2\" content=\"Tiempo de lectura\" \/>\n\t<meta name=\"twitter:data2\" content=\"2 minutos\" \/>\n<script type=\"application\/ld+json\" class=\"yoast-schema-graph\">{\"@context\":\"https:\\\/\\\/schema.org\",\"@graph\":[{\"@type\":\"Article\",\"@id\":\"https:\\\/\\\/www.pcb.ub.edu\\\/es\\\/el-parc-cientific-de-barcelona-participa-por-tercer-ano-consecutivo-en-el-yomo\\\/#article\",\"isPartOf\":{\"@id\":\"https:\\\/\\\/www.pcb.ub.edu\\\/es\\\/el-parc-cientific-de-barcelona-participa-por-tercer-ano-consecutivo-en-el-yomo\\\/\"},\"author\":{\"name\":\"adminpcb\",\"@id\":\"https:\\\/\\\/www.pcb.ub.edu\\\/es\\\/#\\\/schema\\\/person\\\/d13cab05cd0a75b17fddca8496481021\"},\"headline\":\"El Parc Cient\u00edfic de Barcelona participa por tercer a\u00f1o consecutivo en el YoMo\",\"datePublished\":\"2019-02-25T23:00:00+00:00\",\"dateModified\":\"2020-11-16T15:21:02+00:00\",\"mainEntityOfPage\":{\"@id\":\"https:\\\/\\\/www.pcb.ub.edu\\\/es\\\/el-parc-cientific-de-barcelona-participa-por-tercer-ano-consecutivo-en-el-yomo\\\/\"},\"wordCount\":348,\"image\":{\"@id\":\"https:\\\/\\\/www.pcb.ub.edu\\\/es\\\/el-parc-cientific-de-barcelona-participa-por-tercer-ano-consecutivo-en-el-yomo\\\/#primaryimage\"},\"thumbnailUrl\":\"https:\\\/\\\/www.pcb.ub.edu\\\/wp-content\\\/uploads\\\/2019\\\/02\\\/16049217725fa929ac4b1f8.jpeg\",\"articleSection\":[\"Sin categorizar\"],\"inLanguage\":\"es\"},{\"@type\":\"WebPage\",\"@id\":\"https:\\\/\\\/www.pcb.ub.edu\\\/es\\\/el-parc-cientific-de-barcelona-participa-por-tercer-ano-consecutivo-en-el-yomo\\\/\",\"url\":\"https:\\\/\\\/www.pcb.ub.edu\\\/es\\\/el-parc-cientific-de-barcelona-participa-por-tercer-ano-consecutivo-en-el-yomo\\\/\",\"name\":\"El Parc Cient\u00edfic de Barcelona participa por tercer a\u00f1o consecutivo en el YoMo - Parc Cient\u00edfic de Barcelona\",\"isPartOf\":{\"@id\":\"https:\\\/\\\/www.pcb.ub.edu\\\/es\\\/#website\"},\"primaryImageOfPage\":{\"@id\":\"https:\\\/\\\/www.pcb.ub.edu\\\/es\\\/el-parc-cientific-de-barcelona-participa-por-tercer-ano-consecutivo-en-el-yomo\\\/#primaryimage\"},\"image\":{\"@id\":\"https:\\\/\\\/www.pcb.ub.edu\\\/es\\\/el-parc-cientific-de-barcelona-participa-por-tercer-ano-consecutivo-en-el-yomo\\\/#primaryimage\"},\"thumbnailUrl\":\"https:\\\/\\\/www.pcb.ub.edu\\\/wp-content\\\/uploads\\\/2019\\\/02\\\/16049217725fa929ac4b1f8.jpeg\",\"datePublished\":\"2019-02-25T23:00:00+00:00\",\"dateModified\":\"2020-11-16T15:21:02+00:00\",\"author\":{\"@id\":\"https:\\\/\\\/www.pcb.ub.edu\\\/es\\\/#\\\/schema\\\/person\\\/d13cab05cd0a75b17fddca8496481021\"},\"breadcrumb\":{\"@id\":\"https:\\\/\\\/www.pcb.ub.edu\\\/es\\\/el-parc-cientific-de-barcelona-participa-por-tercer-ano-consecutivo-en-el-yomo\\\/#breadcrumb\"},\"inLanguage\":\"es\",\"potentialAction\":[{\"@type\":\"ReadAction\",\"target\":[\"https:\\\/\\\/www.pcb.ub.edu\\\/es\\\/el-parc-cientific-de-barcelona-participa-por-tercer-ano-consecutivo-en-el-yomo\\\/\"]}]},{\"@type\":\"ImageObject\",\"inLanguage\":\"es\",\"@id\":\"https:\\\/\\\/www.pcb.ub.edu\\\/es\\\/el-parc-cientific-de-barcelona-participa-por-tercer-ano-consecutivo-en-el-yomo\\\/#primaryimage\",\"url\":\"https:\\\/\\\/www.pcb.ub.edu\\\/wp-content\\\/uploads\\\/2019\\\/02\\\/16049217725fa929ac4b1f8.jpeg\",\"contentUrl\":\"https:\\\/\\\/www.pcb.ub.edu\\\/wp-content\\\/uploads\\\/2019\\\/02\\\/16049217725fa929ac4b1f8.jpeg\",\"width\":1024,\"height\":553},{\"@type\":\"BreadcrumbList\",\"@id\":\"https:\\\/\\\/www.pcb.ub.edu\\\/es\\\/el-parc-cientific-de-barcelona-participa-por-tercer-ano-consecutivo-en-el-yomo\\\/#breadcrumb\",\"itemListElement\":[{\"@type\":\"ListItem\",\"position\":1,\"name\":\"Home\",\"item\":\"https:\\\/\\\/www.pcb.ub.edu\\\/es\\\/\"},{\"@type\":\"ListItem\",\"position\":2,\"name\":\"El Parc Cient\u00edfic de Barcelona participa por tercer a\u00f1o consecutivo en el YoMo\"}]},{\"@type\":\"WebSite\",\"@id\":\"https:\\\/\\\/www.pcb.ub.edu\\\/es\\\/#website\",\"url\":\"https:\\\/\\\/www.pcb.ub.edu\\\/es\\\/\",\"name\":\"Parc Cient\u00edfic de Barcelona\",\"description\":\"Universitat de Barcelona\",\"potentialAction\":[{\"@type\":\"SearchAction\",\"target\":{\"@type\":\"EntryPoint\",\"urlTemplate\":\"https:\\\/\\\/www.pcb.ub.edu\\\/es\\\/?s={search_term_string}\"},\"query-input\":{\"@type\":\"PropertyValueSpecification\",\"valueRequired\":true,\"valueName\":\"search_term_string\"}}],\"inLanguage\":\"es\"},{\"@type\":\"Person\",\"@id\":\"https:\\\/\\\/www.pcb.ub.edu\\\/es\\\/#\\\/schema\\\/person\\\/d13cab05cd0a75b17fddca8496481021\",\"name\":\"adminpcb\",\"image\":{\"@type\":\"ImageObject\",\"inLanguage\":\"es\",\"@id\":\"https:\\\/\\\/secure.gravatar.com\\\/avatar\\\/41ad0fab4bb3bf5348b0af9612159cfd93173a57bbca98fecb50fa6f3ab97d28?s=96&d=mm&r=g\",\"url\":\"https:\\\/\\\/secure.gravatar.com\\\/avatar\\\/41ad0fab4bb3bf5348b0af9612159cfd93173a57bbca98fecb50fa6f3ab97d28?s=96&d=mm&r=g\",\"contentUrl\":\"https:\\\/\\\/secure.gravatar.com\\\/avatar\\\/41ad0fab4bb3bf5348b0af9612159cfd93173a57bbca98fecb50fa6f3ab97d28?s=96&d=mm&r=g\",\"caption\":\"adminpcb\"},\"url\":\"https:\\\/\\\/www.pcb.ub.edu\\\/es\\\/author\\\/adminpcb\\\/\"}]}<\/script>\n<!-- \/ Yoast SEO plugin. -->","yoast_head_json":{"title":"El Parc Cient\u00edfic de Barcelona participa por tercer a\u00f1o consecutivo en el YoMo - Parc Cient\u00edfic de Barcelona","robots":{"index":"index","follow":"follow","max-snippet":"max-snippet:-1","max-image-preview":"max-image-preview:large","max-video-preview":"max-video-preview:-1"},"canonical":"https:\/\/www.pcb.ub.edu\/es\/el-parc-cientific-de-barcelona-participa-por-tercer-ano-consecutivo-en-el-yomo\/","og_locale":"es_ES","og_type":"article","og_title":"El Parc Cient\u00edfic de Barcelona participa por tercer a\u00f1o consecutivo en el YoMo - Parc Cient\u00edfic de Barcelona","og_description":"El Parc Cient\u00edfic de Barcelona (PCB) participa activamente en la 3\u00aa edici\u00f3n del Youth Mobile Festival (YoMo) que hoy abre sus puertas en el recinto de La Farga de L'Hospitalet, en el marco del Mobile World Congress (MWC19 Barcelona). Durante cinco d\u00edas, el YoMo recibir\u00e1 la visita de unos 20.000 escolares de toda Catalu\u00f1a y el resto de Espa\u00f1a, en una enorme exposici\u00f3n de ciencia y tecnolog\u00eda, con espect\u00e1culos de teatro en vivo, talleres interactivos y otras propuestas para inspirar a miles de j\u00f3venes y acercarlos a las carreras profesionales del ecosistema m\u00f3vil y STEAM (Science, Technology, Engineering, Arts and Mathematics). \u00a0","og_url":"https:\/\/www.pcb.ub.edu\/es\/el-parc-cientific-de-barcelona-participa-por-tercer-ano-consecutivo-en-el-yomo\/","og_site_name":"Parc Cient\u00edfic de Barcelona","article_published_time":"2019-02-25T23:00:00+00:00","article_modified_time":"2020-11-16T15:21:02+00:00","og_image":[{"width":1024,"height":553,"url":"https:\/\/www.pcb.ub.edu\/wp-content\/uploads\/2019\/02\/16049217725fa929ac4b1f8.jpeg","type":"image\/jpeg"}],"author":"adminpcb","twitter_card":"summary_large_image","twitter_misc":{"Escrito por":"adminpcb","Tiempo de lectura":"2 minutos"},"schema":{"@context":"https:\/\/schema.org","@graph":[{"@type":"Article","@id":"https:\/\/www.pcb.ub.edu\/es\/el-parc-cientific-de-barcelona-participa-por-tercer-ano-consecutivo-en-el-yomo\/#article","isPartOf":{"@id":"https:\/\/www.pcb.ub.edu\/es\/el-parc-cientific-de-barcelona-participa-por-tercer-ano-consecutivo-en-el-yomo\/"},"author":{"name":"adminpcb","@id":"https:\/\/www.pcb.ub.edu\/es\/#\/schema\/person\/d13cab05cd0a75b17fddca8496481021"},"headline":"El Parc Cient\u00edfic de Barcelona participa por tercer a\u00f1o consecutivo en el YoMo","datePublished":"2019-02-25T23:00:00+00:00","dateModified":"2020-11-16T15:21:02+00:00","mainEntityOfPage":{"@id":"https:\/\/www.pcb.ub.edu\/es\/el-parc-cientific-de-barcelona-participa-por-tercer-ano-consecutivo-en-el-yomo\/"},"wordCount":348,"image":{"@id":"https:\/\/www.pcb.ub.edu\/es\/el-parc-cientific-de-barcelona-participa-por-tercer-ano-consecutivo-en-el-yomo\/#primaryimage"},"thumbnailUrl":"https:\/\/www.pcb.ub.edu\/wp-content\/uploads\/2019\/02\/16049217725fa929ac4b1f8.jpeg","articleSection":["Sin categorizar"],"inLanguage":"es"},{"@type":"WebPage","@id":"https:\/\/www.pcb.ub.edu\/es\/el-parc-cientific-de-barcelona-participa-por-tercer-ano-consecutivo-en-el-yomo\/","url":"https:\/\/www.pcb.ub.edu\/es\/el-parc-cientific-de-barcelona-participa-por-tercer-ano-consecutivo-en-el-yomo\/","name":"El Parc Cient\u00edfic de Barcelona participa por tercer a\u00f1o consecutivo en el YoMo - Parc Cient\u00edfic de Barcelona","isPartOf":{"@id":"https:\/\/www.pcb.ub.edu\/es\/#website"},"primaryImageOfPage":{"@id":"https:\/\/www.pcb.ub.edu\/es\/el-parc-cientific-de-barcelona-participa-por-tercer-ano-consecutivo-en-el-yomo\/#primaryimage"},"image":{"@id":"https:\/\/www.pcb.ub.edu\/es\/el-parc-cientific-de-barcelona-participa-por-tercer-ano-consecutivo-en-el-yomo\/#primaryimage"},"thumbnailUrl":"https:\/\/www.pcb.ub.edu\/wp-content\/uploads\/2019\/02\/16049217725fa929ac4b1f8.jpeg","datePublished":"2019-02-25T23:00:00+00:00","dateModified":"2020-11-16T15:21:02+00:00","author":{"@id":"https:\/\/www.pcb.ub.edu\/es\/#\/schema\/person\/d13cab05cd0a75b17fddca8496481021"},"breadcrumb":{"@id":"https:\/\/www.pcb.ub.edu\/es\/el-parc-cientific-de-barcelona-participa-por-tercer-ano-consecutivo-en-el-yomo\/#breadcrumb"},"inLanguage":"es","potentialAction":[{"@type":"ReadAction","target":["https:\/\/www.pcb.ub.edu\/es\/el-parc-cientific-de-barcelona-participa-por-tercer-ano-consecutivo-en-el-yomo\/"]}]},{"@type":"ImageObject","inLanguage":"es","@id":"https:\/\/www.pcb.ub.edu\/es\/el-parc-cientific-de-barcelona-participa-por-tercer-ano-consecutivo-en-el-yomo\/#primaryimage","url":"https:\/\/www.pcb.ub.edu\/wp-content\/uploads\/2019\/02\/16049217725fa929ac4b1f8.jpeg","contentUrl":"https:\/\/www.pcb.ub.edu\/wp-content\/uploads\/2019\/02\/16049217725fa929ac4b1f8.jpeg","width":1024,"height":553},{"@type":"BreadcrumbList","@id":"https:\/\/www.pcb.ub.edu\/es\/el-parc-cientific-de-barcelona-participa-por-tercer-ano-consecutivo-en-el-yomo\/#breadcrumb","itemListElement":[{"@type":"ListItem","position":1,"name":"Home","item":"https:\/\/www.pcb.ub.edu\/es\/"},{"@type":"ListItem","position":2,"name":"El Parc Cient\u00edfic de Barcelona participa por tercer a\u00f1o consecutivo en el YoMo"}]},{"@type":"WebSite","@id":"https:\/\/www.pcb.ub.edu\/es\/#website","url":"https:\/\/www.pcb.ub.edu\/es\/","name":"Parc Cient\u00edfic de Barcelona","description":"Universitat de Barcelona","potentialAction":[{"@type":"SearchAction","target":{"@type":"EntryPoint","urlTemplate":"https:\/\/www.pcb.ub.edu\/es\/?s={search_term_string}"},"query-input":{"@type":"PropertyValueSpecification","valueRequired":true,"valueName":"search_term_string"}}],"inLanguage":"es"},{"@type":"Person","@id":"https:\/\/www.pcb.ub.edu\/es\/#\/schema\/person\/d13cab05cd0a75b17fddca8496481021","name":"adminpcb","image":{"@type":"ImageObject","inLanguage":"es","@id":"https:\/\/secure.gravatar.com\/avatar\/41ad0fab4bb3bf5348b0af9612159cfd93173a57bbca98fecb50fa6f3ab97d28?s=96&d=mm&r=g","url":"https:\/\/secure.gravatar.com\/avatar\/41ad0fab4bb3bf5348b0af9612159cfd93173a57bbca98fecb50fa6f3ab97d28?s=96&d=mm&r=g","contentUrl":"https:\/\/secure.gravatar.com\/avatar\/41ad0fab4bb3bf5348b0af9612159cfd93173a57bbca98fecb50fa6f3ab97d28?s=96&d=mm&r=g","caption":"adminpcb"},"url":"https:\/\/www.pcb.ub.edu\/es\/author\/adminpcb\/"}]}},"_links":{"self":[{"href":"https:\/\/www.pcb.ub.edu\/es\/wp-json\/wp\/v2\/posts\/38678","targetHints":{"allow":["GET"]}}],"collection":[{"href":"https:\/\/www.pcb.ub.edu\/es\/wp-json\/wp\/v2\/posts"}],"about":[{"href":"https:\/\/www.pcb.ub.edu\/es\/wp-json\/wp\/v2\/types\/post"}],"author":[{"embeddable":true,"href":"https:\/\/www.pcb.ub.edu\/es\/wp-json\/wp\/v2\/users\/1"}],"replies":[{"embeddable":true,"href":"https:\/\/www.pcb.ub.edu\/es\/wp-json\/wp\/v2\/comments?post=38678"}],"version-history":[{"count":1,"href":"https:\/\/www.pcb.ub.edu\/es\/wp-json\/wp\/v2\/posts\/38678\/revisions"}],"predecessor-version":[{"id":44790,"href":"https:\/\/www.pcb.ub.edu\/es\/wp-json\/wp\/v2\/posts\/38678\/revisions\/44790"}],"wp:featuredmedia":[{"embeddable":true,"href":"https:\/\/www.pcb.ub.edu\/es\/wp-json\/wp\/v2\/media\/25211"}],"wp:attachment":[{"href":"https:\/\/www.pcb.ub.edu\/es\/wp-json\/wp\/v2\/media?parent=38678"}],"wp:term":[{"taxonomy":"category","embeddable":true,"href":"https:\/\/www.pcb.ub.edu\/es\/wp-json\/wp\/v2\/categories?post=38678"},{"taxonomy":"post_tag","embeddable":true,"href":"https:\/\/www.pcb.ub.edu\/es\/wp-json\/wp\/v2\/tags?post=38678"}],"curies":[{"name":"wp","href":"https:\/\/api.w.org\/{rel}","templated":true}]}}