{"id":38653,"date":"2015-07-22T00:00:00","date_gmt":"2015-07-21T23:00:00","guid":{"rendered":"http:\/\/www.pcb.ub.edu\/\/el-dr-josep-antoni-plana-asume-la-direccion-del-parc-cientific-de-barcelona\/"},"modified":"2020-11-16T16:20:56","modified_gmt":"2020-11-16T15:20:56","slug":"el-dr-josep-antoni-plana-asume-la-direccion-del-parc-cientific-de-barcelona","status":"publish","type":"post","link":"https:\/\/www.pcb.ub.edu\/es\/el-dr-josep-antoni-plana-asume-la-direccion-del-parc-cientific-de-barcelona\/","title":{"rendered":"El Dr. Josep Antoni Plana asume la direcci\u00f3n del Parc Cient\u00edfic de Barcelona"},"content":{"rendered":"<p>Licenciado en Filosof\u00eda y Letras y doctor en Geograf\u00eda por la Universidad de Zaragoza, Josep Antoni Plana (El Pont de Suert, 1948) es catedr\u00e1tico de An\u00e1lisis Geogr\u00e1fico Regional y vicerrector del Grupo UB, Tecnolog\u00edas de la Informaci\u00f3n y la Comunicaci\u00f3n (TIC) y Servicios Comunes de la UB. Desde el a\u00f1o 1982 es miembro de la Real Academia de Doctores, de la que ha sido secretario general y vicepresidente. El Dr. Plana es tambi\u00e9n vicepresidente segundo del Patronato de la Fundaci\u00f3n PCB.<\/p>\n<p>Josep Antoni Plana\u00a0ha sido director del Servicio de Estudios del Banco Occidental (1978-1980); director del Ministerio de Educaci\u00f3n y Ciencia en Barcelona (1980-1984); fundador del Centro de Estudios Avanzados del CSIC en Blanes y su primer director (1985); consejero especial del director general de la UNESCO (1986-1992); director de la Fundaci\u00f3n Educativa de la Caixa de Barcelona (1986-1989), y vicepresidente de la Fundaci\u00f3n Joan Or\u00f3 (1987-1989). Tambi\u00e9n fue el creador y primer presidente de la Semana de la Ciencia en Catalu\u00f1a.<\/p>\n<p>Como director general de la Fundaci\u00f3 Catalana per a la Recerca (1989-1999), el Dr. Plana llev\u00f3 a cabo la instalaci\u00f3n de la Anella Cient\u00edfica\u00a0entre las universidades catalanas y la creaci\u00f3n del Centro de Supercomputaci\u00f3n de Catalu\u00f1a (CESCA). Durante su etapa como presidente de la Fundaci\u00f3n Instituto de Estudios Espaciales de Catalu\u00f1a (1996-1999) instaur\u00f3 el Premio\u00a0de Investigaci\u00f3n Fundaci\u00f3 Catalana per a la Recerca (1992).<\/p>\n<p>El Dr. Plana asume la direcci\u00f3n del Parc\u00a0que deja esta semana la Dra. Montserrat Vendrell\u00a0para incorporarse al Barcelona Institute of Science and Technology (BIST) como directora general.<\/p>\n<p>\u00a0<\/p>\n","protected":false},"excerpt":{"rendered":"<p>El Patronato de la Fundaci\u00f3n Parc\u00a0Cient\u00edfic\u00a0de Barcelona (PCB)\u00a0en su reuni\u00f3n del 21 de julio de 2015 \u2013presidida por el rector de la Universidad de Barcelona (UB), D\u00eddac Ram\u00edrez\u2013 ha nombrado al Dr. Josep Antoni Plana Castellv\u00ed director en funciones del Parc\u00a0Cient\u00edfic\u00a0de Barcelona.<\/p>\n","protected":false},"author":1,"featured_media":25114,"comment_status":"closed","ping_status":"open","sticky":false,"template":"","format":"standard","meta":{"_acf_changed":false,"inline_featured_image":false,"footnotes":""},"categories":[9],"tags":[],"class_list":["post-38653","post","type-post","status-publish","format-standard","has-post-thumbnail","category-sin-categorizar"],"acf":[],"yoast_head":"<!-- This site is optimized with the Yoast SEO plugin v27.3 - https:\/\/yoast.com\/product\/yoast-seo-wordpress\/ -->\n<title>El Dr. Josep Antoni Plana asume la direcci\u00f3n del Parc Cient\u00edfic de Barcelona - Parc Cient\u00edfic de Barcelona<\/title>\n<meta name=\"robots\" content=\"index, follow, max-snippet:-1, max-image-preview:large, max-video-preview:-1\" \/>\n<link rel=\"canonical\" href=\"https:\/\/www.pcb.ub.edu\/es\/el-dr-josep-antoni-plana-asume-la-direccion-del-parc-cientific-de-barcelona\/\" \/>\n<meta property=\"og:locale\" content=\"es_ES\" \/>\n<meta property=\"og:type\" content=\"article\" \/>\n<meta property=\"og:title\" content=\"El Dr. Josep Antoni Plana asume la direcci\u00f3n del Parc Cient\u00edfic de Barcelona - Parc Cient\u00edfic de Barcelona\" \/>\n<meta property=\"og:description\" content=\"El Patronato de la Fundaci\u00f3n Parc\u00a0Cient\u00edfic\u00a0de Barcelona (PCB)\u00a0en su reuni\u00f3n del 21 de julio de 2015 \u2013presidida por el rector de la Universidad de Barcelona (UB), D\u00eddac Ram\u00edrez\u2013 ha nombrado al Dr. Josep Antoni Plana Castellv\u00ed director en funciones del Parc\u00a0Cient\u00edfic\u00a0de Barcelona.\" \/>\n<meta property=\"og:url\" content=\"https:\/\/www.pcb.ub.edu\/es\/el-dr-josep-antoni-plana-asume-la-direccion-del-parc-cientific-de-barcelona\/\" \/>\n<meta property=\"og:site_name\" content=\"Parc Cient\u00edfic de Barcelona\" \/>\n<meta property=\"article:published_time\" content=\"2015-07-21T23:00:00+00:00\" \/>\n<meta property=\"article:modified_time\" content=\"2020-11-16T15:20:56+00:00\" \/>\n<meta property=\"og:image\" content=\"https:\/\/www.pcb.ub.edu\/wp-content\/uploads\/2015\/07\/16049217275fa9297fb3adf.jpeg\" \/>\n\t<meta property=\"og:image:width\" content=\"800\" \/>\n\t<meta property=\"og:image:height\" content=\"538\" \/>\n\t<meta property=\"og:image:type\" content=\"image\/jpeg\" \/>\n<meta name=\"author\" content=\"adminpcb\" \/>\n<meta name=\"twitter:card\" content=\"summary_large_image\" \/>\n<meta name=\"twitter:label1\" content=\"Escrito por\" \/>\n\t<meta name=\"twitter:data1\" content=\"adminpcb\" \/>\n\t<meta name=\"twitter:label2\" content=\"Tiempo de lectura\" \/>\n\t<meta name=\"twitter:data2\" content=\"1 minuto\" \/>\n<script type=\"application\/ld+json\" class=\"yoast-schema-graph\">{\"@context\":\"https:\\\/\\\/schema.org\",\"@graph\":[{\"@type\":\"Article\",\"@id\":\"https:\\\/\\\/www.pcb.ub.edu\\\/es\\\/el-dr-josep-antoni-plana-asume-la-direccion-del-parc-cientific-de-barcelona\\\/#article\",\"isPartOf\":{\"@id\":\"https:\\\/\\\/www.pcb.ub.edu\\\/es\\\/el-dr-josep-antoni-plana-asume-la-direccion-del-parc-cientific-de-barcelona\\\/\"},\"author\":{\"name\":\"adminpcb\",\"@id\":\"https:\\\/\\\/www.pcb.ub.edu\\\/es\\\/#\\\/schema\\\/person\\\/d13cab05cd0a75b17fddca8496481021\"},\"headline\":\"El Dr. Josep Antoni Plana asume la direcci\u00f3n del Parc Cient\u00edfic de Barcelona\",\"datePublished\":\"2015-07-21T23:00:00+00:00\",\"dateModified\":\"2020-11-16T15:20:56+00:00\",\"mainEntityOfPage\":{\"@id\":\"https:\\\/\\\/www.pcb.ub.edu\\\/es\\\/el-dr-josep-antoni-plana-asume-la-direccion-del-parc-cientific-de-barcelona\\\/\"},\"wordCount\":293,\"image\":{\"@id\":\"https:\\\/\\\/www.pcb.ub.edu\\\/es\\\/el-dr-josep-antoni-plana-asume-la-direccion-del-parc-cientific-de-barcelona\\\/#primaryimage\"},\"thumbnailUrl\":\"https:\\\/\\\/www.pcb.ub.edu\\\/wp-content\\\/uploads\\\/2015\\\/07\\\/16049217275fa9297fb3adf.jpeg\",\"articleSection\":[\"Sin categorizar\"],\"inLanguage\":\"es\"},{\"@type\":\"WebPage\",\"@id\":\"https:\\\/\\\/www.pcb.ub.edu\\\/es\\\/el-dr-josep-antoni-plana-asume-la-direccion-del-parc-cientific-de-barcelona\\\/\",\"url\":\"https:\\\/\\\/www.pcb.ub.edu\\\/es\\\/el-dr-josep-antoni-plana-asume-la-direccion-del-parc-cientific-de-barcelona\\\/\",\"name\":\"El Dr. Josep Antoni Plana asume la direcci\u00f3n del Parc Cient\u00edfic de Barcelona - Parc Cient\u00edfic de Barcelona\",\"isPartOf\":{\"@id\":\"https:\\\/\\\/www.pcb.ub.edu\\\/es\\\/#website\"},\"primaryImageOfPage\":{\"@id\":\"https:\\\/\\\/www.pcb.ub.edu\\\/es\\\/el-dr-josep-antoni-plana-asume-la-direccion-del-parc-cientific-de-barcelona\\\/#primaryimage\"},\"image\":{\"@id\":\"https:\\\/\\\/www.pcb.ub.edu\\\/es\\\/el-dr-josep-antoni-plana-asume-la-direccion-del-parc-cientific-de-barcelona\\\/#primaryimage\"},\"thumbnailUrl\":\"https:\\\/\\\/www.pcb.ub.edu\\\/wp-content\\\/uploads\\\/2015\\\/07\\\/16049217275fa9297fb3adf.jpeg\",\"datePublished\":\"2015-07-21T23:00:00+00:00\",\"dateModified\":\"2020-11-16T15:20:56+00:00\",\"author\":{\"@id\":\"https:\\\/\\\/www.pcb.ub.edu\\\/es\\\/#\\\/schema\\\/person\\\/d13cab05cd0a75b17fddca8496481021\"},\"breadcrumb\":{\"@id\":\"https:\\\/\\\/www.pcb.ub.edu\\\/es\\\/el-dr-josep-antoni-plana-asume-la-direccion-del-parc-cientific-de-barcelona\\\/#breadcrumb\"},\"inLanguage\":\"es\",\"potentialAction\":[{\"@type\":\"ReadAction\",\"target\":[\"https:\\\/\\\/www.pcb.ub.edu\\\/es\\\/el-dr-josep-antoni-plana-asume-la-direccion-del-parc-cientific-de-barcelona\\\/\"]}]},{\"@type\":\"ImageObject\",\"inLanguage\":\"es\",\"@id\":\"https:\\\/\\\/www.pcb.ub.edu\\\/es\\\/el-dr-josep-antoni-plana-asume-la-direccion-del-parc-cientific-de-barcelona\\\/#primaryimage\",\"url\":\"https:\\\/\\\/www.pcb.ub.edu\\\/wp-content\\\/uploads\\\/2015\\\/07\\\/16049217275fa9297fb3adf.jpeg\",\"contentUrl\":\"https:\\\/\\\/www.pcb.ub.edu\\\/wp-content\\\/uploads\\\/2015\\\/07\\\/16049217275fa9297fb3adf.jpeg\",\"width\":800,\"height\":538},{\"@type\":\"BreadcrumbList\",\"@id\":\"https:\\\/\\\/www.pcb.ub.edu\\\/es\\\/el-dr-josep-antoni-plana-asume-la-direccion-del-parc-cientific-de-barcelona\\\/#breadcrumb\",\"itemListElement\":[{\"@type\":\"ListItem\",\"position\":1,\"name\":\"Home\",\"item\":\"https:\\\/\\\/www.pcb.ub.edu\\\/es\\\/\"},{\"@type\":\"ListItem\",\"position\":2,\"name\":\"El Dr. Josep Antoni Plana asume la direcci\u00f3n del Parc Cient\u00edfic de Barcelona\"}]},{\"@type\":\"WebSite\",\"@id\":\"https:\\\/\\\/www.pcb.ub.edu\\\/es\\\/#website\",\"url\":\"https:\\\/\\\/www.pcb.ub.edu\\\/es\\\/\",\"name\":\"Parc Cient\u00edfic de Barcelona\",\"description\":\"Universitat de Barcelona\",\"potentialAction\":[{\"@type\":\"SearchAction\",\"target\":{\"@type\":\"EntryPoint\",\"urlTemplate\":\"https:\\\/\\\/www.pcb.ub.edu\\\/es\\\/?s={search_term_string}\"},\"query-input\":{\"@type\":\"PropertyValueSpecification\",\"valueRequired\":true,\"valueName\":\"search_term_string\"}}],\"inLanguage\":\"es\"},{\"@type\":\"Person\",\"@id\":\"https:\\\/\\\/www.pcb.ub.edu\\\/es\\\/#\\\/schema\\\/person\\\/d13cab05cd0a75b17fddca8496481021\",\"name\":\"adminpcb\",\"image\":{\"@type\":\"ImageObject\",\"inLanguage\":\"es\",\"@id\":\"https:\\\/\\\/secure.gravatar.com\\\/avatar\\\/41ad0fab4bb3bf5348b0af9612159cfd93173a57bbca98fecb50fa6f3ab97d28?s=96&d=mm&r=g\",\"url\":\"https:\\\/\\\/secure.gravatar.com\\\/avatar\\\/41ad0fab4bb3bf5348b0af9612159cfd93173a57bbca98fecb50fa6f3ab97d28?s=96&d=mm&r=g\",\"contentUrl\":\"https:\\\/\\\/secure.gravatar.com\\\/avatar\\\/41ad0fab4bb3bf5348b0af9612159cfd93173a57bbca98fecb50fa6f3ab97d28?s=96&d=mm&r=g\",\"caption\":\"adminpcb\"},\"url\":\"https:\\\/\\\/www.pcb.ub.edu\\\/es\\\/author\\\/adminpcb\\\/\"}]}<\/script>\n<!-- \/ Yoast SEO plugin. -->","yoast_head_json":{"title":"El Dr. Josep Antoni Plana asume la direcci\u00f3n del Parc Cient\u00edfic de Barcelona - Parc Cient\u00edfic de Barcelona","robots":{"index":"index","follow":"follow","max-snippet":"max-snippet:-1","max-image-preview":"max-image-preview:large","max-video-preview":"max-video-preview:-1"},"canonical":"https:\/\/www.pcb.ub.edu\/es\/el-dr-josep-antoni-plana-asume-la-direccion-del-parc-cientific-de-barcelona\/","og_locale":"es_ES","og_type":"article","og_title":"El Dr. Josep Antoni Plana asume la direcci\u00f3n del Parc Cient\u00edfic de Barcelona - Parc Cient\u00edfic de Barcelona","og_description":"El Patronato de la Fundaci\u00f3n Parc\u00a0Cient\u00edfic\u00a0de Barcelona (PCB)\u00a0en su reuni\u00f3n del 21 de julio de 2015 \u2013presidida por el rector de la Universidad de Barcelona (UB), D\u00eddac Ram\u00edrez\u2013 ha nombrado al Dr. Josep Antoni Plana Castellv\u00ed director en funciones del Parc\u00a0Cient\u00edfic\u00a0de Barcelona.","og_url":"https:\/\/www.pcb.ub.edu\/es\/el-dr-josep-antoni-plana-asume-la-direccion-del-parc-cientific-de-barcelona\/","og_site_name":"Parc Cient\u00edfic de Barcelona","article_published_time":"2015-07-21T23:00:00+00:00","article_modified_time":"2020-11-16T15:20:56+00:00","og_image":[{"width":800,"height":538,"url":"https:\/\/www.pcb.ub.edu\/wp-content\/uploads\/2015\/07\/16049217275fa9297fb3adf.jpeg","type":"image\/jpeg"}],"author":"adminpcb","twitter_card":"summary_large_image","twitter_misc":{"Escrito por":"adminpcb","Tiempo de lectura":"1 minuto"},"schema":{"@context":"https:\/\/schema.org","@graph":[{"@type":"Article","@id":"https:\/\/www.pcb.ub.edu\/es\/el-dr-josep-antoni-plana-asume-la-direccion-del-parc-cientific-de-barcelona\/#article","isPartOf":{"@id":"https:\/\/www.pcb.ub.edu\/es\/el-dr-josep-antoni-plana-asume-la-direccion-del-parc-cientific-de-barcelona\/"},"author":{"name":"adminpcb","@id":"https:\/\/www.pcb.ub.edu\/es\/#\/schema\/person\/d13cab05cd0a75b17fddca8496481021"},"headline":"El Dr. Josep Antoni Plana asume la direcci\u00f3n del Parc Cient\u00edfic de Barcelona","datePublished":"2015-07-21T23:00:00+00:00","dateModified":"2020-11-16T15:20:56+00:00","mainEntityOfPage":{"@id":"https:\/\/www.pcb.ub.edu\/es\/el-dr-josep-antoni-plana-asume-la-direccion-del-parc-cientific-de-barcelona\/"},"wordCount":293,"image":{"@id":"https:\/\/www.pcb.ub.edu\/es\/el-dr-josep-antoni-plana-asume-la-direccion-del-parc-cientific-de-barcelona\/#primaryimage"},"thumbnailUrl":"https:\/\/www.pcb.ub.edu\/wp-content\/uploads\/2015\/07\/16049217275fa9297fb3adf.jpeg","articleSection":["Sin categorizar"],"inLanguage":"es"},{"@type":"WebPage","@id":"https:\/\/www.pcb.ub.edu\/es\/el-dr-josep-antoni-plana-asume-la-direccion-del-parc-cientific-de-barcelona\/","url":"https:\/\/www.pcb.ub.edu\/es\/el-dr-josep-antoni-plana-asume-la-direccion-del-parc-cientific-de-barcelona\/","name":"El Dr. Josep Antoni Plana asume la direcci\u00f3n del Parc Cient\u00edfic de Barcelona - Parc Cient\u00edfic de Barcelona","isPartOf":{"@id":"https:\/\/www.pcb.ub.edu\/es\/#website"},"primaryImageOfPage":{"@id":"https:\/\/www.pcb.ub.edu\/es\/el-dr-josep-antoni-plana-asume-la-direccion-del-parc-cientific-de-barcelona\/#primaryimage"},"image":{"@id":"https:\/\/www.pcb.ub.edu\/es\/el-dr-josep-antoni-plana-asume-la-direccion-del-parc-cientific-de-barcelona\/#primaryimage"},"thumbnailUrl":"https:\/\/www.pcb.ub.edu\/wp-content\/uploads\/2015\/07\/16049217275fa9297fb3adf.jpeg","datePublished":"2015-07-21T23:00:00+00:00","dateModified":"2020-11-16T15:20:56+00:00","author":{"@id":"https:\/\/www.pcb.ub.edu\/es\/#\/schema\/person\/d13cab05cd0a75b17fddca8496481021"},"breadcrumb":{"@id":"https:\/\/www.pcb.ub.edu\/es\/el-dr-josep-antoni-plana-asume-la-direccion-del-parc-cientific-de-barcelona\/#breadcrumb"},"inLanguage":"es","potentialAction":[{"@type":"ReadAction","target":["https:\/\/www.pcb.ub.edu\/es\/el-dr-josep-antoni-plana-asume-la-direccion-del-parc-cientific-de-barcelona\/"]}]},{"@type":"ImageObject","inLanguage":"es","@id":"https:\/\/www.pcb.ub.edu\/es\/el-dr-josep-antoni-plana-asume-la-direccion-del-parc-cientific-de-barcelona\/#primaryimage","url":"https:\/\/www.pcb.ub.edu\/wp-content\/uploads\/2015\/07\/16049217275fa9297fb3adf.jpeg","contentUrl":"https:\/\/www.pcb.ub.edu\/wp-content\/uploads\/2015\/07\/16049217275fa9297fb3adf.jpeg","width":800,"height":538},{"@type":"BreadcrumbList","@id":"https:\/\/www.pcb.ub.edu\/es\/el-dr-josep-antoni-plana-asume-la-direccion-del-parc-cientific-de-barcelona\/#breadcrumb","itemListElement":[{"@type":"ListItem","position":1,"name":"Home","item":"https:\/\/www.pcb.ub.edu\/es\/"},{"@type":"ListItem","position":2,"name":"El Dr. Josep Antoni Plana asume la direcci\u00f3n del Parc Cient\u00edfic de Barcelona"}]},{"@type":"WebSite","@id":"https:\/\/www.pcb.ub.edu\/es\/#website","url":"https:\/\/www.pcb.ub.edu\/es\/","name":"Parc Cient\u00edfic de Barcelona","description":"Universitat de Barcelona","potentialAction":[{"@type":"SearchAction","target":{"@type":"EntryPoint","urlTemplate":"https:\/\/www.pcb.ub.edu\/es\/?s={search_term_string}"},"query-input":{"@type":"PropertyValueSpecification","valueRequired":true,"valueName":"search_term_string"}}],"inLanguage":"es"},{"@type":"Person","@id":"https:\/\/www.pcb.ub.edu\/es\/#\/schema\/person\/d13cab05cd0a75b17fddca8496481021","name":"adminpcb","image":{"@type":"ImageObject","inLanguage":"es","@id":"https:\/\/secure.gravatar.com\/avatar\/41ad0fab4bb3bf5348b0af9612159cfd93173a57bbca98fecb50fa6f3ab97d28?s=96&d=mm&r=g","url":"https:\/\/secure.gravatar.com\/avatar\/41ad0fab4bb3bf5348b0af9612159cfd93173a57bbca98fecb50fa6f3ab97d28?s=96&d=mm&r=g","contentUrl":"https:\/\/secure.gravatar.com\/avatar\/41ad0fab4bb3bf5348b0af9612159cfd93173a57bbca98fecb50fa6f3ab97d28?s=96&d=mm&r=g","caption":"adminpcb"},"url":"https:\/\/www.pcb.ub.edu\/es\/author\/adminpcb\/"}]}},"_links":{"self":[{"href":"https:\/\/www.pcb.ub.edu\/es\/wp-json\/wp\/v2\/posts\/38653","targetHints":{"allow":["GET"]}}],"collection":[{"href":"https:\/\/www.pcb.ub.edu\/es\/wp-json\/wp\/v2\/posts"}],"about":[{"href":"https:\/\/www.pcb.ub.edu\/es\/wp-json\/wp\/v2\/types\/post"}],"author":[{"embeddable":true,"href":"https:\/\/www.pcb.ub.edu\/es\/wp-json\/wp\/v2\/users\/1"}],"replies":[{"embeddable":true,"href":"https:\/\/www.pcb.ub.edu\/es\/wp-json\/wp\/v2\/comments?post=38653"}],"version-history":[{"count":1,"href":"https:\/\/www.pcb.ub.edu\/es\/wp-json\/wp\/v2\/posts\/38653\/revisions"}],"predecessor-version":[{"id":44770,"href":"https:\/\/www.pcb.ub.edu\/es\/wp-json\/wp\/v2\/posts\/38653\/revisions\/44770"}],"wp:featuredmedia":[{"embeddable":true,"href":"https:\/\/www.pcb.ub.edu\/es\/wp-json\/wp\/v2\/media\/25114"}],"wp:attachment":[{"href":"https:\/\/www.pcb.ub.edu\/es\/wp-json\/wp\/v2\/media?parent=38653"}],"wp:term":[{"taxonomy":"category","embeddable":true,"href":"https:\/\/www.pcb.ub.edu\/es\/wp-json\/wp\/v2\/categories?post=38653"},{"taxonomy":"post_tag","embeddable":true,"href":"https:\/\/www.pcb.ub.edu\/es\/wp-json\/wp\/v2\/tags?post=38653"}],"curies":[{"name":"wp","href":"https:\/\/api.w.org\/{rel}","templated":true}]}}