{"id":38637,"date":"2018-10-23T00:00:00","date_gmt":"2018-10-22T23:00:00","guid":{"rendered":"http:\/\/www.pcb.ub.edu\/\/eit-health-e-eit-food-organizan-en-el-pcb-un-taller-sobre-alimentacion-y-salud\/"},"modified":"2020-11-16T16:20:53","modified_gmt":"2020-11-16T15:20:53","slug":"eit-health-e-eit-food-organizan-en-el-pcb-un-taller-sobre-alimentacion-y-salud","status":"publish","type":"post","link":"https:\/\/www.pcb.ub.edu\/es\/eit-health-e-eit-food-organizan-en-el-pcb-un-taller-sobre-alimentacion-y-salud\/","title":{"rendered":"EIT Health e EIT Food organizan en el PCB un taller sobre alimentaci\u00f3n y salud"},"content":{"rendered":"<p>El taller comenz\u00f3 con una revisi\u00f3n de las tendencias actuales que est\u00e1n afectando a la interacci\u00f3n entre los alimentos y la salud. Los ponentes presentaron a la audiencia los productos, servicios, experiencias, marketing, comunicaci\u00f3n y modelos de negocios que est\u00e1n configurando las necesidades y expectativas de los consumidores, considerando que los alimentos son un factor principal en la salud y el bienestar.<\/p>\n<p>El juego de la \u00abdin\u00e1mica naranja\u00bb sirvi\u00f3 para romper el hielo y ense\u00f1ar a los asistentes la importancia de comunicarse con precisi\u00f3n.\u00a0Posteriormente, se llev\u00f3 a cabo la actividad de ideaci\u00f3n, donde se les alent\u00f3 a trabajar en equipos para desarrollar nuevas soluciones a diversos\u00a0desaf\u00edos de futuro: la influencia de nuestro comportamiento como consumidores en las dietas;\u00a0la lucha contra la obesidad en la sociedad, o el microbioma y la salud humana. Los participantes terminaron presentando las conclusiones extra\u00eddas del trabajo en grupo y, para cerrar el d\u00eda, tuvieron la oportunidad de explorar oportunidades de colaboraci\u00f3n a trav\u00e9s de sesiones <em>face to face<\/em>. En total, se llevaron a cabo 56 reuniones.<\/p>\n<p>EIT Health y EIT Food comparten fuerzas para fortalecer su posici\u00f3n en Europa y proporcionar nuevas soluciones para los ciudadanos. En cuanto a la interacci\u00f3n entre la salud y los alimentos, estas soluciones pasan necesariamente por tener en cuenta la composici\u00f3n de los alimentos, incorporando nuevos h\u00e1bitos saludables en sus vidas diarias y aprendiendo c\u00f3mo mantener un microbioma saludable.<\/p>\n<p>\u00a0<\/p>\n","protected":false},"excerpt":{"rendered":"<p>El Parc Cient\u00edfic de Barcelona acogi\u00f3 el pasado mi\u00e9rcoles\u00a0un<em> workshop<\/em> organizado\u00a0por\u00a0<a href=\"http:\/\/www.pcb.ub.edu\/portal\/es\/noticies\/-\/noticia\/not_eit-health-i-eit-food-organitzen-al-pcb-un-taller-sobre-alimentacio-i-salut?inheritRedirect=false&amp;redirect=%2Fportal%2Fca%2Fcerca%3Fp_p_id%3Dcercador_WAR_empleatsempresesportlet%26p_p_lifecycle%3D0%26p_p_state%3Dnormal%26p_p_mode%3Dview%26p_p_col_id%3Dcolumn-1%26p_p_col_count%3D1%26_cercador_WAR_empleatsempresesportlet_keywords%3Deit%26_cercador_WAR_empleatsempresesportlet_tab%3D3&amp;backURL=%2Fportal%2Fca%2Fcerca%3Fp_p_id%3Dcercador_WAR_empleatsempresesportlet%26p_p_lifecycle%3D0%26p_p_state%3Dnormal%26p_p_mode%3Dview%26p_p_col_id%3Dcolumn-1%26p_p_col_count%3D1%26_cercador_WAR_empleatsempresesportlet_keywords%3Deit%26_cercador_WAR_empleatsempresesportlet_tab%3D3\" target=\"_blank\" rel=\"noopener noreferrer\">EIT Health Spain<\/a> e\u00a0<a href=\"https:\/\/www.eitfood.eu\/our-activities\/regional-innovation-scheme\/eit-food-hubs\" target=\"_blank\" rel=\"noopener noreferrer\">EIT Food CLC South<\/a> con el objetivo de promover las sinergias y fomentar la colaboraci\u00f3n entre los agentes de los dos ecosistemas. A la reuni\u00f3n asistieron 54 participantes de 11 pa\u00edses diferentes, en representaci\u00f3n de empresas, universidades, instituciones de I+D, asociaciones y agencias de los \u00e1mbitos de la alimentaci\u00f3n y la salud.<\/p>\n<p>\u00a0<\/p>\n","protected":false},"author":1,"featured_media":25050,"comment_status":"closed","ping_status":"open","sticky":false,"template":"","format":"standard","meta":{"_acf_changed":false,"inline_featured_image":false,"footnotes":""},"categories":[9],"tags":[],"class_list":["post-38637","post","type-post","status-publish","format-standard","has-post-thumbnail","category-sin-categorizar"],"acf":[],"yoast_head":"<!-- This site is optimized with the Yoast SEO plugin v27.3 - https:\/\/yoast.com\/product\/yoast-seo-wordpress\/ -->\n<title>EIT Health e EIT Food organizan en el PCB un taller sobre alimentaci\u00f3n y salud - Parc Cient\u00edfic de Barcelona<\/title>\n<meta name=\"robots\" content=\"index, follow, max-snippet:-1, max-image-preview:large, max-video-preview:-1\" \/>\n<link rel=\"canonical\" href=\"https:\/\/www.pcb.ub.edu\/es\/eit-health-e-eit-food-organizan-en-el-pcb-un-taller-sobre-alimentacion-y-salud\/\" \/>\n<meta property=\"og:locale\" content=\"es_ES\" \/>\n<meta property=\"og:type\" content=\"article\" \/>\n<meta property=\"og:title\" content=\"EIT Health e EIT Food organizan en el PCB un taller sobre alimentaci\u00f3n y salud - Parc Cient\u00edfic de Barcelona\" \/>\n<meta property=\"og:description\" content=\"El Parc Cient\u00edfic de Barcelona acogi\u00f3 el pasado mi\u00e9rcoles\u00a0un workshop organizado\u00a0por\u00a0EIT Health Spain e\u00a0EIT Food CLC South con el objetivo de promover las sinergias y fomentar la colaboraci\u00f3n entre los agentes de los dos ecosistemas. A la reuni\u00f3n asistieron 54 participantes de 11 pa\u00edses diferentes, en representaci\u00f3n de empresas, universidades, instituciones de I+D, asociaciones y agencias de los \u00e1mbitos de la alimentaci\u00f3n y la salud. \u00a0\" \/>\n<meta property=\"og:url\" content=\"https:\/\/www.pcb.ub.edu\/es\/eit-health-e-eit-food-organizan-en-el-pcb-un-taller-sobre-alimentacion-y-salud\/\" \/>\n<meta property=\"og:site_name\" content=\"Parc Cient\u00edfic de Barcelona\" \/>\n<meta property=\"article:published_time\" content=\"2018-10-22T23:00:00+00:00\" \/>\n<meta property=\"article:modified_time\" content=\"2020-11-16T15:20:53+00:00\" \/>\n<meta property=\"og:image\" content=\"https:\/\/www.pcb.ub.edu\/wp-content\/uploads\/2018\/10\/16049217005fa9296458258.jpeg\" \/>\n\t<meta property=\"og:image:width\" content=\"1200\" \/>\n\t<meta property=\"og:image:height\" content=\"602\" \/>\n\t<meta property=\"og:image:type\" content=\"image\/jpeg\" \/>\n<meta name=\"author\" content=\"adminpcb\" \/>\n<meta name=\"twitter:card\" content=\"summary_large_image\" \/>\n<meta name=\"twitter:label1\" content=\"Escrito por\" \/>\n\t<meta name=\"twitter:data1\" content=\"adminpcb\" \/>\n\t<meta name=\"twitter:label2\" content=\"Tiempo de lectura\" \/>\n\t<meta name=\"twitter:data2\" content=\"1 minuto\" \/>\n<script type=\"application\/ld+json\" class=\"yoast-schema-graph\">{\"@context\":\"https:\\\/\\\/schema.org\",\"@graph\":[{\"@type\":\"Article\",\"@id\":\"https:\\\/\\\/www.pcb.ub.edu\\\/es\\\/eit-health-e-eit-food-organizan-en-el-pcb-un-taller-sobre-alimentacion-y-salud\\\/#article\",\"isPartOf\":{\"@id\":\"https:\\\/\\\/www.pcb.ub.edu\\\/es\\\/eit-health-e-eit-food-organizan-en-el-pcb-un-taller-sobre-alimentacion-y-salud\\\/\"},\"author\":{\"name\":\"adminpcb\",\"@id\":\"https:\\\/\\\/www.pcb.ub.edu\\\/es\\\/#\\\/schema\\\/person\\\/d13cab05cd0a75b17fddca8496481021\"},\"headline\":\"EIT Health e EIT Food organizan en el PCB un taller sobre alimentaci\u00f3n y salud\",\"datePublished\":\"2018-10-22T23:00:00+00:00\",\"dateModified\":\"2020-11-16T15:20:53+00:00\",\"mainEntityOfPage\":{\"@id\":\"https:\\\/\\\/www.pcb.ub.edu\\\/es\\\/eit-health-e-eit-food-organizan-en-el-pcb-un-taller-sobre-alimentacion-y-salud\\\/\"},\"wordCount\":267,\"image\":{\"@id\":\"https:\\\/\\\/www.pcb.ub.edu\\\/es\\\/eit-health-e-eit-food-organizan-en-el-pcb-un-taller-sobre-alimentacion-y-salud\\\/#primaryimage\"},\"thumbnailUrl\":\"https:\\\/\\\/www.pcb.ub.edu\\\/wp-content\\\/uploads\\\/2018\\\/10\\\/16049217005fa9296458258.jpeg\",\"articleSection\":[\"Sin categorizar\"],\"inLanguage\":\"es\"},{\"@type\":\"WebPage\",\"@id\":\"https:\\\/\\\/www.pcb.ub.edu\\\/es\\\/eit-health-e-eit-food-organizan-en-el-pcb-un-taller-sobre-alimentacion-y-salud\\\/\",\"url\":\"https:\\\/\\\/www.pcb.ub.edu\\\/es\\\/eit-health-e-eit-food-organizan-en-el-pcb-un-taller-sobre-alimentacion-y-salud\\\/\",\"name\":\"EIT Health e EIT Food organizan en el PCB un taller sobre alimentaci\u00f3n y salud - Parc Cient\u00edfic de Barcelona\",\"isPartOf\":{\"@id\":\"https:\\\/\\\/www.pcb.ub.edu\\\/es\\\/#website\"},\"primaryImageOfPage\":{\"@id\":\"https:\\\/\\\/www.pcb.ub.edu\\\/es\\\/eit-health-e-eit-food-organizan-en-el-pcb-un-taller-sobre-alimentacion-y-salud\\\/#primaryimage\"},\"image\":{\"@id\":\"https:\\\/\\\/www.pcb.ub.edu\\\/es\\\/eit-health-e-eit-food-organizan-en-el-pcb-un-taller-sobre-alimentacion-y-salud\\\/#primaryimage\"},\"thumbnailUrl\":\"https:\\\/\\\/www.pcb.ub.edu\\\/wp-content\\\/uploads\\\/2018\\\/10\\\/16049217005fa9296458258.jpeg\",\"datePublished\":\"2018-10-22T23:00:00+00:00\",\"dateModified\":\"2020-11-16T15:20:53+00:00\",\"author\":{\"@id\":\"https:\\\/\\\/www.pcb.ub.edu\\\/es\\\/#\\\/schema\\\/person\\\/d13cab05cd0a75b17fddca8496481021\"},\"breadcrumb\":{\"@id\":\"https:\\\/\\\/www.pcb.ub.edu\\\/es\\\/eit-health-e-eit-food-organizan-en-el-pcb-un-taller-sobre-alimentacion-y-salud\\\/#breadcrumb\"},\"inLanguage\":\"es\",\"potentialAction\":[{\"@type\":\"ReadAction\",\"target\":[\"https:\\\/\\\/www.pcb.ub.edu\\\/es\\\/eit-health-e-eit-food-organizan-en-el-pcb-un-taller-sobre-alimentacion-y-salud\\\/\"]}]},{\"@type\":\"ImageObject\",\"inLanguage\":\"es\",\"@id\":\"https:\\\/\\\/www.pcb.ub.edu\\\/es\\\/eit-health-e-eit-food-organizan-en-el-pcb-un-taller-sobre-alimentacion-y-salud\\\/#primaryimage\",\"url\":\"https:\\\/\\\/www.pcb.ub.edu\\\/wp-content\\\/uploads\\\/2018\\\/10\\\/16049217005fa9296458258.jpeg\",\"contentUrl\":\"https:\\\/\\\/www.pcb.ub.edu\\\/wp-content\\\/uploads\\\/2018\\\/10\\\/16049217005fa9296458258.jpeg\",\"width\":1200,\"height\":602},{\"@type\":\"BreadcrumbList\",\"@id\":\"https:\\\/\\\/www.pcb.ub.edu\\\/es\\\/eit-health-e-eit-food-organizan-en-el-pcb-un-taller-sobre-alimentacion-y-salud\\\/#breadcrumb\",\"itemListElement\":[{\"@type\":\"ListItem\",\"position\":1,\"name\":\"Home\",\"item\":\"https:\\\/\\\/www.pcb.ub.edu\\\/es\\\/\"},{\"@type\":\"ListItem\",\"position\":2,\"name\":\"EIT Health e EIT Food organizan en el PCB un taller sobre alimentaci\u00f3n y salud\"}]},{\"@type\":\"WebSite\",\"@id\":\"https:\\\/\\\/www.pcb.ub.edu\\\/es\\\/#website\",\"url\":\"https:\\\/\\\/www.pcb.ub.edu\\\/es\\\/\",\"name\":\"Parc Cient\u00edfic de Barcelona\",\"description\":\"Universitat de Barcelona\",\"potentialAction\":[{\"@type\":\"SearchAction\",\"target\":{\"@type\":\"EntryPoint\",\"urlTemplate\":\"https:\\\/\\\/www.pcb.ub.edu\\\/es\\\/?s={search_term_string}\"},\"query-input\":{\"@type\":\"PropertyValueSpecification\",\"valueRequired\":true,\"valueName\":\"search_term_string\"}}],\"inLanguage\":\"es\"},{\"@type\":\"Person\",\"@id\":\"https:\\\/\\\/www.pcb.ub.edu\\\/es\\\/#\\\/schema\\\/person\\\/d13cab05cd0a75b17fddca8496481021\",\"name\":\"adminpcb\",\"image\":{\"@type\":\"ImageObject\",\"inLanguage\":\"es\",\"@id\":\"https:\\\/\\\/secure.gravatar.com\\\/avatar\\\/41ad0fab4bb3bf5348b0af9612159cfd93173a57bbca98fecb50fa6f3ab97d28?s=96&d=mm&r=g\",\"url\":\"https:\\\/\\\/secure.gravatar.com\\\/avatar\\\/41ad0fab4bb3bf5348b0af9612159cfd93173a57bbca98fecb50fa6f3ab97d28?s=96&d=mm&r=g\",\"contentUrl\":\"https:\\\/\\\/secure.gravatar.com\\\/avatar\\\/41ad0fab4bb3bf5348b0af9612159cfd93173a57bbca98fecb50fa6f3ab97d28?s=96&d=mm&r=g\",\"caption\":\"adminpcb\"},\"url\":\"https:\\\/\\\/www.pcb.ub.edu\\\/es\\\/author\\\/adminpcb\\\/\"}]}<\/script>\n<!-- \/ Yoast SEO plugin. -->","yoast_head_json":{"title":"EIT Health e EIT Food organizan en el PCB un taller sobre alimentaci\u00f3n y salud - Parc Cient\u00edfic de Barcelona","robots":{"index":"index","follow":"follow","max-snippet":"max-snippet:-1","max-image-preview":"max-image-preview:large","max-video-preview":"max-video-preview:-1"},"canonical":"https:\/\/www.pcb.ub.edu\/es\/eit-health-e-eit-food-organizan-en-el-pcb-un-taller-sobre-alimentacion-y-salud\/","og_locale":"es_ES","og_type":"article","og_title":"EIT Health e EIT Food organizan en el PCB un taller sobre alimentaci\u00f3n y salud - Parc Cient\u00edfic de Barcelona","og_description":"El Parc Cient\u00edfic de Barcelona acogi\u00f3 el pasado mi\u00e9rcoles\u00a0un workshop organizado\u00a0por\u00a0EIT Health Spain e\u00a0EIT Food CLC South con el objetivo de promover las sinergias y fomentar la colaboraci\u00f3n entre los agentes de los dos ecosistemas. A la reuni\u00f3n asistieron 54 participantes de 11 pa\u00edses diferentes, en representaci\u00f3n de empresas, universidades, instituciones de I+D, asociaciones y agencias de los \u00e1mbitos de la alimentaci\u00f3n y la salud. \u00a0","og_url":"https:\/\/www.pcb.ub.edu\/es\/eit-health-e-eit-food-organizan-en-el-pcb-un-taller-sobre-alimentacion-y-salud\/","og_site_name":"Parc Cient\u00edfic de Barcelona","article_published_time":"2018-10-22T23:00:00+00:00","article_modified_time":"2020-11-16T15:20:53+00:00","og_image":[{"width":1200,"height":602,"url":"https:\/\/www.pcb.ub.edu\/wp-content\/uploads\/2018\/10\/16049217005fa9296458258.jpeg","type":"image\/jpeg"}],"author":"adminpcb","twitter_card":"summary_large_image","twitter_misc":{"Escrito por":"adminpcb","Tiempo de lectura":"1 minuto"},"schema":{"@context":"https:\/\/schema.org","@graph":[{"@type":"Article","@id":"https:\/\/www.pcb.ub.edu\/es\/eit-health-e-eit-food-organizan-en-el-pcb-un-taller-sobre-alimentacion-y-salud\/#article","isPartOf":{"@id":"https:\/\/www.pcb.ub.edu\/es\/eit-health-e-eit-food-organizan-en-el-pcb-un-taller-sobre-alimentacion-y-salud\/"},"author":{"name":"adminpcb","@id":"https:\/\/www.pcb.ub.edu\/es\/#\/schema\/person\/d13cab05cd0a75b17fddca8496481021"},"headline":"EIT Health e EIT Food organizan en el PCB un taller sobre alimentaci\u00f3n y salud","datePublished":"2018-10-22T23:00:00+00:00","dateModified":"2020-11-16T15:20:53+00:00","mainEntityOfPage":{"@id":"https:\/\/www.pcb.ub.edu\/es\/eit-health-e-eit-food-organizan-en-el-pcb-un-taller-sobre-alimentacion-y-salud\/"},"wordCount":267,"image":{"@id":"https:\/\/www.pcb.ub.edu\/es\/eit-health-e-eit-food-organizan-en-el-pcb-un-taller-sobre-alimentacion-y-salud\/#primaryimage"},"thumbnailUrl":"https:\/\/www.pcb.ub.edu\/wp-content\/uploads\/2018\/10\/16049217005fa9296458258.jpeg","articleSection":["Sin categorizar"],"inLanguage":"es"},{"@type":"WebPage","@id":"https:\/\/www.pcb.ub.edu\/es\/eit-health-e-eit-food-organizan-en-el-pcb-un-taller-sobre-alimentacion-y-salud\/","url":"https:\/\/www.pcb.ub.edu\/es\/eit-health-e-eit-food-organizan-en-el-pcb-un-taller-sobre-alimentacion-y-salud\/","name":"EIT Health e EIT Food organizan en el PCB un taller sobre alimentaci\u00f3n y salud - Parc Cient\u00edfic de Barcelona","isPartOf":{"@id":"https:\/\/www.pcb.ub.edu\/es\/#website"},"primaryImageOfPage":{"@id":"https:\/\/www.pcb.ub.edu\/es\/eit-health-e-eit-food-organizan-en-el-pcb-un-taller-sobre-alimentacion-y-salud\/#primaryimage"},"image":{"@id":"https:\/\/www.pcb.ub.edu\/es\/eit-health-e-eit-food-organizan-en-el-pcb-un-taller-sobre-alimentacion-y-salud\/#primaryimage"},"thumbnailUrl":"https:\/\/www.pcb.ub.edu\/wp-content\/uploads\/2018\/10\/16049217005fa9296458258.jpeg","datePublished":"2018-10-22T23:00:00+00:00","dateModified":"2020-11-16T15:20:53+00:00","author":{"@id":"https:\/\/www.pcb.ub.edu\/es\/#\/schema\/person\/d13cab05cd0a75b17fddca8496481021"},"breadcrumb":{"@id":"https:\/\/www.pcb.ub.edu\/es\/eit-health-e-eit-food-organizan-en-el-pcb-un-taller-sobre-alimentacion-y-salud\/#breadcrumb"},"inLanguage":"es","potentialAction":[{"@type":"ReadAction","target":["https:\/\/www.pcb.ub.edu\/es\/eit-health-e-eit-food-organizan-en-el-pcb-un-taller-sobre-alimentacion-y-salud\/"]}]},{"@type":"ImageObject","inLanguage":"es","@id":"https:\/\/www.pcb.ub.edu\/es\/eit-health-e-eit-food-organizan-en-el-pcb-un-taller-sobre-alimentacion-y-salud\/#primaryimage","url":"https:\/\/www.pcb.ub.edu\/wp-content\/uploads\/2018\/10\/16049217005fa9296458258.jpeg","contentUrl":"https:\/\/www.pcb.ub.edu\/wp-content\/uploads\/2018\/10\/16049217005fa9296458258.jpeg","width":1200,"height":602},{"@type":"BreadcrumbList","@id":"https:\/\/www.pcb.ub.edu\/es\/eit-health-e-eit-food-organizan-en-el-pcb-un-taller-sobre-alimentacion-y-salud\/#breadcrumb","itemListElement":[{"@type":"ListItem","position":1,"name":"Home","item":"https:\/\/www.pcb.ub.edu\/es\/"},{"@type":"ListItem","position":2,"name":"EIT Health e EIT Food organizan en el PCB un taller sobre alimentaci\u00f3n y salud"}]},{"@type":"WebSite","@id":"https:\/\/www.pcb.ub.edu\/es\/#website","url":"https:\/\/www.pcb.ub.edu\/es\/","name":"Parc Cient\u00edfic de Barcelona","description":"Universitat de Barcelona","potentialAction":[{"@type":"SearchAction","target":{"@type":"EntryPoint","urlTemplate":"https:\/\/www.pcb.ub.edu\/es\/?s={search_term_string}"},"query-input":{"@type":"PropertyValueSpecification","valueRequired":true,"valueName":"search_term_string"}}],"inLanguage":"es"},{"@type":"Person","@id":"https:\/\/www.pcb.ub.edu\/es\/#\/schema\/person\/d13cab05cd0a75b17fddca8496481021","name":"adminpcb","image":{"@type":"ImageObject","inLanguage":"es","@id":"https:\/\/secure.gravatar.com\/avatar\/41ad0fab4bb3bf5348b0af9612159cfd93173a57bbca98fecb50fa6f3ab97d28?s=96&d=mm&r=g","url":"https:\/\/secure.gravatar.com\/avatar\/41ad0fab4bb3bf5348b0af9612159cfd93173a57bbca98fecb50fa6f3ab97d28?s=96&d=mm&r=g","contentUrl":"https:\/\/secure.gravatar.com\/avatar\/41ad0fab4bb3bf5348b0af9612159cfd93173a57bbca98fecb50fa6f3ab97d28?s=96&d=mm&r=g","caption":"adminpcb"},"url":"https:\/\/www.pcb.ub.edu\/es\/author\/adminpcb\/"}]}},"_links":{"self":[{"href":"https:\/\/www.pcb.ub.edu\/es\/wp-json\/wp\/v2\/posts\/38637","targetHints":{"allow":["GET"]}}],"collection":[{"href":"https:\/\/www.pcb.ub.edu\/es\/wp-json\/wp\/v2\/posts"}],"about":[{"href":"https:\/\/www.pcb.ub.edu\/es\/wp-json\/wp\/v2\/types\/post"}],"author":[{"embeddable":true,"href":"https:\/\/www.pcb.ub.edu\/es\/wp-json\/wp\/v2\/users\/1"}],"replies":[{"embeddable":true,"href":"https:\/\/www.pcb.ub.edu\/es\/wp-json\/wp\/v2\/comments?post=38637"}],"version-history":[{"count":1,"href":"https:\/\/www.pcb.ub.edu\/es\/wp-json\/wp\/v2\/posts\/38637\/revisions"}],"predecessor-version":[{"id":44755,"href":"https:\/\/www.pcb.ub.edu\/es\/wp-json\/wp\/v2\/posts\/38637\/revisions\/44755"}],"wp:featuredmedia":[{"embeddable":true,"href":"https:\/\/www.pcb.ub.edu\/es\/wp-json\/wp\/v2\/media\/25050"}],"wp:attachment":[{"href":"https:\/\/www.pcb.ub.edu\/es\/wp-json\/wp\/v2\/media?parent=38637"}],"wp:term":[{"taxonomy":"category","embeddable":true,"href":"https:\/\/www.pcb.ub.edu\/es\/wp-json\/wp\/v2\/categories?post=38637"},{"taxonomy":"post_tag","embeddable":true,"href":"https:\/\/www.pcb.ub.edu\/es\/wp-json\/wp\/v2\/tags?post=38637"}],"curies":[{"name":"wp","href":"https:\/\/api.w.org\/{rel}","templated":true}]}}