{"id":38591,"date":"2017-09-28T00:00:00","date_gmt":"2017-09-27T23:00:00","guid":{"rendered":"http:\/\/www.pcb.ub.edu\/\/convocatoria-de-proyectos-de-intervencion-artistica-en-los-espacios-del-pcb\/"},"modified":"2020-11-16T16:20:41","modified_gmt":"2020-11-16T15:20:41","slug":"convocatoria-de-proyectos-de-intervencion-artistica-en-los-espacios-del-pcb","status":"publish","type":"post","link":"https:\/\/www.pcb.ub.edu\/es\/convocatoria-de-proyectos-de-intervencion-artistica-en-los-espacios-del-pcb\/","title":{"rendered":"Convocatoria de proyectos de intervenci\u00f3n art\u00edstica en los espacios del PCB"},"content":{"rendered":"<p>El concurso est\u00e1 abierto a cualquier persona o colectivo\u00a0 con el \u00fanico requisito de ser mayores de edad. La participaci\u00f3n puede ser individual o en grupo.\u00a0<\/p>\n<p>La Fundaci\u00f3n Parc\u00a0Cient\u00edfic\u00a0de Barcelona destinar\u00e1 una dotaci\u00f3n econ\u00f3mica de 3.500,00 \u20ac a la propuesta ganadora para la producci\u00f3n del proyecto.<\/p>\n<p>Las candidaturas presentadas se valorar\u00e1n en funci\u00f3n de\u00a0la calidad conceptual; la implicaci\u00f3n\u00a0con un mensaje vinculado con la actividad cient\u00edfica actual en el campo de ciencias de la vida; la adecuaci\u00f3n pl\u00e1stica y visual en el espacio de intervenci\u00f3n; la viabilidad presupuestaria seg\u00fan los par\u00e1metros establecidos en esta convocatoria; la originalidad de la creaci\u00f3n art\u00edstica presentada, y la durabilidad del materiales.<\/p>\n<p>\u00a0<\/p>\n<p>\u25ba<a href=\"http:\/\/www.pcb.ub.edu\/portal\/documents\/430271\/0\/bases.pdf\/7fa3d83c-6d0c-4781-835f-a66ce3147c98\" target=\"_blank\" rel=\"noopener noreferrer\">Bases del concurs [CAT]\u00a0&gt;<\/a><\/p>\n<p>\u25ba<a href=\"http:\/\/www.pcb.ub.edu\/portal\/documents\/430271\/0\/SOL%C2%B7LICITUD+INSCRIPCI%C3%93+maig017.pdf\/273128bf-b865-485f-8deb-e38c3a1e640c\" target=\"_blank\" rel=\"noopener noreferrer\">Formulario d&#8217;inscripci\u00f3n [CAT] &gt;<\/a><\/p>\n<p>\u25ba<a href=\"http:\/\/www.pcb.ub.edu\/portal\/documents\/430271\/0\/annex_planols.pdf\/f429e5fc-6105-46af-95f8-1b5507ec52bb\" target=\"_blank\" rel=\"noopener noreferrer\">Anexo &#8211; Planos [CAT] &gt;<\/a><\/p>\n","protected":false},"excerpt":{"rendered":"<p>El Parc Cient\u00edfic de Barcelona (PCB) convoca un concurso de intervenci\u00f3n art\u00edstica para brindar la oportunidad de dise\u00f1ar, con entera libertad, uno de los espacios que conforman la v\u00eda principal de circulaci\u00f3n y comunicaci\u00f3n de las personas que forman parte de los \u00e1mbitos de investigaci\u00f3n del Parque. El plazo de presentaci\u00f3n de propuestas se ha ampliado hasta el d\u00eda 2 de octubre.<\/p>\n<p>\u00a0<\/p>\n","protected":false},"author":1,"featured_media":24869,"comment_status":"closed","ping_status":"open","sticky":false,"template":"","format":"standard","meta":{"_acf_changed":false,"inline_featured_image":false,"footnotes":""},"categories":[9],"tags":[],"class_list":["post-38591","post","type-post","status-publish","format-standard","has-post-thumbnail","category-sin-categorizar"],"acf":[],"yoast_head":"<!-- This site is optimized with the Yoast SEO plugin v27.3 - https:\/\/yoast.com\/product\/yoast-seo-wordpress\/ -->\n<title>Convocatoria de proyectos de intervenci\u00f3n art\u00edstica en los espacios del PCB - Parc Cient\u00edfic de Barcelona<\/title>\n<meta name=\"robots\" content=\"index, follow, max-snippet:-1, max-image-preview:large, max-video-preview:-1\" \/>\n<link rel=\"canonical\" href=\"https:\/\/www.pcb.ub.edu\/es\/convocatoria-de-proyectos-de-intervencion-artistica-en-los-espacios-del-pcb\/\" \/>\n<meta property=\"og:locale\" content=\"es_ES\" \/>\n<meta property=\"og:type\" content=\"article\" \/>\n<meta property=\"og:title\" content=\"Convocatoria de proyectos de intervenci\u00f3n art\u00edstica en los espacios del PCB - Parc Cient\u00edfic de Barcelona\" \/>\n<meta property=\"og:description\" content=\"El Parc Cient\u00edfic de Barcelona (PCB) convoca un concurso de intervenci\u00f3n art\u00edstica para brindar la oportunidad de dise\u00f1ar, con entera libertad, uno de los espacios que conforman la v\u00eda principal de circulaci\u00f3n y comunicaci\u00f3n de las personas que forman parte de los \u00e1mbitos de investigaci\u00f3n del Parque. El plazo de presentaci\u00f3n de propuestas se ha ampliado hasta el d\u00eda 2 de octubre. \u00a0\" \/>\n<meta property=\"og:url\" content=\"https:\/\/www.pcb.ub.edu\/es\/convocatoria-de-proyectos-de-intervencion-artistica-en-los-espacios-del-pcb\/\" \/>\n<meta property=\"og:site_name\" content=\"Parc Cient\u00edfic de Barcelona\" \/>\n<meta property=\"article:published_time\" content=\"2017-09-27T23:00:00+00:00\" \/>\n<meta property=\"article:modified_time\" content=\"2020-11-16T15:20:41+00:00\" \/>\n<meta property=\"og:image\" content=\"https:\/\/www.pcb.ub.edu\/wp-content\/uploads\/2017\/09\/16049216325fa92920048f8.jpeg\" \/>\n\t<meta property=\"og:image:width\" content=\"800\" \/>\n\t<meta property=\"og:image:height\" content=\"382\" \/>\n\t<meta property=\"og:image:type\" content=\"image\/jpeg\" \/>\n<meta name=\"author\" content=\"adminpcb\" \/>\n<meta name=\"twitter:card\" content=\"summary_large_image\" \/>\n<meta name=\"twitter:label1\" content=\"Escrito por\" \/>\n\t<meta name=\"twitter:data1\" content=\"adminpcb\" \/>\n\t<meta name=\"twitter:label2\" content=\"Tiempo de lectura\" \/>\n\t<meta name=\"twitter:data2\" content=\"1 minuto\" \/>\n<script type=\"application\/ld+json\" class=\"yoast-schema-graph\">{\"@context\":\"https:\\\/\\\/schema.org\",\"@graph\":[{\"@type\":\"Article\",\"@id\":\"https:\\\/\\\/www.pcb.ub.edu\\\/es\\\/convocatoria-de-proyectos-de-intervencion-artistica-en-los-espacios-del-pcb\\\/#article\",\"isPartOf\":{\"@id\":\"https:\\\/\\\/www.pcb.ub.edu\\\/es\\\/convocatoria-de-proyectos-de-intervencion-artistica-en-los-espacios-del-pcb\\\/\"},\"author\":{\"name\":\"adminpcb\",\"@id\":\"https:\\\/\\\/www.pcb.ub.edu\\\/es\\\/#\\\/schema\\\/person\\\/d13cab05cd0a75b17fddca8496481021\"},\"headline\":\"Convocatoria de proyectos de intervenci\u00f3n art\u00edstica en los espacios del PCB\",\"datePublished\":\"2017-09-27T23:00:00+00:00\",\"dateModified\":\"2020-11-16T15:20:41+00:00\",\"mainEntityOfPage\":{\"@id\":\"https:\\\/\\\/www.pcb.ub.edu\\\/es\\\/convocatoria-de-proyectos-de-intervencion-artistica-en-los-espacios-del-pcb\\\/\"},\"wordCount\":153,\"image\":{\"@id\":\"https:\\\/\\\/www.pcb.ub.edu\\\/es\\\/convocatoria-de-proyectos-de-intervencion-artistica-en-los-espacios-del-pcb\\\/#primaryimage\"},\"thumbnailUrl\":\"https:\\\/\\\/www.pcb.ub.edu\\\/wp-content\\\/uploads\\\/2017\\\/09\\\/16049216325fa92920048f8.jpeg\",\"articleSection\":[\"Sin categorizar\"],\"inLanguage\":\"es\"},{\"@type\":\"WebPage\",\"@id\":\"https:\\\/\\\/www.pcb.ub.edu\\\/es\\\/convocatoria-de-proyectos-de-intervencion-artistica-en-los-espacios-del-pcb\\\/\",\"url\":\"https:\\\/\\\/www.pcb.ub.edu\\\/es\\\/convocatoria-de-proyectos-de-intervencion-artistica-en-los-espacios-del-pcb\\\/\",\"name\":\"Convocatoria de proyectos de intervenci\u00f3n art\u00edstica en los espacios del PCB - Parc Cient\u00edfic de Barcelona\",\"isPartOf\":{\"@id\":\"https:\\\/\\\/www.pcb.ub.edu\\\/es\\\/#website\"},\"primaryImageOfPage\":{\"@id\":\"https:\\\/\\\/www.pcb.ub.edu\\\/es\\\/convocatoria-de-proyectos-de-intervencion-artistica-en-los-espacios-del-pcb\\\/#primaryimage\"},\"image\":{\"@id\":\"https:\\\/\\\/www.pcb.ub.edu\\\/es\\\/convocatoria-de-proyectos-de-intervencion-artistica-en-los-espacios-del-pcb\\\/#primaryimage\"},\"thumbnailUrl\":\"https:\\\/\\\/www.pcb.ub.edu\\\/wp-content\\\/uploads\\\/2017\\\/09\\\/16049216325fa92920048f8.jpeg\",\"datePublished\":\"2017-09-27T23:00:00+00:00\",\"dateModified\":\"2020-11-16T15:20:41+00:00\",\"author\":{\"@id\":\"https:\\\/\\\/www.pcb.ub.edu\\\/es\\\/#\\\/schema\\\/person\\\/d13cab05cd0a75b17fddca8496481021\"},\"breadcrumb\":{\"@id\":\"https:\\\/\\\/www.pcb.ub.edu\\\/es\\\/convocatoria-de-proyectos-de-intervencion-artistica-en-los-espacios-del-pcb\\\/#breadcrumb\"},\"inLanguage\":\"es\",\"potentialAction\":[{\"@type\":\"ReadAction\",\"target\":[\"https:\\\/\\\/www.pcb.ub.edu\\\/es\\\/convocatoria-de-proyectos-de-intervencion-artistica-en-los-espacios-del-pcb\\\/\"]}]},{\"@type\":\"ImageObject\",\"inLanguage\":\"es\",\"@id\":\"https:\\\/\\\/www.pcb.ub.edu\\\/es\\\/convocatoria-de-proyectos-de-intervencion-artistica-en-los-espacios-del-pcb\\\/#primaryimage\",\"url\":\"https:\\\/\\\/www.pcb.ub.edu\\\/wp-content\\\/uploads\\\/2017\\\/09\\\/16049216325fa92920048f8.jpeg\",\"contentUrl\":\"https:\\\/\\\/www.pcb.ub.edu\\\/wp-content\\\/uploads\\\/2017\\\/09\\\/16049216325fa92920048f8.jpeg\",\"width\":800,\"height\":382},{\"@type\":\"BreadcrumbList\",\"@id\":\"https:\\\/\\\/www.pcb.ub.edu\\\/es\\\/convocatoria-de-proyectos-de-intervencion-artistica-en-los-espacios-del-pcb\\\/#breadcrumb\",\"itemListElement\":[{\"@type\":\"ListItem\",\"position\":1,\"name\":\"Home\",\"item\":\"https:\\\/\\\/www.pcb.ub.edu\\\/es\\\/\"},{\"@type\":\"ListItem\",\"position\":2,\"name\":\"Convocatoria de proyectos de intervenci\u00f3n art\u00edstica en los espacios del PCB\"}]},{\"@type\":\"WebSite\",\"@id\":\"https:\\\/\\\/www.pcb.ub.edu\\\/es\\\/#website\",\"url\":\"https:\\\/\\\/www.pcb.ub.edu\\\/es\\\/\",\"name\":\"Parc Cient\u00edfic de Barcelona\",\"description\":\"Universitat de Barcelona\",\"potentialAction\":[{\"@type\":\"SearchAction\",\"target\":{\"@type\":\"EntryPoint\",\"urlTemplate\":\"https:\\\/\\\/www.pcb.ub.edu\\\/es\\\/?s={search_term_string}\"},\"query-input\":{\"@type\":\"PropertyValueSpecification\",\"valueRequired\":true,\"valueName\":\"search_term_string\"}}],\"inLanguage\":\"es\"},{\"@type\":\"Person\",\"@id\":\"https:\\\/\\\/www.pcb.ub.edu\\\/es\\\/#\\\/schema\\\/person\\\/d13cab05cd0a75b17fddca8496481021\",\"name\":\"adminpcb\",\"image\":{\"@type\":\"ImageObject\",\"inLanguage\":\"es\",\"@id\":\"https:\\\/\\\/secure.gravatar.com\\\/avatar\\\/41ad0fab4bb3bf5348b0af9612159cfd93173a57bbca98fecb50fa6f3ab97d28?s=96&d=mm&r=g\",\"url\":\"https:\\\/\\\/secure.gravatar.com\\\/avatar\\\/41ad0fab4bb3bf5348b0af9612159cfd93173a57bbca98fecb50fa6f3ab97d28?s=96&d=mm&r=g\",\"contentUrl\":\"https:\\\/\\\/secure.gravatar.com\\\/avatar\\\/41ad0fab4bb3bf5348b0af9612159cfd93173a57bbca98fecb50fa6f3ab97d28?s=96&d=mm&r=g\",\"caption\":\"adminpcb\"},\"url\":\"https:\\\/\\\/www.pcb.ub.edu\\\/es\\\/author\\\/adminpcb\\\/\"}]}<\/script>\n<!-- \/ Yoast SEO plugin. -->","yoast_head_json":{"title":"Convocatoria de proyectos de intervenci\u00f3n art\u00edstica en los espacios del PCB - Parc Cient\u00edfic de Barcelona","robots":{"index":"index","follow":"follow","max-snippet":"max-snippet:-1","max-image-preview":"max-image-preview:large","max-video-preview":"max-video-preview:-1"},"canonical":"https:\/\/www.pcb.ub.edu\/es\/convocatoria-de-proyectos-de-intervencion-artistica-en-los-espacios-del-pcb\/","og_locale":"es_ES","og_type":"article","og_title":"Convocatoria de proyectos de intervenci\u00f3n art\u00edstica en los espacios del PCB - Parc Cient\u00edfic de Barcelona","og_description":"El Parc Cient\u00edfic de Barcelona (PCB) convoca un concurso de intervenci\u00f3n art\u00edstica para brindar la oportunidad de dise\u00f1ar, con entera libertad, uno de los espacios que conforman la v\u00eda principal de circulaci\u00f3n y comunicaci\u00f3n de las personas que forman parte de los \u00e1mbitos de investigaci\u00f3n del Parque. El plazo de presentaci\u00f3n de propuestas se ha ampliado hasta el d\u00eda 2 de octubre. \u00a0","og_url":"https:\/\/www.pcb.ub.edu\/es\/convocatoria-de-proyectos-de-intervencion-artistica-en-los-espacios-del-pcb\/","og_site_name":"Parc Cient\u00edfic de Barcelona","article_published_time":"2017-09-27T23:00:00+00:00","article_modified_time":"2020-11-16T15:20:41+00:00","og_image":[{"width":800,"height":382,"url":"https:\/\/www.pcb.ub.edu\/wp-content\/uploads\/2017\/09\/16049216325fa92920048f8.jpeg","type":"image\/jpeg"}],"author":"adminpcb","twitter_card":"summary_large_image","twitter_misc":{"Escrito por":"adminpcb","Tiempo de lectura":"1 minuto"},"schema":{"@context":"https:\/\/schema.org","@graph":[{"@type":"Article","@id":"https:\/\/www.pcb.ub.edu\/es\/convocatoria-de-proyectos-de-intervencion-artistica-en-los-espacios-del-pcb\/#article","isPartOf":{"@id":"https:\/\/www.pcb.ub.edu\/es\/convocatoria-de-proyectos-de-intervencion-artistica-en-los-espacios-del-pcb\/"},"author":{"name":"adminpcb","@id":"https:\/\/www.pcb.ub.edu\/es\/#\/schema\/person\/d13cab05cd0a75b17fddca8496481021"},"headline":"Convocatoria de proyectos de intervenci\u00f3n art\u00edstica en los espacios del PCB","datePublished":"2017-09-27T23:00:00+00:00","dateModified":"2020-11-16T15:20:41+00:00","mainEntityOfPage":{"@id":"https:\/\/www.pcb.ub.edu\/es\/convocatoria-de-proyectos-de-intervencion-artistica-en-los-espacios-del-pcb\/"},"wordCount":153,"image":{"@id":"https:\/\/www.pcb.ub.edu\/es\/convocatoria-de-proyectos-de-intervencion-artistica-en-los-espacios-del-pcb\/#primaryimage"},"thumbnailUrl":"https:\/\/www.pcb.ub.edu\/wp-content\/uploads\/2017\/09\/16049216325fa92920048f8.jpeg","articleSection":["Sin categorizar"],"inLanguage":"es"},{"@type":"WebPage","@id":"https:\/\/www.pcb.ub.edu\/es\/convocatoria-de-proyectos-de-intervencion-artistica-en-los-espacios-del-pcb\/","url":"https:\/\/www.pcb.ub.edu\/es\/convocatoria-de-proyectos-de-intervencion-artistica-en-los-espacios-del-pcb\/","name":"Convocatoria de proyectos de intervenci\u00f3n art\u00edstica en los espacios del PCB - Parc Cient\u00edfic de Barcelona","isPartOf":{"@id":"https:\/\/www.pcb.ub.edu\/es\/#website"},"primaryImageOfPage":{"@id":"https:\/\/www.pcb.ub.edu\/es\/convocatoria-de-proyectos-de-intervencion-artistica-en-los-espacios-del-pcb\/#primaryimage"},"image":{"@id":"https:\/\/www.pcb.ub.edu\/es\/convocatoria-de-proyectos-de-intervencion-artistica-en-los-espacios-del-pcb\/#primaryimage"},"thumbnailUrl":"https:\/\/www.pcb.ub.edu\/wp-content\/uploads\/2017\/09\/16049216325fa92920048f8.jpeg","datePublished":"2017-09-27T23:00:00+00:00","dateModified":"2020-11-16T15:20:41+00:00","author":{"@id":"https:\/\/www.pcb.ub.edu\/es\/#\/schema\/person\/d13cab05cd0a75b17fddca8496481021"},"breadcrumb":{"@id":"https:\/\/www.pcb.ub.edu\/es\/convocatoria-de-proyectos-de-intervencion-artistica-en-los-espacios-del-pcb\/#breadcrumb"},"inLanguage":"es","potentialAction":[{"@type":"ReadAction","target":["https:\/\/www.pcb.ub.edu\/es\/convocatoria-de-proyectos-de-intervencion-artistica-en-los-espacios-del-pcb\/"]}]},{"@type":"ImageObject","inLanguage":"es","@id":"https:\/\/www.pcb.ub.edu\/es\/convocatoria-de-proyectos-de-intervencion-artistica-en-los-espacios-del-pcb\/#primaryimage","url":"https:\/\/www.pcb.ub.edu\/wp-content\/uploads\/2017\/09\/16049216325fa92920048f8.jpeg","contentUrl":"https:\/\/www.pcb.ub.edu\/wp-content\/uploads\/2017\/09\/16049216325fa92920048f8.jpeg","width":800,"height":382},{"@type":"BreadcrumbList","@id":"https:\/\/www.pcb.ub.edu\/es\/convocatoria-de-proyectos-de-intervencion-artistica-en-los-espacios-del-pcb\/#breadcrumb","itemListElement":[{"@type":"ListItem","position":1,"name":"Home","item":"https:\/\/www.pcb.ub.edu\/es\/"},{"@type":"ListItem","position":2,"name":"Convocatoria de proyectos de intervenci\u00f3n art\u00edstica en los espacios del PCB"}]},{"@type":"WebSite","@id":"https:\/\/www.pcb.ub.edu\/es\/#website","url":"https:\/\/www.pcb.ub.edu\/es\/","name":"Parc Cient\u00edfic de Barcelona","description":"Universitat de Barcelona","potentialAction":[{"@type":"SearchAction","target":{"@type":"EntryPoint","urlTemplate":"https:\/\/www.pcb.ub.edu\/es\/?s={search_term_string}"},"query-input":{"@type":"PropertyValueSpecification","valueRequired":true,"valueName":"search_term_string"}}],"inLanguage":"es"},{"@type":"Person","@id":"https:\/\/www.pcb.ub.edu\/es\/#\/schema\/person\/d13cab05cd0a75b17fddca8496481021","name":"adminpcb","image":{"@type":"ImageObject","inLanguage":"es","@id":"https:\/\/secure.gravatar.com\/avatar\/41ad0fab4bb3bf5348b0af9612159cfd93173a57bbca98fecb50fa6f3ab97d28?s=96&d=mm&r=g","url":"https:\/\/secure.gravatar.com\/avatar\/41ad0fab4bb3bf5348b0af9612159cfd93173a57bbca98fecb50fa6f3ab97d28?s=96&d=mm&r=g","contentUrl":"https:\/\/secure.gravatar.com\/avatar\/41ad0fab4bb3bf5348b0af9612159cfd93173a57bbca98fecb50fa6f3ab97d28?s=96&d=mm&r=g","caption":"adminpcb"},"url":"https:\/\/www.pcb.ub.edu\/es\/author\/adminpcb\/"}]}},"_links":{"self":[{"href":"https:\/\/www.pcb.ub.edu\/es\/wp-json\/wp\/v2\/posts\/38591","targetHints":{"allow":["GET"]}}],"collection":[{"href":"https:\/\/www.pcb.ub.edu\/es\/wp-json\/wp\/v2\/posts"}],"about":[{"href":"https:\/\/www.pcb.ub.edu\/es\/wp-json\/wp\/v2\/types\/post"}],"author":[{"embeddable":true,"href":"https:\/\/www.pcb.ub.edu\/es\/wp-json\/wp\/v2\/users\/1"}],"replies":[{"embeddable":true,"href":"https:\/\/www.pcb.ub.edu\/es\/wp-json\/wp\/v2\/comments?post=38591"}],"version-history":[{"count":1,"href":"https:\/\/www.pcb.ub.edu\/es\/wp-json\/wp\/v2\/posts\/38591\/revisions"}],"predecessor-version":[{"id":44712,"href":"https:\/\/www.pcb.ub.edu\/es\/wp-json\/wp\/v2\/posts\/38591\/revisions\/44712"}],"wp:featuredmedia":[{"embeddable":true,"href":"https:\/\/www.pcb.ub.edu\/es\/wp-json\/wp\/v2\/media\/24869"}],"wp:attachment":[{"href":"https:\/\/www.pcb.ub.edu\/es\/wp-json\/wp\/v2\/media?parent=38591"}],"wp:term":[{"taxonomy":"category","embeddable":true,"href":"https:\/\/www.pcb.ub.edu\/es\/wp-json\/wp\/v2\/categories?post=38591"},{"taxonomy":"post_tag","embeddable":true,"href":"https:\/\/www.pcb.ub.edu\/es\/wp-json\/wp\/v2\/tags?post=38591"}],"curies":[{"name":"wp","href":"https:\/\/api.w.org\/{rel}","templated":true}]}}