{"id":38557,"date":"2017-10-02T00:00:00","date_gmt":"2017-10-01T23:00:00","guid":{"rendered":"http:\/\/www.pcb.ub.edu\/\/carme-verdaguer-nueva-directora-de-la-fundacion-bosch-i-gimpera\/"},"modified":"2020-11-16T16:20:34","modified_gmt":"2020-11-16T15:20:34","slug":"carme-verdaguer-nueva-directora-de-la-fundacion-bosch-i-gimpera","status":"publish","type":"post","link":"https:\/\/www.pcb.ub.edu\/es\/carme-verdaguer-nueva-directora-de-la-fundacion-bosch-i-gimpera\/","title":{"rendered":"Carme Verdaguer, nueva directora de la Fundaci\u00f3n Bosch i Gimpera"},"content":{"rendered":"<p>La Universidad de Barcelona agradece a Jordi Naval la dedicaci\u00f3n que ha tenido al frente de la entidad desde julio de 2015.<\/p>\n<p>La nueva directora de la Fundaci\u00f3n tendr\u00e1 como objetivos principales mantener los altos est\u00e1ndares de calidad en la gesti\u00f3n de la investigaci\u00f3n y la transferencia que tiene encargada la entidad.\u00a0<\/p>\n<p>La Universidad\u00a0de Barcelona agradece a Carme Verdaguer su disposici\u00f3n a encabezar esta Fundaci\u00f3n, de la cual ya fue directora, y que conoce bien porque ha ocupado varios cargos de responsabilidad.<br \/>\n\u00a0<\/p>\n<p>\u25baEnlace a la not\u00edcia: <a href=\"http:\/\/www.ub.edu\/web\/ub\/ca\/menu_eines\/noticies\/2017\/09\/037.html#?\" target=\"_blank\" rel=\"noopener noreferrer\">Web de la UB [+]<\/a><\/p>\n","protected":false},"excerpt":{"rendered":"<p>Carme Verdaguer, hasta ahora directora de Proyectos Estrat\u00e9gicos de la Fundaci\u00f3n Bosch i Gimpera\u00a0(<a href=\"http:\/\/www.pcb.ub.edu\/portal\/es\/cerca?p_p_id=cercador_WAR_empleatsempresesportlet&amp;p_p_lifecycle=0&amp;p_p_state=maximized&amp;p_p_mode=view&amp;p_p_col_id=column-1&amp;p_p_col_count=1&amp;_cercador_WAR_empleatsempresesportlet_jspPage=%2Fhtml%2Fcommon%2Fdetall-empresa.jsp&amp;_cercador_WAR_empleatsempresesportlet_empresaId=ENT_000669&amp;_cercador_WAR_empleatsempresesportlet_redirect=%2Fportal%2Fen%2Fcerca%3Fp_p_id%3Dcercador_WAR_empleatsempresesportlet%26p_p_lifecycle%3D0%26p_p_mode%3Dview%26_cercador_WAR_empleatsempresesportlet_keywords%3Dgimpera%26_cercador_WAR_empleatsempresesportlet_tab%3D1\" target=\"_blank\" rel=\"noopener noreferrer\">FBG<\/a>), con sede en el Parc Cient\u00edfic de Barcelona,\u00a0asumir\u00e1 a partir del 2 de octubre la direcci\u00f3n de esta Fundaci\u00f3n, en sustituci\u00f3n de Jordi Naval.<\/p>\n<p>\u00a0<\/p>\n","protected":false},"author":1,"featured_media":24739,"comment_status":"closed","ping_status":"open","sticky":false,"template":"","format":"standard","meta":{"_acf_changed":false,"inline_featured_image":false,"footnotes":""},"categories":[9],"tags":[],"class_list":["post-38557","post","type-post","status-publish","format-standard","has-post-thumbnail","category-sin-categorizar"],"acf":[],"yoast_head":"<!-- This site is optimized with the Yoast SEO plugin v27.3 - https:\/\/yoast.com\/product\/yoast-seo-wordpress\/ -->\n<title>Carme Verdaguer, nueva directora de la Fundaci\u00f3n Bosch i Gimpera - Parc Cient\u00edfic de Barcelona<\/title>\n<meta name=\"robots\" content=\"index, follow, max-snippet:-1, max-image-preview:large, max-video-preview:-1\" \/>\n<link rel=\"canonical\" href=\"https:\/\/www.pcb.ub.edu\/es\/carme-verdaguer-nueva-directora-de-la-fundacion-bosch-i-gimpera\/\" \/>\n<meta property=\"og:locale\" content=\"es_ES\" \/>\n<meta property=\"og:type\" content=\"article\" \/>\n<meta property=\"og:title\" content=\"Carme Verdaguer, nueva directora de la Fundaci\u00f3n Bosch i Gimpera - Parc Cient\u00edfic de Barcelona\" \/>\n<meta property=\"og:description\" content=\"Carme Verdaguer, hasta ahora directora de Proyectos Estrat\u00e9gicos de la Fundaci\u00f3n Bosch i Gimpera\u00a0(FBG), con sede en el Parc Cient\u00edfic de Barcelona,\u00a0asumir\u00e1 a partir del 2 de octubre la direcci\u00f3n de esta Fundaci\u00f3n, en sustituci\u00f3n de Jordi Naval. \u00a0\" \/>\n<meta property=\"og:url\" content=\"https:\/\/www.pcb.ub.edu\/es\/carme-verdaguer-nueva-directora-de-la-fundacion-bosch-i-gimpera\/\" \/>\n<meta property=\"og:site_name\" content=\"Parc Cient\u00edfic de Barcelona\" \/>\n<meta property=\"article:published_time\" content=\"2017-10-01T23:00:00+00:00\" \/>\n<meta property=\"article:modified_time\" content=\"2020-11-16T15:20:34+00:00\" \/>\n<meta property=\"og:image\" content=\"https:\/\/www.pcb.ub.edu\/wp-content\/uploads\/2017\/10\/16049215795fa928ebb4d21.jpeg\" \/>\n\t<meta property=\"og:image:width\" content=\"800\" \/>\n\t<meta property=\"og:image:height\" content=\"441\" \/>\n\t<meta property=\"og:image:type\" content=\"image\/jpeg\" \/>\n<meta name=\"author\" content=\"adminpcb\" \/>\n<meta name=\"twitter:card\" content=\"summary_large_image\" \/>\n<meta name=\"twitter:label1\" content=\"Escrito por\" \/>\n\t<meta name=\"twitter:data1\" content=\"adminpcb\" \/>\n<script type=\"application\/ld+json\" class=\"yoast-schema-graph\">{\"@context\":\"https:\\\/\\\/schema.org\",\"@graph\":[{\"@type\":\"Article\",\"@id\":\"https:\\\/\\\/www.pcb.ub.edu\\\/es\\\/carme-verdaguer-nueva-directora-de-la-fundacion-bosch-i-gimpera\\\/#article\",\"isPartOf\":{\"@id\":\"https:\\\/\\\/www.pcb.ub.edu\\\/es\\\/carme-verdaguer-nueva-directora-de-la-fundacion-bosch-i-gimpera\\\/\"},\"author\":{\"name\":\"adminpcb\",\"@id\":\"https:\\\/\\\/www.pcb.ub.edu\\\/es\\\/#\\\/schema\\\/person\\\/d13cab05cd0a75b17fddca8496481021\"},\"headline\":\"Carme Verdaguer, nueva directora de la Fundaci\u00f3n Bosch i Gimpera\",\"datePublished\":\"2017-10-01T23:00:00+00:00\",\"dateModified\":\"2020-11-16T15:20:34+00:00\",\"mainEntityOfPage\":{\"@id\":\"https:\\\/\\\/www.pcb.ub.edu\\\/es\\\/carme-verdaguer-nueva-directora-de-la-fundacion-bosch-i-gimpera\\\/\"},\"wordCount\":109,\"image\":{\"@id\":\"https:\\\/\\\/www.pcb.ub.edu\\\/es\\\/carme-verdaguer-nueva-directora-de-la-fundacion-bosch-i-gimpera\\\/#primaryimage\"},\"thumbnailUrl\":\"https:\\\/\\\/www.pcb.ub.edu\\\/wp-content\\\/uploads\\\/2017\\\/10\\\/16049215795fa928ebb4d21.jpeg\",\"articleSection\":[\"Sin categorizar\"],\"inLanguage\":\"es\"},{\"@type\":\"WebPage\",\"@id\":\"https:\\\/\\\/www.pcb.ub.edu\\\/es\\\/carme-verdaguer-nueva-directora-de-la-fundacion-bosch-i-gimpera\\\/\",\"url\":\"https:\\\/\\\/www.pcb.ub.edu\\\/es\\\/carme-verdaguer-nueva-directora-de-la-fundacion-bosch-i-gimpera\\\/\",\"name\":\"Carme Verdaguer, nueva directora de la Fundaci\u00f3n Bosch i Gimpera - Parc Cient\u00edfic de Barcelona\",\"isPartOf\":{\"@id\":\"https:\\\/\\\/www.pcb.ub.edu\\\/es\\\/#website\"},\"primaryImageOfPage\":{\"@id\":\"https:\\\/\\\/www.pcb.ub.edu\\\/es\\\/carme-verdaguer-nueva-directora-de-la-fundacion-bosch-i-gimpera\\\/#primaryimage\"},\"image\":{\"@id\":\"https:\\\/\\\/www.pcb.ub.edu\\\/es\\\/carme-verdaguer-nueva-directora-de-la-fundacion-bosch-i-gimpera\\\/#primaryimage\"},\"thumbnailUrl\":\"https:\\\/\\\/www.pcb.ub.edu\\\/wp-content\\\/uploads\\\/2017\\\/10\\\/16049215795fa928ebb4d21.jpeg\",\"datePublished\":\"2017-10-01T23:00:00+00:00\",\"dateModified\":\"2020-11-16T15:20:34+00:00\",\"author\":{\"@id\":\"https:\\\/\\\/www.pcb.ub.edu\\\/es\\\/#\\\/schema\\\/person\\\/d13cab05cd0a75b17fddca8496481021\"},\"breadcrumb\":{\"@id\":\"https:\\\/\\\/www.pcb.ub.edu\\\/es\\\/carme-verdaguer-nueva-directora-de-la-fundacion-bosch-i-gimpera\\\/#breadcrumb\"},\"inLanguage\":\"es\",\"potentialAction\":[{\"@type\":\"ReadAction\",\"target\":[\"https:\\\/\\\/www.pcb.ub.edu\\\/es\\\/carme-verdaguer-nueva-directora-de-la-fundacion-bosch-i-gimpera\\\/\"]}]},{\"@type\":\"ImageObject\",\"inLanguage\":\"es\",\"@id\":\"https:\\\/\\\/www.pcb.ub.edu\\\/es\\\/carme-verdaguer-nueva-directora-de-la-fundacion-bosch-i-gimpera\\\/#primaryimage\",\"url\":\"https:\\\/\\\/www.pcb.ub.edu\\\/wp-content\\\/uploads\\\/2017\\\/10\\\/16049215795fa928ebb4d21.jpeg\",\"contentUrl\":\"https:\\\/\\\/www.pcb.ub.edu\\\/wp-content\\\/uploads\\\/2017\\\/10\\\/16049215795fa928ebb4d21.jpeg\",\"width\":800,\"height\":441},{\"@type\":\"BreadcrumbList\",\"@id\":\"https:\\\/\\\/www.pcb.ub.edu\\\/es\\\/carme-verdaguer-nueva-directora-de-la-fundacion-bosch-i-gimpera\\\/#breadcrumb\",\"itemListElement\":[{\"@type\":\"ListItem\",\"position\":1,\"name\":\"Home\",\"item\":\"https:\\\/\\\/www.pcb.ub.edu\\\/es\\\/\"},{\"@type\":\"ListItem\",\"position\":2,\"name\":\"Carme Verdaguer, nueva directora de la Fundaci\u00f3n Bosch i Gimpera\"}]},{\"@type\":\"WebSite\",\"@id\":\"https:\\\/\\\/www.pcb.ub.edu\\\/es\\\/#website\",\"url\":\"https:\\\/\\\/www.pcb.ub.edu\\\/es\\\/\",\"name\":\"Parc Cient\u00edfic de Barcelona\",\"description\":\"Universitat de Barcelona\",\"potentialAction\":[{\"@type\":\"SearchAction\",\"target\":{\"@type\":\"EntryPoint\",\"urlTemplate\":\"https:\\\/\\\/www.pcb.ub.edu\\\/es\\\/?s={search_term_string}\"},\"query-input\":{\"@type\":\"PropertyValueSpecification\",\"valueRequired\":true,\"valueName\":\"search_term_string\"}}],\"inLanguage\":\"es\"},{\"@type\":\"Person\",\"@id\":\"https:\\\/\\\/www.pcb.ub.edu\\\/es\\\/#\\\/schema\\\/person\\\/d13cab05cd0a75b17fddca8496481021\",\"name\":\"adminpcb\",\"image\":{\"@type\":\"ImageObject\",\"inLanguage\":\"es\",\"@id\":\"https:\\\/\\\/secure.gravatar.com\\\/avatar\\\/41ad0fab4bb3bf5348b0af9612159cfd93173a57bbca98fecb50fa6f3ab97d28?s=96&d=mm&r=g\",\"url\":\"https:\\\/\\\/secure.gravatar.com\\\/avatar\\\/41ad0fab4bb3bf5348b0af9612159cfd93173a57bbca98fecb50fa6f3ab97d28?s=96&d=mm&r=g\",\"contentUrl\":\"https:\\\/\\\/secure.gravatar.com\\\/avatar\\\/41ad0fab4bb3bf5348b0af9612159cfd93173a57bbca98fecb50fa6f3ab97d28?s=96&d=mm&r=g\",\"caption\":\"adminpcb\"},\"url\":\"https:\\\/\\\/www.pcb.ub.edu\\\/es\\\/author\\\/adminpcb\\\/\"}]}<\/script>\n<!-- \/ Yoast SEO plugin. -->","yoast_head_json":{"title":"Carme Verdaguer, nueva directora de la Fundaci\u00f3n Bosch i Gimpera - Parc Cient\u00edfic de Barcelona","robots":{"index":"index","follow":"follow","max-snippet":"max-snippet:-1","max-image-preview":"max-image-preview:large","max-video-preview":"max-video-preview:-1"},"canonical":"https:\/\/www.pcb.ub.edu\/es\/carme-verdaguer-nueva-directora-de-la-fundacion-bosch-i-gimpera\/","og_locale":"es_ES","og_type":"article","og_title":"Carme Verdaguer, nueva directora de la Fundaci\u00f3n Bosch i Gimpera - Parc Cient\u00edfic de Barcelona","og_description":"Carme Verdaguer, hasta ahora directora de Proyectos Estrat\u00e9gicos de la Fundaci\u00f3n Bosch i Gimpera\u00a0(FBG), con sede en el Parc Cient\u00edfic de Barcelona,\u00a0asumir\u00e1 a partir del 2 de octubre la direcci\u00f3n de esta Fundaci\u00f3n, en sustituci\u00f3n de Jordi Naval. \u00a0","og_url":"https:\/\/www.pcb.ub.edu\/es\/carme-verdaguer-nueva-directora-de-la-fundacion-bosch-i-gimpera\/","og_site_name":"Parc Cient\u00edfic de Barcelona","article_published_time":"2017-10-01T23:00:00+00:00","article_modified_time":"2020-11-16T15:20:34+00:00","og_image":[{"width":800,"height":441,"url":"https:\/\/www.pcb.ub.edu\/wp-content\/uploads\/2017\/10\/16049215795fa928ebb4d21.jpeg","type":"image\/jpeg"}],"author":"adminpcb","twitter_card":"summary_large_image","twitter_misc":{"Escrito por":"adminpcb"},"schema":{"@context":"https:\/\/schema.org","@graph":[{"@type":"Article","@id":"https:\/\/www.pcb.ub.edu\/es\/carme-verdaguer-nueva-directora-de-la-fundacion-bosch-i-gimpera\/#article","isPartOf":{"@id":"https:\/\/www.pcb.ub.edu\/es\/carme-verdaguer-nueva-directora-de-la-fundacion-bosch-i-gimpera\/"},"author":{"name":"adminpcb","@id":"https:\/\/www.pcb.ub.edu\/es\/#\/schema\/person\/d13cab05cd0a75b17fddca8496481021"},"headline":"Carme Verdaguer, nueva directora de la Fundaci\u00f3n Bosch i Gimpera","datePublished":"2017-10-01T23:00:00+00:00","dateModified":"2020-11-16T15:20:34+00:00","mainEntityOfPage":{"@id":"https:\/\/www.pcb.ub.edu\/es\/carme-verdaguer-nueva-directora-de-la-fundacion-bosch-i-gimpera\/"},"wordCount":109,"image":{"@id":"https:\/\/www.pcb.ub.edu\/es\/carme-verdaguer-nueva-directora-de-la-fundacion-bosch-i-gimpera\/#primaryimage"},"thumbnailUrl":"https:\/\/www.pcb.ub.edu\/wp-content\/uploads\/2017\/10\/16049215795fa928ebb4d21.jpeg","articleSection":["Sin categorizar"],"inLanguage":"es"},{"@type":"WebPage","@id":"https:\/\/www.pcb.ub.edu\/es\/carme-verdaguer-nueva-directora-de-la-fundacion-bosch-i-gimpera\/","url":"https:\/\/www.pcb.ub.edu\/es\/carme-verdaguer-nueva-directora-de-la-fundacion-bosch-i-gimpera\/","name":"Carme Verdaguer, nueva directora de la Fundaci\u00f3n Bosch i Gimpera - Parc Cient\u00edfic de Barcelona","isPartOf":{"@id":"https:\/\/www.pcb.ub.edu\/es\/#website"},"primaryImageOfPage":{"@id":"https:\/\/www.pcb.ub.edu\/es\/carme-verdaguer-nueva-directora-de-la-fundacion-bosch-i-gimpera\/#primaryimage"},"image":{"@id":"https:\/\/www.pcb.ub.edu\/es\/carme-verdaguer-nueva-directora-de-la-fundacion-bosch-i-gimpera\/#primaryimage"},"thumbnailUrl":"https:\/\/www.pcb.ub.edu\/wp-content\/uploads\/2017\/10\/16049215795fa928ebb4d21.jpeg","datePublished":"2017-10-01T23:00:00+00:00","dateModified":"2020-11-16T15:20:34+00:00","author":{"@id":"https:\/\/www.pcb.ub.edu\/es\/#\/schema\/person\/d13cab05cd0a75b17fddca8496481021"},"breadcrumb":{"@id":"https:\/\/www.pcb.ub.edu\/es\/carme-verdaguer-nueva-directora-de-la-fundacion-bosch-i-gimpera\/#breadcrumb"},"inLanguage":"es","potentialAction":[{"@type":"ReadAction","target":["https:\/\/www.pcb.ub.edu\/es\/carme-verdaguer-nueva-directora-de-la-fundacion-bosch-i-gimpera\/"]}]},{"@type":"ImageObject","inLanguage":"es","@id":"https:\/\/www.pcb.ub.edu\/es\/carme-verdaguer-nueva-directora-de-la-fundacion-bosch-i-gimpera\/#primaryimage","url":"https:\/\/www.pcb.ub.edu\/wp-content\/uploads\/2017\/10\/16049215795fa928ebb4d21.jpeg","contentUrl":"https:\/\/www.pcb.ub.edu\/wp-content\/uploads\/2017\/10\/16049215795fa928ebb4d21.jpeg","width":800,"height":441},{"@type":"BreadcrumbList","@id":"https:\/\/www.pcb.ub.edu\/es\/carme-verdaguer-nueva-directora-de-la-fundacion-bosch-i-gimpera\/#breadcrumb","itemListElement":[{"@type":"ListItem","position":1,"name":"Home","item":"https:\/\/www.pcb.ub.edu\/es\/"},{"@type":"ListItem","position":2,"name":"Carme Verdaguer, nueva directora de la Fundaci\u00f3n Bosch i Gimpera"}]},{"@type":"WebSite","@id":"https:\/\/www.pcb.ub.edu\/es\/#website","url":"https:\/\/www.pcb.ub.edu\/es\/","name":"Parc Cient\u00edfic de Barcelona","description":"Universitat de Barcelona","potentialAction":[{"@type":"SearchAction","target":{"@type":"EntryPoint","urlTemplate":"https:\/\/www.pcb.ub.edu\/es\/?s={search_term_string}"},"query-input":{"@type":"PropertyValueSpecification","valueRequired":true,"valueName":"search_term_string"}}],"inLanguage":"es"},{"@type":"Person","@id":"https:\/\/www.pcb.ub.edu\/es\/#\/schema\/person\/d13cab05cd0a75b17fddca8496481021","name":"adminpcb","image":{"@type":"ImageObject","inLanguage":"es","@id":"https:\/\/secure.gravatar.com\/avatar\/41ad0fab4bb3bf5348b0af9612159cfd93173a57bbca98fecb50fa6f3ab97d28?s=96&d=mm&r=g","url":"https:\/\/secure.gravatar.com\/avatar\/41ad0fab4bb3bf5348b0af9612159cfd93173a57bbca98fecb50fa6f3ab97d28?s=96&d=mm&r=g","contentUrl":"https:\/\/secure.gravatar.com\/avatar\/41ad0fab4bb3bf5348b0af9612159cfd93173a57bbca98fecb50fa6f3ab97d28?s=96&d=mm&r=g","caption":"adminpcb"},"url":"https:\/\/www.pcb.ub.edu\/es\/author\/adminpcb\/"}]}},"_links":{"self":[{"href":"https:\/\/www.pcb.ub.edu\/es\/wp-json\/wp\/v2\/posts\/38557","targetHints":{"allow":["GET"]}}],"collection":[{"href":"https:\/\/www.pcb.ub.edu\/es\/wp-json\/wp\/v2\/posts"}],"about":[{"href":"https:\/\/www.pcb.ub.edu\/es\/wp-json\/wp\/v2\/types\/post"}],"author":[{"embeddable":true,"href":"https:\/\/www.pcb.ub.edu\/es\/wp-json\/wp\/v2\/users\/1"}],"replies":[{"embeddable":true,"href":"https:\/\/www.pcb.ub.edu\/es\/wp-json\/wp\/v2\/comments?post=38557"}],"version-history":[{"count":1,"href":"https:\/\/www.pcb.ub.edu\/es\/wp-json\/wp\/v2\/posts\/38557\/revisions"}],"predecessor-version":[{"id":44680,"href":"https:\/\/www.pcb.ub.edu\/es\/wp-json\/wp\/v2\/posts\/38557\/revisions\/44680"}],"wp:featuredmedia":[{"embeddable":true,"href":"https:\/\/www.pcb.ub.edu\/es\/wp-json\/wp\/v2\/media\/24739"}],"wp:attachment":[{"href":"https:\/\/www.pcb.ub.edu\/es\/wp-json\/wp\/v2\/media?parent=38557"}],"wp:term":[{"taxonomy":"category","embeddable":true,"href":"https:\/\/www.pcb.ub.edu\/es\/wp-json\/wp\/v2\/categories?post=38557"},{"taxonomy":"post_tag","embeddable":true,"href":"https:\/\/www.pcb.ub.edu\/es\/wp-json\/wp\/v2\/tags?post=38557"}],"curies":[{"name":"wp","href":"https:\/\/api.w.org\/{rel}","templated":true}]}}