{"id":38547,"date":"2015-11-23T00:00:00","date_gmt":"2015-11-22T23:00:00","guid":{"rendered":"http:\/\/www.pcb.ub.edu\/\/biolatam-se-consolida-como-cita-de-referencia-en-el-circuito-mundial-de-cumbres-biotecnologicas\/"},"modified":"2020-11-16T16:20:31","modified_gmt":"2020-11-16T15:20:31","slug":"biolatam-se-consolida-como-cita-de-referencia-en-el-circuito-mundial-de-cumbres-biotecnologicas","status":"publish","type":"post","link":"https:\/\/www.pcb.ub.edu\/es\/biolatam-se-consolida-como-cita-de-referencia-en-el-circuito-mundial-de-cumbres-biotecnologicas\/","title":{"rendered":"Biolatam se consolida como cita de referencia en el circuito mundial de cumbres biotecnol\u00f3gicas"},"content":{"rendered":"<p>Este a\u00f1o, gracias a la colaboraci\u00f3n de Asebio y EBD Group, Biolatam ha adquirido un formato m\u00e1s enfocado a un sistema de partenariat profesionalizado y con tem\u00e1ticas adaptadas al mercado biotecnol\u00f3gico latino. Paralelamente en la zona de exposici\u00f3n comercial, los participantes tuvieron la posibilidad de acceder a un m\u00f3dulo de reuniones<em> one-to-one,<\/em> gestionado con el software PartneringOne de EBD Group, y a un programa de conferencias y mesas redondas muy din\u00e1mico sobre bioeconomia y biocombustibles, terapias avanzadas, biotecnolog\u00eda alimentaria, medicina personalizada, productos sanitarios y capital riesgo.<\/p>\n<p>\u00abHemos recibido numerosas felicitaciones, lo que representa un gran inter\u00e9s de todos los participantes y confirma\u00a0el \u00e9xito de Biolatam como principal evento de biotecnolog\u00eda en Latinoam\u00e9rica\u00bb, explica Regina Revilla,\u00a0presidenta de Asebio.\u00a0\u201cTodo el equipo ha trabajado codo con codo para conseguir que las expectativas de las 250 empresas de m\u00e1s de 20 pa\u00edses (30 entidades procedentes de Espa\u00f1a) y los m\u00e1s de 300 asistentes se vean plenamente satisfechas. Nos enfrentamos a un reto, el de la globalizaci\u00f3n de la biotecnolog\u00eda. Nos unen muchos lazos a los dos continentes, y por eso, Asebio decidi\u00f3 emprender su aventura latinoamericana hace dos a\u00f1os, con la primera edici\u00f3n de Biolatam en 2013, celebrada en Bogot\u00e1 (Colombia).\u201d<\/p>\n<p>Anna Chrisman, directora administrativa de EBD Group, tambi\u00e9n se muestra muy satisfecha:\u00a0\u00abEstamos encantados del \u00e9xito de esta segunda edici\u00f3n de Biolatam.\u00a0La energ\u00eda era palpable, y se realizaron innumerable conexiones para propulsar el mercado, por medio de asociaciones y a trav\u00e9s de la red en la muestra y en el evento de la tarde. Latinoam\u00e9rica es definitivamente un mercado emergente boyante que solo esperamos que crezca\u00bb.<\/p>\n<p>\n<strong>Sesiones paralelas y foros de debate<\/strong><\/p>\n<p>Una de las sesiones m\u00e1s importantes que se celebraron\u00a0en este acontecimiento es la mesa H<em>ow Biomedical innovation is changing the pharma paradigm<\/em>, en la que se evidenci\u00f3 como el desarrollo de la I+D biosanitaria es esencial para el descubrimiento de nuevos f\u00e1rmacos y para dar soluciones a necesidades m\u00e9dicas todav\u00eda no cubiertas. Hay que destacar tambi\u00e9n la jornada B<em>iotechnology as a tool for improvement and developments in the food industry<\/em>, que cont\u00f3 con la presencia de un renombrado empresario e investigador espa\u00f1ol, Daniel Ram\u00f3n, CEO de Biopolis; la sesi\u00f3n <em>Creating innovation and entrepreneurship in biotechnology ecosystems for internationalization<\/em>, en la que intervino Joe Panetta, presidente y CEO de Biocom; y el panel de discusi\u00f3n de <em>Biosimilares<\/em>, coordinado por la empresa mAbxience \u2013que acaba de inaugurar en Espa\u00f1a su primera planta de biosimilares de Europa\u2013, y en la que se dedic\u00f3\u00a0un espacio destacado a la situaci\u00f3n de estos productos\u00a0en Latinoam\u00e9rica y al exigente proceso de desarrollo de un biosimilar, tomando como ejemplo, Rituximab.\u00a0<\/p>\n<p>El evento tambi\u00e9n acogi\u00f3 una jornada sobre Bioeconom\u00eda con la participaci\u00f3n de un representante de IUCT Inkemia, empresa l\u00edder en biotecnolog\u00eda industrial. Adem\u00e1s, se realiz\u00f3 un recorrido por el \u00e1mbito del diagn\u00f3stico, patentes, biocl\u00fasteres latinoamericanos, salud animal y acuicultura y biodiversidad en Latinoam\u00e9rica.\u00a0<\/p>\n<p>\n<strong>Promover las relaciones cient\u00edficas y comerciales en el espacio iberoamericano<\/strong><\/p>\n<p>Biolatam es una plataforma de desarrollo de negocio en el sector biotec y usuarios (<em>pharma<\/em>, diagn\u00f3stico, alimentaci\u00f3n, energ\u00eda) focalizada\u00a0en Am\u00e9rica Latina y sede itinerante. La finalidad de Biolatam es la consolidaci\u00f3n de las relaciones cient\u00edficas y comerciales al espacio iberoamericano gracias al trabajo conjunto de la patronal espa\u00f1ola de biotecnolog\u00eda y el cl\u00faster biotecnol\u00f3gico del pa\u00eds en el cual se celebre el acontecimiento.<\/p>\n<p>Su primera edici\u00f3n tuvo\u00a0lugar en 2013 en Bogot\u00e1 (Colombia). En esta primera cita, la cumbre congreg\u00f3 asistentes provenientes de 29 pa\u00edses diferentes, 17 inversores internacionales y cerca de 900 reuniones bilaterales.\u00a0<\/p>\n<p><span style=\"line-height: 15.68px\">La tercera edici\u00f3n de Biolatam tendr\u00e1 lugar en\u00a0<\/span><span class=\"xn-location\" style=\"line-height: 15.68px;margin: 0px\"><span style=\"line-height: 1.4;margin: 0px\"><span style=\"line-height: 1.4;margin: 0px\">San Juan (Puerto Rico<\/span><\/span><\/span><span style=\"line-height: 15.68px\">)\u00a0el 29 y 30 de noviembre de 2016. \u00a0<\/span><\/p>\n<p>\n<strong>Biolatam 2015 en Twitter:<\/strong><a href=\"http:\/\/bit.ly\/1LkluyV\" rel=\"nofollow noopener noreferrer\" target=\"_blank\">\u00a0<\/a><a href=\"https:\/\/twitter.com\/biolatam\" target=\"_blank\" rel=\"noopener noreferrer\">@BIOLATAM<\/a>\u00a0i\u00a0<a href=\"http:\/\/bit.ly\/1LkluyV\" rel=\"nofollow noopener noreferrer\" target=\"_blank\">@EBDGroup<\/a>\u00a0(hashtag: #BLT15)<\/p>\n","protected":false},"excerpt":{"rendered":"<p>Santiago de Chile fue la sede, el 16 y 17 de noviembre, de\u00a0la segunda edici\u00f3n del evento\u00a0de biotecnolog\u00eda m\u00e1s grande de Latinoam\u00e9rica, <a href=\"http:\/\/www.ebdgroup.com\/blt\/index.php\" target=\"_blank\" rel=\"noopener noreferrer\">Biolatam 2015<\/a>.\u00a0\u00a0El encuentro \u2013organizado por la Asociaci\u00f3n Espa\u00f1ola de Bioempresas (<a href=\"http:\/\/www.\u00adasebio.\u00adcom\" target=\"_blank\" rel=\"noopener noreferrer\">Asebio<\/a>),\u00a0<a href=\"http:\/\/www.ebdgroup.com\/ebd\/\" target=\"_blank\" rel=\"noopener noreferrer\">EBD Group<\/a>\u00a0 y la Asociaci\u00f3n de empresas chilenas de Biotecnolog\u00eda (<a href=\"http:\/\/www.asembio.cl\/\" target=\"_blank\" rel=\"noopener noreferrer\">Asembio<\/a>), con el apoyo de <a href=\"http:\/\/www.chilebiotech.cl\/pagina-ejemplo-2\/\" target=\"_blank\" rel=\"noopener noreferrer\">ProChile<\/a> y el cl\u00faster <a href=\"http:\/\/www.chilebiotech.cl\/\" target=\"_blank\" rel=\"noopener noreferrer\">Chilebiotech<\/a>\u2013\u00a0cont\u00f3 con la asistencia de m\u00e1s de 340 profesionals de Estados Unidos, Am\u00e9rica Latina y Europa.<a href=\"http:\/\/www.pcb.ub.edu\/portal\/es\/cerca?p_p_id=cercador_WAR_empleatsempresesportlet&amp;p_p_lifecycle=0&amp;p_p_state=maximized&amp;p_p_mode=view&amp;p_p_col_id=column-1&amp;p_p_col_count=1&amp;_cercador_WAR_empleatsempresesportlet_jspPage=%2Fhtml%2Fcommon%2Fdetall-empresa.jsp&amp;_cercador_WAR_empleatsempresesportlet_empresaId=ENT_001247&amp;_cercador_WAR_empleatsempresesportlet_redirect=%2Fportal%2Fca%2Fcerca%3Fp_p_id%3Dcercador_WAR_empleatsempresesportlet%26p_p_lifecycle%3D0%26p_p_mode%3Dview%26_cercador_WAR_empleatsempresesportlet_keywords%3Dleitat%26_cercador_WAR_empleatsempresesportlet_tab%3D1\" target=\"_blank\" rel=\"noopener noreferrer\">\u00a0Leitat<\/a>\u00a0\u2013que tiene su Divisi\u00f3n Biom\u00e9dica\u00a0en el Parc Cient\u00edfic\u00a0de Barcelona\u2013\u00a0es una de las 30 entidades del Estado espa\u00f1ol que participaron\u00a0en este foro de <em>partnering <\/em>global, que ocupa ya un lugar muy relevante en el circuito mundial de cumbres biotecnol\u00f3gicas.<\/p>\n<p><span style=\"font-family: Verdana, Arial, Helvetica, sans-serif;font-size: 12px;line-height: normal\">\u00a0<\/span><\/p>\n","protected":false},"author":1,"featured_media":24699,"comment_status":"closed","ping_status":"open","sticky":false,"template":"","format":"standard","meta":{"_acf_changed":false,"inline_featured_image":false,"footnotes":""},"categories":[9],"tags":[],"class_list":["post-38547","post","type-post","status-publish","format-standard","has-post-thumbnail","category-sin-categorizar"],"acf":[],"yoast_head":"<!-- This site is optimized with the Yoast SEO plugin v27.3 - https:\/\/yoast.com\/product\/yoast-seo-wordpress\/ -->\n<title>Biolatam se consolida como cita de referencia en el circuito mundial de cumbres biotecnol\u00f3gicas - Parc Cient\u00edfic de Barcelona<\/title>\n<meta name=\"robots\" content=\"index, follow, max-snippet:-1, max-image-preview:large, max-video-preview:-1\" \/>\n<link rel=\"canonical\" href=\"https:\/\/www.pcb.ub.edu\/es\/biolatam-se-consolida-como-cita-de-referencia-en-el-circuito-mundial-de-cumbres-biotecnologicas\/\" \/>\n<meta property=\"og:locale\" content=\"es_ES\" \/>\n<meta property=\"og:type\" content=\"article\" \/>\n<meta property=\"og:title\" content=\"Biolatam se consolida como cita de referencia en el circuito mundial de cumbres biotecnol\u00f3gicas - Parc Cient\u00edfic de Barcelona\" \/>\n<meta property=\"og:description\" content=\"Santiago de Chile fue la sede, el 16 y 17 de noviembre, de\u00a0la segunda edici\u00f3n del evento\u00a0de biotecnolog\u00eda m\u00e1s grande de Latinoam\u00e9rica, Biolatam 2015.\u00a0\u00a0El encuentro \u2013organizado por la Asociaci\u00f3n Espa\u00f1ola de Bioempresas (Asebio),\u00a0EBD Group\u00a0 y la Asociaci\u00f3n de empresas chilenas de Biotecnolog\u00eda (Asembio), con el apoyo de ProChile y el cl\u00faster Chilebiotech\u2013\u00a0cont\u00f3 con la asistencia de m\u00e1s de 340 profesionals de Estados Unidos, Am\u00e9rica Latina y Europa.\u00a0Leitat\u00a0\u2013que tiene su Divisi\u00f3n Biom\u00e9dica\u00a0en el Parc Cient\u00edfic\u00a0de Barcelona\u2013\u00a0es una de las 30 entidades del Estado espa\u00f1ol que participaron\u00a0en este foro de partnering global, que ocupa ya un lugar muy relevante en el circuito mundial de cumbres biotecnol\u00f3gicas. \u00a0\" \/>\n<meta property=\"og:url\" content=\"https:\/\/www.pcb.ub.edu\/es\/biolatam-se-consolida-como-cita-de-referencia-en-el-circuito-mundial-de-cumbres-biotecnologicas\/\" \/>\n<meta property=\"og:site_name\" content=\"Parc Cient\u00edfic de Barcelona\" \/>\n<meta property=\"article:published_time\" content=\"2015-11-22T23:00:00+00:00\" \/>\n<meta property=\"article:modified_time\" content=\"2020-11-16T15:20:31+00:00\" \/>\n<meta property=\"og:image\" content=\"https:\/\/www.pcb.ub.edu\/wp-content\/uploads\/2015\/11\/16049215695fa928e12e467.jpeg\" \/>\n\t<meta property=\"og:image:width\" content=\"600\" \/>\n\t<meta property=\"og:image:height\" content=\"364\" \/>\n\t<meta property=\"og:image:type\" content=\"image\/jpeg\" \/>\n<meta name=\"author\" content=\"adminpcb\" \/>\n<meta name=\"twitter:card\" content=\"summary_large_image\" \/>\n<meta name=\"twitter:label1\" content=\"Escrito por\" \/>\n\t<meta name=\"twitter:data1\" content=\"adminpcb\" \/>\n\t<meta name=\"twitter:label2\" content=\"Tiempo de lectura\" \/>\n\t<meta name=\"twitter:data2\" content=\"3 minutos\" \/>\n<script type=\"application\/ld+json\" class=\"yoast-schema-graph\">{\"@context\":\"https:\\\/\\\/schema.org\",\"@graph\":[{\"@type\":\"Article\",\"@id\":\"https:\\\/\\\/www.pcb.ub.edu\\\/es\\\/biolatam-se-consolida-como-cita-de-referencia-en-el-circuito-mundial-de-cumbres-biotecnologicas\\\/#article\",\"isPartOf\":{\"@id\":\"https:\\\/\\\/www.pcb.ub.edu\\\/es\\\/biolatam-se-consolida-como-cita-de-referencia-en-el-circuito-mundial-de-cumbres-biotecnologicas\\\/\"},\"author\":{\"name\":\"adminpcb\",\"@id\":\"https:\\\/\\\/www.pcb.ub.edu\\\/es\\\/#\\\/schema\\\/person\\\/d13cab05cd0a75b17fddca8496481021\"},\"headline\":\"Biolatam se consolida como cita de referencia en el circuito mundial de cumbres biotecnol\u00f3gicas\",\"datePublished\":\"2015-11-22T23:00:00+00:00\",\"dateModified\":\"2020-11-16T15:20:31+00:00\",\"mainEntityOfPage\":{\"@id\":\"https:\\\/\\\/www.pcb.ub.edu\\\/es\\\/biolatam-se-consolida-como-cita-de-referencia-en-el-circuito-mundial-de-cumbres-biotecnologicas\\\/\"},\"wordCount\":680,\"image\":{\"@id\":\"https:\\\/\\\/www.pcb.ub.edu\\\/es\\\/biolatam-se-consolida-como-cita-de-referencia-en-el-circuito-mundial-de-cumbres-biotecnologicas\\\/#primaryimage\"},\"thumbnailUrl\":\"https:\\\/\\\/www.pcb.ub.edu\\\/wp-content\\\/uploads\\\/2015\\\/11\\\/16049215695fa928e12e467.jpeg\",\"articleSection\":[\"Sin categorizar\"],\"inLanguage\":\"es\"},{\"@type\":\"WebPage\",\"@id\":\"https:\\\/\\\/www.pcb.ub.edu\\\/es\\\/biolatam-se-consolida-como-cita-de-referencia-en-el-circuito-mundial-de-cumbres-biotecnologicas\\\/\",\"url\":\"https:\\\/\\\/www.pcb.ub.edu\\\/es\\\/biolatam-se-consolida-como-cita-de-referencia-en-el-circuito-mundial-de-cumbres-biotecnologicas\\\/\",\"name\":\"Biolatam se consolida como cita de referencia en el circuito mundial de cumbres biotecnol\u00f3gicas - Parc Cient\u00edfic de Barcelona\",\"isPartOf\":{\"@id\":\"https:\\\/\\\/www.pcb.ub.edu\\\/es\\\/#website\"},\"primaryImageOfPage\":{\"@id\":\"https:\\\/\\\/www.pcb.ub.edu\\\/es\\\/biolatam-se-consolida-como-cita-de-referencia-en-el-circuito-mundial-de-cumbres-biotecnologicas\\\/#primaryimage\"},\"image\":{\"@id\":\"https:\\\/\\\/www.pcb.ub.edu\\\/es\\\/biolatam-se-consolida-como-cita-de-referencia-en-el-circuito-mundial-de-cumbres-biotecnologicas\\\/#primaryimage\"},\"thumbnailUrl\":\"https:\\\/\\\/www.pcb.ub.edu\\\/wp-content\\\/uploads\\\/2015\\\/11\\\/16049215695fa928e12e467.jpeg\",\"datePublished\":\"2015-11-22T23:00:00+00:00\",\"dateModified\":\"2020-11-16T15:20:31+00:00\",\"author\":{\"@id\":\"https:\\\/\\\/www.pcb.ub.edu\\\/es\\\/#\\\/schema\\\/person\\\/d13cab05cd0a75b17fddca8496481021\"},\"breadcrumb\":{\"@id\":\"https:\\\/\\\/www.pcb.ub.edu\\\/es\\\/biolatam-se-consolida-como-cita-de-referencia-en-el-circuito-mundial-de-cumbres-biotecnologicas\\\/#breadcrumb\"},\"inLanguage\":\"es\",\"potentialAction\":[{\"@type\":\"ReadAction\",\"target\":[\"https:\\\/\\\/www.pcb.ub.edu\\\/es\\\/biolatam-se-consolida-como-cita-de-referencia-en-el-circuito-mundial-de-cumbres-biotecnologicas\\\/\"]}]},{\"@type\":\"ImageObject\",\"inLanguage\":\"es\",\"@id\":\"https:\\\/\\\/www.pcb.ub.edu\\\/es\\\/biolatam-se-consolida-como-cita-de-referencia-en-el-circuito-mundial-de-cumbres-biotecnologicas\\\/#primaryimage\",\"url\":\"https:\\\/\\\/www.pcb.ub.edu\\\/wp-content\\\/uploads\\\/2015\\\/11\\\/16049215695fa928e12e467.jpeg\",\"contentUrl\":\"https:\\\/\\\/www.pcb.ub.edu\\\/wp-content\\\/uploads\\\/2015\\\/11\\\/16049215695fa928e12e467.jpeg\",\"width\":600,\"height\":364},{\"@type\":\"BreadcrumbList\",\"@id\":\"https:\\\/\\\/www.pcb.ub.edu\\\/es\\\/biolatam-se-consolida-como-cita-de-referencia-en-el-circuito-mundial-de-cumbres-biotecnologicas\\\/#breadcrumb\",\"itemListElement\":[{\"@type\":\"ListItem\",\"position\":1,\"name\":\"Home\",\"item\":\"https:\\\/\\\/www.pcb.ub.edu\\\/es\\\/\"},{\"@type\":\"ListItem\",\"position\":2,\"name\":\"Biolatam se consolida como cita de referencia en el circuito mundial de cumbres biotecnol\u00f3gicas\"}]},{\"@type\":\"WebSite\",\"@id\":\"https:\\\/\\\/www.pcb.ub.edu\\\/es\\\/#website\",\"url\":\"https:\\\/\\\/www.pcb.ub.edu\\\/es\\\/\",\"name\":\"Parc Cient\u00edfic de Barcelona\",\"description\":\"Universitat de Barcelona\",\"potentialAction\":[{\"@type\":\"SearchAction\",\"target\":{\"@type\":\"EntryPoint\",\"urlTemplate\":\"https:\\\/\\\/www.pcb.ub.edu\\\/es\\\/?s={search_term_string}\"},\"query-input\":{\"@type\":\"PropertyValueSpecification\",\"valueRequired\":true,\"valueName\":\"search_term_string\"}}],\"inLanguage\":\"es\"},{\"@type\":\"Person\",\"@id\":\"https:\\\/\\\/www.pcb.ub.edu\\\/es\\\/#\\\/schema\\\/person\\\/d13cab05cd0a75b17fddca8496481021\",\"name\":\"adminpcb\",\"image\":{\"@type\":\"ImageObject\",\"inLanguage\":\"es\",\"@id\":\"https:\\\/\\\/secure.gravatar.com\\\/avatar\\\/41ad0fab4bb3bf5348b0af9612159cfd93173a57bbca98fecb50fa6f3ab97d28?s=96&d=mm&r=g\",\"url\":\"https:\\\/\\\/secure.gravatar.com\\\/avatar\\\/41ad0fab4bb3bf5348b0af9612159cfd93173a57bbca98fecb50fa6f3ab97d28?s=96&d=mm&r=g\",\"contentUrl\":\"https:\\\/\\\/secure.gravatar.com\\\/avatar\\\/41ad0fab4bb3bf5348b0af9612159cfd93173a57bbca98fecb50fa6f3ab97d28?s=96&d=mm&r=g\",\"caption\":\"adminpcb\"},\"url\":\"https:\\\/\\\/www.pcb.ub.edu\\\/es\\\/author\\\/adminpcb\\\/\"}]}<\/script>\n<!-- \/ Yoast SEO plugin. -->","yoast_head_json":{"title":"Biolatam se consolida como cita de referencia en el circuito mundial de cumbres biotecnol\u00f3gicas - Parc Cient\u00edfic de Barcelona","robots":{"index":"index","follow":"follow","max-snippet":"max-snippet:-1","max-image-preview":"max-image-preview:large","max-video-preview":"max-video-preview:-1"},"canonical":"https:\/\/www.pcb.ub.edu\/es\/biolatam-se-consolida-como-cita-de-referencia-en-el-circuito-mundial-de-cumbres-biotecnologicas\/","og_locale":"es_ES","og_type":"article","og_title":"Biolatam se consolida como cita de referencia en el circuito mundial de cumbres biotecnol\u00f3gicas - Parc Cient\u00edfic de Barcelona","og_description":"Santiago de Chile fue la sede, el 16 y 17 de noviembre, de\u00a0la segunda edici\u00f3n del evento\u00a0de biotecnolog\u00eda m\u00e1s grande de Latinoam\u00e9rica, Biolatam 2015.\u00a0\u00a0El encuentro \u2013organizado por la Asociaci\u00f3n Espa\u00f1ola de Bioempresas (Asebio),\u00a0EBD Group\u00a0 y la Asociaci\u00f3n de empresas chilenas de Biotecnolog\u00eda (Asembio), con el apoyo de ProChile y el cl\u00faster Chilebiotech\u2013\u00a0cont\u00f3 con la asistencia de m\u00e1s de 340 profesionals de Estados Unidos, Am\u00e9rica Latina y Europa.\u00a0Leitat\u00a0\u2013que tiene su Divisi\u00f3n Biom\u00e9dica\u00a0en el Parc Cient\u00edfic\u00a0de Barcelona\u2013\u00a0es una de las 30 entidades del Estado espa\u00f1ol que participaron\u00a0en este foro de partnering global, que ocupa ya un lugar muy relevante en el circuito mundial de cumbres biotecnol\u00f3gicas. \u00a0","og_url":"https:\/\/www.pcb.ub.edu\/es\/biolatam-se-consolida-como-cita-de-referencia-en-el-circuito-mundial-de-cumbres-biotecnologicas\/","og_site_name":"Parc Cient\u00edfic de Barcelona","article_published_time":"2015-11-22T23:00:00+00:00","article_modified_time":"2020-11-16T15:20:31+00:00","og_image":[{"width":600,"height":364,"url":"https:\/\/www.pcb.ub.edu\/wp-content\/uploads\/2015\/11\/16049215695fa928e12e467.jpeg","type":"image\/jpeg"}],"author":"adminpcb","twitter_card":"summary_large_image","twitter_misc":{"Escrito por":"adminpcb","Tiempo de lectura":"3 minutos"},"schema":{"@context":"https:\/\/schema.org","@graph":[{"@type":"Article","@id":"https:\/\/www.pcb.ub.edu\/es\/biolatam-se-consolida-como-cita-de-referencia-en-el-circuito-mundial-de-cumbres-biotecnologicas\/#article","isPartOf":{"@id":"https:\/\/www.pcb.ub.edu\/es\/biolatam-se-consolida-como-cita-de-referencia-en-el-circuito-mundial-de-cumbres-biotecnologicas\/"},"author":{"name":"adminpcb","@id":"https:\/\/www.pcb.ub.edu\/es\/#\/schema\/person\/d13cab05cd0a75b17fddca8496481021"},"headline":"Biolatam se consolida como cita de referencia en el circuito mundial de cumbres biotecnol\u00f3gicas","datePublished":"2015-11-22T23:00:00+00:00","dateModified":"2020-11-16T15:20:31+00:00","mainEntityOfPage":{"@id":"https:\/\/www.pcb.ub.edu\/es\/biolatam-se-consolida-como-cita-de-referencia-en-el-circuito-mundial-de-cumbres-biotecnologicas\/"},"wordCount":680,"image":{"@id":"https:\/\/www.pcb.ub.edu\/es\/biolatam-se-consolida-como-cita-de-referencia-en-el-circuito-mundial-de-cumbres-biotecnologicas\/#primaryimage"},"thumbnailUrl":"https:\/\/www.pcb.ub.edu\/wp-content\/uploads\/2015\/11\/16049215695fa928e12e467.jpeg","articleSection":["Sin categorizar"],"inLanguage":"es"},{"@type":"WebPage","@id":"https:\/\/www.pcb.ub.edu\/es\/biolatam-se-consolida-como-cita-de-referencia-en-el-circuito-mundial-de-cumbres-biotecnologicas\/","url":"https:\/\/www.pcb.ub.edu\/es\/biolatam-se-consolida-como-cita-de-referencia-en-el-circuito-mundial-de-cumbres-biotecnologicas\/","name":"Biolatam se consolida como cita de referencia en el circuito mundial de cumbres biotecnol\u00f3gicas - Parc Cient\u00edfic de Barcelona","isPartOf":{"@id":"https:\/\/www.pcb.ub.edu\/es\/#website"},"primaryImageOfPage":{"@id":"https:\/\/www.pcb.ub.edu\/es\/biolatam-se-consolida-como-cita-de-referencia-en-el-circuito-mundial-de-cumbres-biotecnologicas\/#primaryimage"},"image":{"@id":"https:\/\/www.pcb.ub.edu\/es\/biolatam-se-consolida-como-cita-de-referencia-en-el-circuito-mundial-de-cumbres-biotecnologicas\/#primaryimage"},"thumbnailUrl":"https:\/\/www.pcb.ub.edu\/wp-content\/uploads\/2015\/11\/16049215695fa928e12e467.jpeg","datePublished":"2015-11-22T23:00:00+00:00","dateModified":"2020-11-16T15:20:31+00:00","author":{"@id":"https:\/\/www.pcb.ub.edu\/es\/#\/schema\/person\/d13cab05cd0a75b17fddca8496481021"},"breadcrumb":{"@id":"https:\/\/www.pcb.ub.edu\/es\/biolatam-se-consolida-como-cita-de-referencia-en-el-circuito-mundial-de-cumbres-biotecnologicas\/#breadcrumb"},"inLanguage":"es","potentialAction":[{"@type":"ReadAction","target":["https:\/\/www.pcb.ub.edu\/es\/biolatam-se-consolida-como-cita-de-referencia-en-el-circuito-mundial-de-cumbres-biotecnologicas\/"]}]},{"@type":"ImageObject","inLanguage":"es","@id":"https:\/\/www.pcb.ub.edu\/es\/biolatam-se-consolida-como-cita-de-referencia-en-el-circuito-mundial-de-cumbres-biotecnologicas\/#primaryimage","url":"https:\/\/www.pcb.ub.edu\/wp-content\/uploads\/2015\/11\/16049215695fa928e12e467.jpeg","contentUrl":"https:\/\/www.pcb.ub.edu\/wp-content\/uploads\/2015\/11\/16049215695fa928e12e467.jpeg","width":600,"height":364},{"@type":"BreadcrumbList","@id":"https:\/\/www.pcb.ub.edu\/es\/biolatam-se-consolida-como-cita-de-referencia-en-el-circuito-mundial-de-cumbres-biotecnologicas\/#breadcrumb","itemListElement":[{"@type":"ListItem","position":1,"name":"Home","item":"https:\/\/www.pcb.ub.edu\/es\/"},{"@type":"ListItem","position":2,"name":"Biolatam se consolida como cita de referencia en el circuito mundial de cumbres biotecnol\u00f3gicas"}]},{"@type":"WebSite","@id":"https:\/\/www.pcb.ub.edu\/es\/#website","url":"https:\/\/www.pcb.ub.edu\/es\/","name":"Parc Cient\u00edfic de Barcelona","description":"Universitat de Barcelona","potentialAction":[{"@type":"SearchAction","target":{"@type":"EntryPoint","urlTemplate":"https:\/\/www.pcb.ub.edu\/es\/?s={search_term_string}"},"query-input":{"@type":"PropertyValueSpecification","valueRequired":true,"valueName":"search_term_string"}}],"inLanguage":"es"},{"@type":"Person","@id":"https:\/\/www.pcb.ub.edu\/es\/#\/schema\/person\/d13cab05cd0a75b17fddca8496481021","name":"adminpcb","image":{"@type":"ImageObject","inLanguage":"es","@id":"https:\/\/secure.gravatar.com\/avatar\/41ad0fab4bb3bf5348b0af9612159cfd93173a57bbca98fecb50fa6f3ab97d28?s=96&d=mm&r=g","url":"https:\/\/secure.gravatar.com\/avatar\/41ad0fab4bb3bf5348b0af9612159cfd93173a57bbca98fecb50fa6f3ab97d28?s=96&d=mm&r=g","contentUrl":"https:\/\/secure.gravatar.com\/avatar\/41ad0fab4bb3bf5348b0af9612159cfd93173a57bbca98fecb50fa6f3ab97d28?s=96&d=mm&r=g","caption":"adminpcb"},"url":"https:\/\/www.pcb.ub.edu\/es\/author\/adminpcb\/"}]}},"_links":{"self":[{"href":"https:\/\/www.pcb.ub.edu\/es\/wp-json\/wp\/v2\/posts\/38547","targetHints":{"allow":["GET"]}}],"collection":[{"href":"https:\/\/www.pcb.ub.edu\/es\/wp-json\/wp\/v2\/posts"}],"about":[{"href":"https:\/\/www.pcb.ub.edu\/es\/wp-json\/wp\/v2\/types\/post"}],"author":[{"embeddable":true,"href":"https:\/\/www.pcb.ub.edu\/es\/wp-json\/wp\/v2\/users\/1"}],"replies":[{"embeddable":true,"href":"https:\/\/www.pcb.ub.edu\/es\/wp-json\/wp\/v2\/comments?post=38547"}],"version-history":[{"count":1,"href":"https:\/\/www.pcb.ub.edu\/es\/wp-json\/wp\/v2\/posts\/38547\/revisions"}],"predecessor-version":[{"id":44670,"href":"https:\/\/www.pcb.ub.edu\/es\/wp-json\/wp\/v2\/posts\/38547\/revisions\/44670"}],"wp:featuredmedia":[{"embeddable":true,"href":"https:\/\/www.pcb.ub.edu\/es\/wp-json\/wp\/v2\/media\/24699"}],"wp:attachment":[{"href":"https:\/\/www.pcb.ub.edu\/es\/wp-json\/wp\/v2\/media?parent=38547"}],"wp:term":[{"taxonomy":"category","embeddable":true,"href":"https:\/\/www.pcb.ub.edu\/es\/wp-json\/wp\/v2\/categories?post=38547"},{"taxonomy":"post_tag","embeddable":true,"href":"https:\/\/www.pcb.ub.edu\/es\/wp-json\/wp\/v2\/tags?post=38547"}],"curies":[{"name":"wp","href":"https:\/\/api.w.org\/{rel}","templated":true}]}}