{"id":38505,"date":"2016-11-15T00:00:00","date_gmt":"2016-11-14T23:00:00","guid":{"rendered":"http:\/\/www.pcb.ub.edu\/\/alianza-entre-esteve-y-boehringer-ingelheim-para-prevenir-el-ictus-en-pacientes-con-fibrilacion-auricular\/"},"modified":"2016-11-15T00:00:00","modified_gmt":"2016-11-14T23:00:00","slug":"alianza-entre-esteve-y-boehringer-ingelheim-para-prevenir-el-ictus-en-pacientes-con-fibrilacion-auricular","status":"publish","type":"post","link":"https:\/\/www.pcb.ub.edu\/es\/alianza-entre-esteve-y-boehringer-ingelheim-para-prevenir-el-ictus-en-pacientes-con-fibrilacion-auricular\/","title":{"rendered":"Alianza entre Esteve y Boehringer Ingelheim para prevenir el ictus en pacientes con fibrilaci\u00f3n auricular"},"content":{"rendered":"<p>Cada a\u00f1o, entre 120.000 y 130.000 personas sufren un ictus en Espa\u00f1a, y 800.000 personas est\u00e1n anticoagualadas para prevenirlo.\u00a0Boehringer Ingelheim y Esteve trabajar\u00e1n conjuntamente en la promoci\u00f3n simult\u00e1nea de dos tratamientos con el \u00fanico anticoagulante oral de acci\u00f3n directa que dispone de un agente de reversi\u00f3n de acci\u00f3n inmediata, con objeto de ayudar a los pacientes con fibrilaci\u00f3n auricular no valvular en la prevenci\u00f3n del ictus.\u00a0<\/p>\n<p>Esta es la segunda alianza que sellan ambas farmac\u00e9uticas, despu\u00e9s que el pasado m\u00e1s de abril firmasen un acuerdo de<em> co-branding<\/em> con el objetivo de facilitar terapias innovadoras para el tratamiento de la Enfermedad Pulmonar Obstructiva Cr\u00f3nica (EPOC).<\/p>\n<p>En palabras del director general de Esteve Farma, Joseph Sullivan, \u00abLa confianza de Boehringer Ingelheim depositada de nuevo en nuestra compa\u00f1\u00eda nos ayuda a seguir afianzando una amplia gama de soluciones que ayuden los profesionales a un mejor manejo de problemas de los pacientes no resueltos adecuadamente\u00bb.\u00a0<\/p>\n<p>Seg\u00fan Timmo Andersen, director general de Boehringer Ingelheim Espa\u00f1a, \u00abEste acuerdo representa un reto colectivo y otra demostraci\u00f3n de innovaci\u00f3n, compromiso y valor por parte de ambas compa\u00f1\u00edas, siempre pensando en el beneficio que esto representa para los pacientes con enfermedades cardiovasculares\u00bb.<\/p>\n<p>\u00a0<\/p>\n","protected":false},"excerpt":{"rendered":"<p><a href=\"http:\/\/www.esteve.es\/EsteveFront\/EST.do\" target=\"_blank\" rel=\"noopener noreferrer\">Esteve<\/a> y<a href=\"https:\/\/www.boehringer-ingelheim.es\/\" target=\"_blank\" rel=\"noopener noreferrer\"> Boehringer Ingelheim<\/a> han firmado un acuerdo para trabajar conjuntamente en la promoci\u00f3n de dos tratamientos de la farmac\u00e9utica alemana para pacientes con fibrilaci\u00f3n auricular no valvular (FANV) con riesgo de sufrir ictus. Con este acuerdo Esteve \u2013que tiene ubicadas desde el a\u00f1o 2012 las<a href=\"http:\/\/www.pcb.ub.edu\/portal\/es\/cerca?p_p_id=cercador_WAR_empleatsempresesportlet&amp;p_p_lifecycle=0&amp;p_p_state=maximized&amp;p_p_mode=view&amp;p_p_col_id=column-1&amp;p_p_col_count=1&amp;_cercador_WAR_empleatsempresesportlet_jspPage=%2Fhtml%2Fcommon%2Fdetall-empresa.jsp&amp;_cercador_WAR_empleatsempresesportlet_empresaId=ENT_000136&amp;_cercador_WAR_empleatsempresesportlet_redirect=%2Fportal%2Fca%2Fcerca%3Fp_p_id%3Dcercador_WAR_empleatsempresesportlet%26p_p_lifecycle%3D0%26p_p_mode%3Dview%26_cercador_WAR_empleatsempresesportlet_keywords%3Desteve%26_cercador_WAR_empleatsempresesportlet_tab%3D1\" target=\"_blank\" rel=\"noopener noreferrer\"> Unidades de descubrimiento y desarrollo precl\u00ednico de nuevos medicamentos en el PCB<\/a> \u2013 reafirma su apuesta por la innovaci\u00f3n colaborativa para aportar soluciones a necesidades m\u00e9dicas no cubiertas en enfermedades de elevado impacto social.<\/p>\n<p>\u00a0<\/p>\n","protected":false},"author":1,"featured_media":24534,"comment_status":"closed","ping_status":"open","sticky":false,"template":"","format":"standard","meta":{"_acf_changed":false,"inline_featured_image":false,"footnotes":""},"categories":[],"tags":[],"class_list":["post-38505","post","type-post","status-publish","format-standard","has-post-thumbnail"],"acf":[],"yoast_head":"<!-- This site is optimized with the Yoast SEO plugin v27.3 - https:\/\/yoast.com\/product\/yoast-seo-wordpress\/ -->\n<title>Alianza entre Esteve y Boehringer Ingelheim para prevenir el ictus en pacientes con fibrilaci\u00f3n auricular - Parc Cient\u00edfic de Barcelona<\/title>\n<meta name=\"robots\" content=\"index, follow, max-snippet:-1, max-image-preview:large, max-video-preview:-1\" \/>\n<link rel=\"canonical\" href=\"https:\/\/www.pcb.ub.edu\/es\/alianza-entre-esteve-y-boehringer-ingelheim-para-prevenir-el-ictus-en-pacientes-con-fibrilacion-auricular\/\" \/>\n<meta property=\"og:locale\" content=\"es_ES\" \/>\n<meta property=\"og:type\" content=\"article\" \/>\n<meta property=\"og:title\" content=\"Alianza entre Esteve y Boehringer Ingelheim para prevenir el ictus en pacientes con fibrilaci\u00f3n auricular - Parc Cient\u00edfic de Barcelona\" \/>\n<meta property=\"og:description\" content=\"Esteve y Boehringer Ingelheim han firmado un acuerdo para trabajar conjuntamente en la promoci\u00f3n de dos tratamientos de la farmac\u00e9utica alemana para pacientes con fibrilaci\u00f3n auricular no valvular (FANV) con riesgo de sufrir ictus. Con este acuerdo Esteve \u2013que tiene ubicadas desde el a\u00f1o 2012 las Unidades de descubrimiento y desarrollo precl\u00ednico de nuevos medicamentos en el PCB \u2013 reafirma su apuesta por la innovaci\u00f3n colaborativa para aportar soluciones a necesidades m\u00e9dicas no cubiertas en enfermedades de elevado impacto social. \u00a0\" \/>\n<meta property=\"og:url\" content=\"https:\/\/www.pcb.ub.edu\/es\/alianza-entre-esteve-y-boehringer-ingelheim-para-prevenir-el-ictus-en-pacientes-con-fibrilacion-auricular\/\" \/>\n<meta property=\"og:site_name\" content=\"Parc Cient\u00edfic de Barcelona\" \/>\n<meta property=\"article:published_time\" content=\"2016-11-14T23:00:00+00:00\" \/>\n<meta property=\"og:image\" content=\"https:\/\/www.pcb.ub.edu\/wp-content\/uploads\/2016\/11\/16049214955fa92897ae60f.jpeg\" \/>\n\t<meta property=\"og:image:width\" content=\"800\" \/>\n\t<meta property=\"og:image:height\" content=\"436\" \/>\n\t<meta property=\"og:image:type\" content=\"image\/jpeg\" \/>\n<meta name=\"author\" content=\"adminpcb\" \/>\n<meta name=\"twitter:card\" content=\"summary_large_image\" \/>\n<meta name=\"twitter:label1\" content=\"Escrito por\" \/>\n\t<meta name=\"twitter:data1\" content=\"adminpcb\" \/>\n\t<meta name=\"twitter:label2\" content=\"Tiempo de lectura\" \/>\n\t<meta name=\"twitter:data2\" content=\"1 minuto\" \/>\n<script type=\"application\/ld+json\" class=\"yoast-schema-graph\">{\"@context\":\"https:\\\/\\\/schema.org\",\"@graph\":[{\"@type\":\"Article\",\"@id\":\"https:\\\/\\\/www.pcb.ub.edu\\\/es\\\/alianza-entre-esteve-y-boehringer-ingelheim-para-prevenir-el-ictus-en-pacientes-con-fibrilacion-auricular\\\/#article\",\"isPartOf\":{\"@id\":\"https:\\\/\\\/www.pcb.ub.edu\\\/es\\\/alianza-entre-esteve-y-boehringer-ingelheim-para-prevenir-el-ictus-en-pacientes-con-fibrilacion-auricular\\\/\"},\"author\":{\"name\":\"adminpcb\",\"@id\":\"https:\\\/\\\/www.pcb.ub.edu\\\/es\\\/#\\\/schema\\\/person\\\/d13cab05cd0a75b17fddca8496481021\"},\"headline\":\"Alianza entre Esteve y Boehringer Ingelheim para prevenir el ictus en pacientes con fibrilaci\u00f3n auricular\",\"datePublished\":\"2016-11-14T23:00:00+00:00\",\"mainEntityOfPage\":{\"@id\":\"https:\\\/\\\/www.pcb.ub.edu\\\/es\\\/alianza-entre-esteve-y-boehringer-ingelheim-para-prevenir-el-ictus-en-pacientes-con-fibrilacion-auricular\\\/\"},\"wordCount\":228,\"image\":{\"@id\":\"https:\\\/\\\/www.pcb.ub.edu\\\/es\\\/alianza-entre-esteve-y-boehringer-ingelheim-para-prevenir-el-ictus-en-pacientes-con-fibrilacion-auricular\\\/#primaryimage\"},\"thumbnailUrl\":\"https:\\\/\\\/www.pcb.ub.edu\\\/wp-content\\\/uploads\\\/2016\\\/11\\\/16049214955fa92897ae60f.jpeg\",\"inLanguage\":\"es\"},{\"@type\":\"WebPage\",\"@id\":\"https:\\\/\\\/www.pcb.ub.edu\\\/es\\\/alianza-entre-esteve-y-boehringer-ingelheim-para-prevenir-el-ictus-en-pacientes-con-fibrilacion-auricular\\\/\",\"url\":\"https:\\\/\\\/www.pcb.ub.edu\\\/es\\\/alianza-entre-esteve-y-boehringer-ingelheim-para-prevenir-el-ictus-en-pacientes-con-fibrilacion-auricular\\\/\",\"name\":\"Alianza entre Esteve y Boehringer Ingelheim para prevenir el ictus en pacientes con fibrilaci\u00f3n auricular - Parc Cient\u00edfic de Barcelona\",\"isPartOf\":{\"@id\":\"https:\\\/\\\/www.pcb.ub.edu\\\/es\\\/#website\"},\"primaryImageOfPage\":{\"@id\":\"https:\\\/\\\/www.pcb.ub.edu\\\/es\\\/alianza-entre-esteve-y-boehringer-ingelheim-para-prevenir-el-ictus-en-pacientes-con-fibrilacion-auricular\\\/#primaryimage\"},\"image\":{\"@id\":\"https:\\\/\\\/www.pcb.ub.edu\\\/es\\\/alianza-entre-esteve-y-boehringer-ingelheim-para-prevenir-el-ictus-en-pacientes-con-fibrilacion-auricular\\\/#primaryimage\"},\"thumbnailUrl\":\"https:\\\/\\\/www.pcb.ub.edu\\\/wp-content\\\/uploads\\\/2016\\\/11\\\/16049214955fa92897ae60f.jpeg\",\"datePublished\":\"2016-11-14T23:00:00+00:00\",\"author\":{\"@id\":\"https:\\\/\\\/www.pcb.ub.edu\\\/es\\\/#\\\/schema\\\/person\\\/d13cab05cd0a75b17fddca8496481021\"},\"breadcrumb\":{\"@id\":\"https:\\\/\\\/www.pcb.ub.edu\\\/es\\\/alianza-entre-esteve-y-boehringer-ingelheim-para-prevenir-el-ictus-en-pacientes-con-fibrilacion-auricular\\\/#breadcrumb\"},\"inLanguage\":\"es\",\"potentialAction\":[{\"@type\":\"ReadAction\",\"target\":[\"https:\\\/\\\/www.pcb.ub.edu\\\/es\\\/alianza-entre-esteve-y-boehringer-ingelheim-para-prevenir-el-ictus-en-pacientes-con-fibrilacion-auricular\\\/\"]}]},{\"@type\":\"ImageObject\",\"inLanguage\":\"es\",\"@id\":\"https:\\\/\\\/www.pcb.ub.edu\\\/es\\\/alianza-entre-esteve-y-boehringer-ingelheim-para-prevenir-el-ictus-en-pacientes-con-fibrilacion-auricular\\\/#primaryimage\",\"url\":\"https:\\\/\\\/www.pcb.ub.edu\\\/wp-content\\\/uploads\\\/2016\\\/11\\\/16049214955fa92897ae60f.jpeg\",\"contentUrl\":\"https:\\\/\\\/www.pcb.ub.edu\\\/wp-content\\\/uploads\\\/2016\\\/11\\\/16049214955fa92897ae60f.jpeg\",\"width\":800,\"height\":436},{\"@type\":\"BreadcrumbList\",\"@id\":\"https:\\\/\\\/www.pcb.ub.edu\\\/es\\\/alianza-entre-esteve-y-boehringer-ingelheim-para-prevenir-el-ictus-en-pacientes-con-fibrilacion-auricular\\\/#breadcrumb\",\"itemListElement\":[{\"@type\":\"ListItem\",\"position\":1,\"name\":\"Home\",\"item\":\"https:\\\/\\\/www.pcb.ub.edu\\\/es\\\/\"},{\"@type\":\"ListItem\",\"position\":2,\"name\":\"Alianza entre Esteve y Boehringer Ingelheim para prevenir el ictus en pacientes con fibrilaci\u00f3n auricular\"}]},{\"@type\":\"WebSite\",\"@id\":\"https:\\\/\\\/www.pcb.ub.edu\\\/es\\\/#website\",\"url\":\"https:\\\/\\\/www.pcb.ub.edu\\\/es\\\/\",\"name\":\"Parc Cient\u00edfic de Barcelona\",\"description\":\"Universitat de Barcelona\",\"potentialAction\":[{\"@type\":\"SearchAction\",\"target\":{\"@type\":\"EntryPoint\",\"urlTemplate\":\"https:\\\/\\\/www.pcb.ub.edu\\\/es\\\/?s={search_term_string}\"},\"query-input\":{\"@type\":\"PropertyValueSpecification\",\"valueRequired\":true,\"valueName\":\"search_term_string\"}}],\"inLanguage\":\"es\"},{\"@type\":\"Person\",\"@id\":\"https:\\\/\\\/www.pcb.ub.edu\\\/es\\\/#\\\/schema\\\/person\\\/d13cab05cd0a75b17fddca8496481021\",\"name\":\"adminpcb\",\"image\":{\"@type\":\"ImageObject\",\"inLanguage\":\"es\",\"@id\":\"https:\\\/\\\/secure.gravatar.com\\\/avatar\\\/41ad0fab4bb3bf5348b0af9612159cfd93173a57bbca98fecb50fa6f3ab97d28?s=96&d=mm&r=g\",\"url\":\"https:\\\/\\\/secure.gravatar.com\\\/avatar\\\/41ad0fab4bb3bf5348b0af9612159cfd93173a57bbca98fecb50fa6f3ab97d28?s=96&d=mm&r=g\",\"contentUrl\":\"https:\\\/\\\/secure.gravatar.com\\\/avatar\\\/41ad0fab4bb3bf5348b0af9612159cfd93173a57bbca98fecb50fa6f3ab97d28?s=96&d=mm&r=g\",\"caption\":\"adminpcb\"},\"url\":\"https:\\\/\\\/www.pcb.ub.edu\\\/es\\\/author\\\/adminpcb\\\/\"}]}<\/script>\n<!-- \/ Yoast SEO plugin. -->","yoast_head_json":{"title":"Alianza entre Esteve y Boehringer Ingelheim para prevenir el ictus en pacientes con fibrilaci\u00f3n auricular - Parc Cient\u00edfic de Barcelona","robots":{"index":"index","follow":"follow","max-snippet":"max-snippet:-1","max-image-preview":"max-image-preview:large","max-video-preview":"max-video-preview:-1"},"canonical":"https:\/\/www.pcb.ub.edu\/es\/alianza-entre-esteve-y-boehringer-ingelheim-para-prevenir-el-ictus-en-pacientes-con-fibrilacion-auricular\/","og_locale":"es_ES","og_type":"article","og_title":"Alianza entre Esteve y Boehringer Ingelheim para prevenir el ictus en pacientes con fibrilaci\u00f3n auricular - Parc Cient\u00edfic de Barcelona","og_description":"Esteve y Boehringer Ingelheim han firmado un acuerdo para trabajar conjuntamente en la promoci\u00f3n de dos tratamientos de la farmac\u00e9utica alemana para pacientes con fibrilaci\u00f3n auricular no valvular (FANV) con riesgo de sufrir ictus. Con este acuerdo Esteve \u2013que tiene ubicadas desde el a\u00f1o 2012 las Unidades de descubrimiento y desarrollo precl\u00ednico de nuevos medicamentos en el PCB \u2013 reafirma su apuesta por la innovaci\u00f3n colaborativa para aportar soluciones a necesidades m\u00e9dicas no cubiertas en enfermedades de elevado impacto social. \u00a0","og_url":"https:\/\/www.pcb.ub.edu\/es\/alianza-entre-esteve-y-boehringer-ingelheim-para-prevenir-el-ictus-en-pacientes-con-fibrilacion-auricular\/","og_site_name":"Parc Cient\u00edfic de Barcelona","article_published_time":"2016-11-14T23:00:00+00:00","og_image":[{"width":800,"height":436,"url":"https:\/\/www.pcb.ub.edu\/wp-content\/uploads\/2016\/11\/16049214955fa92897ae60f.jpeg","type":"image\/jpeg"}],"author":"adminpcb","twitter_card":"summary_large_image","twitter_misc":{"Escrito por":"adminpcb","Tiempo de lectura":"1 minuto"},"schema":{"@context":"https:\/\/schema.org","@graph":[{"@type":"Article","@id":"https:\/\/www.pcb.ub.edu\/es\/alianza-entre-esteve-y-boehringer-ingelheim-para-prevenir-el-ictus-en-pacientes-con-fibrilacion-auricular\/#article","isPartOf":{"@id":"https:\/\/www.pcb.ub.edu\/es\/alianza-entre-esteve-y-boehringer-ingelheim-para-prevenir-el-ictus-en-pacientes-con-fibrilacion-auricular\/"},"author":{"name":"adminpcb","@id":"https:\/\/www.pcb.ub.edu\/es\/#\/schema\/person\/d13cab05cd0a75b17fddca8496481021"},"headline":"Alianza entre Esteve y Boehringer Ingelheim para prevenir el ictus en pacientes con fibrilaci\u00f3n auricular","datePublished":"2016-11-14T23:00:00+00:00","mainEntityOfPage":{"@id":"https:\/\/www.pcb.ub.edu\/es\/alianza-entre-esteve-y-boehringer-ingelheim-para-prevenir-el-ictus-en-pacientes-con-fibrilacion-auricular\/"},"wordCount":228,"image":{"@id":"https:\/\/www.pcb.ub.edu\/es\/alianza-entre-esteve-y-boehringer-ingelheim-para-prevenir-el-ictus-en-pacientes-con-fibrilacion-auricular\/#primaryimage"},"thumbnailUrl":"https:\/\/www.pcb.ub.edu\/wp-content\/uploads\/2016\/11\/16049214955fa92897ae60f.jpeg","inLanguage":"es"},{"@type":"WebPage","@id":"https:\/\/www.pcb.ub.edu\/es\/alianza-entre-esteve-y-boehringer-ingelheim-para-prevenir-el-ictus-en-pacientes-con-fibrilacion-auricular\/","url":"https:\/\/www.pcb.ub.edu\/es\/alianza-entre-esteve-y-boehringer-ingelheim-para-prevenir-el-ictus-en-pacientes-con-fibrilacion-auricular\/","name":"Alianza entre Esteve y Boehringer Ingelheim para prevenir el ictus en pacientes con fibrilaci\u00f3n auricular - Parc Cient\u00edfic de Barcelona","isPartOf":{"@id":"https:\/\/www.pcb.ub.edu\/es\/#website"},"primaryImageOfPage":{"@id":"https:\/\/www.pcb.ub.edu\/es\/alianza-entre-esteve-y-boehringer-ingelheim-para-prevenir-el-ictus-en-pacientes-con-fibrilacion-auricular\/#primaryimage"},"image":{"@id":"https:\/\/www.pcb.ub.edu\/es\/alianza-entre-esteve-y-boehringer-ingelheim-para-prevenir-el-ictus-en-pacientes-con-fibrilacion-auricular\/#primaryimage"},"thumbnailUrl":"https:\/\/www.pcb.ub.edu\/wp-content\/uploads\/2016\/11\/16049214955fa92897ae60f.jpeg","datePublished":"2016-11-14T23:00:00+00:00","author":{"@id":"https:\/\/www.pcb.ub.edu\/es\/#\/schema\/person\/d13cab05cd0a75b17fddca8496481021"},"breadcrumb":{"@id":"https:\/\/www.pcb.ub.edu\/es\/alianza-entre-esteve-y-boehringer-ingelheim-para-prevenir-el-ictus-en-pacientes-con-fibrilacion-auricular\/#breadcrumb"},"inLanguage":"es","potentialAction":[{"@type":"ReadAction","target":["https:\/\/www.pcb.ub.edu\/es\/alianza-entre-esteve-y-boehringer-ingelheim-para-prevenir-el-ictus-en-pacientes-con-fibrilacion-auricular\/"]}]},{"@type":"ImageObject","inLanguage":"es","@id":"https:\/\/www.pcb.ub.edu\/es\/alianza-entre-esteve-y-boehringer-ingelheim-para-prevenir-el-ictus-en-pacientes-con-fibrilacion-auricular\/#primaryimage","url":"https:\/\/www.pcb.ub.edu\/wp-content\/uploads\/2016\/11\/16049214955fa92897ae60f.jpeg","contentUrl":"https:\/\/www.pcb.ub.edu\/wp-content\/uploads\/2016\/11\/16049214955fa92897ae60f.jpeg","width":800,"height":436},{"@type":"BreadcrumbList","@id":"https:\/\/www.pcb.ub.edu\/es\/alianza-entre-esteve-y-boehringer-ingelheim-para-prevenir-el-ictus-en-pacientes-con-fibrilacion-auricular\/#breadcrumb","itemListElement":[{"@type":"ListItem","position":1,"name":"Home","item":"https:\/\/www.pcb.ub.edu\/es\/"},{"@type":"ListItem","position":2,"name":"Alianza entre Esteve y Boehringer Ingelheim para prevenir el ictus en pacientes con fibrilaci\u00f3n auricular"}]},{"@type":"WebSite","@id":"https:\/\/www.pcb.ub.edu\/es\/#website","url":"https:\/\/www.pcb.ub.edu\/es\/","name":"Parc Cient\u00edfic de Barcelona","description":"Universitat de Barcelona","potentialAction":[{"@type":"SearchAction","target":{"@type":"EntryPoint","urlTemplate":"https:\/\/www.pcb.ub.edu\/es\/?s={search_term_string}"},"query-input":{"@type":"PropertyValueSpecification","valueRequired":true,"valueName":"search_term_string"}}],"inLanguage":"es"},{"@type":"Person","@id":"https:\/\/www.pcb.ub.edu\/es\/#\/schema\/person\/d13cab05cd0a75b17fddca8496481021","name":"adminpcb","image":{"@type":"ImageObject","inLanguage":"es","@id":"https:\/\/secure.gravatar.com\/avatar\/41ad0fab4bb3bf5348b0af9612159cfd93173a57bbca98fecb50fa6f3ab97d28?s=96&d=mm&r=g","url":"https:\/\/secure.gravatar.com\/avatar\/41ad0fab4bb3bf5348b0af9612159cfd93173a57bbca98fecb50fa6f3ab97d28?s=96&d=mm&r=g","contentUrl":"https:\/\/secure.gravatar.com\/avatar\/41ad0fab4bb3bf5348b0af9612159cfd93173a57bbca98fecb50fa6f3ab97d28?s=96&d=mm&r=g","caption":"adminpcb"},"url":"https:\/\/www.pcb.ub.edu\/es\/author\/adminpcb\/"}]}},"_links":{"self":[{"href":"https:\/\/www.pcb.ub.edu\/es\/wp-json\/wp\/v2\/posts\/38505","targetHints":{"allow":["GET"]}}],"collection":[{"href":"https:\/\/www.pcb.ub.edu\/es\/wp-json\/wp\/v2\/posts"}],"about":[{"href":"https:\/\/www.pcb.ub.edu\/es\/wp-json\/wp\/v2\/types\/post"}],"author":[{"embeddable":true,"href":"https:\/\/www.pcb.ub.edu\/es\/wp-json\/wp\/v2\/users\/1"}],"replies":[{"embeddable":true,"href":"https:\/\/www.pcb.ub.edu\/es\/wp-json\/wp\/v2\/comments?post=38505"}],"version-history":[{"count":0,"href":"https:\/\/www.pcb.ub.edu\/es\/wp-json\/wp\/v2\/posts\/38505\/revisions"}],"wp:featuredmedia":[{"embeddable":true,"href":"https:\/\/www.pcb.ub.edu\/es\/wp-json\/wp\/v2\/media\/24534"}],"wp:attachment":[{"href":"https:\/\/www.pcb.ub.edu\/es\/wp-json\/wp\/v2\/media?parent=38505"}],"wp:term":[{"taxonomy":"category","embeddable":true,"href":"https:\/\/www.pcb.ub.edu\/es\/wp-json\/wp\/v2\/categories?post=38505"},{"taxonomy":"post_tag","embeddable":true,"href":"https:\/\/www.pcb.ub.edu\/es\/wp-json\/wp\/v2\/tags?post=38505"}],"curies":[{"name":"wp","href":"https:\/\/api.w.org\/{rel}","templated":true}]}}